{"id":10016,"date":"2016-09-25T18:17:20","date_gmt":"2016-09-25T16:17:20","guid":{"rendered":"http:\/\/enricomaciasloriental.fr\/WordPress\/?p=10016"},"modified":"2016-09-25T18:18:16","modified_gmt":"2016-09-25T16:18:16","slug":"les-amis-de-georges","status":"publish","type":"post","link":"https:\/\/enricomaciasloriental.fr\/WordPress\/les-amis-de-georges\/","title":{"rendered":"Les amis de Georges"},"content":{"rendered":"<p><a href=\"https:\/\/enricomaciasloriental.fr\/WordPress\/wp-content\/uploads\/\/2016\/09\/hommage-brassens.jpg\"><img fetchpriority=\"high\" decoding=\"async\" class=\"alignleft wp-image-10017\" src=\"https:\/\/enricomaciasloriental.fr\/WordPress\/wp-content\/uploads\/\/2016\/09\/hommage-brassens-683x1024.jpg\" alt=\"hommage-brassens\" width=\"500\" height=\"750\" srcset=\"https:\/\/enricomaciasloriental.fr\/WordPress\/wp-content\/uploads\/2016\/09\/hommage-brassens-683x1024.jpg 683w, https:\/\/enricomaciasloriental.fr\/WordPress\/wp-content\/uploads\/2016\/09\/hommage-brassens-200x300.jpg 200w, https:\/\/enricomaciasloriental.fr\/WordPress\/wp-content\/uploads\/2016\/09\/hommage-brassens-768x1152.jpg 768w, https:\/\/enricomaciasloriental.fr\/WordPress\/wp-content\/uploads\/2016\/09\/hommage-brassens.jpg 1000w\" sizes=\"(max-width: 500px) 100vw, 500px\" \/><\/a><\/p>\n<p><em>De notre envoy\u00e9e sp\u00e9ciale Muriel M<\/em><\/p>\n<p>&nbsp;<\/p>\n<p>En ce dimanche\u00a0apr\u00e8s-midi, dans la salle feutr\u00e9e de la Grande Com\u00e9die \u00e0 Paris IX\u00e8me, Enrico est venu \u00e0 la rencontre des amis de Georges (Brassens). Apr\u00e8s diff\u00e9rents artistes, Jo\u00ebl Favreau, Pauline Dupuy, Yves Uzureau et Angelina Wismes, qui ont essentiellement revisit\u00e9 les chansons de ce grand artiste intemporel, Enrico, accompagn\u00e9 par son complice Bruno Bongarcon,\u00a0nous a interpr\u00e9t\u00e9 quelques uns de ses grands classiques que le public \u00ab\u00a0brassensien\u00a0\u00bb a repris en ch\u0153ur :<br \/>\n&#8211; Enfants de tous pays<br \/>\n&#8211; Paris, tu m&rsquo;as pris dans tes bras<br \/>\n&#8211; Les gens du Nord<br \/>\n&#8211; Les filles de mon pays<br \/>\n&#8211; L&rsquo;oriental<br \/>\nPuis, entour\u00e9 par l&rsquo;ensemble des artistes, il nous a\u00a0enchant\u00e9 avec l&rsquo;incontournable \u00ab\u00a0Chanson pour l&rsquo;Auvergnat\u00a0\u00bb, qui est aussi pour lui un classique et qu&rsquo;il aurait tout aussi bien pu \u00e9crire et composer tant elle lui colle \u00e0 la peau.<\/p>\n<p>Ce f\u00fbt un moment d&rsquo;intense bonheur, autant pour moi que pour l&rsquo;ensemble du public venu pour se souvenir de ce grand homme que f\u00fbt Monsieur Brassens et lui rendre hommage lors de ce 10\u00e8me gala en son honneur.<\/p>\n<p>&nbsp;<\/p>\n<p>&nbsp;<\/p>\n","protected":false},"excerpt":{"rendered":"<p>De notre envoy\u00e9e sp\u00e9ciale Muriel M &nbsp; En ce dimanche\u00a0apr\u00e8s-midi, dans la salle feutr\u00e9e de la Grande Com\u00e9die \u00e0 Paris IX\u00e8me, Enrico est venu \u00e0 la rencontre des amis de Georges (Brassens). Apr\u00e8s diff\u00e9rents artistes, Jo\u00ebl Favreau, Pauline Dupuy, Yves &hellip;<\/p>\n<p class=\"read-more\"> <a class=\"more-link\" href=\"https:\/\/enricomaciasloriental.fr\/WordPress\/les-amis-de-georges\/\"> <span class=\"screen-reader-text\">Les amis de Georges<\/span> Read More &raquo;<\/a><\/p>\n","protected":false},"author":36,"featured_media":0,"comment_status":"open","ping_status":"open","sticky":false,"template":"","format":"standard","meta":{"footnotes":""},"categories":[1],"tags":[],"class_list":["post-10016","post","type-post","status-publish","format-standard","hentry","category-actualites"],"yoast_head":"<!-- This site is optimized with the Yoast SEO plugin v27.4 - https:\/\/yoast.com\/product\/yoast-seo-wordpress\/ -->\n<title>Les amis de Georges - ENRICO MACIAS L&#039;Oriental<\/title>\n<meta name=\"robots\" content=\"index, follow, max-snippet:-1, max-image-preview:large, max-video-preview:-1\" \/>\n<link rel=\"canonical\" href=\"https:\/\/enricomaciasloriental.fr\/WordPress\/les-amis-de-georges\/\" \/>\n<meta property=\"og:locale\" content=\"fr_FR\" \/>\n<meta property=\"og:type\" content=\"article\" \/>\n<meta property=\"og:title\" content=\"Les amis de Georges - ENRICO MACIAS L&#039;Oriental\" \/>\n<meta property=\"og:description\" content=\"De notre envoy\u00e9e sp\u00e9ciale Muriel M &nbsp; En ce dimanche\u00a0apr\u00e8s-midi, dans la salle feutr\u00e9e de la Grande Com\u00e9die \u00e0 Paris IX\u00e8me, Enrico est venu \u00e0 la rencontre des amis de Georges (Brassens). Apr\u00e8s diff\u00e9rents artistes, Jo\u00ebl Favreau, Pauline Dupuy, Yves &hellip; Les amis de Georges Read More &raquo;\" \/>\n<meta property=\"og:url\" content=\"https:\/\/enricomaciasloriental.fr\/WordPress\/les-amis-de-georges\/\" \/>\n<meta property=\"og:site_name\" content=\"ENRICO MACIAS L&#039;Oriental\" \/>\n<meta property=\"article:published_time\" content=\"2016-09-25T16:17:20+00:00\" \/>\n<meta property=\"article:modified_time\" content=\"2016-09-25T16:18:16+00:00\" \/>\n<meta property=\"og:image\" content=\"http:\/\/enricomaciasloriental.fr\/WordPress\/wp-content\/uploads\/\/2016\/09\/hommage-brassens-683x1024.jpg\" \/>\n<meta name=\"author\" content=\"Loriental\" \/>\n<meta name=\"twitter:card\" content=\"summary_large_image\" \/>\n<meta name=\"twitter:label1\" content=\"\u00c9crit par\" \/>\n\t<meta name=\"twitter:data1\" content=\"Loriental\" \/>\n\t<meta name=\"twitter:label2\" content=\"Dur\u00e9e de lecture estim\u00e9e\" \/>\n\t<meta name=\"twitter:data2\" content=\"1 minute\" \/>\n<script type=\"application\/ld+json\" class=\"yoast-schema-graph\">{\"@context\":\"https:\\\/\\\/schema.org\",\"@graph\":[{\"@type\":\"Article\",\"@id\":\"https:\\\/\\\/enricomaciasloriental.fr\\\/WordPress\\\/les-amis-de-georges\\\/#article\",\"isPartOf\":{\"@id\":\"https:\\\/\\\/enricomaciasloriental.fr\\\/WordPress\\\/les-amis-de-georges\\\/\"},\"author\":{\"name\":\"Loriental\",\"@id\":\"https:\\\/\\\/enricomaciasloriental.fr\\\/WordPress\\\/#\\\/schema\\\/person\\\/53fba112c6f4f0b335578890a816262e\"},\"headline\":\"Les amis de Georges\",\"datePublished\":\"2016-09-25T16:17:20+00:00\",\"dateModified\":\"2016-09-25T16:18:16+00:00\",\"mainEntityOfPage\":{\"@id\":\"https:\\\/\\\/enricomaciasloriental.fr\\\/WordPress\\\/les-amis-de-georges\\\/\"},\"wordCount\":207,\"commentCount\":0,\"publisher\":{\"@id\":\"https:\\\/\\\/enricomaciasloriental.fr\\\/WordPress\\\/#\\\/schema\\\/person\\\/53fba112c6f4f0b335578890a816262e\"},\"image\":{\"@id\":\"https:\\\/\\\/enricomaciasloriental.fr\\\/WordPress\\\/les-amis-de-georges\\\/#primaryimage\"},\"thumbnailUrl\":\"http:\\\/\\\/enricomaciasloriental.fr\\\/WordPress\\\/wp-content\\\/uploads\\\/\\\/2016\\\/09\\\/hommage-brassens-683x1024.jpg\",\"articleSection\":[\"Actualit\u00e9s\"],\"inLanguage\":\"fr-FR\",\"potentialAction\":[{\"@type\":\"CommentAction\",\"name\":\"Comment\",\"target\":[\"https:\\\/\\\/enricomaciasloriental.fr\\\/WordPress\\\/les-amis-de-georges\\\/#respond\"]}]},{\"@type\":\"WebPage\",\"@id\":\"https:\\\/\\\/enricomaciasloriental.fr\\\/WordPress\\\/les-amis-de-georges\\\/\",\"url\":\"https:\\\/\\\/enricomaciasloriental.fr\\\/WordPress\\\/les-amis-de-georges\\\/\",\"name\":\"Les amis de Georges - ENRICO MACIAS L&#039;Oriental\",\"isPartOf\":{\"@id\":\"https:\\\/\\\/enricomaciasloriental.fr\\\/WordPress\\\/#website\"},\"primaryImageOfPage\":{\"@id\":\"https:\\\/\\\/enricomaciasloriental.fr\\\/WordPress\\\/les-amis-de-georges\\\/#primaryimage\"},\"image\":{\"@id\":\"https:\\\/\\\/enricomaciasloriental.fr\\\/WordPress\\\/les-amis-de-georges\\\/#primaryimage\"},\"thumbnailUrl\":\"http:\\\/\\\/enricomaciasloriental.fr\\\/WordPress\\\/wp-content\\\/uploads\\\/\\\/2016\\\/09\\\/hommage-brassens-683x1024.jpg\",\"datePublished\":\"2016-09-25T16:17:20+00:00\",\"dateModified\":\"2016-09-25T16:18:16+00:00\",\"breadcrumb\":{\"@id\":\"https:\\\/\\\/enricomaciasloriental.fr\\\/WordPress\\\/les-amis-de-georges\\\/#breadcrumb\"},\"inLanguage\":\"fr-FR\",\"potentialAction\":[{\"@type\":\"ReadAction\",\"target\":[\"https:\\\/\\\/enricomaciasloriental.fr\\\/WordPress\\\/les-amis-de-georges\\\/\"]}]},{\"@type\":\"ImageObject\",\"inLanguage\":\"fr-FR\",\"@id\":\"https:\\\/\\\/enricomaciasloriental.fr\\\/WordPress\\\/les-amis-de-georges\\\/#primaryimage\",\"url\":\"https:\\\/\\\/enricomaciasloriental.fr\\\/WordPress\\\/wp-content\\\/uploads\\\/\\\/2016\\\/09\\\/hommage-brassens.jpg\",\"contentUrl\":\"https:\\\/\\\/enricomaciasloriental.fr\\\/WordPress\\\/wp-content\\\/uploads\\\/\\\/2016\\\/09\\\/hommage-brassens.jpg\",\"width\":1000,\"height\":1500},{\"@type\":\"BreadcrumbList\",\"@id\":\"https:\\\/\\\/enricomaciasloriental.fr\\\/WordPress\\\/les-amis-de-georges\\\/#breadcrumb\",\"itemListElement\":[{\"@type\":\"ListItem\",\"position\":1,\"name\":\"Accueil\",\"item\":\"https:\\\/\\\/enricomaciasloriental.fr\\\/WordPress\\\/\"},{\"@type\":\"ListItem\",\"position\":2,\"name\":\"Les amis de Georges\"}]},{\"@type\":\"WebSite\",\"@id\":\"https:\\\/\\\/enricomaciasloriental.fr\\\/WordPress\\\/#website\",\"url\":\"https:\\\/\\\/enricomaciasloriental.fr\\\/WordPress\\\/\",\"name\":\"ENRICO MACIAS L'Oriental\",\"description\":\"IL EST COMME LE SOLEIL\",\"publisher\":{\"@id\":\"https:\\\/\\\/enricomaciasloriental.fr\\\/WordPress\\\/#\\\/schema\\\/person\\\/53fba112c6f4f0b335578890a816262e\"},\"potentialAction\":[{\"@type\":\"SearchAction\",\"target\":{\"@type\":\"EntryPoint\",\"urlTemplate\":\"https:\\\/\\\/enricomaciasloriental.fr\\\/WordPress\\\/?s={search_term_string}\"},\"query-input\":{\"@type\":\"PropertyValueSpecification\",\"valueRequired\":true,\"valueName\":\"search_term_string\"}}],\"inLanguage\":\"fr-FR\"},{\"@type\":[\"Person\",\"Organization\"],\"@id\":\"https:\\\/\\\/enricomaciasloriental.fr\\\/WordPress\\\/#\\\/schema\\\/person\\\/53fba112c6f4f0b335578890a816262e\",\"name\":\"Loriental\",\"image\":{\"@type\":\"ImageObject\",\"inLanguage\":\"fr-FR\",\"@id\":\"https:\\\/\\\/enricomaciasloriental.fr\\\/WordPress\\\/wp-content\\\/uploads\\\/\\\/2015\\\/02\\\/cropped-bannier_altaiir-enrico.jpg\",\"url\":\"https:\\\/\\\/enricomaciasloriental.fr\\\/WordPress\\\/wp-content\\\/uploads\\\/\\\/2015\\\/02\\\/cropped-bannier_altaiir-enrico.jpg\",\"contentUrl\":\"https:\\\/\\\/enricomaciasloriental.fr\\\/WordPress\\\/wp-content\\\/uploads\\\/\\\/2015\\\/02\\\/cropped-bannier_altaiir-enrico.jpg\",\"width\":1200,\"height\":150,\"caption\":\"Loriental\"},\"logo\":{\"@id\":\"https:\\\/\\\/enricomaciasloriental.fr\\\/WordPress\\\/wp-content\\\/uploads\\\/\\\/2015\\\/02\\\/cropped-bannier_altaiir-enrico.jpg\"},\"sameAs\":[\"http:\\\/\\\/www.enricomaciasloriental.fr\\\/\"]}]}<\/script>\n<!-- \/ Yoast SEO plugin. -->","yoast_head_json":{"title":"Les amis de Georges - ENRICO MACIAS L&#039;Oriental","robots":{"index":"index","follow":"follow","max-snippet":"max-snippet:-1","max-image-preview":"max-image-preview:large","max-video-preview":"max-video-preview:-1"},"canonical":"https:\/\/enricomaciasloriental.fr\/WordPress\/les-amis-de-georges\/","og_locale":"fr_FR","og_type":"article","og_title":"Les amis de Georges - ENRICO MACIAS L&#039;Oriental","og_description":"De notre envoy\u00e9e sp\u00e9ciale Muriel M &nbsp; En ce dimanche\u00a0apr\u00e8s-midi, dans la salle feutr\u00e9e de la Grande Com\u00e9die \u00e0 Paris IX\u00e8me, Enrico est venu \u00e0 la rencontre des amis de Georges (Brassens). Apr\u00e8s diff\u00e9rents artistes, Jo\u00ebl Favreau, Pauline Dupuy, Yves &hellip; Les amis de Georges Read More &raquo;","og_url":"https:\/\/enricomaciasloriental.fr\/WordPress\/les-amis-de-georges\/","og_site_name":"ENRICO MACIAS L&#039;Oriental","article_published_time":"2016-09-25T16:17:20+00:00","article_modified_time":"2016-09-25T16:18:16+00:00","og_image":[{"url":"http:\/\/enricomaciasloriental.fr\/WordPress\/wp-content\/uploads\/\/2016\/09\/hommage-brassens-683x1024.jpg","type":"","width":"","height":""}],"author":"Loriental","twitter_card":"summary_large_image","twitter_misc":{"\u00c9crit par":"Loriental","Dur\u00e9e de lecture estim\u00e9e":"1 minute"},"schema":{"@context":"https:\/\/schema.org","@graph":[{"@type":"Article","@id":"https:\/\/enricomaciasloriental.fr\/WordPress\/les-amis-de-georges\/#article","isPartOf":{"@id":"https:\/\/enricomaciasloriental.fr\/WordPress\/les-amis-de-georges\/"},"author":{"name":"Loriental","@id":"https:\/\/enricomaciasloriental.fr\/WordPress\/#\/schema\/person\/53fba112c6f4f0b335578890a816262e"},"headline":"Les amis de Georges","datePublished":"2016-09-25T16:17:20+00:00","dateModified":"2016-09-25T16:18:16+00:00","mainEntityOfPage":{"@id":"https:\/\/enricomaciasloriental.fr\/WordPress\/les-amis-de-georges\/"},"wordCount":207,"commentCount":0,"publisher":{"@id":"https:\/\/enricomaciasloriental.fr\/WordPress\/#\/schema\/person\/53fba112c6f4f0b335578890a816262e"},"image":{"@id":"https:\/\/enricomaciasloriental.fr\/WordPress\/les-amis-de-georges\/#primaryimage"},"thumbnailUrl":"http:\/\/enricomaciasloriental.fr\/WordPress\/wp-content\/uploads\/\/2016\/09\/hommage-brassens-683x1024.jpg","articleSection":["Actualit\u00e9s"],"inLanguage":"fr-FR","potentialAction":[{"@type":"CommentAction","name":"Comment","target":["https:\/\/enricomaciasloriental.fr\/WordPress\/les-amis-de-georges\/#respond"]}]},{"@type":"WebPage","@id":"https:\/\/enricomaciasloriental.fr\/WordPress\/les-amis-de-georges\/","url":"https:\/\/enricomaciasloriental.fr\/WordPress\/les-amis-de-georges\/","name":"Les amis de Georges - ENRICO MACIAS L&#039;Oriental","isPartOf":{"@id":"https:\/\/enricomaciasloriental.fr\/WordPress\/#website"},"primaryImageOfPage":{"@id":"https:\/\/enricomaciasloriental.fr\/WordPress\/les-amis-de-georges\/#primaryimage"},"image":{"@id":"https:\/\/enricomaciasloriental.fr\/WordPress\/les-amis-de-georges\/#primaryimage"},"thumbnailUrl":"http:\/\/enricomaciasloriental.fr\/WordPress\/wp-content\/uploads\/\/2016\/09\/hommage-brassens-683x1024.jpg","datePublished":"2016-09-25T16:17:20+00:00","dateModified":"2016-09-25T16:18:16+00:00","breadcrumb":{"@id":"https:\/\/enricomaciasloriental.fr\/WordPress\/les-amis-de-georges\/#breadcrumb"},"inLanguage":"fr-FR","potentialAction":[{"@type":"ReadAction","target":["https:\/\/enricomaciasloriental.fr\/WordPress\/les-amis-de-georges\/"]}]},{"@type":"ImageObject","inLanguage":"fr-FR","@id":"https:\/\/enricomaciasloriental.fr\/WordPress\/les-amis-de-georges\/#primaryimage","url":"https:\/\/enricomaciasloriental.fr\/WordPress\/wp-content\/uploads\/\/2016\/09\/hommage-brassens.jpg","contentUrl":"https:\/\/enricomaciasloriental.fr\/WordPress\/wp-content\/uploads\/\/2016\/09\/hommage-brassens.jpg","width":1000,"height":1500},{"@type":"BreadcrumbList","@id":"https:\/\/enricomaciasloriental.fr\/WordPress\/les-amis-de-georges\/#breadcrumb","itemListElement":[{"@type":"ListItem","position":1,"name":"Accueil","item":"https:\/\/enricomaciasloriental.fr\/WordPress\/"},{"@type":"ListItem","position":2,"name":"Les amis de Georges"}]},{"@type":"WebSite","@id":"https:\/\/enricomaciasloriental.fr\/WordPress\/#website","url":"https:\/\/enricomaciasloriental.fr\/WordPress\/","name":"ENRICO MACIAS L'Oriental","description":"IL EST COMME LE SOLEIL","publisher":{"@id":"https:\/\/enricomaciasloriental.fr\/WordPress\/#\/schema\/person\/53fba112c6f4f0b335578890a816262e"},"potentialAction":[{"@type":"SearchAction","target":{"@type":"EntryPoint","urlTemplate":"https:\/\/enricomaciasloriental.fr\/WordPress\/?s={search_term_string}"},"query-input":{"@type":"PropertyValueSpecification","valueRequired":true,"valueName":"search_term_string"}}],"inLanguage":"fr-FR"},{"@type":["Person","Organization"],"@id":"https:\/\/enricomaciasloriental.fr\/WordPress\/#\/schema\/person\/53fba112c6f4f0b335578890a816262e","name":"Loriental","image":{"@type":"ImageObject","inLanguage":"fr-FR","@id":"https:\/\/enricomaciasloriental.fr\/WordPress\/wp-content\/uploads\/\/2015\/02\/cropped-bannier_altaiir-enrico.jpg","url":"https:\/\/enricomaciasloriental.fr\/WordPress\/wp-content\/uploads\/\/2015\/02\/cropped-bannier_altaiir-enrico.jpg","contentUrl":"https:\/\/enricomaciasloriental.fr\/WordPress\/wp-content\/uploads\/\/2015\/02\/cropped-bannier_altaiir-enrico.jpg","width":1200,"height":150,"caption":"Loriental"},"logo":{"@id":"https:\/\/enricomaciasloriental.fr\/WordPress\/wp-content\/uploads\/\/2015\/02\/cropped-bannier_altaiir-enrico.jpg"},"sameAs":["http:\/\/www.enricomaciasloriental.fr\/"]}]}},"featured_image_src":"","featured_image_src_square":false,"author_info":{"display_name":"Loriental","author_link":"https:\/\/enricomaciasloriental.fr\/WordPress\/author\/admin9234\/"},"rbea_author_info":{"display_name":"Loriental","author_link":"https:\/\/enricomaciasloriental.fr\/WordPress\/author\/admin9234\/"},"rbea_excerpt_info":"De notre envoy\u00e9e sp\u00e9ciale Muriel M &nbsp; En ce dimanche\u00a0apr\u00e8s-midi, dans la salle feutr\u00e9e de la Grande Com\u00e9die \u00e0 Paris IX\u00e8me, Enrico est venu \u00e0 la rencontre des amis de Georges (Brassens). Apr\u00e8s diff\u00e9rents artistes, Jo\u00ebl Favreau, Pauline Dupuy, Yves &hellip;<p class=\"read-more\"> <a class=\"more-link\" href=\"https:\/\/enricomaciasloriental.fr\/WordPress\/les-amis-de-georges\/\"> <span class=\"screen-reader-text\">Les amis de Georges<\/span> Read More &raquo;<\/a><\/p>","category_list":"<a href=\"https:\/\/enricomaciasloriental.fr\/WordPress\/category\/actualites\/\">Actualit\u00e9s<\/a>","comments_num":"0 comments","_links":{"self":[{"href":"https:\/\/enricomaciasloriental.fr\/WordPress\/wp-json\/wp\/v2\/posts\/10016","targetHints":{"allow":["GET"]}}],"collection":[{"href":"https:\/\/enricomaciasloriental.fr\/WordPress\/wp-json\/wp\/v2\/posts"}],"about":[{"href":"https:\/\/enricomaciasloriental.fr\/WordPress\/wp-json\/wp\/v2\/types\/post"}],"author":[{"embeddable":true,"href":"https:\/\/enricomaciasloriental.fr\/WordPress\/wp-json\/wp\/v2\/users\/36"}],"replies":[{"embeddable":true,"href":"https:\/\/enricomaciasloriental.fr\/WordPress\/wp-json\/wp\/v2\/comments?post=10016"}],"version-history":[{"count":0,"href":"https:\/\/enricomaciasloriental.fr\/WordPress\/wp-json\/wp\/v2\/posts\/10016\/revisions"}],"wp:attachment":[{"href":"https:\/\/enricomaciasloriental.fr\/WordPress\/wp-json\/wp\/v2\/media?parent=10016"}],"wp:term":[{"taxonomy":"category","embeddable":true,"href":"https:\/\/enricomaciasloriental.fr\/WordPress\/wp-json\/wp\/v2\/categories?post=10016"},{"taxonomy":"post_tag","embeddable":true,"href":"https:\/\/enricomaciasloriental.fr\/WordPress\/wp-json\/wp\/v2\/tags?post=10016"}],"curies":[{"name":"wp","href":"https:\/\/api.w.org\/{rel}","templated":true}]}}