{"id":10460,"date":"2016-11-30T19:07:32","date_gmt":"2016-11-30T18:07:32","guid":{"rendered":"http:\/\/enricomaciasloriental.fr\/WordPress\/?p=10460"},"modified":"2016-11-30T19:07:32","modified_gmt":"2016-11-30T18:07:32","slug":"enrico-macias-par-pal-degome","status":"publish","type":"post","link":"https:\/\/enricomaciasloriental.fr\/WordPress\/enrico-macias-par-pal-degome\/","title":{"rendered":"Enrico Macias par Pal Degome"},"content":{"rendered":"<p><a href=\"https:\/\/enricomaciasloriental.fr\/WordPress\/wp-content\/uploads\/\/2016\/11\/15219514_1193994047359403_580426200910580845_n.jpg\"><img fetchpriority=\"high\" decoding=\"async\" class=\"alignleft size-full wp-image-10462\" src=\"https:\/\/enricomaciasloriental.fr\/WordPress\/wp-content\/uploads\/\/2016\/11\/15219514_1193994047359403_580426200910580845_n.jpg\" alt=\"15219514_1193994047359403_580426200910580845_n\" width=\"528\" height=\"543\" srcset=\"https:\/\/enricomaciasloriental.fr\/WordPress\/wp-content\/uploads\/2016\/11\/15219514_1193994047359403_580426200910580845_n.jpg 528w, https:\/\/enricomaciasloriental.fr\/WordPress\/wp-content\/uploads\/2016\/11\/15219514_1193994047359403_580426200910580845_n-292x300.jpg 292w\" sizes=\"(max-width: 528px) 100vw, 528px\" \/><\/a>Originaire de Lausanne, Pal Degome est dessinateur et illustrateur<\/p>\n<p>Dans le domaine musical, il appr\u00e9cie particuli\u00e8rement l&rsquo;artiste Enrico Macias et ses textes<\/p>\n<p>C&rsquo;est ainsi, crayon en main,\u00a0qu&rsquo;il a r\u00e9sum\u00e9 55 ans de carri\u00e8re sur ce dessin qu&rsquo;il a eu le plaisir de remettre \u00e0 Enrico, en personne, lors de son passage \u00e0 Montreux.<\/p>\n<p>Bravo Pal Degome pour\u00a0 ce croquis qui nous fait chaud au c\u0153ur et pour votre talent remarquable.<\/p>\n<p>&nbsp;<\/p>\n<p><a href=\"https:\/\/enricomaciasloriental.fr\/WordPress\/wp-content\/uploads\/\/2016\/11\/15078961_10154835283362340_3931239660355318247_n-1.jpg\"><img decoding=\"async\" class=\"alignleft size-full wp-image-10467\" src=\"https:\/\/enricomaciasloriental.fr\/WordPress\/wp-content\/uploads\/\/2016\/11\/15078961_10154835283362340_3931239660355318247_n-1.jpg\" alt=\"15078961_10154835283362340_3931239660355318247_n\" width=\"960\" height=\"540\" srcset=\"https:\/\/enricomaciasloriental.fr\/WordPress\/wp-content\/uploads\/2016\/11\/15078961_10154835283362340_3931239660355318247_n-1.jpg 960w, https:\/\/enricomaciasloriental.fr\/WordPress\/wp-content\/uploads\/2016\/11\/15078961_10154835283362340_3931239660355318247_n-1-300x169.jpg 300w, https:\/\/enricomaciasloriental.fr\/WordPress\/wp-content\/uploads\/2016\/11\/15078961_10154835283362340_3931239660355318247_n-1-768x432.jpg 768w\" sizes=\"(max-width: 960px) 100vw, 960px\" \/><br \/>\n<\/a><\/p>\n<p>&nbsp;<\/p>\n<p>&nbsp;<\/p>\n<p>&nbsp;<\/p>\n","protected":false},"excerpt":{"rendered":"<p>Originaire de Lausanne, Pal Degome est dessinateur et illustrateur Dans le domaine musical, il appr\u00e9cie particuli\u00e8rement l&rsquo;artiste Enrico Macias et ses textes C&rsquo;est ainsi, crayon en main,\u00a0qu&rsquo;il a r\u00e9sum\u00e9 55 ans de carri\u00e8re sur ce dessin qu&rsquo;il a eu le &hellip;<\/p>\n<p class=\"read-more\"> <a class=\"more-link\" href=\"https:\/\/enricomaciasloriental.fr\/WordPress\/enrico-macias-par-pal-degome\/\"> <span class=\"screen-reader-text\">Enrico Macias par Pal Degome<\/span> Read More &raquo;<\/a><\/p>\n","protected":false},"author":36,"featured_media":0,"comment_status":"open","ping_status":"open","sticky":false,"template":"","format":"standard","meta":{"footnotes":""},"categories":[1,11],"tags":[],"class_list":["post-10460","post","type-post","status-publish","format-standard","hentry","category-actualites","category-le-coup-de-coeur-de-loriental"],"yoast_head":"<!-- This site is optimized with the Yoast SEO plugin v27.4 - https:\/\/yoast.com\/product\/yoast-seo-wordpress\/ -->\n<title>Enrico Macias par Pal Degome - ENRICO MACIAS L&#039;Oriental<\/title>\n<meta name=\"robots\" content=\"index, follow, max-snippet:-1, max-image-preview:large, max-video-preview:-1\" \/>\n<link rel=\"canonical\" href=\"https:\/\/enricomaciasloriental.fr\/WordPress\/enrico-macias-par-pal-degome\/\" \/>\n<meta property=\"og:locale\" content=\"fr_FR\" \/>\n<meta property=\"og:type\" content=\"article\" \/>\n<meta property=\"og:title\" content=\"Enrico Macias par Pal Degome - ENRICO MACIAS L&#039;Oriental\" \/>\n<meta property=\"og:description\" content=\"Originaire de Lausanne, Pal Degome est dessinateur et illustrateur Dans le domaine musical, il appr\u00e9cie particuli\u00e8rement l&rsquo;artiste Enrico Macias et ses textes C&rsquo;est ainsi, crayon en main,\u00a0qu&rsquo;il a r\u00e9sum\u00e9 55 ans de carri\u00e8re sur ce dessin qu&rsquo;il a eu le &hellip; Enrico Macias par Pal Degome Read More &raquo;\" \/>\n<meta property=\"og:url\" content=\"https:\/\/enricomaciasloriental.fr\/WordPress\/enrico-macias-par-pal-degome\/\" \/>\n<meta property=\"og:site_name\" content=\"ENRICO MACIAS L&#039;Oriental\" \/>\n<meta property=\"article:published_time\" content=\"2016-11-30T18:07:32+00:00\" \/>\n<meta property=\"og:image\" content=\"http:\/\/enricomaciasloriental.fr\/WordPress\/wp-content\/uploads\/\/2016\/11\/15219514_1193994047359403_580426200910580845_n.jpg\" \/>\n<meta name=\"author\" content=\"Loriental\" \/>\n<meta name=\"twitter:card\" content=\"summary_large_image\" \/>\n<meta name=\"twitter:label1\" content=\"\u00c9crit par\" \/>\n\t<meta name=\"twitter:data1\" content=\"Loriental\" \/>\n<script type=\"application\/ld+json\" class=\"yoast-schema-graph\">{\"@context\":\"https:\\\/\\\/schema.org\",\"@graph\":[{\"@type\":\"Article\",\"@id\":\"https:\\\/\\\/enricomaciasloriental.fr\\\/WordPress\\\/enrico-macias-par-pal-degome\\\/#article\",\"isPartOf\":{\"@id\":\"https:\\\/\\\/enricomaciasloriental.fr\\\/WordPress\\\/enrico-macias-par-pal-degome\\\/\"},\"author\":{\"name\":\"Loriental\",\"@id\":\"https:\\\/\\\/enricomaciasloriental.fr\\\/WordPress\\\/#\\\/schema\\\/person\\\/53fba112c6f4f0b335578890a816262e\"},\"headline\":\"Enrico Macias par Pal Degome\",\"datePublished\":\"2016-11-30T18:07:32+00:00\",\"mainEntityOfPage\":{\"@id\":\"https:\\\/\\\/enricomaciasloriental.fr\\\/WordPress\\\/enrico-macias-par-pal-degome\\\/\"},\"wordCount\":86,\"commentCount\":0,\"publisher\":{\"@id\":\"https:\\\/\\\/enricomaciasloriental.fr\\\/WordPress\\\/#\\\/schema\\\/person\\\/53fba112c6f4f0b335578890a816262e\"},\"image\":{\"@id\":\"https:\\\/\\\/enricomaciasloriental.fr\\\/WordPress\\\/enrico-macias-par-pal-degome\\\/#primaryimage\"},\"thumbnailUrl\":\"http:\\\/\\\/enricomaciasloriental.fr\\\/WordPress\\\/wp-content\\\/uploads\\\/\\\/2016\\\/11\\\/15219514_1193994047359403_580426200910580845_n.jpg\",\"articleSection\":[\"Actualit\u00e9s\",\"coup de coeur\"],\"inLanguage\":\"fr-FR\",\"potentialAction\":[{\"@type\":\"CommentAction\",\"name\":\"Comment\",\"target\":[\"https:\\\/\\\/enricomaciasloriental.fr\\\/WordPress\\\/enrico-macias-par-pal-degome\\\/#respond\"]}]},{\"@type\":\"WebPage\",\"@id\":\"https:\\\/\\\/enricomaciasloriental.fr\\\/WordPress\\\/enrico-macias-par-pal-degome\\\/\",\"url\":\"https:\\\/\\\/enricomaciasloriental.fr\\\/WordPress\\\/enrico-macias-par-pal-degome\\\/\",\"name\":\"Enrico Macias par Pal Degome - ENRICO MACIAS L&#039;Oriental\",\"isPartOf\":{\"@id\":\"https:\\\/\\\/enricomaciasloriental.fr\\\/WordPress\\\/#website\"},\"primaryImageOfPage\":{\"@id\":\"https:\\\/\\\/enricomaciasloriental.fr\\\/WordPress\\\/enrico-macias-par-pal-degome\\\/#primaryimage\"},\"image\":{\"@id\":\"https:\\\/\\\/enricomaciasloriental.fr\\\/WordPress\\\/enrico-macias-par-pal-degome\\\/#primaryimage\"},\"thumbnailUrl\":\"http:\\\/\\\/enricomaciasloriental.fr\\\/WordPress\\\/wp-content\\\/uploads\\\/\\\/2016\\\/11\\\/15219514_1193994047359403_580426200910580845_n.jpg\",\"datePublished\":\"2016-11-30T18:07:32+00:00\",\"breadcrumb\":{\"@id\":\"https:\\\/\\\/enricomaciasloriental.fr\\\/WordPress\\\/enrico-macias-par-pal-degome\\\/#breadcrumb\"},\"inLanguage\":\"fr-FR\",\"potentialAction\":[{\"@type\":\"ReadAction\",\"target\":[\"https:\\\/\\\/enricomaciasloriental.fr\\\/WordPress\\\/enrico-macias-par-pal-degome\\\/\"]}]},{\"@type\":\"ImageObject\",\"inLanguage\":\"fr-FR\",\"@id\":\"https:\\\/\\\/enricomaciasloriental.fr\\\/WordPress\\\/enrico-macias-par-pal-degome\\\/#primaryimage\",\"url\":\"https:\\\/\\\/enricomaciasloriental.fr\\\/WordPress\\\/wp-content\\\/uploads\\\/\\\/2016\\\/11\\\/15219514_1193994047359403_580426200910580845_n.jpg\",\"contentUrl\":\"https:\\\/\\\/enricomaciasloriental.fr\\\/WordPress\\\/wp-content\\\/uploads\\\/\\\/2016\\\/11\\\/15219514_1193994047359403_580426200910580845_n.jpg\",\"width\":528,\"height\":543},{\"@type\":\"BreadcrumbList\",\"@id\":\"https:\\\/\\\/enricomaciasloriental.fr\\\/WordPress\\\/enrico-macias-par-pal-degome\\\/#breadcrumb\",\"itemListElement\":[{\"@type\":\"ListItem\",\"position\":1,\"name\":\"Accueil\",\"item\":\"https:\\\/\\\/enricomaciasloriental.fr\\\/WordPress\\\/\"},{\"@type\":\"ListItem\",\"position\":2,\"name\":\"Enrico Macias par Pal Degome\"}]},{\"@type\":\"WebSite\",\"@id\":\"https:\\\/\\\/enricomaciasloriental.fr\\\/WordPress\\\/#website\",\"url\":\"https:\\\/\\\/enricomaciasloriental.fr\\\/WordPress\\\/\",\"name\":\"ENRICO MACIAS L'Oriental\",\"description\":\"IL EST COMME LE SOLEIL\",\"publisher\":{\"@id\":\"https:\\\/\\\/enricomaciasloriental.fr\\\/WordPress\\\/#\\\/schema\\\/person\\\/53fba112c6f4f0b335578890a816262e\"},\"potentialAction\":[{\"@type\":\"SearchAction\",\"target\":{\"@type\":\"EntryPoint\",\"urlTemplate\":\"https:\\\/\\\/enricomaciasloriental.fr\\\/WordPress\\\/?s={search_term_string}\"},\"query-input\":{\"@type\":\"PropertyValueSpecification\",\"valueRequired\":true,\"valueName\":\"search_term_string\"}}],\"inLanguage\":\"fr-FR\"},{\"@type\":[\"Person\",\"Organization\"],\"@id\":\"https:\\\/\\\/enricomaciasloriental.fr\\\/WordPress\\\/#\\\/schema\\\/person\\\/53fba112c6f4f0b335578890a816262e\",\"name\":\"Loriental\",\"image\":{\"@type\":\"ImageObject\",\"inLanguage\":\"fr-FR\",\"@id\":\"https:\\\/\\\/enricomaciasloriental.fr\\\/WordPress\\\/wp-content\\\/uploads\\\/\\\/2015\\\/02\\\/cropped-bannier_altaiir-enrico.jpg\",\"url\":\"https:\\\/\\\/enricomaciasloriental.fr\\\/WordPress\\\/wp-content\\\/uploads\\\/\\\/2015\\\/02\\\/cropped-bannier_altaiir-enrico.jpg\",\"contentUrl\":\"https:\\\/\\\/enricomaciasloriental.fr\\\/WordPress\\\/wp-content\\\/uploads\\\/\\\/2015\\\/02\\\/cropped-bannier_altaiir-enrico.jpg\",\"width\":1200,\"height\":150,\"caption\":\"Loriental\"},\"logo\":{\"@id\":\"https:\\\/\\\/enricomaciasloriental.fr\\\/WordPress\\\/wp-content\\\/uploads\\\/\\\/2015\\\/02\\\/cropped-bannier_altaiir-enrico.jpg\"},\"sameAs\":[\"http:\\\/\\\/www.enricomaciasloriental.fr\\\/\"]}]}<\/script>\n<!-- \/ Yoast SEO plugin. -->","yoast_head_json":{"title":"Enrico Macias par Pal Degome - ENRICO MACIAS L&#039;Oriental","robots":{"index":"index","follow":"follow","max-snippet":"max-snippet:-1","max-image-preview":"max-image-preview:large","max-video-preview":"max-video-preview:-1"},"canonical":"https:\/\/enricomaciasloriental.fr\/WordPress\/enrico-macias-par-pal-degome\/","og_locale":"fr_FR","og_type":"article","og_title":"Enrico Macias par Pal Degome - ENRICO MACIAS L&#039;Oriental","og_description":"Originaire de Lausanne, Pal Degome est dessinateur et illustrateur Dans le domaine musical, il appr\u00e9cie particuli\u00e8rement l&rsquo;artiste Enrico Macias et ses textes C&rsquo;est ainsi, crayon en main,\u00a0qu&rsquo;il a r\u00e9sum\u00e9 55 ans de carri\u00e8re sur ce dessin qu&rsquo;il a eu le &hellip; Enrico Macias par Pal Degome Read More &raquo;","og_url":"https:\/\/enricomaciasloriental.fr\/WordPress\/enrico-macias-par-pal-degome\/","og_site_name":"ENRICO MACIAS L&#039;Oriental","article_published_time":"2016-11-30T18:07:32+00:00","og_image":[{"url":"http:\/\/enricomaciasloriental.fr\/WordPress\/wp-content\/uploads\/\/2016\/11\/15219514_1193994047359403_580426200910580845_n.jpg","type":"","width":"","height":""}],"author":"Loriental","twitter_card":"summary_large_image","twitter_misc":{"\u00c9crit par":"Loriental"},"schema":{"@context":"https:\/\/schema.org","@graph":[{"@type":"Article","@id":"https:\/\/enricomaciasloriental.fr\/WordPress\/enrico-macias-par-pal-degome\/#article","isPartOf":{"@id":"https:\/\/enricomaciasloriental.fr\/WordPress\/enrico-macias-par-pal-degome\/"},"author":{"name":"Loriental","@id":"https:\/\/enricomaciasloriental.fr\/WordPress\/#\/schema\/person\/53fba112c6f4f0b335578890a816262e"},"headline":"Enrico Macias par Pal Degome","datePublished":"2016-11-30T18:07:32+00:00","mainEntityOfPage":{"@id":"https:\/\/enricomaciasloriental.fr\/WordPress\/enrico-macias-par-pal-degome\/"},"wordCount":86,"commentCount":0,"publisher":{"@id":"https:\/\/enricomaciasloriental.fr\/WordPress\/#\/schema\/person\/53fba112c6f4f0b335578890a816262e"},"image":{"@id":"https:\/\/enricomaciasloriental.fr\/WordPress\/enrico-macias-par-pal-degome\/#primaryimage"},"thumbnailUrl":"http:\/\/enricomaciasloriental.fr\/WordPress\/wp-content\/uploads\/\/2016\/11\/15219514_1193994047359403_580426200910580845_n.jpg","articleSection":["Actualit\u00e9s","coup de coeur"],"inLanguage":"fr-FR","potentialAction":[{"@type":"CommentAction","name":"Comment","target":["https:\/\/enricomaciasloriental.fr\/WordPress\/enrico-macias-par-pal-degome\/#respond"]}]},{"@type":"WebPage","@id":"https:\/\/enricomaciasloriental.fr\/WordPress\/enrico-macias-par-pal-degome\/","url":"https:\/\/enricomaciasloriental.fr\/WordPress\/enrico-macias-par-pal-degome\/","name":"Enrico Macias par Pal Degome - ENRICO MACIAS L&#039;Oriental","isPartOf":{"@id":"https:\/\/enricomaciasloriental.fr\/WordPress\/#website"},"primaryImageOfPage":{"@id":"https:\/\/enricomaciasloriental.fr\/WordPress\/enrico-macias-par-pal-degome\/#primaryimage"},"image":{"@id":"https:\/\/enricomaciasloriental.fr\/WordPress\/enrico-macias-par-pal-degome\/#primaryimage"},"thumbnailUrl":"http:\/\/enricomaciasloriental.fr\/WordPress\/wp-content\/uploads\/\/2016\/11\/15219514_1193994047359403_580426200910580845_n.jpg","datePublished":"2016-11-30T18:07:32+00:00","breadcrumb":{"@id":"https:\/\/enricomaciasloriental.fr\/WordPress\/enrico-macias-par-pal-degome\/#breadcrumb"},"inLanguage":"fr-FR","potentialAction":[{"@type":"ReadAction","target":["https:\/\/enricomaciasloriental.fr\/WordPress\/enrico-macias-par-pal-degome\/"]}]},{"@type":"ImageObject","inLanguage":"fr-FR","@id":"https:\/\/enricomaciasloriental.fr\/WordPress\/enrico-macias-par-pal-degome\/#primaryimage","url":"https:\/\/enricomaciasloriental.fr\/WordPress\/wp-content\/uploads\/\/2016\/11\/15219514_1193994047359403_580426200910580845_n.jpg","contentUrl":"https:\/\/enricomaciasloriental.fr\/WordPress\/wp-content\/uploads\/\/2016\/11\/15219514_1193994047359403_580426200910580845_n.jpg","width":528,"height":543},{"@type":"BreadcrumbList","@id":"https:\/\/enricomaciasloriental.fr\/WordPress\/enrico-macias-par-pal-degome\/#breadcrumb","itemListElement":[{"@type":"ListItem","position":1,"name":"Accueil","item":"https:\/\/enricomaciasloriental.fr\/WordPress\/"},{"@type":"ListItem","position":2,"name":"Enrico Macias par Pal Degome"}]},{"@type":"WebSite","@id":"https:\/\/enricomaciasloriental.fr\/WordPress\/#website","url":"https:\/\/enricomaciasloriental.fr\/WordPress\/","name":"ENRICO MACIAS L'Oriental","description":"IL EST COMME LE SOLEIL","publisher":{"@id":"https:\/\/enricomaciasloriental.fr\/WordPress\/#\/schema\/person\/53fba112c6f4f0b335578890a816262e"},"potentialAction":[{"@type":"SearchAction","target":{"@type":"EntryPoint","urlTemplate":"https:\/\/enricomaciasloriental.fr\/WordPress\/?s={search_term_string}"},"query-input":{"@type":"PropertyValueSpecification","valueRequired":true,"valueName":"search_term_string"}}],"inLanguage":"fr-FR"},{"@type":["Person","Organization"],"@id":"https:\/\/enricomaciasloriental.fr\/WordPress\/#\/schema\/person\/53fba112c6f4f0b335578890a816262e","name":"Loriental","image":{"@type":"ImageObject","inLanguage":"fr-FR","@id":"https:\/\/enricomaciasloriental.fr\/WordPress\/wp-content\/uploads\/\/2015\/02\/cropped-bannier_altaiir-enrico.jpg","url":"https:\/\/enricomaciasloriental.fr\/WordPress\/wp-content\/uploads\/\/2015\/02\/cropped-bannier_altaiir-enrico.jpg","contentUrl":"https:\/\/enricomaciasloriental.fr\/WordPress\/wp-content\/uploads\/\/2015\/02\/cropped-bannier_altaiir-enrico.jpg","width":1200,"height":150,"caption":"Loriental"},"logo":{"@id":"https:\/\/enricomaciasloriental.fr\/WordPress\/wp-content\/uploads\/\/2015\/02\/cropped-bannier_altaiir-enrico.jpg"},"sameAs":["http:\/\/www.enricomaciasloriental.fr\/"]}]}},"featured_image_src":"","featured_image_src_square":false,"author_info":{"display_name":"Loriental","author_link":"https:\/\/enricomaciasloriental.fr\/WordPress\/author\/admin9234\/"},"rbea_author_info":{"display_name":"Loriental","author_link":"https:\/\/enricomaciasloriental.fr\/WordPress\/author\/admin9234\/"},"rbea_excerpt_info":"Originaire de Lausanne, Pal Degome est dessinateur et illustrateur Dans le domaine musical, il appr\u00e9cie particuli\u00e8rement l&rsquo;artiste Enrico Macias et ses textes C&rsquo;est ainsi, crayon en main,\u00a0qu&rsquo;il a r\u00e9sum\u00e9 55 ans de carri\u00e8re sur ce dessin qu&rsquo;il a eu le &hellip;<p class=\"read-more\"> <a class=\"more-link\" href=\"https:\/\/enricomaciasloriental.fr\/WordPress\/enrico-macias-par-pal-degome\/\"> <span class=\"screen-reader-text\">Enrico Macias par Pal Degome<\/span> Read More &raquo;<\/a><\/p>","category_list":"<a href=\"https:\/\/enricomaciasloriental.fr\/WordPress\/category\/actualites\/\">Actualit\u00e9s<\/a>, <a href=\"https:\/\/enricomaciasloriental.fr\/WordPress\/category\/le-coup-de-coeur-de-loriental\/\">coup de coeur<\/a>","comments_num":"0 comments","_links":{"self":[{"href":"https:\/\/enricomaciasloriental.fr\/WordPress\/wp-json\/wp\/v2\/posts\/10460","targetHints":{"allow":["GET"]}}],"collection":[{"href":"https:\/\/enricomaciasloriental.fr\/WordPress\/wp-json\/wp\/v2\/posts"}],"about":[{"href":"https:\/\/enricomaciasloriental.fr\/WordPress\/wp-json\/wp\/v2\/types\/post"}],"author":[{"embeddable":true,"href":"https:\/\/enricomaciasloriental.fr\/WordPress\/wp-json\/wp\/v2\/users\/36"}],"replies":[{"embeddable":true,"href":"https:\/\/enricomaciasloriental.fr\/WordPress\/wp-json\/wp\/v2\/comments?post=10460"}],"version-history":[{"count":0,"href":"https:\/\/enricomaciasloriental.fr\/WordPress\/wp-json\/wp\/v2\/posts\/10460\/revisions"}],"wp:attachment":[{"href":"https:\/\/enricomaciasloriental.fr\/WordPress\/wp-json\/wp\/v2\/media?parent=10460"}],"wp:term":[{"taxonomy":"category","embeddable":true,"href":"https:\/\/enricomaciasloriental.fr\/WordPress\/wp-json\/wp\/v2\/categories?post=10460"},{"taxonomy":"post_tag","embeddable":true,"href":"https:\/\/enricomaciasloriental.fr\/WordPress\/wp-json\/wp\/v2\/tags?post=10460"}],"curies":[{"name":"wp","href":"https:\/\/api.w.org\/{rel}","templated":true}]}}