{"id":11932,"date":"2018-10-06T18:38:20","date_gmt":"2018-10-06T16:38:20","guid":{"rendered":"http:\/\/enricomaciasloriental.fr\/WordPress\/?p=11932"},"modified":"2018-10-06T18:40:23","modified_gmt":"2018-10-06T16:40:23","slug":"les-gens-du-nord-avec-pauline-symphoniques-kids","status":"publish","type":"post","link":"https:\/\/enricomaciasloriental.fr\/WordPress\/les-gens-du-nord-avec-pauline-symphoniques-kids\/","title":{"rendered":"Les gens du nord avec Pauline &#8211; Symphonique Kids"},"content":{"rendered":"<p><iframe src=\"\/\/www.youtube.com\/embed\/PMz19DdJNqw\" width=\"560\" height=\"314\" allowfullscreen=\"allowfullscreen\"><\/iframe><\/p>\n<p>SYMPHONIQUE KIDS\u00a0 jouent pour + de vie<br \/>\n115 musiciens, \u00abLes Petites Mains symphoniques\u00bb,<br \/>\nconstitu\u00e9 d&rsquo;enfants de 6 \u00e0 17 ans accompagnent de nombreux artistes fran\u00e7ais mobilis\u00e9s pour la cause.<br \/>\nDirection musicale : Yannick Hugnet<br \/>\nDirection d&rsquo;orchestre : Eric du Fay<br \/>\nOrchestrations et arrangements symphoniques in\u00e9dits : Stephane Aubry\/webmusicpro<br \/>\nLe 05\/10\/18 sur France 3<\/p>\n<p>Merci \u00e0 <a class=\"yt-simple-endpoint style-scope yt-formatted-string\" spellcheck=\"false\" href=\"https:\/\/www.youtube.com\/channel\/UC3FzMiubvV3rPOi7TdVA7vA\">webmusicpro Stephane Aubry<\/a><\/p>\n","protected":false},"excerpt":{"rendered":"<p>SYMPHONIQUE KIDS\u00a0 jouent pour + de vie 115 musiciens, \u00abLes Petites Mains symphoniques\u00bb, constitu\u00e9 d&rsquo;enfants de 6 \u00e0 17 ans accompagnent de nombreux artistes fran\u00e7ais mobilis\u00e9s pour la cause. Direction musicale : Yannick Hugnet Direction d&rsquo;orchestre : Eric du Fay &hellip;<\/p>\n<p class=\"read-more\"> <a class=\"more-link\" href=\"https:\/\/enricomaciasloriental.fr\/WordPress\/les-gens-du-nord-avec-pauline-symphoniques-kids\/\"> <span class=\"screen-reader-text\">Les gens du nord avec Pauline &#8211; Symphonique Kids<\/span> Read More &raquo;<\/a><\/p>\n","protected":false},"author":36,"featured_media":0,"comment_status":"open","ping_status":"open","sticky":false,"template":"","format":"standard","meta":{"footnotes":""},"categories":[39],"tags":[],"class_list":["post-11932","post","type-post","status-publish","format-standard","hentry","category-duos"],"yoast_head":"<!-- This site is optimized with the Yoast SEO plugin v27.4 - https:\/\/yoast.com\/product\/yoast-seo-wordpress\/ -->\n<title>Les gens du nord avec Pauline - Symphonique Kids - ENRICO MACIAS L&#039;Oriental<\/title>\n<meta name=\"robots\" content=\"index, follow, max-snippet:-1, max-image-preview:large, max-video-preview:-1\" \/>\n<link rel=\"canonical\" href=\"https:\/\/enricomaciasloriental.fr\/WordPress\/les-gens-du-nord-avec-pauline-symphoniques-kids\/\" \/>\n<meta property=\"og:locale\" content=\"fr_FR\" \/>\n<meta property=\"og:type\" content=\"article\" \/>\n<meta property=\"og:title\" content=\"Les gens du nord avec Pauline - Symphonique Kids - ENRICO MACIAS L&#039;Oriental\" \/>\n<meta property=\"og:description\" content=\"SYMPHONIQUE KIDS\u00a0 jouent pour + de vie 115 musiciens, \u00abLes Petites Mains symphoniques\u00bb, constitu\u00e9 d&rsquo;enfants de 6 \u00e0 17 ans accompagnent de nombreux artistes fran\u00e7ais mobilis\u00e9s pour la cause. Direction musicale : Yannick Hugnet Direction d&rsquo;orchestre : Eric du Fay &hellip; Les gens du nord avec Pauline &#8211; Symphonique Kids Read More &raquo;\" \/>\n<meta property=\"og:url\" content=\"https:\/\/enricomaciasloriental.fr\/WordPress\/les-gens-du-nord-avec-pauline-symphoniques-kids\/\" \/>\n<meta property=\"og:site_name\" content=\"ENRICO MACIAS L&#039;Oriental\" \/>\n<meta property=\"article:published_time\" content=\"2018-10-06T16:38:20+00:00\" \/>\n<meta property=\"article:modified_time\" content=\"2018-10-06T16:40:23+00:00\" \/>\n<meta property=\"og:image\" content=\"https:\/\/enricomaciasloriental.fr\/WordPress\/wp-content\/uploads\/\/2019\/02\/article-902.jpg\" \/>\n\t<meta property=\"og:image:width\" content=\"700\" \/>\n\t<meta property=\"og:image:height\" content=\"497\" \/>\n\t<meta property=\"og:image:type\" content=\"image\/jpeg\" \/>\n<meta name=\"author\" content=\"Loriental\" \/>\n<meta name=\"twitter:card\" content=\"summary_large_image\" \/>\n<meta name=\"twitter:label1\" content=\"\u00c9crit par\" \/>\n\t<meta name=\"twitter:data1\" content=\"Loriental\" \/>\n<script type=\"application\/ld+json\" class=\"yoast-schema-graph\">{\"@context\":\"https:\\\/\\\/schema.org\",\"@graph\":[{\"@type\":\"Article\",\"@id\":\"https:\\\/\\\/enricomaciasloriental.fr\\\/WordPress\\\/les-gens-du-nord-avec-pauline-symphoniques-kids\\\/#article\",\"isPartOf\":{\"@id\":\"https:\\\/\\\/enricomaciasloriental.fr\\\/WordPress\\\/les-gens-du-nord-avec-pauline-symphoniques-kids\\\/\"},\"author\":{\"name\":\"Loriental\",\"@id\":\"https:\\\/\\\/enricomaciasloriental.fr\\\/WordPress\\\/#\\\/schema\\\/person\\\/53fba112c6f4f0b335578890a816262e\"},\"headline\":\"Les gens du nord avec Pauline &#8211; Symphonique Kids\",\"datePublished\":\"2018-10-06T16:38:20+00:00\",\"dateModified\":\"2018-10-06T16:40:23+00:00\",\"mainEntityOfPage\":{\"@id\":\"https:\\\/\\\/enricomaciasloriental.fr\\\/WordPress\\\/les-gens-du-nord-avec-pauline-symphoniques-kids\\\/\"},\"wordCount\":62,\"commentCount\":1,\"publisher\":{\"@id\":\"https:\\\/\\\/enricomaciasloriental.fr\\\/WordPress\\\/#\\\/schema\\\/person\\\/53fba112c6f4f0b335578890a816262e\"},\"articleSection\":[\"Duos\"],\"inLanguage\":\"fr-FR\",\"potentialAction\":[{\"@type\":\"CommentAction\",\"name\":\"Comment\",\"target\":[\"https:\\\/\\\/enricomaciasloriental.fr\\\/WordPress\\\/les-gens-du-nord-avec-pauline-symphoniques-kids\\\/#respond\"]}]},{\"@type\":\"WebPage\",\"@id\":\"https:\\\/\\\/enricomaciasloriental.fr\\\/WordPress\\\/les-gens-du-nord-avec-pauline-symphoniques-kids\\\/\",\"url\":\"https:\\\/\\\/enricomaciasloriental.fr\\\/WordPress\\\/les-gens-du-nord-avec-pauline-symphoniques-kids\\\/\",\"name\":\"Les gens du nord avec Pauline - Symphonique Kids - ENRICO MACIAS L&#039;Oriental\",\"isPartOf\":{\"@id\":\"https:\\\/\\\/enricomaciasloriental.fr\\\/WordPress\\\/#website\"},\"datePublished\":\"2018-10-06T16:38:20+00:00\",\"dateModified\":\"2018-10-06T16:40:23+00:00\",\"breadcrumb\":{\"@id\":\"https:\\\/\\\/enricomaciasloriental.fr\\\/WordPress\\\/les-gens-du-nord-avec-pauline-symphoniques-kids\\\/#breadcrumb\"},\"inLanguage\":\"fr-FR\",\"potentialAction\":[{\"@type\":\"ReadAction\",\"target\":[\"https:\\\/\\\/enricomaciasloriental.fr\\\/WordPress\\\/les-gens-du-nord-avec-pauline-symphoniques-kids\\\/\"]}]},{\"@type\":\"BreadcrumbList\",\"@id\":\"https:\\\/\\\/enricomaciasloriental.fr\\\/WordPress\\\/les-gens-du-nord-avec-pauline-symphoniques-kids\\\/#breadcrumb\",\"itemListElement\":[{\"@type\":\"ListItem\",\"position\":1,\"name\":\"Accueil\",\"item\":\"https:\\\/\\\/enricomaciasloriental.fr\\\/WordPress\\\/\"},{\"@type\":\"ListItem\",\"position\":2,\"name\":\"Les gens du nord avec Pauline &#8211; Symphonique Kids\"}]},{\"@type\":\"WebSite\",\"@id\":\"https:\\\/\\\/enricomaciasloriental.fr\\\/WordPress\\\/#website\",\"url\":\"https:\\\/\\\/enricomaciasloriental.fr\\\/WordPress\\\/\",\"name\":\"ENRICO MACIAS L'Oriental\",\"description\":\"IL EST COMME LE SOLEIL\",\"publisher\":{\"@id\":\"https:\\\/\\\/enricomaciasloriental.fr\\\/WordPress\\\/#\\\/schema\\\/person\\\/53fba112c6f4f0b335578890a816262e\"},\"potentialAction\":[{\"@type\":\"SearchAction\",\"target\":{\"@type\":\"EntryPoint\",\"urlTemplate\":\"https:\\\/\\\/enricomaciasloriental.fr\\\/WordPress\\\/?s={search_term_string}\"},\"query-input\":{\"@type\":\"PropertyValueSpecification\",\"valueRequired\":true,\"valueName\":\"search_term_string\"}}],\"inLanguage\":\"fr-FR\"},{\"@type\":[\"Person\",\"Organization\"],\"@id\":\"https:\\\/\\\/enricomaciasloriental.fr\\\/WordPress\\\/#\\\/schema\\\/person\\\/53fba112c6f4f0b335578890a816262e\",\"name\":\"Loriental\",\"image\":{\"@type\":\"ImageObject\",\"inLanguage\":\"fr-FR\",\"@id\":\"https:\\\/\\\/enricomaciasloriental.fr\\\/WordPress\\\/wp-content\\\/uploads\\\/\\\/2015\\\/02\\\/cropped-bannier_altaiir-enrico.jpg\",\"url\":\"https:\\\/\\\/enricomaciasloriental.fr\\\/WordPress\\\/wp-content\\\/uploads\\\/\\\/2015\\\/02\\\/cropped-bannier_altaiir-enrico.jpg\",\"contentUrl\":\"https:\\\/\\\/enricomaciasloriental.fr\\\/WordPress\\\/wp-content\\\/uploads\\\/\\\/2015\\\/02\\\/cropped-bannier_altaiir-enrico.jpg\",\"width\":1200,\"height\":150,\"caption\":\"Loriental\"},\"logo\":{\"@id\":\"https:\\\/\\\/enricomaciasloriental.fr\\\/WordPress\\\/wp-content\\\/uploads\\\/\\\/2015\\\/02\\\/cropped-bannier_altaiir-enrico.jpg\"},\"sameAs\":[\"http:\\\/\\\/www.enricomaciasloriental.fr\\\/\"]}]}<\/script>\n<!-- \/ Yoast SEO plugin. -->","yoast_head_json":{"title":"Les gens du nord avec Pauline - Symphonique Kids - ENRICO MACIAS L&#039;Oriental","robots":{"index":"index","follow":"follow","max-snippet":"max-snippet:-1","max-image-preview":"max-image-preview:large","max-video-preview":"max-video-preview:-1"},"canonical":"https:\/\/enricomaciasloriental.fr\/WordPress\/les-gens-du-nord-avec-pauline-symphoniques-kids\/","og_locale":"fr_FR","og_type":"article","og_title":"Les gens du nord avec Pauline - Symphonique Kids - ENRICO MACIAS L&#039;Oriental","og_description":"SYMPHONIQUE KIDS\u00a0 jouent pour + de vie 115 musiciens, \u00abLes Petites Mains symphoniques\u00bb, constitu\u00e9 d&rsquo;enfants de 6 \u00e0 17 ans accompagnent de nombreux artistes fran\u00e7ais mobilis\u00e9s pour la cause. Direction musicale : Yannick Hugnet Direction d&rsquo;orchestre : Eric du Fay &hellip; Les gens du nord avec Pauline &#8211; Symphonique Kids Read More &raquo;","og_url":"https:\/\/enricomaciasloriental.fr\/WordPress\/les-gens-du-nord-avec-pauline-symphoniques-kids\/","og_site_name":"ENRICO MACIAS L&#039;Oriental","article_published_time":"2018-10-06T16:38:20+00:00","article_modified_time":"2018-10-06T16:40:23+00:00","og_image":[{"width":700,"height":497,"url":"https:\/\/enricomaciasloriental.fr\/WordPress\/wp-content\/uploads\/\/2019\/02\/article-902.jpg","type":"image\/jpeg"}],"author":"Loriental","twitter_card":"summary_large_image","twitter_misc":{"\u00c9crit par":"Loriental"},"schema":{"@context":"https:\/\/schema.org","@graph":[{"@type":"Article","@id":"https:\/\/enricomaciasloriental.fr\/WordPress\/les-gens-du-nord-avec-pauline-symphoniques-kids\/#article","isPartOf":{"@id":"https:\/\/enricomaciasloriental.fr\/WordPress\/les-gens-du-nord-avec-pauline-symphoniques-kids\/"},"author":{"name":"Loriental","@id":"https:\/\/enricomaciasloriental.fr\/WordPress\/#\/schema\/person\/53fba112c6f4f0b335578890a816262e"},"headline":"Les gens du nord avec Pauline &#8211; Symphonique Kids","datePublished":"2018-10-06T16:38:20+00:00","dateModified":"2018-10-06T16:40:23+00:00","mainEntityOfPage":{"@id":"https:\/\/enricomaciasloriental.fr\/WordPress\/les-gens-du-nord-avec-pauline-symphoniques-kids\/"},"wordCount":62,"commentCount":1,"publisher":{"@id":"https:\/\/enricomaciasloriental.fr\/WordPress\/#\/schema\/person\/53fba112c6f4f0b335578890a816262e"},"articleSection":["Duos"],"inLanguage":"fr-FR","potentialAction":[{"@type":"CommentAction","name":"Comment","target":["https:\/\/enricomaciasloriental.fr\/WordPress\/les-gens-du-nord-avec-pauline-symphoniques-kids\/#respond"]}]},{"@type":"WebPage","@id":"https:\/\/enricomaciasloriental.fr\/WordPress\/les-gens-du-nord-avec-pauline-symphoniques-kids\/","url":"https:\/\/enricomaciasloriental.fr\/WordPress\/les-gens-du-nord-avec-pauline-symphoniques-kids\/","name":"Les gens du nord avec Pauline - Symphonique Kids - ENRICO MACIAS L&#039;Oriental","isPartOf":{"@id":"https:\/\/enricomaciasloriental.fr\/WordPress\/#website"},"datePublished":"2018-10-06T16:38:20+00:00","dateModified":"2018-10-06T16:40:23+00:00","breadcrumb":{"@id":"https:\/\/enricomaciasloriental.fr\/WordPress\/les-gens-du-nord-avec-pauline-symphoniques-kids\/#breadcrumb"},"inLanguage":"fr-FR","potentialAction":[{"@type":"ReadAction","target":["https:\/\/enricomaciasloriental.fr\/WordPress\/les-gens-du-nord-avec-pauline-symphoniques-kids\/"]}]},{"@type":"BreadcrumbList","@id":"https:\/\/enricomaciasloriental.fr\/WordPress\/les-gens-du-nord-avec-pauline-symphoniques-kids\/#breadcrumb","itemListElement":[{"@type":"ListItem","position":1,"name":"Accueil","item":"https:\/\/enricomaciasloriental.fr\/WordPress\/"},{"@type":"ListItem","position":2,"name":"Les gens du nord avec Pauline &#8211; Symphonique Kids"}]},{"@type":"WebSite","@id":"https:\/\/enricomaciasloriental.fr\/WordPress\/#website","url":"https:\/\/enricomaciasloriental.fr\/WordPress\/","name":"ENRICO MACIAS L'Oriental","description":"IL EST COMME LE SOLEIL","publisher":{"@id":"https:\/\/enricomaciasloriental.fr\/WordPress\/#\/schema\/person\/53fba112c6f4f0b335578890a816262e"},"potentialAction":[{"@type":"SearchAction","target":{"@type":"EntryPoint","urlTemplate":"https:\/\/enricomaciasloriental.fr\/WordPress\/?s={search_term_string}"},"query-input":{"@type":"PropertyValueSpecification","valueRequired":true,"valueName":"search_term_string"}}],"inLanguage":"fr-FR"},{"@type":["Person","Organization"],"@id":"https:\/\/enricomaciasloriental.fr\/WordPress\/#\/schema\/person\/53fba112c6f4f0b335578890a816262e","name":"Loriental","image":{"@type":"ImageObject","inLanguage":"fr-FR","@id":"https:\/\/enricomaciasloriental.fr\/WordPress\/wp-content\/uploads\/\/2015\/02\/cropped-bannier_altaiir-enrico.jpg","url":"https:\/\/enricomaciasloriental.fr\/WordPress\/wp-content\/uploads\/\/2015\/02\/cropped-bannier_altaiir-enrico.jpg","contentUrl":"https:\/\/enricomaciasloriental.fr\/WordPress\/wp-content\/uploads\/\/2015\/02\/cropped-bannier_altaiir-enrico.jpg","width":1200,"height":150,"caption":"Loriental"},"logo":{"@id":"https:\/\/enricomaciasloriental.fr\/WordPress\/wp-content\/uploads\/\/2015\/02\/cropped-bannier_altaiir-enrico.jpg"},"sameAs":["http:\/\/www.enricomaciasloriental.fr\/"]}]}},"featured_image_src":"","featured_image_src_square":false,"author_info":{"display_name":"Loriental","author_link":"https:\/\/enricomaciasloriental.fr\/WordPress\/author\/admin9234\/"},"rbea_author_info":{"display_name":"Loriental","author_link":"https:\/\/enricomaciasloriental.fr\/WordPress\/author\/admin9234\/"},"rbea_excerpt_info":"SYMPHONIQUE KIDS\u00a0 jouent pour + de vie 115 musiciens, \u00abLes Petites Mains symphoniques\u00bb, constitu\u00e9 d&rsquo;enfants de 6 \u00e0 17 ans accompagnent de nombreux artistes fran\u00e7ais mobilis\u00e9s pour la cause. Direction musicale : Yannick Hugnet Direction d&rsquo;orchestre : Eric du Fay &hellip;<p class=\"read-more\"> <a class=\"more-link\" href=\"https:\/\/enricomaciasloriental.fr\/WordPress\/les-gens-du-nord-avec-pauline-symphoniques-kids\/\"> <span class=\"screen-reader-text\">Les gens du nord avec Pauline &#8211; Symphonique Kids<\/span> Read More &raquo;<\/a><\/p>","category_list":"<a href=\"https:\/\/enricomaciasloriental.fr\/WordPress\/category\/videos\/duos\/\">Duos<\/a>","comments_num":"0 comments","_links":{"self":[{"href":"https:\/\/enricomaciasloriental.fr\/WordPress\/wp-json\/wp\/v2\/posts\/11932","targetHints":{"allow":["GET"]}}],"collection":[{"href":"https:\/\/enricomaciasloriental.fr\/WordPress\/wp-json\/wp\/v2\/posts"}],"about":[{"href":"https:\/\/enricomaciasloriental.fr\/WordPress\/wp-json\/wp\/v2\/types\/post"}],"author":[{"embeddable":true,"href":"https:\/\/enricomaciasloriental.fr\/WordPress\/wp-json\/wp\/v2\/users\/36"}],"replies":[{"embeddable":true,"href":"https:\/\/enricomaciasloriental.fr\/WordPress\/wp-json\/wp\/v2\/comments?post=11932"}],"version-history":[{"count":0,"href":"https:\/\/enricomaciasloriental.fr\/WordPress\/wp-json\/wp\/v2\/posts\/11932\/revisions"}],"wp:attachment":[{"href":"https:\/\/enricomaciasloriental.fr\/WordPress\/wp-json\/wp\/v2\/media?parent=11932"}],"wp:term":[{"taxonomy":"category","embeddable":true,"href":"https:\/\/enricomaciasloriental.fr\/WordPress\/wp-json\/wp\/v2\/categories?post=11932"},{"taxonomy":"post_tag","embeddable":true,"href":"https:\/\/enricomaciasloriental.fr\/WordPress\/wp-json\/wp\/v2\/tags?post=11932"}],"curies":[{"name":"wp","href":"https:\/\/api.w.org\/{rel}","templated":true}]}}