{"id":12212,"date":"2019-02-10T05:24:48","date_gmt":"2019-02-10T04:24:48","guid":{"rendered":"http:\/\/enricomaciasloriental.fr\/WordPress\/?p=12212"},"modified":"2019-02-10T05:30:31","modified_gmt":"2019-02-10T04:30:31","slug":"sublissime-enrico","status":"publish","type":"post","link":"https:\/\/enricomaciasloriental.fr\/WordPress\/sublissime-enrico\/","title":{"rendered":"Sublissime Enrico"},"content":{"rendered":"<p><img fetchpriority=\"high\" decoding=\"async\" class=\"alignleft size-full wp-image-12211\" src=\"https:\/\/enricomaciasloriental.fr\/WordPress\/wp-content\/uploads\/\/2019\/02\/article-902.jpg\" alt=\"\" width=\"700\" height=\"497\" srcset=\"https:\/\/enricomaciasloriental.fr\/WordPress\/wp-content\/uploads\/2019\/02\/article-902.jpg 700w, https:\/\/enricomaciasloriental.fr\/WordPress\/wp-content\/uploads\/2019\/02\/article-902-300x213.jpg 300w\" sizes=\"(max-width: 700px) 100vw, 700px\" \/><\/p>\n<p>Apr\u00e8s deux ann\u00e9es d\u2019absence, c\u2019est pour f\u00eater ses 80 ans qu\u2019Enrico Macias a donn\u00e9 rendez-vous \u00e0 son public, ce week end, sur la sc\u00e8ne de l\u2019Olympia.<br \/>\nEt c\u2019est \u00e0 guichet ferm\u00e9 que s\u2019est jou\u00e9e cette premi\u00e8re soir\u00e9e du samedi.<\/p>\n<p>A \u00e9v\u00e8nement exceptionnel, f\u00eate exceptionnelle ! Et l\u2019on peut dire que le spectacle a \u00e9t\u00e9 sublime, au-del\u00e0 de tout ce qu\u2019on pouvait imaginer.<br \/>\nNous n\u2019aurons pas assez d\u2019une seule page pour tout vous raconter et vous faire partager toutes les surprises qui nous ont \u00e9t\u00e9 faites par Enrico. Mais n\u2019ayez crainte, il y aura plusieurs \u00e9pisodes.<br \/>\nPour ce soir, nous planterons le d\u00e9cor. Un orchestre digne de celui des ann\u00e9es 80, compos\u00e9 de 20 musiciens auxquels se sont jointes trois choristes.<br \/>\nDes arrangements enti\u00e8rement r\u00e9\u00e9crits pour l\u2019occasion par Lionel Teboul et Jean Claude Ghrenassia. Nous consacrerons un article \u00e0 Lionel Teboul. Mais souvenez-vous d\u2019une certaine \u00e9cole des fans en 1977 et de l\u2019Olympia de1985. Nous y reviendrons.<br \/>\nUn spectacle en deux parties qui nous a tenus en haleine trois heures durant, nous entrainant dans un tourbillon de surprises et d\u2019\u00e9motions toutes plus belles les unes que les autres.<\/p>\n<p>Un voyage de l\u2019occident \u00e0 l\u2019orient avec un \u00e9l\u00e9ment central \u00ab La M\u00e9diterran\u00e9e \u00bb qui d\u00e8s l\u2019entr\u00e9e du spectacle a permis de confirmer que le soleil du pays \u00e9tait bien pr\u00e9sent sur sc\u00e8ne comme dans la salle. Et Enrico, \u00ab Il est comme le soleil \u00bb. Epoustouflant, il ne nous a pas laiss\u00e9 une seconde de r\u00e9pit, nous offrant un medley tr\u00e8s ensoleill\u00e9 qui a fait exulter de joie la salle : imaginez \u00ab Un rayon de soleil \u00bb, \u00ab Il est comme le soleil \u00bb, \u00ab j\u2019appelle le soleil \u00bb. Nous retiendrons aussi dans la premi\u00e8re partie \u00ab Ma Patrie \u00bb, et puis \u00ab La casa del sol \u00bb, \u00ab Par ton premier baiser \u00bb.<br \/>\nEnrico avait aussi invit\u00e9 \u00ab Kendji Girac \u00bb pour un duo d\u2019exception sur \u00ab adieu mon pays \u00bb. Leurs guitares et leur voix s\u2019entendent \u00e0 merveille et on aurait bien gard\u00e9 Kendji un peu plus longtemps sur sc\u00e8ne pour \u00ab La casa del sol \u00bb.<\/p>\n<p>Cette premi\u00e8re partie a \u00e9galement \u00e9t\u00e9 ponctu\u00e9e par trois hommages tr\u00e8s \u00e9mouvants.<br \/>\nL\u2019un \u00e0 Charley Marouani, son impr\u00e9sario d\u00e9c\u00e9d\u00e9 fin juillet 2017, et pour lequel Enrico a interpr\u00e9t\u00e9 avec le seul piano pour accompagnement, une tr\u00e8s belle chanson \u00e9crite par Fr\u00e9d\u00e9ric Zeitoun.<br \/>\nLe second a \u00e9t\u00e9 pour Jean Claudric, le grand ami et le compositeur et arrangeur de tant de succ\u00e8s de l\u2019artiste. Enrico l\u2019a appel\u00e9 sur sc\u00e8ne, \u00e0 ses c\u00f4t\u00e9s, pour interpr\u00e9ter \u00ab Les gens du nord \u00bb et toute la complicit\u00e9 qui existe entre ces deux monsieurs \u00e9tait presque palpable..<br \/>\nLe troisi\u00e8me hommage a \u00e9t\u00e9 pour Charles Aznavour, avec la reprise \u00ab Les deux guitares \u00bb.<\/p>\n<p>Et nous sommes arriv\u00e9s \u00e0 la fin de cette premi\u00e8re partie un peu ivres de tant de joies, du bonheur qui se lisait sur le visage d\u2019Enrico et de l\u2019ambiance torride qui r\u00e9gnait dans la salle.<br \/>\nDu grand Enrico, qui a \u00e9t\u00e9 magistral de bout en bout.<br \/>\nChapeau monsieur Macias ! Vous nous avez bluff\u00e9s et cette soir\u00e9e a \u00e9t\u00e9 un grand kiff.<\/p>\n<p>Comme il se fait tard, nous vous donnons rendez-vous demain pour vous parler de la seconde partie du spectacle qui nous a fait traverser la m\u00e9diterran\u00e9e et a fait monter encore d\u2019un cran, la chaleur sur le boulevard des Capucines.<\/p>\n<p>Enrico vous attend encore tous nombreux ce dimanche \u00e0 17h.<\/p>\n<p>&nbsp;<\/p>\n","protected":false},"excerpt":{"rendered":"<p>Apr\u00e8s deux ann\u00e9es d\u2019absence, c\u2019est pour f\u00eater ses 80 ans qu\u2019Enrico Macias a donn\u00e9 rendez-vous \u00e0 son public, ce week end, sur la sc\u00e8ne de l\u2019Olympia. Et c\u2019est \u00e0 guichet ferm\u00e9 que s\u2019est jou\u00e9e cette premi\u00e8re soir\u00e9e du samedi. A &hellip;<\/p>\n<p class=\"read-more\"> <a class=\"more-link\" href=\"https:\/\/enricomaciasloriental.fr\/WordPress\/sublissime-enrico\/\"> <span class=\"screen-reader-text\">Sublissime Enrico<\/span> Read More &raquo;<\/a><\/p>\n","protected":false},"author":36,"featured_media":0,"comment_status":"open","ping_status":"open","sticky":false,"template":"","format":"standard","meta":{"footnotes":""},"categories":[1],"tags":[],"class_list":["post-12212","post","type-post","status-publish","format-standard","hentry","category-actualites"],"yoast_head":"<!-- This site is optimized with the Yoast SEO plugin v27.4 - https:\/\/yoast.com\/product\/yoast-seo-wordpress\/ -->\n<title>Sublissime Enrico - ENRICO MACIAS L&#039;Oriental<\/title>\n<meta name=\"robots\" content=\"index, follow, max-snippet:-1, max-image-preview:large, max-video-preview:-1\" \/>\n<link rel=\"canonical\" href=\"https:\/\/enricomaciasloriental.fr\/WordPress\/sublissime-enrico\/\" \/>\n<meta property=\"og:locale\" content=\"fr_FR\" \/>\n<meta property=\"og:type\" content=\"article\" \/>\n<meta property=\"og:title\" content=\"Sublissime Enrico - ENRICO MACIAS L&#039;Oriental\" \/>\n<meta property=\"og:description\" content=\"Apr\u00e8s deux ann\u00e9es d\u2019absence, c\u2019est pour f\u00eater ses 80 ans qu\u2019Enrico Macias a donn\u00e9 rendez-vous \u00e0 son public, ce week end, sur la sc\u00e8ne de l\u2019Olympia. Et c\u2019est \u00e0 guichet ferm\u00e9 que s\u2019est jou\u00e9e cette premi\u00e8re soir\u00e9e du samedi. A &hellip; Sublissime Enrico Read More &raquo;\" \/>\n<meta property=\"og:url\" content=\"https:\/\/enricomaciasloriental.fr\/WordPress\/sublissime-enrico\/\" \/>\n<meta property=\"og:site_name\" content=\"ENRICO MACIAS L&#039;Oriental\" \/>\n<meta property=\"article:published_time\" content=\"2019-02-10T04:24:48+00:00\" \/>\n<meta property=\"article:modified_time\" content=\"2019-02-10T04:30:31+00:00\" \/>\n<meta property=\"og:image\" content=\"http:\/\/enricomaciasloriental.fr\/WordPress\/wp-content\/uploads\/\/2019\/02\/article-902.jpg\" \/>\n<meta name=\"author\" content=\"Loriental\" \/>\n<meta name=\"twitter:card\" content=\"summary_large_image\" \/>\n<meta name=\"twitter:label1\" content=\"\u00c9crit par\" \/>\n\t<meta name=\"twitter:data1\" content=\"Loriental\" \/>\n\t<meta name=\"twitter:label2\" content=\"Dur\u00e9e de lecture estim\u00e9e\" \/>\n\t<meta name=\"twitter:data2\" content=\"3 minutes\" \/>\n<script type=\"application\/ld+json\" class=\"yoast-schema-graph\">{\"@context\":\"https:\\\/\\\/schema.org\",\"@graph\":[{\"@type\":\"Article\",\"@id\":\"https:\\\/\\\/enricomaciasloriental.fr\\\/WordPress\\\/sublissime-enrico\\\/#article\",\"isPartOf\":{\"@id\":\"https:\\\/\\\/enricomaciasloriental.fr\\\/WordPress\\\/sublissime-enrico\\\/\"},\"author\":{\"name\":\"Loriental\",\"@id\":\"https:\\\/\\\/enricomaciasloriental.fr\\\/WordPress\\\/#\\\/schema\\\/person\\\/53fba112c6f4f0b335578890a816262e\"},\"headline\":\"Sublissime Enrico\",\"datePublished\":\"2019-02-10T04:24:48+00:00\",\"dateModified\":\"2019-02-10T04:30:31+00:00\",\"mainEntityOfPage\":{\"@id\":\"https:\\\/\\\/enricomaciasloriental.fr\\\/WordPress\\\/sublissime-enrico\\\/\"},\"wordCount\":603,\"commentCount\":3,\"publisher\":{\"@id\":\"https:\\\/\\\/enricomaciasloriental.fr\\\/WordPress\\\/#\\\/schema\\\/person\\\/53fba112c6f4f0b335578890a816262e\"},\"image\":{\"@id\":\"https:\\\/\\\/enricomaciasloriental.fr\\\/WordPress\\\/sublissime-enrico\\\/#primaryimage\"},\"thumbnailUrl\":\"http:\\\/\\\/enricomaciasloriental.fr\\\/WordPress\\\/wp-content\\\/uploads\\\/\\\/2019\\\/02\\\/article-902.jpg\",\"articleSection\":[\"Actualit\u00e9s\"],\"inLanguage\":\"fr-FR\",\"potentialAction\":[{\"@type\":\"CommentAction\",\"name\":\"Comment\",\"target\":[\"https:\\\/\\\/enricomaciasloriental.fr\\\/WordPress\\\/sublissime-enrico\\\/#respond\"]}]},{\"@type\":\"WebPage\",\"@id\":\"https:\\\/\\\/enricomaciasloriental.fr\\\/WordPress\\\/sublissime-enrico\\\/\",\"url\":\"https:\\\/\\\/enricomaciasloriental.fr\\\/WordPress\\\/sublissime-enrico\\\/\",\"name\":\"Sublissime Enrico - ENRICO MACIAS L&#039;Oriental\",\"isPartOf\":{\"@id\":\"https:\\\/\\\/enricomaciasloriental.fr\\\/WordPress\\\/#website\"},\"primaryImageOfPage\":{\"@id\":\"https:\\\/\\\/enricomaciasloriental.fr\\\/WordPress\\\/sublissime-enrico\\\/#primaryimage\"},\"image\":{\"@id\":\"https:\\\/\\\/enricomaciasloriental.fr\\\/WordPress\\\/sublissime-enrico\\\/#primaryimage\"},\"thumbnailUrl\":\"http:\\\/\\\/enricomaciasloriental.fr\\\/WordPress\\\/wp-content\\\/uploads\\\/\\\/2019\\\/02\\\/article-902.jpg\",\"datePublished\":\"2019-02-10T04:24:48+00:00\",\"dateModified\":\"2019-02-10T04:30:31+00:00\",\"breadcrumb\":{\"@id\":\"https:\\\/\\\/enricomaciasloriental.fr\\\/WordPress\\\/sublissime-enrico\\\/#breadcrumb\"},\"inLanguage\":\"fr-FR\",\"potentialAction\":[{\"@type\":\"ReadAction\",\"target\":[\"https:\\\/\\\/enricomaciasloriental.fr\\\/WordPress\\\/sublissime-enrico\\\/\"]}]},{\"@type\":\"ImageObject\",\"inLanguage\":\"fr-FR\",\"@id\":\"https:\\\/\\\/enricomaciasloriental.fr\\\/WordPress\\\/sublissime-enrico\\\/#primaryimage\",\"url\":\"https:\\\/\\\/enricomaciasloriental.fr\\\/WordPress\\\/wp-content\\\/uploads\\\/\\\/2019\\\/02\\\/article-902.jpg\",\"contentUrl\":\"https:\\\/\\\/enricomaciasloriental.fr\\\/WordPress\\\/wp-content\\\/uploads\\\/\\\/2019\\\/02\\\/article-902.jpg\",\"width\":700,\"height\":497},{\"@type\":\"BreadcrumbList\",\"@id\":\"https:\\\/\\\/enricomaciasloriental.fr\\\/WordPress\\\/sublissime-enrico\\\/#breadcrumb\",\"itemListElement\":[{\"@type\":\"ListItem\",\"position\":1,\"name\":\"Accueil\",\"item\":\"https:\\\/\\\/enricomaciasloriental.fr\\\/WordPress\\\/\"},{\"@type\":\"ListItem\",\"position\":2,\"name\":\"Sublissime Enrico\"}]},{\"@type\":\"WebSite\",\"@id\":\"https:\\\/\\\/enricomaciasloriental.fr\\\/WordPress\\\/#website\",\"url\":\"https:\\\/\\\/enricomaciasloriental.fr\\\/WordPress\\\/\",\"name\":\"ENRICO MACIAS L'Oriental\",\"description\":\"IL EST COMME LE SOLEIL\",\"publisher\":{\"@id\":\"https:\\\/\\\/enricomaciasloriental.fr\\\/WordPress\\\/#\\\/schema\\\/person\\\/53fba112c6f4f0b335578890a816262e\"},\"potentialAction\":[{\"@type\":\"SearchAction\",\"target\":{\"@type\":\"EntryPoint\",\"urlTemplate\":\"https:\\\/\\\/enricomaciasloriental.fr\\\/WordPress\\\/?s={search_term_string}\"},\"query-input\":{\"@type\":\"PropertyValueSpecification\",\"valueRequired\":true,\"valueName\":\"search_term_string\"}}],\"inLanguage\":\"fr-FR\"},{\"@type\":[\"Person\",\"Organization\"],\"@id\":\"https:\\\/\\\/enricomaciasloriental.fr\\\/WordPress\\\/#\\\/schema\\\/person\\\/53fba112c6f4f0b335578890a816262e\",\"name\":\"Loriental\",\"image\":{\"@type\":\"ImageObject\",\"inLanguage\":\"fr-FR\",\"@id\":\"https:\\\/\\\/enricomaciasloriental.fr\\\/WordPress\\\/wp-content\\\/uploads\\\/\\\/2015\\\/02\\\/cropped-bannier_altaiir-enrico.jpg\",\"url\":\"https:\\\/\\\/enricomaciasloriental.fr\\\/WordPress\\\/wp-content\\\/uploads\\\/\\\/2015\\\/02\\\/cropped-bannier_altaiir-enrico.jpg\",\"contentUrl\":\"https:\\\/\\\/enricomaciasloriental.fr\\\/WordPress\\\/wp-content\\\/uploads\\\/\\\/2015\\\/02\\\/cropped-bannier_altaiir-enrico.jpg\",\"width\":1200,\"height\":150,\"caption\":\"Loriental\"},\"logo\":{\"@id\":\"https:\\\/\\\/enricomaciasloriental.fr\\\/WordPress\\\/wp-content\\\/uploads\\\/\\\/2015\\\/02\\\/cropped-bannier_altaiir-enrico.jpg\"},\"sameAs\":[\"http:\\\/\\\/www.enricomaciasloriental.fr\\\/\"]}]}<\/script>\n<!-- \/ Yoast SEO plugin. -->","yoast_head_json":{"title":"Sublissime Enrico - ENRICO MACIAS L&#039;Oriental","robots":{"index":"index","follow":"follow","max-snippet":"max-snippet:-1","max-image-preview":"max-image-preview:large","max-video-preview":"max-video-preview:-1"},"canonical":"https:\/\/enricomaciasloriental.fr\/WordPress\/sublissime-enrico\/","og_locale":"fr_FR","og_type":"article","og_title":"Sublissime Enrico - ENRICO MACIAS L&#039;Oriental","og_description":"Apr\u00e8s deux ann\u00e9es d\u2019absence, c\u2019est pour f\u00eater ses 80 ans qu\u2019Enrico Macias a donn\u00e9 rendez-vous \u00e0 son public, ce week end, sur la sc\u00e8ne de l\u2019Olympia. Et c\u2019est \u00e0 guichet ferm\u00e9 que s\u2019est jou\u00e9e cette premi\u00e8re soir\u00e9e du samedi. A &hellip; Sublissime Enrico Read More &raquo;","og_url":"https:\/\/enricomaciasloriental.fr\/WordPress\/sublissime-enrico\/","og_site_name":"ENRICO MACIAS L&#039;Oriental","article_published_time":"2019-02-10T04:24:48+00:00","article_modified_time":"2019-02-10T04:30:31+00:00","og_image":[{"url":"http:\/\/enricomaciasloriental.fr\/WordPress\/wp-content\/uploads\/\/2019\/02\/article-902.jpg","type":"","width":"","height":""}],"author":"Loriental","twitter_card":"summary_large_image","twitter_misc":{"\u00c9crit par":"Loriental","Dur\u00e9e de lecture estim\u00e9e":"3 minutes"},"schema":{"@context":"https:\/\/schema.org","@graph":[{"@type":"Article","@id":"https:\/\/enricomaciasloriental.fr\/WordPress\/sublissime-enrico\/#article","isPartOf":{"@id":"https:\/\/enricomaciasloriental.fr\/WordPress\/sublissime-enrico\/"},"author":{"name":"Loriental","@id":"https:\/\/enricomaciasloriental.fr\/WordPress\/#\/schema\/person\/53fba112c6f4f0b335578890a816262e"},"headline":"Sublissime Enrico","datePublished":"2019-02-10T04:24:48+00:00","dateModified":"2019-02-10T04:30:31+00:00","mainEntityOfPage":{"@id":"https:\/\/enricomaciasloriental.fr\/WordPress\/sublissime-enrico\/"},"wordCount":603,"commentCount":3,"publisher":{"@id":"https:\/\/enricomaciasloriental.fr\/WordPress\/#\/schema\/person\/53fba112c6f4f0b335578890a816262e"},"image":{"@id":"https:\/\/enricomaciasloriental.fr\/WordPress\/sublissime-enrico\/#primaryimage"},"thumbnailUrl":"http:\/\/enricomaciasloriental.fr\/WordPress\/wp-content\/uploads\/\/2019\/02\/article-902.jpg","articleSection":["Actualit\u00e9s"],"inLanguage":"fr-FR","potentialAction":[{"@type":"CommentAction","name":"Comment","target":["https:\/\/enricomaciasloriental.fr\/WordPress\/sublissime-enrico\/#respond"]}]},{"@type":"WebPage","@id":"https:\/\/enricomaciasloriental.fr\/WordPress\/sublissime-enrico\/","url":"https:\/\/enricomaciasloriental.fr\/WordPress\/sublissime-enrico\/","name":"Sublissime Enrico - ENRICO MACIAS L&#039;Oriental","isPartOf":{"@id":"https:\/\/enricomaciasloriental.fr\/WordPress\/#website"},"primaryImageOfPage":{"@id":"https:\/\/enricomaciasloriental.fr\/WordPress\/sublissime-enrico\/#primaryimage"},"image":{"@id":"https:\/\/enricomaciasloriental.fr\/WordPress\/sublissime-enrico\/#primaryimage"},"thumbnailUrl":"http:\/\/enricomaciasloriental.fr\/WordPress\/wp-content\/uploads\/\/2019\/02\/article-902.jpg","datePublished":"2019-02-10T04:24:48+00:00","dateModified":"2019-02-10T04:30:31+00:00","breadcrumb":{"@id":"https:\/\/enricomaciasloriental.fr\/WordPress\/sublissime-enrico\/#breadcrumb"},"inLanguage":"fr-FR","potentialAction":[{"@type":"ReadAction","target":["https:\/\/enricomaciasloriental.fr\/WordPress\/sublissime-enrico\/"]}]},{"@type":"ImageObject","inLanguage":"fr-FR","@id":"https:\/\/enricomaciasloriental.fr\/WordPress\/sublissime-enrico\/#primaryimage","url":"https:\/\/enricomaciasloriental.fr\/WordPress\/wp-content\/uploads\/\/2019\/02\/article-902.jpg","contentUrl":"https:\/\/enricomaciasloriental.fr\/WordPress\/wp-content\/uploads\/\/2019\/02\/article-902.jpg","width":700,"height":497},{"@type":"BreadcrumbList","@id":"https:\/\/enricomaciasloriental.fr\/WordPress\/sublissime-enrico\/#breadcrumb","itemListElement":[{"@type":"ListItem","position":1,"name":"Accueil","item":"https:\/\/enricomaciasloriental.fr\/WordPress\/"},{"@type":"ListItem","position":2,"name":"Sublissime Enrico"}]},{"@type":"WebSite","@id":"https:\/\/enricomaciasloriental.fr\/WordPress\/#website","url":"https:\/\/enricomaciasloriental.fr\/WordPress\/","name":"ENRICO MACIAS L'Oriental","description":"IL EST COMME LE SOLEIL","publisher":{"@id":"https:\/\/enricomaciasloriental.fr\/WordPress\/#\/schema\/person\/53fba112c6f4f0b335578890a816262e"},"potentialAction":[{"@type":"SearchAction","target":{"@type":"EntryPoint","urlTemplate":"https:\/\/enricomaciasloriental.fr\/WordPress\/?s={search_term_string}"},"query-input":{"@type":"PropertyValueSpecification","valueRequired":true,"valueName":"search_term_string"}}],"inLanguage":"fr-FR"},{"@type":["Person","Organization"],"@id":"https:\/\/enricomaciasloriental.fr\/WordPress\/#\/schema\/person\/53fba112c6f4f0b335578890a816262e","name":"Loriental","image":{"@type":"ImageObject","inLanguage":"fr-FR","@id":"https:\/\/enricomaciasloriental.fr\/WordPress\/wp-content\/uploads\/\/2015\/02\/cropped-bannier_altaiir-enrico.jpg","url":"https:\/\/enricomaciasloriental.fr\/WordPress\/wp-content\/uploads\/\/2015\/02\/cropped-bannier_altaiir-enrico.jpg","contentUrl":"https:\/\/enricomaciasloriental.fr\/WordPress\/wp-content\/uploads\/\/2015\/02\/cropped-bannier_altaiir-enrico.jpg","width":1200,"height":150,"caption":"Loriental"},"logo":{"@id":"https:\/\/enricomaciasloriental.fr\/WordPress\/wp-content\/uploads\/\/2015\/02\/cropped-bannier_altaiir-enrico.jpg"},"sameAs":["http:\/\/www.enricomaciasloriental.fr\/"]}]}},"featured_image_src":"","featured_image_src_square":false,"author_info":{"display_name":"Loriental","author_link":"https:\/\/enricomaciasloriental.fr\/WordPress\/author\/admin9234\/"},"rbea_author_info":{"display_name":"Loriental","author_link":"https:\/\/enricomaciasloriental.fr\/WordPress\/author\/admin9234\/"},"rbea_excerpt_info":"Apr\u00e8s deux ann\u00e9es d\u2019absence, c\u2019est pour f\u00eater ses 80 ans qu\u2019Enrico Macias a donn\u00e9 rendez-vous \u00e0 son public, ce week end, sur la sc\u00e8ne de l\u2019Olympia. Et c\u2019est \u00e0 guichet ferm\u00e9 que s\u2019est jou\u00e9e cette premi\u00e8re soir\u00e9e du samedi. A &hellip;<p class=\"read-more\"> <a class=\"more-link\" href=\"https:\/\/enricomaciasloriental.fr\/WordPress\/sublissime-enrico\/\"> <span class=\"screen-reader-text\">Sublissime Enrico<\/span> Read More &raquo;<\/a><\/p>","category_list":"<a href=\"https:\/\/enricomaciasloriental.fr\/WordPress\/category\/actualites\/\">Actualit\u00e9s<\/a>","comments_num":"3 comments","_links":{"self":[{"href":"https:\/\/enricomaciasloriental.fr\/WordPress\/wp-json\/wp\/v2\/posts\/12212","targetHints":{"allow":["GET"]}}],"collection":[{"href":"https:\/\/enricomaciasloriental.fr\/WordPress\/wp-json\/wp\/v2\/posts"}],"about":[{"href":"https:\/\/enricomaciasloriental.fr\/WordPress\/wp-json\/wp\/v2\/types\/post"}],"author":[{"embeddable":true,"href":"https:\/\/enricomaciasloriental.fr\/WordPress\/wp-json\/wp\/v2\/users\/36"}],"replies":[{"embeddable":true,"href":"https:\/\/enricomaciasloriental.fr\/WordPress\/wp-json\/wp\/v2\/comments?post=12212"}],"version-history":[{"count":0,"href":"https:\/\/enricomaciasloriental.fr\/WordPress\/wp-json\/wp\/v2\/posts\/12212\/revisions"}],"wp:attachment":[{"href":"https:\/\/enricomaciasloriental.fr\/WordPress\/wp-json\/wp\/v2\/media?parent=12212"}],"wp:term":[{"taxonomy":"category","embeddable":true,"href":"https:\/\/enricomaciasloriental.fr\/WordPress\/wp-json\/wp\/v2\/categories?post=12212"},{"taxonomy":"post_tag","embeddable":true,"href":"https:\/\/enricomaciasloriental.fr\/WordPress\/wp-json\/wp\/v2\/tags?post=12212"}],"curies":[{"name":"wp","href":"https:\/\/api.w.org\/{rel}","templated":true}]}}