{"id":12216,"date":"2019-02-11T12:22:36","date_gmt":"2019-02-11T11:22:36","guid":{"rendered":"http:\/\/enricomaciasloriental.fr\/WordPress\/?p=12216"},"modified":"2019-02-11T12:23:22","modified_gmt":"2019-02-11T11:23:22","slug":"12216","status":"publish","type":"post","link":"https:\/\/enricomaciasloriental.fr\/WordPress\/12216\/","title":{"rendered":"80 printemps et 57 ann\u00e9es entre l\u2019Orient et l\u2019occident"},"content":{"rendered":"<p><img fetchpriority=\"high\" decoding=\"async\" class=\"alignleft size-full wp-image-12217\" src=\"https:\/\/enricomaciasloriental.fr\/WordPress\/wp-content\/uploads\/\/2019\/02\/11022019.jpg\" alt=\"\" width=\"452\" height=\"700\" srcset=\"https:\/\/enricomaciasloriental.fr\/WordPress\/wp-content\/uploads\/2019\/02\/11022019.jpg 452w, https:\/\/enricomaciasloriental.fr\/WordPress\/wp-content\/uploads\/2019\/02\/11022019-194x300.jpg 194w\" sizes=\"(max-width: 452px) 100vw, 452px\" \/>Le vent \u00e9tait glacial ce dimanche apr\u00e8s-midi sur le boulevard des Capucines et une pluie fine tombait pas intermittence.<br \/>\nPourtant, la file d\u2019attente sur le trottoir de l\u2019Olympia \u00e9tait longue, pi\u00e9tinant d\u2019impatience en attendant l\u2019ouverture des portes.<\/p>\n<p>Et une fois install\u00e9s, nous avons embarqu\u00e9 pour un nouveau voyage ensoleill\u00e9 au pays de l\u2019amiti\u00e9 et sur les bords de la M\u00e9diterran\u00e9e.<\/p>\n<p>La premi\u00e8re partie, nous vous en avons d\u00e9j\u00e0 dress\u00e9 un aper\u00e7u et, ce dimanche, elle fut tout aussi enlev\u00e9e et ensoleill\u00e9e. A noter toutefois, la pr\u00e9sence d\u2019un invit\u00e9 diff\u00e9rent sur sc\u00e8ne en la personne d\u2019Amir qui a interpr\u00e9t\u00e9 un magnifique duo avec Enrico sur \u00ab\u00a0Oranges am\u00e8res\u00a0\u00bb.<\/p>\n<p>Donc aujourd\u2019hui, nous vous parlerons un peu plus de la seconde partie du spectacle, la partie orientale.<\/p>\n<p>Elle d\u00e9bute sur un coup de c\u0153ur foudroyant qui a fait hurler la salle de joie lorsque, d\u00e8s les premi\u00e8res notes du mendiant de l\u2019amour, Enrico entre sur sc\u00e8ne tout de blanc v\u00eatu. Aie, aie, aie, maman ch\u00e9rie, comme il est beau\u00a0et quelle belle surprise !<\/p>\n<p>A partir de cet instant, Enrico nous a plant\u00e9 le d\u00e9cor pour partager avec nous ses nostalgies, ses racines alg\u00e9riennes et arabo andalouses, ses croyances profondes et nous transmettre son message de paix et de tol\u00e9rance.<\/p>\n<p>Nous avons ainsi vibr\u00e9 d\u2019\u00e9motion sur \u00ab\u00a0le voyage\u00a0\u00bb, mais la tristesse n\u2019\u00e9tant jamais de longue dur\u00e9e chez Enrico, il nous a vite entrain\u00e9 dans les tourbillons de la f\u00eate avec \u00ab\u00a0Quand les femmes dansent\u00a0\u00bb, \u00ab\u00a0La vie populaire\u00a0\u00bb, \u00ab\u00a0A la gr\u00e2ce de Dieu\u00a0\u00bb.<\/p>\n<p>Puis il a invit\u00e9 un jeune chanteur rencontr\u00e9 sur une sc\u00e8ne marseillaise, David Hababou pour un tr\u00e8s beau duo sur un psaume liturgique h\u00e9breu \u00ab\u00a0Haleli\u00a0\u00bb. Nul doute que nous entendrons encore parler de ce jeune homme.<\/p>\n<p>Autre magnifique surprise sur une r\u00e9orchestration superbe, Enrico nous a interpr\u00e9t\u00e9 \u00ab\u00a0Le grain de bl\u00e9\u00a0\u00bb puis \u00ab\u00a0Une fille \u00e0 marier\u00a0\u00bb.<\/p>\n<p>La suite de la soir\u00e9e s\u2019est d\u00e9roul\u00e9e comme un voyage sur les rives du Maghreb aux accents du Chaabi et de la musique arabo andalouse.<\/p>\n<p>C\u2019est d\u2019abord Hafid Djemai qui est entr\u00e9 sur sc\u00e8ne avec sa mandole pour accompagner Enrico dans \u00ab\u00a0Aux talons de ses souliers\u00a0\u00bb.<\/p>\n<p><img decoding=\"async\" class=\"alignleft size-full wp-image-12218\" src=\"https:\/\/enricomaciasloriental.fr\/WordPress\/wp-content\/uploads\/\/2019\/02\/DSC_4656-2.jpg\" alt=\"\" width=\"700\" height=\"467\" srcset=\"https:\/\/enricomaciasloriental.fr\/WordPress\/wp-content\/uploads\/2019\/02\/DSC_4656-2.jpg 700w, https:\/\/enricomaciasloriental.fr\/WordPress\/wp-content\/uploads\/2019\/02\/DSC_4656-2-300x200.jpg 300w\" sizes=\"(max-width: 700px) 100vw, 700px\" \/>Enrico ayant souvent chant\u00e9 les femmes il a voulu cette fois chanter avec elles et c\u2019est d\u2019abord l\u2019artiste franco-alg\u00e9rienne Meriem Beldi qu\u2019il a appel\u00e9e sur sc\u00e8ne. Chanteuse et musicienne au croisement de l\u2019andalou et du chaabi alg\u00e9rois, accompagn\u00e9e de son oud, elle nous a fait vibrer aux sons de \u00ab\u00a0Ach Adebni\u00a0\u00bb.<\/p>\n<p>Puis ce fut au tour de Syrine Ben Moussa, chanteuse d\u2019origine tunisienne, interpr\u00e8te du r\u00e9pertoire arabo andalou et du malouf, de rejoindre le trio pour nous proposer une c\u00e9l\u00e8bre chanson d\u2019H\u00e9di Jouini \u00ab\u00a0Samra ya samra\u00a0\u00bb.<\/p>\n<p>Ensuite, Enrico nous a fait la surprise de nous chanter un in\u00e9dit \u00e0 son r\u00e9pertoire, mais un classique du malouf constantinois, \u00ab\u00a0Achek Mamhoune\u00a0\u00bb, repris en ch\u0153ur par les 4 artistes.<\/p>\n<p>Le festival s\u2019est poursuivi par une tr\u00e8s belle interpr\u00e9tation d\u2019Hafid Djemai de deux incontournables morceaux du chaabi alg\u00e9rien \u00ab\u00a0Chehilet Laayani\u00a0\u00bb et \u00ab\u00a0Ya bent bladi\u00a0\u00bb. Chanteur et instrumentiste d\u2019exception, il nous a fait une magnifique d\u00e9monstration de ses talents que nous connaissions d\u00e9j\u00e0 en partie puisqu\u2019il accompagne souvent, par ailleurs, Enrico dans ses concerts.<\/p>\n<p>La chaleur est alors mont\u00e9e d\u2019un cran, si cela \u00e9tait encore possible, aux premi\u00e8res notes de \u00ab\u00a0Ya Rayah\u00a0\u00bb qui provoque instantan\u00e9ment la lev\u00e9e du public et est le signal du moment pour toutes et tous de la danse et de la transe aux pieds de la sc\u00e8ne. Ce moment unique, nous vous l\u2019avons souvent d\u00e9crit, ces instants de joie ultime aux sons des youyous qui remercient Enrico pour tout le bonheur qu\u2019il nous a donn\u00e9 durant ce spectacle et qui s\u2019est termin\u00e9 par les grands classiques \u00ab\u00a0L\u2019oriental\u00a0\u00bb et \u00ab\u00a0El porompompero\u00a0\u00bb<\/p>\n<p>Sans doute n\u2019avons-nous pas tout dit encore dans ces lignes, il fallait vraiment \u00eatre l\u00e0 pour vivre ces instants magiques, ces instants de f\u00eate intense pour Enrico et les artistes qui l\u2019ont accompagn\u00e9 comme pour une salle comble et en d\u00e9lire.<\/p>\n<p>Alors nous voulons dire MILLE MERCI ENRICO\u00a0pour ce spectacle fantastique qui nous a rappel\u00e9 le bon temps des ann\u00e9es 70 et 80. Merci pour votre g\u00e9n\u00e9rosit\u00e9 sans limite et BRAVO pour votre \u00ab\u00a0p\u00eache\u00a0\u00bb.<\/p>\n<p>Merci \u00e0 Jean Claude Ghrenassia , Lionel Teboul et Bruno Bongar\u00e7on qui ont fait de magnifiques arrangements pour ce spectacle. Vous avez fait des prouesses.<\/p>\n<p>Merci \u00e0 tous les musiciens qui ont \u00e9t\u00e9 excellents\u00a0et ont accompagn\u00e9 et soutenu notre artiste avec beaucoup de professionnalisme et d\u2019amour.<\/p>\n<p>Merci \u00e0 Sud Concerts pour l\u2019organisation de cet Olympia qui nous \u00e9merveill\u00e9s<\/p>\n<p>Merci \u00e0 Laurent Abitbol<\/p>\n<p>Et merci \u00e0 toute l\u2019\u00e9quipe qui a entour\u00e9 et accompagn\u00e9 Enrico<\/p>\n<p>Alors il me reste quand m\u00eame \u00e0 vous annoncer la derni\u00e8re des surprises.<\/p>\n<p>Devant le succ\u00e8s de ces deux journ\u00e9es, pour tous ceux qui n\u2019ont pu obtenir des places ce week end ou pour ceux qui voudront revivre cette folle aventure orientale, Enrico nous offre deux nouvelles dates \u00e0 l\u2019Olympia les<\/p>\n<h3 style=\"text-align: center;\"><strong>18 ET 19 JUIN 2019<\/strong><\/h3>\n<p>Alors \u00e0 tr\u00e8s bient\u00f4t !<\/p>\n","protected":false},"excerpt":{"rendered":"<p>Le vent \u00e9tait glacial ce dimanche apr\u00e8s-midi sur le boulevard des Capucines et une pluie fine tombait pas intermittence. Pourtant, la file d\u2019attente sur le trottoir de l\u2019Olympia \u00e9tait longue, pi\u00e9tinant d\u2019impatience en attendant l\u2019ouverture des portes. Et une fois &hellip;<\/p>\n<p class=\"read-more\"> <a class=\"more-link\" href=\"https:\/\/enricomaciasloriental.fr\/WordPress\/12216\/\"> <span class=\"screen-reader-text\">80 printemps et 57 ann\u00e9es entre l\u2019Orient et l\u2019occident<\/span> Read More &raquo;<\/a><\/p>\n","protected":false},"author":36,"featured_media":0,"comment_status":"open","ping_status":"open","sticky":false,"template":"","format":"standard","meta":{"footnotes":""},"categories":[1],"tags":[],"class_list":["post-12216","post","type-post","status-publish","format-standard","hentry","category-actualites"],"yoast_head":"<!-- This site is optimized with the Yoast SEO plugin v27.4 - https:\/\/yoast.com\/product\/yoast-seo-wordpress\/ -->\n<title>80 printemps et 57 ann\u00e9es entre l\u2019Orient et l\u2019occident - ENRICO MACIAS L&#039;Oriental<\/title>\n<meta name=\"robots\" content=\"index, follow, max-snippet:-1, max-image-preview:large, max-video-preview:-1\" \/>\n<link rel=\"canonical\" href=\"https:\/\/enricomaciasloriental.fr\/WordPress\/12216\/\" \/>\n<meta property=\"og:locale\" content=\"fr_FR\" \/>\n<meta property=\"og:type\" content=\"article\" \/>\n<meta property=\"og:title\" content=\"80 printemps et 57 ann\u00e9es entre l\u2019Orient et l\u2019occident - ENRICO MACIAS L&#039;Oriental\" \/>\n<meta property=\"og:description\" content=\"Le vent \u00e9tait glacial ce dimanche apr\u00e8s-midi sur le boulevard des Capucines et une pluie fine tombait pas intermittence. Pourtant, la file d\u2019attente sur le trottoir de l\u2019Olympia \u00e9tait longue, pi\u00e9tinant d\u2019impatience en attendant l\u2019ouverture des portes. Et une fois &hellip; 80 printemps et 57 ann\u00e9es entre l\u2019Orient et l\u2019occident Read More &raquo;\" \/>\n<meta property=\"og:url\" content=\"https:\/\/enricomaciasloriental.fr\/WordPress\/12216\/\" \/>\n<meta property=\"og:site_name\" content=\"ENRICO MACIAS L&#039;Oriental\" \/>\n<meta property=\"article:published_time\" content=\"2019-02-11T11:22:36+00:00\" \/>\n<meta property=\"article:modified_time\" content=\"2019-02-11T11:23:22+00:00\" \/>\n<meta property=\"og:image\" content=\"http:\/\/enricomaciasloriental.fr\/WordPress\/wp-content\/uploads\/\/2019\/02\/11022019.jpg\" \/>\n<meta name=\"author\" content=\"Loriental\" \/>\n<meta name=\"twitter:card\" content=\"summary_large_image\" \/>\n<meta name=\"twitter:label1\" content=\"\u00c9crit par\" \/>\n\t<meta name=\"twitter:data1\" content=\"Loriental\" \/>\n\t<meta name=\"twitter:label2\" content=\"Dur\u00e9e de lecture estim\u00e9e\" \/>\n\t<meta name=\"twitter:data2\" content=\"5 minutes\" \/>\n<script type=\"application\/ld+json\" class=\"yoast-schema-graph\">{\"@context\":\"https:\\\/\\\/schema.org\",\"@graph\":[{\"@type\":\"Article\",\"@id\":\"https:\\\/\\\/enricomaciasloriental.fr\\\/WordPress\\\/12216\\\/#article\",\"isPartOf\":{\"@id\":\"https:\\\/\\\/enricomaciasloriental.fr\\\/WordPress\\\/12216\\\/\"},\"author\":{\"name\":\"Loriental\",\"@id\":\"https:\\\/\\\/enricomaciasloriental.fr\\\/WordPress\\\/#\\\/schema\\\/person\\\/53fba112c6f4f0b335578890a816262e\"},\"headline\":\"80 printemps et 57 ann\u00e9es entre l\u2019Orient et l\u2019occident\",\"datePublished\":\"2019-02-11T11:22:36+00:00\",\"dateModified\":\"2019-02-11T11:23:22+00:00\",\"mainEntityOfPage\":{\"@id\":\"https:\\\/\\\/enricomaciasloriental.fr\\\/WordPress\\\/12216\\\/\"},\"wordCount\":922,\"commentCount\":1,\"publisher\":{\"@id\":\"https:\\\/\\\/enricomaciasloriental.fr\\\/WordPress\\\/#\\\/schema\\\/person\\\/53fba112c6f4f0b335578890a816262e\"},\"image\":{\"@id\":\"https:\\\/\\\/enricomaciasloriental.fr\\\/WordPress\\\/12216\\\/#primaryimage\"},\"thumbnailUrl\":\"http:\\\/\\\/enricomaciasloriental.fr\\\/WordPress\\\/wp-content\\\/uploads\\\/\\\/2019\\\/02\\\/11022019.jpg\",\"articleSection\":[\"Actualit\u00e9s\"],\"inLanguage\":\"fr-FR\",\"potentialAction\":[{\"@type\":\"CommentAction\",\"name\":\"Comment\",\"target\":[\"https:\\\/\\\/enricomaciasloriental.fr\\\/WordPress\\\/12216\\\/#respond\"]}]},{\"@type\":\"WebPage\",\"@id\":\"https:\\\/\\\/enricomaciasloriental.fr\\\/WordPress\\\/12216\\\/\",\"url\":\"https:\\\/\\\/enricomaciasloriental.fr\\\/WordPress\\\/12216\\\/\",\"name\":\"80 printemps et 57 ann\u00e9es entre l\u2019Orient et l\u2019occident - ENRICO MACIAS L&#039;Oriental\",\"isPartOf\":{\"@id\":\"https:\\\/\\\/enricomaciasloriental.fr\\\/WordPress\\\/#website\"},\"primaryImageOfPage\":{\"@id\":\"https:\\\/\\\/enricomaciasloriental.fr\\\/WordPress\\\/12216\\\/#primaryimage\"},\"image\":{\"@id\":\"https:\\\/\\\/enricomaciasloriental.fr\\\/WordPress\\\/12216\\\/#primaryimage\"},\"thumbnailUrl\":\"http:\\\/\\\/enricomaciasloriental.fr\\\/WordPress\\\/wp-content\\\/uploads\\\/\\\/2019\\\/02\\\/11022019.jpg\",\"datePublished\":\"2019-02-11T11:22:36+00:00\",\"dateModified\":\"2019-02-11T11:23:22+00:00\",\"breadcrumb\":{\"@id\":\"https:\\\/\\\/enricomaciasloriental.fr\\\/WordPress\\\/12216\\\/#breadcrumb\"},\"inLanguage\":\"fr-FR\",\"potentialAction\":[{\"@type\":\"ReadAction\",\"target\":[\"https:\\\/\\\/enricomaciasloriental.fr\\\/WordPress\\\/12216\\\/\"]}]},{\"@type\":\"ImageObject\",\"inLanguage\":\"fr-FR\",\"@id\":\"https:\\\/\\\/enricomaciasloriental.fr\\\/WordPress\\\/12216\\\/#primaryimage\",\"url\":\"https:\\\/\\\/enricomaciasloriental.fr\\\/WordPress\\\/wp-content\\\/uploads\\\/\\\/2019\\\/02\\\/11022019.jpg\",\"contentUrl\":\"https:\\\/\\\/enricomaciasloriental.fr\\\/WordPress\\\/wp-content\\\/uploads\\\/\\\/2019\\\/02\\\/11022019.jpg\",\"width\":452,\"height\":700},{\"@type\":\"BreadcrumbList\",\"@id\":\"https:\\\/\\\/enricomaciasloriental.fr\\\/WordPress\\\/12216\\\/#breadcrumb\",\"itemListElement\":[{\"@type\":\"ListItem\",\"position\":1,\"name\":\"Accueil\",\"item\":\"https:\\\/\\\/enricomaciasloriental.fr\\\/WordPress\\\/\"},{\"@type\":\"ListItem\",\"position\":2,\"name\":\"80 printemps et 57 ann\u00e9es entre l\u2019Orient et l\u2019occident\"}]},{\"@type\":\"WebSite\",\"@id\":\"https:\\\/\\\/enricomaciasloriental.fr\\\/WordPress\\\/#website\",\"url\":\"https:\\\/\\\/enricomaciasloriental.fr\\\/WordPress\\\/\",\"name\":\"ENRICO MACIAS L'Oriental\",\"description\":\"IL EST COMME LE SOLEIL\",\"publisher\":{\"@id\":\"https:\\\/\\\/enricomaciasloriental.fr\\\/WordPress\\\/#\\\/schema\\\/person\\\/53fba112c6f4f0b335578890a816262e\"},\"potentialAction\":[{\"@type\":\"SearchAction\",\"target\":{\"@type\":\"EntryPoint\",\"urlTemplate\":\"https:\\\/\\\/enricomaciasloriental.fr\\\/WordPress\\\/?s={search_term_string}\"},\"query-input\":{\"@type\":\"PropertyValueSpecification\",\"valueRequired\":true,\"valueName\":\"search_term_string\"}}],\"inLanguage\":\"fr-FR\"},{\"@type\":[\"Person\",\"Organization\"],\"@id\":\"https:\\\/\\\/enricomaciasloriental.fr\\\/WordPress\\\/#\\\/schema\\\/person\\\/53fba112c6f4f0b335578890a816262e\",\"name\":\"Loriental\",\"image\":{\"@type\":\"ImageObject\",\"inLanguage\":\"fr-FR\",\"@id\":\"https:\\\/\\\/enricomaciasloriental.fr\\\/WordPress\\\/wp-content\\\/uploads\\\/\\\/2015\\\/02\\\/cropped-bannier_altaiir-enrico.jpg\",\"url\":\"https:\\\/\\\/enricomaciasloriental.fr\\\/WordPress\\\/wp-content\\\/uploads\\\/\\\/2015\\\/02\\\/cropped-bannier_altaiir-enrico.jpg\",\"contentUrl\":\"https:\\\/\\\/enricomaciasloriental.fr\\\/WordPress\\\/wp-content\\\/uploads\\\/\\\/2015\\\/02\\\/cropped-bannier_altaiir-enrico.jpg\",\"width\":1200,\"height\":150,\"caption\":\"Loriental\"},\"logo\":{\"@id\":\"https:\\\/\\\/enricomaciasloriental.fr\\\/WordPress\\\/wp-content\\\/uploads\\\/\\\/2015\\\/02\\\/cropped-bannier_altaiir-enrico.jpg\"},\"sameAs\":[\"http:\\\/\\\/www.enricomaciasloriental.fr\\\/\"]}]}<\/script>\n<!-- \/ Yoast SEO plugin. -->","yoast_head_json":{"title":"80 printemps et 57 ann\u00e9es entre l\u2019Orient et l\u2019occident - ENRICO MACIAS L&#039;Oriental","robots":{"index":"index","follow":"follow","max-snippet":"max-snippet:-1","max-image-preview":"max-image-preview:large","max-video-preview":"max-video-preview:-1"},"canonical":"https:\/\/enricomaciasloriental.fr\/WordPress\/12216\/","og_locale":"fr_FR","og_type":"article","og_title":"80 printemps et 57 ann\u00e9es entre l\u2019Orient et l\u2019occident - ENRICO MACIAS L&#039;Oriental","og_description":"Le vent \u00e9tait glacial ce dimanche apr\u00e8s-midi sur le boulevard des Capucines et une pluie fine tombait pas intermittence. Pourtant, la file d\u2019attente sur le trottoir de l\u2019Olympia \u00e9tait longue, pi\u00e9tinant d\u2019impatience en attendant l\u2019ouverture des portes. Et une fois &hellip; 80 printemps et 57 ann\u00e9es entre l\u2019Orient et l\u2019occident Read More &raquo;","og_url":"https:\/\/enricomaciasloriental.fr\/WordPress\/12216\/","og_site_name":"ENRICO MACIAS L&#039;Oriental","article_published_time":"2019-02-11T11:22:36+00:00","article_modified_time":"2019-02-11T11:23:22+00:00","og_image":[{"url":"http:\/\/enricomaciasloriental.fr\/WordPress\/wp-content\/uploads\/\/2019\/02\/11022019.jpg","type":"","width":"","height":""}],"author":"Loriental","twitter_card":"summary_large_image","twitter_misc":{"\u00c9crit par":"Loriental","Dur\u00e9e de lecture estim\u00e9e":"5 minutes"},"schema":{"@context":"https:\/\/schema.org","@graph":[{"@type":"Article","@id":"https:\/\/enricomaciasloriental.fr\/WordPress\/12216\/#article","isPartOf":{"@id":"https:\/\/enricomaciasloriental.fr\/WordPress\/12216\/"},"author":{"name":"Loriental","@id":"https:\/\/enricomaciasloriental.fr\/WordPress\/#\/schema\/person\/53fba112c6f4f0b335578890a816262e"},"headline":"80 printemps et 57 ann\u00e9es entre l\u2019Orient et l\u2019occident","datePublished":"2019-02-11T11:22:36+00:00","dateModified":"2019-02-11T11:23:22+00:00","mainEntityOfPage":{"@id":"https:\/\/enricomaciasloriental.fr\/WordPress\/12216\/"},"wordCount":922,"commentCount":1,"publisher":{"@id":"https:\/\/enricomaciasloriental.fr\/WordPress\/#\/schema\/person\/53fba112c6f4f0b335578890a816262e"},"image":{"@id":"https:\/\/enricomaciasloriental.fr\/WordPress\/12216\/#primaryimage"},"thumbnailUrl":"http:\/\/enricomaciasloriental.fr\/WordPress\/wp-content\/uploads\/\/2019\/02\/11022019.jpg","articleSection":["Actualit\u00e9s"],"inLanguage":"fr-FR","potentialAction":[{"@type":"CommentAction","name":"Comment","target":["https:\/\/enricomaciasloriental.fr\/WordPress\/12216\/#respond"]}]},{"@type":"WebPage","@id":"https:\/\/enricomaciasloriental.fr\/WordPress\/12216\/","url":"https:\/\/enricomaciasloriental.fr\/WordPress\/12216\/","name":"80 printemps et 57 ann\u00e9es entre l\u2019Orient et l\u2019occident - ENRICO MACIAS L&#039;Oriental","isPartOf":{"@id":"https:\/\/enricomaciasloriental.fr\/WordPress\/#website"},"primaryImageOfPage":{"@id":"https:\/\/enricomaciasloriental.fr\/WordPress\/12216\/#primaryimage"},"image":{"@id":"https:\/\/enricomaciasloriental.fr\/WordPress\/12216\/#primaryimage"},"thumbnailUrl":"http:\/\/enricomaciasloriental.fr\/WordPress\/wp-content\/uploads\/\/2019\/02\/11022019.jpg","datePublished":"2019-02-11T11:22:36+00:00","dateModified":"2019-02-11T11:23:22+00:00","breadcrumb":{"@id":"https:\/\/enricomaciasloriental.fr\/WordPress\/12216\/#breadcrumb"},"inLanguage":"fr-FR","potentialAction":[{"@type":"ReadAction","target":["https:\/\/enricomaciasloriental.fr\/WordPress\/12216\/"]}]},{"@type":"ImageObject","inLanguage":"fr-FR","@id":"https:\/\/enricomaciasloriental.fr\/WordPress\/12216\/#primaryimage","url":"https:\/\/enricomaciasloriental.fr\/WordPress\/wp-content\/uploads\/\/2019\/02\/11022019.jpg","contentUrl":"https:\/\/enricomaciasloriental.fr\/WordPress\/wp-content\/uploads\/\/2019\/02\/11022019.jpg","width":452,"height":700},{"@type":"BreadcrumbList","@id":"https:\/\/enricomaciasloriental.fr\/WordPress\/12216\/#breadcrumb","itemListElement":[{"@type":"ListItem","position":1,"name":"Accueil","item":"https:\/\/enricomaciasloriental.fr\/WordPress\/"},{"@type":"ListItem","position":2,"name":"80 printemps et 57 ann\u00e9es entre l\u2019Orient et l\u2019occident"}]},{"@type":"WebSite","@id":"https:\/\/enricomaciasloriental.fr\/WordPress\/#website","url":"https:\/\/enricomaciasloriental.fr\/WordPress\/","name":"ENRICO MACIAS L'Oriental","description":"IL EST COMME LE SOLEIL","publisher":{"@id":"https:\/\/enricomaciasloriental.fr\/WordPress\/#\/schema\/person\/53fba112c6f4f0b335578890a816262e"},"potentialAction":[{"@type":"SearchAction","target":{"@type":"EntryPoint","urlTemplate":"https:\/\/enricomaciasloriental.fr\/WordPress\/?s={search_term_string}"},"query-input":{"@type":"PropertyValueSpecification","valueRequired":true,"valueName":"search_term_string"}}],"inLanguage":"fr-FR"},{"@type":["Person","Organization"],"@id":"https:\/\/enricomaciasloriental.fr\/WordPress\/#\/schema\/person\/53fba112c6f4f0b335578890a816262e","name":"Loriental","image":{"@type":"ImageObject","inLanguage":"fr-FR","@id":"https:\/\/enricomaciasloriental.fr\/WordPress\/wp-content\/uploads\/\/2015\/02\/cropped-bannier_altaiir-enrico.jpg","url":"https:\/\/enricomaciasloriental.fr\/WordPress\/wp-content\/uploads\/\/2015\/02\/cropped-bannier_altaiir-enrico.jpg","contentUrl":"https:\/\/enricomaciasloriental.fr\/WordPress\/wp-content\/uploads\/\/2015\/02\/cropped-bannier_altaiir-enrico.jpg","width":1200,"height":150,"caption":"Loriental"},"logo":{"@id":"https:\/\/enricomaciasloriental.fr\/WordPress\/wp-content\/uploads\/\/2015\/02\/cropped-bannier_altaiir-enrico.jpg"},"sameAs":["http:\/\/www.enricomaciasloriental.fr\/"]}]}},"featured_image_src":"","featured_image_src_square":false,"author_info":{"display_name":"Loriental","author_link":"https:\/\/enricomaciasloriental.fr\/WordPress\/author\/admin9234\/"},"rbea_author_info":{"display_name":"Loriental","author_link":"https:\/\/enricomaciasloriental.fr\/WordPress\/author\/admin9234\/"},"rbea_excerpt_info":"Le vent \u00e9tait glacial ce dimanche apr\u00e8s-midi sur le boulevard des Capucines et une pluie fine tombait pas intermittence. Pourtant, la file d\u2019attente sur le trottoir de l\u2019Olympia \u00e9tait longue, pi\u00e9tinant d\u2019impatience en attendant l\u2019ouverture des portes. Et une fois &hellip;<p class=\"read-more\"> <a class=\"more-link\" href=\"https:\/\/enricomaciasloriental.fr\/WordPress\/12216\/\"> <span class=\"screen-reader-text\">80 printemps et 57 ann\u00e9es entre l\u2019Orient et l\u2019occident<\/span> Read More &raquo;<\/a><\/p>","category_list":"<a href=\"https:\/\/enricomaciasloriental.fr\/WordPress\/category\/actualites\/\">Actualit\u00e9s<\/a>","comments_num":"1 comment","_links":{"self":[{"href":"https:\/\/enricomaciasloriental.fr\/WordPress\/wp-json\/wp\/v2\/posts\/12216","targetHints":{"allow":["GET"]}}],"collection":[{"href":"https:\/\/enricomaciasloriental.fr\/WordPress\/wp-json\/wp\/v2\/posts"}],"about":[{"href":"https:\/\/enricomaciasloriental.fr\/WordPress\/wp-json\/wp\/v2\/types\/post"}],"author":[{"embeddable":true,"href":"https:\/\/enricomaciasloriental.fr\/WordPress\/wp-json\/wp\/v2\/users\/36"}],"replies":[{"embeddable":true,"href":"https:\/\/enricomaciasloriental.fr\/WordPress\/wp-json\/wp\/v2\/comments?post=12216"}],"version-history":[{"count":0,"href":"https:\/\/enricomaciasloriental.fr\/WordPress\/wp-json\/wp\/v2\/posts\/12216\/revisions"}],"wp:attachment":[{"href":"https:\/\/enricomaciasloriental.fr\/WordPress\/wp-json\/wp\/v2\/media?parent=12216"}],"wp:term":[{"taxonomy":"category","embeddable":true,"href":"https:\/\/enricomaciasloriental.fr\/WordPress\/wp-json\/wp\/v2\/categories?post=12216"},{"taxonomy":"post_tag","embeddable":true,"href":"https:\/\/enricomaciasloriental.fr\/WordPress\/wp-json\/wp\/v2\/tags?post=12216"}],"curies":[{"name":"wp","href":"https:\/\/api.w.org\/{rel}","templated":true}]}}