{"id":12530,"date":"2019-05-06T07:53:08","date_gmt":"2019-05-06T05:53:08","guid":{"rendered":"http:\/\/enricomaciasloriental.fr\/WordPress\/?p=12530"},"modified":"2019-05-06T07:53:32","modified_gmt":"2019-05-06T05:53:32","slug":"enrico-macias-a-la-foire-de-romans","status":"publish","type":"post","link":"https:\/\/enricomaciasloriental.fr\/WordPress\/enrico-macias-a-la-foire-de-romans\/","title":{"rendered":"Enrico Macias \u00e0 la Foire de Romans"},"content":{"rendered":"\n<div class=\"wp-block-cover has-background-dim has-left-content alignleft is-layout-flow wp-block-cover-is-layout-flow\" style=\"background-image:url(https:\/\/enricomaciasloriental.fr\/WordPress\/wp-content\/uploads\/\/2019\/05\/imagesY5OFEIPU.jpg)\"><\/div>\n\n\n\n<p>Pour sa derni\u00e8re soir\u00e9e,&nbsp; la Fascinante Foire du Dauphin\u00e9&nbsp;re\u00e7oit un chanteur&nbsp;incontournable dans le paysage fran\u00e7ais&nbsp;&nbsp;: <strong>Enrico Macias<\/strong><\/p>\n\n\n\n<p>C\u2019est en Alg\u00e9rie que na\u00eet Enrico le 11 d\u00e9cembre 1938 \u00e0 Constantine dans une famille de musiciens. D\u00e8s l\u2019\u00e2ge de 14 ans, il re\u00e7oit l\u2019enseignement musical de son futur beau-p\u00e8re, Cheikh Raymond Leyris. Attir\u00e9 par la chanson fran\u00e7aise, il gagne \u00e0 la fin des ann\u00e9es 1950 des \u00ab&nbsp;radio- crochets&nbsp;\u00bb en interpr\u00e9tant alors les tubes de Charles Aznavour ou Dalida.<\/p>\n\n\n\n<p>Arriv\u00e9 en France en 1962, il est r\u00e9v\u00e9l\u00e9 au grand public par l\u2019\u00e9mission \u00ab&nbsp;5 colonnes \u00e0 la une&nbsp;\u00bb interpr\u00e9tant un vibrant \u00ab&nbsp;Adieu mon pays&nbsp;\u00bb. Cette chanson devient une sorte d\u2019hymne de l\u2019exil.<br \/>\nLa notori\u00e9t\u00e9 de l\u2019artiste devient de plus en plus grande. Les succ\u00e8s s\u2019enchainent : \u00ab&nbsp;<em>Oh guitare<\/em>\u00ab&nbsp;, \u00ab&nbsp;<em>Enfants de tous pays<\/em>\u00ab&nbsp;, \u00ab&nbsp;<em>Les filles de mon pays<\/em>\u00ab&nbsp;, \u00ab&nbsp;<em>Toi Paris tu m\u2019as pris dans tes bras<\/em>&nbsp;\u00bb etc\u2026&nbsp;La chanson fran\u00e7aise prend avec lui des accents m\u00e9diterran\u00e9ens<br \/>\nLes ann\u00e9es 1970 confirmeront son statut de vedette nationale ou internationale avec de grandes chansons comme \u00ab&nbsp;<em>Aux talons de ses souliers<\/em>\u00ab&nbsp;, \u00ab&nbsp;<em>Malheur \u00e0 celui qui blesse un enfant<\/em>\u00ab&nbsp;, \u00ab&nbsp;<em>Oumparere<\/em>\u00ab&nbsp;.<br \/>\nLes ann\u00e9es 1980 seront aussi marqu\u00e9es par de grands succ\u00e8s : \u00ab&nbsp;<em>Ouvre-moi la porte<\/em>\u00ab&nbsp;, \u00ab&nbsp;<em>La France de mon enfance<\/em>&nbsp;\u00bb et le \u00ab&nbsp;<em>Mendiant de l\u2019amour<\/em>&nbsp;\u00bb avec des rentr\u00e9es parisiennes \u00e0 l\u2019Olympia de grande tenue (1980, 1982, 1985, 1989).<\/p>\n\n\n\n<p>Il f\u00eate cette ann\u00e9e ses 80 ans et ses <strong>57 ans de carri\u00e8re<\/strong>. Invit\u00e9 par \u00ab&nbsp;Al orchestra&nbsp;\u00bb, un collectif de musiciens franco-alg\u00e9riens, il revisite avec eux dans un premier volume ses grandes chansons connues ou moins connues.&nbsp;<\/p>\n\n\n\n<p><a href=\"http:\/\/enricomacias.net\">http:\/\/enricomacias.net<\/a><\/p>\n\n\n\n<p><strong>Enrico Macias sur la sc\u00e8ne de la Foire<br \/>\n<\/strong><strong>le samedi 5 octobre- 20h<\/strong><\/p>\n","protected":false},"excerpt":{"rendered":"<p>Pour sa derni\u00e8re soir\u00e9e,&nbsp; la Fascinante Foire du Dauphin\u00e9&nbsp;re\u00e7oit un chanteur&nbsp;incontournable dans le paysage fran\u00e7ais&nbsp;&nbsp;: Enrico Macias C\u2019est en Alg\u00e9rie que na\u00eet Enrico le 11 d\u00e9cembre 1938 \u00e0 Constantine dans une famille de musiciens. D\u00e8s l\u2019\u00e2ge de 14 ans, il &hellip;<\/p>\n<p class=\"read-more\"> <a class=\"more-link\" href=\"https:\/\/enricomaciasloriental.fr\/WordPress\/enrico-macias-a-la-foire-de-romans\/\"> <span class=\"screen-reader-text\">Enrico Macias \u00e0 la Foire de Romans<\/span> Read More &raquo;<\/a><\/p>\n","protected":false},"author":36,"featured_media":0,"comment_status":"open","ping_status":"open","sticky":false,"template":"","format":"standard","meta":{"footnotes":""},"categories":[1],"tags":[],"class_list":["post-12530","post","type-post","status-publish","format-standard","hentry","category-actualites"],"yoast_head":"<!-- This site is optimized with the Yoast SEO plugin v27.4 - https:\/\/yoast.com\/product\/yoast-seo-wordpress\/ -->\n<title>Enrico Macias \u00e0 la Foire de Romans - ENRICO MACIAS L&#039;Oriental<\/title>\n<meta name=\"robots\" content=\"index, follow, max-snippet:-1, max-image-preview:large, max-video-preview:-1\" \/>\n<link rel=\"canonical\" href=\"https:\/\/enricomaciasloriental.fr\/WordPress\/enrico-macias-a-la-foire-de-romans\/\" \/>\n<meta property=\"og:locale\" content=\"fr_FR\" \/>\n<meta property=\"og:type\" content=\"article\" \/>\n<meta property=\"og:title\" content=\"Enrico Macias \u00e0 la Foire de Romans - ENRICO MACIAS L&#039;Oriental\" \/>\n<meta property=\"og:description\" content=\"Pour sa derni\u00e8re soir\u00e9e,&nbsp; la Fascinante Foire du Dauphin\u00e9&nbsp;re\u00e7oit un chanteur&nbsp;incontournable dans le paysage fran\u00e7ais&nbsp;&nbsp;: Enrico Macias C\u2019est en Alg\u00e9rie que na\u00eet Enrico le 11 d\u00e9cembre 1938 \u00e0 Constantine dans une famille de musiciens. D\u00e8s l\u2019\u00e2ge de 14 ans, il &hellip; Enrico Macias \u00e0 la Foire de Romans Read More &raquo;\" \/>\n<meta property=\"og:url\" content=\"https:\/\/enricomaciasloriental.fr\/WordPress\/enrico-macias-a-la-foire-de-romans\/\" \/>\n<meta property=\"og:site_name\" content=\"ENRICO MACIAS L&#039;Oriental\" \/>\n<meta property=\"article:published_time\" content=\"2019-05-06T05:53:08+00:00\" \/>\n<meta property=\"article:modified_time\" content=\"2019-05-06T05:53:32+00:00\" \/>\n<meta property=\"og:image\" content=\"https:\/\/enricomaciasloriental.fr\/WordPress\/wp-content\/uploads\/\/2019\/02\/article-902.jpg\" \/>\n\t<meta property=\"og:image:width\" content=\"700\" \/>\n\t<meta property=\"og:image:height\" content=\"497\" \/>\n\t<meta property=\"og:image:type\" content=\"image\/jpeg\" \/>\n<meta name=\"author\" content=\"Loriental\" \/>\n<meta name=\"twitter:card\" content=\"summary_large_image\" \/>\n<meta name=\"twitter:label1\" content=\"\u00c9crit par\" \/>\n\t<meta name=\"twitter:data1\" content=\"Loriental\" \/>\n\t<meta name=\"twitter:label2\" content=\"Dur\u00e9e de lecture estim\u00e9e\" \/>\n\t<meta name=\"twitter:data2\" content=\"2 minutes\" \/>\n<script type=\"application\/ld+json\" class=\"yoast-schema-graph\">{\"@context\":\"https:\\\/\\\/schema.org\",\"@graph\":[{\"@type\":\"Article\",\"@id\":\"https:\\\/\\\/enricomaciasloriental.fr\\\/WordPress\\\/enrico-macias-a-la-foire-de-romans\\\/#article\",\"isPartOf\":{\"@id\":\"https:\\\/\\\/enricomaciasloriental.fr\\\/WordPress\\\/enrico-macias-a-la-foire-de-romans\\\/\"},\"author\":{\"name\":\"Loriental\",\"@id\":\"https:\\\/\\\/enricomaciasloriental.fr\\\/WordPress\\\/#\\\/schema\\\/person\\\/53fba112c6f4f0b335578890a816262e\"},\"headline\":\"Enrico Macias \u00e0 la Foire de Romans\",\"datePublished\":\"2019-05-06T05:53:08+00:00\",\"dateModified\":\"2019-05-06T05:53:32+00:00\",\"mainEntityOfPage\":{\"@id\":\"https:\\\/\\\/enricomaciasloriental.fr\\\/WordPress\\\/enrico-macias-a-la-foire-de-romans\\\/\"},\"wordCount\":333,\"commentCount\":0,\"publisher\":{\"@id\":\"https:\\\/\\\/enricomaciasloriental.fr\\\/WordPress\\\/#\\\/schema\\\/person\\\/53fba112c6f4f0b335578890a816262e\"},\"articleSection\":[\"Actualit\u00e9s\"],\"inLanguage\":\"fr-FR\",\"potentialAction\":[{\"@type\":\"CommentAction\",\"name\":\"Comment\",\"target\":[\"https:\\\/\\\/enricomaciasloriental.fr\\\/WordPress\\\/enrico-macias-a-la-foire-de-romans\\\/#respond\"]}]},{\"@type\":\"WebPage\",\"@id\":\"https:\\\/\\\/enricomaciasloriental.fr\\\/WordPress\\\/enrico-macias-a-la-foire-de-romans\\\/\",\"url\":\"https:\\\/\\\/enricomaciasloriental.fr\\\/WordPress\\\/enrico-macias-a-la-foire-de-romans\\\/\",\"name\":\"Enrico Macias \u00e0 la Foire de Romans - ENRICO MACIAS L&#039;Oriental\",\"isPartOf\":{\"@id\":\"https:\\\/\\\/enricomaciasloriental.fr\\\/WordPress\\\/#website\"},\"datePublished\":\"2019-05-06T05:53:08+00:00\",\"dateModified\":\"2019-05-06T05:53:32+00:00\",\"breadcrumb\":{\"@id\":\"https:\\\/\\\/enricomaciasloriental.fr\\\/WordPress\\\/enrico-macias-a-la-foire-de-romans\\\/#breadcrumb\"},\"inLanguage\":\"fr-FR\",\"potentialAction\":[{\"@type\":\"ReadAction\",\"target\":[\"https:\\\/\\\/enricomaciasloriental.fr\\\/WordPress\\\/enrico-macias-a-la-foire-de-romans\\\/\"]}]},{\"@type\":\"BreadcrumbList\",\"@id\":\"https:\\\/\\\/enricomaciasloriental.fr\\\/WordPress\\\/enrico-macias-a-la-foire-de-romans\\\/#breadcrumb\",\"itemListElement\":[{\"@type\":\"ListItem\",\"position\":1,\"name\":\"Accueil\",\"item\":\"https:\\\/\\\/enricomaciasloriental.fr\\\/WordPress\\\/\"},{\"@type\":\"ListItem\",\"position\":2,\"name\":\"Enrico Macias \u00e0 la Foire de Romans\"}]},{\"@type\":\"WebSite\",\"@id\":\"https:\\\/\\\/enricomaciasloriental.fr\\\/WordPress\\\/#website\",\"url\":\"https:\\\/\\\/enricomaciasloriental.fr\\\/WordPress\\\/\",\"name\":\"ENRICO MACIAS L'Oriental\",\"description\":\"IL EST COMME LE SOLEIL\",\"publisher\":{\"@id\":\"https:\\\/\\\/enricomaciasloriental.fr\\\/WordPress\\\/#\\\/schema\\\/person\\\/53fba112c6f4f0b335578890a816262e\"},\"potentialAction\":[{\"@type\":\"SearchAction\",\"target\":{\"@type\":\"EntryPoint\",\"urlTemplate\":\"https:\\\/\\\/enricomaciasloriental.fr\\\/WordPress\\\/?s={search_term_string}\"},\"query-input\":{\"@type\":\"PropertyValueSpecification\",\"valueRequired\":true,\"valueName\":\"search_term_string\"}}],\"inLanguage\":\"fr-FR\"},{\"@type\":[\"Person\",\"Organization\"],\"@id\":\"https:\\\/\\\/enricomaciasloriental.fr\\\/WordPress\\\/#\\\/schema\\\/person\\\/53fba112c6f4f0b335578890a816262e\",\"name\":\"Loriental\",\"image\":{\"@type\":\"ImageObject\",\"inLanguage\":\"fr-FR\",\"@id\":\"https:\\\/\\\/enricomaciasloriental.fr\\\/WordPress\\\/wp-content\\\/uploads\\\/\\\/2015\\\/02\\\/cropped-bannier_altaiir-enrico.jpg\",\"url\":\"https:\\\/\\\/enricomaciasloriental.fr\\\/WordPress\\\/wp-content\\\/uploads\\\/\\\/2015\\\/02\\\/cropped-bannier_altaiir-enrico.jpg\",\"contentUrl\":\"https:\\\/\\\/enricomaciasloriental.fr\\\/WordPress\\\/wp-content\\\/uploads\\\/\\\/2015\\\/02\\\/cropped-bannier_altaiir-enrico.jpg\",\"width\":1200,\"height\":150,\"caption\":\"Loriental\"},\"logo\":{\"@id\":\"https:\\\/\\\/enricomaciasloriental.fr\\\/WordPress\\\/wp-content\\\/uploads\\\/\\\/2015\\\/02\\\/cropped-bannier_altaiir-enrico.jpg\"},\"sameAs\":[\"http:\\\/\\\/www.enricomaciasloriental.fr\\\/\"]}]}<\/script>\n<!-- \/ Yoast SEO plugin. -->","yoast_head_json":{"title":"Enrico Macias \u00e0 la Foire de Romans - ENRICO MACIAS L&#039;Oriental","robots":{"index":"index","follow":"follow","max-snippet":"max-snippet:-1","max-image-preview":"max-image-preview:large","max-video-preview":"max-video-preview:-1"},"canonical":"https:\/\/enricomaciasloriental.fr\/WordPress\/enrico-macias-a-la-foire-de-romans\/","og_locale":"fr_FR","og_type":"article","og_title":"Enrico Macias \u00e0 la Foire de Romans - ENRICO MACIAS L&#039;Oriental","og_description":"Pour sa derni\u00e8re soir\u00e9e,&nbsp; la Fascinante Foire du Dauphin\u00e9&nbsp;re\u00e7oit un chanteur&nbsp;incontournable dans le paysage fran\u00e7ais&nbsp;&nbsp;: Enrico Macias C\u2019est en Alg\u00e9rie que na\u00eet Enrico le 11 d\u00e9cembre 1938 \u00e0 Constantine dans une famille de musiciens. D\u00e8s l\u2019\u00e2ge de 14 ans, il &hellip; Enrico Macias \u00e0 la Foire de Romans Read More &raquo;","og_url":"https:\/\/enricomaciasloriental.fr\/WordPress\/enrico-macias-a-la-foire-de-romans\/","og_site_name":"ENRICO MACIAS L&#039;Oriental","article_published_time":"2019-05-06T05:53:08+00:00","article_modified_time":"2019-05-06T05:53:32+00:00","og_image":[{"width":700,"height":497,"url":"https:\/\/enricomaciasloriental.fr\/WordPress\/wp-content\/uploads\/\/2019\/02\/article-902.jpg","type":"image\/jpeg"}],"author":"Loriental","twitter_card":"summary_large_image","twitter_misc":{"\u00c9crit par":"Loriental","Dur\u00e9e de lecture estim\u00e9e":"2 minutes"},"schema":{"@context":"https:\/\/schema.org","@graph":[{"@type":"Article","@id":"https:\/\/enricomaciasloriental.fr\/WordPress\/enrico-macias-a-la-foire-de-romans\/#article","isPartOf":{"@id":"https:\/\/enricomaciasloriental.fr\/WordPress\/enrico-macias-a-la-foire-de-romans\/"},"author":{"name":"Loriental","@id":"https:\/\/enricomaciasloriental.fr\/WordPress\/#\/schema\/person\/53fba112c6f4f0b335578890a816262e"},"headline":"Enrico Macias \u00e0 la Foire de Romans","datePublished":"2019-05-06T05:53:08+00:00","dateModified":"2019-05-06T05:53:32+00:00","mainEntityOfPage":{"@id":"https:\/\/enricomaciasloriental.fr\/WordPress\/enrico-macias-a-la-foire-de-romans\/"},"wordCount":333,"commentCount":0,"publisher":{"@id":"https:\/\/enricomaciasloriental.fr\/WordPress\/#\/schema\/person\/53fba112c6f4f0b335578890a816262e"},"articleSection":["Actualit\u00e9s"],"inLanguage":"fr-FR","potentialAction":[{"@type":"CommentAction","name":"Comment","target":["https:\/\/enricomaciasloriental.fr\/WordPress\/enrico-macias-a-la-foire-de-romans\/#respond"]}]},{"@type":"WebPage","@id":"https:\/\/enricomaciasloriental.fr\/WordPress\/enrico-macias-a-la-foire-de-romans\/","url":"https:\/\/enricomaciasloriental.fr\/WordPress\/enrico-macias-a-la-foire-de-romans\/","name":"Enrico Macias \u00e0 la Foire de Romans - ENRICO MACIAS L&#039;Oriental","isPartOf":{"@id":"https:\/\/enricomaciasloriental.fr\/WordPress\/#website"},"datePublished":"2019-05-06T05:53:08+00:00","dateModified":"2019-05-06T05:53:32+00:00","breadcrumb":{"@id":"https:\/\/enricomaciasloriental.fr\/WordPress\/enrico-macias-a-la-foire-de-romans\/#breadcrumb"},"inLanguage":"fr-FR","potentialAction":[{"@type":"ReadAction","target":["https:\/\/enricomaciasloriental.fr\/WordPress\/enrico-macias-a-la-foire-de-romans\/"]}]},{"@type":"BreadcrumbList","@id":"https:\/\/enricomaciasloriental.fr\/WordPress\/enrico-macias-a-la-foire-de-romans\/#breadcrumb","itemListElement":[{"@type":"ListItem","position":1,"name":"Accueil","item":"https:\/\/enricomaciasloriental.fr\/WordPress\/"},{"@type":"ListItem","position":2,"name":"Enrico Macias \u00e0 la Foire de Romans"}]},{"@type":"WebSite","@id":"https:\/\/enricomaciasloriental.fr\/WordPress\/#website","url":"https:\/\/enricomaciasloriental.fr\/WordPress\/","name":"ENRICO MACIAS L'Oriental","description":"IL EST COMME LE SOLEIL","publisher":{"@id":"https:\/\/enricomaciasloriental.fr\/WordPress\/#\/schema\/person\/53fba112c6f4f0b335578890a816262e"},"potentialAction":[{"@type":"SearchAction","target":{"@type":"EntryPoint","urlTemplate":"https:\/\/enricomaciasloriental.fr\/WordPress\/?s={search_term_string}"},"query-input":{"@type":"PropertyValueSpecification","valueRequired":true,"valueName":"search_term_string"}}],"inLanguage":"fr-FR"},{"@type":["Person","Organization"],"@id":"https:\/\/enricomaciasloriental.fr\/WordPress\/#\/schema\/person\/53fba112c6f4f0b335578890a816262e","name":"Loriental","image":{"@type":"ImageObject","inLanguage":"fr-FR","@id":"https:\/\/enricomaciasloriental.fr\/WordPress\/wp-content\/uploads\/\/2015\/02\/cropped-bannier_altaiir-enrico.jpg","url":"https:\/\/enricomaciasloriental.fr\/WordPress\/wp-content\/uploads\/\/2015\/02\/cropped-bannier_altaiir-enrico.jpg","contentUrl":"https:\/\/enricomaciasloriental.fr\/WordPress\/wp-content\/uploads\/\/2015\/02\/cropped-bannier_altaiir-enrico.jpg","width":1200,"height":150,"caption":"Loriental"},"logo":{"@id":"https:\/\/enricomaciasloriental.fr\/WordPress\/wp-content\/uploads\/\/2015\/02\/cropped-bannier_altaiir-enrico.jpg"},"sameAs":["http:\/\/www.enricomaciasloriental.fr\/"]}]}},"featured_image_src":"","featured_image_src_square":false,"author_info":{"display_name":"Loriental","author_link":"https:\/\/enricomaciasloriental.fr\/WordPress\/author\/admin9234\/"},"rbea_author_info":{"display_name":"Loriental","author_link":"https:\/\/enricomaciasloriental.fr\/WordPress\/author\/admin9234\/"},"rbea_excerpt_info":"Pour sa derni\u00e8re soir\u00e9e,&nbsp; la Fascinante Foire du Dauphin\u00e9&nbsp;re\u00e7oit un chanteur&nbsp;incontournable dans le paysage fran\u00e7ais&nbsp;&nbsp;: Enrico Macias C\u2019est en Alg\u00e9rie que na\u00eet Enrico le 11 d\u00e9cembre 1938 \u00e0 Constantine dans une famille de musiciens. D\u00e8s l\u2019\u00e2ge de 14 ans, il &hellip;<p class=\"read-more\"> <a class=\"more-link\" href=\"https:\/\/enricomaciasloriental.fr\/WordPress\/enrico-macias-a-la-foire-de-romans\/\"> <span class=\"screen-reader-text\">Enrico Macias \u00e0 la Foire de Romans<\/span> Read More &raquo;<\/a><\/p>","category_list":"<a href=\"https:\/\/enricomaciasloriental.fr\/WordPress\/category\/actualites\/\">Actualit\u00e9s<\/a>","comments_num":"0 comments","_links":{"self":[{"href":"https:\/\/enricomaciasloriental.fr\/WordPress\/wp-json\/wp\/v2\/posts\/12530","targetHints":{"allow":["GET"]}}],"collection":[{"href":"https:\/\/enricomaciasloriental.fr\/WordPress\/wp-json\/wp\/v2\/posts"}],"about":[{"href":"https:\/\/enricomaciasloriental.fr\/WordPress\/wp-json\/wp\/v2\/types\/post"}],"author":[{"embeddable":true,"href":"https:\/\/enricomaciasloriental.fr\/WordPress\/wp-json\/wp\/v2\/users\/36"}],"replies":[{"embeddable":true,"href":"https:\/\/enricomaciasloriental.fr\/WordPress\/wp-json\/wp\/v2\/comments?post=12530"}],"version-history":[{"count":0,"href":"https:\/\/enricomaciasloriental.fr\/WordPress\/wp-json\/wp\/v2\/posts\/12530\/revisions"}],"wp:attachment":[{"href":"https:\/\/enricomaciasloriental.fr\/WordPress\/wp-json\/wp\/v2\/media?parent=12530"}],"wp:term":[{"taxonomy":"category","embeddable":true,"href":"https:\/\/enricomaciasloriental.fr\/WordPress\/wp-json\/wp\/v2\/categories?post=12530"},{"taxonomy":"post_tag","embeddable":true,"href":"https:\/\/enricomaciasloriental.fr\/WordPress\/wp-json\/wp\/v2\/tags?post=12530"}],"curies":[{"name":"wp","href":"https:\/\/api.w.org\/{rel}","templated":true}]}}