{"id":12672,"date":"2019-06-21T20:35:29","date_gmt":"2019-06-21T18:35:29","guid":{"rendered":"http:\/\/enricomaciasloriental.fr\/WordPress\/?p=12672"},"modified":"2019-06-21T21:13:51","modified_gmt":"2019-06-21T19:13:51","slug":"la-magie-denrico","status":"publish","type":"post","link":"https:\/\/enricomaciasloriental.fr\/WordPress\/la-magie-denrico\/","title":{"rendered":"La magie d&rsquo;Enrico"},"content":{"rendered":"\n<div class=\"wp-block-media-text alignwide\"><figure class=\"wp-block-media-text__media\"><img fetchpriority=\"high\" decoding=\"async\" width=\"552\" height=\"761\" src=\"https:\/\/enricomaciasloriental.fr\/WordPress\/wp-content\/uploads\/\/2019\/06\/Olympia062019-0224.jpg\" alt=\"\" class=\"wp-image-12673\" srcset=\"https:\/\/enricomaciasloriental.fr\/WordPress\/wp-content\/uploads\/2019\/06\/Olympia062019-0224.jpg 552w, https:\/\/enricomaciasloriental.fr\/WordPress\/wp-content\/uploads\/2019\/06\/Olympia062019-0224-218x300.jpg 218w\" sizes=\"(max-width: 552px) 100vw, 552px\" \/><\/figure><div class=\"wp-block-media-text__content\">\n<p class=\"has-large-font-size\"><\/p>\n\n\n\n<p>En f\u00e9vrier dernier, Enrico Macias nous avait convi\u00e9 boulevard des Capucines pour faire une grande f\u00eate a l\u2019occasion de ses 80 printemps. Devant le succ\u00e8s de ces deux soir\u00e9es d\u2019exception (cf nos 2 articles \u00ab\u00a0<a rel=\"noreferrer noopener\" aria-label=\"sublissime Enrico (opens in a new tab)\" href=\"https:\/\/enricomaciasloriental.fr\/WordPress\/?p=12212\" target=\"_blank\">sublissime Enrico<\/a>\u00a0\u00bb et \u00ab\u00a0<a rel=\"noreferrer noopener\" aria-label=\"80 printemps et 57 ann\u00e9es entre l\u2019orient et l\u2019occident (opens in a new tab)\" href=\"https:\/\/enricomaciasloriental.fr\/WordPress\/?p=12216\" target=\"_blank\">80 printemps et 57 ann\u00e9es entre l\u2019orient et l\u2019occident<\/a>\u00ab\u00a0) qui s\u2019\u00e9taient tenues \u00e0 guichet ferme, Enrico nous avait annonc\u00e9 d\u00e8s le 1 er soir qu\u2019il nous proposait deux rendez-vous suppl\u00e9mentaires, les 18 et 19 juin, dans ce m\u00eame Olympia.<\/p>\n\n\n\n<p>Quelle merveilleuse annonce pour tous ceux qui avaient d\u00fb se\ncontenter de regarder les lettres de feu au fronton de la mythique salle\nparisienne&nbsp;! Mais aussi pour les inconditionnels qui ne rateraient pour\nrien au monde un tel moment.<\/p>\n<\/div><\/div>\n\n\n\n<p><\/p>\n\n\n\n<p>\n\nNous n\u2019avons donc pas fait exception et nous \u00e9tions au premier rang mardi et mercredi soir pour vous ramener des images.\n\n<\/p>\n\n\n\n<p>\n\nPour cette deuxi\u00e8me \u00e9dition, le programme \u00e9tait \u00e0 peu pr\u00e8s le m\u00eame qu\u2019en f\u00e9vrier avec, \u00e0 la marge, quelques petites modifications dans la liste des chansons. Je vous renvoie aux articles de f\u00e9vrier pour une description plus pr\u00e9cise.\n\n<\/p>\n\n\n\n<p>\n\nEn ce qui concerne les invit\u00e9s, nous avons eu l\u2019immense plaisir de retrouver David Hababou, Hafid Djemai ainsi que Meriem Beldi et Syrine Ben Moussa, qui forment avec Enrico, chacun dans leur r\u00e9pertoire et avec leur personnalit\u00e9, quatre duos d\u2019exception et apportent leur talent comme quatre valeurs ajout\u00e9es ind\u00e9niables au spectacle. \n\n<\/p>\n\n\n\n<figure class=\"wp-block-image\"><img decoding=\"async\" width=\"761\" height=\"508\" src=\"https:\/\/enricomaciasloriental.fr\/WordPress\/wp-content\/uploads\/\/2019\/06\/Olympia062019-0147.jpg\" alt=\"\" class=\"wp-image-12676\" srcset=\"https:\/\/enricomaciasloriental.fr\/WordPress\/wp-content\/uploads\/2019\/06\/Olympia062019-0147.jpg 761w, https:\/\/enricomaciasloriental.fr\/WordPress\/wp-content\/uploads\/2019\/06\/Olympia062019-0147-300x200.jpg 300w\" sizes=\"(max-width: 761px) 100vw, 761px\" \/><figcaption>Syrine Ben Moussa Enrico Macias et Meriem Beldi<\/figcaption><\/figure>\n\n\n\n<p>Mais ce sur quoi nous voulons mettre l\u2019accent pour cette deuxi\u00e8me \u00e9dition de cet Olympia 2019, c\u2019est sur le don du ciel, le talent incroyable d\u2019Enrico Macias pour cr\u00e9er une ambiance qui n\u2019appartient qu\u2019\u00e0 lui.<br \/> Apr\u00e8s 57 ans de carri\u00e8re, 26 Olympias et un nombre incalculable de concerts en France et \u00e0 travers le monde, Enrico sait toujours, \u00e0 l\u2019instant m\u00eame o\u00f9 il entre sur la sc\u00e8ne, cr\u00e9er ce lien particulier avec chacune des personnes pr\u00e9sentes dans la salle. Et cette ambiance de f\u00eate laissant penser \u00e0 chacun qu\u2019il fait partie de sa famille, a encore une fois mis le feu durant ces deux soir\u00e9es. D\u00e8s les premi\u00e8res chansons, le public \u00e9tait debout pour danser et faire une ovation au chanteur.<\/p>\n\n\n\n<p>Le spectacle est alors autant sur la sc\u00e8ne que dans la salle. Il est important de souligner qu\u2019Enrico r\u00e9unit dans ses salles toutes les nationalit\u00e9s et toutes les religions qui communient dans la m\u00eame ferveur et la m\u00eame joie. Ce n\u2019est pas un mythe. C\u2019est une r\u00e9alit\u00e9 qui se r\u00e9p\u00e8te \u00e0 chaque concert. Et ce qui est extraordinaire, c\u2019est que ce public est capable de faire des milliers de kilom\u00e8tres et d\u2019affronter toutes les fatigues pour r\u00e9pondre pr\u00e9sent. En provenance des USA, du Japon, du Maghreb, du proche orient, de Turquie, mais aussi de toute l\u2019Europe (Hongrie, Bulgarie, Cr\u00eate, Belgique, \u2026) et bien s\u00fbr des 4 coins de France, ils sont tous c\u00f4t\u00e9 \u00e0 c\u00f4te pour frapper des mains, chanter, danser et lancer les youyous de joie. Et tous ressentent le m\u00eame kiff et la m\u00eame communion avec le chanteur.<\/p>\n\n\n\n<p>Qu\u2019est ce qui cr\u00e9e cet attachement du public pour cet artiste unique\u00a0? Sans doute sa sinc\u00e9rit\u00e9, sa simplicit\u00e9, son authenticit\u00e9, son humanit\u00e9 et son go\u00fbt de donner du bonheur aux autres, auxquels s\u2019ajoutent une voix chaude unique et un talent de musicien hors pair.<br \/> Et \u00e0 80 ans, port\u00e9 par tout cet amour de son public, il lui donne tout le meilleur de lui-m\u00eame   tout au long des 2h30 de spectacle. .<br \/><br \/> A ce succ\u00e8s, nous devons bien \u00e9videmment associer Jean Claude, son fils, qui a fait les arrangements du spectacle avec Lionel Teboul et ses musiciens, tous de tr\u00e8s grands virtuoses.<br \/> <br \/> BRAVO ENRICO\u00a0! Merci pour ces moments dont chacun gardera la chaleur et le bonheur longtemps dans son ch\u0153ur. C&rsquo;\u00e9tait magique !<br \/> Merci Jean Claude Ghrenassia]\u00a0 et Lionel Teboul pour la conception de ce magnifique spectacle<br \/> Merci \u00e0 tous les musiciens sans qui la f\u00eate ne serait pas compl\u00e8te<br \/> Merci \u00e0 Sud Concerts et \u00e0 Laurent Abitbol<\/p>\n\n\n\n<p>Nous avons pass\u00e9 de merveilleux\nmoments gr\u00e2ce \u00e0 vous et nous attendons d\u00e9j\u00e0 avec impatience les prochains.<br \/>\n<br \/>\nEnrico, que \u00e7a dure jusqu\u2019\u00e0 120 ans<\/p>\n\n\n\n<hr class=\"wp-block-separator\"\/>\n\n\n\n<p>\u00a0<\/p>\n","protected":false},"excerpt":{"rendered":"<p>En f\u00e9vrier dernier, Enrico Macias nous avait convi\u00e9 boulevard des Capucines pour faire une grande f\u00eate a l\u2019occasion de ses 80 printemps. Devant le succ\u00e8s de ces deux soir\u00e9es d\u2019exception (cf nos 2 articles \u00ab\u00a0sublissime Enrico\u00a0\u00bb et \u00ab\u00a080 printemps et &hellip;<\/p>\n<p class=\"read-more\"> <a class=\"more-link\" href=\"https:\/\/enricomaciasloriental.fr\/WordPress\/la-magie-denrico\/\"> <span class=\"screen-reader-text\">La magie d&rsquo;Enrico<\/span> Read More &raquo;<\/a><\/p>\n","protected":false},"author":36,"featured_media":0,"comment_status":"open","ping_status":"open","sticky":false,"template":"","format":"standard","meta":{"footnotes":""},"categories":[1],"tags":[],"class_list":["post-12672","post","type-post","status-publish","format-standard","hentry","category-actualites"],"yoast_head":"<!-- This site is optimized with the Yoast SEO plugin v27.4 - https:\/\/yoast.com\/product\/yoast-seo-wordpress\/ -->\n<title>La magie d&#039;Enrico - ENRICO MACIAS L&#039;Oriental<\/title>\n<meta name=\"robots\" content=\"index, follow, max-snippet:-1, max-image-preview:large, max-video-preview:-1\" \/>\n<link rel=\"canonical\" href=\"https:\/\/enricomaciasloriental.fr\/WordPress\/la-magie-denrico\/\" \/>\n<meta property=\"og:locale\" content=\"fr_FR\" \/>\n<meta property=\"og:type\" content=\"article\" \/>\n<meta property=\"og:title\" content=\"La magie d&#039;Enrico - ENRICO MACIAS L&#039;Oriental\" \/>\n<meta property=\"og:description\" content=\"En f\u00e9vrier dernier, Enrico Macias nous avait convi\u00e9 boulevard des Capucines pour faire une grande f\u00eate a l\u2019occasion de ses 80 printemps. Devant le succ\u00e8s de ces deux soir\u00e9es d\u2019exception (cf nos 2 articles \u00ab\u00a0sublissime Enrico\u00a0\u00bb et \u00ab\u00a080 printemps et &hellip; La magie d&rsquo;Enrico Read More &raquo;\" \/>\n<meta property=\"og:url\" content=\"https:\/\/enricomaciasloriental.fr\/WordPress\/la-magie-denrico\/\" \/>\n<meta property=\"og:site_name\" content=\"ENRICO MACIAS L&#039;Oriental\" \/>\n<meta property=\"article:published_time\" content=\"2019-06-21T18:35:29+00:00\" \/>\n<meta property=\"article:modified_time\" content=\"2019-06-21T19:13:51+00:00\" \/>\n<meta property=\"og:image\" content=\"http:\/\/enricomaciasloriental.fr\/WordPress\/wp-content\/uploads\/\/2019\/06\/Olympia062019-0224.jpg\" \/>\n<meta name=\"author\" content=\"Loriental\" \/>\n<meta name=\"twitter:card\" content=\"summary_large_image\" \/>\n<meta name=\"twitter:label1\" content=\"\u00c9crit par\" \/>\n\t<meta name=\"twitter:data1\" content=\"Loriental\" \/>\n\t<meta name=\"twitter:label2\" content=\"Dur\u00e9e de lecture estim\u00e9e\" \/>\n\t<meta name=\"twitter:data2\" content=\"4 minutes\" \/>\n<script type=\"application\/ld+json\" class=\"yoast-schema-graph\">{\"@context\":\"https:\\\/\\\/schema.org\",\"@graph\":[{\"@type\":\"Article\",\"@id\":\"https:\\\/\\\/enricomaciasloriental.fr\\\/WordPress\\\/la-magie-denrico\\\/#article\",\"isPartOf\":{\"@id\":\"https:\\\/\\\/enricomaciasloriental.fr\\\/WordPress\\\/la-magie-denrico\\\/\"},\"author\":{\"name\":\"Loriental\",\"@id\":\"https:\\\/\\\/enricomaciasloriental.fr\\\/WordPress\\\/#\\\/schema\\\/person\\\/53fba112c6f4f0b335578890a816262e\"},\"headline\":\"La magie d&rsquo;Enrico\",\"datePublished\":\"2019-06-21T18:35:29+00:00\",\"dateModified\":\"2019-06-21T19:13:51+00:00\",\"mainEntityOfPage\":{\"@id\":\"https:\\\/\\\/enricomaciasloriental.fr\\\/WordPress\\\/la-magie-denrico\\\/\"},\"wordCount\":735,\"commentCount\":0,\"publisher\":{\"@id\":\"https:\\\/\\\/enricomaciasloriental.fr\\\/WordPress\\\/#\\\/schema\\\/person\\\/53fba112c6f4f0b335578890a816262e\"},\"image\":{\"@id\":\"https:\\\/\\\/enricomaciasloriental.fr\\\/WordPress\\\/la-magie-denrico\\\/#primaryimage\"},\"thumbnailUrl\":\"http:\\\/\\\/enricomaciasloriental.fr\\\/WordPress\\\/wp-content\\\/uploads\\\/\\\/2019\\\/06\\\/Olympia062019-0224.jpg\",\"articleSection\":[\"Actualit\u00e9s\"],\"inLanguage\":\"fr-FR\",\"potentialAction\":[{\"@type\":\"CommentAction\",\"name\":\"Comment\",\"target\":[\"https:\\\/\\\/enricomaciasloriental.fr\\\/WordPress\\\/la-magie-denrico\\\/#respond\"]}]},{\"@type\":\"WebPage\",\"@id\":\"https:\\\/\\\/enricomaciasloriental.fr\\\/WordPress\\\/la-magie-denrico\\\/\",\"url\":\"https:\\\/\\\/enricomaciasloriental.fr\\\/WordPress\\\/la-magie-denrico\\\/\",\"name\":\"La magie d'Enrico - ENRICO MACIAS L&#039;Oriental\",\"isPartOf\":{\"@id\":\"https:\\\/\\\/enricomaciasloriental.fr\\\/WordPress\\\/#website\"},\"primaryImageOfPage\":{\"@id\":\"https:\\\/\\\/enricomaciasloriental.fr\\\/WordPress\\\/la-magie-denrico\\\/#primaryimage\"},\"image\":{\"@id\":\"https:\\\/\\\/enricomaciasloriental.fr\\\/WordPress\\\/la-magie-denrico\\\/#primaryimage\"},\"thumbnailUrl\":\"http:\\\/\\\/enricomaciasloriental.fr\\\/WordPress\\\/wp-content\\\/uploads\\\/\\\/2019\\\/06\\\/Olympia062019-0224.jpg\",\"datePublished\":\"2019-06-21T18:35:29+00:00\",\"dateModified\":\"2019-06-21T19:13:51+00:00\",\"breadcrumb\":{\"@id\":\"https:\\\/\\\/enricomaciasloriental.fr\\\/WordPress\\\/la-magie-denrico\\\/#breadcrumb\"},\"inLanguage\":\"fr-FR\",\"potentialAction\":[{\"@type\":\"ReadAction\",\"target\":[\"https:\\\/\\\/enricomaciasloriental.fr\\\/WordPress\\\/la-magie-denrico\\\/\"]}]},{\"@type\":\"ImageObject\",\"inLanguage\":\"fr-FR\",\"@id\":\"https:\\\/\\\/enricomaciasloriental.fr\\\/WordPress\\\/la-magie-denrico\\\/#primaryimage\",\"url\":\"https:\\\/\\\/enricomaciasloriental.fr\\\/WordPress\\\/wp-content\\\/uploads\\\/\\\/2019\\\/06\\\/Olympia062019-0224.jpg\",\"contentUrl\":\"https:\\\/\\\/enricomaciasloriental.fr\\\/WordPress\\\/wp-content\\\/uploads\\\/\\\/2019\\\/06\\\/Olympia062019-0224.jpg\",\"width\":552,\"height\":761},{\"@type\":\"BreadcrumbList\",\"@id\":\"https:\\\/\\\/enricomaciasloriental.fr\\\/WordPress\\\/la-magie-denrico\\\/#breadcrumb\",\"itemListElement\":[{\"@type\":\"ListItem\",\"position\":1,\"name\":\"Accueil\",\"item\":\"https:\\\/\\\/enricomaciasloriental.fr\\\/WordPress\\\/\"},{\"@type\":\"ListItem\",\"position\":2,\"name\":\"La magie d&rsquo;Enrico\"}]},{\"@type\":\"WebSite\",\"@id\":\"https:\\\/\\\/enricomaciasloriental.fr\\\/WordPress\\\/#website\",\"url\":\"https:\\\/\\\/enricomaciasloriental.fr\\\/WordPress\\\/\",\"name\":\"ENRICO MACIAS L'Oriental\",\"description\":\"IL EST COMME LE SOLEIL\",\"publisher\":{\"@id\":\"https:\\\/\\\/enricomaciasloriental.fr\\\/WordPress\\\/#\\\/schema\\\/person\\\/53fba112c6f4f0b335578890a816262e\"},\"potentialAction\":[{\"@type\":\"SearchAction\",\"target\":{\"@type\":\"EntryPoint\",\"urlTemplate\":\"https:\\\/\\\/enricomaciasloriental.fr\\\/WordPress\\\/?s={search_term_string}\"},\"query-input\":{\"@type\":\"PropertyValueSpecification\",\"valueRequired\":true,\"valueName\":\"search_term_string\"}}],\"inLanguage\":\"fr-FR\"},{\"@type\":[\"Person\",\"Organization\"],\"@id\":\"https:\\\/\\\/enricomaciasloriental.fr\\\/WordPress\\\/#\\\/schema\\\/person\\\/53fba112c6f4f0b335578890a816262e\",\"name\":\"Loriental\",\"image\":{\"@type\":\"ImageObject\",\"inLanguage\":\"fr-FR\",\"@id\":\"https:\\\/\\\/enricomaciasloriental.fr\\\/WordPress\\\/wp-content\\\/uploads\\\/\\\/2015\\\/02\\\/cropped-bannier_altaiir-enrico.jpg\",\"url\":\"https:\\\/\\\/enricomaciasloriental.fr\\\/WordPress\\\/wp-content\\\/uploads\\\/\\\/2015\\\/02\\\/cropped-bannier_altaiir-enrico.jpg\",\"contentUrl\":\"https:\\\/\\\/enricomaciasloriental.fr\\\/WordPress\\\/wp-content\\\/uploads\\\/\\\/2015\\\/02\\\/cropped-bannier_altaiir-enrico.jpg\",\"width\":1200,\"height\":150,\"caption\":\"Loriental\"},\"logo\":{\"@id\":\"https:\\\/\\\/enricomaciasloriental.fr\\\/WordPress\\\/wp-content\\\/uploads\\\/\\\/2015\\\/02\\\/cropped-bannier_altaiir-enrico.jpg\"},\"sameAs\":[\"http:\\\/\\\/www.enricomaciasloriental.fr\\\/\"]}]}<\/script>\n<!-- \/ Yoast SEO plugin. -->","yoast_head_json":{"title":"La magie d'Enrico - ENRICO MACIAS L&#039;Oriental","robots":{"index":"index","follow":"follow","max-snippet":"max-snippet:-1","max-image-preview":"max-image-preview:large","max-video-preview":"max-video-preview:-1"},"canonical":"https:\/\/enricomaciasloriental.fr\/WordPress\/la-magie-denrico\/","og_locale":"fr_FR","og_type":"article","og_title":"La magie d'Enrico - ENRICO MACIAS L&#039;Oriental","og_description":"En f\u00e9vrier dernier, Enrico Macias nous avait convi\u00e9 boulevard des Capucines pour faire une grande f\u00eate a l\u2019occasion de ses 80 printemps. Devant le succ\u00e8s de ces deux soir\u00e9es d\u2019exception (cf nos 2 articles \u00ab\u00a0sublissime Enrico\u00a0\u00bb et \u00ab\u00a080 printemps et &hellip; La magie d&rsquo;Enrico Read More &raquo;","og_url":"https:\/\/enricomaciasloriental.fr\/WordPress\/la-magie-denrico\/","og_site_name":"ENRICO MACIAS L&#039;Oriental","article_published_time":"2019-06-21T18:35:29+00:00","article_modified_time":"2019-06-21T19:13:51+00:00","og_image":[{"url":"http:\/\/enricomaciasloriental.fr\/WordPress\/wp-content\/uploads\/\/2019\/06\/Olympia062019-0224.jpg","type":"","width":"","height":""}],"author":"Loriental","twitter_card":"summary_large_image","twitter_misc":{"\u00c9crit par":"Loriental","Dur\u00e9e de lecture estim\u00e9e":"4 minutes"},"schema":{"@context":"https:\/\/schema.org","@graph":[{"@type":"Article","@id":"https:\/\/enricomaciasloriental.fr\/WordPress\/la-magie-denrico\/#article","isPartOf":{"@id":"https:\/\/enricomaciasloriental.fr\/WordPress\/la-magie-denrico\/"},"author":{"name":"Loriental","@id":"https:\/\/enricomaciasloriental.fr\/WordPress\/#\/schema\/person\/53fba112c6f4f0b335578890a816262e"},"headline":"La magie d&rsquo;Enrico","datePublished":"2019-06-21T18:35:29+00:00","dateModified":"2019-06-21T19:13:51+00:00","mainEntityOfPage":{"@id":"https:\/\/enricomaciasloriental.fr\/WordPress\/la-magie-denrico\/"},"wordCount":735,"commentCount":0,"publisher":{"@id":"https:\/\/enricomaciasloriental.fr\/WordPress\/#\/schema\/person\/53fba112c6f4f0b335578890a816262e"},"image":{"@id":"https:\/\/enricomaciasloriental.fr\/WordPress\/la-magie-denrico\/#primaryimage"},"thumbnailUrl":"http:\/\/enricomaciasloriental.fr\/WordPress\/wp-content\/uploads\/\/2019\/06\/Olympia062019-0224.jpg","articleSection":["Actualit\u00e9s"],"inLanguage":"fr-FR","potentialAction":[{"@type":"CommentAction","name":"Comment","target":["https:\/\/enricomaciasloriental.fr\/WordPress\/la-magie-denrico\/#respond"]}]},{"@type":"WebPage","@id":"https:\/\/enricomaciasloriental.fr\/WordPress\/la-magie-denrico\/","url":"https:\/\/enricomaciasloriental.fr\/WordPress\/la-magie-denrico\/","name":"La magie d'Enrico - ENRICO MACIAS L&#039;Oriental","isPartOf":{"@id":"https:\/\/enricomaciasloriental.fr\/WordPress\/#website"},"primaryImageOfPage":{"@id":"https:\/\/enricomaciasloriental.fr\/WordPress\/la-magie-denrico\/#primaryimage"},"image":{"@id":"https:\/\/enricomaciasloriental.fr\/WordPress\/la-magie-denrico\/#primaryimage"},"thumbnailUrl":"http:\/\/enricomaciasloriental.fr\/WordPress\/wp-content\/uploads\/\/2019\/06\/Olympia062019-0224.jpg","datePublished":"2019-06-21T18:35:29+00:00","dateModified":"2019-06-21T19:13:51+00:00","breadcrumb":{"@id":"https:\/\/enricomaciasloriental.fr\/WordPress\/la-magie-denrico\/#breadcrumb"},"inLanguage":"fr-FR","potentialAction":[{"@type":"ReadAction","target":["https:\/\/enricomaciasloriental.fr\/WordPress\/la-magie-denrico\/"]}]},{"@type":"ImageObject","inLanguage":"fr-FR","@id":"https:\/\/enricomaciasloriental.fr\/WordPress\/la-magie-denrico\/#primaryimage","url":"https:\/\/enricomaciasloriental.fr\/WordPress\/wp-content\/uploads\/\/2019\/06\/Olympia062019-0224.jpg","contentUrl":"https:\/\/enricomaciasloriental.fr\/WordPress\/wp-content\/uploads\/\/2019\/06\/Olympia062019-0224.jpg","width":552,"height":761},{"@type":"BreadcrumbList","@id":"https:\/\/enricomaciasloriental.fr\/WordPress\/la-magie-denrico\/#breadcrumb","itemListElement":[{"@type":"ListItem","position":1,"name":"Accueil","item":"https:\/\/enricomaciasloriental.fr\/WordPress\/"},{"@type":"ListItem","position":2,"name":"La magie d&rsquo;Enrico"}]},{"@type":"WebSite","@id":"https:\/\/enricomaciasloriental.fr\/WordPress\/#website","url":"https:\/\/enricomaciasloriental.fr\/WordPress\/","name":"ENRICO MACIAS L'Oriental","description":"IL EST COMME LE SOLEIL","publisher":{"@id":"https:\/\/enricomaciasloriental.fr\/WordPress\/#\/schema\/person\/53fba112c6f4f0b335578890a816262e"},"potentialAction":[{"@type":"SearchAction","target":{"@type":"EntryPoint","urlTemplate":"https:\/\/enricomaciasloriental.fr\/WordPress\/?s={search_term_string}"},"query-input":{"@type":"PropertyValueSpecification","valueRequired":true,"valueName":"search_term_string"}}],"inLanguage":"fr-FR"},{"@type":["Person","Organization"],"@id":"https:\/\/enricomaciasloriental.fr\/WordPress\/#\/schema\/person\/53fba112c6f4f0b335578890a816262e","name":"Loriental","image":{"@type":"ImageObject","inLanguage":"fr-FR","@id":"https:\/\/enricomaciasloriental.fr\/WordPress\/wp-content\/uploads\/\/2015\/02\/cropped-bannier_altaiir-enrico.jpg","url":"https:\/\/enricomaciasloriental.fr\/WordPress\/wp-content\/uploads\/\/2015\/02\/cropped-bannier_altaiir-enrico.jpg","contentUrl":"https:\/\/enricomaciasloriental.fr\/WordPress\/wp-content\/uploads\/\/2015\/02\/cropped-bannier_altaiir-enrico.jpg","width":1200,"height":150,"caption":"Loriental"},"logo":{"@id":"https:\/\/enricomaciasloriental.fr\/WordPress\/wp-content\/uploads\/\/2015\/02\/cropped-bannier_altaiir-enrico.jpg"},"sameAs":["http:\/\/www.enricomaciasloriental.fr\/"]}]}},"featured_image_src":"","featured_image_src_square":false,"author_info":{"display_name":"Loriental","author_link":"https:\/\/enricomaciasloriental.fr\/WordPress\/author\/admin9234\/"},"rbea_author_info":{"display_name":"Loriental","author_link":"https:\/\/enricomaciasloriental.fr\/WordPress\/author\/admin9234\/"},"rbea_excerpt_info":"En f\u00e9vrier dernier, Enrico Macias nous avait convi\u00e9 boulevard des Capucines pour faire une grande f\u00eate a l\u2019occasion de ses 80 printemps. Devant le succ\u00e8s de ces deux soir\u00e9es d\u2019exception (cf nos 2 articles \u00ab\u00a0sublissime Enrico\u00a0\u00bb et \u00ab\u00a080 printemps et &hellip;<p class=\"read-more\"> <a class=\"more-link\" href=\"https:\/\/enricomaciasloriental.fr\/WordPress\/la-magie-denrico\/\"> <span class=\"screen-reader-text\">La magie d&rsquo;Enrico<\/span> Read More &raquo;<\/a><\/p>","category_list":"<a href=\"https:\/\/enricomaciasloriental.fr\/WordPress\/category\/actualites\/\">Actualit\u00e9s<\/a>","comments_num":"0 comments","_links":{"self":[{"href":"https:\/\/enricomaciasloriental.fr\/WordPress\/wp-json\/wp\/v2\/posts\/12672","targetHints":{"allow":["GET"]}}],"collection":[{"href":"https:\/\/enricomaciasloriental.fr\/WordPress\/wp-json\/wp\/v2\/posts"}],"about":[{"href":"https:\/\/enricomaciasloriental.fr\/WordPress\/wp-json\/wp\/v2\/types\/post"}],"author":[{"embeddable":true,"href":"https:\/\/enricomaciasloriental.fr\/WordPress\/wp-json\/wp\/v2\/users\/36"}],"replies":[{"embeddable":true,"href":"https:\/\/enricomaciasloriental.fr\/WordPress\/wp-json\/wp\/v2\/comments?post=12672"}],"version-history":[{"count":0,"href":"https:\/\/enricomaciasloriental.fr\/WordPress\/wp-json\/wp\/v2\/posts\/12672\/revisions"}],"wp:attachment":[{"href":"https:\/\/enricomaciasloriental.fr\/WordPress\/wp-json\/wp\/v2\/media?parent=12672"}],"wp:term":[{"taxonomy":"category","embeddable":true,"href":"https:\/\/enricomaciasloriental.fr\/WordPress\/wp-json\/wp\/v2\/categories?post=12672"},{"taxonomy":"post_tag","embeddable":true,"href":"https:\/\/enricomaciasloriental.fr\/WordPress\/wp-json\/wp\/v2\/tags?post=12672"}],"curies":[{"name":"wp","href":"https:\/\/api.w.org\/{rel}","templated":true}]}}