{"id":13040,"date":"2020-03-15T16:24:38","date_gmt":"2020-03-15T15:24:38","guid":{"rendered":"http:\/\/enricomaciasloriental.fr\/WordPress\/?p=13040"},"modified":"2020-03-15T16:30:04","modified_gmt":"2020-03-15T15:30:04","slug":"tournee-en-israel-reportee-en-septembre-2020","status":"publish","type":"post","link":"https:\/\/enricomaciasloriental.fr\/WordPress\/tournee-en-israel-reportee-en-septembre-2020\/","title":{"rendered":"Tourn\u00e9e en Isra\u00ebl report\u00e9e en septembre 2020"},"content":{"rendered":"\n<figure class=\"wp-block-image size-large\"><img fetchpriority=\"high\" decoding=\"async\" width=\"1024\" height=\"684\" src=\"https:\/\/enricomaciasloriental.fr\/WordPress\/wp-content\/uploads\/\/2020\/03\/89819160_10220017201127559_8868189425570414592_o-1024x684.jpg\" alt=\"\" class=\"wp-image-13041\" srcset=\"https:\/\/enricomaciasloriental.fr\/WordPress\/wp-content\/uploads\/2020\/03\/89819160_10220017201127559_8868189425570414592_o-1024x684.jpg 1024w, https:\/\/enricomaciasloriental.fr\/WordPress\/wp-content\/uploads\/2020\/03\/89819160_10220017201127559_8868189425570414592_o-300x200.jpg 300w, https:\/\/enricomaciasloriental.fr\/WordPress\/wp-content\/uploads\/2020\/03\/89819160_10220017201127559_8868189425570414592_o-768x513.jpg 768w, https:\/\/enricomaciasloriental.fr\/WordPress\/wp-content\/uploads\/2020\/03\/89819160_10220017201127559_8868189425570414592_o-1536x1025.jpg 1536w, https:\/\/enricomaciasloriental.fr\/WordPress\/wp-content\/uploads\/2020\/03\/89819160_10220017201127559_8868189425570414592_o.jpg 2048w\" sizes=\"(max-width: 1024px) 100vw, 1024px\" \/><\/figure>\n\n\n\n<p class=\"has-text-align-left\">La tourn\u00e9e d&rsquo;Enrico Macias \u00ab\u00a0Isra\u00ebl, prends moi dans tes bras \u00a0\u00bb accompagn\u00e9e de l&rsquo;orchestre symphonette Raanana pr\u00e9vue initialement du 17 au 27 mai 2020 est report\u00e9e<\/p>\n\n\n\n<p class=\"has-text-align-center has-large-font-size\"><strong>du 6 au 16 septembre 2020<\/strong><\/p>\n\n\n\n<p class=\"has-text-align-left\"><br \/> Voici la nouvelle programmation des concerts :<br \/> &#8211; <strong>Ashkelon<\/strong> pr\u00e9vu pour le dimanche 17 mai aura lieu le <strong>dimanche 6 septembre \u00e0 20:30<\/strong><br \/> &#8211; <strong>Haifa<\/strong> pr\u00e9vu pour le mardi 19 mai aura lieu le<strong> mardi 8 septembre \u00e0 20:30<\/strong><br \/> &#8211; <strong>Netanya<\/strong> (amphith\u00e9\u00e2tre Gan King) pr\u00e9vu le jeudi 21 mai aura lieu le <strong>mercredi 9 septembre \u00e0 20:30<\/strong><br \/>&#8211; <strong>J\u00e9rusalem <\/strong>pr\u00e9vu le mercredi 20 mai aura lieu le <strong>jeudi 10 septembre \u00e0 20:30<\/strong><br \/>&#8211; <strong>Beer Sheva<\/strong> pr\u00e9vu le 12 mai aura lieu le <strong>samedi 12 septembre \u00e0 21:00<\/strong><br \/> &#8211; <strong>Petah Tikva<\/strong> pr\u00e9vu le mercredi 27 mai aura lieu le <strong>dimanche 13 septembre \u00e0 20:30<\/strong><br \/> &#8211; <strong>Tel Aviv <\/strong>pr\u00e9vu le lundi 25 mai aura lieu le <strong>mardi 15 septembre \u00e0 20:30<\/strong><br \/> &#8211; <strong>Tel Aviv<\/strong> pr\u00e9vu le mardi 26 mai aura lieu le <strong>mercredi 16 septembre \u00e0 20:30<\/strong><\/p>\n","protected":false},"excerpt":{"rendered":"<p>La tourn\u00e9e d&rsquo;Enrico Macias \u00ab\u00a0Isra\u00ebl, prends moi dans tes bras \u00a0\u00bb accompagn\u00e9e de l&rsquo;orchestre symphonette Raanana pr\u00e9vue initialement du 17 au 27 mai 2020 est report\u00e9e du 6 au 16 septembre 2020 Voici la nouvelle programmation des concerts : &#8211; &hellip;<\/p>\n<p class=\"read-more\"> <a class=\"more-link\" href=\"https:\/\/enricomaciasloriental.fr\/WordPress\/tournee-en-israel-reportee-en-septembre-2020\/\"> <span class=\"screen-reader-text\">Tourn\u00e9e en Isra\u00ebl report\u00e9e en septembre 2020<\/span> Read More &raquo;<\/a><\/p>\n","protected":false},"author":36,"featured_media":0,"comment_status":"open","ping_status":"open","sticky":false,"template":"","format":"standard","meta":{"footnotes":""},"categories":[1],"tags":[],"class_list":["post-13040","post","type-post","status-publish","format-standard","hentry","category-actualites"],"yoast_head":"<!-- This site is optimized with the Yoast SEO plugin v27.4 - https:\/\/yoast.com\/product\/yoast-seo-wordpress\/ -->\n<title>Tourn\u00e9e en Isra\u00ebl report\u00e9e en septembre 2020 - ENRICO MACIAS L&#039;Oriental<\/title>\n<meta name=\"robots\" content=\"index, follow, max-snippet:-1, max-image-preview:large, max-video-preview:-1\" \/>\n<link rel=\"canonical\" href=\"https:\/\/enricomaciasloriental.fr\/WordPress\/tournee-en-israel-reportee-en-septembre-2020\/\" \/>\n<meta property=\"og:locale\" content=\"fr_FR\" \/>\n<meta property=\"og:type\" content=\"article\" \/>\n<meta property=\"og:title\" content=\"Tourn\u00e9e en Isra\u00ebl report\u00e9e en septembre 2020 - ENRICO MACIAS L&#039;Oriental\" \/>\n<meta property=\"og:description\" content=\"La tourn\u00e9e d&rsquo;Enrico Macias \u00ab\u00a0Isra\u00ebl, prends moi dans tes bras \u00a0\u00bb accompagn\u00e9e de l&rsquo;orchestre symphonette Raanana pr\u00e9vue initialement du 17 au 27 mai 2020 est report\u00e9e du 6 au 16 septembre 2020 Voici la nouvelle programmation des concerts : &#8211; &hellip; Tourn\u00e9e en Isra\u00ebl report\u00e9e en septembre 2020 Read More &raquo;\" \/>\n<meta property=\"og:url\" content=\"https:\/\/enricomaciasloriental.fr\/WordPress\/tournee-en-israel-reportee-en-septembre-2020\/\" \/>\n<meta property=\"og:site_name\" content=\"ENRICO MACIAS L&#039;Oriental\" \/>\n<meta property=\"article:published_time\" content=\"2020-03-15T15:24:38+00:00\" \/>\n<meta property=\"article:modified_time\" content=\"2020-03-15T15:30:04+00:00\" \/>\n<meta property=\"og:image\" content=\"http:\/\/enricomaciasloriental.fr\/WordPress\/wp-content\/uploads\/\/2020\/03\/89819160_10220017201127559_8868189425570414592_o-1024x684.jpg\" \/>\n<meta name=\"author\" content=\"Loriental\" \/>\n<meta name=\"twitter:card\" content=\"summary_large_image\" \/>\n<meta name=\"twitter:label1\" content=\"\u00c9crit par\" \/>\n\t<meta name=\"twitter:data1\" content=\"Loriental\" \/>\n\t<meta name=\"twitter:label2\" content=\"Dur\u00e9e de lecture estim\u00e9e\" \/>\n\t<meta name=\"twitter:data2\" content=\"1 minute\" \/>\n<script type=\"application\/ld+json\" class=\"yoast-schema-graph\">{\"@context\":\"https:\\\/\\\/schema.org\",\"@graph\":[{\"@type\":\"Article\",\"@id\":\"https:\\\/\\\/enricomaciasloriental.fr\\\/WordPress\\\/tournee-en-israel-reportee-en-septembre-2020\\\/#article\",\"isPartOf\":{\"@id\":\"https:\\\/\\\/enricomaciasloriental.fr\\\/WordPress\\\/tournee-en-israel-reportee-en-septembre-2020\\\/\"},\"author\":{\"name\":\"Loriental\",\"@id\":\"https:\\\/\\\/enricomaciasloriental.fr\\\/WordPress\\\/#\\\/schema\\\/person\\\/53fba112c6f4f0b335578890a816262e\"},\"headline\":\"Tourn\u00e9e en Isra\u00ebl report\u00e9e en septembre 2020\",\"datePublished\":\"2020-03-15T15:24:38+00:00\",\"dateModified\":\"2020-03-15T15:30:04+00:00\",\"mainEntityOfPage\":{\"@id\":\"https:\\\/\\\/enricomaciasloriental.fr\\\/WordPress\\\/tournee-en-israel-reportee-en-septembre-2020\\\/\"},\"wordCount\":153,\"commentCount\":0,\"publisher\":{\"@id\":\"https:\\\/\\\/enricomaciasloriental.fr\\\/WordPress\\\/#\\\/schema\\\/person\\\/53fba112c6f4f0b335578890a816262e\"},\"image\":{\"@id\":\"https:\\\/\\\/enricomaciasloriental.fr\\\/WordPress\\\/tournee-en-israel-reportee-en-septembre-2020\\\/#primaryimage\"},\"thumbnailUrl\":\"http:\\\/\\\/enricomaciasloriental.fr\\\/WordPress\\\/wp-content\\\/uploads\\\/\\\/2020\\\/03\\\/89819160_10220017201127559_8868189425570414592_o-1024x684.jpg\",\"articleSection\":[\"Actualit\u00e9s\"],\"inLanguage\":\"fr-FR\",\"potentialAction\":[{\"@type\":\"CommentAction\",\"name\":\"Comment\",\"target\":[\"https:\\\/\\\/enricomaciasloriental.fr\\\/WordPress\\\/tournee-en-israel-reportee-en-septembre-2020\\\/#respond\"]}]},{\"@type\":\"WebPage\",\"@id\":\"https:\\\/\\\/enricomaciasloriental.fr\\\/WordPress\\\/tournee-en-israel-reportee-en-septembre-2020\\\/\",\"url\":\"https:\\\/\\\/enricomaciasloriental.fr\\\/WordPress\\\/tournee-en-israel-reportee-en-septembre-2020\\\/\",\"name\":\"Tourn\u00e9e en Isra\u00ebl report\u00e9e en septembre 2020 - ENRICO MACIAS L&#039;Oriental\",\"isPartOf\":{\"@id\":\"https:\\\/\\\/enricomaciasloriental.fr\\\/WordPress\\\/#website\"},\"primaryImageOfPage\":{\"@id\":\"https:\\\/\\\/enricomaciasloriental.fr\\\/WordPress\\\/tournee-en-israel-reportee-en-septembre-2020\\\/#primaryimage\"},\"image\":{\"@id\":\"https:\\\/\\\/enricomaciasloriental.fr\\\/WordPress\\\/tournee-en-israel-reportee-en-septembre-2020\\\/#primaryimage\"},\"thumbnailUrl\":\"http:\\\/\\\/enricomaciasloriental.fr\\\/WordPress\\\/wp-content\\\/uploads\\\/\\\/2020\\\/03\\\/89819160_10220017201127559_8868189425570414592_o-1024x684.jpg\",\"datePublished\":\"2020-03-15T15:24:38+00:00\",\"dateModified\":\"2020-03-15T15:30:04+00:00\",\"breadcrumb\":{\"@id\":\"https:\\\/\\\/enricomaciasloriental.fr\\\/WordPress\\\/tournee-en-israel-reportee-en-septembre-2020\\\/#breadcrumb\"},\"inLanguage\":\"fr-FR\",\"potentialAction\":[{\"@type\":\"ReadAction\",\"target\":[\"https:\\\/\\\/enricomaciasloriental.fr\\\/WordPress\\\/tournee-en-israel-reportee-en-septembre-2020\\\/\"]}]},{\"@type\":\"ImageObject\",\"inLanguage\":\"fr-FR\",\"@id\":\"https:\\\/\\\/enricomaciasloriental.fr\\\/WordPress\\\/tournee-en-israel-reportee-en-septembre-2020\\\/#primaryimage\",\"url\":\"https:\\\/\\\/enricomaciasloriental.fr\\\/WordPress\\\/wp-content\\\/uploads\\\/\\\/2020\\\/03\\\/89819160_10220017201127559_8868189425570414592_o.jpg\",\"contentUrl\":\"https:\\\/\\\/enricomaciasloriental.fr\\\/WordPress\\\/wp-content\\\/uploads\\\/\\\/2020\\\/03\\\/89819160_10220017201127559_8868189425570414592_o.jpg\",\"width\":2048,\"height\":1367},{\"@type\":\"BreadcrumbList\",\"@id\":\"https:\\\/\\\/enricomaciasloriental.fr\\\/WordPress\\\/tournee-en-israel-reportee-en-septembre-2020\\\/#breadcrumb\",\"itemListElement\":[{\"@type\":\"ListItem\",\"position\":1,\"name\":\"Accueil\",\"item\":\"https:\\\/\\\/enricomaciasloriental.fr\\\/WordPress\\\/\"},{\"@type\":\"ListItem\",\"position\":2,\"name\":\"Tourn\u00e9e en Isra\u00ebl report\u00e9e en septembre 2020\"}]},{\"@type\":\"WebSite\",\"@id\":\"https:\\\/\\\/enricomaciasloriental.fr\\\/WordPress\\\/#website\",\"url\":\"https:\\\/\\\/enricomaciasloriental.fr\\\/WordPress\\\/\",\"name\":\"ENRICO MACIAS L'Oriental\",\"description\":\"IL EST COMME LE SOLEIL\",\"publisher\":{\"@id\":\"https:\\\/\\\/enricomaciasloriental.fr\\\/WordPress\\\/#\\\/schema\\\/person\\\/53fba112c6f4f0b335578890a816262e\"},\"potentialAction\":[{\"@type\":\"SearchAction\",\"target\":{\"@type\":\"EntryPoint\",\"urlTemplate\":\"https:\\\/\\\/enricomaciasloriental.fr\\\/WordPress\\\/?s={search_term_string}\"},\"query-input\":{\"@type\":\"PropertyValueSpecification\",\"valueRequired\":true,\"valueName\":\"search_term_string\"}}],\"inLanguage\":\"fr-FR\"},{\"@type\":[\"Person\",\"Organization\"],\"@id\":\"https:\\\/\\\/enricomaciasloriental.fr\\\/WordPress\\\/#\\\/schema\\\/person\\\/53fba112c6f4f0b335578890a816262e\",\"name\":\"Loriental\",\"image\":{\"@type\":\"ImageObject\",\"inLanguage\":\"fr-FR\",\"@id\":\"https:\\\/\\\/enricomaciasloriental.fr\\\/WordPress\\\/wp-content\\\/uploads\\\/\\\/2015\\\/02\\\/cropped-bannier_altaiir-enrico.jpg\",\"url\":\"https:\\\/\\\/enricomaciasloriental.fr\\\/WordPress\\\/wp-content\\\/uploads\\\/\\\/2015\\\/02\\\/cropped-bannier_altaiir-enrico.jpg\",\"contentUrl\":\"https:\\\/\\\/enricomaciasloriental.fr\\\/WordPress\\\/wp-content\\\/uploads\\\/\\\/2015\\\/02\\\/cropped-bannier_altaiir-enrico.jpg\",\"width\":1200,\"height\":150,\"caption\":\"Loriental\"},\"logo\":{\"@id\":\"https:\\\/\\\/enricomaciasloriental.fr\\\/WordPress\\\/wp-content\\\/uploads\\\/\\\/2015\\\/02\\\/cropped-bannier_altaiir-enrico.jpg\"},\"sameAs\":[\"http:\\\/\\\/www.enricomaciasloriental.fr\\\/\"]}]}<\/script>\n<!-- \/ Yoast SEO plugin. -->","yoast_head_json":{"title":"Tourn\u00e9e en Isra\u00ebl report\u00e9e en septembre 2020 - ENRICO MACIAS L&#039;Oriental","robots":{"index":"index","follow":"follow","max-snippet":"max-snippet:-1","max-image-preview":"max-image-preview:large","max-video-preview":"max-video-preview:-1"},"canonical":"https:\/\/enricomaciasloriental.fr\/WordPress\/tournee-en-israel-reportee-en-septembre-2020\/","og_locale":"fr_FR","og_type":"article","og_title":"Tourn\u00e9e en Isra\u00ebl report\u00e9e en septembre 2020 - ENRICO MACIAS L&#039;Oriental","og_description":"La tourn\u00e9e d&rsquo;Enrico Macias \u00ab\u00a0Isra\u00ebl, prends moi dans tes bras \u00a0\u00bb accompagn\u00e9e de l&rsquo;orchestre symphonette Raanana pr\u00e9vue initialement du 17 au 27 mai 2020 est report\u00e9e du 6 au 16 septembre 2020 Voici la nouvelle programmation des concerts : &#8211; &hellip; Tourn\u00e9e en Isra\u00ebl report\u00e9e en septembre 2020 Read More &raquo;","og_url":"https:\/\/enricomaciasloriental.fr\/WordPress\/tournee-en-israel-reportee-en-septembre-2020\/","og_site_name":"ENRICO MACIAS L&#039;Oriental","article_published_time":"2020-03-15T15:24:38+00:00","article_modified_time":"2020-03-15T15:30:04+00:00","og_image":[{"url":"http:\/\/enricomaciasloriental.fr\/WordPress\/wp-content\/uploads\/\/2020\/03\/89819160_10220017201127559_8868189425570414592_o-1024x684.jpg","type":"","width":"","height":""}],"author":"Loriental","twitter_card":"summary_large_image","twitter_misc":{"\u00c9crit par":"Loriental","Dur\u00e9e de lecture estim\u00e9e":"1 minute"},"schema":{"@context":"https:\/\/schema.org","@graph":[{"@type":"Article","@id":"https:\/\/enricomaciasloriental.fr\/WordPress\/tournee-en-israel-reportee-en-septembre-2020\/#article","isPartOf":{"@id":"https:\/\/enricomaciasloriental.fr\/WordPress\/tournee-en-israel-reportee-en-septembre-2020\/"},"author":{"name":"Loriental","@id":"https:\/\/enricomaciasloriental.fr\/WordPress\/#\/schema\/person\/53fba112c6f4f0b335578890a816262e"},"headline":"Tourn\u00e9e en Isra\u00ebl report\u00e9e en septembre 2020","datePublished":"2020-03-15T15:24:38+00:00","dateModified":"2020-03-15T15:30:04+00:00","mainEntityOfPage":{"@id":"https:\/\/enricomaciasloriental.fr\/WordPress\/tournee-en-israel-reportee-en-septembre-2020\/"},"wordCount":153,"commentCount":0,"publisher":{"@id":"https:\/\/enricomaciasloriental.fr\/WordPress\/#\/schema\/person\/53fba112c6f4f0b335578890a816262e"},"image":{"@id":"https:\/\/enricomaciasloriental.fr\/WordPress\/tournee-en-israel-reportee-en-septembre-2020\/#primaryimage"},"thumbnailUrl":"http:\/\/enricomaciasloriental.fr\/WordPress\/wp-content\/uploads\/\/2020\/03\/89819160_10220017201127559_8868189425570414592_o-1024x684.jpg","articleSection":["Actualit\u00e9s"],"inLanguage":"fr-FR","potentialAction":[{"@type":"CommentAction","name":"Comment","target":["https:\/\/enricomaciasloriental.fr\/WordPress\/tournee-en-israel-reportee-en-septembre-2020\/#respond"]}]},{"@type":"WebPage","@id":"https:\/\/enricomaciasloriental.fr\/WordPress\/tournee-en-israel-reportee-en-septembre-2020\/","url":"https:\/\/enricomaciasloriental.fr\/WordPress\/tournee-en-israel-reportee-en-septembre-2020\/","name":"Tourn\u00e9e en Isra\u00ebl report\u00e9e en septembre 2020 - ENRICO MACIAS L&#039;Oriental","isPartOf":{"@id":"https:\/\/enricomaciasloriental.fr\/WordPress\/#website"},"primaryImageOfPage":{"@id":"https:\/\/enricomaciasloriental.fr\/WordPress\/tournee-en-israel-reportee-en-septembre-2020\/#primaryimage"},"image":{"@id":"https:\/\/enricomaciasloriental.fr\/WordPress\/tournee-en-israel-reportee-en-septembre-2020\/#primaryimage"},"thumbnailUrl":"http:\/\/enricomaciasloriental.fr\/WordPress\/wp-content\/uploads\/\/2020\/03\/89819160_10220017201127559_8868189425570414592_o-1024x684.jpg","datePublished":"2020-03-15T15:24:38+00:00","dateModified":"2020-03-15T15:30:04+00:00","breadcrumb":{"@id":"https:\/\/enricomaciasloriental.fr\/WordPress\/tournee-en-israel-reportee-en-septembre-2020\/#breadcrumb"},"inLanguage":"fr-FR","potentialAction":[{"@type":"ReadAction","target":["https:\/\/enricomaciasloriental.fr\/WordPress\/tournee-en-israel-reportee-en-septembre-2020\/"]}]},{"@type":"ImageObject","inLanguage":"fr-FR","@id":"https:\/\/enricomaciasloriental.fr\/WordPress\/tournee-en-israel-reportee-en-septembre-2020\/#primaryimage","url":"https:\/\/enricomaciasloriental.fr\/WordPress\/wp-content\/uploads\/\/2020\/03\/89819160_10220017201127559_8868189425570414592_o.jpg","contentUrl":"https:\/\/enricomaciasloriental.fr\/WordPress\/wp-content\/uploads\/\/2020\/03\/89819160_10220017201127559_8868189425570414592_o.jpg","width":2048,"height":1367},{"@type":"BreadcrumbList","@id":"https:\/\/enricomaciasloriental.fr\/WordPress\/tournee-en-israel-reportee-en-septembre-2020\/#breadcrumb","itemListElement":[{"@type":"ListItem","position":1,"name":"Accueil","item":"https:\/\/enricomaciasloriental.fr\/WordPress\/"},{"@type":"ListItem","position":2,"name":"Tourn\u00e9e en Isra\u00ebl report\u00e9e en septembre 2020"}]},{"@type":"WebSite","@id":"https:\/\/enricomaciasloriental.fr\/WordPress\/#website","url":"https:\/\/enricomaciasloriental.fr\/WordPress\/","name":"ENRICO MACIAS L'Oriental","description":"IL EST COMME LE SOLEIL","publisher":{"@id":"https:\/\/enricomaciasloriental.fr\/WordPress\/#\/schema\/person\/53fba112c6f4f0b335578890a816262e"},"potentialAction":[{"@type":"SearchAction","target":{"@type":"EntryPoint","urlTemplate":"https:\/\/enricomaciasloriental.fr\/WordPress\/?s={search_term_string}"},"query-input":{"@type":"PropertyValueSpecification","valueRequired":true,"valueName":"search_term_string"}}],"inLanguage":"fr-FR"},{"@type":["Person","Organization"],"@id":"https:\/\/enricomaciasloriental.fr\/WordPress\/#\/schema\/person\/53fba112c6f4f0b335578890a816262e","name":"Loriental","image":{"@type":"ImageObject","inLanguage":"fr-FR","@id":"https:\/\/enricomaciasloriental.fr\/WordPress\/wp-content\/uploads\/\/2015\/02\/cropped-bannier_altaiir-enrico.jpg","url":"https:\/\/enricomaciasloriental.fr\/WordPress\/wp-content\/uploads\/\/2015\/02\/cropped-bannier_altaiir-enrico.jpg","contentUrl":"https:\/\/enricomaciasloriental.fr\/WordPress\/wp-content\/uploads\/\/2015\/02\/cropped-bannier_altaiir-enrico.jpg","width":1200,"height":150,"caption":"Loriental"},"logo":{"@id":"https:\/\/enricomaciasloriental.fr\/WordPress\/wp-content\/uploads\/\/2015\/02\/cropped-bannier_altaiir-enrico.jpg"},"sameAs":["http:\/\/www.enricomaciasloriental.fr\/"]}]}},"featured_image_src":"","featured_image_src_square":false,"author_info":{"display_name":"Loriental","author_link":"https:\/\/enricomaciasloriental.fr\/WordPress\/author\/admin9234\/"},"rbea_author_info":{"display_name":"Loriental","author_link":"https:\/\/enricomaciasloriental.fr\/WordPress\/author\/admin9234\/"},"rbea_excerpt_info":"La tourn\u00e9e d&rsquo;Enrico Macias \u00ab\u00a0Isra\u00ebl, prends moi dans tes bras \u00a0\u00bb accompagn\u00e9e de l&rsquo;orchestre symphonette Raanana pr\u00e9vue initialement du 17 au 27 mai 2020 est report\u00e9e du 6 au 16 septembre 2020 Voici la nouvelle programmation des concerts : &#8211; &hellip;<p class=\"read-more\"> <a class=\"more-link\" href=\"https:\/\/enricomaciasloriental.fr\/WordPress\/tournee-en-israel-reportee-en-septembre-2020\/\"> <span class=\"screen-reader-text\">Tourn\u00e9e en Isra\u00ebl report\u00e9e en septembre 2020<\/span> Read More &raquo;<\/a><\/p>","category_list":"<a href=\"https:\/\/enricomaciasloriental.fr\/WordPress\/category\/actualites\/\">Actualit\u00e9s<\/a>","comments_num":"0 comments","_links":{"self":[{"href":"https:\/\/enricomaciasloriental.fr\/WordPress\/wp-json\/wp\/v2\/posts\/13040","targetHints":{"allow":["GET"]}}],"collection":[{"href":"https:\/\/enricomaciasloriental.fr\/WordPress\/wp-json\/wp\/v2\/posts"}],"about":[{"href":"https:\/\/enricomaciasloriental.fr\/WordPress\/wp-json\/wp\/v2\/types\/post"}],"author":[{"embeddable":true,"href":"https:\/\/enricomaciasloriental.fr\/WordPress\/wp-json\/wp\/v2\/users\/36"}],"replies":[{"embeddable":true,"href":"https:\/\/enricomaciasloriental.fr\/WordPress\/wp-json\/wp\/v2\/comments?post=13040"}],"version-history":[{"count":0,"href":"https:\/\/enricomaciasloriental.fr\/WordPress\/wp-json\/wp\/v2\/posts\/13040\/revisions"}],"wp:attachment":[{"href":"https:\/\/enricomaciasloriental.fr\/WordPress\/wp-json\/wp\/v2\/media?parent=13040"}],"wp:term":[{"taxonomy":"category","embeddable":true,"href":"https:\/\/enricomaciasloriental.fr\/WordPress\/wp-json\/wp\/v2\/categories?post=13040"},{"taxonomy":"post_tag","embeddable":true,"href":"https:\/\/enricomaciasloriental.fr\/WordPress\/wp-json\/wp\/v2\/tags?post=13040"}],"curies":[{"name":"wp","href":"https:\/\/api.w.org\/{rel}","templated":true}]}}