{"id":13137,"date":"2020-04-01T17:07:16","date_gmt":"2020-04-01T15:07:16","guid":{"rendered":"http:\/\/enricomaciasloriental.fr\/WordPress\/?p=13137"},"modified":"2020-04-01T17:07:17","modified_gmt":"2020-04-01T15:07:17","slug":"lieux-communs-recoit-enrico-macias-leman-bleu","status":"publish","type":"post","link":"https:\/\/enricomaciasloriental.fr\/WordPress\/lieux-communs-recoit-enrico-macias-leman-bleu\/","title":{"rendered":"Lieux communs re\u00e7oit Enrico Macias &#8211; L\u00e9man bleu"},"content":{"rendered":"\n<figure class=\"wp-block-video\"><video height=\"224\" style=\"aspect-ratio: 400 \/ 224;\" width=\"400\" controls src=\"https:\/\/enricomaciasloriental.fr\/WordPress\/wp-content\/uploads\/\/2020\/04\/Facebook_6.mp4\"><\/video><figcaption>CE SOIR MERCREDI 1er avril 2020 &#8211; 19h20<br \/><a href=\"https:\/\/www.facebook.com\/Enricofficiel\/?__cft__[0]=AZW16NxnAE5bOvEjKJSYCxXsrJ49nK-kcP7dYP5Gna9s4XfZlOWspGLzEC_6NCI0sVaDEzYT6-So_awOq6L3vlFbyvgs35766bhiCdrA0S7dn_z2YqSOYXIuK5kk_Yac8zZJjcbZON-h07UdY3A9NXh5LRQTqBCMoqVNDqP_x5H52x95Hfcyxlexpu9X9hG8y78&amp;__tn__=kK-R\"><strong>Enrico Macias<\/strong><\/a> &amp; <a href=\"https:\/\/www.facebook.com\/NoaRofficiel\/?__cft__[0]=AZW16NxnAE5bOvEjKJSYCxXsrJ49nK-kcP7dYP5Gna9s4XfZlOWspGLzEC_6NCI0sVaDEzYT6-So_awOq6L3vlFbyvgs35766bhiCdrA0S7dn_z2YqSOYXIuK5kk_Yac8zZJjcbZON-h07UdY3A9NXh5LRQTqBCMoqVNDqP_x5H52x95Hfcyxlexpu9X9hG8y78&amp;__tn__=kK-R\"><strong>Noa R.<\/strong><\/a><br \/>Suivez le lien ci-dessous<br \/><br \/>Pr\u00e8s de 60 ans de carri\u00e8re et du soleil dans une journ\u00e9e pluvieuse. C\u2019est un honneur de recevoir <a href=\"https:\/\/www.facebook.com\/Enricofficiel\/?__cft__[0]=AZUIxUgYTrLpdEp2q4DUByWRwxpbS7fFcSuhYWNDXj1pdIpMFC5Ed7k_MusdOI-w5MjXGYCdzupNEaJftvqkzncwmeUMy2enRz4JBTIMCT78ItefaVNmmmDjHRBI3uPd3QawvJq8wUyhQ-OB4PMX7nkTGerDgS6nPlW8HuQWDxeosEdrYyY9SEY9f2wP6sNbWVI&amp;__tn__=kK-y-R\"><strong>Enrico Macias<\/strong><\/a> pour ce nouveau num\u00e9ro de <a href=\"https:\/\/www.facebook.com\/Lieux-communs-913686051989509\/?__cft__[0]=AZUIxUgYTrLpdEp2q4DUByWRwxpbS7fFcSuhYWNDXj1pdIpMFC5Ed7k_MusdOI-w5MjXGYCdzupNEaJftvqkzncwmeUMy2enRz4JBTIMCT78ItefaVNmmmDjHRBI3uPd3QawvJq8wUyhQ-OB4PMX7nkTGerDgS6nPlW8HuQWDxeosEdrYyY9SEY9f2wP6sNbWVI&amp;__tn__=kK-y-R\"><strong>Lieux communs<\/strong><\/a> <img decoding=\"async\" width=\"16\" height=\"16\" alt=\"\" src=\"https:\/\/static.xx.fbcdn.net\/images\/emoji.php\/v9\/t9e\/1\/16\/27a1.png\"\/> <a rel=\"noreferrer noopener\" href=\"https:\/\/l.facebook.com\/l.php?u=https%3A%2F%2Fbit.ly%2F2xHZLE9%3Ffbclid%3DIwAR3ODLWZ52RjlX8OX727Je29-SJnImO5UuvqKJA76DBC_wnPKR-lwabTCgA&amp;h=AT0NQgm7JOXZwhMQBODnceiKslOKbQggjENY_dXpj7ED44NkcuFZiegBFhlkzhKOhyUIGrtcUBmDaoO66h_FH5PxYjNfD47jAiT3z9cb3VcYbuYp_21QNu1e-RCbZJxhkjufVU1wwj6usfpiWw&amp;__tn__=-UK-y-R&amp;c[0]=AT2w4qMWTfWfrRGYFFdVKblSQbG5lCB5S2G-tiWrPzlfRAO4d_T0YLOBfLudcHpsqbzfjHNkRlw8FfxfvgK5rvoJr5XTLB3LlSdJPjvQOendvf-rGsVuVx6PMa0cJS1uEZqCfqdogoWE_HNqXF0N_H6AC2yF-OaVMLXxXA2qvtC29lumLYHKFex9tNT2-MmvfNDoZ1hdsiBejBYbjBo\" target=\"_blank\">https:\/\/bit.ly\/2xHZLE9<\/a><\/figcaption><\/figure>\n","protected":false},"excerpt":{"rendered":"","protected":false},"author":36,"featured_media":0,"comment_status":"open","ping_status":"open","sticky":false,"template":"","format":"standard","meta":{"footnotes":""},"categories":[1],"tags":[],"class_list":["post-13137","post","type-post","status-publish","format-standard","hentry","category-actualites"],"yoast_head":"<!-- This site is optimized with the Yoast SEO plugin v27.4 - https:\/\/yoast.com\/product\/yoast-seo-wordpress\/ -->\n<title>Lieux communs re\u00e7oit Enrico Macias - L\u00e9man bleu - ENRICO MACIAS L&#039;Oriental<\/title>\n<meta name=\"robots\" content=\"index, follow, max-snippet:-1, max-image-preview:large, max-video-preview:-1\" \/>\n<link rel=\"canonical\" href=\"https:\/\/enricomaciasloriental.fr\/WordPress\/lieux-communs-recoit-enrico-macias-leman-bleu\/\" \/>\n<meta property=\"og:locale\" content=\"fr_FR\" \/>\n<meta property=\"og:type\" content=\"article\" \/>\n<meta property=\"og:title\" content=\"Lieux communs re\u00e7oit Enrico Macias - L\u00e9man bleu - ENRICO MACIAS L&#039;Oriental\" \/>\n<meta property=\"og:url\" content=\"https:\/\/enricomaciasloriental.fr\/WordPress\/lieux-communs-recoit-enrico-macias-leman-bleu\/\" \/>\n<meta property=\"og:site_name\" content=\"ENRICO MACIAS L&#039;Oriental\" \/>\n<meta property=\"article:published_time\" content=\"2020-04-01T15:07:16+00:00\" \/>\n<meta property=\"article:modified_time\" content=\"2020-04-01T15:07:17+00:00\" \/>\n<meta property=\"og:image\" content=\"https:\/\/static.xx.fbcdn.net\/images\/emoji.php\/v9\/t9e\/1\/16\/27a1.png\" \/>\n<meta name=\"author\" content=\"Loriental\" \/>\n<meta name=\"twitter:card\" content=\"summary_large_image\" \/>\n<meta name=\"twitter:label1\" content=\"\u00c9crit par\" \/>\n\t<meta name=\"twitter:data1\" content=\"Loriental\" \/>\n<script type=\"application\/ld+json\" class=\"yoast-schema-graph\">{\"@context\":\"https:\\\/\\\/schema.org\",\"@graph\":[{\"@type\":\"Article\",\"@id\":\"https:\\\/\\\/enricomaciasloriental.fr\\\/WordPress\\\/lieux-communs-recoit-enrico-macias-leman-bleu\\\/#article\",\"isPartOf\":{\"@id\":\"https:\\\/\\\/enricomaciasloriental.fr\\\/WordPress\\\/lieux-communs-recoit-enrico-macias-leman-bleu\\\/\"},\"author\":{\"name\":\"Loriental\",\"@id\":\"https:\\\/\\\/enricomaciasloriental.fr\\\/WordPress\\\/#\\\/schema\\\/person\\\/53fba112c6f4f0b335578890a816262e\"},\"headline\":\"Lieux communs re\u00e7oit Enrico Macias &#8211; L\u00e9man bleu\",\"datePublished\":\"2020-04-01T15:07:16+00:00\",\"dateModified\":\"2020-04-01T15:07:17+00:00\",\"mainEntityOfPage\":{\"@id\":\"https:\\\/\\\/enricomaciasloriental.fr\\\/WordPress\\\/lieux-communs-recoit-enrico-macias-leman-bleu\\\/\"},\"wordCount\":61,\"commentCount\":1,\"publisher\":{\"@id\":\"https:\\\/\\\/enricomaciasloriental.fr\\\/WordPress\\\/#\\\/schema\\\/person\\\/53fba112c6f4f0b335578890a816262e\"},\"image\":{\"@id\":\"https:\\\/\\\/enricomaciasloriental.fr\\\/WordPress\\\/lieux-communs-recoit-enrico-macias-leman-bleu\\\/#primaryimage\"},\"thumbnailUrl\":\"https:\\\/\\\/static.xx.fbcdn.net\\\/images\\\/emoji.php\\\/v9\\\/t9e\\\/1\\\/16\\\/27a1.png\",\"articleSection\":[\"Actualit\u00e9s\"],\"inLanguage\":\"fr-FR\",\"potentialAction\":[{\"@type\":\"CommentAction\",\"name\":\"Comment\",\"target\":[\"https:\\\/\\\/enricomaciasloriental.fr\\\/WordPress\\\/lieux-communs-recoit-enrico-macias-leman-bleu\\\/#respond\"]}]},{\"@type\":\"WebPage\",\"@id\":\"https:\\\/\\\/enricomaciasloriental.fr\\\/WordPress\\\/lieux-communs-recoit-enrico-macias-leman-bleu\\\/\",\"url\":\"https:\\\/\\\/enricomaciasloriental.fr\\\/WordPress\\\/lieux-communs-recoit-enrico-macias-leman-bleu\\\/\",\"name\":\"Lieux communs re\u00e7oit Enrico Macias - L\u00e9man bleu - ENRICO MACIAS L&#039;Oriental\",\"isPartOf\":{\"@id\":\"https:\\\/\\\/enricomaciasloriental.fr\\\/WordPress\\\/#website\"},\"primaryImageOfPage\":{\"@id\":\"https:\\\/\\\/enricomaciasloriental.fr\\\/WordPress\\\/lieux-communs-recoit-enrico-macias-leman-bleu\\\/#primaryimage\"},\"image\":{\"@id\":\"https:\\\/\\\/enricomaciasloriental.fr\\\/WordPress\\\/lieux-communs-recoit-enrico-macias-leman-bleu\\\/#primaryimage\"},\"thumbnailUrl\":\"https:\\\/\\\/static.xx.fbcdn.net\\\/images\\\/emoji.php\\\/v9\\\/t9e\\\/1\\\/16\\\/27a1.png\",\"datePublished\":\"2020-04-01T15:07:16+00:00\",\"dateModified\":\"2020-04-01T15:07:17+00:00\",\"breadcrumb\":{\"@id\":\"https:\\\/\\\/enricomaciasloriental.fr\\\/WordPress\\\/lieux-communs-recoit-enrico-macias-leman-bleu\\\/#breadcrumb\"},\"inLanguage\":\"fr-FR\",\"potentialAction\":[{\"@type\":\"ReadAction\",\"target\":[\"https:\\\/\\\/enricomaciasloriental.fr\\\/WordPress\\\/lieux-communs-recoit-enrico-macias-leman-bleu\\\/\"]}]},{\"@type\":\"ImageObject\",\"inLanguage\":\"fr-FR\",\"@id\":\"https:\\\/\\\/enricomaciasloriental.fr\\\/WordPress\\\/lieux-communs-recoit-enrico-macias-leman-bleu\\\/#primaryimage\",\"url\":\"https:\\\/\\\/static.xx.fbcdn.net\\\/images\\\/emoji.php\\\/v9\\\/t9e\\\/1\\\/16\\\/27a1.png\",\"contentUrl\":\"https:\\\/\\\/static.xx.fbcdn.net\\\/images\\\/emoji.php\\\/v9\\\/t9e\\\/1\\\/16\\\/27a1.png\"},{\"@type\":\"BreadcrumbList\",\"@id\":\"https:\\\/\\\/enricomaciasloriental.fr\\\/WordPress\\\/lieux-communs-recoit-enrico-macias-leman-bleu\\\/#breadcrumb\",\"itemListElement\":[{\"@type\":\"ListItem\",\"position\":1,\"name\":\"Accueil\",\"item\":\"https:\\\/\\\/enricomaciasloriental.fr\\\/WordPress\\\/\"},{\"@type\":\"ListItem\",\"position\":2,\"name\":\"Lieux communs re\u00e7oit Enrico Macias &#8211; L\u00e9man bleu\"}]},{\"@type\":\"WebSite\",\"@id\":\"https:\\\/\\\/enricomaciasloriental.fr\\\/WordPress\\\/#website\",\"url\":\"https:\\\/\\\/enricomaciasloriental.fr\\\/WordPress\\\/\",\"name\":\"ENRICO MACIAS L'Oriental\",\"description\":\"IL EST COMME LE SOLEIL\",\"publisher\":{\"@id\":\"https:\\\/\\\/enricomaciasloriental.fr\\\/WordPress\\\/#\\\/schema\\\/person\\\/53fba112c6f4f0b335578890a816262e\"},\"potentialAction\":[{\"@type\":\"SearchAction\",\"target\":{\"@type\":\"EntryPoint\",\"urlTemplate\":\"https:\\\/\\\/enricomaciasloriental.fr\\\/WordPress\\\/?s={search_term_string}\"},\"query-input\":{\"@type\":\"PropertyValueSpecification\",\"valueRequired\":true,\"valueName\":\"search_term_string\"}}],\"inLanguage\":\"fr-FR\"},{\"@type\":[\"Person\",\"Organization\"],\"@id\":\"https:\\\/\\\/enricomaciasloriental.fr\\\/WordPress\\\/#\\\/schema\\\/person\\\/53fba112c6f4f0b335578890a816262e\",\"name\":\"Loriental\",\"image\":{\"@type\":\"ImageObject\",\"inLanguage\":\"fr-FR\",\"@id\":\"https:\\\/\\\/enricomaciasloriental.fr\\\/WordPress\\\/wp-content\\\/uploads\\\/\\\/2015\\\/02\\\/cropped-bannier_altaiir-enrico.jpg\",\"url\":\"https:\\\/\\\/enricomaciasloriental.fr\\\/WordPress\\\/wp-content\\\/uploads\\\/\\\/2015\\\/02\\\/cropped-bannier_altaiir-enrico.jpg\",\"contentUrl\":\"https:\\\/\\\/enricomaciasloriental.fr\\\/WordPress\\\/wp-content\\\/uploads\\\/\\\/2015\\\/02\\\/cropped-bannier_altaiir-enrico.jpg\",\"width\":1200,\"height\":150,\"caption\":\"Loriental\"},\"logo\":{\"@id\":\"https:\\\/\\\/enricomaciasloriental.fr\\\/WordPress\\\/wp-content\\\/uploads\\\/\\\/2015\\\/02\\\/cropped-bannier_altaiir-enrico.jpg\"},\"sameAs\":[\"http:\\\/\\\/www.enricomaciasloriental.fr\\\/\"]}]}<\/script>\n<!-- \/ Yoast SEO plugin. -->","yoast_head_json":{"title":"Lieux communs re\u00e7oit Enrico Macias - L\u00e9man bleu - ENRICO MACIAS L&#039;Oriental","robots":{"index":"index","follow":"follow","max-snippet":"max-snippet:-1","max-image-preview":"max-image-preview:large","max-video-preview":"max-video-preview:-1"},"canonical":"https:\/\/enricomaciasloriental.fr\/WordPress\/lieux-communs-recoit-enrico-macias-leman-bleu\/","og_locale":"fr_FR","og_type":"article","og_title":"Lieux communs re\u00e7oit Enrico Macias - L\u00e9man bleu - ENRICO MACIAS L&#039;Oriental","og_url":"https:\/\/enricomaciasloriental.fr\/WordPress\/lieux-communs-recoit-enrico-macias-leman-bleu\/","og_site_name":"ENRICO MACIAS L&#039;Oriental","article_published_time":"2020-04-01T15:07:16+00:00","article_modified_time":"2020-04-01T15:07:17+00:00","og_image":[{"url":"https:\/\/static.xx.fbcdn.net\/images\/emoji.php\/v9\/t9e\/1\/16\/27a1.png","type":"","width":"","height":""}],"author":"Loriental","twitter_card":"summary_large_image","twitter_misc":{"\u00c9crit par":"Loriental"},"schema":{"@context":"https:\/\/schema.org","@graph":[{"@type":"Article","@id":"https:\/\/enricomaciasloriental.fr\/WordPress\/lieux-communs-recoit-enrico-macias-leman-bleu\/#article","isPartOf":{"@id":"https:\/\/enricomaciasloriental.fr\/WordPress\/lieux-communs-recoit-enrico-macias-leman-bleu\/"},"author":{"name":"Loriental","@id":"https:\/\/enricomaciasloriental.fr\/WordPress\/#\/schema\/person\/53fba112c6f4f0b335578890a816262e"},"headline":"Lieux communs re\u00e7oit Enrico Macias &#8211; L\u00e9man bleu","datePublished":"2020-04-01T15:07:16+00:00","dateModified":"2020-04-01T15:07:17+00:00","mainEntityOfPage":{"@id":"https:\/\/enricomaciasloriental.fr\/WordPress\/lieux-communs-recoit-enrico-macias-leman-bleu\/"},"wordCount":61,"commentCount":1,"publisher":{"@id":"https:\/\/enricomaciasloriental.fr\/WordPress\/#\/schema\/person\/53fba112c6f4f0b335578890a816262e"},"image":{"@id":"https:\/\/enricomaciasloriental.fr\/WordPress\/lieux-communs-recoit-enrico-macias-leman-bleu\/#primaryimage"},"thumbnailUrl":"https:\/\/static.xx.fbcdn.net\/images\/emoji.php\/v9\/t9e\/1\/16\/27a1.png","articleSection":["Actualit\u00e9s"],"inLanguage":"fr-FR","potentialAction":[{"@type":"CommentAction","name":"Comment","target":["https:\/\/enricomaciasloriental.fr\/WordPress\/lieux-communs-recoit-enrico-macias-leman-bleu\/#respond"]}]},{"@type":"WebPage","@id":"https:\/\/enricomaciasloriental.fr\/WordPress\/lieux-communs-recoit-enrico-macias-leman-bleu\/","url":"https:\/\/enricomaciasloriental.fr\/WordPress\/lieux-communs-recoit-enrico-macias-leman-bleu\/","name":"Lieux communs re\u00e7oit Enrico Macias - L\u00e9man bleu - ENRICO MACIAS L&#039;Oriental","isPartOf":{"@id":"https:\/\/enricomaciasloriental.fr\/WordPress\/#website"},"primaryImageOfPage":{"@id":"https:\/\/enricomaciasloriental.fr\/WordPress\/lieux-communs-recoit-enrico-macias-leman-bleu\/#primaryimage"},"image":{"@id":"https:\/\/enricomaciasloriental.fr\/WordPress\/lieux-communs-recoit-enrico-macias-leman-bleu\/#primaryimage"},"thumbnailUrl":"https:\/\/static.xx.fbcdn.net\/images\/emoji.php\/v9\/t9e\/1\/16\/27a1.png","datePublished":"2020-04-01T15:07:16+00:00","dateModified":"2020-04-01T15:07:17+00:00","breadcrumb":{"@id":"https:\/\/enricomaciasloriental.fr\/WordPress\/lieux-communs-recoit-enrico-macias-leman-bleu\/#breadcrumb"},"inLanguage":"fr-FR","potentialAction":[{"@type":"ReadAction","target":["https:\/\/enricomaciasloriental.fr\/WordPress\/lieux-communs-recoit-enrico-macias-leman-bleu\/"]}]},{"@type":"ImageObject","inLanguage":"fr-FR","@id":"https:\/\/enricomaciasloriental.fr\/WordPress\/lieux-communs-recoit-enrico-macias-leman-bleu\/#primaryimage","url":"https:\/\/static.xx.fbcdn.net\/images\/emoji.php\/v9\/t9e\/1\/16\/27a1.png","contentUrl":"https:\/\/static.xx.fbcdn.net\/images\/emoji.php\/v9\/t9e\/1\/16\/27a1.png"},{"@type":"BreadcrumbList","@id":"https:\/\/enricomaciasloriental.fr\/WordPress\/lieux-communs-recoit-enrico-macias-leman-bleu\/#breadcrumb","itemListElement":[{"@type":"ListItem","position":1,"name":"Accueil","item":"https:\/\/enricomaciasloriental.fr\/WordPress\/"},{"@type":"ListItem","position":2,"name":"Lieux communs re\u00e7oit Enrico Macias &#8211; L\u00e9man bleu"}]},{"@type":"WebSite","@id":"https:\/\/enricomaciasloriental.fr\/WordPress\/#website","url":"https:\/\/enricomaciasloriental.fr\/WordPress\/","name":"ENRICO MACIAS L'Oriental","description":"IL EST COMME LE SOLEIL","publisher":{"@id":"https:\/\/enricomaciasloriental.fr\/WordPress\/#\/schema\/person\/53fba112c6f4f0b335578890a816262e"},"potentialAction":[{"@type":"SearchAction","target":{"@type":"EntryPoint","urlTemplate":"https:\/\/enricomaciasloriental.fr\/WordPress\/?s={search_term_string}"},"query-input":{"@type":"PropertyValueSpecification","valueRequired":true,"valueName":"search_term_string"}}],"inLanguage":"fr-FR"},{"@type":["Person","Organization"],"@id":"https:\/\/enricomaciasloriental.fr\/WordPress\/#\/schema\/person\/53fba112c6f4f0b335578890a816262e","name":"Loriental","image":{"@type":"ImageObject","inLanguage":"fr-FR","@id":"https:\/\/enricomaciasloriental.fr\/WordPress\/wp-content\/uploads\/\/2015\/02\/cropped-bannier_altaiir-enrico.jpg","url":"https:\/\/enricomaciasloriental.fr\/WordPress\/wp-content\/uploads\/\/2015\/02\/cropped-bannier_altaiir-enrico.jpg","contentUrl":"https:\/\/enricomaciasloriental.fr\/WordPress\/wp-content\/uploads\/\/2015\/02\/cropped-bannier_altaiir-enrico.jpg","width":1200,"height":150,"caption":"Loriental"},"logo":{"@id":"https:\/\/enricomaciasloriental.fr\/WordPress\/wp-content\/uploads\/\/2015\/02\/cropped-bannier_altaiir-enrico.jpg"},"sameAs":["http:\/\/www.enricomaciasloriental.fr\/"]}]}},"featured_image_src":"","featured_image_src_square":false,"author_info":{"display_name":"Loriental","author_link":"https:\/\/enricomaciasloriental.fr\/WordPress\/author\/admin9234\/"},"rbea_author_info":{"display_name":"Loriental","author_link":"https:\/\/enricomaciasloriental.fr\/WordPress\/author\/admin9234\/"},"rbea_excerpt_info":null,"category_list":"<a href=\"https:\/\/enricomaciasloriental.fr\/WordPress\/category\/actualites\/\">Actualit\u00e9s<\/a>","comments_num":"1 comment","_links":{"self":[{"href":"https:\/\/enricomaciasloriental.fr\/WordPress\/wp-json\/wp\/v2\/posts\/13137","targetHints":{"allow":["GET"]}}],"collection":[{"href":"https:\/\/enricomaciasloriental.fr\/WordPress\/wp-json\/wp\/v2\/posts"}],"about":[{"href":"https:\/\/enricomaciasloriental.fr\/WordPress\/wp-json\/wp\/v2\/types\/post"}],"author":[{"embeddable":true,"href":"https:\/\/enricomaciasloriental.fr\/WordPress\/wp-json\/wp\/v2\/users\/36"}],"replies":[{"embeddable":true,"href":"https:\/\/enricomaciasloriental.fr\/WordPress\/wp-json\/wp\/v2\/comments?post=13137"}],"version-history":[{"count":0,"href":"https:\/\/enricomaciasloriental.fr\/WordPress\/wp-json\/wp\/v2\/posts\/13137\/revisions"}],"wp:attachment":[{"href":"https:\/\/enricomaciasloriental.fr\/WordPress\/wp-json\/wp\/v2\/media?parent=13137"}],"wp:term":[{"taxonomy":"category","embeddable":true,"href":"https:\/\/enricomaciasloriental.fr\/WordPress\/wp-json\/wp\/v2\/categories?post=13137"},{"taxonomy":"post_tag","embeddable":true,"href":"https:\/\/enricomaciasloriental.fr\/WordPress\/wp-json\/wp\/v2\/tags?post=13137"}],"curies":[{"name":"wp","href":"https:\/\/api.w.org\/{rel}","templated":true}]}}