{"id":13214,"date":"2020-04-13T16:22:53","date_gmt":"2020-04-13T14:22:53","guid":{"rendered":"http:\/\/enricomaciasloriental.fr\/WordPress\/?p=13214"},"modified":"2020-04-13T18:27:23","modified_gmt":"2020-04-13T16:27:23","slug":"katalin-robert-fan-hongroise-denrico","status":"publish","type":"post","link":"https:\/\/enricomaciasloriental.fr\/WordPress\/katalin-robert-fan-hongroise-denrico\/","title":{"rendered":"Katalin Robert, Fan hongroise d&rsquo;Enrico"},"content":{"rendered":"\n<p style=\"font-size:12px\"><em>Si internet est souvent d\u00e9cri\u00e9 pour ses effets n\u00e9fastes sur les relations humaines, en ce qui me concerne, je consid\u00e8re que c&rsquo;est une puissante et in\u00e9puisable source de connaissance et de lien entre les peuples.<br \/>J&rsquo;ai fait sur la toile nombre de rencontres fabuleuses \u00e0 travers le monde qu&rsquo;il m&rsquo;a \u00e9t\u00e9 donn\u00e9 ou qu&rsquo;il me sera donn\u00e9 de concr\u00e9tiser par la suite au cours de mes voyages.<br \/>Pour un certain nombre d&rsquo;entre nous, nous pensions qu&rsquo;il n&rsquo;existait en Hongrie qu&rsquo;une seule fan d&rsquo;Enrico : Katalin Acs. Gr\u00e2ce aux hasards du net, et \u00e0 Katalin, nous avons le plaisir d&rsquo;en accueillir une seconde qui nous fait le plaisir de se pr\u00e9senter.<br \/>Bienvenue parmi les fans d&rsquo;Enrico Macias, et au plaisir de nous rencontrer peut \u00eatre un jour<br \/><br \/>Merci \u00e0 Katalin Acs pour la traduction en Fran\u00e7ais mais, pour avoir \u00e9chang\u00e9 un peu avec notre nouvelle amie, je crois qu&rsquo;elle est trop modeste, et qu&rsquo;elle parle et \u00e9crit encore parfaitement le Fran\u00e7ais.<\/em><br \/><\/p>\n\n\n\n<figure class=\"wp-block-image size-large\"><img fetchpriority=\"high\" decoding=\"async\" width=\"373\" height=\"280\" src=\"https:\/\/enricomaciasloriental.fr\/WordPress\/wp-content\/uploads\/\/2020\/04\/93624142_2357123024588205_1394052199943766016_n.jpg\" alt=\"\" class=\"wp-image-13215\" srcset=\"https:\/\/enricomaciasloriental.fr\/WordPress\/wp-content\/uploads\/2020\/04\/93624142_2357123024588205_1394052199943766016_n.jpg 373w, https:\/\/enricomaciasloriental.fr\/WordPress\/wp-content\/uploads\/2020\/04\/93624142_2357123024588205_1394052199943766016_n-300x225.jpg 300w\" sizes=\"(max-width: 373px) 100vw, 373px\" \/><\/figure>\n\n\n\n<p>C\u2019est un grand honneur et bonheur pour moi que Martine Lafit m\u2019ait &nbsp;demand\u00e9 de me pr\u00e9senter ici et je la remercie pour cette possibilit\u00e9.<\/p>\n\n\n\n<p>Je travaille actuellement pour un magazine d&rsquo;art de qualit\u00e9 \u201eKONTRASZT\u201d qui para\u00eet sur Facebook.<br \/>Ce magazine a \u00e9t\u00e9 cr\u00e9\u00e9 cette ann\u00e9e par la po\u00e8te hongroise M\u00e1ria Pethes.<br \/>La raison de ma pr\u00e9sentation ici est que j\u2019ai \u00e9crit deux articles dans ce magazine: l\u2019un \u00e9tait consacr\u00e9 \u00e0 \u201eEnrico Macias\u201d, et le second porte sur les exp\u00e9riences de sa fid\u00e8le fan hongroise, Katalin \u00c1cs.<\/p>\n\n\n\n<p>Je vis en Hongrie, pr\u00e8s de Budapest, \u00e0 Budakeszi. Une partie de ma famille s&rsquo;est install\u00e9e en France, c\u2019est pourquoi j\u2019ai visit\u00e9 plusieurs fois ce pays. En 1968, j\u2019y ai pass\u00e9 4 mois. J&rsquo;ai appris le fran\u00e7ais au lyc\u00e9e et, \u00e0 l\u2019\u00e9poque, je parlais tr\u00e8s bien cette belle langue. Malheureusement, cette connaissance s\u2019est maintenant envol\u00e9e. Depuis que les docteurs m\u2019ont \u00e9galement gu\u00e9rie d&rsquo;une grave maladie \u00e0 Paris en 1968, je consid\u00e8re la France comme mon deuxi\u00e8me pays. J\u2019aime le pays, son histoire, sa culture et son ambiance.<\/p>\n\n\n\n<p>Pour me pr\u00e9senter un peu plus, je travaille depuis des d\u00e9cennies comme informaticienne. Je joue de la guitare et aussi de l\u2019accord\u00e9on depuis mon enfance. Pour moi, la musique est mon premier moyen d&rsquo;expression.<\/p>\n\n\n\n<p>En 1968, j\u2019ai pu voir Aznavour \u00e0 l\u2019Olympia et c\u2019\u00e9tait une grande exp\u00e9rience de ma vie. J&rsquo;ai connu beaucoup de chanteurs mais, malheureusement, pas Enrico Macias. Cela s&rsquo;est produit des d\u00e9cennies plus tard.<\/p>\n\n\n\n<p>Il y a une dizaine d&rsquo;ann\u00e9es, un ami roumain bien inform\u00e9 m&rsquo;a envoy\u00e9 un de ses enregistrements de Youtube. Il m\u2019a fascin\u00e9e. J\u2019ai commenc\u00e9 \u00e0 collectionner ses chansons et cette passion continue encore aujourd\u2019hui. Malheureusement, il n\u2019est pas venu en Hongrie. Ici, presque personne ne le conna\u00eet. Je ne voyage plus donc je ne l\u2019ai pas entendu en live. Pourtant, je l&rsquo;ai connu gr\u00e2ce \u00e0 Internet.<\/p>\n\n\n\n<p>Je le respecte en tant qu&rsquo;homme, en tant que combattant de la paix. Je le respecte aussi en tant que chanteur et musicien. Je trouve que son style est unique. Il y a quelque chose d&rsquo;infiniment touchant dans l&rsquo;imm\u00e9diatet\u00e9 de l&rsquo;Orient, la fa\u00e7on dont il entre en contact avec le public, comment il les \u00e9coute, communique avec eux par ses gestes, par sa musique, comment il leur parle. Son style musical est sans pareil car il m\u00e9lange les styles musicaux apport\u00e9s d&rsquo;Alg\u00e9rie avec le monde de la chanson fran\u00e7aise. Il m\u2019a \u00e9tonn\u00e9e par le nombre de langues dans lesquelles il chante. Il repr\u00e9sente la r\u00e9conciliation jud\u00e9o-arabe.<\/p>\n\n\n\n<p>Je regrette qu&rsquo;il soit devenu un exil\u00e9 de sa patrie bien-aim\u00e9e, mais je suis heureuse que la France l&rsquo;ait accept\u00e9, lui donnant une nouvelle patrie. Je crois qu\u2019il la remercie souvent.<\/p>\n\n\n\n<p>Je veux dire enfin quel grand bonheur pour moi, suite \u00e0 la publication de mon article, que les fans hongrois d&rsquo;Enrico m&rsquo;aient retrouv\u00e9e et qu\u2019il m\u2019ait \u00e9t\u00e9 r\u00e9v\u00e9l\u00e9 qu&rsquo;il y avait encore des gens qui le connaissent et l&rsquo;aiment! Je sens que je suis aussi une partie du club des fans !<\/p>\n\n\n\n<p>Enfin, je remercie Katalin \u00c1cs qui a traduit ma pr\u00e9sentation. Je n\u2019ai pas os\u00e9&nbsp; entreprendre d\u2019\u00e9crire en fran\u00e7ais.<\/p>\n\n\n\n<p>Je souhaite la bienvenue aux lecteurs du site d&rsquo;ici, de la Hongrie!<br \/><br \/>Vous pouvez retrouver les deux articles cit\u00e9s en cliquant sur les liens ci-dessous :<br \/><a href=\"https:\/\/www.facebook.com\/kontrasztfolyoirat\/posts\/129263728614932\" target=\"_blank\" rel=\"noreferrer noopener\">ENRICO MACIAS<\/a><br \/><a href=\"https:\/\/www.facebook.com\/kontrasztfolyoirat\/posts\/148780416663263\" target=\"_blank\" rel=\"noreferrer noopener\">KATALIN ACS<\/a><\/p>\n","protected":false},"excerpt":{"rendered":"<p>Si internet est souvent d\u00e9cri\u00e9 pour ses effets n\u00e9fastes sur les relations humaines, en ce qui me concerne, je consid\u00e8re que c&rsquo;est une puissante et in\u00e9puisable source de connaissance et de lien entre les peuples.J&rsquo;ai fait sur la toile nombre &hellip;<\/p>\n<p class=\"read-more\"> <a class=\"more-link\" href=\"https:\/\/enricomaciasloriental.fr\/WordPress\/katalin-robert-fan-hongroise-denrico\/\"> <span class=\"screen-reader-text\">Katalin Robert, Fan hongroise d&rsquo;Enrico<\/span> Read More &raquo;<\/a><\/p>\n","protected":false},"author":36,"featured_media":0,"comment_status":"open","ping_status":"open","sticky":false,"template":"","format":"standard","meta":{"footnotes":""},"categories":[11,47],"tags":[],"class_list":["post-13214","post","type-post","status-publish","format-standard","hentry","category-le-coup-de-coeur-de-loriental","category-le-coin-des-fans"],"yoast_head":"<!-- This site is optimized with the Yoast SEO plugin v27.4 - https:\/\/yoast.com\/product\/yoast-seo-wordpress\/ -->\n<title>Katalin Robert, Fan hongroise d&#039;Enrico - ENRICO MACIAS L&#039;Oriental<\/title>\n<meta name=\"robots\" content=\"index, follow, max-snippet:-1, max-image-preview:large, max-video-preview:-1\" \/>\n<link rel=\"canonical\" href=\"https:\/\/enricomaciasloriental.fr\/WordPress\/katalin-robert-fan-hongroise-denrico\/\" \/>\n<meta property=\"og:locale\" content=\"fr_FR\" \/>\n<meta property=\"og:type\" content=\"article\" \/>\n<meta property=\"og:title\" content=\"Katalin Robert, Fan hongroise d&#039;Enrico - ENRICO MACIAS L&#039;Oriental\" \/>\n<meta property=\"og:description\" content=\"Si internet est souvent d\u00e9cri\u00e9 pour ses effets n\u00e9fastes sur les relations humaines, en ce qui me concerne, je consid\u00e8re que c&rsquo;est une puissante et in\u00e9puisable source de connaissance et de lien entre les peuples.J&rsquo;ai fait sur la toile nombre &hellip; Katalin Robert, Fan hongroise d&rsquo;Enrico Read More &raquo;\" \/>\n<meta property=\"og:url\" content=\"https:\/\/enricomaciasloriental.fr\/WordPress\/katalin-robert-fan-hongroise-denrico\/\" \/>\n<meta property=\"og:site_name\" content=\"ENRICO MACIAS L&#039;Oriental\" \/>\n<meta property=\"article:published_time\" content=\"2020-04-13T14:22:53+00:00\" \/>\n<meta property=\"article:modified_time\" content=\"2020-04-13T16:27:23+00:00\" \/>\n<meta property=\"og:image\" content=\"http:\/\/enricomaciasloriental.fr\/WordPress\/wp-content\/uploads\/\/2020\/04\/93624142_2357123024588205_1394052199943766016_n.jpg\" \/>\n<meta name=\"author\" content=\"Loriental\" \/>\n<meta name=\"twitter:card\" content=\"summary_large_image\" \/>\n<meta name=\"twitter:label1\" content=\"\u00c9crit par\" \/>\n\t<meta name=\"twitter:data1\" content=\"Loriental\" \/>\n\t<meta name=\"twitter:label2\" content=\"Dur\u00e9e de lecture estim\u00e9e\" \/>\n\t<meta name=\"twitter:data2\" content=\"4 minutes\" \/>\n<script type=\"application\/ld+json\" class=\"yoast-schema-graph\">{\"@context\":\"https:\\\/\\\/schema.org\",\"@graph\":[{\"@type\":\"Article\",\"@id\":\"https:\\\/\\\/enricomaciasloriental.fr\\\/WordPress\\\/katalin-robert-fan-hongroise-denrico\\\/#article\",\"isPartOf\":{\"@id\":\"https:\\\/\\\/enricomaciasloriental.fr\\\/WordPress\\\/katalin-robert-fan-hongroise-denrico\\\/\"},\"author\":{\"name\":\"Loriental\",\"@id\":\"https:\\\/\\\/enricomaciasloriental.fr\\\/WordPress\\\/#\\\/schema\\\/person\\\/53fba112c6f4f0b335578890a816262e\"},\"headline\":\"Katalin Robert, Fan hongroise d&rsquo;Enrico\",\"datePublished\":\"2020-04-13T14:22:53+00:00\",\"dateModified\":\"2020-04-13T16:27:23+00:00\",\"mainEntityOfPage\":{\"@id\":\"https:\\\/\\\/enricomaciasloriental.fr\\\/WordPress\\\/katalin-robert-fan-hongroise-denrico\\\/\"},\"wordCount\":807,\"commentCount\":0,\"publisher\":{\"@id\":\"https:\\\/\\\/enricomaciasloriental.fr\\\/WordPress\\\/#\\\/schema\\\/person\\\/53fba112c6f4f0b335578890a816262e\"},\"image\":{\"@id\":\"https:\\\/\\\/enricomaciasloriental.fr\\\/WordPress\\\/katalin-robert-fan-hongroise-denrico\\\/#primaryimage\"},\"thumbnailUrl\":\"http:\\\/\\\/enricomaciasloriental.fr\\\/WordPress\\\/wp-content\\\/uploads\\\/\\\/2020\\\/04\\\/93624142_2357123024588205_1394052199943766016_n.jpg\",\"articleSection\":[\"coup de coeur\",\"Le coin des Fans\"],\"inLanguage\":\"fr-FR\",\"potentialAction\":[{\"@type\":\"CommentAction\",\"name\":\"Comment\",\"target\":[\"https:\\\/\\\/enricomaciasloriental.fr\\\/WordPress\\\/katalin-robert-fan-hongroise-denrico\\\/#respond\"]}]},{\"@type\":\"WebPage\",\"@id\":\"https:\\\/\\\/enricomaciasloriental.fr\\\/WordPress\\\/katalin-robert-fan-hongroise-denrico\\\/\",\"url\":\"https:\\\/\\\/enricomaciasloriental.fr\\\/WordPress\\\/katalin-robert-fan-hongroise-denrico\\\/\",\"name\":\"Katalin Robert, Fan hongroise d'Enrico - ENRICO MACIAS L&#039;Oriental\",\"isPartOf\":{\"@id\":\"https:\\\/\\\/enricomaciasloriental.fr\\\/WordPress\\\/#website\"},\"primaryImageOfPage\":{\"@id\":\"https:\\\/\\\/enricomaciasloriental.fr\\\/WordPress\\\/katalin-robert-fan-hongroise-denrico\\\/#primaryimage\"},\"image\":{\"@id\":\"https:\\\/\\\/enricomaciasloriental.fr\\\/WordPress\\\/katalin-robert-fan-hongroise-denrico\\\/#primaryimage\"},\"thumbnailUrl\":\"http:\\\/\\\/enricomaciasloriental.fr\\\/WordPress\\\/wp-content\\\/uploads\\\/\\\/2020\\\/04\\\/93624142_2357123024588205_1394052199943766016_n.jpg\",\"datePublished\":\"2020-04-13T14:22:53+00:00\",\"dateModified\":\"2020-04-13T16:27:23+00:00\",\"breadcrumb\":{\"@id\":\"https:\\\/\\\/enricomaciasloriental.fr\\\/WordPress\\\/katalin-robert-fan-hongroise-denrico\\\/#breadcrumb\"},\"inLanguage\":\"fr-FR\",\"potentialAction\":[{\"@type\":\"ReadAction\",\"target\":[\"https:\\\/\\\/enricomaciasloriental.fr\\\/WordPress\\\/katalin-robert-fan-hongroise-denrico\\\/\"]}]},{\"@type\":\"ImageObject\",\"inLanguage\":\"fr-FR\",\"@id\":\"https:\\\/\\\/enricomaciasloriental.fr\\\/WordPress\\\/katalin-robert-fan-hongroise-denrico\\\/#primaryimage\",\"url\":\"https:\\\/\\\/enricomaciasloriental.fr\\\/WordPress\\\/wp-content\\\/uploads\\\/\\\/2020\\\/04\\\/93624142_2357123024588205_1394052199943766016_n.jpg\",\"contentUrl\":\"https:\\\/\\\/enricomaciasloriental.fr\\\/WordPress\\\/wp-content\\\/uploads\\\/\\\/2020\\\/04\\\/93624142_2357123024588205_1394052199943766016_n.jpg\",\"width\":373,\"height\":280},{\"@type\":\"BreadcrumbList\",\"@id\":\"https:\\\/\\\/enricomaciasloriental.fr\\\/WordPress\\\/katalin-robert-fan-hongroise-denrico\\\/#breadcrumb\",\"itemListElement\":[{\"@type\":\"ListItem\",\"position\":1,\"name\":\"Accueil\",\"item\":\"https:\\\/\\\/enricomaciasloriental.fr\\\/WordPress\\\/\"},{\"@type\":\"ListItem\",\"position\":2,\"name\":\"Katalin Robert, Fan hongroise d&rsquo;Enrico\"}]},{\"@type\":\"WebSite\",\"@id\":\"https:\\\/\\\/enricomaciasloriental.fr\\\/WordPress\\\/#website\",\"url\":\"https:\\\/\\\/enricomaciasloriental.fr\\\/WordPress\\\/\",\"name\":\"ENRICO MACIAS L'Oriental\",\"description\":\"IL EST COMME LE SOLEIL\",\"publisher\":{\"@id\":\"https:\\\/\\\/enricomaciasloriental.fr\\\/WordPress\\\/#\\\/schema\\\/person\\\/53fba112c6f4f0b335578890a816262e\"},\"potentialAction\":[{\"@type\":\"SearchAction\",\"target\":{\"@type\":\"EntryPoint\",\"urlTemplate\":\"https:\\\/\\\/enricomaciasloriental.fr\\\/WordPress\\\/?s={search_term_string}\"},\"query-input\":{\"@type\":\"PropertyValueSpecification\",\"valueRequired\":true,\"valueName\":\"search_term_string\"}}],\"inLanguage\":\"fr-FR\"},{\"@type\":[\"Person\",\"Organization\"],\"@id\":\"https:\\\/\\\/enricomaciasloriental.fr\\\/WordPress\\\/#\\\/schema\\\/person\\\/53fba112c6f4f0b335578890a816262e\",\"name\":\"Loriental\",\"image\":{\"@type\":\"ImageObject\",\"inLanguage\":\"fr-FR\",\"@id\":\"https:\\\/\\\/enricomaciasloriental.fr\\\/WordPress\\\/wp-content\\\/uploads\\\/\\\/2015\\\/02\\\/cropped-bannier_altaiir-enrico.jpg\",\"url\":\"https:\\\/\\\/enricomaciasloriental.fr\\\/WordPress\\\/wp-content\\\/uploads\\\/\\\/2015\\\/02\\\/cropped-bannier_altaiir-enrico.jpg\",\"contentUrl\":\"https:\\\/\\\/enricomaciasloriental.fr\\\/WordPress\\\/wp-content\\\/uploads\\\/\\\/2015\\\/02\\\/cropped-bannier_altaiir-enrico.jpg\",\"width\":1200,\"height\":150,\"caption\":\"Loriental\"},\"logo\":{\"@id\":\"https:\\\/\\\/enricomaciasloriental.fr\\\/WordPress\\\/wp-content\\\/uploads\\\/\\\/2015\\\/02\\\/cropped-bannier_altaiir-enrico.jpg\"},\"sameAs\":[\"http:\\\/\\\/www.enricomaciasloriental.fr\\\/\"]}]}<\/script>\n<!-- \/ Yoast SEO plugin. -->","yoast_head_json":{"title":"Katalin Robert, Fan hongroise d'Enrico - ENRICO MACIAS L&#039;Oriental","robots":{"index":"index","follow":"follow","max-snippet":"max-snippet:-1","max-image-preview":"max-image-preview:large","max-video-preview":"max-video-preview:-1"},"canonical":"https:\/\/enricomaciasloriental.fr\/WordPress\/katalin-robert-fan-hongroise-denrico\/","og_locale":"fr_FR","og_type":"article","og_title":"Katalin Robert, Fan hongroise d'Enrico - ENRICO MACIAS L&#039;Oriental","og_description":"Si internet est souvent d\u00e9cri\u00e9 pour ses effets n\u00e9fastes sur les relations humaines, en ce qui me concerne, je consid\u00e8re que c&rsquo;est une puissante et in\u00e9puisable source de connaissance et de lien entre les peuples.J&rsquo;ai fait sur la toile nombre &hellip; Katalin Robert, Fan hongroise d&rsquo;Enrico Read More &raquo;","og_url":"https:\/\/enricomaciasloriental.fr\/WordPress\/katalin-robert-fan-hongroise-denrico\/","og_site_name":"ENRICO MACIAS L&#039;Oriental","article_published_time":"2020-04-13T14:22:53+00:00","article_modified_time":"2020-04-13T16:27:23+00:00","og_image":[{"url":"http:\/\/enricomaciasloriental.fr\/WordPress\/wp-content\/uploads\/\/2020\/04\/93624142_2357123024588205_1394052199943766016_n.jpg","type":"","width":"","height":""}],"author":"Loriental","twitter_card":"summary_large_image","twitter_misc":{"\u00c9crit par":"Loriental","Dur\u00e9e de lecture estim\u00e9e":"4 minutes"},"schema":{"@context":"https:\/\/schema.org","@graph":[{"@type":"Article","@id":"https:\/\/enricomaciasloriental.fr\/WordPress\/katalin-robert-fan-hongroise-denrico\/#article","isPartOf":{"@id":"https:\/\/enricomaciasloriental.fr\/WordPress\/katalin-robert-fan-hongroise-denrico\/"},"author":{"name":"Loriental","@id":"https:\/\/enricomaciasloriental.fr\/WordPress\/#\/schema\/person\/53fba112c6f4f0b335578890a816262e"},"headline":"Katalin Robert, Fan hongroise d&rsquo;Enrico","datePublished":"2020-04-13T14:22:53+00:00","dateModified":"2020-04-13T16:27:23+00:00","mainEntityOfPage":{"@id":"https:\/\/enricomaciasloriental.fr\/WordPress\/katalin-robert-fan-hongroise-denrico\/"},"wordCount":807,"commentCount":0,"publisher":{"@id":"https:\/\/enricomaciasloriental.fr\/WordPress\/#\/schema\/person\/53fba112c6f4f0b335578890a816262e"},"image":{"@id":"https:\/\/enricomaciasloriental.fr\/WordPress\/katalin-robert-fan-hongroise-denrico\/#primaryimage"},"thumbnailUrl":"http:\/\/enricomaciasloriental.fr\/WordPress\/wp-content\/uploads\/\/2020\/04\/93624142_2357123024588205_1394052199943766016_n.jpg","articleSection":["coup de coeur","Le coin des Fans"],"inLanguage":"fr-FR","potentialAction":[{"@type":"CommentAction","name":"Comment","target":["https:\/\/enricomaciasloriental.fr\/WordPress\/katalin-robert-fan-hongroise-denrico\/#respond"]}]},{"@type":"WebPage","@id":"https:\/\/enricomaciasloriental.fr\/WordPress\/katalin-robert-fan-hongroise-denrico\/","url":"https:\/\/enricomaciasloriental.fr\/WordPress\/katalin-robert-fan-hongroise-denrico\/","name":"Katalin Robert, Fan hongroise d'Enrico - ENRICO MACIAS L&#039;Oriental","isPartOf":{"@id":"https:\/\/enricomaciasloriental.fr\/WordPress\/#website"},"primaryImageOfPage":{"@id":"https:\/\/enricomaciasloriental.fr\/WordPress\/katalin-robert-fan-hongroise-denrico\/#primaryimage"},"image":{"@id":"https:\/\/enricomaciasloriental.fr\/WordPress\/katalin-robert-fan-hongroise-denrico\/#primaryimage"},"thumbnailUrl":"http:\/\/enricomaciasloriental.fr\/WordPress\/wp-content\/uploads\/\/2020\/04\/93624142_2357123024588205_1394052199943766016_n.jpg","datePublished":"2020-04-13T14:22:53+00:00","dateModified":"2020-04-13T16:27:23+00:00","breadcrumb":{"@id":"https:\/\/enricomaciasloriental.fr\/WordPress\/katalin-robert-fan-hongroise-denrico\/#breadcrumb"},"inLanguage":"fr-FR","potentialAction":[{"@type":"ReadAction","target":["https:\/\/enricomaciasloriental.fr\/WordPress\/katalin-robert-fan-hongroise-denrico\/"]}]},{"@type":"ImageObject","inLanguage":"fr-FR","@id":"https:\/\/enricomaciasloriental.fr\/WordPress\/katalin-robert-fan-hongroise-denrico\/#primaryimage","url":"https:\/\/enricomaciasloriental.fr\/WordPress\/wp-content\/uploads\/\/2020\/04\/93624142_2357123024588205_1394052199943766016_n.jpg","contentUrl":"https:\/\/enricomaciasloriental.fr\/WordPress\/wp-content\/uploads\/\/2020\/04\/93624142_2357123024588205_1394052199943766016_n.jpg","width":373,"height":280},{"@type":"BreadcrumbList","@id":"https:\/\/enricomaciasloriental.fr\/WordPress\/katalin-robert-fan-hongroise-denrico\/#breadcrumb","itemListElement":[{"@type":"ListItem","position":1,"name":"Accueil","item":"https:\/\/enricomaciasloriental.fr\/WordPress\/"},{"@type":"ListItem","position":2,"name":"Katalin Robert, Fan hongroise d&rsquo;Enrico"}]},{"@type":"WebSite","@id":"https:\/\/enricomaciasloriental.fr\/WordPress\/#website","url":"https:\/\/enricomaciasloriental.fr\/WordPress\/","name":"ENRICO MACIAS L'Oriental","description":"IL EST COMME LE SOLEIL","publisher":{"@id":"https:\/\/enricomaciasloriental.fr\/WordPress\/#\/schema\/person\/53fba112c6f4f0b335578890a816262e"},"potentialAction":[{"@type":"SearchAction","target":{"@type":"EntryPoint","urlTemplate":"https:\/\/enricomaciasloriental.fr\/WordPress\/?s={search_term_string}"},"query-input":{"@type":"PropertyValueSpecification","valueRequired":true,"valueName":"search_term_string"}}],"inLanguage":"fr-FR"},{"@type":["Person","Organization"],"@id":"https:\/\/enricomaciasloriental.fr\/WordPress\/#\/schema\/person\/53fba112c6f4f0b335578890a816262e","name":"Loriental","image":{"@type":"ImageObject","inLanguage":"fr-FR","@id":"https:\/\/enricomaciasloriental.fr\/WordPress\/wp-content\/uploads\/\/2015\/02\/cropped-bannier_altaiir-enrico.jpg","url":"https:\/\/enricomaciasloriental.fr\/WordPress\/wp-content\/uploads\/\/2015\/02\/cropped-bannier_altaiir-enrico.jpg","contentUrl":"https:\/\/enricomaciasloriental.fr\/WordPress\/wp-content\/uploads\/\/2015\/02\/cropped-bannier_altaiir-enrico.jpg","width":1200,"height":150,"caption":"Loriental"},"logo":{"@id":"https:\/\/enricomaciasloriental.fr\/WordPress\/wp-content\/uploads\/\/2015\/02\/cropped-bannier_altaiir-enrico.jpg"},"sameAs":["http:\/\/www.enricomaciasloriental.fr\/"]}]}},"featured_image_src":"","featured_image_src_square":false,"author_info":{"display_name":"Loriental","author_link":"https:\/\/enricomaciasloriental.fr\/WordPress\/author\/admin9234\/"},"rbea_author_info":{"display_name":"Loriental","author_link":"https:\/\/enricomaciasloriental.fr\/WordPress\/author\/admin9234\/"},"rbea_excerpt_info":"Si internet est souvent d\u00e9cri\u00e9 pour ses effets n\u00e9fastes sur les relations humaines, en ce qui me concerne, je consid\u00e8re que c&rsquo;est une puissante et in\u00e9puisable source de connaissance et de lien entre les peuples.J&rsquo;ai fait sur la toile nombre &hellip;<p class=\"read-more\"> <a class=\"more-link\" href=\"https:\/\/enricomaciasloriental.fr\/WordPress\/katalin-robert-fan-hongroise-denrico\/\"> <span class=\"screen-reader-text\">Katalin Robert, Fan hongroise d&rsquo;Enrico<\/span> Read More &raquo;<\/a><\/p>","category_list":"<a href=\"https:\/\/enricomaciasloriental.fr\/WordPress\/category\/le-coup-de-coeur-de-loriental\/\">coup de coeur<\/a>, <a href=\"https:\/\/enricomaciasloriental.fr\/WordPress\/category\/le-coin-des-fans\/\">Le coin des Fans<\/a>","comments_num":"0 comments","_links":{"self":[{"href":"https:\/\/enricomaciasloriental.fr\/WordPress\/wp-json\/wp\/v2\/posts\/13214","targetHints":{"allow":["GET"]}}],"collection":[{"href":"https:\/\/enricomaciasloriental.fr\/WordPress\/wp-json\/wp\/v2\/posts"}],"about":[{"href":"https:\/\/enricomaciasloriental.fr\/WordPress\/wp-json\/wp\/v2\/types\/post"}],"author":[{"embeddable":true,"href":"https:\/\/enricomaciasloriental.fr\/WordPress\/wp-json\/wp\/v2\/users\/36"}],"replies":[{"embeddable":true,"href":"https:\/\/enricomaciasloriental.fr\/WordPress\/wp-json\/wp\/v2\/comments?post=13214"}],"version-history":[{"count":0,"href":"https:\/\/enricomaciasloriental.fr\/WordPress\/wp-json\/wp\/v2\/posts\/13214\/revisions"}],"wp:attachment":[{"href":"https:\/\/enricomaciasloriental.fr\/WordPress\/wp-json\/wp\/v2\/media?parent=13214"}],"wp:term":[{"taxonomy":"category","embeddable":true,"href":"https:\/\/enricomaciasloriental.fr\/WordPress\/wp-json\/wp\/v2\/categories?post=13214"},{"taxonomy":"post_tag","embeddable":true,"href":"https:\/\/enricomaciasloriental.fr\/WordPress\/wp-json\/wp\/v2\/tags?post=13214"}],"curies":[{"name":"wp","href":"https:\/\/api.w.org\/{rel}","templated":true}]}}