{"id":13521,"date":"2020-11-09T17:33:27","date_gmt":"2020-11-09T16:33:27","guid":{"rendered":"http:\/\/enricomaciasloriental.fr\/WordPress\/?p=13521"},"modified":"2020-11-18T22:24:04","modified_gmt":"2020-11-18T21:24:04","slug":"un-pied-noir-a-paris","status":"publish","type":"post","link":"https:\/\/enricomaciasloriental.fr\/WordPress\/un-pied-noir-a-paris\/","title":{"rendered":"UN PIED NOIR A PARIS"},"content":{"rendered":"\n\n\n<div class=\"wp-block-media-text alignwide is-stacked-on-mobile\" style=\"grid-template-columns:44% auto\"><figure class=\"wp-block-media-text__media\"><img fetchpriority=\"high\" decoding=\"async\" width=\"560\" height=\"800\" src=\"https:\/\/enricomaciasloriental.fr\/WordPress\/wp-content\/uploads\/\/2020\/11\/image.jpg\" alt=\"\" class=\"wp-image-13522\" srcset=\"https:\/\/enricomaciasloriental.fr\/WordPress\/wp-content\/uploads\/2020\/11\/image.jpg 560w, https:\/\/enricomaciasloriental.fr\/WordPress\/wp-content\/uploads\/2020\/11\/image-210x300.jpg 210w\" sizes=\"(max-width: 560px) 100vw, 560px\" \/><\/figure><div class=\"wp-block-media-text__content\">\n<h3 class=\"has-large-font-size\">\u00ab\u00a0Un Pied Noir \u00e0 Paris\u00a0\u00bb, paru aux \u00e9ditions Atelier Fol\u2019fer\u00a0 le 17 octobre, est donc un recueil de souvenirs de Jean Claudric empreint de beaucoup d\u2019\u00e9motion, de tendresse mais aussi d\u2019une grande simplicit\u00e9 et modestie.<\/h3>\n<\/div><\/div>\n\n\n\n<p>Pianiste, compositeur, arrangeur, chef d\u2019orchestre, excellant dans chacun de ces domaines, Jean Claudric (qui a aussi compos\u00e9 sous le nom de Sam Clayton et Franck Widling) a compos\u00e9 et accompagn\u00e9 les plus grands artistes sur toutes les sc\u00e8nes du monde.<\/p>\n\n\n\n<p>De Maurice Chevalier \u00e0 C\u00e9line Dion en passant par Charles Aznavour, Gilbert B\u00e9caud, Sheila, Mireille Mathieu, bien s\u00fbr Enrico Macias et bien d\u2019autres encore, il a collabor\u00e9 et mis son talent au service d\u2019une multitude d\u2019artistes plus prestigieux les uns que les autres.<\/p>\n\n\n\n<p>Il a dirig\u00e9 des centaines de spectacles \u00e0 l\u2019Olympia mais aussi dirig\u00e9 l\u2019orchestre des plus grandes \u00e9missions t\u00e9l\u00e9vis\u00e9es de vari\u00e9t\u00e9s. On peut citer \u00ab&nbsp;Sport dimanche&nbsp;\u00bb pr\u00e9sent\u00e9 par Raymond Marcillac, \u00ab&nbsp;Age tendre et t\u00eate de bois&nbsp;\u00bb anim\u00e9 par Albert Raisner, les \u00e9missions de Maritie et Gilbert Carpentier, les \u00e9missions de Patrick Sabatier, de Michel Drucker.<\/p>\n\n\n\n<p>Au fil des pages de cet ouvrage qui se lit avec gourmandise, il nous confie les souvenirs de son enfance dans le quartier de Bab-el-Oued \u00e0 Alger, sa d\u00e9couverte de la musique et son entr\u00e9e comme pianiste \u00e0 Radio Alger. Arriv\u00e9 \u00e0 Paris fin 1955, de rencontres en rendez-vous, il se fait rapidement sa place comme pianiste, chef d\u2019orchestre, compositeur et arrangeur au talent recherch\u00e9 par les plus grandes vedettes.<\/p>\n\n\n\n<div class=\"wp-block-image\"><figure class=\"aligncenter size-large\"><img decoding=\"async\" width=\"600\" height=\"400\" src=\"https:\/\/enricomaciasloriental.fr\/WordPress\/wp-content\/uploads\/\/2020\/11\/espacerachi2018-0271.jpg\" alt=\"\" class=\"wp-image-13523\" srcset=\"https:\/\/enricomaciasloriental.fr\/WordPress\/wp-content\/uploads\/2020\/11\/espacerachi2018-0271.jpg 600w, https:\/\/enricomaciasloriental.fr\/WordPress\/wp-content\/uploads\/2020\/11\/espacerachi2018-0271-300x200.jpg 300w\" sizes=\"(max-width: 600px) 100vw, 600px\" \/><figcaption>Il nous raconte sa rencontre avec Enrico Macias, bien s\u00fbr, et nous confie quelques-uns de ses souvenirs avec lui durant les 40 ann\u00e9es qu\u2019a dur\u00e9 leur collaboration.<\/figcaption><\/figure><\/div>\n\n\n\n<p>C\u2019est un ouvrage touchant, \u00e9crit avec les mots du c\u0153ur et nous vous le conseillons vivement<\/p>\n\n\n\n<figure class=\"wp-block-embed-youtube wp-block-embed is-type-video is-provider-youtube wp-embed-aspect-16-9 wp-has-aspect-ratio\"><div class=\"wp-block-embed__wrapper\">\n<iframe title=\"Jean Claudric Orchestra - Ain&#039;t that Peculiar (1967)\" width=\"605\" height=\"340\" src=\"https:\/\/www.youtube.com\/embed\/cenXl5NhnOY?feature=oembed\" frameborder=\"0\" allow=\"accelerometer; autoplay; clipboard-write; encrypted-media; gyroscope; picture-in-picture; web-share\" referrerpolicy=\"strict-origin-when-cross-origin\" allowfullscreen><\/iframe>\n<\/div><figcaption>L&rsquo;orchestre Jean Claudric &#8211; Ain&rsquo;t that Peculiar (1967)<\/figcaption><\/figure>\n\n\n\n<figure class=\"wp-block-embed-youtube wp-block-embed is-type-video is-provider-youtube wp-embed-aspect-4-3 wp-has-aspect-ratio\"><div class=\"wp-block-embed__wrapper\">\n<iframe title=\"Enrico Macias &quot;La folle esp\u00e9rance&quot; | Archive INA\" width=\"605\" height=\"454\" src=\"https:\/\/www.youtube.com\/embed\/0JDnz-Zdhjk?feature=oembed\" frameborder=\"0\" allow=\"accelerometer; autoplay; clipboard-write; encrypted-media; gyroscope; picture-in-picture; web-share\" referrerpolicy=\"strict-origin-when-cross-origin\" allowfullscreen><\/iframe>\n<\/div><figcaption>Arrangements de Jean Claudric<br \/>11 novembre 1978 Sur la sc\u00e8ne de la Maison des Arts de Cr\u00e9teil, Enrico MACIAS, \u00e0 la guitare, chante \u00ab\u00a0La folle esp\u00e9rance\u00a0\u00bb accompagn\u00e9 par l&rsquo;Orchestre de Jean CLAUDRIC. \u00c9missions TV<\/figcaption><\/figure>\n\n\n\n<figure class=\"wp-block-embed-youtube wp-block-embed is-type-video is-provider-youtube wp-embed-aspect-16-9 wp-has-aspect-ratio\"><div class=\"wp-block-embed__wrapper\">\n<iframe title=\"Jean Claudric 251014 Les grands du rire\" width=\"605\" height=\"340\" src=\"https:\/\/www.youtube.com\/embed\/jDzP7Jz1zjY?feature=oembed\" frameborder=\"0\" allow=\"accelerometer; autoplay; clipboard-write; encrypted-media; gyroscope; picture-in-picture; web-share\" referrerpolicy=\"strict-origin-when-cross-origin\" allowfullscreen><\/iframe>\n<\/div><figcaption>Jean Claudric invit\u00e9 d&rsquo;Yves Lecoq dans son \u00e9mission \u00ab\u00a0Les grands du rire\u00a0\u00bb<br \/>le 25 octobre 2014<\/figcaption><\/figure>\n\n\n","protected":false},"excerpt":{"rendered":"<p>Pianiste, compositeur, arrangeur, chef d\u2019orchestre, excellant dans chacun de ces domaines, Jean Claudric (qui a aussi compos\u00e9 sous le nom de Sam Clayton et Franck Widling) a compos\u00e9 et accompagn\u00e9 les plus grands artistes sur toutes les sc\u00e8nes du monde. &hellip;<\/p>\n<p class=\"read-more\"> <a class=\"more-link\" href=\"https:\/\/enricomaciasloriental.fr\/WordPress\/un-pied-noir-a-paris\/\"> <span class=\"screen-reader-text\">UN PIED NOIR A PARIS<\/span> Read More &raquo;<\/a><\/p>\n","protected":false},"author":36,"featured_media":13522,"comment_status":"open","ping_status":"open","sticky":false,"template":"","format":"standard","meta":{"footnotes":""},"categories":[1],"tags":[],"class_list":["post-13521","post","type-post","status-publish","format-standard","has-post-thumbnail","hentry","category-actualites"],"yoast_head":"<!-- This site is optimized with the Yoast SEO plugin v27.4 - https:\/\/yoast.com\/product\/yoast-seo-wordpress\/ -->\n<title>UN PIED NOIR A PARIS - ENRICO MACIAS L&#039;Oriental<\/title>\n<meta name=\"robots\" content=\"index, follow, max-snippet:-1, max-image-preview:large, max-video-preview:-1\" \/>\n<link rel=\"canonical\" href=\"https:\/\/enricomaciasloriental.fr\/WordPress\/un-pied-noir-a-paris\/\" \/>\n<meta property=\"og:locale\" content=\"fr_FR\" \/>\n<meta property=\"og:type\" content=\"article\" \/>\n<meta property=\"og:title\" content=\"UN PIED NOIR A PARIS - ENRICO MACIAS L&#039;Oriental\" \/>\n<meta property=\"og:description\" content=\"Pianiste, compositeur, arrangeur, chef d\u2019orchestre, excellant dans chacun de ces domaines, Jean Claudric (qui a aussi compos\u00e9 sous le nom de Sam Clayton et Franck Widling) a compos\u00e9 et accompagn\u00e9 les plus grands artistes sur toutes les sc\u00e8nes du monde. &hellip; UN PIED NOIR A PARIS Read More &raquo;\" \/>\n<meta property=\"og:url\" content=\"https:\/\/enricomaciasloriental.fr\/WordPress\/un-pied-noir-a-paris\/\" \/>\n<meta property=\"og:site_name\" content=\"ENRICO MACIAS L&#039;Oriental\" \/>\n<meta property=\"article:published_time\" content=\"2020-11-09T16:33:27+00:00\" \/>\n<meta property=\"article:modified_time\" content=\"2020-11-18T21:24:04+00:00\" \/>\n<meta property=\"og:image\" content=\"https:\/\/enricomaciasloriental.fr\/WordPress\/wp-content\/uploads\/\/2020\/11\/image.jpg\" \/>\n\t<meta property=\"og:image:width\" content=\"560\" \/>\n\t<meta property=\"og:image:height\" content=\"800\" \/>\n\t<meta property=\"og:image:type\" content=\"image\/jpeg\" \/>\n<meta name=\"author\" content=\"Loriental\" \/>\n<meta name=\"twitter:card\" content=\"summary_large_image\" \/>\n<meta name=\"twitter:label1\" content=\"\u00c9crit par\" \/>\n\t<meta name=\"twitter:data1\" content=\"Loriental\" \/>\n\t<meta name=\"twitter:label2\" content=\"Dur\u00e9e de lecture estim\u00e9e\" \/>\n\t<meta name=\"twitter:data2\" content=\"2 minutes\" \/>\n<script type=\"application\/ld+json\" class=\"yoast-schema-graph\">{\"@context\":\"https:\\\/\\\/schema.org\",\"@graph\":[{\"@type\":\"Article\",\"@id\":\"https:\\\/\\\/enricomaciasloriental.fr\\\/WordPress\\\/un-pied-noir-a-paris\\\/#article\",\"isPartOf\":{\"@id\":\"https:\\\/\\\/enricomaciasloriental.fr\\\/WordPress\\\/un-pied-noir-a-paris\\\/\"},\"author\":{\"name\":\"Loriental\",\"@id\":\"https:\\\/\\\/enricomaciasloriental.fr\\\/WordPress\\\/#\\\/schema\\\/person\\\/53fba112c6f4f0b335578890a816262e\"},\"headline\":\"UN PIED NOIR A PARIS\",\"datePublished\":\"2020-11-09T16:33:27+00:00\",\"dateModified\":\"2020-11-18T21:24:04+00:00\",\"mainEntityOfPage\":{\"@id\":\"https:\\\/\\\/enricomaciasloriental.fr\\\/WordPress\\\/un-pied-noir-a-paris\\\/\"},\"wordCount\":396,\"commentCount\":0,\"publisher\":{\"@id\":\"https:\\\/\\\/enricomaciasloriental.fr\\\/WordPress\\\/#\\\/schema\\\/person\\\/53fba112c6f4f0b335578890a816262e\"},\"image\":{\"@id\":\"https:\\\/\\\/enricomaciasloriental.fr\\\/WordPress\\\/un-pied-noir-a-paris\\\/#primaryimage\"},\"thumbnailUrl\":\"https:\\\/\\\/enricomaciasloriental.fr\\\/WordPress\\\/wp-content\\\/uploads\\\/\\\/2020\\\/11\\\/image.jpg\",\"articleSection\":[\"Actualit\u00e9s\"],\"inLanguage\":\"fr-FR\",\"potentialAction\":[{\"@type\":\"CommentAction\",\"name\":\"Comment\",\"target\":[\"https:\\\/\\\/enricomaciasloriental.fr\\\/WordPress\\\/un-pied-noir-a-paris\\\/#respond\"]}]},{\"@type\":\"WebPage\",\"@id\":\"https:\\\/\\\/enricomaciasloriental.fr\\\/WordPress\\\/un-pied-noir-a-paris\\\/\",\"url\":\"https:\\\/\\\/enricomaciasloriental.fr\\\/WordPress\\\/un-pied-noir-a-paris\\\/\",\"name\":\"UN PIED NOIR A PARIS - ENRICO MACIAS L&#039;Oriental\",\"isPartOf\":{\"@id\":\"https:\\\/\\\/enricomaciasloriental.fr\\\/WordPress\\\/#website\"},\"primaryImageOfPage\":{\"@id\":\"https:\\\/\\\/enricomaciasloriental.fr\\\/WordPress\\\/un-pied-noir-a-paris\\\/#primaryimage\"},\"image\":{\"@id\":\"https:\\\/\\\/enricomaciasloriental.fr\\\/WordPress\\\/un-pied-noir-a-paris\\\/#primaryimage\"},\"thumbnailUrl\":\"https:\\\/\\\/enricomaciasloriental.fr\\\/WordPress\\\/wp-content\\\/uploads\\\/\\\/2020\\\/11\\\/image.jpg\",\"datePublished\":\"2020-11-09T16:33:27+00:00\",\"dateModified\":\"2020-11-18T21:24:04+00:00\",\"breadcrumb\":{\"@id\":\"https:\\\/\\\/enricomaciasloriental.fr\\\/WordPress\\\/un-pied-noir-a-paris\\\/#breadcrumb\"},\"inLanguage\":\"fr-FR\",\"potentialAction\":[{\"@type\":\"ReadAction\",\"target\":[\"https:\\\/\\\/enricomaciasloriental.fr\\\/WordPress\\\/un-pied-noir-a-paris\\\/\"]}]},{\"@type\":\"ImageObject\",\"inLanguage\":\"fr-FR\",\"@id\":\"https:\\\/\\\/enricomaciasloriental.fr\\\/WordPress\\\/un-pied-noir-a-paris\\\/#primaryimage\",\"url\":\"https:\\\/\\\/enricomaciasloriental.fr\\\/WordPress\\\/wp-content\\\/uploads\\\/\\\/2020\\\/11\\\/image.jpg\",\"contentUrl\":\"https:\\\/\\\/enricomaciasloriental.fr\\\/WordPress\\\/wp-content\\\/uploads\\\/\\\/2020\\\/11\\\/image.jpg\",\"width\":560,\"height\":800},{\"@type\":\"BreadcrumbList\",\"@id\":\"https:\\\/\\\/enricomaciasloriental.fr\\\/WordPress\\\/un-pied-noir-a-paris\\\/#breadcrumb\",\"itemListElement\":[{\"@type\":\"ListItem\",\"position\":1,\"name\":\"Accueil\",\"item\":\"https:\\\/\\\/enricomaciasloriental.fr\\\/WordPress\\\/\"},{\"@type\":\"ListItem\",\"position\":2,\"name\":\"UN PIED NOIR A PARIS\"}]},{\"@type\":\"WebSite\",\"@id\":\"https:\\\/\\\/enricomaciasloriental.fr\\\/WordPress\\\/#website\",\"url\":\"https:\\\/\\\/enricomaciasloriental.fr\\\/WordPress\\\/\",\"name\":\"ENRICO MACIAS L'Oriental\",\"description\":\"IL EST COMME LE SOLEIL\",\"publisher\":{\"@id\":\"https:\\\/\\\/enricomaciasloriental.fr\\\/WordPress\\\/#\\\/schema\\\/person\\\/53fba112c6f4f0b335578890a816262e\"},\"potentialAction\":[{\"@type\":\"SearchAction\",\"target\":{\"@type\":\"EntryPoint\",\"urlTemplate\":\"https:\\\/\\\/enricomaciasloriental.fr\\\/WordPress\\\/?s={search_term_string}\"},\"query-input\":{\"@type\":\"PropertyValueSpecification\",\"valueRequired\":true,\"valueName\":\"search_term_string\"}}],\"inLanguage\":\"fr-FR\"},{\"@type\":[\"Person\",\"Organization\"],\"@id\":\"https:\\\/\\\/enricomaciasloriental.fr\\\/WordPress\\\/#\\\/schema\\\/person\\\/53fba112c6f4f0b335578890a816262e\",\"name\":\"Loriental\",\"image\":{\"@type\":\"ImageObject\",\"inLanguage\":\"fr-FR\",\"@id\":\"https:\\\/\\\/enricomaciasloriental.fr\\\/WordPress\\\/wp-content\\\/uploads\\\/\\\/2015\\\/02\\\/cropped-bannier_altaiir-enrico.jpg\",\"url\":\"https:\\\/\\\/enricomaciasloriental.fr\\\/WordPress\\\/wp-content\\\/uploads\\\/\\\/2015\\\/02\\\/cropped-bannier_altaiir-enrico.jpg\",\"contentUrl\":\"https:\\\/\\\/enricomaciasloriental.fr\\\/WordPress\\\/wp-content\\\/uploads\\\/\\\/2015\\\/02\\\/cropped-bannier_altaiir-enrico.jpg\",\"width\":1200,\"height\":150,\"caption\":\"Loriental\"},\"logo\":{\"@id\":\"https:\\\/\\\/enricomaciasloriental.fr\\\/WordPress\\\/wp-content\\\/uploads\\\/\\\/2015\\\/02\\\/cropped-bannier_altaiir-enrico.jpg\"},\"sameAs\":[\"http:\\\/\\\/www.enricomaciasloriental.fr\\\/\"]}]}<\/script>\n<!-- \/ Yoast SEO plugin. -->","yoast_head_json":{"title":"UN PIED NOIR A PARIS - ENRICO MACIAS L&#039;Oriental","robots":{"index":"index","follow":"follow","max-snippet":"max-snippet:-1","max-image-preview":"max-image-preview:large","max-video-preview":"max-video-preview:-1"},"canonical":"https:\/\/enricomaciasloriental.fr\/WordPress\/un-pied-noir-a-paris\/","og_locale":"fr_FR","og_type":"article","og_title":"UN PIED NOIR A PARIS - ENRICO MACIAS L&#039;Oriental","og_description":"Pianiste, compositeur, arrangeur, chef d\u2019orchestre, excellant dans chacun de ces domaines, Jean Claudric (qui a aussi compos\u00e9 sous le nom de Sam Clayton et Franck Widling) a compos\u00e9 et accompagn\u00e9 les plus grands artistes sur toutes les sc\u00e8nes du monde. &hellip; UN PIED NOIR A PARIS Read More &raquo;","og_url":"https:\/\/enricomaciasloriental.fr\/WordPress\/un-pied-noir-a-paris\/","og_site_name":"ENRICO MACIAS L&#039;Oriental","article_published_time":"2020-11-09T16:33:27+00:00","article_modified_time":"2020-11-18T21:24:04+00:00","og_image":[{"width":560,"height":800,"url":"https:\/\/enricomaciasloriental.fr\/WordPress\/wp-content\/uploads\/\/2020\/11\/image.jpg","type":"image\/jpeg"}],"author":"Loriental","twitter_card":"summary_large_image","twitter_misc":{"\u00c9crit par":"Loriental","Dur\u00e9e de lecture estim\u00e9e":"2 minutes"},"schema":{"@context":"https:\/\/schema.org","@graph":[{"@type":"Article","@id":"https:\/\/enricomaciasloriental.fr\/WordPress\/un-pied-noir-a-paris\/#article","isPartOf":{"@id":"https:\/\/enricomaciasloriental.fr\/WordPress\/un-pied-noir-a-paris\/"},"author":{"name":"Loriental","@id":"https:\/\/enricomaciasloriental.fr\/WordPress\/#\/schema\/person\/53fba112c6f4f0b335578890a816262e"},"headline":"UN PIED NOIR A PARIS","datePublished":"2020-11-09T16:33:27+00:00","dateModified":"2020-11-18T21:24:04+00:00","mainEntityOfPage":{"@id":"https:\/\/enricomaciasloriental.fr\/WordPress\/un-pied-noir-a-paris\/"},"wordCount":396,"commentCount":0,"publisher":{"@id":"https:\/\/enricomaciasloriental.fr\/WordPress\/#\/schema\/person\/53fba112c6f4f0b335578890a816262e"},"image":{"@id":"https:\/\/enricomaciasloriental.fr\/WordPress\/un-pied-noir-a-paris\/#primaryimage"},"thumbnailUrl":"https:\/\/enricomaciasloriental.fr\/WordPress\/wp-content\/uploads\/\/2020\/11\/image.jpg","articleSection":["Actualit\u00e9s"],"inLanguage":"fr-FR","potentialAction":[{"@type":"CommentAction","name":"Comment","target":["https:\/\/enricomaciasloriental.fr\/WordPress\/un-pied-noir-a-paris\/#respond"]}]},{"@type":"WebPage","@id":"https:\/\/enricomaciasloriental.fr\/WordPress\/un-pied-noir-a-paris\/","url":"https:\/\/enricomaciasloriental.fr\/WordPress\/un-pied-noir-a-paris\/","name":"UN PIED NOIR A PARIS - ENRICO MACIAS L&#039;Oriental","isPartOf":{"@id":"https:\/\/enricomaciasloriental.fr\/WordPress\/#website"},"primaryImageOfPage":{"@id":"https:\/\/enricomaciasloriental.fr\/WordPress\/un-pied-noir-a-paris\/#primaryimage"},"image":{"@id":"https:\/\/enricomaciasloriental.fr\/WordPress\/un-pied-noir-a-paris\/#primaryimage"},"thumbnailUrl":"https:\/\/enricomaciasloriental.fr\/WordPress\/wp-content\/uploads\/\/2020\/11\/image.jpg","datePublished":"2020-11-09T16:33:27+00:00","dateModified":"2020-11-18T21:24:04+00:00","breadcrumb":{"@id":"https:\/\/enricomaciasloriental.fr\/WordPress\/un-pied-noir-a-paris\/#breadcrumb"},"inLanguage":"fr-FR","potentialAction":[{"@type":"ReadAction","target":["https:\/\/enricomaciasloriental.fr\/WordPress\/un-pied-noir-a-paris\/"]}]},{"@type":"ImageObject","inLanguage":"fr-FR","@id":"https:\/\/enricomaciasloriental.fr\/WordPress\/un-pied-noir-a-paris\/#primaryimage","url":"https:\/\/enricomaciasloriental.fr\/WordPress\/wp-content\/uploads\/\/2020\/11\/image.jpg","contentUrl":"https:\/\/enricomaciasloriental.fr\/WordPress\/wp-content\/uploads\/\/2020\/11\/image.jpg","width":560,"height":800},{"@type":"BreadcrumbList","@id":"https:\/\/enricomaciasloriental.fr\/WordPress\/un-pied-noir-a-paris\/#breadcrumb","itemListElement":[{"@type":"ListItem","position":1,"name":"Accueil","item":"https:\/\/enricomaciasloriental.fr\/WordPress\/"},{"@type":"ListItem","position":2,"name":"UN PIED NOIR A PARIS"}]},{"@type":"WebSite","@id":"https:\/\/enricomaciasloriental.fr\/WordPress\/#website","url":"https:\/\/enricomaciasloriental.fr\/WordPress\/","name":"ENRICO MACIAS L'Oriental","description":"IL EST COMME LE SOLEIL","publisher":{"@id":"https:\/\/enricomaciasloriental.fr\/WordPress\/#\/schema\/person\/53fba112c6f4f0b335578890a816262e"},"potentialAction":[{"@type":"SearchAction","target":{"@type":"EntryPoint","urlTemplate":"https:\/\/enricomaciasloriental.fr\/WordPress\/?s={search_term_string}"},"query-input":{"@type":"PropertyValueSpecification","valueRequired":true,"valueName":"search_term_string"}}],"inLanguage":"fr-FR"},{"@type":["Person","Organization"],"@id":"https:\/\/enricomaciasloriental.fr\/WordPress\/#\/schema\/person\/53fba112c6f4f0b335578890a816262e","name":"Loriental","image":{"@type":"ImageObject","inLanguage":"fr-FR","@id":"https:\/\/enricomaciasloriental.fr\/WordPress\/wp-content\/uploads\/\/2015\/02\/cropped-bannier_altaiir-enrico.jpg","url":"https:\/\/enricomaciasloriental.fr\/WordPress\/wp-content\/uploads\/\/2015\/02\/cropped-bannier_altaiir-enrico.jpg","contentUrl":"https:\/\/enricomaciasloriental.fr\/WordPress\/wp-content\/uploads\/\/2015\/02\/cropped-bannier_altaiir-enrico.jpg","width":1200,"height":150,"caption":"Loriental"},"logo":{"@id":"https:\/\/enricomaciasloriental.fr\/WordPress\/wp-content\/uploads\/\/2015\/02\/cropped-bannier_altaiir-enrico.jpg"},"sameAs":["http:\/\/www.enricomaciasloriental.fr\/"]}]}},"featured_image_src":"https:\/\/enricomaciasloriental.fr\/WordPress\/wp-content\/uploads\/\/2020\/11\/image.jpg","featured_image_src_square":"https:\/\/enricomaciasloriental.fr\/WordPress\/wp-content\/uploads\/\/2020\/11\/image.jpg","author_info":{"display_name":"Loriental","author_link":"https:\/\/enricomaciasloriental.fr\/WordPress\/author\/admin9234\/"},"rbea_author_info":{"display_name":"Loriental","author_link":"https:\/\/enricomaciasloriental.fr\/WordPress\/author\/admin9234\/"},"rbea_excerpt_info":"Pianiste, compositeur, arrangeur, chef d\u2019orchestre, excellant dans chacun de ces domaines, Jean Claudric (qui a aussi compos\u00e9 sous le nom de Sam Clayton et Franck Widling) a compos\u00e9 et accompagn\u00e9 les plus grands artistes sur toutes les sc\u00e8nes du monde. &hellip;<p class=\"read-more\"> <a class=\"more-link\" href=\"https:\/\/enricomaciasloriental.fr\/WordPress\/un-pied-noir-a-paris\/\"> <span class=\"screen-reader-text\">UN PIED NOIR A PARIS<\/span> Read More &raquo;<\/a><\/p>","category_list":"<a href=\"https:\/\/enricomaciasloriental.fr\/WordPress\/category\/actualites\/\">Actualit\u00e9s<\/a>","comments_num":"0 comments","_links":{"self":[{"href":"https:\/\/enricomaciasloriental.fr\/WordPress\/wp-json\/wp\/v2\/posts\/13521","targetHints":{"allow":["GET"]}}],"collection":[{"href":"https:\/\/enricomaciasloriental.fr\/WordPress\/wp-json\/wp\/v2\/posts"}],"about":[{"href":"https:\/\/enricomaciasloriental.fr\/WordPress\/wp-json\/wp\/v2\/types\/post"}],"author":[{"embeddable":true,"href":"https:\/\/enricomaciasloriental.fr\/WordPress\/wp-json\/wp\/v2\/users\/36"}],"replies":[{"embeddable":true,"href":"https:\/\/enricomaciasloriental.fr\/WordPress\/wp-json\/wp\/v2\/comments?post=13521"}],"version-history":[{"count":0,"href":"https:\/\/enricomaciasloriental.fr\/WordPress\/wp-json\/wp\/v2\/posts\/13521\/revisions"}],"wp:featuredmedia":[{"embeddable":true,"href":"https:\/\/enricomaciasloriental.fr\/WordPress\/wp-json\/wp\/v2\/media\/13522"}],"wp:attachment":[{"href":"https:\/\/enricomaciasloriental.fr\/WordPress\/wp-json\/wp\/v2\/media?parent=13521"}],"wp:term":[{"taxonomy":"category","embeddable":true,"href":"https:\/\/enricomaciasloriental.fr\/WordPress\/wp-json\/wp\/v2\/categories?post=13521"},{"taxonomy":"post_tag","embeddable":true,"href":"https:\/\/enricomaciasloriental.fr\/WordPress\/wp-json\/wp\/v2\/tags?post=13521"}],"curies":[{"name":"wp","href":"https:\/\/api.w.org\/{rel}","templated":true}]}}