{"id":1365,"date":"2010-08-28T14:06:20","date_gmt":"2010-08-28T12:06:20","guid":{"rendered":"http:\/\/enricomaciasloriental.fr\/WordPress\/?p=1365"},"modified":"2010-08-28T14:11:17","modified_gmt":"2010-08-28T12:11:17","slug":"1365","status":"publish","type":"post","link":"https:\/\/enricomaciasloriental.fr\/WordPress\/1365\/","title":{"rendered":"Enrico Macias au Carnegie Hall &#8211; 1968"},"content":{"rendered":"<p><a href=\"https:\/\/enricomaciasloriental.fr\/WordPress\/wp-content\/uploads\/2010\/08\/Captureretro.jpg\"><img fetchpriority=\"high\" decoding=\"async\" class=\"alignleft size-full wp-image-1366\" title=\"Captureretro\" src=\"https:\/\/enricomaciasloriental.fr\/WordPress\/wp-content\/uploads\/2010\/08\/Captureretro.jpg\" alt=\"\" width=\"304\" height=\"345\" srcset=\"https:\/\/enricomaciasloriental.fr\/WordPress\/wp-content\/uploads\/2010\/08\/Captureretro.jpg 304w, https:\/\/enricomaciasloriental.fr\/WordPress\/wp-content\/uploads\/2010\/08\/Captureretro-264x300.jpg 264w\" sizes=\"(max-width: 304px) 100vw, 304px\" \/><\/a>Paru dans le journal BILLBOARD du 17 f\u00e9vrier 1968<\/p>\n<p>A consulter <a href=\"http:\/\/books.google.fr\/books?id=s0UEAAAAMBAJ&amp;pg=PA22&amp;dq=enrico+macias&amp;hl=fr&amp;ei=hrZ4TOWVO4bOswaZjNWyDQ&amp;sa=X&amp;oi=book_result&amp;ct=result&amp;resnum=2&amp;ved=0CC4Q6AEwATgU#v=onepage&amp;q=enrico%20macias&amp;f=false\" target=\"_blank\">ICI<\/a><\/p>\n<p>C&rsquo;est notre ami Claudius qui nous a trouv\u00e9 ce tr\u00e9sor<\/p>\n<p>Merci \u00e0 toi !!!!!!!!!!!!!!!<\/p>\n","protected":false},"excerpt":{"rendered":"<p>Paru dans le journal BILLBOARD du 17 f\u00e9vrier 1968 A consulter ICI C&rsquo;est notre ami Claudius qui nous a trouv\u00e9 ce tr\u00e9sor Merci \u00e0 toi !!!!!!!!!!!!!!!<\/p>\n","protected":false},"author":36,"featured_media":0,"comment_status":"open","ping_status":"open","sticky":false,"template":"","format":"standard","meta":{"footnotes":""},"categories":[45],"tags":[],"class_list":["post-1365","post","type-post","status-publish","format-standard","hentry","category-retro"],"yoast_head":"<!-- This site is optimized with the Yoast SEO plugin v27.4 - https:\/\/yoast.com\/product\/yoast-seo-wordpress\/ -->\n<title>Enrico Macias au Carnegie Hall - 1968 - ENRICO MACIAS L&#039;Oriental<\/title>\n<meta name=\"robots\" content=\"index, follow, max-snippet:-1, max-image-preview:large, max-video-preview:-1\" \/>\n<link rel=\"canonical\" href=\"https:\/\/enricomaciasloriental.fr\/WordPress\/1365\/\" \/>\n<meta property=\"og:locale\" content=\"fr_FR\" \/>\n<meta property=\"og:type\" content=\"article\" \/>\n<meta property=\"og:title\" content=\"Enrico Macias au Carnegie Hall - 1968 - ENRICO MACIAS L&#039;Oriental\" \/>\n<meta property=\"og:description\" content=\"Paru dans le journal BILLBOARD du 17 f\u00e9vrier 1968 A consulter ICI C&rsquo;est notre ami Claudius qui nous a trouv\u00e9 ce tr\u00e9sor Merci \u00e0 toi !!!!!!!!!!!!!!!\" \/>\n<meta property=\"og:url\" content=\"https:\/\/enricomaciasloriental.fr\/WordPress\/1365\/\" \/>\n<meta property=\"og:site_name\" content=\"ENRICO MACIAS L&#039;Oriental\" \/>\n<meta property=\"article:published_time\" content=\"2010-08-28T12:06:20+00:00\" \/>\n<meta property=\"article:modified_time\" content=\"2010-08-28T12:11:17+00:00\" \/>\n<meta property=\"og:image\" content=\"http:\/\/enricomaciasloriental.fr\/WordPress\/wp-content\/uploads\/2010\/08\/Captureretro.jpg\" \/>\n<meta name=\"author\" content=\"Loriental\" \/>\n<meta name=\"twitter:card\" content=\"summary_large_image\" \/>\n<meta name=\"twitter:label1\" content=\"\u00c9crit par\" \/>\n\t<meta name=\"twitter:data1\" content=\"Loriental\" \/>\n<script type=\"application\/ld+json\" class=\"yoast-schema-graph\">{\"@context\":\"https:\\\/\\\/schema.org\",\"@graph\":[{\"@type\":\"Article\",\"@id\":\"https:\\\/\\\/enricomaciasloriental.fr\\\/WordPress\\\/1365\\\/#article\",\"isPartOf\":{\"@id\":\"https:\\\/\\\/enricomaciasloriental.fr\\\/WordPress\\\/1365\\\/\"},\"author\":{\"name\":\"Loriental\",\"@id\":\"https:\\\/\\\/enricomaciasloriental.fr\\\/WordPress\\\/#\\\/schema\\\/person\\\/53fba112c6f4f0b335578890a816262e\"},\"headline\":\"Enrico Macias au Carnegie Hall &#8211; 1968\",\"datePublished\":\"2010-08-28T12:06:20+00:00\",\"dateModified\":\"2010-08-28T12:11:17+00:00\",\"mainEntityOfPage\":{\"@id\":\"https:\\\/\\\/enricomaciasloriental.fr\\\/WordPress\\\/1365\\\/\"},\"wordCount\":31,\"commentCount\":1,\"publisher\":{\"@id\":\"https:\\\/\\\/enricomaciasloriental.fr\\\/WordPress\\\/#\\\/schema\\\/person\\\/53fba112c6f4f0b335578890a816262e\"},\"image\":{\"@id\":\"https:\\\/\\\/enricomaciasloriental.fr\\\/WordPress\\\/1365\\\/#primaryimage\"},\"thumbnailUrl\":\"http:\\\/\\\/enricomaciasloriental.fr\\\/WordPress\\\/wp-content\\\/uploads\\\/2010\\\/08\\\/Captureretro.jpg\",\"articleSection\":[\"Retro\"],\"inLanguage\":\"fr-FR\",\"potentialAction\":[{\"@type\":\"CommentAction\",\"name\":\"Comment\",\"target\":[\"https:\\\/\\\/enricomaciasloriental.fr\\\/WordPress\\\/1365\\\/#respond\"]}]},{\"@type\":\"WebPage\",\"@id\":\"https:\\\/\\\/enricomaciasloriental.fr\\\/WordPress\\\/1365\\\/\",\"url\":\"https:\\\/\\\/enricomaciasloriental.fr\\\/WordPress\\\/1365\\\/\",\"name\":\"Enrico Macias au Carnegie Hall - 1968 - ENRICO MACIAS L&#039;Oriental\",\"isPartOf\":{\"@id\":\"https:\\\/\\\/enricomaciasloriental.fr\\\/WordPress\\\/#website\"},\"primaryImageOfPage\":{\"@id\":\"https:\\\/\\\/enricomaciasloriental.fr\\\/WordPress\\\/1365\\\/#primaryimage\"},\"image\":{\"@id\":\"https:\\\/\\\/enricomaciasloriental.fr\\\/WordPress\\\/1365\\\/#primaryimage\"},\"thumbnailUrl\":\"http:\\\/\\\/enricomaciasloriental.fr\\\/WordPress\\\/wp-content\\\/uploads\\\/2010\\\/08\\\/Captureretro.jpg\",\"datePublished\":\"2010-08-28T12:06:20+00:00\",\"dateModified\":\"2010-08-28T12:11:17+00:00\",\"breadcrumb\":{\"@id\":\"https:\\\/\\\/enricomaciasloriental.fr\\\/WordPress\\\/1365\\\/#breadcrumb\"},\"inLanguage\":\"fr-FR\",\"potentialAction\":[{\"@type\":\"ReadAction\",\"target\":[\"https:\\\/\\\/enricomaciasloriental.fr\\\/WordPress\\\/1365\\\/\"]}]},{\"@type\":\"ImageObject\",\"inLanguage\":\"fr-FR\",\"@id\":\"https:\\\/\\\/enricomaciasloriental.fr\\\/WordPress\\\/1365\\\/#primaryimage\",\"url\":\"http:\\\/\\\/enricomaciasloriental.fr\\\/WordPress\\\/wp-content\\\/uploads\\\/2010\\\/08\\\/Captureretro.jpg\",\"contentUrl\":\"http:\\\/\\\/enricomaciasloriental.fr\\\/WordPress\\\/wp-content\\\/uploads\\\/2010\\\/08\\\/Captureretro.jpg\"},{\"@type\":\"BreadcrumbList\",\"@id\":\"https:\\\/\\\/enricomaciasloriental.fr\\\/WordPress\\\/1365\\\/#breadcrumb\",\"itemListElement\":[{\"@type\":\"ListItem\",\"position\":1,\"name\":\"Accueil\",\"item\":\"https:\\\/\\\/enricomaciasloriental.fr\\\/WordPress\\\/\"},{\"@type\":\"ListItem\",\"position\":2,\"name\":\"Enrico Macias au Carnegie Hall &#8211; 1968\"}]},{\"@type\":\"WebSite\",\"@id\":\"https:\\\/\\\/enricomaciasloriental.fr\\\/WordPress\\\/#website\",\"url\":\"https:\\\/\\\/enricomaciasloriental.fr\\\/WordPress\\\/\",\"name\":\"ENRICO MACIAS L'Oriental\",\"description\":\"IL EST COMME LE SOLEIL\",\"publisher\":{\"@id\":\"https:\\\/\\\/enricomaciasloriental.fr\\\/WordPress\\\/#\\\/schema\\\/person\\\/53fba112c6f4f0b335578890a816262e\"},\"potentialAction\":[{\"@type\":\"SearchAction\",\"target\":{\"@type\":\"EntryPoint\",\"urlTemplate\":\"https:\\\/\\\/enricomaciasloriental.fr\\\/WordPress\\\/?s={search_term_string}\"},\"query-input\":{\"@type\":\"PropertyValueSpecification\",\"valueRequired\":true,\"valueName\":\"search_term_string\"}}],\"inLanguage\":\"fr-FR\"},{\"@type\":[\"Person\",\"Organization\"],\"@id\":\"https:\\\/\\\/enricomaciasloriental.fr\\\/WordPress\\\/#\\\/schema\\\/person\\\/53fba112c6f4f0b335578890a816262e\",\"name\":\"Loriental\",\"image\":{\"@type\":\"ImageObject\",\"inLanguage\":\"fr-FR\",\"@id\":\"https:\\\/\\\/enricomaciasloriental.fr\\\/WordPress\\\/wp-content\\\/uploads\\\/\\\/2015\\\/02\\\/cropped-bannier_altaiir-enrico.jpg\",\"url\":\"https:\\\/\\\/enricomaciasloriental.fr\\\/WordPress\\\/wp-content\\\/uploads\\\/\\\/2015\\\/02\\\/cropped-bannier_altaiir-enrico.jpg\",\"contentUrl\":\"https:\\\/\\\/enricomaciasloriental.fr\\\/WordPress\\\/wp-content\\\/uploads\\\/\\\/2015\\\/02\\\/cropped-bannier_altaiir-enrico.jpg\",\"width\":1200,\"height\":150,\"caption\":\"Loriental\"},\"logo\":{\"@id\":\"https:\\\/\\\/enricomaciasloriental.fr\\\/WordPress\\\/wp-content\\\/uploads\\\/\\\/2015\\\/02\\\/cropped-bannier_altaiir-enrico.jpg\"},\"sameAs\":[\"http:\\\/\\\/www.enricomaciasloriental.fr\\\/\"]}]}<\/script>\n<!-- \/ Yoast SEO plugin. -->","yoast_head_json":{"title":"Enrico Macias au Carnegie Hall - 1968 - ENRICO MACIAS L&#039;Oriental","robots":{"index":"index","follow":"follow","max-snippet":"max-snippet:-1","max-image-preview":"max-image-preview:large","max-video-preview":"max-video-preview:-1"},"canonical":"https:\/\/enricomaciasloriental.fr\/WordPress\/1365\/","og_locale":"fr_FR","og_type":"article","og_title":"Enrico Macias au Carnegie Hall - 1968 - ENRICO MACIAS L&#039;Oriental","og_description":"Paru dans le journal BILLBOARD du 17 f\u00e9vrier 1968 A consulter ICI C&rsquo;est notre ami Claudius qui nous a trouv\u00e9 ce tr\u00e9sor Merci \u00e0 toi !!!!!!!!!!!!!!!","og_url":"https:\/\/enricomaciasloriental.fr\/WordPress\/1365\/","og_site_name":"ENRICO MACIAS L&#039;Oriental","article_published_time":"2010-08-28T12:06:20+00:00","article_modified_time":"2010-08-28T12:11:17+00:00","og_image":[{"url":"http:\/\/enricomaciasloriental.fr\/WordPress\/wp-content\/uploads\/2010\/08\/Captureretro.jpg","type":"","width":"","height":""}],"author":"Loriental","twitter_card":"summary_large_image","twitter_misc":{"\u00c9crit par":"Loriental"},"schema":{"@context":"https:\/\/schema.org","@graph":[{"@type":"Article","@id":"https:\/\/enricomaciasloriental.fr\/WordPress\/1365\/#article","isPartOf":{"@id":"https:\/\/enricomaciasloriental.fr\/WordPress\/1365\/"},"author":{"name":"Loriental","@id":"https:\/\/enricomaciasloriental.fr\/WordPress\/#\/schema\/person\/53fba112c6f4f0b335578890a816262e"},"headline":"Enrico Macias au Carnegie Hall &#8211; 1968","datePublished":"2010-08-28T12:06:20+00:00","dateModified":"2010-08-28T12:11:17+00:00","mainEntityOfPage":{"@id":"https:\/\/enricomaciasloriental.fr\/WordPress\/1365\/"},"wordCount":31,"commentCount":1,"publisher":{"@id":"https:\/\/enricomaciasloriental.fr\/WordPress\/#\/schema\/person\/53fba112c6f4f0b335578890a816262e"},"image":{"@id":"https:\/\/enricomaciasloriental.fr\/WordPress\/1365\/#primaryimage"},"thumbnailUrl":"http:\/\/enricomaciasloriental.fr\/WordPress\/wp-content\/uploads\/2010\/08\/Captureretro.jpg","articleSection":["Retro"],"inLanguage":"fr-FR","potentialAction":[{"@type":"CommentAction","name":"Comment","target":["https:\/\/enricomaciasloriental.fr\/WordPress\/1365\/#respond"]}]},{"@type":"WebPage","@id":"https:\/\/enricomaciasloriental.fr\/WordPress\/1365\/","url":"https:\/\/enricomaciasloriental.fr\/WordPress\/1365\/","name":"Enrico Macias au Carnegie Hall - 1968 - ENRICO MACIAS L&#039;Oriental","isPartOf":{"@id":"https:\/\/enricomaciasloriental.fr\/WordPress\/#website"},"primaryImageOfPage":{"@id":"https:\/\/enricomaciasloriental.fr\/WordPress\/1365\/#primaryimage"},"image":{"@id":"https:\/\/enricomaciasloriental.fr\/WordPress\/1365\/#primaryimage"},"thumbnailUrl":"http:\/\/enricomaciasloriental.fr\/WordPress\/wp-content\/uploads\/2010\/08\/Captureretro.jpg","datePublished":"2010-08-28T12:06:20+00:00","dateModified":"2010-08-28T12:11:17+00:00","breadcrumb":{"@id":"https:\/\/enricomaciasloriental.fr\/WordPress\/1365\/#breadcrumb"},"inLanguage":"fr-FR","potentialAction":[{"@type":"ReadAction","target":["https:\/\/enricomaciasloriental.fr\/WordPress\/1365\/"]}]},{"@type":"ImageObject","inLanguage":"fr-FR","@id":"https:\/\/enricomaciasloriental.fr\/WordPress\/1365\/#primaryimage","url":"http:\/\/enricomaciasloriental.fr\/WordPress\/wp-content\/uploads\/2010\/08\/Captureretro.jpg","contentUrl":"http:\/\/enricomaciasloriental.fr\/WordPress\/wp-content\/uploads\/2010\/08\/Captureretro.jpg"},{"@type":"BreadcrumbList","@id":"https:\/\/enricomaciasloriental.fr\/WordPress\/1365\/#breadcrumb","itemListElement":[{"@type":"ListItem","position":1,"name":"Accueil","item":"https:\/\/enricomaciasloriental.fr\/WordPress\/"},{"@type":"ListItem","position":2,"name":"Enrico Macias au Carnegie Hall &#8211; 1968"}]},{"@type":"WebSite","@id":"https:\/\/enricomaciasloriental.fr\/WordPress\/#website","url":"https:\/\/enricomaciasloriental.fr\/WordPress\/","name":"ENRICO MACIAS L'Oriental","description":"IL EST COMME LE SOLEIL","publisher":{"@id":"https:\/\/enricomaciasloriental.fr\/WordPress\/#\/schema\/person\/53fba112c6f4f0b335578890a816262e"},"potentialAction":[{"@type":"SearchAction","target":{"@type":"EntryPoint","urlTemplate":"https:\/\/enricomaciasloriental.fr\/WordPress\/?s={search_term_string}"},"query-input":{"@type":"PropertyValueSpecification","valueRequired":true,"valueName":"search_term_string"}}],"inLanguage":"fr-FR"},{"@type":["Person","Organization"],"@id":"https:\/\/enricomaciasloriental.fr\/WordPress\/#\/schema\/person\/53fba112c6f4f0b335578890a816262e","name":"Loriental","image":{"@type":"ImageObject","inLanguage":"fr-FR","@id":"https:\/\/enricomaciasloriental.fr\/WordPress\/wp-content\/uploads\/\/2015\/02\/cropped-bannier_altaiir-enrico.jpg","url":"https:\/\/enricomaciasloriental.fr\/WordPress\/wp-content\/uploads\/\/2015\/02\/cropped-bannier_altaiir-enrico.jpg","contentUrl":"https:\/\/enricomaciasloriental.fr\/WordPress\/wp-content\/uploads\/\/2015\/02\/cropped-bannier_altaiir-enrico.jpg","width":1200,"height":150,"caption":"Loriental"},"logo":{"@id":"https:\/\/enricomaciasloriental.fr\/WordPress\/wp-content\/uploads\/\/2015\/02\/cropped-bannier_altaiir-enrico.jpg"},"sameAs":["http:\/\/www.enricomaciasloriental.fr\/"]}]}},"featured_image_src":"","featured_image_src_square":false,"author_info":{"display_name":"Loriental","author_link":"https:\/\/enricomaciasloriental.fr\/WordPress\/author\/admin9234\/"},"rbea_author_info":{"display_name":"Loriental","author_link":"https:\/\/enricomaciasloriental.fr\/WordPress\/author\/admin9234\/"},"rbea_excerpt_info":"Paru dans le journal BILLBOARD du 17 f\u00e9vrier 1968 A consulter ICI C&rsquo;est notre ami Claudius qui nous a trouv\u00e9 ce tr\u00e9sor Merci \u00e0 toi !!!!!!!!!!!!!!!","category_list":"<a href=\"https:\/\/enricomaciasloriental.fr\/WordPress\/category\/actualites\/retro\/\">Retro<\/a>","comments_num":"0 comments","_links":{"self":[{"href":"https:\/\/enricomaciasloriental.fr\/WordPress\/wp-json\/wp\/v2\/posts\/1365","targetHints":{"allow":["GET"]}}],"collection":[{"href":"https:\/\/enricomaciasloriental.fr\/WordPress\/wp-json\/wp\/v2\/posts"}],"about":[{"href":"https:\/\/enricomaciasloriental.fr\/WordPress\/wp-json\/wp\/v2\/types\/post"}],"author":[{"embeddable":true,"href":"https:\/\/enricomaciasloriental.fr\/WordPress\/wp-json\/wp\/v2\/users\/36"}],"replies":[{"embeddable":true,"href":"https:\/\/enricomaciasloriental.fr\/WordPress\/wp-json\/wp\/v2\/comments?post=1365"}],"version-history":[{"count":0,"href":"https:\/\/enricomaciasloriental.fr\/WordPress\/wp-json\/wp\/v2\/posts\/1365\/revisions"}],"wp:attachment":[{"href":"https:\/\/enricomaciasloriental.fr\/WordPress\/wp-json\/wp\/v2\/media?parent=1365"}],"wp:term":[{"taxonomy":"category","embeddable":true,"href":"https:\/\/enricomaciasloriental.fr\/WordPress\/wp-json\/wp\/v2\/categories?post=1365"},{"taxonomy":"post_tag","embeddable":true,"href":"https:\/\/enricomaciasloriental.fr\/WordPress\/wp-json\/wp\/v2\/tags?post=1365"}],"curies":[{"name":"wp","href":"https:\/\/api.w.org\/{rel}","templated":true}]}}