{"id":15306,"date":"2021-01-12T16:46:46","date_gmt":"2021-01-12T15:46:46","guid":{"rendered":"http:\/\/enricomaciasloriental.fr\/WordPress\/?p=15306"},"modified":"2021-01-13T08:34:12","modified_gmt":"2021-01-13T07:34:12","slug":"reveille-toi-cest-beau-la-vie","status":"publish","type":"post","link":"https:\/\/enricomaciasloriental.fr\/WordPress\/reveille-toi-cest-beau-la-vie\/","title":{"rendered":"R\u00e9veille toi, c&rsquo;est beau la vie &#8230;."},"content":{"rendered":"\n<div class=\"wp-block-media-text is-stacked-on-mobile\" style=\"grid-template-columns:48% auto\"><figure class=\"wp-block-media-text__media\"><img fetchpriority=\"high\" decoding=\"async\" width=\"567\" height=\"756\" src=\"https:\/\/enricomaciasloriental.fr\/WordPress\/wp-content\/uploads\/\/2021\/01\/noa-r-enrico-macias-17_credit-_-PATRICE-NORMAND.jpg\" alt=\"\" class=\"wp-image-15308 size-full\" srcset=\"https:\/\/enricomaciasloriental.fr\/WordPress\/wp-content\/uploads\/2021\/01\/noa-r-enrico-macias-17_credit-_-PATRICE-NORMAND.jpg 567w, https:\/\/enricomaciasloriental.fr\/WordPress\/wp-content\/uploads\/2021\/01\/noa-r-enrico-macias-17_credit-_-PATRICE-NORMAND-263x350.jpg 263w, https:\/\/enricomaciasloriental.fr\/WordPress\/wp-content\/uploads\/2021\/01\/noa-r-enrico-macias-17_credit-_-PATRICE-NORMAND-100x133.jpg 100w, https:\/\/enricomaciasloriental.fr\/WordPress\/wp-content\/uploads\/2021\/01\/noa-r-enrico-macias-17_credit-_-PATRICE-NORMAND-150x200.jpg 150w, https:\/\/enricomaciasloriental.fr\/WordPress\/wp-content\/uploads\/2021\/01\/noa-r-enrico-macias-17_credit-_-PATRICE-NORMAND-200x267.jpg 200w, https:\/\/enricomaciasloriental.fr\/WordPress\/wp-content\/uploads\/2021\/01\/noa-r-enrico-macias-17_credit-_-PATRICE-NORMAND-300x400.jpg 300w, https:\/\/enricomaciasloriental.fr\/WordPress\/wp-content\/uploads\/2021\/01\/noa-r-enrico-macias-17_credit-_-PATRICE-NORMAND-450x600.jpg 450w\" sizes=\"(max-width: 567px) 100vw, 567px\" \/><\/figure><div class=\"wp-block-media-text__content\">\n<p>Noa R n&rsquo;est plus une inconnue pour les fans d&rsquo;Enrico Macias et d\u00e9sormais vous connaissez cette belle et \u00e9mouvante histoire de la petite fille r\u00e9veill\u00e9e d&rsquo;un profond coma par la voix magique de notre chanteur pr\u00e9f\u00e9r\u00e9.<br \/>Noa et Enrico nous ont offert un beau duo en cadeau de Noel le 25 d\u00e9cembre dernier, <a href=\"https:\/\/enricomaciasloriental.fr\/WordPress\/enfants-des-etoiles-noa-r-et-enrico-macias\/\" target=\"_blank\" rel=\"noreferrer noopener\">\u00ab\u00a0Enfants des \u00e9toiles\u00a0\u00bb<\/a><br \/>Aujourd&rsquo;hui, la jeune chanteuse nous annonce la sortie de son premier single solo \u00ab\u00a0chagrin d&rsquo;amiti\u00e9\u00a0\u00bb et un clip r\u00e9alis\u00e9 par Thierry Vergne.<br \/>Les premi\u00e8res images en ont \u00e9t\u00e9 d\u00e9voil\u00e9es au JT de 13H ce 12\/01\/2021<\/p>\n\n\n\n<p>@ Cr\u00e9dit Photo Patrice Normand<\/p>\n<\/div><\/div>\n\n\n\n<figure class=\"wp-block-video aligncenter\"><video height=\"480\" style=\"aspect-ratio: 848 \/ 480;\" width=\"848\" controls src=\"https:\/\/enricomaciasloriental.fr\/WordPress\/wp-content\/uploads\/\/2021\/01\/video-1610459517.mp4\"><\/video><figcaption>JT 13h &#8211; TF1 &#8211; 12 janvier 2021<\/figcaption><\/figure>\n\n\n\n<p>On me dit toujours que je porte bonheur \u00e0 tous ceux qui passent \u00e0 port\u00e9e de mon coeur ..<br \/><br \/>Aucun doute qu&rsquo;\u00e0 la lumi\u00e8re d&rsquo;une telle volont\u00e9, accompagn\u00e9e du plus chaleureux des parrain, NoaR n&rsquo;en est qu&rsquo;au tout d\u00e9but carri\u00e8re que nous lui souhaitons longue et brillante.<\/p>\n\n\n\n<p>Bravo Noa et \u00e0 tr\u00e8s bient\u00f4t pour la sortie de ton single et d\u00e8s la reprise des concerts<br \/><\/p>\n","protected":false},"excerpt":{"rendered":"<p>Noa R n&rsquo;est plus une inconnue pour les fans d&rsquo;Enrico Macias et d\u00e9sormais vous connaissez cette belle et \u00e9mouvante histoire de la petite fille r\u00e9veill\u00e9e d&rsquo;un profond coma par la voix magique de notre chanteur pr\u00e9f\u00e9r\u00e9.Noa et Enrico nous ont &hellip;<\/p>\n<p class=\"read-more\"> <a class=\"more-link\" href=\"https:\/\/enricomaciasloriental.fr\/WordPress\/reveille-toi-cest-beau-la-vie\/\"> <span class=\"screen-reader-text\">R\u00e9veille toi, c&rsquo;est beau la vie &#8230;.<\/span> Read More &raquo;<\/a><\/p>\n","protected":false},"author":36,"featured_media":15314,"comment_status":"open","ping_status":"open","sticky":false,"template":"","format":"standard","meta":{"footnotes":""},"categories":[1,39],"tags":[],"class_list":["post-15306","post","type-post","status-publish","format-standard","has-post-thumbnail","hentry","category-actualites","category-duos"],"yoast_head":"<!-- This site is optimized with the Yoast SEO plugin v27.4 - https:\/\/yoast.com\/product\/yoast-seo-wordpress\/ -->\n<title>R\u00e9veille toi, c&#039;est beau la vie .... - ENRICO MACIAS L&#039;Oriental<\/title>\n<meta name=\"robots\" content=\"index, follow, max-snippet:-1, max-image-preview:large, max-video-preview:-1\" \/>\n<link rel=\"canonical\" href=\"https:\/\/enricomaciasloriental.fr\/WordPress\/reveille-toi-cest-beau-la-vie\/\" \/>\n<meta property=\"og:locale\" content=\"fr_FR\" \/>\n<meta property=\"og:type\" content=\"article\" \/>\n<meta property=\"og:title\" content=\"R\u00e9veille toi, c&#039;est beau la vie .... - ENRICO MACIAS L&#039;Oriental\" \/>\n<meta property=\"og:description\" content=\"Noa R n&rsquo;est plus une inconnue pour les fans d&rsquo;Enrico Macias et d\u00e9sormais vous connaissez cette belle et \u00e9mouvante histoire de la petite fille r\u00e9veill\u00e9e d&rsquo;un profond coma par la voix magique de notre chanteur pr\u00e9f\u00e9r\u00e9.Noa et Enrico nous ont &hellip; R\u00e9veille toi, c&rsquo;est beau la vie &#8230;. Read More &raquo;\" \/>\n<meta property=\"og:url\" content=\"https:\/\/enricomaciasloriental.fr\/WordPress\/reveille-toi-cest-beau-la-vie\/\" \/>\n<meta property=\"og:site_name\" content=\"ENRICO MACIAS L&#039;Oriental\" \/>\n<meta property=\"article:published_time\" content=\"2021-01-12T15:46:46+00:00\" \/>\n<meta property=\"article:modified_time\" content=\"2021-01-13T07:34:12+00:00\" \/>\n<meta property=\"og:image\" content=\"https:\/\/enricomaciasloriental.fr\/WordPress\/wp-content\/uploads\/\/2021\/01\/Noa-et-Enrico-Macias.jpg\" \/>\n\t<meta property=\"og:image:width\" content=\"1565\" \/>\n\t<meta property=\"og:image:height\" content=\"839\" \/>\n\t<meta property=\"og:image:type\" content=\"image\/jpeg\" \/>\n<meta name=\"author\" content=\"Loriental\" \/>\n<meta name=\"twitter:card\" content=\"summary_large_image\" \/>\n<meta name=\"twitter:label1\" content=\"\u00c9crit par\" \/>\n\t<meta name=\"twitter:data1\" content=\"Loriental\" \/>\n\t<meta name=\"twitter:label2\" content=\"Dur\u00e9e de lecture estim\u00e9e\" \/>\n\t<meta name=\"twitter:data2\" content=\"1 minute\" \/>\n<script type=\"application\/ld+json\" class=\"yoast-schema-graph\">{\"@context\":\"https:\\\/\\\/schema.org\",\"@graph\":[{\"@type\":\"Article\",\"@id\":\"https:\\\/\\\/enricomaciasloriental.fr\\\/WordPress\\\/reveille-toi-cest-beau-la-vie\\\/#article\",\"isPartOf\":{\"@id\":\"https:\\\/\\\/enricomaciasloriental.fr\\\/WordPress\\\/reveille-toi-cest-beau-la-vie\\\/\"},\"author\":{\"name\":\"Loriental\",\"@id\":\"https:\\\/\\\/enricomaciasloriental.fr\\\/WordPress\\\/#\\\/schema\\\/person\\\/53fba112c6f4f0b335578890a816262e\"},\"headline\":\"R\u00e9veille toi, c&rsquo;est beau la vie &#8230;.\",\"datePublished\":\"2021-01-12T15:46:46+00:00\",\"dateModified\":\"2021-01-13T07:34:12+00:00\",\"mainEntityOfPage\":{\"@id\":\"https:\\\/\\\/enricomaciasloriental.fr\\\/WordPress\\\/reveille-toi-cest-beau-la-vie\\\/\"},\"wordCount\":195,\"commentCount\":0,\"publisher\":{\"@id\":\"https:\\\/\\\/enricomaciasloriental.fr\\\/WordPress\\\/#\\\/schema\\\/person\\\/53fba112c6f4f0b335578890a816262e\"},\"image\":{\"@id\":\"https:\\\/\\\/enricomaciasloriental.fr\\\/WordPress\\\/reveille-toi-cest-beau-la-vie\\\/#primaryimage\"},\"thumbnailUrl\":\"https:\\\/\\\/enricomaciasloriental.fr\\\/WordPress\\\/wp-content\\\/uploads\\\/\\\/2021\\\/01\\\/Noa-et-Enrico-Macias.jpg\",\"articleSection\":[\"Actualit\u00e9s\",\"Duos\"],\"inLanguage\":\"fr-FR\",\"potentialAction\":[{\"@type\":\"CommentAction\",\"name\":\"Comment\",\"target\":[\"https:\\\/\\\/enricomaciasloriental.fr\\\/WordPress\\\/reveille-toi-cest-beau-la-vie\\\/#respond\"]}]},{\"@type\":\"WebPage\",\"@id\":\"https:\\\/\\\/enricomaciasloriental.fr\\\/WordPress\\\/reveille-toi-cest-beau-la-vie\\\/\",\"url\":\"https:\\\/\\\/enricomaciasloriental.fr\\\/WordPress\\\/reveille-toi-cest-beau-la-vie\\\/\",\"name\":\"R\u00e9veille toi, c'est beau la vie .... - ENRICO MACIAS L&#039;Oriental\",\"isPartOf\":{\"@id\":\"https:\\\/\\\/enricomaciasloriental.fr\\\/WordPress\\\/#website\"},\"primaryImageOfPage\":{\"@id\":\"https:\\\/\\\/enricomaciasloriental.fr\\\/WordPress\\\/reveille-toi-cest-beau-la-vie\\\/#primaryimage\"},\"image\":{\"@id\":\"https:\\\/\\\/enricomaciasloriental.fr\\\/WordPress\\\/reveille-toi-cest-beau-la-vie\\\/#primaryimage\"},\"thumbnailUrl\":\"https:\\\/\\\/enricomaciasloriental.fr\\\/WordPress\\\/wp-content\\\/uploads\\\/\\\/2021\\\/01\\\/Noa-et-Enrico-Macias.jpg\",\"datePublished\":\"2021-01-12T15:46:46+00:00\",\"dateModified\":\"2021-01-13T07:34:12+00:00\",\"breadcrumb\":{\"@id\":\"https:\\\/\\\/enricomaciasloriental.fr\\\/WordPress\\\/reveille-toi-cest-beau-la-vie\\\/#breadcrumb\"},\"inLanguage\":\"fr-FR\",\"potentialAction\":[{\"@type\":\"ReadAction\",\"target\":[\"https:\\\/\\\/enricomaciasloriental.fr\\\/WordPress\\\/reveille-toi-cest-beau-la-vie\\\/\"]}]},{\"@type\":\"ImageObject\",\"inLanguage\":\"fr-FR\",\"@id\":\"https:\\\/\\\/enricomaciasloriental.fr\\\/WordPress\\\/reveille-toi-cest-beau-la-vie\\\/#primaryimage\",\"url\":\"https:\\\/\\\/enricomaciasloriental.fr\\\/WordPress\\\/wp-content\\\/uploads\\\/\\\/2021\\\/01\\\/Noa-et-Enrico-Macias.jpg\",\"contentUrl\":\"https:\\\/\\\/enricomaciasloriental.fr\\\/WordPress\\\/wp-content\\\/uploads\\\/\\\/2021\\\/01\\\/Noa-et-Enrico-Macias.jpg\",\"width\":1565,\"height\":839},{\"@type\":\"BreadcrumbList\",\"@id\":\"https:\\\/\\\/enricomaciasloriental.fr\\\/WordPress\\\/reveille-toi-cest-beau-la-vie\\\/#breadcrumb\",\"itemListElement\":[{\"@type\":\"ListItem\",\"position\":1,\"name\":\"Accueil\",\"item\":\"https:\\\/\\\/enricomaciasloriental.fr\\\/WordPress\\\/\"},{\"@type\":\"ListItem\",\"position\":2,\"name\":\"R\u00e9veille toi, c&rsquo;est beau la vie &#8230;.\"}]},{\"@type\":\"WebSite\",\"@id\":\"https:\\\/\\\/enricomaciasloriental.fr\\\/WordPress\\\/#website\",\"url\":\"https:\\\/\\\/enricomaciasloriental.fr\\\/WordPress\\\/\",\"name\":\"ENRICO MACIAS L'Oriental\",\"description\":\"IL EST COMME LE SOLEIL\",\"publisher\":{\"@id\":\"https:\\\/\\\/enricomaciasloriental.fr\\\/WordPress\\\/#\\\/schema\\\/person\\\/53fba112c6f4f0b335578890a816262e\"},\"potentialAction\":[{\"@type\":\"SearchAction\",\"target\":{\"@type\":\"EntryPoint\",\"urlTemplate\":\"https:\\\/\\\/enricomaciasloriental.fr\\\/WordPress\\\/?s={search_term_string}\"},\"query-input\":{\"@type\":\"PropertyValueSpecification\",\"valueRequired\":true,\"valueName\":\"search_term_string\"}}],\"inLanguage\":\"fr-FR\"},{\"@type\":[\"Person\",\"Organization\"],\"@id\":\"https:\\\/\\\/enricomaciasloriental.fr\\\/WordPress\\\/#\\\/schema\\\/person\\\/53fba112c6f4f0b335578890a816262e\",\"name\":\"Loriental\",\"image\":{\"@type\":\"ImageObject\",\"inLanguage\":\"fr-FR\",\"@id\":\"https:\\\/\\\/enricomaciasloriental.fr\\\/WordPress\\\/wp-content\\\/uploads\\\/\\\/2015\\\/02\\\/cropped-bannier_altaiir-enrico.jpg\",\"url\":\"https:\\\/\\\/enricomaciasloriental.fr\\\/WordPress\\\/wp-content\\\/uploads\\\/\\\/2015\\\/02\\\/cropped-bannier_altaiir-enrico.jpg\",\"contentUrl\":\"https:\\\/\\\/enricomaciasloriental.fr\\\/WordPress\\\/wp-content\\\/uploads\\\/\\\/2015\\\/02\\\/cropped-bannier_altaiir-enrico.jpg\",\"width\":1200,\"height\":150,\"caption\":\"Loriental\"},\"logo\":{\"@id\":\"https:\\\/\\\/enricomaciasloriental.fr\\\/WordPress\\\/wp-content\\\/uploads\\\/\\\/2015\\\/02\\\/cropped-bannier_altaiir-enrico.jpg\"},\"sameAs\":[\"http:\\\/\\\/www.enricomaciasloriental.fr\\\/\"]}]}<\/script>\n<!-- \/ Yoast SEO plugin. -->","yoast_head_json":{"title":"R\u00e9veille toi, c'est beau la vie .... - ENRICO MACIAS L&#039;Oriental","robots":{"index":"index","follow":"follow","max-snippet":"max-snippet:-1","max-image-preview":"max-image-preview:large","max-video-preview":"max-video-preview:-1"},"canonical":"https:\/\/enricomaciasloriental.fr\/WordPress\/reveille-toi-cest-beau-la-vie\/","og_locale":"fr_FR","og_type":"article","og_title":"R\u00e9veille toi, c'est beau la vie .... - ENRICO MACIAS L&#039;Oriental","og_description":"Noa R n&rsquo;est plus une inconnue pour les fans d&rsquo;Enrico Macias et d\u00e9sormais vous connaissez cette belle et \u00e9mouvante histoire de la petite fille r\u00e9veill\u00e9e d&rsquo;un profond coma par la voix magique de notre chanteur pr\u00e9f\u00e9r\u00e9.Noa et Enrico nous ont &hellip; R\u00e9veille toi, c&rsquo;est beau la vie &#8230;. Read More &raquo;","og_url":"https:\/\/enricomaciasloriental.fr\/WordPress\/reveille-toi-cest-beau-la-vie\/","og_site_name":"ENRICO MACIAS L&#039;Oriental","article_published_time":"2021-01-12T15:46:46+00:00","article_modified_time":"2021-01-13T07:34:12+00:00","og_image":[{"width":1565,"height":839,"url":"https:\/\/enricomaciasloriental.fr\/WordPress\/wp-content\/uploads\/\/2021\/01\/Noa-et-Enrico-Macias.jpg","type":"image\/jpeg"}],"author":"Loriental","twitter_card":"summary_large_image","twitter_misc":{"\u00c9crit par":"Loriental","Dur\u00e9e de lecture estim\u00e9e":"1 minute"},"schema":{"@context":"https:\/\/schema.org","@graph":[{"@type":"Article","@id":"https:\/\/enricomaciasloriental.fr\/WordPress\/reveille-toi-cest-beau-la-vie\/#article","isPartOf":{"@id":"https:\/\/enricomaciasloriental.fr\/WordPress\/reveille-toi-cest-beau-la-vie\/"},"author":{"name":"Loriental","@id":"https:\/\/enricomaciasloriental.fr\/WordPress\/#\/schema\/person\/53fba112c6f4f0b335578890a816262e"},"headline":"R\u00e9veille toi, c&rsquo;est beau la vie &#8230;.","datePublished":"2021-01-12T15:46:46+00:00","dateModified":"2021-01-13T07:34:12+00:00","mainEntityOfPage":{"@id":"https:\/\/enricomaciasloriental.fr\/WordPress\/reveille-toi-cest-beau-la-vie\/"},"wordCount":195,"commentCount":0,"publisher":{"@id":"https:\/\/enricomaciasloriental.fr\/WordPress\/#\/schema\/person\/53fba112c6f4f0b335578890a816262e"},"image":{"@id":"https:\/\/enricomaciasloriental.fr\/WordPress\/reveille-toi-cest-beau-la-vie\/#primaryimage"},"thumbnailUrl":"https:\/\/enricomaciasloriental.fr\/WordPress\/wp-content\/uploads\/\/2021\/01\/Noa-et-Enrico-Macias.jpg","articleSection":["Actualit\u00e9s","Duos"],"inLanguage":"fr-FR","potentialAction":[{"@type":"CommentAction","name":"Comment","target":["https:\/\/enricomaciasloriental.fr\/WordPress\/reveille-toi-cest-beau-la-vie\/#respond"]}]},{"@type":"WebPage","@id":"https:\/\/enricomaciasloriental.fr\/WordPress\/reveille-toi-cest-beau-la-vie\/","url":"https:\/\/enricomaciasloriental.fr\/WordPress\/reveille-toi-cest-beau-la-vie\/","name":"R\u00e9veille toi, c'est beau la vie .... - ENRICO MACIAS L&#039;Oriental","isPartOf":{"@id":"https:\/\/enricomaciasloriental.fr\/WordPress\/#website"},"primaryImageOfPage":{"@id":"https:\/\/enricomaciasloriental.fr\/WordPress\/reveille-toi-cest-beau-la-vie\/#primaryimage"},"image":{"@id":"https:\/\/enricomaciasloriental.fr\/WordPress\/reveille-toi-cest-beau-la-vie\/#primaryimage"},"thumbnailUrl":"https:\/\/enricomaciasloriental.fr\/WordPress\/wp-content\/uploads\/\/2021\/01\/Noa-et-Enrico-Macias.jpg","datePublished":"2021-01-12T15:46:46+00:00","dateModified":"2021-01-13T07:34:12+00:00","breadcrumb":{"@id":"https:\/\/enricomaciasloriental.fr\/WordPress\/reveille-toi-cest-beau-la-vie\/#breadcrumb"},"inLanguage":"fr-FR","potentialAction":[{"@type":"ReadAction","target":["https:\/\/enricomaciasloriental.fr\/WordPress\/reveille-toi-cest-beau-la-vie\/"]}]},{"@type":"ImageObject","inLanguage":"fr-FR","@id":"https:\/\/enricomaciasloriental.fr\/WordPress\/reveille-toi-cest-beau-la-vie\/#primaryimage","url":"https:\/\/enricomaciasloriental.fr\/WordPress\/wp-content\/uploads\/\/2021\/01\/Noa-et-Enrico-Macias.jpg","contentUrl":"https:\/\/enricomaciasloriental.fr\/WordPress\/wp-content\/uploads\/\/2021\/01\/Noa-et-Enrico-Macias.jpg","width":1565,"height":839},{"@type":"BreadcrumbList","@id":"https:\/\/enricomaciasloriental.fr\/WordPress\/reveille-toi-cest-beau-la-vie\/#breadcrumb","itemListElement":[{"@type":"ListItem","position":1,"name":"Accueil","item":"https:\/\/enricomaciasloriental.fr\/WordPress\/"},{"@type":"ListItem","position":2,"name":"R\u00e9veille toi, c&rsquo;est beau la vie &#8230;."}]},{"@type":"WebSite","@id":"https:\/\/enricomaciasloriental.fr\/WordPress\/#website","url":"https:\/\/enricomaciasloriental.fr\/WordPress\/","name":"ENRICO MACIAS L'Oriental","description":"IL EST COMME LE SOLEIL","publisher":{"@id":"https:\/\/enricomaciasloriental.fr\/WordPress\/#\/schema\/person\/53fba112c6f4f0b335578890a816262e"},"potentialAction":[{"@type":"SearchAction","target":{"@type":"EntryPoint","urlTemplate":"https:\/\/enricomaciasloriental.fr\/WordPress\/?s={search_term_string}"},"query-input":{"@type":"PropertyValueSpecification","valueRequired":true,"valueName":"search_term_string"}}],"inLanguage":"fr-FR"},{"@type":["Person","Organization"],"@id":"https:\/\/enricomaciasloriental.fr\/WordPress\/#\/schema\/person\/53fba112c6f4f0b335578890a816262e","name":"Loriental","image":{"@type":"ImageObject","inLanguage":"fr-FR","@id":"https:\/\/enricomaciasloriental.fr\/WordPress\/wp-content\/uploads\/\/2015\/02\/cropped-bannier_altaiir-enrico.jpg","url":"https:\/\/enricomaciasloriental.fr\/WordPress\/wp-content\/uploads\/\/2015\/02\/cropped-bannier_altaiir-enrico.jpg","contentUrl":"https:\/\/enricomaciasloriental.fr\/WordPress\/wp-content\/uploads\/\/2015\/02\/cropped-bannier_altaiir-enrico.jpg","width":1200,"height":150,"caption":"Loriental"},"logo":{"@id":"https:\/\/enricomaciasloriental.fr\/WordPress\/wp-content\/uploads\/\/2015\/02\/cropped-bannier_altaiir-enrico.jpg"},"sameAs":["http:\/\/www.enricomaciasloriental.fr\/"]}]}},"featured_image_src":"https:\/\/enricomaciasloriental.fr\/WordPress\/wp-content\/uploads\/\/2021\/01\/Noa-et-Enrico-Macias.jpg","featured_image_src_square":"https:\/\/enricomaciasloriental.fr\/WordPress\/wp-content\/uploads\/\/2021\/01\/Noa-et-Enrico-Macias.jpg","author_info":{"display_name":"Loriental","author_link":"https:\/\/enricomaciasloriental.fr\/WordPress\/author\/admin9234\/"},"rbea_author_info":{"display_name":"Loriental","author_link":"https:\/\/enricomaciasloriental.fr\/WordPress\/author\/admin9234\/"},"rbea_excerpt_info":"Noa R n&rsquo;est plus une inconnue pour les fans d&rsquo;Enrico Macias et d\u00e9sormais vous connaissez cette belle et \u00e9mouvante histoire de la petite fille r\u00e9veill\u00e9e d&rsquo;un profond coma par la voix magique de notre chanteur pr\u00e9f\u00e9r\u00e9.Noa et Enrico nous ont &hellip;<p class=\"read-more\"> <a class=\"more-link\" href=\"https:\/\/enricomaciasloriental.fr\/WordPress\/reveille-toi-cest-beau-la-vie\/\"> <span class=\"screen-reader-text\">R\u00e9veille toi, c&rsquo;est beau la vie &#8230;.<\/span> Read More &raquo;<\/a><\/p>","category_list":"<a href=\"https:\/\/enricomaciasloriental.fr\/WordPress\/category\/actualites\/\">Actualit\u00e9s<\/a>, <a href=\"https:\/\/enricomaciasloriental.fr\/WordPress\/category\/videos\/duos\/\">Duos<\/a>","comments_num":"0 comments","_links":{"self":[{"href":"https:\/\/enricomaciasloriental.fr\/WordPress\/wp-json\/wp\/v2\/posts\/15306","targetHints":{"allow":["GET"]}}],"collection":[{"href":"https:\/\/enricomaciasloriental.fr\/WordPress\/wp-json\/wp\/v2\/posts"}],"about":[{"href":"https:\/\/enricomaciasloriental.fr\/WordPress\/wp-json\/wp\/v2\/types\/post"}],"author":[{"embeddable":true,"href":"https:\/\/enricomaciasloriental.fr\/WordPress\/wp-json\/wp\/v2\/users\/36"}],"replies":[{"embeddable":true,"href":"https:\/\/enricomaciasloriental.fr\/WordPress\/wp-json\/wp\/v2\/comments?post=15306"}],"version-history":[{"count":0,"href":"https:\/\/enricomaciasloriental.fr\/WordPress\/wp-json\/wp\/v2\/posts\/15306\/revisions"}],"wp:featuredmedia":[{"embeddable":true,"href":"https:\/\/enricomaciasloriental.fr\/WordPress\/wp-json\/wp\/v2\/media\/15314"}],"wp:attachment":[{"href":"https:\/\/enricomaciasloriental.fr\/WordPress\/wp-json\/wp\/v2\/media?parent=15306"}],"wp:term":[{"taxonomy":"category","embeddable":true,"href":"https:\/\/enricomaciasloriental.fr\/WordPress\/wp-json\/wp\/v2\/categories?post=15306"},{"taxonomy":"post_tag","embeddable":true,"href":"https:\/\/enricomaciasloriental.fr\/WordPress\/wp-json\/wp\/v2\/tags?post=15306"}],"curies":[{"name":"wp","href":"https:\/\/api.w.org\/{rel}","templated":true}]}}