{"id":15329,"date":"2021-01-23T00:03:38","date_gmt":"2021-01-22T23:03:38","guid":{"rendered":"http:\/\/enricomaciasloriental.fr\/WordPress\/?p=15329"},"modified":"2021-02-01T16:52:23","modified_gmt":"2021-02-01T15:52:23","slug":"enrico-un-jour-enrico-toujours","status":"publish","type":"post","link":"https:\/\/enricomaciasloriental.fr\/WordPress\/enrico-un-jour-enrico-toujours\/","title":{"rendered":"Enrico un jour, Enrico toujours"},"content":{"rendered":"\n<h2 class=\"wp-block-heading\">Le chanteur de la paix en concert \u00e0 Duba\u00ef<\/h2>\n\n\n\n<div class=\"wp-block-image\"><figure class=\"aligncenter size-large\"><img fetchpriority=\"high\" decoding=\"async\" width=\"700\" height=\"477\" src=\"https:\/\/enricomaciasloriental.fr\/WordPress\/wp-content\/uploads\/\/2021\/01\/Dubai202101.jpg\" alt=\"\" class=\"wp-image-15330\" srcset=\"https:\/\/enricomaciasloriental.fr\/WordPress\/wp-content\/uploads\/2021\/01\/Dubai202101.jpg 700w, https:\/\/enricomaciasloriental.fr\/WordPress\/wp-content\/uploads\/2021\/01\/Dubai202101-350x239.jpg 350w, https:\/\/enricomaciasloriental.fr\/WordPress\/wp-content\/uploads\/2021\/01\/Dubai202101-100x68.jpg 100w, https:\/\/enricomaciasloriental.fr\/WordPress\/wp-content\/uploads\/2021\/01\/Dubai202101-150x102.jpg 150w, https:\/\/enricomaciasloriental.fr\/WordPress\/wp-content\/uploads\/2021\/01\/Dubai202101-200x136.jpg 200w, https:\/\/enricomaciasloriental.fr\/WordPress\/wp-content\/uploads\/2021\/01\/Dubai202101-300x204.jpg 300w, https:\/\/enricomaciasloriental.fr\/WordPress\/wp-content\/uploads\/2021\/01\/Dubai202101-450x307.jpg 450w, https:\/\/enricomaciasloriental.fr\/WordPress\/wp-content\/uploads\/2021\/01\/Dubai202101-600x409.jpg 600w\" sizes=\"(max-width: 700px) 100vw, 700px\" \/><\/figure><\/div>\n\n\n\n<p>Apr\u00e8s une ann\u00e9e mondialement difficile pour cause de crise sanitaire et particuli\u00e8rement \u00e9prouvante pour Enrico, c\u2019est sur la magnifique sc\u00e8ne de l\u2019op\u00e9ra de Duba\u00ef que se produisait l\u2019artiste ces 21 et 22 janvier 2021.<br \/><br \/>Ces retrouvailles entre Enrico et son public \u00e9taient un moment ardemment attendu de part et d\u2019autre et qui rev\u00eatait, qui plus est, une saveur particuli\u00e8re pour le chanteur de la paix.<\/p>\n\n\n\n<p>\u00ab&nbsp;Chanter \u00e0 Dubai ce soir c\u2019est un peu comme boire un verre d\u2019eau dans le d\u00e9sert&nbsp;a d\u00e9clar\u00e9 Enrico aux journalistes. C\u2019est aussi un peu du r\u00eave que j\u2019ai chant\u00e9 tout au long de ma carri\u00e8re qui se r\u00e9alise&nbsp;aujourd\u2019hui \u00bb.<\/p>\n\n\n\n<p>Malgr\u00e9 des normes sanitaires draconiennes qui ne permettaient de remplir la salle qu\u2019\u00e0 40% de sa capacit\u00e9 et interdisaient \u00e0 l\u2019artiste de s\u2019avancer au bord de la sc\u00e8ne, Enrico a une fois de plus r\u00e9ussi son pari de r\u00e9unir dans une m\u00eame communion les enfants de tous pays.<br \/>Doubaiotes, Libanais, Syriens, Alg\u00e9riens, avaient fait le voyage pour venir applaudir et chanter en ch\u0153ur tous les plus grands succ\u00e8s de leur chanteur pr\u00e9f\u00e9r\u00e9.<\/p>\n\n\n\n<p>Et une fois encore, envers et contre toutes les difficult\u00e9s du moment, il a suffi de quelques chansons \u00e0 l\u2019artiste pour soulever l\u2019enthousiasme de la salle et l\u2019entrainer dans le tourbillon de ses plus grands succ\u00e8s.<\/p>\n\n\n\n<div class=\"wp-block-image\"><figure class=\"aligncenter size-large\"><img decoding=\"async\" width=\"700\" height=\"564\" src=\"https:\/\/enricomaciasloriental.fr\/WordPress\/wp-content\/uploads\/\/2021\/01\/Dubai2021.jpg\" alt=\"\" class=\"wp-image-15331\" srcset=\"https:\/\/enricomaciasloriental.fr\/WordPress\/wp-content\/uploads\/2021\/01\/Dubai2021.jpg 700w, https:\/\/enricomaciasloriental.fr\/WordPress\/wp-content\/uploads\/2021\/01\/Dubai2021-350x282.jpg 350w, https:\/\/enricomaciasloriental.fr\/WordPress\/wp-content\/uploads\/2021\/01\/Dubai2021-100x81.jpg 100w, https:\/\/enricomaciasloriental.fr\/WordPress\/wp-content\/uploads\/2021\/01\/Dubai2021-150x121.jpg 150w, https:\/\/enricomaciasloriental.fr\/WordPress\/wp-content\/uploads\/2021\/01\/Dubai2021-200x161.jpg 200w, https:\/\/enricomaciasloriental.fr\/WordPress\/wp-content\/uploads\/2021\/01\/Dubai2021-300x242.jpg 300w, https:\/\/enricomaciasloriental.fr\/WordPress\/wp-content\/uploads\/2021\/01\/Dubai2021-450x363.jpg 450w, https:\/\/enricomaciasloriental.fr\/WordPress\/wp-content\/uploads\/2021\/01\/Dubai2021-600x483.jpg 600w\" sizes=\"(max-width: 700px) 100vw, 700px\" \/><\/figure><\/div>\n\n\n\n<p>Ces deux soir\u00e9es \u00e0 Dubai ont \u00e9t\u00e9 exceptionnelles, charg\u00e9es d\u2019\u00e9motion, d\u2019amour r\u00e9ciproque et de joies partag\u00e9es.<\/p>\n\n\n\n<p>Le bonheur se lisait sur le visage d\u2019Enrico et on peut dire sans exag\u00e9ration qu\u2019il a \u00e9t\u00e9 proprement fabuleux.<\/p>\n\n\n\n<p>On ne peut cesser d\u2019\u00eatre \u00e0 la fois admiratif et \u00e9mu face \u00e0 un tel charisme et un tel pouvoir \u00e0 r\u00e9unir les peuples dans une f\u00eate sans cesse renouvel\u00e9e ou que ce soit dans le monde.<\/p>\n\n\n\n<p>Du juif espagnol, en passant par adieu mon pays, Zingarella ou encore un splendide medley oriental, Enrico a entrain\u00e9 derri\u00e8re lui chacune des personnes pr\u00e9sentes pour entonner tous ses refrains les plus c\u00e9l\u00e8bres. Il faut signaler aussi une tr\u00e8s belle reprise d\u2019&nbsp;\u00ab&nbsp;aime moi je t\u2019aime&nbsp;\u00bb et l\u2019hommage de l\u2019artiste aux souffrances de \u00ab&nbsp;Beyrouth&nbsp;\u00bb salu\u00e9 par des applaudissements chaleureux.<\/p>\n\n\n\n<p>En fin de spectacle, Enrico a remerci\u00e9 son public pour son enthousiasme et leur a dit \u00ab&nbsp;Apr\u00e8s une ann\u00e9e sans chanter, vous venez de me redonner une grande bouff\u00e9e d\u2019oxyg\u00e8ne&nbsp;\u00bb<br \/>Soyez assur\u00e9 Enrico, que c\u2019est r\u00e9ciproque, et que vous aussi vous nous avez insuffl\u00e9 une nouvelle \u00e9nergie pour affronter les jours qui vont suivre.<\/p>\n\n\n\n<p>Chapeau bas Enrico. Vous avez \u00e9t\u00e9 magnifique et nous n\u2019avons plus qu\u2019une h\u00e2te, celle de la r\u00e9ouverture des salles de spectacle d\u00e8s que cette pand\u00e9mie se sera \u00e9loign\u00e9e.<br \/>Dans cette attente, nous allons garder en m\u00e9moire ces instants de bonheur que vous nous avez si magnifiquement distill\u00e9s durant ces deux soir\u00e9es.<\/p>\n\n\n\n<p>Merci \u00e0 tous les Dubaiotes qui nous ont accueilli avec beaucoup de gentillesse, de disponibilit\u00e9 et une grande g\u00e9n\u00e9rosit\u00e9. Dubai nous a r\u00e9ellement pris dans ses bras.<\/p>\n\n\n\n<p>Merci aux techiciens et musiciens d\u2019Enrico, grands professionnels&nbsp; \u00e0 l\u2019image de leur boss.<\/p>\n\n\n\n<p>Et merci Enrico. Ces deux soir\u00e9es ont \u00e9t\u00e9 magiques et nous permettent de repartir les yeux pleins d\u2019\u00e9toiles<\/p>\n\n\n\n<p>Liste des chansons<\/p>\n\n\n\n<p>Juif espagnol<br \/>Oh guitare, guitare<br \/>La femme de mon ami<br \/>Aux talons de ses souliers<br \/>Adieu mon pays<br \/>Le voyage<br \/>Solenzara<br \/>Beyrouth<br \/>Paris tu m\u2019as pris dans tes bras<br \/>Aime moi, je t\u2019aime<br \/>Quand les femmes dansent<br \/>Zingarella<br \/>Aie aie aie je t\u2019aime<br \/>La vie populaire<br \/>les filles de mon pays<br \/>Le violon de mon p\u00e8re<br \/>Medley oriental<br \/>Ya Rayah<br \/>L\u2019oriental<br \/>Porompompero<br \/>Le mendiant de l\u2019amour<\/p>\n\n\n\n<div class=\"wp-block-image\"><figure class=\"aligncenter size-large\"><img decoding=\"async\" width=\"467\" height=\"700\" src=\"https:\/\/enricomaciasloriental.fr\/WordPress\/wp-content\/uploads\/\/2021\/01\/Dubai202102.jpg\" alt=\"\" class=\"wp-image-15332\" srcset=\"https:\/\/enricomaciasloriental.fr\/WordPress\/wp-content\/uploads\/2021\/01\/Dubai202102.jpg 467w, https:\/\/enricomaciasloriental.fr\/WordPress\/wp-content\/uploads\/2021\/01\/Dubai202102-234x350.jpg 234w, https:\/\/enricomaciasloriental.fr\/WordPress\/wp-content\/uploads\/2021\/01\/Dubai202102-100x150.jpg 100w, https:\/\/enricomaciasloriental.fr\/WordPress\/wp-content\/uploads\/2021\/01\/Dubai202102-150x225.jpg 150w, https:\/\/enricomaciasloriental.fr\/WordPress\/wp-content\/uploads\/2021\/01\/Dubai202102-200x300.jpg 200w, https:\/\/enricomaciasloriental.fr\/WordPress\/wp-content\/uploads\/2021\/01\/Dubai202102-300x450.jpg 300w, https:\/\/enricomaciasloriental.fr\/WordPress\/wp-content\/uploads\/2021\/01\/Dubai202102-450x675.jpg 450w\" sizes=\"(max-width: 467px) 100vw, 467px\" \/><\/figure><\/div>\n","protected":false},"excerpt":{"rendered":"<p>Le chanteur de la paix en concert \u00e0 Duba\u00ef Apr\u00e8s une ann\u00e9e mondialement difficile pour cause de crise sanitaire et particuli\u00e8rement \u00e9prouvante pour Enrico, c\u2019est sur la magnifique sc\u00e8ne de l\u2019op\u00e9ra de Duba\u00ef que se produisait l\u2019artiste ces 21 et &hellip;<\/p>\n<p class=\"read-more\"> <a class=\"more-link\" href=\"https:\/\/enricomaciasloriental.fr\/WordPress\/enrico-un-jour-enrico-toujours\/\"> <span class=\"screen-reader-text\">Enrico un jour, Enrico toujours<\/span> Read More &raquo;<\/a><\/p>\n","protected":false},"author":36,"featured_media":15330,"comment_status":"open","ping_status":"open","sticky":false,"template":"","format":"standard","meta":{"footnotes":""},"categories":[1],"tags":[],"class_list":["post-15329","post","type-post","status-publish","format-standard","has-post-thumbnail","hentry","category-actualites"],"yoast_head":"<!-- This site is optimized with the Yoast SEO plugin v27.4 - https:\/\/yoast.com\/product\/yoast-seo-wordpress\/ -->\n<title>Enrico un jour, Enrico toujours - ENRICO MACIAS L&#039;Oriental<\/title>\n<meta name=\"robots\" content=\"index, follow, max-snippet:-1, max-image-preview:large, max-video-preview:-1\" \/>\n<link rel=\"canonical\" href=\"https:\/\/enricomaciasloriental.fr\/WordPress\/enrico-un-jour-enrico-toujours\/\" \/>\n<meta property=\"og:locale\" content=\"fr_FR\" \/>\n<meta property=\"og:type\" content=\"article\" \/>\n<meta property=\"og:title\" content=\"Enrico un jour, Enrico toujours - ENRICO MACIAS L&#039;Oriental\" \/>\n<meta property=\"og:description\" content=\"Le chanteur de la paix en concert \u00e0 Duba\u00ef Apr\u00e8s une ann\u00e9e mondialement difficile pour cause de crise sanitaire et particuli\u00e8rement \u00e9prouvante pour Enrico, c\u2019est sur la magnifique sc\u00e8ne de l\u2019op\u00e9ra de Duba\u00ef que se produisait l\u2019artiste ces 21 et &hellip; Enrico un jour, Enrico toujours Read More &raquo;\" \/>\n<meta property=\"og:url\" content=\"https:\/\/enricomaciasloriental.fr\/WordPress\/enrico-un-jour-enrico-toujours\/\" \/>\n<meta property=\"og:site_name\" content=\"ENRICO MACIAS L&#039;Oriental\" \/>\n<meta property=\"article:published_time\" content=\"2021-01-22T23:03:38+00:00\" \/>\n<meta property=\"article:modified_time\" content=\"2021-02-01T15:52:23+00:00\" \/>\n<meta property=\"og:image\" content=\"https:\/\/enricomaciasloriental.fr\/WordPress\/wp-content\/uploads\/\/2021\/01\/Dubai202101.jpg\" \/>\n\t<meta property=\"og:image:width\" content=\"700\" \/>\n\t<meta property=\"og:image:height\" content=\"477\" \/>\n\t<meta property=\"og:image:type\" content=\"image\/jpeg\" \/>\n<meta name=\"author\" content=\"Loriental\" \/>\n<meta name=\"twitter:card\" content=\"summary_large_image\" \/>\n<meta name=\"twitter:label1\" content=\"\u00c9crit par\" \/>\n\t<meta name=\"twitter:data1\" content=\"Loriental\" \/>\n\t<meta name=\"twitter:label2\" content=\"Dur\u00e9e de lecture estim\u00e9e\" \/>\n\t<meta name=\"twitter:data2\" content=\"4 minutes\" \/>\n<script type=\"application\/ld+json\" class=\"yoast-schema-graph\">{\"@context\":\"https:\\\/\\\/schema.org\",\"@graph\":[{\"@type\":\"Article\",\"@id\":\"https:\\\/\\\/enricomaciasloriental.fr\\\/WordPress\\\/enrico-un-jour-enrico-toujours\\\/#article\",\"isPartOf\":{\"@id\":\"https:\\\/\\\/enricomaciasloriental.fr\\\/WordPress\\\/enrico-un-jour-enrico-toujours\\\/\"},\"author\":{\"name\":\"Loriental\",\"@id\":\"https:\\\/\\\/enricomaciasloriental.fr\\\/WordPress\\\/#\\\/schema\\\/person\\\/53fba112c6f4f0b335578890a816262e\"},\"headline\":\"Enrico un jour, Enrico toujours\",\"datePublished\":\"2021-01-22T23:03:38+00:00\",\"dateModified\":\"2021-02-01T15:52:23+00:00\",\"mainEntityOfPage\":{\"@id\":\"https:\\\/\\\/enricomaciasloriental.fr\\\/WordPress\\\/enrico-un-jour-enrico-toujours\\\/\"},\"wordCount\":655,\"commentCount\":6,\"publisher\":{\"@id\":\"https:\\\/\\\/enricomaciasloriental.fr\\\/WordPress\\\/#\\\/schema\\\/person\\\/53fba112c6f4f0b335578890a816262e\"},\"image\":{\"@id\":\"https:\\\/\\\/enricomaciasloriental.fr\\\/WordPress\\\/enrico-un-jour-enrico-toujours\\\/#primaryimage\"},\"thumbnailUrl\":\"https:\\\/\\\/enricomaciasloriental.fr\\\/WordPress\\\/wp-content\\\/uploads\\\/\\\/2021\\\/01\\\/Dubai202101.jpg\",\"articleSection\":[\"Actualit\u00e9s\"],\"inLanguage\":\"fr-FR\",\"potentialAction\":[{\"@type\":\"CommentAction\",\"name\":\"Comment\",\"target\":[\"https:\\\/\\\/enricomaciasloriental.fr\\\/WordPress\\\/enrico-un-jour-enrico-toujours\\\/#respond\"]}]},{\"@type\":\"WebPage\",\"@id\":\"https:\\\/\\\/enricomaciasloriental.fr\\\/WordPress\\\/enrico-un-jour-enrico-toujours\\\/\",\"url\":\"https:\\\/\\\/enricomaciasloriental.fr\\\/WordPress\\\/enrico-un-jour-enrico-toujours\\\/\",\"name\":\"Enrico un jour, Enrico toujours - ENRICO MACIAS L&#039;Oriental\",\"isPartOf\":{\"@id\":\"https:\\\/\\\/enricomaciasloriental.fr\\\/WordPress\\\/#website\"},\"primaryImageOfPage\":{\"@id\":\"https:\\\/\\\/enricomaciasloriental.fr\\\/WordPress\\\/enrico-un-jour-enrico-toujours\\\/#primaryimage\"},\"image\":{\"@id\":\"https:\\\/\\\/enricomaciasloriental.fr\\\/WordPress\\\/enrico-un-jour-enrico-toujours\\\/#primaryimage\"},\"thumbnailUrl\":\"https:\\\/\\\/enricomaciasloriental.fr\\\/WordPress\\\/wp-content\\\/uploads\\\/\\\/2021\\\/01\\\/Dubai202101.jpg\",\"datePublished\":\"2021-01-22T23:03:38+00:00\",\"dateModified\":\"2021-02-01T15:52:23+00:00\",\"breadcrumb\":{\"@id\":\"https:\\\/\\\/enricomaciasloriental.fr\\\/WordPress\\\/enrico-un-jour-enrico-toujours\\\/#breadcrumb\"},\"inLanguage\":\"fr-FR\",\"potentialAction\":[{\"@type\":\"ReadAction\",\"target\":[\"https:\\\/\\\/enricomaciasloriental.fr\\\/WordPress\\\/enrico-un-jour-enrico-toujours\\\/\"]}]},{\"@type\":\"ImageObject\",\"inLanguage\":\"fr-FR\",\"@id\":\"https:\\\/\\\/enricomaciasloriental.fr\\\/WordPress\\\/enrico-un-jour-enrico-toujours\\\/#primaryimage\",\"url\":\"https:\\\/\\\/enricomaciasloriental.fr\\\/WordPress\\\/wp-content\\\/uploads\\\/\\\/2021\\\/01\\\/Dubai202101.jpg\",\"contentUrl\":\"https:\\\/\\\/enricomaciasloriental.fr\\\/WordPress\\\/wp-content\\\/uploads\\\/\\\/2021\\\/01\\\/Dubai202101.jpg\",\"width\":700,\"height\":477},{\"@type\":\"BreadcrumbList\",\"@id\":\"https:\\\/\\\/enricomaciasloriental.fr\\\/WordPress\\\/enrico-un-jour-enrico-toujours\\\/#breadcrumb\",\"itemListElement\":[{\"@type\":\"ListItem\",\"position\":1,\"name\":\"Accueil\",\"item\":\"https:\\\/\\\/enricomaciasloriental.fr\\\/WordPress\\\/\"},{\"@type\":\"ListItem\",\"position\":2,\"name\":\"Enrico un jour, Enrico toujours\"}]},{\"@type\":\"WebSite\",\"@id\":\"https:\\\/\\\/enricomaciasloriental.fr\\\/WordPress\\\/#website\",\"url\":\"https:\\\/\\\/enricomaciasloriental.fr\\\/WordPress\\\/\",\"name\":\"ENRICO MACIAS L'Oriental\",\"description\":\"IL EST COMME LE SOLEIL\",\"publisher\":{\"@id\":\"https:\\\/\\\/enricomaciasloriental.fr\\\/WordPress\\\/#\\\/schema\\\/person\\\/53fba112c6f4f0b335578890a816262e\"},\"potentialAction\":[{\"@type\":\"SearchAction\",\"target\":{\"@type\":\"EntryPoint\",\"urlTemplate\":\"https:\\\/\\\/enricomaciasloriental.fr\\\/WordPress\\\/?s={search_term_string}\"},\"query-input\":{\"@type\":\"PropertyValueSpecification\",\"valueRequired\":true,\"valueName\":\"search_term_string\"}}],\"inLanguage\":\"fr-FR\"},{\"@type\":[\"Person\",\"Organization\"],\"@id\":\"https:\\\/\\\/enricomaciasloriental.fr\\\/WordPress\\\/#\\\/schema\\\/person\\\/53fba112c6f4f0b335578890a816262e\",\"name\":\"Loriental\",\"image\":{\"@type\":\"ImageObject\",\"inLanguage\":\"fr-FR\",\"@id\":\"https:\\\/\\\/enricomaciasloriental.fr\\\/WordPress\\\/wp-content\\\/uploads\\\/\\\/2015\\\/02\\\/cropped-bannier_altaiir-enrico.jpg\",\"url\":\"https:\\\/\\\/enricomaciasloriental.fr\\\/WordPress\\\/wp-content\\\/uploads\\\/\\\/2015\\\/02\\\/cropped-bannier_altaiir-enrico.jpg\",\"contentUrl\":\"https:\\\/\\\/enricomaciasloriental.fr\\\/WordPress\\\/wp-content\\\/uploads\\\/\\\/2015\\\/02\\\/cropped-bannier_altaiir-enrico.jpg\",\"width\":1200,\"height\":150,\"caption\":\"Loriental\"},\"logo\":{\"@id\":\"https:\\\/\\\/enricomaciasloriental.fr\\\/WordPress\\\/wp-content\\\/uploads\\\/\\\/2015\\\/02\\\/cropped-bannier_altaiir-enrico.jpg\"},\"sameAs\":[\"http:\\\/\\\/www.enricomaciasloriental.fr\\\/\"]}]}<\/script>\n<!-- \/ Yoast SEO plugin. -->","yoast_head_json":{"title":"Enrico un jour, Enrico toujours - ENRICO MACIAS L&#039;Oriental","robots":{"index":"index","follow":"follow","max-snippet":"max-snippet:-1","max-image-preview":"max-image-preview:large","max-video-preview":"max-video-preview:-1"},"canonical":"https:\/\/enricomaciasloriental.fr\/WordPress\/enrico-un-jour-enrico-toujours\/","og_locale":"fr_FR","og_type":"article","og_title":"Enrico un jour, Enrico toujours - ENRICO MACIAS L&#039;Oriental","og_description":"Le chanteur de la paix en concert \u00e0 Duba\u00ef Apr\u00e8s une ann\u00e9e mondialement difficile pour cause de crise sanitaire et particuli\u00e8rement \u00e9prouvante pour Enrico, c\u2019est sur la magnifique sc\u00e8ne de l\u2019op\u00e9ra de Duba\u00ef que se produisait l\u2019artiste ces 21 et &hellip; Enrico un jour, Enrico toujours Read More &raquo;","og_url":"https:\/\/enricomaciasloriental.fr\/WordPress\/enrico-un-jour-enrico-toujours\/","og_site_name":"ENRICO MACIAS L&#039;Oriental","article_published_time":"2021-01-22T23:03:38+00:00","article_modified_time":"2021-02-01T15:52:23+00:00","og_image":[{"width":700,"height":477,"url":"https:\/\/enricomaciasloriental.fr\/WordPress\/wp-content\/uploads\/\/2021\/01\/Dubai202101.jpg","type":"image\/jpeg"}],"author":"Loriental","twitter_card":"summary_large_image","twitter_misc":{"\u00c9crit par":"Loriental","Dur\u00e9e de lecture estim\u00e9e":"4 minutes"},"schema":{"@context":"https:\/\/schema.org","@graph":[{"@type":"Article","@id":"https:\/\/enricomaciasloriental.fr\/WordPress\/enrico-un-jour-enrico-toujours\/#article","isPartOf":{"@id":"https:\/\/enricomaciasloriental.fr\/WordPress\/enrico-un-jour-enrico-toujours\/"},"author":{"name":"Loriental","@id":"https:\/\/enricomaciasloriental.fr\/WordPress\/#\/schema\/person\/53fba112c6f4f0b335578890a816262e"},"headline":"Enrico un jour, Enrico toujours","datePublished":"2021-01-22T23:03:38+00:00","dateModified":"2021-02-01T15:52:23+00:00","mainEntityOfPage":{"@id":"https:\/\/enricomaciasloriental.fr\/WordPress\/enrico-un-jour-enrico-toujours\/"},"wordCount":655,"commentCount":6,"publisher":{"@id":"https:\/\/enricomaciasloriental.fr\/WordPress\/#\/schema\/person\/53fba112c6f4f0b335578890a816262e"},"image":{"@id":"https:\/\/enricomaciasloriental.fr\/WordPress\/enrico-un-jour-enrico-toujours\/#primaryimage"},"thumbnailUrl":"https:\/\/enricomaciasloriental.fr\/WordPress\/wp-content\/uploads\/\/2021\/01\/Dubai202101.jpg","articleSection":["Actualit\u00e9s"],"inLanguage":"fr-FR","potentialAction":[{"@type":"CommentAction","name":"Comment","target":["https:\/\/enricomaciasloriental.fr\/WordPress\/enrico-un-jour-enrico-toujours\/#respond"]}]},{"@type":"WebPage","@id":"https:\/\/enricomaciasloriental.fr\/WordPress\/enrico-un-jour-enrico-toujours\/","url":"https:\/\/enricomaciasloriental.fr\/WordPress\/enrico-un-jour-enrico-toujours\/","name":"Enrico un jour, Enrico toujours - ENRICO MACIAS L&#039;Oriental","isPartOf":{"@id":"https:\/\/enricomaciasloriental.fr\/WordPress\/#website"},"primaryImageOfPage":{"@id":"https:\/\/enricomaciasloriental.fr\/WordPress\/enrico-un-jour-enrico-toujours\/#primaryimage"},"image":{"@id":"https:\/\/enricomaciasloriental.fr\/WordPress\/enrico-un-jour-enrico-toujours\/#primaryimage"},"thumbnailUrl":"https:\/\/enricomaciasloriental.fr\/WordPress\/wp-content\/uploads\/\/2021\/01\/Dubai202101.jpg","datePublished":"2021-01-22T23:03:38+00:00","dateModified":"2021-02-01T15:52:23+00:00","breadcrumb":{"@id":"https:\/\/enricomaciasloriental.fr\/WordPress\/enrico-un-jour-enrico-toujours\/#breadcrumb"},"inLanguage":"fr-FR","potentialAction":[{"@type":"ReadAction","target":["https:\/\/enricomaciasloriental.fr\/WordPress\/enrico-un-jour-enrico-toujours\/"]}]},{"@type":"ImageObject","inLanguage":"fr-FR","@id":"https:\/\/enricomaciasloriental.fr\/WordPress\/enrico-un-jour-enrico-toujours\/#primaryimage","url":"https:\/\/enricomaciasloriental.fr\/WordPress\/wp-content\/uploads\/\/2021\/01\/Dubai202101.jpg","contentUrl":"https:\/\/enricomaciasloriental.fr\/WordPress\/wp-content\/uploads\/\/2021\/01\/Dubai202101.jpg","width":700,"height":477},{"@type":"BreadcrumbList","@id":"https:\/\/enricomaciasloriental.fr\/WordPress\/enrico-un-jour-enrico-toujours\/#breadcrumb","itemListElement":[{"@type":"ListItem","position":1,"name":"Accueil","item":"https:\/\/enricomaciasloriental.fr\/WordPress\/"},{"@type":"ListItem","position":2,"name":"Enrico un jour, Enrico toujours"}]},{"@type":"WebSite","@id":"https:\/\/enricomaciasloriental.fr\/WordPress\/#website","url":"https:\/\/enricomaciasloriental.fr\/WordPress\/","name":"ENRICO MACIAS L'Oriental","description":"IL EST COMME LE SOLEIL","publisher":{"@id":"https:\/\/enricomaciasloriental.fr\/WordPress\/#\/schema\/person\/53fba112c6f4f0b335578890a816262e"},"potentialAction":[{"@type":"SearchAction","target":{"@type":"EntryPoint","urlTemplate":"https:\/\/enricomaciasloriental.fr\/WordPress\/?s={search_term_string}"},"query-input":{"@type":"PropertyValueSpecification","valueRequired":true,"valueName":"search_term_string"}}],"inLanguage":"fr-FR"},{"@type":["Person","Organization"],"@id":"https:\/\/enricomaciasloriental.fr\/WordPress\/#\/schema\/person\/53fba112c6f4f0b335578890a816262e","name":"Loriental","image":{"@type":"ImageObject","inLanguage":"fr-FR","@id":"https:\/\/enricomaciasloriental.fr\/WordPress\/wp-content\/uploads\/\/2015\/02\/cropped-bannier_altaiir-enrico.jpg","url":"https:\/\/enricomaciasloriental.fr\/WordPress\/wp-content\/uploads\/\/2015\/02\/cropped-bannier_altaiir-enrico.jpg","contentUrl":"https:\/\/enricomaciasloriental.fr\/WordPress\/wp-content\/uploads\/\/2015\/02\/cropped-bannier_altaiir-enrico.jpg","width":1200,"height":150,"caption":"Loriental"},"logo":{"@id":"https:\/\/enricomaciasloriental.fr\/WordPress\/wp-content\/uploads\/\/2015\/02\/cropped-bannier_altaiir-enrico.jpg"},"sameAs":["http:\/\/www.enricomaciasloriental.fr\/"]}]}},"featured_image_src":"https:\/\/enricomaciasloriental.fr\/WordPress\/wp-content\/uploads\/\/2021\/01\/Dubai202101.jpg","featured_image_src_square":"https:\/\/enricomaciasloriental.fr\/WordPress\/wp-content\/uploads\/\/2021\/01\/Dubai202101.jpg","author_info":{"display_name":"Loriental","author_link":"https:\/\/enricomaciasloriental.fr\/WordPress\/author\/admin9234\/"},"rbea_author_info":{"display_name":"Loriental","author_link":"https:\/\/enricomaciasloriental.fr\/WordPress\/author\/admin9234\/"},"rbea_excerpt_info":"Le chanteur de la paix en concert \u00e0 Duba\u00ef Apr\u00e8s une ann\u00e9e mondialement difficile pour cause de crise sanitaire et particuli\u00e8rement \u00e9prouvante pour Enrico, c\u2019est sur la magnifique sc\u00e8ne de l\u2019op\u00e9ra de Duba\u00ef que se produisait l\u2019artiste ces 21 et &hellip;<p class=\"read-more\"> <a class=\"more-link\" href=\"https:\/\/enricomaciasloriental.fr\/WordPress\/enrico-un-jour-enrico-toujours\/\"> <span class=\"screen-reader-text\">Enrico un jour, Enrico toujours<\/span> Read More &raquo;<\/a><\/p>","category_list":"<a href=\"https:\/\/enricomaciasloriental.fr\/WordPress\/category\/actualites\/\">Actualit\u00e9s<\/a>","comments_num":"6 comments","_links":{"self":[{"href":"https:\/\/enricomaciasloriental.fr\/WordPress\/wp-json\/wp\/v2\/posts\/15329","targetHints":{"allow":["GET"]}}],"collection":[{"href":"https:\/\/enricomaciasloriental.fr\/WordPress\/wp-json\/wp\/v2\/posts"}],"about":[{"href":"https:\/\/enricomaciasloriental.fr\/WordPress\/wp-json\/wp\/v2\/types\/post"}],"author":[{"embeddable":true,"href":"https:\/\/enricomaciasloriental.fr\/WordPress\/wp-json\/wp\/v2\/users\/36"}],"replies":[{"embeddable":true,"href":"https:\/\/enricomaciasloriental.fr\/WordPress\/wp-json\/wp\/v2\/comments?post=15329"}],"version-history":[{"count":0,"href":"https:\/\/enricomaciasloriental.fr\/WordPress\/wp-json\/wp\/v2\/posts\/15329\/revisions"}],"wp:featuredmedia":[{"embeddable":true,"href":"https:\/\/enricomaciasloriental.fr\/WordPress\/wp-json\/wp\/v2\/media\/15330"}],"wp:attachment":[{"href":"https:\/\/enricomaciasloriental.fr\/WordPress\/wp-json\/wp\/v2\/media?parent=15329"}],"wp:term":[{"taxonomy":"category","embeddable":true,"href":"https:\/\/enricomaciasloriental.fr\/WordPress\/wp-json\/wp\/v2\/categories?post=15329"},{"taxonomy":"post_tag","embeddable":true,"href":"https:\/\/enricomaciasloriental.fr\/WordPress\/wp-json\/wp\/v2\/tags?post=15329"}],"curies":[{"name":"wp","href":"https:\/\/api.w.org\/{rel}","templated":true}]}}