{"id":15570,"date":"2021-04-29T18:23:16","date_gmt":"2021-04-29T16:23:16","guid":{"rendered":"http:\/\/enricomaciasloriental.fr\/WordPress\/?p=15570"},"modified":"2021-04-29T18:23:18","modified_gmt":"2021-04-29T16:23:18","slug":"ma-vie-est-ici-david-hababou-et-enrico-macias","status":"publish","type":"post","link":"https:\/\/enricomaciasloriental.fr\/WordPress\/ma-vie-est-ici-david-hababou-et-enrico-macias\/","title":{"rendered":"MA VIE EST ICI &#8211; David HABABOU et Enrico MACIAS"},"content":{"rendered":"\n<figure class=\"wp-block-embed is-type-video is-provider-youtube wp-block-embed-youtube wp-embed-aspect-16-9 wp-has-aspect-ratio\"><div class=\"wp-block-embed__wrapper\">\n<iframe title=\"David Hababou &amp; Enrico Macias - Ma vie est ici\" width=\"605\" height=\"340\" src=\"https:\/\/www.youtube.com\/embed\/QAxacTpQpHM?feature=oembed\" frameborder=\"0\" allow=\"accelerometer; autoplay; clipboard-write; encrypted-media; gyroscope; picture-in-picture; web-share\" referrerpolicy=\"strict-origin-when-cross-origin\" allowfullscreen><\/iframe>\n<\/div><figcaption>Lorsqu\u2019en 1961 Enrico Macias quitte l\u2019Alg\u00e9rie et arrive en r\u00e9gion Parisienne, Mike Miguel Hababou lui tend une main fraternelle et l\u2019aide \u00e0 former sa premi\u00e8re \u00e9quipe de musiciens. Mike n\u2019imagine pas que 60 ans plus tard, son petit-fils David Hababou interpr\u00e8tera ce duo avec son ami Enrico, devenu un des artistes incontournables de la chanson fran\u00e7aise.<br \/>CLIP : R\u00e9alisation : Keyvan Le Roux Assistante r\u00e9alisation : Titia Le Roux Cam\u00e9ra : Titien Soardi Assistante Cam\u00e9ra : Fanny Lisbon Maquillage : Ines Zerouali Pancartes : Emma Domenech Musiciens \/ Com\u00e9diens : Fl\u00fbte : Kamel Iabbaci Oud : Ilyes Yassine Bendir : Paul Uzan Darbouka : Robin Labb\u00e9 Production : TILMUSIC MUSIQUE : Paroles : Antoine GRAUGNARD Musique : David HADJADJ &#8211; Ilan ABOU &#8211; David HABABOU Edition : TILMUSIC &#8211; FRENCH FLAIR ENTERTAINMENT &#8211; LES EDITIONS CIRTA Production : TILMUSIC Claviers, programmations : David Hadjadj Basse, programmations : Ilan Abou Batterie, percussions : Julien Tekeyan Guitares, Oud, Mandole : Lucien Zerrad Ney : Josh Levit Programmations : Sylvain Lux R\u00e9alisation : Ilan Abou, David Hadjadj, Sylvain Lux\u00a0 Mixage : Sylvain Lux Mastering : Brian Lucey Remerciements : Jean Claude Ghrenassia Famille Melki Amazing d\u00e9co Compressor<\/figcaption><\/figure>\n\n\n\n<p><\/p>\n","protected":false},"excerpt":{"rendered":"","protected":false},"author":36,"featured_media":15571,"comment_status":"open","ping_status":"open","sticky":false,"template":"","format":"standard","meta":{"footnotes":""},"categories":[39],"tags":[],"class_list":["post-15570","post","type-post","status-publish","format-standard","has-post-thumbnail","hentry","category-duos"],"yoast_head":"<!-- This site is optimized with the Yoast SEO plugin v27.4 - https:\/\/yoast.com\/product\/yoast-seo-wordpress\/ -->\n<title>MA VIE EST ICI - David HABABOU et Enrico MACIAS - ENRICO MACIAS L&#039;Oriental<\/title>\n<meta name=\"robots\" content=\"index, follow, max-snippet:-1, max-image-preview:large, max-video-preview:-1\" \/>\n<link rel=\"canonical\" href=\"https:\/\/enricomaciasloriental.fr\/WordPress\/ma-vie-est-ici-david-hababou-et-enrico-macias\/\" \/>\n<meta property=\"og:locale\" content=\"fr_FR\" \/>\n<meta property=\"og:type\" content=\"article\" \/>\n<meta property=\"og:title\" content=\"MA VIE EST ICI - David HABABOU et Enrico MACIAS - ENRICO MACIAS L&#039;Oriental\" \/>\n<meta property=\"og:url\" content=\"https:\/\/enricomaciasloriental.fr\/WordPress\/ma-vie-est-ici-david-hababou-et-enrico-macias\/\" \/>\n<meta property=\"og:site_name\" content=\"ENRICO MACIAS L&#039;Oriental\" \/>\n<meta property=\"article:published_time\" content=\"2021-04-29T16:23:16+00:00\" \/>\n<meta property=\"article:modified_time\" content=\"2021-04-29T16:23:18+00:00\" \/>\n<meta property=\"og:image\" content=\"https:\/\/enricomaciasloriental.fr\/WordPress\/wp-content\/uploads\/\/2021\/04\/Capture.jpg\" \/>\n\t<meta property=\"og:image:width\" content=\"1276\" \/>\n\t<meta property=\"og:image:height\" content=\"672\" \/>\n\t<meta property=\"og:image:type\" content=\"image\/jpeg\" \/>\n<meta name=\"author\" content=\"Loriental\" \/>\n<meta name=\"twitter:card\" content=\"summary_large_image\" \/>\n<meta name=\"twitter:label1\" content=\"\u00c9crit par\" \/>\n\t<meta name=\"twitter:data1\" content=\"Loriental\" \/>\n\t<meta name=\"twitter:label2\" content=\"Dur\u00e9e de lecture estim\u00e9e\" \/>\n\t<meta name=\"twitter:data2\" content=\"1 minute\" \/>\n<script type=\"application\/ld+json\" class=\"yoast-schema-graph\">{\"@context\":\"https:\\\/\\\/schema.org\",\"@graph\":[{\"@type\":\"Article\",\"@id\":\"https:\\\/\\\/enricomaciasloriental.fr\\\/WordPress\\\/ma-vie-est-ici-david-hababou-et-enrico-macias\\\/#article\",\"isPartOf\":{\"@id\":\"https:\\\/\\\/enricomaciasloriental.fr\\\/WordPress\\\/ma-vie-est-ici-david-hababou-et-enrico-macias\\\/\"},\"author\":{\"name\":\"Loriental\",\"@id\":\"https:\\\/\\\/enricomaciasloriental.fr\\\/WordPress\\\/#\\\/schema\\\/person\\\/53fba112c6f4f0b335578890a816262e\"},\"headline\":\"MA VIE EST ICI &#8211; David HABABOU et Enrico MACIAS\",\"datePublished\":\"2021-04-29T16:23:16+00:00\",\"dateModified\":\"2021-04-29T16:23:18+00:00\",\"mainEntityOfPage\":{\"@id\":\"https:\\\/\\\/enricomaciasloriental.fr\\\/WordPress\\\/ma-vie-est-ici-david-hababou-et-enrico-macias\\\/\"},\"wordCount\":196,\"commentCount\":0,\"publisher\":{\"@id\":\"https:\\\/\\\/enricomaciasloriental.fr\\\/WordPress\\\/#\\\/schema\\\/person\\\/53fba112c6f4f0b335578890a816262e\"},\"image\":{\"@id\":\"https:\\\/\\\/enricomaciasloriental.fr\\\/WordPress\\\/ma-vie-est-ici-david-hababou-et-enrico-macias\\\/#primaryimage\"},\"thumbnailUrl\":\"https:\\\/\\\/enricomaciasloriental.fr\\\/WordPress\\\/wp-content\\\/uploads\\\/\\\/2021\\\/04\\\/Capture.jpg\",\"articleSection\":[\"Duos\"],\"inLanguage\":\"fr-FR\",\"potentialAction\":[{\"@type\":\"CommentAction\",\"name\":\"Comment\",\"target\":[\"https:\\\/\\\/enricomaciasloriental.fr\\\/WordPress\\\/ma-vie-est-ici-david-hababou-et-enrico-macias\\\/#respond\"]}]},{\"@type\":\"WebPage\",\"@id\":\"https:\\\/\\\/enricomaciasloriental.fr\\\/WordPress\\\/ma-vie-est-ici-david-hababou-et-enrico-macias\\\/\",\"url\":\"https:\\\/\\\/enricomaciasloriental.fr\\\/WordPress\\\/ma-vie-est-ici-david-hababou-et-enrico-macias\\\/\",\"name\":\"MA VIE EST ICI - David HABABOU et Enrico MACIAS - ENRICO MACIAS L&#039;Oriental\",\"isPartOf\":{\"@id\":\"https:\\\/\\\/enricomaciasloriental.fr\\\/WordPress\\\/#website\"},\"primaryImageOfPage\":{\"@id\":\"https:\\\/\\\/enricomaciasloriental.fr\\\/WordPress\\\/ma-vie-est-ici-david-hababou-et-enrico-macias\\\/#primaryimage\"},\"image\":{\"@id\":\"https:\\\/\\\/enricomaciasloriental.fr\\\/WordPress\\\/ma-vie-est-ici-david-hababou-et-enrico-macias\\\/#primaryimage\"},\"thumbnailUrl\":\"https:\\\/\\\/enricomaciasloriental.fr\\\/WordPress\\\/wp-content\\\/uploads\\\/\\\/2021\\\/04\\\/Capture.jpg\",\"datePublished\":\"2021-04-29T16:23:16+00:00\",\"dateModified\":\"2021-04-29T16:23:18+00:00\",\"breadcrumb\":{\"@id\":\"https:\\\/\\\/enricomaciasloriental.fr\\\/WordPress\\\/ma-vie-est-ici-david-hababou-et-enrico-macias\\\/#breadcrumb\"},\"inLanguage\":\"fr-FR\",\"potentialAction\":[{\"@type\":\"ReadAction\",\"target\":[\"https:\\\/\\\/enricomaciasloriental.fr\\\/WordPress\\\/ma-vie-est-ici-david-hababou-et-enrico-macias\\\/\"]}]},{\"@type\":\"ImageObject\",\"inLanguage\":\"fr-FR\",\"@id\":\"https:\\\/\\\/enricomaciasloriental.fr\\\/WordPress\\\/ma-vie-est-ici-david-hababou-et-enrico-macias\\\/#primaryimage\",\"url\":\"https:\\\/\\\/enricomaciasloriental.fr\\\/WordPress\\\/wp-content\\\/uploads\\\/\\\/2021\\\/04\\\/Capture.jpg\",\"contentUrl\":\"https:\\\/\\\/enricomaciasloriental.fr\\\/WordPress\\\/wp-content\\\/uploads\\\/\\\/2021\\\/04\\\/Capture.jpg\",\"width\":1276,\"height\":672},{\"@type\":\"BreadcrumbList\",\"@id\":\"https:\\\/\\\/enricomaciasloriental.fr\\\/WordPress\\\/ma-vie-est-ici-david-hababou-et-enrico-macias\\\/#breadcrumb\",\"itemListElement\":[{\"@type\":\"ListItem\",\"position\":1,\"name\":\"Accueil\",\"item\":\"https:\\\/\\\/enricomaciasloriental.fr\\\/WordPress\\\/\"},{\"@type\":\"ListItem\",\"position\":2,\"name\":\"MA VIE EST ICI &#8211; David HABABOU et Enrico MACIAS\"}]},{\"@type\":\"WebSite\",\"@id\":\"https:\\\/\\\/enricomaciasloriental.fr\\\/WordPress\\\/#website\",\"url\":\"https:\\\/\\\/enricomaciasloriental.fr\\\/WordPress\\\/\",\"name\":\"ENRICO MACIAS L'Oriental\",\"description\":\"IL EST COMME LE SOLEIL\",\"publisher\":{\"@id\":\"https:\\\/\\\/enricomaciasloriental.fr\\\/WordPress\\\/#\\\/schema\\\/person\\\/53fba112c6f4f0b335578890a816262e\"},\"potentialAction\":[{\"@type\":\"SearchAction\",\"target\":{\"@type\":\"EntryPoint\",\"urlTemplate\":\"https:\\\/\\\/enricomaciasloriental.fr\\\/WordPress\\\/?s={search_term_string}\"},\"query-input\":{\"@type\":\"PropertyValueSpecification\",\"valueRequired\":true,\"valueName\":\"search_term_string\"}}],\"inLanguage\":\"fr-FR\"},{\"@type\":[\"Person\",\"Organization\"],\"@id\":\"https:\\\/\\\/enricomaciasloriental.fr\\\/WordPress\\\/#\\\/schema\\\/person\\\/53fba112c6f4f0b335578890a816262e\",\"name\":\"Loriental\",\"image\":{\"@type\":\"ImageObject\",\"inLanguage\":\"fr-FR\",\"@id\":\"https:\\\/\\\/enricomaciasloriental.fr\\\/WordPress\\\/wp-content\\\/uploads\\\/\\\/2015\\\/02\\\/cropped-bannier_altaiir-enrico.jpg\",\"url\":\"https:\\\/\\\/enricomaciasloriental.fr\\\/WordPress\\\/wp-content\\\/uploads\\\/\\\/2015\\\/02\\\/cropped-bannier_altaiir-enrico.jpg\",\"contentUrl\":\"https:\\\/\\\/enricomaciasloriental.fr\\\/WordPress\\\/wp-content\\\/uploads\\\/\\\/2015\\\/02\\\/cropped-bannier_altaiir-enrico.jpg\",\"width\":1200,\"height\":150,\"caption\":\"Loriental\"},\"logo\":{\"@id\":\"https:\\\/\\\/enricomaciasloriental.fr\\\/WordPress\\\/wp-content\\\/uploads\\\/\\\/2015\\\/02\\\/cropped-bannier_altaiir-enrico.jpg\"},\"sameAs\":[\"http:\\\/\\\/www.enricomaciasloriental.fr\\\/\"]}]}<\/script>\n<!-- \/ Yoast SEO plugin. -->","yoast_head_json":{"title":"MA VIE EST ICI - David HABABOU et Enrico MACIAS - ENRICO MACIAS L&#039;Oriental","robots":{"index":"index","follow":"follow","max-snippet":"max-snippet:-1","max-image-preview":"max-image-preview:large","max-video-preview":"max-video-preview:-1"},"canonical":"https:\/\/enricomaciasloriental.fr\/WordPress\/ma-vie-est-ici-david-hababou-et-enrico-macias\/","og_locale":"fr_FR","og_type":"article","og_title":"MA VIE EST ICI - David HABABOU et Enrico MACIAS - ENRICO MACIAS L&#039;Oriental","og_url":"https:\/\/enricomaciasloriental.fr\/WordPress\/ma-vie-est-ici-david-hababou-et-enrico-macias\/","og_site_name":"ENRICO MACIAS L&#039;Oriental","article_published_time":"2021-04-29T16:23:16+00:00","article_modified_time":"2021-04-29T16:23:18+00:00","og_image":[{"width":1276,"height":672,"url":"https:\/\/enricomaciasloriental.fr\/WordPress\/wp-content\/uploads\/\/2021\/04\/Capture.jpg","type":"image\/jpeg"}],"author":"Loriental","twitter_card":"summary_large_image","twitter_misc":{"\u00c9crit par":"Loriental","Dur\u00e9e de lecture estim\u00e9e":"1 minute"},"schema":{"@context":"https:\/\/schema.org","@graph":[{"@type":"Article","@id":"https:\/\/enricomaciasloriental.fr\/WordPress\/ma-vie-est-ici-david-hababou-et-enrico-macias\/#article","isPartOf":{"@id":"https:\/\/enricomaciasloriental.fr\/WordPress\/ma-vie-est-ici-david-hababou-et-enrico-macias\/"},"author":{"name":"Loriental","@id":"https:\/\/enricomaciasloriental.fr\/WordPress\/#\/schema\/person\/53fba112c6f4f0b335578890a816262e"},"headline":"MA VIE EST ICI &#8211; David HABABOU et Enrico MACIAS","datePublished":"2021-04-29T16:23:16+00:00","dateModified":"2021-04-29T16:23:18+00:00","mainEntityOfPage":{"@id":"https:\/\/enricomaciasloriental.fr\/WordPress\/ma-vie-est-ici-david-hababou-et-enrico-macias\/"},"wordCount":196,"commentCount":0,"publisher":{"@id":"https:\/\/enricomaciasloriental.fr\/WordPress\/#\/schema\/person\/53fba112c6f4f0b335578890a816262e"},"image":{"@id":"https:\/\/enricomaciasloriental.fr\/WordPress\/ma-vie-est-ici-david-hababou-et-enrico-macias\/#primaryimage"},"thumbnailUrl":"https:\/\/enricomaciasloriental.fr\/WordPress\/wp-content\/uploads\/\/2021\/04\/Capture.jpg","articleSection":["Duos"],"inLanguage":"fr-FR","potentialAction":[{"@type":"CommentAction","name":"Comment","target":["https:\/\/enricomaciasloriental.fr\/WordPress\/ma-vie-est-ici-david-hababou-et-enrico-macias\/#respond"]}]},{"@type":"WebPage","@id":"https:\/\/enricomaciasloriental.fr\/WordPress\/ma-vie-est-ici-david-hababou-et-enrico-macias\/","url":"https:\/\/enricomaciasloriental.fr\/WordPress\/ma-vie-est-ici-david-hababou-et-enrico-macias\/","name":"MA VIE EST ICI - David HABABOU et Enrico MACIAS - ENRICO MACIAS L&#039;Oriental","isPartOf":{"@id":"https:\/\/enricomaciasloriental.fr\/WordPress\/#website"},"primaryImageOfPage":{"@id":"https:\/\/enricomaciasloriental.fr\/WordPress\/ma-vie-est-ici-david-hababou-et-enrico-macias\/#primaryimage"},"image":{"@id":"https:\/\/enricomaciasloriental.fr\/WordPress\/ma-vie-est-ici-david-hababou-et-enrico-macias\/#primaryimage"},"thumbnailUrl":"https:\/\/enricomaciasloriental.fr\/WordPress\/wp-content\/uploads\/\/2021\/04\/Capture.jpg","datePublished":"2021-04-29T16:23:16+00:00","dateModified":"2021-04-29T16:23:18+00:00","breadcrumb":{"@id":"https:\/\/enricomaciasloriental.fr\/WordPress\/ma-vie-est-ici-david-hababou-et-enrico-macias\/#breadcrumb"},"inLanguage":"fr-FR","potentialAction":[{"@type":"ReadAction","target":["https:\/\/enricomaciasloriental.fr\/WordPress\/ma-vie-est-ici-david-hababou-et-enrico-macias\/"]}]},{"@type":"ImageObject","inLanguage":"fr-FR","@id":"https:\/\/enricomaciasloriental.fr\/WordPress\/ma-vie-est-ici-david-hababou-et-enrico-macias\/#primaryimage","url":"https:\/\/enricomaciasloriental.fr\/WordPress\/wp-content\/uploads\/\/2021\/04\/Capture.jpg","contentUrl":"https:\/\/enricomaciasloriental.fr\/WordPress\/wp-content\/uploads\/\/2021\/04\/Capture.jpg","width":1276,"height":672},{"@type":"BreadcrumbList","@id":"https:\/\/enricomaciasloriental.fr\/WordPress\/ma-vie-est-ici-david-hababou-et-enrico-macias\/#breadcrumb","itemListElement":[{"@type":"ListItem","position":1,"name":"Accueil","item":"https:\/\/enricomaciasloriental.fr\/WordPress\/"},{"@type":"ListItem","position":2,"name":"MA VIE EST ICI &#8211; David HABABOU et Enrico MACIAS"}]},{"@type":"WebSite","@id":"https:\/\/enricomaciasloriental.fr\/WordPress\/#website","url":"https:\/\/enricomaciasloriental.fr\/WordPress\/","name":"ENRICO MACIAS L'Oriental","description":"IL EST COMME LE SOLEIL","publisher":{"@id":"https:\/\/enricomaciasloriental.fr\/WordPress\/#\/schema\/person\/53fba112c6f4f0b335578890a816262e"},"potentialAction":[{"@type":"SearchAction","target":{"@type":"EntryPoint","urlTemplate":"https:\/\/enricomaciasloriental.fr\/WordPress\/?s={search_term_string}"},"query-input":{"@type":"PropertyValueSpecification","valueRequired":true,"valueName":"search_term_string"}}],"inLanguage":"fr-FR"},{"@type":["Person","Organization"],"@id":"https:\/\/enricomaciasloriental.fr\/WordPress\/#\/schema\/person\/53fba112c6f4f0b335578890a816262e","name":"Loriental","image":{"@type":"ImageObject","inLanguage":"fr-FR","@id":"https:\/\/enricomaciasloriental.fr\/WordPress\/wp-content\/uploads\/\/2015\/02\/cropped-bannier_altaiir-enrico.jpg","url":"https:\/\/enricomaciasloriental.fr\/WordPress\/wp-content\/uploads\/\/2015\/02\/cropped-bannier_altaiir-enrico.jpg","contentUrl":"https:\/\/enricomaciasloriental.fr\/WordPress\/wp-content\/uploads\/\/2015\/02\/cropped-bannier_altaiir-enrico.jpg","width":1200,"height":150,"caption":"Loriental"},"logo":{"@id":"https:\/\/enricomaciasloriental.fr\/WordPress\/wp-content\/uploads\/\/2015\/02\/cropped-bannier_altaiir-enrico.jpg"},"sameAs":["http:\/\/www.enricomaciasloriental.fr\/"]}]}},"featured_image_src":"https:\/\/enricomaciasloriental.fr\/WordPress\/wp-content\/uploads\/\/2021\/04\/Capture.jpg","featured_image_src_square":"https:\/\/enricomaciasloriental.fr\/WordPress\/wp-content\/uploads\/\/2021\/04\/Capture.jpg","author_info":{"display_name":"Loriental","author_link":"https:\/\/enricomaciasloriental.fr\/WordPress\/author\/admin9234\/"},"rbea_author_info":{"display_name":"Loriental","author_link":"https:\/\/enricomaciasloriental.fr\/WordPress\/author\/admin9234\/"},"rbea_excerpt_info":null,"category_list":"<a href=\"https:\/\/enricomaciasloriental.fr\/WordPress\/category\/videos\/duos\/\">Duos<\/a>","comments_num":"0 comments","_links":{"self":[{"href":"https:\/\/enricomaciasloriental.fr\/WordPress\/wp-json\/wp\/v2\/posts\/15570","targetHints":{"allow":["GET"]}}],"collection":[{"href":"https:\/\/enricomaciasloriental.fr\/WordPress\/wp-json\/wp\/v2\/posts"}],"about":[{"href":"https:\/\/enricomaciasloriental.fr\/WordPress\/wp-json\/wp\/v2\/types\/post"}],"author":[{"embeddable":true,"href":"https:\/\/enricomaciasloriental.fr\/WordPress\/wp-json\/wp\/v2\/users\/36"}],"replies":[{"embeddable":true,"href":"https:\/\/enricomaciasloriental.fr\/WordPress\/wp-json\/wp\/v2\/comments?post=15570"}],"version-history":[{"count":0,"href":"https:\/\/enricomaciasloriental.fr\/WordPress\/wp-json\/wp\/v2\/posts\/15570\/revisions"}],"wp:featuredmedia":[{"embeddable":true,"href":"https:\/\/enricomaciasloriental.fr\/WordPress\/wp-json\/wp\/v2\/media\/15571"}],"wp:attachment":[{"href":"https:\/\/enricomaciasloriental.fr\/WordPress\/wp-json\/wp\/v2\/media?parent=15570"}],"wp:term":[{"taxonomy":"category","embeddable":true,"href":"https:\/\/enricomaciasloriental.fr\/WordPress\/wp-json\/wp\/v2\/categories?post=15570"},{"taxonomy":"post_tag","embeddable":true,"href":"https:\/\/enricomaciasloriental.fr\/WordPress\/wp-json\/wp\/v2\/tags?post=15570"}],"curies":[{"name":"wp","href":"https:\/\/api.w.org\/{rel}","templated":true}]}}