{"id":15732,"date":"2021-07-11T09:05:05","date_gmt":"2021-07-11T07:05:05","guid":{"rendered":"http:\/\/enricomaciasloriental.fr\/WordPress\/?p=15732"},"modified":"2021-07-11T09:05:06","modified_gmt":"2021-07-11T07:05:06","slug":"africa-le-grand-concert-sur-france-2-le-29-juillet-2021","status":"publish","type":"post","link":"https:\/\/enricomaciasloriental.fr\/WordPress\/africa-le-grand-concert-sur-france-2-le-29-juillet-2021\/","title":{"rendered":"Africa le grand concert sur France 2 le 29 juillet 2021"},"content":{"rendered":"\n<figure class=\"wp-block-image size-large\"><img fetchpriority=\"high\" decoding=\"async\" width=\"1024\" height=\"576\" src=\"https:\/\/enricomaciasloriental.fr\/WordPress\/wp-content\/uploads\/\/2021\/07\/africalegrandconcert-1024x576.jpg\" alt=\"\" class=\"wp-image-15733\" srcset=\"https:\/\/enricomaciasloriental.fr\/WordPress\/wp-content\/uploads\/2021\/07\/africalegrandconcert-1024x576.jpg 1024w, https:\/\/enricomaciasloriental.fr\/WordPress\/wp-content\/uploads\/2021\/07\/africalegrandconcert-350x197.jpg 350w, https:\/\/enricomaciasloriental.fr\/WordPress\/wp-content\/uploads\/2021\/07\/africalegrandconcert-768x432.jpg 768w, https:\/\/enricomaciasloriental.fr\/WordPress\/wp-content\/uploads\/2021\/07\/africalegrandconcert-100x56.jpg 100w, https:\/\/enricomaciasloriental.fr\/WordPress\/wp-content\/uploads\/2021\/07\/africalegrandconcert-150x84.jpg 150w, https:\/\/enricomaciasloriental.fr\/WordPress\/wp-content\/uploads\/2021\/07\/africalegrandconcert-200x112.jpg 200w, https:\/\/enricomaciasloriental.fr\/WordPress\/wp-content\/uploads\/2021\/07\/africalegrandconcert-300x169.jpg 300w, https:\/\/enricomaciasloriental.fr\/WordPress\/wp-content\/uploads\/2021\/07\/africalegrandconcert-450x253.jpg 450w, https:\/\/enricomaciasloriental.fr\/WordPress\/wp-content\/uploads\/2021\/07\/africalegrandconcert-600x337.jpg 600w, https:\/\/enricomaciasloriental.fr\/WordPress\/wp-content\/uploads\/2021\/07\/africalegrandconcert-900x506.jpg 900w, https:\/\/enricomaciasloriental.fr\/WordPress\/wp-content\/uploads\/2021\/07\/africalegrandconcert.jpg 1170w\" sizes=\"(max-width: 1024px) 100vw, 1024px\" \/><\/figure>\n\n\n\n<p>Les Nuits du Peyrou se tenaient \u00e0 Montpellier du 2 au 9 juillet 2021 \u00e0 la grande joie du public venu nombreux.<br \/>Cet \u00e9venement populaire s&rsquo;est termin\u00e9 par le grand concert AFRICA<\/p>\n\n\n\n<p>Daphn\u00e9 Burk\u00ef et Claudy Siar se sont entour\u00e9s de :<\/p>\n\n\n\n<ul class=\"wp-block-list\"><li>Aya Nakamura,<\/li><li>Enrico Macias,<\/li><li>Christophe Ma\u00e9,<\/li><li>Faudel,<\/li><li>Amadou et Mariam,<\/li><li>Ang\u00e9lique Kidjo,<\/li><li>Tayc,<\/li><li>Kimberose,<\/li><li>Magic System,<\/li><li>Lubiana,<\/li><li>Youssou N\u2019Dour<\/li><li>et beaucoup d\u2019autres pour un voyage musical in\u00e9dit.<\/li><\/ul>\n\n\n\n<p>Sur La Promenade du Peyrou \u00e0 Montpellier, tous ces artistes ont partag\u00e9 la sc\u00e8ne pour c\u00e9l\u00e9brer la richesse et la diversit\u00e9 des rythmes africains et de leurs influences.<\/p>\n\n\n\n<p>Jeudi 29 juillet, d\u00e8s 21h05 sur France 2 :\u00a0\u00ab\u00a0Africa, le grand concert\u00a0\u00bb mettra \u00e0 l&rsquo;honneur, depuis Montpellier, les artistes qui ont l&rsquo;Afrique en commun.<\/p>\n","protected":false},"excerpt":{"rendered":"<p>Les Nuits du Peyrou se tenaient \u00e0 Montpellier du 2 au 9 juillet 2021 \u00e0 la grande joie du public venu nombreux.Cet \u00e9venement populaire s&rsquo;est termin\u00e9 par le grand concert AFRICA Daphn\u00e9 Burk\u00ef et Claudy Siar se sont entour\u00e9s de &hellip;<\/p>\n<p class=\"read-more\"> <a class=\"more-link\" href=\"https:\/\/enricomaciasloriental.fr\/WordPress\/africa-le-grand-concert-sur-france-2-le-29-juillet-2021\/\"> <span class=\"screen-reader-text\">Africa le grand concert sur France 2 le 29 juillet 2021<\/span> Read More &raquo;<\/a><\/p>\n","protected":false},"author":36,"featured_media":15733,"comment_status":"open","ping_status":"open","sticky":false,"template":"","format":"standard","meta":{"footnotes":""},"categories":[1],"tags":[],"class_list":["post-15732","post","type-post","status-publish","format-standard","has-post-thumbnail","hentry","category-actualites"],"yoast_head":"<!-- This site is optimized with the Yoast SEO plugin v27.4 - https:\/\/yoast.com\/product\/yoast-seo-wordpress\/ -->\n<title>Africa le grand concert sur France 2 le 29 juillet 2021 - ENRICO MACIAS L&#039;Oriental<\/title>\n<meta name=\"robots\" content=\"index, follow, max-snippet:-1, max-image-preview:large, max-video-preview:-1\" \/>\n<link rel=\"canonical\" href=\"https:\/\/enricomaciasloriental.fr\/WordPress\/africa-le-grand-concert-sur-france-2-le-29-juillet-2021\/\" \/>\n<meta property=\"og:locale\" content=\"fr_FR\" \/>\n<meta property=\"og:type\" content=\"article\" \/>\n<meta property=\"og:title\" content=\"Africa le grand concert sur France 2 le 29 juillet 2021 - ENRICO MACIAS L&#039;Oriental\" \/>\n<meta property=\"og:description\" content=\"Les Nuits du Peyrou se tenaient \u00e0 Montpellier du 2 au 9 juillet 2021 \u00e0 la grande joie du public venu nombreux.Cet \u00e9venement populaire s&rsquo;est termin\u00e9 par le grand concert AFRICA Daphn\u00e9 Burk\u00ef et Claudy Siar se sont entour\u00e9s de &hellip; Africa le grand concert sur France 2 le 29 juillet 2021 Read More &raquo;\" \/>\n<meta property=\"og:url\" content=\"https:\/\/enricomaciasloriental.fr\/WordPress\/africa-le-grand-concert-sur-france-2-le-29-juillet-2021\/\" \/>\n<meta property=\"og:site_name\" content=\"ENRICO MACIAS L&#039;Oriental\" \/>\n<meta property=\"article:published_time\" content=\"2021-07-11T07:05:05+00:00\" \/>\n<meta property=\"article:modified_time\" content=\"2021-07-11T07:05:06+00:00\" \/>\n<meta property=\"og:image\" content=\"https:\/\/enricomaciasloriental.fr\/WordPress\/wp-content\/uploads\/\/2021\/07\/africalegrandconcert.jpg\" \/>\n\t<meta property=\"og:image:width\" content=\"1170\" \/>\n\t<meta property=\"og:image:height\" content=\"658\" \/>\n\t<meta property=\"og:image:type\" content=\"image\/jpeg\" \/>\n<meta name=\"author\" content=\"Loriental\" \/>\n<meta name=\"twitter:card\" content=\"summary_large_image\" \/>\n<meta name=\"twitter:label1\" content=\"\u00c9crit par\" \/>\n\t<meta name=\"twitter:data1\" content=\"Loriental\" \/>\n\t<meta name=\"twitter:label2\" content=\"Dur\u00e9e de lecture estim\u00e9e\" \/>\n\t<meta name=\"twitter:data2\" content=\"1 minute\" \/>\n<script type=\"application\/ld+json\" class=\"yoast-schema-graph\">{\"@context\":\"https:\\\/\\\/schema.org\",\"@graph\":[{\"@type\":\"Article\",\"@id\":\"https:\\\/\\\/enricomaciasloriental.fr\\\/WordPress\\\/africa-le-grand-concert-sur-france-2-le-29-juillet-2021\\\/#article\",\"isPartOf\":{\"@id\":\"https:\\\/\\\/enricomaciasloriental.fr\\\/WordPress\\\/africa-le-grand-concert-sur-france-2-le-29-juillet-2021\\\/\"},\"author\":{\"name\":\"Loriental\",\"@id\":\"https:\\\/\\\/enricomaciasloriental.fr\\\/WordPress\\\/#\\\/schema\\\/person\\\/53fba112c6f4f0b335578890a816262e\"},\"headline\":\"Africa le grand concert sur France 2 le 29 juillet 2021\",\"datePublished\":\"2021-07-11T07:05:05+00:00\",\"dateModified\":\"2021-07-11T07:05:06+00:00\",\"mainEntityOfPage\":{\"@id\":\"https:\\\/\\\/enricomaciasloriental.fr\\\/WordPress\\\/africa-le-grand-concert-sur-france-2-le-29-juillet-2021\\\/\"},\"wordCount\":131,\"commentCount\":1,\"publisher\":{\"@id\":\"https:\\\/\\\/enricomaciasloriental.fr\\\/WordPress\\\/#\\\/schema\\\/person\\\/53fba112c6f4f0b335578890a816262e\"},\"image\":{\"@id\":\"https:\\\/\\\/enricomaciasloriental.fr\\\/WordPress\\\/africa-le-grand-concert-sur-france-2-le-29-juillet-2021\\\/#primaryimage\"},\"thumbnailUrl\":\"https:\\\/\\\/enricomaciasloriental.fr\\\/WordPress\\\/wp-content\\\/uploads\\\/\\\/2021\\\/07\\\/africalegrandconcert.jpg\",\"articleSection\":[\"Actualit\u00e9s\"],\"inLanguage\":\"fr-FR\",\"potentialAction\":[{\"@type\":\"CommentAction\",\"name\":\"Comment\",\"target\":[\"https:\\\/\\\/enricomaciasloriental.fr\\\/WordPress\\\/africa-le-grand-concert-sur-france-2-le-29-juillet-2021\\\/#respond\"]}]},{\"@type\":\"WebPage\",\"@id\":\"https:\\\/\\\/enricomaciasloriental.fr\\\/WordPress\\\/africa-le-grand-concert-sur-france-2-le-29-juillet-2021\\\/\",\"url\":\"https:\\\/\\\/enricomaciasloriental.fr\\\/WordPress\\\/africa-le-grand-concert-sur-france-2-le-29-juillet-2021\\\/\",\"name\":\"Africa le grand concert sur France 2 le 29 juillet 2021 - ENRICO MACIAS L&#039;Oriental\",\"isPartOf\":{\"@id\":\"https:\\\/\\\/enricomaciasloriental.fr\\\/WordPress\\\/#website\"},\"primaryImageOfPage\":{\"@id\":\"https:\\\/\\\/enricomaciasloriental.fr\\\/WordPress\\\/africa-le-grand-concert-sur-france-2-le-29-juillet-2021\\\/#primaryimage\"},\"image\":{\"@id\":\"https:\\\/\\\/enricomaciasloriental.fr\\\/WordPress\\\/africa-le-grand-concert-sur-france-2-le-29-juillet-2021\\\/#primaryimage\"},\"thumbnailUrl\":\"https:\\\/\\\/enricomaciasloriental.fr\\\/WordPress\\\/wp-content\\\/uploads\\\/\\\/2021\\\/07\\\/africalegrandconcert.jpg\",\"datePublished\":\"2021-07-11T07:05:05+00:00\",\"dateModified\":\"2021-07-11T07:05:06+00:00\",\"breadcrumb\":{\"@id\":\"https:\\\/\\\/enricomaciasloriental.fr\\\/WordPress\\\/africa-le-grand-concert-sur-france-2-le-29-juillet-2021\\\/#breadcrumb\"},\"inLanguage\":\"fr-FR\",\"potentialAction\":[{\"@type\":\"ReadAction\",\"target\":[\"https:\\\/\\\/enricomaciasloriental.fr\\\/WordPress\\\/africa-le-grand-concert-sur-france-2-le-29-juillet-2021\\\/\"]}]},{\"@type\":\"ImageObject\",\"inLanguage\":\"fr-FR\",\"@id\":\"https:\\\/\\\/enricomaciasloriental.fr\\\/WordPress\\\/africa-le-grand-concert-sur-france-2-le-29-juillet-2021\\\/#primaryimage\",\"url\":\"https:\\\/\\\/enricomaciasloriental.fr\\\/WordPress\\\/wp-content\\\/uploads\\\/\\\/2021\\\/07\\\/africalegrandconcert.jpg\",\"contentUrl\":\"https:\\\/\\\/enricomaciasloriental.fr\\\/WordPress\\\/wp-content\\\/uploads\\\/\\\/2021\\\/07\\\/africalegrandconcert.jpg\",\"width\":1170,\"height\":658},{\"@type\":\"BreadcrumbList\",\"@id\":\"https:\\\/\\\/enricomaciasloriental.fr\\\/WordPress\\\/africa-le-grand-concert-sur-france-2-le-29-juillet-2021\\\/#breadcrumb\",\"itemListElement\":[{\"@type\":\"ListItem\",\"position\":1,\"name\":\"Accueil\",\"item\":\"https:\\\/\\\/enricomaciasloriental.fr\\\/WordPress\\\/\"},{\"@type\":\"ListItem\",\"position\":2,\"name\":\"Africa le grand concert sur France 2 le 29 juillet 2021\"}]},{\"@type\":\"WebSite\",\"@id\":\"https:\\\/\\\/enricomaciasloriental.fr\\\/WordPress\\\/#website\",\"url\":\"https:\\\/\\\/enricomaciasloriental.fr\\\/WordPress\\\/\",\"name\":\"ENRICO MACIAS L'Oriental\",\"description\":\"IL EST COMME LE SOLEIL\",\"publisher\":{\"@id\":\"https:\\\/\\\/enricomaciasloriental.fr\\\/WordPress\\\/#\\\/schema\\\/person\\\/53fba112c6f4f0b335578890a816262e\"},\"potentialAction\":[{\"@type\":\"SearchAction\",\"target\":{\"@type\":\"EntryPoint\",\"urlTemplate\":\"https:\\\/\\\/enricomaciasloriental.fr\\\/WordPress\\\/?s={search_term_string}\"},\"query-input\":{\"@type\":\"PropertyValueSpecification\",\"valueRequired\":true,\"valueName\":\"search_term_string\"}}],\"inLanguage\":\"fr-FR\"},{\"@type\":[\"Person\",\"Organization\"],\"@id\":\"https:\\\/\\\/enricomaciasloriental.fr\\\/WordPress\\\/#\\\/schema\\\/person\\\/53fba112c6f4f0b335578890a816262e\",\"name\":\"Loriental\",\"image\":{\"@type\":\"ImageObject\",\"inLanguage\":\"fr-FR\",\"@id\":\"https:\\\/\\\/enricomaciasloriental.fr\\\/WordPress\\\/wp-content\\\/uploads\\\/\\\/2015\\\/02\\\/cropped-bannier_altaiir-enrico.jpg\",\"url\":\"https:\\\/\\\/enricomaciasloriental.fr\\\/WordPress\\\/wp-content\\\/uploads\\\/\\\/2015\\\/02\\\/cropped-bannier_altaiir-enrico.jpg\",\"contentUrl\":\"https:\\\/\\\/enricomaciasloriental.fr\\\/WordPress\\\/wp-content\\\/uploads\\\/\\\/2015\\\/02\\\/cropped-bannier_altaiir-enrico.jpg\",\"width\":1200,\"height\":150,\"caption\":\"Loriental\"},\"logo\":{\"@id\":\"https:\\\/\\\/enricomaciasloriental.fr\\\/WordPress\\\/wp-content\\\/uploads\\\/\\\/2015\\\/02\\\/cropped-bannier_altaiir-enrico.jpg\"},\"sameAs\":[\"http:\\\/\\\/www.enricomaciasloriental.fr\\\/\"]}]}<\/script>\n<!-- \/ Yoast SEO plugin. -->","yoast_head_json":{"title":"Africa le grand concert sur France 2 le 29 juillet 2021 - ENRICO MACIAS L&#039;Oriental","robots":{"index":"index","follow":"follow","max-snippet":"max-snippet:-1","max-image-preview":"max-image-preview:large","max-video-preview":"max-video-preview:-1"},"canonical":"https:\/\/enricomaciasloriental.fr\/WordPress\/africa-le-grand-concert-sur-france-2-le-29-juillet-2021\/","og_locale":"fr_FR","og_type":"article","og_title":"Africa le grand concert sur France 2 le 29 juillet 2021 - ENRICO MACIAS L&#039;Oriental","og_description":"Les Nuits du Peyrou se tenaient \u00e0 Montpellier du 2 au 9 juillet 2021 \u00e0 la grande joie du public venu nombreux.Cet \u00e9venement populaire s&rsquo;est termin\u00e9 par le grand concert AFRICA Daphn\u00e9 Burk\u00ef et Claudy Siar se sont entour\u00e9s de &hellip; Africa le grand concert sur France 2 le 29 juillet 2021 Read More &raquo;","og_url":"https:\/\/enricomaciasloriental.fr\/WordPress\/africa-le-grand-concert-sur-france-2-le-29-juillet-2021\/","og_site_name":"ENRICO MACIAS L&#039;Oriental","article_published_time":"2021-07-11T07:05:05+00:00","article_modified_time":"2021-07-11T07:05:06+00:00","og_image":[{"width":1170,"height":658,"url":"https:\/\/enricomaciasloriental.fr\/WordPress\/wp-content\/uploads\/\/2021\/07\/africalegrandconcert.jpg","type":"image\/jpeg"}],"author":"Loriental","twitter_card":"summary_large_image","twitter_misc":{"\u00c9crit par":"Loriental","Dur\u00e9e de lecture estim\u00e9e":"1 minute"},"schema":{"@context":"https:\/\/schema.org","@graph":[{"@type":"Article","@id":"https:\/\/enricomaciasloriental.fr\/WordPress\/africa-le-grand-concert-sur-france-2-le-29-juillet-2021\/#article","isPartOf":{"@id":"https:\/\/enricomaciasloriental.fr\/WordPress\/africa-le-grand-concert-sur-france-2-le-29-juillet-2021\/"},"author":{"name":"Loriental","@id":"https:\/\/enricomaciasloriental.fr\/WordPress\/#\/schema\/person\/53fba112c6f4f0b335578890a816262e"},"headline":"Africa le grand concert sur France 2 le 29 juillet 2021","datePublished":"2021-07-11T07:05:05+00:00","dateModified":"2021-07-11T07:05:06+00:00","mainEntityOfPage":{"@id":"https:\/\/enricomaciasloriental.fr\/WordPress\/africa-le-grand-concert-sur-france-2-le-29-juillet-2021\/"},"wordCount":131,"commentCount":1,"publisher":{"@id":"https:\/\/enricomaciasloriental.fr\/WordPress\/#\/schema\/person\/53fba112c6f4f0b335578890a816262e"},"image":{"@id":"https:\/\/enricomaciasloriental.fr\/WordPress\/africa-le-grand-concert-sur-france-2-le-29-juillet-2021\/#primaryimage"},"thumbnailUrl":"https:\/\/enricomaciasloriental.fr\/WordPress\/wp-content\/uploads\/\/2021\/07\/africalegrandconcert.jpg","articleSection":["Actualit\u00e9s"],"inLanguage":"fr-FR","potentialAction":[{"@type":"CommentAction","name":"Comment","target":["https:\/\/enricomaciasloriental.fr\/WordPress\/africa-le-grand-concert-sur-france-2-le-29-juillet-2021\/#respond"]}]},{"@type":"WebPage","@id":"https:\/\/enricomaciasloriental.fr\/WordPress\/africa-le-grand-concert-sur-france-2-le-29-juillet-2021\/","url":"https:\/\/enricomaciasloriental.fr\/WordPress\/africa-le-grand-concert-sur-france-2-le-29-juillet-2021\/","name":"Africa le grand concert sur France 2 le 29 juillet 2021 - ENRICO MACIAS L&#039;Oriental","isPartOf":{"@id":"https:\/\/enricomaciasloriental.fr\/WordPress\/#website"},"primaryImageOfPage":{"@id":"https:\/\/enricomaciasloriental.fr\/WordPress\/africa-le-grand-concert-sur-france-2-le-29-juillet-2021\/#primaryimage"},"image":{"@id":"https:\/\/enricomaciasloriental.fr\/WordPress\/africa-le-grand-concert-sur-france-2-le-29-juillet-2021\/#primaryimage"},"thumbnailUrl":"https:\/\/enricomaciasloriental.fr\/WordPress\/wp-content\/uploads\/\/2021\/07\/africalegrandconcert.jpg","datePublished":"2021-07-11T07:05:05+00:00","dateModified":"2021-07-11T07:05:06+00:00","breadcrumb":{"@id":"https:\/\/enricomaciasloriental.fr\/WordPress\/africa-le-grand-concert-sur-france-2-le-29-juillet-2021\/#breadcrumb"},"inLanguage":"fr-FR","potentialAction":[{"@type":"ReadAction","target":["https:\/\/enricomaciasloriental.fr\/WordPress\/africa-le-grand-concert-sur-france-2-le-29-juillet-2021\/"]}]},{"@type":"ImageObject","inLanguage":"fr-FR","@id":"https:\/\/enricomaciasloriental.fr\/WordPress\/africa-le-grand-concert-sur-france-2-le-29-juillet-2021\/#primaryimage","url":"https:\/\/enricomaciasloriental.fr\/WordPress\/wp-content\/uploads\/\/2021\/07\/africalegrandconcert.jpg","contentUrl":"https:\/\/enricomaciasloriental.fr\/WordPress\/wp-content\/uploads\/\/2021\/07\/africalegrandconcert.jpg","width":1170,"height":658},{"@type":"BreadcrumbList","@id":"https:\/\/enricomaciasloriental.fr\/WordPress\/africa-le-grand-concert-sur-france-2-le-29-juillet-2021\/#breadcrumb","itemListElement":[{"@type":"ListItem","position":1,"name":"Accueil","item":"https:\/\/enricomaciasloriental.fr\/WordPress\/"},{"@type":"ListItem","position":2,"name":"Africa le grand concert sur France 2 le 29 juillet 2021"}]},{"@type":"WebSite","@id":"https:\/\/enricomaciasloriental.fr\/WordPress\/#website","url":"https:\/\/enricomaciasloriental.fr\/WordPress\/","name":"ENRICO MACIAS L'Oriental","description":"IL EST COMME LE SOLEIL","publisher":{"@id":"https:\/\/enricomaciasloriental.fr\/WordPress\/#\/schema\/person\/53fba112c6f4f0b335578890a816262e"},"potentialAction":[{"@type":"SearchAction","target":{"@type":"EntryPoint","urlTemplate":"https:\/\/enricomaciasloriental.fr\/WordPress\/?s={search_term_string}"},"query-input":{"@type":"PropertyValueSpecification","valueRequired":true,"valueName":"search_term_string"}}],"inLanguage":"fr-FR"},{"@type":["Person","Organization"],"@id":"https:\/\/enricomaciasloriental.fr\/WordPress\/#\/schema\/person\/53fba112c6f4f0b335578890a816262e","name":"Loriental","image":{"@type":"ImageObject","inLanguage":"fr-FR","@id":"https:\/\/enricomaciasloriental.fr\/WordPress\/wp-content\/uploads\/\/2015\/02\/cropped-bannier_altaiir-enrico.jpg","url":"https:\/\/enricomaciasloriental.fr\/WordPress\/wp-content\/uploads\/\/2015\/02\/cropped-bannier_altaiir-enrico.jpg","contentUrl":"https:\/\/enricomaciasloriental.fr\/WordPress\/wp-content\/uploads\/\/2015\/02\/cropped-bannier_altaiir-enrico.jpg","width":1200,"height":150,"caption":"Loriental"},"logo":{"@id":"https:\/\/enricomaciasloriental.fr\/WordPress\/wp-content\/uploads\/\/2015\/02\/cropped-bannier_altaiir-enrico.jpg"},"sameAs":["http:\/\/www.enricomaciasloriental.fr\/"]}]}},"featured_image_src":"https:\/\/enricomaciasloriental.fr\/WordPress\/wp-content\/uploads\/\/2021\/07\/africalegrandconcert.jpg","featured_image_src_square":"https:\/\/enricomaciasloriental.fr\/WordPress\/wp-content\/uploads\/\/2021\/07\/africalegrandconcert.jpg","author_info":{"display_name":"Loriental","author_link":"https:\/\/enricomaciasloriental.fr\/WordPress\/author\/admin9234\/"},"rbea_author_info":{"display_name":"Loriental","author_link":"https:\/\/enricomaciasloriental.fr\/WordPress\/author\/admin9234\/"},"rbea_excerpt_info":"Les Nuits du Peyrou se tenaient \u00e0 Montpellier du 2 au 9 juillet 2021 \u00e0 la grande joie du public venu nombreux.Cet \u00e9venement populaire s&rsquo;est termin\u00e9 par le grand concert AFRICA Daphn\u00e9 Burk\u00ef et Claudy Siar se sont entour\u00e9s de &hellip;<p class=\"read-more\"> <a class=\"more-link\" href=\"https:\/\/enricomaciasloriental.fr\/WordPress\/africa-le-grand-concert-sur-france-2-le-29-juillet-2021\/\"> <span class=\"screen-reader-text\">Africa le grand concert sur France 2 le 29 juillet 2021<\/span> Read More &raquo;<\/a><\/p>","category_list":"<a href=\"https:\/\/enricomaciasloriental.fr\/WordPress\/category\/actualites\/\">Actualit\u00e9s<\/a>","comments_num":"1 comment","_links":{"self":[{"href":"https:\/\/enricomaciasloriental.fr\/WordPress\/wp-json\/wp\/v2\/posts\/15732","targetHints":{"allow":["GET"]}}],"collection":[{"href":"https:\/\/enricomaciasloriental.fr\/WordPress\/wp-json\/wp\/v2\/posts"}],"about":[{"href":"https:\/\/enricomaciasloriental.fr\/WordPress\/wp-json\/wp\/v2\/types\/post"}],"author":[{"embeddable":true,"href":"https:\/\/enricomaciasloriental.fr\/WordPress\/wp-json\/wp\/v2\/users\/36"}],"replies":[{"embeddable":true,"href":"https:\/\/enricomaciasloriental.fr\/WordPress\/wp-json\/wp\/v2\/comments?post=15732"}],"version-history":[{"count":0,"href":"https:\/\/enricomaciasloriental.fr\/WordPress\/wp-json\/wp\/v2\/posts\/15732\/revisions"}],"wp:featuredmedia":[{"embeddable":true,"href":"https:\/\/enricomaciasloriental.fr\/WordPress\/wp-json\/wp\/v2\/media\/15733"}],"wp:attachment":[{"href":"https:\/\/enricomaciasloriental.fr\/WordPress\/wp-json\/wp\/v2\/media?parent=15732"}],"wp:term":[{"taxonomy":"category","embeddable":true,"href":"https:\/\/enricomaciasloriental.fr\/WordPress\/wp-json\/wp\/v2\/categories?post=15732"},{"taxonomy":"post_tag","embeddable":true,"href":"https:\/\/enricomaciasloriental.fr\/WordPress\/wp-json\/wp\/v2\/tags?post=15732"}],"curies":[{"name":"wp","href":"https:\/\/api.w.org\/{rel}","templated":true}]}}