{"id":15735,"date":"2021-07-11T09:12:57","date_gmt":"2021-07-11T07:12:57","guid":{"rendered":"http:\/\/enricomaciasloriental.fr\/WordPress\/?p=15735"},"modified":"2021-07-11T09:13:23","modified_gmt":"2021-07-11T07:13:23","slug":"enrico-macias-en-concert-a-la-ciotat","status":"publish","type":"post","link":"https:\/\/enricomaciasloriental.fr\/WordPress\/enrico-macias-en-concert-a-la-ciotat\/","title":{"rendered":"Enrico Macias en concert \u00e0 La Ciotat"},"content":{"rendered":"\n<figure class=\"wp-block-image size-large\"><img fetchpriority=\"high\" decoding=\"async\" width=\"600\" height=\"754\" src=\"https:\/\/enricomaciasloriental.fr\/WordPress\/wp-content\/uploads\/\/2021\/03\/ENRICO-MACIAS-AL-ORCHESTRA_4453438876890944097-1.jpg\" alt=\"\" class=\"wp-image-15558\" srcset=\"https:\/\/enricomaciasloriental.fr\/WordPress\/wp-content\/uploads\/2021\/03\/ENRICO-MACIAS-AL-ORCHESTRA_4453438876890944097-1.jpg 600w, https:\/\/enricomaciasloriental.fr\/WordPress\/wp-content\/uploads\/2021\/03\/ENRICO-MACIAS-AL-ORCHESTRA_4453438876890944097-1-279x350.jpg 279w, https:\/\/enricomaciasloriental.fr\/WordPress\/wp-content\/uploads\/2021\/03\/ENRICO-MACIAS-AL-ORCHESTRA_4453438876890944097-1-100x126.jpg 100w, https:\/\/enricomaciasloriental.fr\/WordPress\/wp-content\/uploads\/2021\/03\/ENRICO-MACIAS-AL-ORCHESTRA_4453438876890944097-1-150x189.jpg 150w, https:\/\/enricomaciasloriental.fr\/WordPress\/wp-content\/uploads\/2021\/03\/ENRICO-MACIAS-AL-ORCHESTRA_4453438876890944097-1-200x251.jpg 200w, https:\/\/enricomaciasloriental.fr\/WordPress\/wp-content\/uploads\/2021\/03\/ENRICO-MACIAS-AL-ORCHESTRA_4453438876890944097-1-300x377.jpg 300w, https:\/\/enricomaciasloriental.fr\/WordPress\/wp-content\/uploads\/2021\/03\/ENRICO-MACIAS-AL-ORCHESTRA_4453438876890944097-1-450x566.jpg 450w\" sizes=\"(max-width: 600px) 100vw, 600px\" \/><\/figure>\n\n\n\n<p>Enrico Macias sera en concert \u00e0 la Chaudronnerie de La Ciotat<br \/>DIMANCHE 17 octobre 2021 \u00e0 17h<\/p>\n\n\n\n<p>Qui poss\u00e8de cette profondeur musicale apte \u00e0 transporter une salle enti\u00e8re, avec un sens de la f\u00eate alli\u00e9 \u00e0 une belle ardeur po\u00e9tique ? Enrico Macias.<\/p>\n\n\n\n<p>La vari\u00e9t\u00e9 du r\u00e9pertoire d\u2019Enrico Macias, m\u00e9diterran\u00e9en aux influences cosmopolites, parle \u00e0 tous, petits comme grands, en enthousiasmant les salles. Artiste majeur de la sc\u00e8ne fran\u00e7aise, \u00e0 l\u2019occasion de ses 80 ans et apr\u00e8s 60 ans de carri\u00e8re, Enrico boucle la boucle et remonte sur les planches de L\u2019Olympia avec le collectif \u00ab Al Orchestra \u00bb, pour une tourn\u00e9e qui s\u2019ach\u00e8vera en 2023. Une tourn\u00e9e mythique, impr\u00e9gn\u00e9e des saveurs orientales ch\u00e8res \u00e0 Enrico Macias. Mais pas que. Apr\u00e8s une premi\u00e8re partie dans une ambiance music-hall, Enrico Macias transforme ensuite le spectacle en cabaret chic avec un r\u00e9pertoire arabo-andalou festif qu\u2019il offre \u00e0 ses afficionados : ceux qui le connaissent depuis toujours et ceux qui le d\u00e9couvrent gr\u00e2ce \u00e0 sa rare intensit\u00e9, \u00e0 sa voix chaleureuse et \u00e0 sa po\u00e9sie infinie. Gr\u00e2ce \u00e0 sa sinc\u00e9rit\u00e9. Parce qu\u2019Enrico Macias est un homme vrai, un homme engag\u00e9 en faveur de la paix, ses chansons g\u00e9n\u00e9reuses s\u2019offrent comme un message d\u2019espoir, de tol\u00e9rance. En revisitant certains morceaux connus et d\u2019autres plus confidentiels, le sourire solaire d\u2019Enrico Macias nous enveloppe et se grave en nous du d\u00e9but \u00e0 la fin de son spectacle.<\/p>\n","protected":false},"excerpt":{"rendered":"<p>Enrico Macias sera en concert \u00e0 la Chaudronnerie de La CiotatDIMANCHE 17 octobre 2021 \u00e0 17h Qui poss\u00e8de cette profondeur musicale apte \u00e0 transporter une salle enti\u00e8re, avec un sens de la f\u00eate alli\u00e9 \u00e0 une belle ardeur po\u00e9tique ? &hellip;<\/p>\n<p class=\"read-more\"> <a class=\"more-link\" href=\"https:\/\/enricomaciasloriental.fr\/WordPress\/enrico-macias-en-concert-a-la-ciotat\/\"> <span class=\"screen-reader-text\">Enrico Macias en concert \u00e0 La Ciotat<\/span> Read More &raquo;<\/a><\/p>\n","protected":false},"author":36,"featured_media":15558,"comment_status":"open","ping_status":"open","sticky":false,"template":"","format":"standard","meta":{"footnotes":""},"categories":[1],"tags":[],"class_list":["post-15735","post","type-post","status-publish","format-standard","has-post-thumbnail","hentry","category-actualites"],"yoast_head":"<!-- This site is optimized with the Yoast SEO plugin v27.4 - https:\/\/yoast.com\/product\/yoast-seo-wordpress\/ -->\n<title>Enrico Macias en concert \u00e0 La Ciotat - ENRICO MACIAS L&#039;Oriental<\/title>\n<meta name=\"robots\" content=\"index, follow, max-snippet:-1, max-image-preview:large, max-video-preview:-1\" \/>\n<link rel=\"canonical\" href=\"https:\/\/enricomaciasloriental.fr\/WordPress\/enrico-macias-en-concert-a-la-ciotat\/\" \/>\n<meta property=\"og:locale\" content=\"fr_FR\" \/>\n<meta property=\"og:type\" content=\"article\" \/>\n<meta property=\"og:title\" content=\"Enrico Macias en concert \u00e0 La Ciotat - ENRICO MACIAS L&#039;Oriental\" \/>\n<meta property=\"og:description\" content=\"Enrico Macias sera en concert \u00e0 la Chaudronnerie de La CiotatDIMANCHE 17 octobre 2021 \u00e0 17h Qui poss\u00e8de cette profondeur musicale apte \u00e0 transporter une salle enti\u00e8re, avec un sens de la f\u00eate alli\u00e9 \u00e0 une belle ardeur po\u00e9tique ? &hellip; Enrico Macias en concert \u00e0 La Ciotat Read More &raquo;\" \/>\n<meta property=\"og:url\" content=\"https:\/\/enricomaciasloriental.fr\/WordPress\/enrico-macias-en-concert-a-la-ciotat\/\" \/>\n<meta property=\"og:site_name\" content=\"ENRICO MACIAS L&#039;Oriental\" \/>\n<meta property=\"article:published_time\" content=\"2021-07-11T07:12:57+00:00\" \/>\n<meta property=\"article:modified_time\" content=\"2021-07-11T07:13:23+00:00\" \/>\n<meta property=\"og:image\" content=\"https:\/\/enricomaciasloriental.fr\/WordPress\/wp-content\/uploads\/\/2021\/03\/ENRICO-MACIAS-AL-ORCHESTRA_4453438876890944097-1.jpg\" \/>\n\t<meta property=\"og:image:width\" content=\"600\" \/>\n\t<meta property=\"og:image:height\" content=\"754\" \/>\n\t<meta property=\"og:image:type\" content=\"image\/jpeg\" \/>\n<meta name=\"author\" content=\"Loriental\" \/>\n<meta name=\"twitter:card\" content=\"summary_large_image\" \/>\n<meta name=\"twitter:label1\" content=\"\u00c9crit par\" \/>\n\t<meta name=\"twitter:data1\" content=\"Loriental\" \/>\n\t<meta name=\"twitter:label2\" content=\"Dur\u00e9e de lecture estim\u00e9e\" \/>\n\t<meta name=\"twitter:data2\" content=\"2 minutes\" \/>\n<script type=\"application\/ld+json\" class=\"yoast-schema-graph\">{\"@context\":\"https:\\\/\\\/schema.org\",\"@graph\":[{\"@type\":\"Article\",\"@id\":\"https:\\\/\\\/enricomaciasloriental.fr\\\/WordPress\\\/enrico-macias-en-concert-a-la-ciotat\\\/#article\",\"isPartOf\":{\"@id\":\"https:\\\/\\\/enricomaciasloriental.fr\\\/WordPress\\\/enrico-macias-en-concert-a-la-ciotat\\\/\"},\"author\":{\"name\":\"Loriental\",\"@id\":\"https:\\\/\\\/enricomaciasloriental.fr\\\/WordPress\\\/#\\\/schema\\\/person\\\/53fba112c6f4f0b335578890a816262e\"},\"headline\":\"Enrico Macias en concert \u00e0 La Ciotat\",\"datePublished\":\"2021-07-11T07:12:57+00:00\",\"dateModified\":\"2021-07-11T07:13:23+00:00\",\"mainEntityOfPage\":{\"@id\":\"https:\\\/\\\/enricomaciasloriental.fr\\\/WordPress\\\/enrico-macias-en-concert-a-la-ciotat\\\/\"},\"wordCount\":254,\"commentCount\":3,\"publisher\":{\"@id\":\"https:\\\/\\\/enricomaciasloriental.fr\\\/WordPress\\\/#\\\/schema\\\/person\\\/53fba112c6f4f0b335578890a816262e\"},\"image\":{\"@id\":\"https:\\\/\\\/enricomaciasloriental.fr\\\/WordPress\\\/enrico-macias-en-concert-a-la-ciotat\\\/#primaryimage\"},\"thumbnailUrl\":\"https:\\\/\\\/enricomaciasloriental.fr\\\/WordPress\\\/wp-content\\\/uploads\\\/\\\/2021\\\/03\\\/ENRICO-MACIAS-AL-ORCHESTRA_4453438876890944097-1.jpg\",\"articleSection\":[\"Actualit\u00e9s\"],\"inLanguage\":\"fr-FR\",\"potentialAction\":[{\"@type\":\"CommentAction\",\"name\":\"Comment\",\"target\":[\"https:\\\/\\\/enricomaciasloriental.fr\\\/WordPress\\\/enrico-macias-en-concert-a-la-ciotat\\\/#respond\"]}]},{\"@type\":\"WebPage\",\"@id\":\"https:\\\/\\\/enricomaciasloriental.fr\\\/WordPress\\\/enrico-macias-en-concert-a-la-ciotat\\\/\",\"url\":\"https:\\\/\\\/enricomaciasloriental.fr\\\/WordPress\\\/enrico-macias-en-concert-a-la-ciotat\\\/\",\"name\":\"Enrico Macias en concert \u00e0 La Ciotat - ENRICO MACIAS L&#039;Oriental\",\"isPartOf\":{\"@id\":\"https:\\\/\\\/enricomaciasloriental.fr\\\/WordPress\\\/#website\"},\"primaryImageOfPage\":{\"@id\":\"https:\\\/\\\/enricomaciasloriental.fr\\\/WordPress\\\/enrico-macias-en-concert-a-la-ciotat\\\/#primaryimage\"},\"image\":{\"@id\":\"https:\\\/\\\/enricomaciasloriental.fr\\\/WordPress\\\/enrico-macias-en-concert-a-la-ciotat\\\/#primaryimage\"},\"thumbnailUrl\":\"https:\\\/\\\/enricomaciasloriental.fr\\\/WordPress\\\/wp-content\\\/uploads\\\/\\\/2021\\\/03\\\/ENRICO-MACIAS-AL-ORCHESTRA_4453438876890944097-1.jpg\",\"datePublished\":\"2021-07-11T07:12:57+00:00\",\"dateModified\":\"2021-07-11T07:13:23+00:00\",\"breadcrumb\":{\"@id\":\"https:\\\/\\\/enricomaciasloriental.fr\\\/WordPress\\\/enrico-macias-en-concert-a-la-ciotat\\\/#breadcrumb\"},\"inLanguage\":\"fr-FR\",\"potentialAction\":[{\"@type\":\"ReadAction\",\"target\":[\"https:\\\/\\\/enricomaciasloriental.fr\\\/WordPress\\\/enrico-macias-en-concert-a-la-ciotat\\\/\"]}]},{\"@type\":\"ImageObject\",\"inLanguage\":\"fr-FR\",\"@id\":\"https:\\\/\\\/enricomaciasloriental.fr\\\/WordPress\\\/enrico-macias-en-concert-a-la-ciotat\\\/#primaryimage\",\"url\":\"https:\\\/\\\/enricomaciasloriental.fr\\\/WordPress\\\/wp-content\\\/uploads\\\/\\\/2021\\\/03\\\/ENRICO-MACIAS-AL-ORCHESTRA_4453438876890944097-1.jpg\",\"contentUrl\":\"https:\\\/\\\/enricomaciasloriental.fr\\\/WordPress\\\/wp-content\\\/uploads\\\/\\\/2021\\\/03\\\/ENRICO-MACIAS-AL-ORCHESTRA_4453438876890944097-1.jpg\",\"width\":600,\"height\":754},{\"@type\":\"BreadcrumbList\",\"@id\":\"https:\\\/\\\/enricomaciasloriental.fr\\\/WordPress\\\/enrico-macias-en-concert-a-la-ciotat\\\/#breadcrumb\",\"itemListElement\":[{\"@type\":\"ListItem\",\"position\":1,\"name\":\"Accueil\",\"item\":\"https:\\\/\\\/enricomaciasloriental.fr\\\/WordPress\\\/\"},{\"@type\":\"ListItem\",\"position\":2,\"name\":\"Enrico Macias en concert \u00e0 La Ciotat\"}]},{\"@type\":\"WebSite\",\"@id\":\"https:\\\/\\\/enricomaciasloriental.fr\\\/WordPress\\\/#website\",\"url\":\"https:\\\/\\\/enricomaciasloriental.fr\\\/WordPress\\\/\",\"name\":\"ENRICO MACIAS L'Oriental\",\"description\":\"IL EST COMME LE SOLEIL\",\"publisher\":{\"@id\":\"https:\\\/\\\/enricomaciasloriental.fr\\\/WordPress\\\/#\\\/schema\\\/person\\\/53fba112c6f4f0b335578890a816262e\"},\"potentialAction\":[{\"@type\":\"SearchAction\",\"target\":{\"@type\":\"EntryPoint\",\"urlTemplate\":\"https:\\\/\\\/enricomaciasloriental.fr\\\/WordPress\\\/?s={search_term_string}\"},\"query-input\":{\"@type\":\"PropertyValueSpecification\",\"valueRequired\":true,\"valueName\":\"search_term_string\"}}],\"inLanguage\":\"fr-FR\"},{\"@type\":[\"Person\",\"Organization\"],\"@id\":\"https:\\\/\\\/enricomaciasloriental.fr\\\/WordPress\\\/#\\\/schema\\\/person\\\/53fba112c6f4f0b335578890a816262e\",\"name\":\"Loriental\",\"image\":{\"@type\":\"ImageObject\",\"inLanguage\":\"fr-FR\",\"@id\":\"https:\\\/\\\/enricomaciasloriental.fr\\\/WordPress\\\/wp-content\\\/uploads\\\/\\\/2015\\\/02\\\/cropped-bannier_altaiir-enrico.jpg\",\"url\":\"https:\\\/\\\/enricomaciasloriental.fr\\\/WordPress\\\/wp-content\\\/uploads\\\/\\\/2015\\\/02\\\/cropped-bannier_altaiir-enrico.jpg\",\"contentUrl\":\"https:\\\/\\\/enricomaciasloriental.fr\\\/WordPress\\\/wp-content\\\/uploads\\\/\\\/2015\\\/02\\\/cropped-bannier_altaiir-enrico.jpg\",\"width\":1200,\"height\":150,\"caption\":\"Loriental\"},\"logo\":{\"@id\":\"https:\\\/\\\/enricomaciasloriental.fr\\\/WordPress\\\/wp-content\\\/uploads\\\/\\\/2015\\\/02\\\/cropped-bannier_altaiir-enrico.jpg\"},\"sameAs\":[\"http:\\\/\\\/www.enricomaciasloriental.fr\\\/\"]}]}<\/script>\n<!-- \/ Yoast SEO plugin. -->","yoast_head_json":{"title":"Enrico Macias en concert \u00e0 La Ciotat - ENRICO MACIAS L&#039;Oriental","robots":{"index":"index","follow":"follow","max-snippet":"max-snippet:-1","max-image-preview":"max-image-preview:large","max-video-preview":"max-video-preview:-1"},"canonical":"https:\/\/enricomaciasloriental.fr\/WordPress\/enrico-macias-en-concert-a-la-ciotat\/","og_locale":"fr_FR","og_type":"article","og_title":"Enrico Macias en concert \u00e0 La Ciotat - ENRICO MACIAS L&#039;Oriental","og_description":"Enrico Macias sera en concert \u00e0 la Chaudronnerie de La CiotatDIMANCHE 17 octobre 2021 \u00e0 17h Qui poss\u00e8de cette profondeur musicale apte \u00e0 transporter une salle enti\u00e8re, avec un sens de la f\u00eate alli\u00e9 \u00e0 une belle ardeur po\u00e9tique ? &hellip; Enrico Macias en concert \u00e0 La Ciotat Read More &raquo;","og_url":"https:\/\/enricomaciasloriental.fr\/WordPress\/enrico-macias-en-concert-a-la-ciotat\/","og_site_name":"ENRICO MACIAS L&#039;Oriental","article_published_time":"2021-07-11T07:12:57+00:00","article_modified_time":"2021-07-11T07:13:23+00:00","og_image":[{"width":600,"height":754,"url":"https:\/\/enricomaciasloriental.fr\/WordPress\/wp-content\/uploads\/\/2021\/03\/ENRICO-MACIAS-AL-ORCHESTRA_4453438876890944097-1.jpg","type":"image\/jpeg"}],"author":"Loriental","twitter_card":"summary_large_image","twitter_misc":{"\u00c9crit par":"Loriental","Dur\u00e9e de lecture estim\u00e9e":"2 minutes"},"schema":{"@context":"https:\/\/schema.org","@graph":[{"@type":"Article","@id":"https:\/\/enricomaciasloriental.fr\/WordPress\/enrico-macias-en-concert-a-la-ciotat\/#article","isPartOf":{"@id":"https:\/\/enricomaciasloriental.fr\/WordPress\/enrico-macias-en-concert-a-la-ciotat\/"},"author":{"name":"Loriental","@id":"https:\/\/enricomaciasloriental.fr\/WordPress\/#\/schema\/person\/53fba112c6f4f0b335578890a816262e"},"headline":"Enrico Macias en concert \u00e0 La Ciotat","datePublished":"2021-07-11T07:12:57+00:00","dateModified":"2021-07-11T07:13:23+00:00","mainEntityOfPage":{"@id":"https:\/\/enricomaciasloriental.fr\/WordPress\/enrico-macias-en-concert-a-la-ciotat\/"},"wordCount":254,"commentCount":3,"publisher":{"@id":"https:\/\/enricomaciasloriental.fr\/WordPress\/#\/schema\/person\/53fba112c6f4f0b335578890a816262e"},"image":{"@id":"https:\/\/enricomaciasloriental.fr\/WordPress\/enrico-macias-en-concert-a-la-ciotat\/#primaryimage"},"thumbnailUrl":"https:\/\/enricomaciasloriental.fr\/WordPress\/wp-content\/uploads\/\/2021\/03\/ENRICO-MACIAS-AL-ORCHESTRA_4453438876890944097-1.jpg","articleSection":["Actualit\u00e9s"],"inLanguage":"fr-FR","potentialAction":[{"@type":"CommentAction","name":"Comment","target":["https:\/\/enricomaciasloriental.fr\/WordPress\/enrico-macias-en-concert-a-la-ciotat\/#respond"]}]},{"@type":"WebPage","@id":"https:\/\/enricomaciasloriental.fr\/WordPress\/enrico-macias-en-concert-a-la-ciotat\/","url":"https:\/\/enricomaciasloriental.fr\/WordPress\/enrico-macias-en-concert-a-la-ciotat\/","name":"Enrico Macias en concert \u00e0 La Ciotat - ENRICO MACIAS L&#039;Oriental","isPartOf":{"@id":"https:\/\/enricomaciasloriental.fr\/WordPress\/#website"},"primaryImageOfPage":{"@id":"https:\/\/enricomaciasloriental.fr\/WordPress\/enrico-macias-en-concert-a-la-ciotat\/#primaryimage"},"image":{"@id":"https:\/\/enricomaciasloriental.fr\/WordPress\/enrico-macias-en-concert-a-la-ciotat\/#primaryimage"},"thumbnailUrl":"https:\/\/enricomaciasloriental.fr\/WordPress\/wp-content\/uploads\/\/2021\/03\/ENRICO-MACIAS-AL-ORCHESTRA_4453438876890944097-1.jpg","datePublished":"2021-07-11T07:12:57+00:00","dateModified":"2021-07-11T07:13:23+00:00","breadcrumb":{"@id":"https:\/\/enricomaciasloriental.fr\/WordPress\/enrico-macias-en-concert-a-la-ciotat\/#breadcrumb"},"inLanguage":"fr-FR","potentialAction":[{"@type":"ReadAction","target":["https:\/\/enricomaciasloriental.fr\/WordPress\/enrico-macias-en-concert-a-la-ciotat\/"]}]},{"@type":"ImageObject","inLanguage":"fr-FR","@id":"https:\/\/enricomaciasloriental.fr\/WordPress\/enrico-macias-en-concert-a-la-ciotat\/#primaryimage","url":"https:\/\/enricomaciasloriental.fr\/WordPress\/wp-content\/uploads\/\/2021\/03\/ENRICO-MACIAS-AL-ORCHESTRA_4453438876890944097-1.jpg","contentUrl":"https:\/\/enricomaciasloriental.fr\/WordPress\/wp-content\/uploads\/\/2021\/03\/ENRICO-MACIAS-AL-ORCHESTRA_4453438876890944097-1.jpg","width":600,"height":754},{"@type":"BreadcrumbList","@id":"https:\/\/enricomaciasloriental.fr\/WordPress\/enrico-macias-en-concert-a-la-ciotat\/#breadcrumb","itemListElement":[{"@type":"ListItem","position":1,"name":"Accueil","item":"https:\/\/enricomaciasloriental.fr\/WordPress\/"},{"@type":"ListItem","position":2,"name":"Enrico Macias en concert \u00e0 La Ciotat"}]},{"@type":"WebSite","@id":"https:\/\/enricomaciasloriental.fr\/WordPress\/#website","url":"https:\/\/enricomaciasloriental.fr\/WordPress\/","name":"ENRICO MACIAS L'Oriental","description":"IL EST COMME LE SOLEIL","publisher":{"@id":"https:\/\/enricomaciasloriental.fr\/WordPress\/#\/schema\/person\/53fba112c6f4f0b335578890a816262e"},"potentialAction":[{"@type":"SearchAction","target":{"@type":"EntryPoint","urlTemplate":"https:\/\/enricomaciasloriental.fr\/WordPress\/?s={search_term_string}"},"query-input":{"@type":"PropertyValueSpecification","valueRequired":true,"valueName":"search_term_string"}}],"inLanguage":"fr-FR"},{"@type":["Person","Organization"],"@id":"https:\/\/enricomaciasloriental.fr\/WordPress\/#\/schema\/person\/53fba112c6f4f0b335578890a816262e","name":"Loriental","image":{"@type":"ImageObject","inLanguage":"fr-FR","@id":"https:\/\/enricomaciasloriental.fr\/WordPress\/wp-content\/uploads\/\/2015\/02\/cropped-bannier_altaiir-enrico.jpg","url":"https:\/\/enricomaciasloriental.fr\/WordPress\/wp-content\/uploads\/\/2015\/02\/cropped-bannier_altaiir-enrico.jpg","contentUrl":"https:\/\/enricomaciasloriental.fr\/WordPress\/wp-content\/uploads\/\/2015\/02\/cropped-bannier_altaiir-enrico.jpg","width":1200,"height":150,"caption":"Loriental"},"logo":{"@id":"https:\/\/enricomaciasloriental.fr\/WordPress\/wp-content\/uploads\/\/2015\/02\/cropped-bannier_altaiir-enrico.jpg"},"sameAs":["http:\/\/www.enricomaciasloriental.fr\/"]}]}},"featured_image_src":"https:\/\/enricomaciasloriental.fr\/WordPress\/wp-content\/uploads\/\/2021\/03\/ENRICO-MACIAS-AL-ORCHESTRA_4453438876890944097-1.jpg","featured_image_src_square":"https:\/\/enricomaciasloriental.fr\/WordPress\/wp-content\/uploads\/\/2021\/03\/ENRICO-MACIAS-AL-ORCHESTRA_4453438876890944097-1.jpg","author_info":{"display_name":"Loriental","author_link":"https:\/\/enricomaciasloriental.fr\/WordPress\/author\/admin9234\/"},"rbea_author_info":{"display_name":"Loriental","author_link":"https:\/\/enricomaciasloriental.fr\/WordPress\/author\/admin9234\/"},"rbea_excerpt_info":"Enrico Macias sera en concert \u00e0 la Chaudronnerie de La CiotatDIMANCHE 17 octobre 2021 \u00e0 17h Qui poss\u00e8de cette profondeur musicale apte \u00e0 transporter une salle enti\u00e8re, avec un sens de la f\u00eate alli\u00e9 \u00e0 une belle ardeur po\u00e9tique ? &hellip;<p class=\"read-more\"> <a class=\"more-link\" href=\"https:\/\/enricomaciasloriental.fr\/WordPress\/enrico-macias-en-concert-a-la-ciotat\/\"> <span class=\"screen-reader-text\">Enrico Macias en concert \u00e0 La Ciotat<\/span> Read More &raquo;<\/a><\/p>","category_list":"<a href=\"https:\/\/enricomaciasloriental.fr\/WordPress\/category\/actualites\/\">Actualit\u00e9s<\/a>","comments_num":"3 comments","_links":{"self":[{"href":"https:\/\/enricomaciasloriental.fr\/WordPress\/wp-json\/wp\/v2\/posts\/15735","targetHints":{"allow":["GET"]}}],"collection":[{"href":"https:\/\/enricomaciasloriental.fr\/WordPress\/wp-json\/wp\/v2\/posts"}],"about":[{"href":"https:\/\/enricomaciasloriental.fr\/WordPress\/wp-json\/wp\/v2\/types\/post"}],"author":[{"embeddable":true,"href":"https:\/\/enricomaciasloriental.fr\/WordPress\/wp-json\/wp\/v2\/users\/36"}],"replies":[{"embeddable":true,"href":"https:\/\/enricomaciasloriental.fr\/WordPress\/wp-json\/wp\/v2\/comments?post=15735"}],"version-history":[{"count":0,"href":"https:\/\/enricomaciasloriental.fr\/WordPress\/wp-json\/wp\/v2\/posts\/15735\/revisions"}],"wp:featuredmedia":[{"embeddable":true,"href":"https:\/\/enricomaciasloriental.fr\/WordPress\/wp-json\/wp\/v2\/media\/15558"}],"wp:attachment":[{"href":"https:\/\/enricomaciasloriental.fr\/WordPress\/wp-json\/wp\/v2\/media?parent=15735"}],"wp:term":[{"taxonomy":"category","embeddable":true,"href":"https:\/\/enricomaciasloriental.fr\/WordPress\/wp-json\/wp\/v2\/categories?post=15735"},{"taxonomy":"post_tag","embeddable":true,"href":"https:\/\/enricomaciasloriental.fr\/WordPress\/wp-json\/wp\/v2\/tags?post=15735"}],"curies":[{"name":"wp","href":"https:\/\/api.w.org\/{rel}","templated":true}]}}