{"id":15757,"date":"2021-07-26T18:38:18","date_gmt":"2021-07-26T16:38:18","guid":{"rendered":"http:\/\/enricomaciasloriental.fr\/WordPress\/?p=15757"},"modified":"2021-07-26T18:40:34","modified_gmt":"2021-07-26T16:40:34","slug":"le-mendiant-de-lamour-aux-accents-bretons","status":"publish","type":"post","link":"https:\/\/enricomaciasloriental.fr\/WordPress\/le-mendiant-de-lamour-aux-accents-bretons\/","title":{"rendered":"Le mendiant de l&rsquo;amour aux accents bretons"},"content":{"rendered":"\n<figure class=\"wp-block-image size-full is-resized\"><img decoding=\"async\" src=\"https:\/\/enricomaciasloriental.fr\/WordPress\/wp-content\/uploads\/\/2021\/07\/DSC_2591-1.jpg\" alt=\"\" class=\"wp-image-15765\" width=\"700\" srcset=\"https:\/\/enricomaciasloriental.fr\/WordPress\/wp-content\/uploads\/2021\/07\/DSC_2591-1.jpg 600w, https:\/\/enricomaciasloriental.fr\/WordPress\/wp-content\/uploads\/2021\/07\/DSC_2591-1-350x234.jpg 350w, https:\/\/enricomaciasloriental.fr\/WordPress\/wp-content\/uploads\/2021\/07\/DSC_2591-1-100x67.jpg 100w, https:\/\/enricomaciasloriental.fr\/WordPress\/wp-content\/uploads\/2021\/07\/DSC_2591-1-150x100.jpg 150w, https:\/\/enricomaciasloriental.fr\/WordPress\/wp-content\/uploads\/2021\/07\/DSC_2591-1-200x134.jpg 200w, https:\/\/enricomaciasloriental.fr\/WordPress\/wp-content\/uploads\/2021\/07\/DSC_2591-1-300x201.jpg 300w, https:\/\/enricomaciasloriental.fr\/WordPress\/wp-content\/uploads\/2021\/07\/DSC_2591-1-450x301.jpg 450w\" sizes=\"(max-width: 600px) 100vw, 600px\" \/><\/figure>\n\n\n\n<p>COVID oblige, le dernier concert public d\u2019Enrico Macias sur une sc\u00e8ne fran\u00e7aise remontait au 8 f\u00e9vrier 2020 \u00e0 St Victoret. &nbsp;Autant dire, qu\u2019apr\u00e8s 17 mois et quelques jours d\u2019abstinence, tous les fans de l\u2019artiste attendaient avec une impatience difficilement contenue ce retour \u00e0 la f\u00eate si ch\u00e8re \u00e0 leur c\u0153ur.<\/p>\n\n\n\n<div class=\"wp-block-media-text alignwide is-stacked-on-mobile\"><figure class=\"wp-block-media-text__media\"><img fetchpriority=\"high\" decoding=\"async\" width=\"401\" height=\"600\" src=\"https:\/\/enricomaciasloriental.fr\/WordPress\/wp-content\/uploads\/\/2021\/07\/DSC_2603-1.jpg\" alt=\"\" class=\"wp-image-15764 size-full\" srcset=\"https:\/\/enricomaciasloriental.fr\/WordPress\/wp-content\/uploads\/2021\/07\/DSC_2603-1.jpg 401w, https:\/\/enricomaciasloriental.fr\/WordPress\/wp-content\/uploads\/2021\/07\/DSC_2603-1-234x350.jpg 234w, https:\/\/enricomaciasloriental.fr\/WordPress\/wp-content\/uploads\/2021\/07\/DSC_2603-1-100x150.jpg 100w, https:\/\/enricomaciasloriental.fr\/WordPress\/wp-content\/uploads\/2021\/07\/DSC_2603-1-150x224.jpg 150w, https:\/\/enricomaciasloriental.fr\/WordPress\/wp-content\/uploads\/2021\/07\/DSC_2603-1-200x299.jpg 200w, https:\/\/enricomaciasloriental.fr\/WordPress\/wp-content\/uploads\/2021\/07\/DSC_2603-1-300x449.jpg 300w\" sizes=\"(max-width: 401px) 100vw, 401px\" \/><\/figure><div class=\"wp-block-media-text__content\">\n<p><\/p>\n\n\n\n<p>C\u2019est Quimper et son festival de Cornouailles qui nous a offert ces grandes retrouvailles.<\/p>\n\n\n\n<p>Dans le cadre de cette grande f\u00eate bretonne, Enrico Macias et Al Orchestra avaient invit\u00e9 le Bagad Penhars \u00e0 les accompagner ce 24 juillet.<\/p>\n\n\n\n<p>La m\u00e9teo \u00e9tait particuli\u00e8rement maussade et humide en ce samedi de fin juillet, mais, comme par miracle, la pluie s\u2019est arr\u00eat\u00e9e une heure avant le concert et a laiss\u00e9 le soleil de la M\u00e9diterran\u00e9e r\u00e9chauffer nos c\u0153urs sans venir perturber la f\u00eate.<\/p>\n<\/div><\/div>\n\n\n\n<p>En premi\u00e8re partie, nous avons pu appr\u00e9cier un magnifique bagad (orchestre de musique bretonne)<br \/>Le Bagad Penhars. Compos\u00e9 de quatre pupitres&nbsp;: bombardes, cornemuses \u00e9cossaises, caisses claires \u00e9cossaises et percussions, ce groupe Transg\u00e9n\u00e9rationnel est compos\u00e9 d\u2019excellents musiciens, qui nous ont enchant\u00e9 par leur maitrise et leur virtuosit\u00e9. D\u00e8s les premi\u00e8res notes de cette musique typiquement bretonne, nos pieds tapaient la mesure.<br \/>Mais ce concert \u00e9tait l\u2019occasion d\u2019une rencontre entre deux musiques, la musique arabo andalouse et la musique bretonne. Et c\u2019est une surprise de taille que nous avait pr\u00e9par\u00e9 ce bagad&nbsp;: \u00ab&nbsp;Le mendiant de l\u2019amour&nbsp;\u00bb jou\u00e9 par cet ensemble d\u2019\u00e9lite a \u00e9t\u00e9 un v\u00e9ritable bonheur. Nous ne savions pas qu\u2019un autre encore plus grand moment \u00e9tait \u00e0 venir.<\/p>\n\n\n\n<p>Apr\u00e8s un court entracte, Al Orchestra a fait son entr\u00e9e sur sc\u00e8ne invitant Enrico \u00e0 les suivre avec les premi\u00e8res notes de la Meditarran\u00e9e. Et c\u2019est une ovation qui a accueilli le chanteur.<br \/>Enrico lui aussi \u00e9tait aux anges et a dit sa joie d\u2019\u00eatre la, pour un concert \u00ab&nbsp;comme avant&nbsp;\u00bb en relation directe avec son public, et sur cette terre bretonne qui l\u2019a toujours bien acceuilli.<br \/><br \/>Malgr\u00e9 la grisaille du ciel, Enrico a su mettre l\u2019ambiance et le public tr\u00e8s chaleureux lui a r\u00e9pondu en chantant avec lui et en frappant dans les mains sur tous ses plus grands succ\u00e8s.<br \/>De la Mediterran\u00e9e, en passant par \u00ab&nbsp;O guitare, guitare&nbsp;\u00bb, \u00ab&nbsp;Quand les femmes dansent&nbsp;\u00bb, la vie populaire&nbsp;\u00bb ou \u00ab&nbsp; Ya rayah&nbsp;\u00bb, Enrico nous a donn\u00e9 toute la mesure de son amour et de son talent pour animer la f\u00eate orientale.<br \/>Mais le point d\u2019orgue a \u00e9t\u00e9 sans aucun doute le moment o\u00f9 Enrico a invit\u00e9 le Bagad Penhars \u00e0 revenir sur la sc\u00e8ne avec lui. Et tous ensemble, l\u2019artiste, Al Orchestra et le bagad ont interpr\u00e9t\u00e9 \u00ab&nbsp;Le mendiant de l\u2019amour&nbsp;\u00bb. Un moment d\u2019exception. C\u2019\u00e9tait vraiment grandiose que cette communion des sonorit\u00e9s arabo andalouses et bretonnes<\/p>\n\n\n\n<figure class=\"wp-block-image size-full is-resized\"><img decoding=\"async\" src=\"https:\/\/enricomaciasloriental.fr\/WordPress\/wp-content\/uploads\/\/2021\/07\/DSC_2783-1.jpg\" alt=\"\" class=\"wp-image-15763\" width=\"700\" height=\"401\"\/><\/figure>\n\n\n\n<p><br \/><br \/>Merci \u00e0 tous ces artistes pour toutes ces \u00e9motions retrouv\u00e9es<br \/>Merci \u00e0 Bagad Penhars<br \/>Merci Al Orchestra<br \/>Et bien sur mille mercis \u00e0 Enrico Macias<\/p>\n\n\n\n<p>Liste des chansons La M\u00e9diterran\u00e9e<br \/>Aux talons de ses souliers<br \/>Adieu mon pays<br \/>Le voyage<br \/>Oh guitare, guitare<br \/>Les gens du nord<br \/>Oranges am\u00e8res<br \/>Paris, tu m\u2019as pris dans tes bras<br \/>Quand les femmes dansent<br \/>La vie populaire<br \/>Les filles de mon pays<br \/>Le violon de mon p\u00e8re<br \/>Ya Rayah<br \/>L\u2019oriental<br \/>Porompompero<br \/>Solenzara<br \/>Le mendiant de l\u2019amour avec le Bagad Penhars<br \/><\/p>\n","protected":false},"excerpt":{"rendered":"<p>COVID oblige, le dernier concert public d\u2019Enrico Macias sur une sc\u00e8ne fran\u00e7aise remontait au 8 f\u00e9vrier 2020 \u00e0 St Victoret. &nbsp;Autant dire, qu\u2019apr\u00e8s 17 mois et quelques jours d\u2019abstinence, tous les fans de l\u2019artiste attendaient avec une impatience difficilement contenue &hellip;<\/p>\n<p class=\"read-more\"> <a class=\"more-link\" href=\"https:\/\/enricomaciasloriental.fr\/WordPress\/le-mendiant-de-lamour-aux-accents-bretons\/\"> <span class=\"screen-reader-text\">Le mendiant de l&rsquo;amour aux accents bretons<\/span> Read More &raquo;<\/a><\/p>\n","protected":false},"author":36,"featured_media":15765,"comment_status":"open","ping_status":"open","sticky":false,"template":"","format":"standard","meta":{"footnotes":""},"categories":[1],"tags":[],"class_list":["post-15757","post","type-post","status-publish","format-standard","has-post-thumbnail","hentry","category-actualites"],"yoast_head":"<!-- This site is optimized with the Yoast SEO plugin v27.4 - https:\/\/yoast.com\/product\/yoast-seo-wordpress\/ -->\n<title>Le mendiant de l&#039;amour aux accents bretons - ENRICO MACIAS L&#039;Oriental<\/title>\n<meta name=\"robots\" content=\"index, follow, max-snippet:-1, max-image-preview:large, max-video-preview:-1\" \/>\n<link rel=\"canonical\" href=\"https:\/\/enricomaciasloriental.fr\/WordPress\/le-mendiant-de-lamour-aux-accents-bretons\/\" \/>\n<meta property=\"og:locale\" content=\"fr_FR\" \/>\n<meta property=\"og:type\" content=\"article\" \/>\n<meta property=\"og:title\" content=\"Le mendiant de l&#039;amour aux accents bretons - ENRICO MACIAS L&#039;Oriental\" \/>\n<meta property=\"og:description\" content=\"COVID oblige, le dernier concert public d\u2019Enrico Macias sur une sc\u00e8ne fran\u00e7aise remontait au 8 f\u00e9vrier 2020 \u00e0 St Victoret. &nbsp;Autant dire, qu\u2019apr\u00e8s 17 mois et quelques jours d\u2019abstinence, tous les fans de l\u2019artiste attendaient avec une impatience difficilement contenue &hellip; Le mendiant de l&rsquo;amour aux accents bretons Read More &raquo;\" \/>\n<meta property=\"og:url\" content=\"https:\/\/enricomaciasloriental.fr\/WordPress\/le-mendiant-de-lamour-aux-accents-bretons\/\" \/>\n<meta property=\"og:site_name\" content=\"ENRICO MACIAS L&#039;Oriental\" \/>\n<meta property=\"article:published_time\" content=\"2021-07-26T16:38:18+00:00\" \/>\n<meta property=\"article:modified_time\" content=\"2021-07-26T16:40:34+00:00\" \/>\n<meta property=\"og:image\" content=\"https:\/\/enricomaciasloriental.fr\/WordPress\/wp-content\/uploads\/\/2021\/07\/DSC_2591-1.jpg\" \/>\n\t<meta property=\"og:image:width\" content=\"600\" \/>\n\t<meta property=\"og:image:height\" content=\"401\" \/>\n\t<meta property=\"og:image:type\" content=\"image\/jpeg\" \/>\n<meta name=\"author\" content=\"Loriental\" \/>\n<meta name=\"twitter:card\" content=\"summary_large_image\" \/>\n<meta name=\"twitter:label1\" content=\"\u00c9crit par\" \/>\n\t<meta name=\"twitter:data1\" content=\"Loriental\" \/>\n\t<meta name=\"twitter:label2\" content=\"Dur\u00e9e de lecture estim\u00e9e\" \/>\n\t<meta name=\"twitter:data2\" content=\"3 minutes\" \/>\n<script type=\"application\/ld+json\" class=\"yoast-schema-graph\">{\"@context\":\"https:\\\/\\\/schema.org\",\"@graph\":[{\"@type\":\"Article\",\"@id\":\"https:\\\/\\\/enricomaciasloriental.fr\\\/WordPress\\\/le-mendiant-de-lamour-aux-accents-bretons\\\/#article\",\"isPartOf\":{\"@id\":\"https:\\\/\\\/enricomaciasloriental.fr\\\/WordPress\\\/le-mendiant-de-lamour-aux-accents-bretons\\\/\"},\"author\":{\"name\":\"Loriental\",\"@id\":\"https:\\\/\\\/enricomaciasloriental.fr\\\/WordPress\\\/#\\\/schema\\\/person\\\/53fba112c6f4f0b335578890a816262e\"},\"headline\":\"Le mendiant de l&rsquo;amour aux accents bretons\",\"datePublished\":\"2021-07-26T16:38:18+00:00\",\"dateModified\":\"2021-07-26T16:40:34+00:00\",\"mainEntityOfPage\":{\"@id\":\"https:\\\/\\\/enricomaciasloriental.fr\\\/WordPress\\\/le-mendiant-de-lamour-aux-accents-bretons\\\/\"},\"wordCount\":586,\"commentCount\":0,\"publisher\":{\"@id\":\"https:\\\/\\\/enricomaciasloriental.fr\\\/WordPress\\\/#\\\/schema\\\/person\\\/53fba112c6f4f0b335578890a816262e\"},\"image\":{\"@id\":\"https:\\\/\\\/enricomaciasloriental.fr\\\/WordPress\\\/le-mendiant-de-lamour-aux-accents-bretons\\\/#primaryimage\"},\"thumbnailUrl\":\"https:\\\/\\\/enricomaciasloriental.fr\\\/WordPress\\\/wp-content\\\/uploads\\\/\\\/2021\\\/07\\\/DSC_2591-1.jpg\",\"articleSection\":[\"Actualit\u00e9s\"],\"inLanguage\":\"fr-FR\",\"potentialAction\":[{\"@type\":\"CommentAction\",\"name\":\"Comment\",\"target\":[\"https:\\\/\\\/enricomaciasloriental.fr\\\/WordPress\\\/le-mendiant-de-lamour-aux-accents-bretons\\\/#respond\"]}]},{\"@type\":\"WebPage\",\"@id\":\"https:\\\/\\\/enricomaciasloriental.fr\\\/WordPress\\\/le-mendiant-de-lamour-aux-accents-bretons\\\/\",\"url\":\"https:\\\/\\\/enricomaciasloriental.fr\\\/WordPress\\\/le-mendiant-de-lamour-aux-accents-bretons\\\/\",\"name\":\"Le mendiant de l'amour aux accents bretons - ENRICO MACIAS L&#039;Oriental\",\"isPartOf\":{\"@id\":\"https:\\\/\\\/enricomaciasloriental.fr\\\/WordPress\\\/#website\"},\"primaryImageOfPage\":{\"@id\":\"https:\\\/\\\/enricomaciasloriental.fr\\\/WordPress\\\/le-mendiant-de-lamour-aux-accents-bretons\\\/#primaryimage\"},\"image\":{\"@id\":\"https:\\\/\\\/enricomaciasloriental.fr\\\/WordPress\\\/le-mendiant-de-lamour-aux-accents-bretons\\\/#primaryimage\"},\"thumbnailUrl\":\"https:\\\/\\\/enricomaciasloriental.fr\\\/WordPress\\\/wp-content\\\/uploads\\\/\\\/2021\\\/07\\\/DSC_2591-1.jpg\",\"datePublished\":\"2021-07-26T16:38:18+00:00\",\"dateModified\":\"2021-07-26T16:40:34+00:00\",\"breadcrumb\":{\"@id\":\"https:\\\/\\\/enricomaciasloriental.fr\\\/WordPress\\\/le-mendiant-de-lamour-aux-accents-bretons\\\/#breadcrumb\"},\"inLanguage\":\"fr-FR\",\"potentialAction\":[{\"@type\":\"ReadAction\",\"target\":[\"https:\\\/\\\/enricomaciasloriental.fr\\\/WordPress\\\/le-mendiant-de-lamour-aux-accents-bretons\\\/\"]}]},{\"@type\":\"ImageObject\",\"inLanguage\":\"fr-FR\",\"@id\":\"https:\\\/\\\/enricomaciasloriental.fr\\\/WordPress\\\/le-mendiant-de-lamour-aux-accents-bretons\\\/#primaryimage\",\"url\":\"https:\\\/\\\/enricomaciasloriental.fr\\\/WordPress\\\/wp-content\\\/uploads\\\/\\\/2021\\\/07\\\/DSC_2591-1.jpg\",\"contentUrl\":\"https:\\\/\\\/enricomaciasloriental.fr\\\/WordPress\\\/wp-content\\\/uploads\\\/\\\/2021\\\/07\\\/DSC_2591-1.jpg\",\"width\":600,\"height\":401},{\"@type\":\"BreadcrumbList\",\"@id\":\"https:\\\/\\\/enricomaciasloriental.fr\\\/WordPress\\\/le-mendiant-de-lamour-aux-accents-bretons\\\/#breadcrumb\",\"itemListElement\":[{\"@type\":\"ListItem\",\"position\":1,\"name\":\"Accueil\",\"item\":\"https:\\\/\\\/enricomaciasloriental.fr\\\/WordPress\\\/\"},{\"@type\":\"ListItem\",\"position\":2,\"name\":\"Le mendiant de l&rsquo;amour aux accents bretons\"}]},{\"@type\":\"WebSite\",\"@id\":\"https:\\\/\\\/enricomaciasloriental.fr\\\/WordPress\\\/#website\",\"url\":\"https:\\\/\\\/enricomaciasloriental.fr\\\/WordPress\\\/\",\"name\":\"ENRICO MACIAS L'Oriental\",\"description\":\"IL EST COMME LE SOLEIL\",\"publisher\":{\"@id\":\"https:\\\/\\\/enricomaciasloriental.fr\\\/WordPress\\\/#\\\/schema\\\/person\\\/53fba112c6f4f0b335578890a816262e\"},\"potentialAction\":[{\"@type\":\"SearchAction\",\"target\":{\"@type\":\"EntryPoint\",\"urlTemplate\":\"https:\\\/\\\/enricomaciasloriental.fr\\\/WordPress\\\/?s={search_term_string}\"},\"query-input\":{\"@type\":\"PropertyValueSpecification\",\"valueRequired\":true,\"valueName\":\"search_term_string\"}}],\"inLanguage\":\"fr-FR\"},{\"@type\":[\"Person\",\"Organization\"],\"@id\":\"https:\\\/\\\/enricomaciasloriental.fr\\\/WordPress\\\/#\\\/schema\\\/person\\\/53fba112c6f4f0b335578890a816262e\",\"name\":\"Loriental\",\"image\":{\"@type\":\"ImageObject\",\"inLanguage\":\"fr-FR\",\"@id\":\"https:\\\/\\\/enricomaciasloriental.fr\\\/WordPress\\\/wp-content\\\/uploads\\\/\\\/2015\\\/02\\\/cropped-bannier_altaiir-enrico.jpg\",\"url\":\"https:\\\/\\\/enricomaciasloriental.fr\\\/WordPress\\\/wp-content\\\/uploads\\\/\\\/2015\\\/02\\\/cropped-bannier_altaiir-enrico.jpg\",\"contentUrl\":\"https:\\\/\\\/enricomaciasloriental.fr\\\/WordPress\\\/wp-content\\\/uploads\\\/\\\/2015\\\/02\\\/cropped-bannier_altaiir-enrico.jpg\",\"width\":1200,\"height\":150,\"caption\":\"Loriental\"},\"logo\":{\"@id\":\"https:\\\/\\\/enricomaciasloriental.fr\\\/WordPress\\\/wp-content\\\/uploads\\\/\\\/2015\\\/02\\\/cropped-bannier_altaiir-enrico.jpg\"},\"sameAs\":[\"http:\\\/\\\/www.enricomaciasloriental.fr\\\/\"]}]}<\/script>\n<!-- \/ Yoast SEO plugin. -->","yoast_head_json":{"title":"Le mendiant de l'amour aux accents bretons - ENRICO MACIAS L&#039;Oriental","robots":{"index":"index","follow":"follow","max-snippet":"max-snippet:-1","max-image-preview":"max-image-preview:large","max-video-preview":"max-video-preview:-1"},"canonical":"https:\/\/enricomaciasloriental.fr\/WordPress\/le-mendiant-de-lamour-aux-accents-bretons\/","og_locale":"fr_FR","og_type":"article","og_title":"Le mendiant de l'amour aux accents bretons - ENRICO MACIAS L&#039;Oriental","og_description":"COVID oblige, le dernier concert public d\u2019Enrico Macias sur une sc\u00e8ne fran\u00e7aise remontait au 8 f\u00e9vrier 2020 \u00e0 St Victoret. &nbsp;Autant dire, qu\u2019apr\u00e8s 17 mois et quelques jours d\u2019abstinence, tous les fans de l\u2019artiste attendaient avec une impatience difficilement contenue &hellip; Le mendiant de l&rsquo;amour aux accents bretons Read More &raquo;","og_url":"https:\/\/enricomaciasloriental.fr\/WordPress\/le-mendiant-de-lamour-aux-accents-bretons\/","og_site_name":"ENRICO MACIAS L&#039;Oriental","article_published_time":"2021-07-26T16:38:18+00:00","article_modified_time":"2021-07-26T16:40:34+00:00","og_image":[{"width":600,"height":401,"url":"https:\/\/enricomaciasloriental.fr\/WordPress\/wp-content\/uploads\/\/2021\/07\/DSC_2591-1.jpg","type":"image\/jpeg"}],"author":"Loriental","twitter_card":"summary_large_image","twitter_misc":{"\u00c9crit par":"Loriental","Dur\u00e9e de lecture estim\u00e9e":"3 minutes"},"schema":{"@context":"https:\/\/schema.org","@graph":[{"@type":"Article","@id":"https:\/\/enricomaciasloriental.fr\/WordPress\/le-mendiant-de-lamour-aux-accents-bretons\/#article","isPartOf":{"@id":"https:\/\/enricomaciasloriental.fr\/WordPress\/le-mendiant-de-lamour-aux-accents-bretons\/"},"author":{"name":"Loriental","@id":"https:\/\/enricomaciasloriental.fr\/WordPress\/#\/schema\/person\/53fba112c6f4f0b335578890a816262e"},"headline":"Le mendiant de l&rsquo;amour aux accents bretons","datePublished":"2021-07-26T16:38:18+00:00","dateModified":"2021-07-26T16:40:34+00:00","mainEntityOfPage":{"@id":"https:\/\/enricomaciasloriental.fr\/WordPress\/le-mendiant-de-lamour-aux-accents-bretons\/"},"wordCount":586,"commentCount":0,"publisher":{"@id":"https:\/\/enricomaciasloriental.fr\/WordPress\/#\/schema\/person\/53fba112c6f4f0b335578890a816262e"},"image":{"@id":"https:\/\/enricomaciasloriental.fr\/WordPress\/le-mendiant-de-lamour-aux-accents-bretons\/#primaryimage"},"thumbnailUrl":"https:\/\/enricomaciasloriental.fr\/WordPress\/wp-content\/uploads\/\/2021\/07\/DSC_2591-1.jpg","articleSection":["Actualit\u00e9s"],"inLanguage":"fr-FR","potentialAction":[{"@type":"CommentAction","name":"Comment","target":["https:\/\/enricomaciasloriental.fr\/WordPress\/le-mendiant-de-lamour-aux-accents-bretons\/#respond"]}]},{"@type":"WebPage","@id":"https:\/\/enricomaciasloriental.fr\/WordPress\/le-mendiant-de-lamour-aux-accents-bretons\/","url":"https:\/\/enricomaciasloriental.fr\/WordPress\/le-mendiant-de-lamour-aux-accents-bretons\/","name":"Le mendiant de l'amour aux accents bretons - ENRICO MACIAS L&#039;Oriental","isPartOf":{"@id":"https:\/\/enricomaciasloriental.fr\/WordPress\/#website"},"primaryImageOfPage":{"@id":"https:\/\/enricomaciasloriental.fr\/WordPress\/le-mendiant-de-lamour-aux-accents-bretons\/#primaryimage"},"image":{"@id":"https:\/\/enricomaciasloriental.fr\/WordPress\/le-mendiant-de-lamour-aux-accents-bretons\/#primaryimage"},"thumbnailUrl":"https:\/\/enricomaciasloriental.fr\/WordPress\/wp-content\/uploads\/\/2021\/07\/DSC_2591-1.jpg","datePublished":"2021-07-26T16:38:18+00:00","dateModified":"2021-07-26T16:40:34+00:00","breadcrumb":{"@id":"https:\/\/enricomaciasloriental.fr\/WordPress\/le-mendiant-de-lamour-aux-accents-bretons\/#breadcrumb"},"inLanguage":"fr-FR","potentialAction":[{"@type":"ReadAction","target":["https:\/\/enricomaciasloriental.fr\/WordPress\/le-mendiant-de-lamour-aux-accents-bretons\/"]}]},{"@type":"ImageObject","inLanguage":"fr-FR","@id":"https:\/\/enricomaciasloriental.fr\/WordPress\/le-mendiant-de-lamour-aux-accents-bretons\/#primaryimage","url":"https:\/\/enricomaciasloriental.fr\/WordPress\/wp-content\/uploads\/\/2021\/07\/DSC_2591-1.jpg","contentUrl":"https:\/\/enricomaciasloriental.fr\/WordPress\/wp-content\/uploads\/\/2021\/07\/DSC_2591-1.jpg","width":600,"height":401},{"@type":"BreadcrumbList","@id":"https:\/\/enricomaciasloriental.fr\/WordPress\/le-mendiant-de-lamour-aux-accents-bretons\/#breadcrumb","itemListElement":[{"@type":"ListItem","position":1,"name":"Accueil","item":"https:\/\/enricomaciasloriental.fr\/WordPress\/"},{"@type":"ListItem","position":2,"name":"Le mendiant de l&rsquo;amour aux accents bretons"}]},{"@type":"WebSite","@id":"https:\/\/enricomaciasloriental.fr\/WordPress\/#website","url":"https:\/\/enricomaciasloriental.fr\/WordPress\/","name":"ENRICO MACIAS L'Oriental","description":"IL EST COMME LE SOLEIL","publisher":{"@id":"https:\/\/enricomaciasloriental.fr\/WordPress\/#\/schema\/person\/53fba112c6f4f0b335578890a816262e"},"potentialAction":[{"@type":"SearchAction","target":{"@type":"EntryPoint","urlTemplate":"https:\/\/enricomaciasloriental.fr\/WordPress\/?s={search_term_string}"},"query-input":{"@type":"PropertyValueSpecification","valueRequired":true,"valueName":"search_term_string"}}],"inLanguage":"fr-FR"},{"@type":["Person","Organization"],"@id":"https:\/\/enricomaciasloriental.fr\/WordPress\/#\/schema\/person\/53fba112c6f4f0b335578890a816262e","name":"Loriental","image":{"@type":"ImageObject","inLanguage":"fr-FR","@id":"https:\/\/enricomaciasloriental.fr\/WordPress\/wp-content\/uploads\/\/2015\/02\/cropped-bannier_altaiir-enrico.jpg","url":"https:\/\/enricomaciasloriental.fr\/WordPress\/wp-content\/uploads\/\/2015\/02\/cropped-bannier_altaiir-enrico.jpg","contentUrl":"https:\/\/enricomaciasloriental.fr\/WordPress\/wp-content\/uploads\/\/2015\/02\/cropped-bannier_altaiir-enrico.jpg","width":1200,"height":150,"caption":"Loriental"},"logo":{"@id":"https:\/\/enricomaciasloriental.fr\/WordPress\/wp-content\/uploads\/\/2015\/02\/cropped-bannier_altaiir-enrico.jpg"},"sameAs":["http:\/\/www.enricomaciasloriental.fr\/"]}]}},"featured_image_src":"https:\/\/enricomaciasloriental.fr\/WordPress\/wp-content\/uploads\/\/2021\/07\/DSC_2591-1.jpg","featured_image_src_square":"https:\/\/enricomaciasloriental.fr\/WordPress\/wp-content\/uploads\/\/2021\/07\/DSC_2591-1.jpg","author_info":{"display_name":"Loriental","author_link":"https:\/\/enricomaciasloriental.fr\/WordPress\/author\/admin9234\/"},"rbea_author_info":{"display_name":"Loriental","author_link":"https:\/\/enricomaciasloriental.fr\/WordPress\/author\/admin9234\/"},"rbea_excerpt_info":"COVID oblige, le dernier concert public d\u2019Enrico Macias sur une sc\u00e8ne fran\u00e7aise remontait au 8 f\u00e9vrier 2020 \u00e0 St Victoret. &nbsp;Autant dire, qu\u2019apr\u00e8s 17 mois et quelques jours d\u2019abstinence, tous les fans de l\u2019artiste attendaient avec une impatience difficilement contenue &hellip;<p class=\"read-more\"> <a class=\"more-link\" href=\"https:\/\/enricomaciasloriental.fr\/WordPress\/le-mendiant-de-lamour-aux-accents-bretons\/\"> <span class=\"screen-reader-text\">Le mendiant de l&rsquo;amour aux accents bretons<\/span> Read More &raquo;<\/a><\/p>","category_list":"<a href=\"https:\/\/enricomaciasloriental.fr\/WordPress\/category\/actualites\/\">Actualit\u00e9s<\/a>","comments_num":"0 comments","_links":{"self":[{"href":"https:\/\/enricomaciasloriental.fr\/WordPress\/wp-json\/wp\/v2\/posts\/15757","targetHints":{"allow":["GET"]}}],"collection":[{"href":"https:\/\/enricomaciasloriental.fr\/WordPress\/wp-json\/wp\/v2\/posts"}],"about":[{"href":"https:\/\/enricomaciasloriental.fr\/WordPress\/wp-json\/wp\/v2\/types\/post"}],"author":[{"embeddable":true,"href":"https:\/\/enricomaciasloriental.fr\/WordPress\/wp-json\/wp\/v2\/users\/36"}],"replies":[{"embeddable":true,"href":"https:\/\/enricomaciasloriental.fr\/WordPress\/wp-json\/wp\/v2\/comments?post=15757"}],"version-history":[{"count":0,"href":"https:\/\/enricomaciasloriental.fr\/WordPress\/wp-json\/wp\/v2\/posts\/15757\/revisions"}],"wp:featuredmedia":[{"embeddable":true,"href":"https:\/\/enricomaciasloriental.fr\/WordPress\/wp-json\/wp\/v2\/media\/15765"}],"wp:attachment":[{"href":"https:\/\/enricomaciasloriental.fr\/WordPress\/wp-json\/wp\/v2\/media?parent=15757"}],"wp:term":[{"taxonomy":"category","embeddable":true,"href":"https:\/\/enricomaciasloriental.fr\/WordPress\/wp-json\/wp\/v2\/categories?post=15757"},{"taxonomy":"post_tag","embeddable":true,"href":"https:\/\/enricomaciasloriental.fr\/WordPress\/wp-json\/wp\/v2\/tags?post=15757"}],"curies":[{"name":"wp","href":"https:\/\/api.w.org\/{rel}","templated":true}]}}