{"id":15829,"date":"2021-10-06T12:05:08","date_gmt":"2021-10-06T10:05:08","guid":{"rendered":"http:\/\/enricomaciasloriental.fr\/WordPress\/?p=15829"},"modified":"2021-10-06T12:05:11","modified_gmt":"2021-10-06T10:05:11","slug":"interview-enrico-macias-par-soleil-fm","status":"publish","type":"post","link":"https:\/\/enricomaciasloriental.fr\/WordPress\/interview-enrico-macias-par-soleil-fm\/","title":{"rendered":"Interview Enrico Macias par Soleil FM"},"content":{"rendered":"\n<figure class=\"wp-block-video\"><video height=\"720\" style=\"aspect-ratio: 1280 \/ 720;\" width=\"1280\" controls src=\"https:\/\/enricomaciasloriental.fr\/WordPress\/wp-content\/uploads\/\/2021\/10\/Facebook_21.mp4\"><\/video><figcaption>Le Centre de D\u00e9veloppement Culturel de St martin de Crau a interview\u00e9 Enrico Macias<\/figcaption><\/figure>\n\n\n\n<p class=\"wp-block-paragraph\"><a href=\"https:\/\/www.facebook.com\/SoleilFMradio\/?__tn__=kK-R\">Soleil Fm<\/a>\u00a0a eu l&rsquo;honneur d&rsquo;interviewer Enrico Macias !<br \/>A 80 ans, le chanteur aux saveurs m\u00e9diterran\u00e9ennes est plus que jamais un homme vrai, g\u00e9n\u00e9reux, tol\u00e9rant, ses chansons intemporelles continuent de nous transporter, tout comme son sourire solaire !<br \/>L&rsquo;artiste sera pr\u00e9sent sur le plancher de notre salle du Galet, samedi 16 octobre \u00e0 20h30, au c\u00f4t\u00e9 de Al Orchestra, un collectif de musiciens franco-alg\u00e9riens. Ils revisiteront ensemble des ses grandes chansons connues ou moins connues.<img decoding=\"async\" height=\"16\" width=\"16\" alt=\"&#x1f39f;\" src=\"https:\/\/www.facebook.com\/images\/emoji.php\/v9\/td8\/1\/16\/1f39f.png\"\/>\u00a0Billetterie en vente directement aupr\u00e8s de l&rsquo;accueil du C.D.C.<img decoding=\"async\" height=\"16\" width=\"16\" alt=\"&#x1f4de;\" src=\"https:\/\/www.facebook.com\/images\/emoji.php\/v9\/t4d\/1\/16\/1f4de.png\"\/>\u00a004.90.47.06.80.<br \/>infos :\u00a0<a href=\"https:\/\/l.facebook.com\/l.php?u=http%3A%2F%2Fwww.cdc-smc.fr%2F%3Ffbclid%3DIwAR2l8yGF1xYr1lCKdQQZSUWNOFKupvcc2_HbMIMPzoWOB3nTEQwuL_3GFO8&amp;h=AT3ehhEB8i-5AviDItNaRVEjD3agqdKEtZ6CPfoMMU3sPcszOjd93swFPLVXEXtxb5f_gVM8_tgkbnqx4tki0TVgWIpA5QQpyI2FJjoyd15_8zKvDPCDFh-kPbfYhobYzoqAJMkpMkLo1GfAIA&amp;__tn__=-UK-R\" rel=\"noreferrer noopener\" target=\"_blank\">www.cdc-smc.fr<\/a><\/p>\n\n\n\n<p class=\"wp-block-paragraph\">Vous pouvez retrouver cette video sur la page Facebook du Centre de Developpement Culturel de St Martin de Crau<\/p>\n","protected":false},"excerpt":{"rendered":"<p>Soleil Fm\u00a0a eu l&rsquo;honneur d&rsquo;interviewer Enrico Macias !A 80 ans, le chanteur aux saveurs m\u00e9diterran\u00e9ennes est plus que jamais un homme vrai, g\u00e9n\u00e9reux, tol\u00e9rant, ses chansons intemporelles continuent de nous transporter, tout comme son &hellip;<\/p>\n<p class=\"read-more\"> <a class=\"more-link\" href=\"https:\/\/enricomaciasloriental.fr\/WordPress\/interview-enrico-macias-par-soleil-fm\/\"> <span class=\"screen-reader-text\">Interview Enrico Macias par Soleil FM<\/span> Read more \u2192<\/a><\/p>\n","protected":false},"author":36,"featured_media":15831,"comment_status":"open","ping_status":"open","sticky":false,"template":"","format":"standard","meta":{"footnotes":""},"categories":[1,49],"tags":[],"class_list":["post-15829","post","type-post","status-publish","format-standard","has-post-thumbnail","hentry","category-actualites","category-sons"],"yoast_head":"<!-- This site is optimized with the Yoast SEO plugin v28.4 - https:\/\/yoast.com\/product\/yoast-seo-wordpress\/ -->\n<title>Interview Enrico Macias par Soleil FM - ENRICO MACIAS L&#039;Oriental<\/title>\n<meta name=\"robots\" content=\"index, follow, max-snippet:-1, max-image-preview:large, max-video-preview:-1\" \/>\n<link rel=\"canonical\" href=\"https:\/\/enricomaciasloriental.fr\/WordPress\/interview-enrico-macias-par-soleil-fm\/\" \/>\n<meta property=\"og:locale\" content=\"fr_FR\" \/>\n<meta property=\"og:type\" content=\"article\" \/>\n<meta property=\"og:title\" content=\"Interview Enrico Macias par Soleil FM - ENRICO MACIAS L&#039;Oriental\" \/>\n<meta property=\"og:description\" content=\"Soleil Fm\u00a0a eu l&rsquo;honneur d&rsquo;interviewer Enrico Macias !A 80 ans, le chanteur aux saveurs m\u00e9diterran\u00e9ennes est plus que jamais un homme vrai, g\u00e9n\u00e9reux, tol\u00e9rant, ses chansons intemporelles continuent de nous transporter, tout comme son &hellip; Interview Enrico Macias par Soleil FM Read more \u2192\" \/>\n<meta property=\"og:url\" content=\"https:\/\/enricomaciasloriental.fr\/WordPress\/interview-enrico-macias-par-soleil-fm\/\" \/>\n<meta property=\"og:site_name\" content=\"ENRICO MACIAS L&#039;Oriental\" \/>\n<meta property=\"article:published_time\" content=\"2021-10-06T10:05:08+00:00\" \/>\n<meta property=\"article:modified_time\" content=\"2021-10-06T10:05:11+00:00\" \/>\n<meta property=\"og:image\" content=\"https:\/\/enricomaciasloriental.fr\/WordPress\/wp-content\/uploads\/\/2021\/10\/interviewstmartindecrau.jpg\" \/>\n\t<meta property=\"og:image:width\" content=\"843\" \/>\n\t<meta property=\"og:image:height\" content=\"473\" \/>\n\t<meta property=\"og:image:type\" content=\"image\/jpeg\" \/>\n<meta name=\"author\" content=\"Loriental\" \/>\n<meta name=\"twitter:card\" content=\"summary_large_image\" \/>\n<meta name=\"twitter:label1\" content=\"\u00c9crit par\" \/>\n\t<meta name=\"twitter:data1\" content=\"Loriental\" \/>\n\t<meta name=\"twitter:label2\" content=\"Dur\u00e9e de lecture estim\u00e9e\" \/>\n\t<meta name=\"twitter:data2\" content=\"1 minute\" \/>\n<script type=\"application\/ld+json\" class=\"yoast-schema-graph\">{\"@context\":\"https:\\\/\\\/schema.org\",\"@graph\":[{\"@type\":\"Article\",\"@id\":\"https:\\\/\\\/enricomaciasloriental.fr\\\/WordPress\\\/interview-enrico-macias-par-soleil-fm\\\/#article\",\"isPartOf\":{\"@id\":\"https:\\\/\\\/enricomaciasloriental.fr\\\/WordPress\\\/interview-enrico-macias-par-soleil-fm\\\/\"},\"author\":{\"name\":\"Loriental\",\"@id\":\"https:\\\/\\\/enricomaciasloriental.fr\\\/WordPress\\\/#\\\/schema\\\/person\\\/53fba112c6f4f0b335578890a816262e\"},\"headline\":\"Interview Enrico Macias par Soleil FM\",\"datePublished\":\"2021-10-06T10:05:08+00:00\",\"dateModified\":\"2021-10-06T10:05:11+00:00\",\"mainEntityOfPage\":{\"@id\":\"https:\\\/\\\/enricomaciasloriental.fr\\\/WordPress\\\/interview-enrico-macias-par-soleil-fm\\\/\"},\"wordCount\":139,\"commentCount\":1,\"publisher\":{\"@id\":\"https:\\\/\\\/enricomaciasloriental.fr\\\/WordPress\\\/#\\\/schema\\\/person\\\/53fba112c6f4f0b335578890a816262e\"},\"image\":{\"@id\":\"https:\\\/\\\/enricomaciasloriental.fr\\\/WordPress\\\/interview-enrico-macias-par-soleil-fm\\\/#primaryimage\"},\"thumbnailUrl\":\"https:\\\/\\\/enricomaciasloriental.fr\\\/WordPress\\\/wp-content\\\/uploads\\\/\\\/2021\\\/10\\\/interviewstmartindecrau.jpg\",\"articleSection\":[\"Actualit\u00e9s\",\"Sons\"],\"inLanguage\":\"fr-FR\",\"potentialAction\":[{\"@type\":\"CommentAction\",\"name\":\"Comment\",\"target\":[\"https:\\\/\\\/enricomaciasloriental.fr\\\/WordPress\\\/interview-enrico-macias-par-soleil-fm\\\/#respond\"]}]},{\"@type\":\"WebPage\",\"@id\":\"https:\\\/\\\/enricomaciasloriental.fr\\\/WordPress\\\/interview-enrico-macias-par-soleil-fm\\\/\",\"url\":\"https:\\\/\\\/enricomaciasloriental.fr\\\/WordPress\\\/interview-enrico-macias-par-soleil-fm\\\/\",\"name\":\"Interview Enrico Macias par Soleil FM - ENRICO MACIAS L&#039;Oriental\",\"isPartOf\":{\"@id\":\"https:\\\/\\\/enricomaciasloriental.fr\\\/WordPress\\\/#website\"},\"primaryImageOfPage\":{\"@id\":\"https:\\\/\\\/enricomaciasloriental.fr\\\/WordPress\\\/interview-enrico-macias-par-soleil-fm\\\/#primaryimage\"},\"image\":{\"@id\":\"https:\\\/\\\/enricomaciasloriental.fr\\\/WordPress\\\/interview-enrico-macias-par-soleil-fm\\\/#primaryimage\"},\"thumbnailUrl\":\"https:\\\/\\\/enricomaciasloriental.fr\\\/WordPress\\\/wp-content\\\/uploads\\\/\\\/2021\\\/10\\\/interviewstmartindecrau.jpg\",\"datePublished\":\"2021-10-06T10:05:08+00:00\",\"dateModified\":\"2021-10-06T10:05:11+00:00\",\"breadcrumb\":{\"@id\":\"https:\\\/\\\/enricomaciasloriental.fr\\\/WordPress\\\/interview-enrico-macias-par-soleil-fm\\\/#breadcrumb\"},\"inLanguage\":\"fr-FR\",\"potentialAction\":[{\"@type\":\"ReadAction\",\"target\":[\"https:\\\/\\\/enricomaciasloriental.fr\\\/WordPress\\\/interview-enrico-macias-par-soleil-fm\\\/\"]}]},{\"@type\":\"ImageObject\",\"inLanguage\":\"fr-FR\",\"@id\":\"https:\\\/\\\/enricomaciasloriental.fr\\\/WordPress\\\/interview-enrico-macias-par-soleil-fm\\\/#primaryimage\",\"url\":\"https:\\\/\\\/enricomaciasloriental.fr\\\/WordPress\\\/wp-content\\\/uploads\\\/\\\/2021\\\/10\\\/interviewstmartindecrau.jpg\",\"contentUrl\":\"https:\\\/\\\/enricomaciasloriental.fr\\\/WordPress\\\/wp-content\\\/uploads\\\/\\\/2021\\\/10\\\/interviewstmartindecrau.jpg\",\"width\":843,\"height\":473},{\"@type\":\"BreadcrumbList\",\"@id\":\"https:\\\/\\\/enricomaciasloriental.fr\\\/WordPress\\\/interview-enrico-macias-par-soleil-fm\\\/#breadcrumb\",\"itemListElement\":[{\"@type\":\"ListItem\",\"position\":1,\"name\":\"Accueil\",\"item\":\"https:\\\/\\\/enricomaciasloriental.fr\\\/WordPress\\\/\"},{\"@type\":\"ListItem\",\"position\":2,\"name\":\"Interview Enrico Macias par Soleil FM\"}]},{\"@type\":\"WebSite\",\"@id\":\"https:\\\/\\\/enricomaciasloriental.fr\\\/WordPress\\\/#website\",\"url\":\"https:\\\/\\\/enricomaciasloriental.fr\\\/WordPress\\\/\",\"name\":\"ENRICO MACIAS L'Oriental\",\"description\":\"IL EST COMME LE SOLEIL\",\"publisher\":{\"@id\":\"https:\\\/\\\/enricomaciasloriental.fr\\\/WordPress\\\/#\\\/schema\\\/person\\\/53fba112c6f4f0b335578890a816262e\"},\"potentialAction\":[{\"@type\":\"SearchAction\",\"target\":{\"@type\":\"EntryPoint\",\"urlTemplate\":\"https:\\\/\\\/enricomaciasloriental.fr\\\/WordPress\\\/?s={search_term_string}\"},\"query-input\":{\"@type\":\"PropertyValueSpecification\",\"valueRequired\":true,\"valueName\":\"search_term_string\"}}],\"inLanguage\":\"fr-FR\"},{\"@type\":[\"Person\",\"Organization\"],\"@id\":\"https:\\\/\\\/enricomaciasloriental.fr\\\/WordPress\\\/#\\\/schema\\\/person\\\/53fba112c6f4f0b335578890a816262e\",\"name\":\"Loriental\",\"image\":{\"@type\":\"ImageObject\",\"inLanguage\":\"fr-FR\",\"@id\":\"https:\\\/\\\/enricomaciasloriental.fr\\\/WordPress\\\/wp-content\\\/uploads\\\/\\\/2015\\\/02\\\/cropped-bannier_altaiir-enrico.jpg\",\"url\":\"https:\\\/\\\/enricomaciasloriental.fr\\\/WordPress\\\/wp-content\\\/uploads\\\/\\\/2015\\\/02\\\/cropped-bannier_altaiir-enrico.jpg\",\"contentUrl\":\"https:\\\/\\\/enricomaciasloriental.fr\\\/WordPress\\\/wp-content\\\/uploads\\\/\\\/2015\\\/02\\\/cropped-bannier_altaiir-enrico.jpg\",\"width\":1200,\"height\":150,\"caption\":\"Loriental\"},\"logo\":{\"@id\":\"https:\\\/\\\/enricomaciasloriental.fr\\\/WordPress\\\/wp-content\\\/uploads\\\/\\\/2015\\\/02\\\/cropped-bannier_altaiir-enrico.jpg\"},\"sameAs\":[\"http:\\\/\\\/www.enricomaciasloriental.fr\\\/\"]}]}<\/script>\n<!-- \/ Yoast SEO plugin. -->","yoast_head_json":{"title":"Interview Enrico Macias par Soleil FM - ENRICO MACIAS L&#039;Oriental","robots":{"index":"index","follow":"follow","max-snippet":"max-snippet:-1","max-image-preview":"max-image-preview:large","max-video-preview":"max-video-preview:-1"},"canonical":"https:\/\/enricomaciasloriental.fr\/WordPress\/interview-enrico-macias-par-soleil-fm\/","og_locale":"fr_FR","og_type":"article","og_title":"Interview Enrico Macias par Soleil FM - ENRICO MACIAS L&#039;Oriental","og_description":"Soleil Fm\u00a0a eu l&rsquo;honneur d&rsquo;interviewer Enrico Macias !A 80 ans, le chanteur aux saveurs m\u00e9diterran\u00e9ennes est plus que jamais un homme vrai, g\u00e9n\u00e9reux, tol\u00e9rant, ses chansons intemporelles continuent de nous transporter, tout comme son &hellip; Interview Enrico Macias par Soleil FM Read more \u2192","og_url":"https:\/\/enricomaciasloriental.fr\/WordPress\/interview-enrico-macias-par-soleil-fm\/","og_site_name":"ENRICO MACIAS L&#039;Oriental","article_published_time":"2021-10-06T10:05:08+00:00","article_modified_time":"2021-10-06T10:05:11+00:00","og_image":[{"width":843,"height":473,"url":"https:\/\/enricomaciasloriental.fr\/WordPress\/wp-content\/uploads\/\/2021\/10\/interviewstmartindecrau.jpg","type":"image\/jpeg"}],"author":"Loriental","twitter_card":"summary_large_image","twitter_misc":{"\u00c9crit par":"Loriental","Dur\u00e9e de lecture estim\u00e9e":"1 minute"},"schema":{"@context":"https:\/\/schema.org","@graph":[{"@type":"Article","@id":"https:\/\/enricomaciasloriental.fr\/WordPress\/interview-enrico-macias-par-soleil-fm\/#article","isPartOf":{"@id":"https:\/\/enricomaciasloriental.fr\/WordPress\/interview-enrico-macias-par-soleil-fm\/"},"author":{"name":"Loriental","@id":"https:\/\/enricomaciasloriental.fr\/WordPress\/#\/schema\/person\/53fba112c6f4f0b335578890a816262e"},"headline":"Interview Enrico Macias par Soleil FM","datePublished":"2021-10-06T10:05:08+00:00","dateModified":"2021-10-06T10:05:11+00:00","mainEntityOfPage":{"@id":"https:\/\/enricomaciasloriental.fr\/WordPress\/interview-enrico-macias-par-soleil-fm\/"},"wordCount":139,"commentCount":1,"publisher":{"@id":"https:\/\/enricomaciasloriental.fr\/WordPress\/#\/schema\/person\/53fba112c6f4f0b335578890a816262e"},"image":{"@id":"https:\/\/enricomaciasloriental.fr\/WordPress\/interview-enrico-macias-par-soleil-fm\/#primaryimage"},"thumbnailUrl":"https:\/\/enricomaciasloriental.fr\/WordPress\/wp-content\/uploads\/\/2021\/10\/interviewstmartindecrau.jpg","articleSection":["Actualit\u00e9s","Sons"],"inLanguage":"fr-FR","potentialAction":[{"@type":"CommentAction","name":"Comment","target":["https:\/\/enricomaciasloriental.fr\/WordPress\/interview-enrico-macias-par-soleil-fm\/#respond"]}]},{"@type":"WebPage","@id":"https:\/\/enricomaciasloriental.fr\/WordPress\/interview-enrico-macias-par-soleil-fm\/","url":"https:\/\/enricomaciasloriental.fr\/WordPress\/interview-enrico-macias-par-soleil-fm\/","name":"Interview Enrico Macias par Soleil FM - ENRICO MACIAS L&#039;Oriental","isPartOf":{"@id":"https:\/\/enricomaciasloriental.fr\/WordPress\/#website"},"primaryImageOfPage":{"@id":"https:\/\/enricomaciasloriental.fr\/WordPress\/interview-enrico-macias-par-soleil-fm\/#primaryimage"},"image":{"@id":"https:\/\/enricomaciasloriental.fr\/WordPress\/interview-enrico-macias-par-soleil-fm\/#primaryimage"},"thumbnailUrl":"https:\/\/enricomaciasloriental.fr\/WordPress\/wp-content\/uploads\/\/2021\/10\/interviewstmartindecrau.jpg","datePublished":"2021-10-06T10:05:08+00:00","dateModified":"2021-10-06T10:05:11+00:00","breadcrumb":{"@id":"https:\/\/enricomaciasloriental.fr\/WordPress\/interview-enrico-macias-par-soleil-fm\/#breadcrumb"},"inLanguage":"fr-FR","potentialAction":[{"@type":"ReadAction","target":["https:\/\/enricomaciasloriental.fr\/WordPress\/interview-enrico-macias-par-soleil-fm\/"]}]},{"@type":"ImageObject","inLanguage":"fr-FR","@id":"https:\/\/enricomaciasloriental.fr\/WordPress\/interview-enrico-macias-par-soleil-fm\/#primaryimage","url":"https:\/\/enricomaciasloriental.fr\/WordPress\/wp-content\/uploads\/\/2021\/10\/interviewstmartindecrau.jpg","contentUrl":"https:\/\/enricomaciasloriental.fr\/WordPress\/wp-content\/uploads\/\/2021\/10\/interviewstmartindecrau.jpg","width":843,"height":473},{"@type":"BreadcrumbList","@id":"https:\/\/enricomaciasloriental.fr\/WordPress\/interview-enrico-macias-par-soleil-fm\/#breadcrumb","itemListElement":[{"@type":"ListItem","position":1,"name":"Accueil","item":"https:\/\/enricomaciasloriental.fr\/WordPress\/"},{"@type":"ListItem","position":2,"name":"Interview Enrico Macias par Soleil FM"}]},{"@type":"WebSite","@id":"https:\/\/enricomaciasloriental.fr\/WordPress\/#website","url":"https:\/\/enricomaciasloriental.fr\/WordPress\/","name":"ENRICO MACIAS L'Oriental","description":"IL EST COMME LE SOLEIL","publisher":{"@id":"https:\/\/enricomaciasloriental.fr\/WordPress\/#\/schema\/person\/53fba112c6f4f0b335578890a816262e"},"potentialAction":[{"@type":"SearchAction","target":{"@type":"EntryPoint","urlTemplate":"https:\/\/enricomaciasloriental.fr\/WordPress\/?s={search_term_string}"},"query-input":{"@type":"PropertyValueSpecification","valueRequired":true,"valueName":"search_term_string"}}],"inLanguage":"fr-FR"},{"@type":["Person","Organization"],"@id":"https:\/\/enricomaciasloriental.fr\/WordPress\/#\/schema\/person\/53fba112c6f4f0b335578890a816262e","name":"Loriental","image":{"@type":"ImageObject","inLanguage":"fr-FR","@id":"https:\/\/enricomaciasloriental.fr\/WordPress\/wp-content\/uploads\/\/2015\/02\/cropped-bannier_altaiir-enrico.jpg","url":"https:\/\/enricomaciasloriental.fr\/WordPress\/wp-content\/uploads\/\/2015\/02\/cropped-bannier_altaiir-enrico.jpg","contentUrl":"https:\/\/enricomaciasloriental.fr\/WordPress\/wp-content\/uploads\/\/2015\/02\/cropped-bannier_altaiir-enrico.jpg","width":1200,"height":150,"caption":"Loriental"},"logo":{"@id":"https:\/\/enricomaciasloriental.fr\/WordPress\/wp-content\/uploads\/\/2015\/02\/cropped-bannier_altaiir-enrico.jpg"},"sameAs":["http:\/\/www.enricomaciasloriental.fr\/"]}]}},"featured_image_src":"https:\/\/enricomaciasloriental.fr\/WordPress\/wp-content\/uploads\/\/2021\/10\/interviewstmartindecrau.jpg","featured_image_src_square":"https:\/\/enricomaciasloriental.fr\/WordPress\/wp-content\/uploads\/\/2021\/10\/interviewstmartindecrau.jpg","author_info":{"display_name":"Loriental","author_link":"https:\/\/enricomaciasloriental.fr\/WordPress\/author\/admin9234\/"},"rbea_author_info":{"display_name":"Loriental","author_link":"https:\/\/enricomaciasloriental.fr\/WordPress\/author\/admin9234\/"},"rbea_excerpt_info":"Soleil Fm\u00a0a eu l&rsquo;honneur d&rsquo;interviewer Enrico Macias !A 80 ans, le chanteur aux saveurs m\u00e9diterran\u00e9ennes est plus que jamais un homme vrai, g\u00e9n\u00e9reux, tol\u00e9rant, ses chansons intemporelles continuent de nous transporter, tout comme son &hellip;<p class=\"read-more\"> <a class=\"more-link\" href=\"https:\/\/enricomaciasloriental.fr\/WordPress\/interview-enrico-macias-par-soleil-fm\/\"> <span class=\"screen-reader-text\">Interview Enrico Macias par Soleil FM<\/span> Read more \u2192<\/a><\/p>","category_list":"<a href=\"https:\/\/enricomaciasloriental.fr\/WordPress\/category\/actualites\/\">Actualit\u00e9s<\/a>, <a href=\"https:\/\/enricomaciasloriental.fr\/WordPress\/category\/sons\/\">Sons<\/a>","comments_num":"1 comment","_links":{"self":[{"href":"https:\/\/enricomaciasloriental.fr\/WordPress\/wp-json\/wp\/v2\/posts\/15829","targetHints":{"allow":["GET"]}}],"collection":[{"href":"https:\/\/enricomaciasloriental.fr\/WordPress\/wp-json\/wp\/v2\/posts"}],"about":[{"href":"https:\/\/enricomaciasloriental.fr\/WordPress\/wp-json\/wp\/v2\/types\/post"}],"author":[{"embeddable":true,"href":"https:\/\/enricomaciasloriental.fr\/WordPress\/wp-json\/wp\/v2\/users\/36"}],"replies":[{"embeddable":true,"href":"https:\/\/enricomaciasloriental.fr\/WordPress\/wp-json\/wp\/v2\/comments?post=15829"}],"version-history":[{"count":0,"href":"https:\/\/enricomaciasloriental.fr\/WordPress\/wp-json\/wp\/v2\/posts\/15829\/revisions"}],"wp:featuredmedia":[{"embeddable":true,"href":"https:\/\/enricomaciasloriental.fr\/WordPress\/wp-json\/wp\/v2\/media\/15831"}],"wp:attachment":[{"href":"https:\/\/enricomaciasloriental.fr\/WordPress\/wp-json\/wp\/v2\/media?parent=15829"}],"wp:term":[{"taxonomy":"category","embeddable":true,"href":"https:\/\/enricomaciasloriental.fr\/WordPress\/wp-json\/wp\/v2\/categories?post=15829"},{"taxonomy":"post_tag","embeddable":true,"href":"https:\/\/enricomaciasloriental.fr\/WordPress\/wp-json\/wp\/v2\/tags?post=15829"}],"curies":[{"name":"wp","href":"https:\/\/api.w.org\/{rel}","templated":true}]}}