{"id":15894,"date":"2021-11-04T16:33:22","date_gmt":"2021-11-04T15:33:22","guid":{"rendered":"http:\/\/enricomaciasloriental.fr\/WordPress\/?p=15894"},"modified":"2021-11-04T16:33:24","modified_gmt":"2021-11-04T15:33:24","slug":"enrico-macias-fait-sensation-a-tel-aviv","status":"publish","type":"post","link":"https:\/\/enricomaciasloriental.fr\/WordPress\/enrico-macias-fait-sensation-a-tel-aviv\/","title":{"rendered":"Enrico Macias fait sensation \u00e0 Tel Aviv"},"content":{"rendered":"\n<p>Apr\u00e8s l&rsquo;avoir suspendue pendant deux ans &#8211; Corona oblige, &#8211; l&rsquo;octog\u00e9naire a enfin commenc\u00e9 sa tourn\u00e9e baptis\u00e9e \u00ab Toi Isra\u00ebl, prends moi dans tes bras \u00bb jusqu&rsquo;au 11 novembre<\/p>\n\n\n\n<figure class=\"wp-block-image size-full\"><img fetchpriority=\"high\" decoding=\"async\" width=\"1024\" height=\"640\" src=\"https:\/\/enricomaciasloriental.fr\/WordPress\/wp-content\/uploads\/\/2021\/11\/251990450_607971783574242_5066356660254560747_n-1024x640-1.jpg\" alt=\"\" class=\"wp-image-15895\" srcset=\"https:\/\/enricomaciasloriental.fr\/WordPress\/wp-content\/uploads\/2021\/11\/251990450_607971783574242_5066356660254560747_n-1024x640-1.jpg 1024w, https:\/\/enricomaciasloriental.fr\/WordPress\/wp-content\/uploads\/2021\/11\/251990450_607971783574242_5066356660254560747_n-1024x640-1-350x219.jpg 350w, https:\/\/enricomaciasloriental.fr\/WordPress\/wp-content\/uploads\/2021\/11\/251990450_607971783574242_5066356660254560747_n-1024x640-1-768x480.jpg 768w, https:\/\/enricomaciasloriental.fr\/WordPress\/wp-content\/uploads\/2021\/11\/251990450_607971783574242_5066356660254560747_n-1024x640-1-100x63.jpg 100w, https:\/\/enricomaciasloriental.fr\/WordPress\/wp-content\/uploads\/2021\/11\/251990450_607971783574242_5066356660254560747_n-1024x640-1-150x94.jpg 150w, https:\/\/enricomaciasloriental.fr\/WordPress\/wp-content\/uploads\/2021\/11\/251990450_607971783574242_5066356660254560747_n-1024x640-1-200x125.jpg 200w, https:\/\/enricomaciasloriental.fr\/WordPress\/wp-content\/uploads\/2021\/11\/251990450_607971783574242_5066356660254560747_n-1024x640-1-300x188.jpg 300w, https:\/\/enricomaciasloriental.fr\/WordPress\/wp-content\/uploads\/2021\/11\/251990450_607971783574242_5066356660254560747_n-1024x640-1-450x281.jpg 450w, https:\/\/enricomaciasloriental.fr\/WordPress\/wp-content\/uploads\/2021\/11\/251990450_607971783574242_5066356660254560747_n-1024x640-1-600x375.jpg 600w, https:\/\/enricomaciasloriental.fr\/WordPress\/wp-content\/uploads\/2021\/11\/251990450_607971783574242_5066356660254560747_n-1024x640-1-900x563.jpg 900w\" sizes=\"(max-width: 1024px) 100vw, 1024px\" \/><figcaption>Photo Eva Karsenty<\/figcaption><\/figure>\n\n\n\n<p>Lundi, 20h, dans l\u2019enceinte de l\u2019auditorium Charles Bronfman de Tel Aviv, le public se presse\u2026 Le premier concert d\u2019Enrico Macias de sa tourn\u00e9e baptis\u00e9e \u00ab Toi Isra\u00ebl, prends moi dans tes bras \u00bb jusqu\u2019au 11 novembre, commencera avec quelques minutes de retard et deux ans de retard \u2013 pand\u00e9mie oblige.<\/p>\n\n\n\n<p>Francophones, pour majorit\u00e9, les 2 500 si\u00e8ges seront bient\u00f4t occup\u00e9s et tous tr\u00e9pignent d\u2019impatience \u00e0 l\u2019id\u00e9e de passer un moment avec le chanteur.<\/p>\n\n\n\n<p>C\u2019est sur une chanson en h\u00e9breu que l\u2019artiste fait son entr\u00e9e sous les applaudissements et les cris de joie de ses fans. L\u2019homme de 82 ans, v\u00eatu d\u2019un costume beige et d\u2019une chemise noire, n\u2019a rien perdu de son timbre si reconnaissable.<\/p>\n\n\n\n<p>Heureux d\u2019\u00eatre de retour dans ce pays qui lui est si cher, celui qui a jou\u00e9 son propre r\u00f4le dans la s\u00e9rie fran\u00e7aise \u00e0 succ\u00e8s Family Business, alterne entre fran\u00e7ais, anglais et h\u00e9breu pour remercier son public.<\/p>\n\n\n\n<p><strong>\u201cNous sommes une famille, nous sommes un seul peuple\u201d<\/strong><\/p>\n\n\n\n<p>\u201cJe suis content d\u2019\u00eatre ici, d\u2019\u00eatre avec ma famille. Cette ann\u00e9e a \u00e9t\u00e9 difficile \u2026 c\u2019\u00e9tait tr\u00e8s difficile d\u2019\u00eatre loin d\u2019ici sans pouvoir venir\u201d, lance-t-il avant d\u2019adresser quelques mots aux victimes de la pand\u00e9mie du Covid-19. Des victimes dont il fait partie puisqu\u2019il en est tomb\u00e9 malade comme il l\u2019affirmait mi-mai 2020 dans l\u2019\u00e9mission&nbsp;<a href=\"https:\/\/fr.timesofisrael.com\/gueri-enrico-macias-affirme-avoir-ete-touche-par-le-coronavirus\/\">\u201cL\u2019heure des pros\u201d<\/a>&nbsp;anim\u00e9e par Pascal Praud sur la cha\u00eene CNews. S\u2019il n\u2019a pas \u00e9t\u00e9 hospitalis\u00e9, les sympt\u00f4mes \u00e9taient alors bel et bien l\u00e0 une quinzaine de jours, une v\u00e9ritable \u00e9preuve pour l\u2019octog\u00e9naire d\u00e9sireux de rapidement reprendre le chemin de la sc\u00e8ne.<\/p>\n\n\n\n<p>Ce soir, comme \u00e0 plusieurs reprises, Enrico Macias r\u00e9affirme son attachement \u00e0 Isra\u00ebl, \u00e0 ce pays qu\u2019il a toujours soutenu, y compris dans ses mauvais moments comme fin avril dans une vid\u00e9o diffus\u00e9e sur les r\u00e9seaux sociaux \u00e0 l\u2019occasion du 72e anniversaire de l\u2019ind\u00e9pendance d\u2019Isra\u00ebl dans laquelle il a chant\u00e9, guitare \u00e0 la main, \u00ab Lo Lefached (N\u2019aie pas peur) \u00bb.<\/p>\n\n\n\n<p>L\u2019artiste ne parle pas couramment h\u00e9breu mais il a \u00e0 c\u0153ur de conna\u00eetre quelques phrases afin de prouver sa solidarit\u00e9 avec les Isra\u00e9liens pr\u00e9sents dans la salle qui ne comprennent pas le fran\u00e7ais.<\/p>\n\n\n\n<p>Accompagn\u00e9 d\u2019une vingtaine de musiciens du grand orchestre de Raanana, il encha\u00eene les m\u00e9lodies, parfois accompagn\u00e9 de chanteuses, mais aussi d\u2019une ballerine, Mia Zemach Musioff, l\u2019une des petites filles du l\u00e9gendaire impresario et ami d\u2019Enrico Macias, Shmuel Zemach, et fille du producteur de la soir\u00e9e, Yoav Zemach, qui a dans\u00e9 sur zingarella.<\/p>\n\n\n\n<p>Autre invit\u00e9e star, Valeri Hamaty, chanteuse arabe isra\u00e9lienne en pleine ascension en Isra\u00ebl. Occasion pour elle de chanter \u201cJ\u2019ai quitt\u00e9 mon pays\u201d en fran\u00e7ais et en c\u0153ur avec l\u2019h\u00f4te de la soir\u00e9e.<\/p>\n\n\n\n<p>\u201cElle n\u2019a pas la m\u00eame religion que nous, mais elle est tout autant respectable et a une voix magnifique\u201d, comment le chanteur franco-alg\u00e9rien posant un regard bienveillant sur cette jeune chanteuse de 22 ans arriv\u00e9e deuxi\u00e8me dans l\u2019\u00e9mission musicale \u00e0 succ\u00e8s \u201cHaKokhav Haba\u201d.<\/p>\n\n\n\n<p>Puis l\u2019\u00e9motion envahit encore la salle lorsqu\u2019une jeune fille de 12 ans, elle aussi petite-fille de Shmuel Zemach, entonne Shma Israel, \u201c\u00c9coute Isra\u00ebl\u201d en fran\u00e7ais, une pri\u00e8re juive prononc\u00e9e plusieurs fois par jour et reprise en chanson par la c\u00e9l\u00e8bre chanteuse isra\u00e9lienne Sarit Hadad, en hommage \u00e0 son fr\u00e8re d\u00e9c\u00e9d\u00e9.<\/p>\n\n\n\n<p>Mais ce soir, c\u2019est la voix ang\u00e9lique de Shelly Zemach qui impressionne, y compris Enrico Macias. \u201cA star is born\u201d, commente-t-il aupr\u00e8s de la jeune adolescente qui a fait l\u2019effort suppl\u00e9mentaire de prononcer quelques mots de fran\u00e7ais.<\/p>\n\n\n\n<p><strong>\u201cJ\u2019ai confiance en notre destin\u00e9e, celle de notre peuple d\u2019Isra\u00ebl.\u201d<\/strong><\/p>\n\n\n\n<p>Apr\u00e8s 90 minutes de spectacle, au cours desquelles il a entre autres chant\u00e9 \u201cZingarella\u201d, \u201cLa femme de mon ami\u201d, \u201cL\u2019amour c\u2019est pour rien\u201d ou encore \u201cJ\u2019ai quitt\u00e9 mon pays\u201d, l\u2019homme semble fatigu\u00e9 mais heureux, reconnaissant d\u2019avoir retrouv\u00e9 ce \u00ab&nbsp;magnifique pays\u201d, comme il dit.<\/p>\n\n\n\n<p>Pour finir son tour de chant de ce premier concert de l\u2019ann\u00e9e 2021 : \u201cLes filles de mon pays\u201d.<\/p>\n\n\n\n<p>Il se produira notamment \u00e0 Tel Aviv, Ashkelon, J\u00e9rusalem et Rishon LeZion, et ce, jusqu\u2019au 11 novembre.<\/p>\n\n\n\n<p>Une tourn\u00e9e qui lui tenait \u00e0 c\u0153ur. D\u2019origine alg\u00e9rienne, il conserve des liens forts avec le pays de son enfance qu\u2019il a quitt\u00e9 en 1961 pendant la guerre d\u2019ind\u00e9pendance alg\u00e9rienne, mais cela ne l\u2019emp\u00eache pas d\u2019exprimer r\u00e9guli\u00e8rement son amour pour l\u2019Etat h\u00e9breu.<\/p>\n\n\n\n<p>D\u2019ailleurs, comme lundi sur sc\u00e8ne, il rappelle souvent son r\u00eave de voir la paix entre Isra\u00ebl et les Palestiniens s\u2019instaurer, et ce, malgr\u00e9 le boycott r\u00e9current de ses d\u00e9tracteurs anti-Isra\u00ebl comme \u00e0 l\u2019occasion de concerts pr\u00e9vus\u00a0<a href=\"https:\/\/fr.timesofisrael.com\/appel-au-boycott-du-concert-marocain-denrico-macias-la-licra-remontee\/\">en f\u00e9vrier 2019<\/a>\u00a0ou en d\u00e9cembre 2020 lorsque son\u00a0<a href=\"https:\/\/fr.timesofisrael.com\/enrico-macias-cible-dune-campagne-anti-israel-pour-son-expulsion-de-tunisie\/\">s\u00e9jour en Tunisie<\/a>\u00a0avait fait pol\u00e9mique et que des militants avaient r\u00e9clam\u00e9 son expulsion imm\u00e9diate, sans succ\u00e8s. Un voyage cens\u00e9 \u00eatre r\u00e9parateur pour le chanteur qui souhaitait s\u2019y reposer apr\u00e8s avoir \u00e9t\u00e9 touch\u00e9 par la COVID-19 et avoir fait une grave chute sur un boulevard parisien \u2013 au cours de laquelle il s\u2019\u00e9tait fractur\u00e9 le col du f\u00e9mur. Des menaces et attaques auxquelles il ne pr\u00eate aucune attention et qui ne l\u2019emp\u00eachent pas de r\u00e9affirmer ses id\u00e9es. Preuve en est son nouveau voyage en Isra\u00ebl et son d\u00e9sir grandissant de venir y vivre.<br \/><br \/>Pour lire l&rsquo;article original et voir davantage de photos, suivez ce lien vers le site de timesofisrael<br \/><a href=\"https:\/\/fr.timesofisrael.com\/enrico-macias-fait-sensation-a-tel-aviv\/\">Enrico Macias fait sensation \u00e0 Tel Aviv &#8211; The Times of Isra\u00ebl (timesofisrael.com)<\/a><\/p>\n","protected":false},"excerpt":{"rendered":"<p>Apr\u00e8s l&rsquo;avoir suspendue pendant deux ans &#8211; Corona oblige, &#8211; l&rsquo;octog\u00e9naire a enfin commenc\u00e9 sa tourn\u00e9e baptis\u00e9e \u00ab Toi Isra\u00ebl, prends moi dans tes bras \u00bb jusqu&rsquo;au 11 novembre Lundi, 20h, dans l\u2019enceinte de l\u2019auditorium Charles Bronfman de Tel Aviv, &hellip;<\/p>\n<p class=\"read-more\"> <a class=\"more-link\" href=\"https:\/\/enricomaciasloriental.fr\/WordPress\/enrico-macias-fait-sensation-a-tel-aviv\/\"> <span class=\"screen-reader-text\">Enrico Macias fait sensation \u00e0 Tel Aviv<\/span> Read More &raquo;<\/a><\/p>\n","protected":false},"author":36,"featured_media":15895,"comment_status":"open","ping_status":"open","sticky":false,"template":"","format":"standard","meta":{"footnotes":""},"categories":[1],"tags":[],"class_list":["post-15894","post","type-post","status-publish","format-standard","has-post-thumbnail","hentry","category-actualites"],"yoast_head":"<!-- This site is optimized with the Yoast SEO plugin v27.4 - https:\/\/yoast.com\/product\/yoast-seo-wordpress\/ -->\n<title>Enrico Macias fait sensation \u00e0 Tel Aviv - ENRICO MACIAS L&#039;Oriental<\/title>\n<meta name=\"robots\" content=\"index, follow, max-snippet:-1, max-image-preview:large, max-video-preview:-1\" \/>\n<link rel=\"canonical\" href=\"https:\/\/enricomaciasloriental.fr\/WordPress\/enrico-macias-fait-sensation-a-tel-aviv\/\" \/>\n<meta property=\"og:locale\" content=\"fr_FR\" \/>\n<meta property=\"og:type\" content=\"article\" \/>\n<meta property=\"og:title\" content=\"Enrico Macias fait sensation \u00e0 Tel Aviv - ENRICO MACIAS L&#039;Oriental\" \/>\n<meta property=\"og:description\" content=\"Apr\u00e8s l&rsquo;avoir suspendue pendant deux ans &#8211; Corona oblige, &#8211; l&rsquo;octog\u00e9naire a enfin commenc\u00e9 sa tourn\u00e9e baptis\u00e9e \u00ab Toi Isra\u00ebl, prends moi dans tes bras \u00bb jusqu&rsquo;au 11 novembre Lundi, 20h, dans l\u2019enceinte de l\u2019auditorium Charles Bronfman de Tel Aviv, &hellip; Enrico Macias fait sensation \u00e0 Tel Aviv Read More &raquo;\" \/>\n<meta property=\"og:url\" content=\"https:\/\/enricomaciasloriental.fr\/WordPress\/enrico-macias-fait-sensation-a-tel-aviv\/\" \/>\n<meta property=\"og:site_name\" content=\"ENRICO MACIAS L&#039;Oriental\" \/>\n<meta property=\"article:published_time\" content=\"2021-11-04T15:33:22+00:00\" \/>\n<meta property=\"article:modified_time\" content=\"2021-11-04T15:33:24+00:00\" \/>\n<meta property=\"og:image\" content=\"https:\/\/enricomaciasloriental.fr\/WordPress\/wp-content\/uploads\/\/2021\/11\/251990450_607971783574242_5066356660254560747_n-1024x640-1.jpg\" \/>\n\t<meta property=\"og:image:width\" content=\"1024\" \/>\n\t<meta property=\"og:image:height\" content=\"640\" \/>\n\t<meta property=\"og:image:type\" content=\"image\/jpeg\" \/>\n<meta name=\"author\" content=\"Loriental\" \/>\n<meta name=\"twitter:card\" content=\"summary_large_image\" \/>\n<meta name=\"twitter:label1\" content=\"\u00c9crit par\" \/>\n\t<meta name=\"twitter:data1\" content=\"Loriental\" \/>\n\t<meta name=\"twitter:label2\" content=\"Dur\u00e9e de lecture estim\u00e9e\" \/>\n\t<meta name=\"twitter:data2\" content=\"5 minutes\" \/>\n<script type=\"application\/ld+json\" class=\"yoast-schema-graph\">{\"@context\":\"https:\\\/\\\/schema.org\",\"@graph\":[{\"@type\":\"Article\",\"@id\":\"https:\\\/\\\/enricomaciasloriental.fr\\\/WordPress\\\/enrico-macias-fait-sensation-a-tel-aviv\\\/#article\",\"isPartOf\":{\"@id\":\"https:\\\/\\\/enricomaciasloriental.fr\\\/WordPress\\\/enrico-macias-fait-sensation-a-tel-aviv\\\/\"},\"author\":{\"name\":\"Loriental\",\"@id\":\"https:\\\/\\\/enricomaciasloriental.fr\\\/WordPress\\\/#\\\/schema\\\/person\\\/53fba112c6f4f0b335578890a816262e\"},\"headline\":\"Enrico Macias fait sensation \u00e0 Tel Aviv\",\"datePublished\":\"2021-11-04T15:33:22+00:00\",\"dateModified\":\"2021-11-04T15:33:24+00:00\",\"mainEntityOfPage\":{\"@id\":\"https:\\\/\\\/enricomaciasloriental.fr\\\/WordPress\\\/enrico-macias-fait-sensation-a-tel-aviv\\\/\"},\"wordCount\":1051,\"commentCount\":0,\"publisher\":{\"@id\":\"https:\\\/\\\/enricomaciasloriental.fr\\\/WordPress\\\/#\\\/schema\\\/person\\\/53fba112c6f4f0b335578890a816262e\"},\"image\":{\"@id\":\"https:\\\/\\\/enricomaciasloriental.fr\\\/WordPress\\\/enrico-macias-fait-sensation-a-tel-aviv\\\/#primaryimage\"},\"thumbnailUrl\":\"https:\\\/\\\/enricomaciasloriental.fr\\\/WordPress\\\/wp-content\\\/uploads\\\/\\\/2021\\\/11\\\/251990450_607971783574242_5066356660254560747_n-1024x640-1.jpg\",\"articleSection\":[\"Actualit\u00e9s\"],\"inLanguage\":\"fr-FR\",\"potentialAction\":[{\"@type\":\"CommentAction\",\"name\":\"Comment\",\"target\":[\"https:\\\/\\\/enricomaciasloriental.fr\\\/WordPress\\\/enrico-macias-fait-sensation-a-tel-aviv\\\/#respond\"]}]},{\"@type\":\"WebPage\",\"@id\":\"https:\\\/\\\/enricomaciasloriental.fr\\\/WordPress\\\/enrico-macias-fait-sensation-a-tel-aviv\\\/\",\"url\":\"https:\\\/\\\/enricomaciasloriental.fr\\\/WordPress\\\/enrico-macias-fait-sensation-a-tel-aviv\\\/\",\"name\":\"Enrico Macias fait sensation \u00e0 Tel Aviv - ENRICO MACIAS L&#039;Oriental\",\"isPartOf\":{\"@id\":\"https:\\\/\\\/enricomaciasloriental.fr\\\/WordPress\\\/#website\"},\"primaryImageOfPage\":{\"@id\":\"https:\\\/\\\/enricomaciasloriental.fr\\\/WordPress\\\/enrico-macias-fait-sensation-a-tel-aviv\\\/#primaryimage\"},\"image\":{\"@id\":\"https:\\\/\\\/enricomaciasloriental.fr\\\/WordPress\\\/enrico-macias-fait-sensation-a-tel-aviv\\\/#primaryimage\"},\"thumbnailUrl\":\"https:\\\/\\\/enricomaciasloriental.fr\\\/WordPress\\\/wp-content\\\/uploads\\\/\\\/2021\\\/11\\\/251990450_607971783574242_5066356660254560747_n-1024x640-1.jpg\",\"datePublished\":\"2021-11-04T15:33:22+00:00\",\"dateModified\":\"2021-11-04T15:33:24+00:00\",\"breadcrumb\":{\"@id\":\"https:\\\/\\\/enricomaciasloriental.fr\\\/WordPress\\\/enrico-macias-fait-sensation-a-tel-aviv\\\/#breadcrumb\"},\"inLanguage\":\"fr-FR\",\"potentialAction\":[{\"@type\":\"ReadAction\",\"target\":[\"https:\\\/\\\/enricomaciasloriental.fr\\\/WordPress\\\/enrico-macias-fait-sensation-a-tel-aviv\\\/\"]}]},{\"@type\":\"ImageObject\",\"inLanguage\":\"fr-FR\",\"@id\":\"https:\\\/\\\/enricomaciasloriental.fr\\\/WordPress\\\/enrico-macias-fait-sensation-a-tel-aviv\\\/#primaryimage\",\"url\":\"https:\\\/\\\/enricomaciasloriental.fr\\\/WordPress\\\/wp-content\\\/uploads\\\/\\\/2021\\\/11\\\/251990450_607971783574242_5066356660254560747_n-1024x640-1.jpg\",\"contentUrl\":\"https:\\\/\\\/enricomaciasloriental.fr\\\/WordPress\\\/wp-content\\\/uploads\\\/\\\/2021\\\/11\\\/251990450_607971783574242_5066356660254560747_n-1024x640-1.jpg\",\"width\":1024,\"height\":640},{\"@type\":\"BreadcrumbList\",\"@id\":\"https:\\\/\\\/enricomaciasloriental.fr\\\/WordPress\\\/enrico-macias-fait-sensation-a-tel-aviv\\\/#breadcrumb\",\"itemListElement\":[{\"@type\":\"ListItem\",\"position\":1,\"name\":\"Accueil\",\"item\":\"https:\\\/\\\/enricomaciasloriental.fr\\\/WordPress\\\/\"},{\"@type\":\"ListItem\",\"position\":2,\"name\":\"Enrico Macias fait sensation \u00e0 Tel Aviv\"}]},{\"@type\":\"WebSite\",\"@id\":\"https:\\\/\\\/enricomaciasloriental.fr\\\/WordPress\\\/#website\",\"url\":\"https:\\\/\\\/enricomaciasloriental.fr\\\/WordPress\\\/\",\"name\":\"ENRICO MACIAS L'Oriental\",\"description\":\"IL EST COMME LE SOLEIL\",\"publisher\":{\"@id\":\"https:\\\/\\\/enricomaciasloriental.fr\\\/WordPress\\\/#\\\/schema\\\/person\\\/53fba112c6f4f0b335578890a816262e\"},\"potentialAction\":[{\"@type\":\"SearchAction\",\"target\":{\"@type\":\"EntryPoint\",\"urlTemplate\":\"https:\\\/\\\/enricomaciasloriental.fr\\\/WordPress\\\/?s={search_term_string}\"},\"query-input\":{\"@type\":\"PropertyValueSpecification\",\"valueRequired\":true,\"valueName\":\"search_term_string\"}}],\"inLanguage\":\"fr-FR\"},{\"@type\":[\"Person\",\"Organization\"],\"@id\":\"https:\\\/\\\/enricomaciasloriental.fr\\\/WordPress\\\/#\\\/schema\\\/person\\\/53fba112c6f4f0b335578890a816262e\",\"name\":\"Loriental\",\"image\":{\"@type\":\"ImageObject\",\"inLanguage\":\"fr-FR\",\"@id\":\"https:\\\/\\\/enricomaciasloriental.fr\\\/WordPress\\\/wp-content\\\/uploads\\\/\\\/2015\\\/02\\\/cropped-bannier_altaiir-enrico.jpg\",\"url\":\"https:\\\/\\\/enricomaciasloriental.fr\\\/WordPress\\\/wp-content\\\/uploads\\\/\\\/2015\\\/02\\\/cropped-bannier_altaiir-enrico.jpg\",\"contentUrl\":\"https:\\\/\\\/enricomaciasloriental.fr\\\/WordPress\\\/wp-content\\\/uploads\\\/\\\/2015\\\/02\\\/cropped-bannier_altaiir-enrico.jpg\",\"width\":1200,\"height\":150,\"caption\":\"Loriental\"},\"logo\":{\"@id\":\"https:\\\/\\\/enricomaciasloriental.fr\\\/WordPress\\\/wp-content\\\/uploads\\\/\\\/2015\\\/02\\\/cropped-bannier_altaiir-enrico.jpg\"},\"sameAs\":[\"http:\\\/\\\/www.enricomaciasloriental.fr\\\/\"]}]}<\/script>\n<!-- \/ Yoast SEO plugin. -->","yoast_head_json":{"title":"Enrico Macias fait sensation \u00e0 Tel Aviv - ENRICO MACIAS L&#039;Oriental","robots":{"index":"index","follow":"follow","max-snippet":"max-snippet:-1","max-image-preview":"max-image-preview:large","max-video-preview":"max-video-preview:-1"},"canonical":"https:\/\/enricomaciasloriental.fr\/WordPress\/enrico-macias-fait-sensation-a-tel-aviv\/","og_locale":"fr_FR","og_type":"article","og_title":"Enrico Macias fait sensation \u00e0 Tel Aviv - ENRICO MACIAS L&#039;Oriental","og_description":"Apr\u00e8s l&rsquo;avoir suspendue pendant deux ans &#8211; Corona oblige, &#8211; l&rsquo;octog\u00e9naire a enfin commenc\u00e9 sa tourn\u00e9e baptis\u00e9e \u00ab Toi Isra\u00ebl, prends moi dans tes bras \u00bb jusqu&rsquo;au 11 novembre Lundi, 20h, dans l\u2019enceinte de l\u2019auditorium Charles Bronfman de Tel Aviv, &hellip; Enrico Macias fait sensation \u00e0 Tel Aviv Read More &raquo;","og_url":"https:\/\/enricomaciasloriental.fr\/WordPress\/enrico-macias-fait-sensation-a-tel-aviv\/","og_site_name":"ENRICO MACIAS L&#039;Oriental","article_published_time":"2021-11-04T15:33:22+00:00","article_modified_time":"2021-11-04T15:33:24+00:00","og_image":[{"width":1024,"height":640,"url":"https:\/\/enricomaciasloriental.fr\/WordPress\/wp-content\/uploads\/\/2021\/11\/251990450_607971783574242_5066356660254560747_n-1024x640-1.jpg","type":"image\/jpeg"}],"author":"Loriental","twitter_card":"summary_large_image","twitter_misc":{"\u00c9crit par":"Loriental","Dur\u00e9e de lecture estim\u00e9e":"5 minutes"},"schema":{"@context":"https:\/\/schema.org","@graph":[{"@type":"Article","@id":"https:\/\/enricomaciasloriental.fr\/WordPress\/enrico-macias-fait-sensation-a-tel-aviv\/#article","isPartOf":{"@id":"https:\/\/enricomaciasloriental.fr\/WordPress\/enrico-macias-fait-sensation-a-tel-aviv\/"},"author":{"name":"Loriental","@id":"https:\/\/enricomaciasloriental.fr\/WordPress\/#\/schema\/person\/53fba112c6f4f0b335578890a816262e"},"headline":"Enrico Macias fait sensation \u00e0 Tel Aviv","datePublished":"2021-11-04T15:33:22+00:00","dateModified":"2021-11-04T15:33:24+00:00","mainEntityOfPage":{"@id":"https:\/\/enricomaciasloriental.fr\/WordPress\/enrico-macias-fait-sensation-a-tel-aviv\/"},"wordCount":1051,"commentCount":0,"publisher":{"@id":"https:\/\/enricomaciasloriental.fr\/WordPress\/#\/schema\/person\/53fba112c6f4f0b335578890a816262e"},"image":{"@id":"https:\/\/enricomaciasloriental.fr\/WordPress\/enrico-macias-fait-sensation-a-tel-aviv\/#primaryimage"},"thumbnailUrl":"https:\/\/enricomaciasloriental.fr\/WordPress\/wp-content\/uploads\/\/2021\/11\/251990450_607971783574242_5066356660254560747_n-1024x640-1.jpg","articleSection":["Actualit\u00e9s"],"inLanguage":"fr-FR","potentialAction":[{"@type":"CommentAction","name":"Comment","target":["https:\/\/enricomaciasloriental.fr\/WordPress\/enrico-macias-fait-sensation-a-tel-aviv\/#respond"]}]},{"@type":"WebPage","@id":"https:\/\/enricomaciasloriental.fr\/WordPress\/enrico-macias-fait-sensation-a-tel-aviv\/","url":"https:\/\/enricomaciasloriental.fr\/WordPress\/enrico-macias-fait-sensation-a-tel-aviv\/","name":"Enrico Macias fait sensation \u00e0 Tel Aviv - ENRICO MACIAS L&#039;Oriental","isPartOf":{"@id":"https:\/\/enricomaciasloriental.fr\/WordPress\/#website"},"primaryImageOfPage":{"@id":"https:\/\/enricomaciasloriental.fr\/WordPress\/enrico-macias-fait-sensation-a-tel-aviv\/#primaryimage"},"image":{"@id":"https:\/\/enricomaciasloriental.fr\/WordPress\/enrico-macias-fait-sensation-a-tel-aviv\/#primaryimage"},"thumbnailUrl":"https:\/\/enricomaciasloriental.fr\/WordPress\/wp-content\/uploads\/\/2021\/11\/251990450_607971783574242_5066356660254560747_n-1024x640-1.jpg","datePublished":"2021-11-04T15:33:22+00:00","dateModified":"2021-11-04T15:33:24+00:00","breadcrumb":{"@id":"https:\/\/enricomaciasloriental.fr\/WordPress\/enrico-macias-fait-sensation-a-tel-aviv\/#breadcrumb"},"inLanguage":"fr-FR","potentialAction":[{"@type":"ReadAction","target":["https:\/\/enricomaciasloriental.fr\/WordPress\/enrico-macias-fait-sensation-a-tel-aviv\/"]}]},{"@type":"ImageObject","inLanguage":"fr-FR","@id":"https:\/\/enricomaciasloriental.fr\/WordPress\/enrico-macias-fait-sensation-a-tel-aviv\/#primaryimage","url":"https:\/\/enricomaciasloriental.fr\/WordPress\/wp-content\/uploads\/\/2021\/11\/251990450_607971783574242_5066356660254560747_n-1024x640-1.jpg","contentUrl":"https:\/\/enricomaciasloriental.fr\/WordPress\/wp-content\/uploads\/\/2021\/11\/251990450_607971783574242_5066356660254560747_n-1024x640-1.jpg","width":1024,"height":640},{"@type":"BreadcrumbList","@id":"https:\/\/enricomaciasloriental.fr\/WordPress\/enrico-macias-fait-sensation-a-tel-aviv\/#breadcrumb","itemListElement":[{"@type":"ListItem","position":1,"name":"Accueil","item":"https:\/\/enricomaciasloriental.fr\/WordPress\/"},{"@type":"ListItem","position":2,"name":"Enrico Macias fait sensation \u00e0 Tel Aviv"}]},{"@type":"WebSite","@id":"https:\/\/enricomaciasloriental.fr\/WordPress\/#website","url":"https:\/\/enricomaciasloriental.fr\/WordPress\/","name":"ENRICO MACIAS L'Oriental","description":"IL EST COMME LE SOLEIL","publisher":{"@id":"https:\/\/enricomaciasloriental.fr\/WordPress\/#\/schema\/person\/53fba112c6f4f0b335578890a816262e"},"potentialAction":[{"@type":"SearchAction","target":{"@type":"EntryPoint","urlTemplate":"https:\/\/enricomaciasloriental.fr\/WordPress\/?s={search_term_string}"},"query-input":{"@type":"PropertyValueSpecification","valueRequired":true,"valueName":"search_term_string"}}],"inLanguage":"fr-FR"},{"@type":["Person","Organization"],"@id":"https:\/\/enricomaciasloriental.fr\/WordPress\/#\/schema\/person\/53fba112c6f4f0b335578890a816262e","name":"Loriental","image":{"@type":"ImageObject","inLanguage":"fr-FR","@id":"https:\/\/enricomaciasloriental.fr\/WordPress\/wp-content\/uploads\/\/2015\/02\/cropped-bannier_altaiir-enrico.jpg","url":"https:\/\/enricomaciasloriental.fr\/WordPress\/wp-content\/uploads\/\/2015\/02\/cropped-bannier_altaiir-enrico.jpg","contentUrl":"https:\/\/enricomaciasloriental.fr\/WordPress\/wp-content\/uploads\/\/2015\/02\/cropped-bannier_altaiir-enrico.jpg","width":1200,"height":150,"caption":"Loriental"},"logo":{"@id":"https:\/\/enricomaciasloriental.fr\/WordPress\/wp-content\/uploads\/\/2015\/02\/cropped-bannier_altaiir-enrico.jpg"},"sameAs":["http:\/\/www.enricomaciasloriental.fr\/"]}]}},"featured_image_src":"https:\/\/enricomaciasloriental.fr\/WordPress\/wp-content\/uploads\/\/2021\/11\/251990450_607971783574242_5066356660254560747_n-1024x640-1.jpg","featured_image_src_square":"https:\/\/enricomaciasloriental.fr\/WordPress\/wp-content\/uploads\/\/2021\/11\/251990450_607971783574242_5066356660254560747_n-1024x640-1.jpg","author_info":{"display_name":"Loriental","author_link":"https:\/\/enricomaciasloriental.fr\/WordPress\/author\/admin9234\/"},"rbea_author_info":{"display_name":"Loriental","author_link":"https:\/\/enricomaciasloriental.fr\/WordPress\/author\/admin9234\/"},"rbea_excerpt_info":"Apr\u00e8s l&rsquo;avoir suspendue pendant deux ans &#8211; Corona oblige, &#8211; l&rsquo;octog\u00e9naire a enfin commenc\u00e9 sa tourn\u00e9e baptis\u00e9e \u00ab Toi Isra\u00ebl, prends moi dans tes bras \u00bb jusqu&rsquo;au 11 novembre Lundi, 20h, dans l\u2019enceinte de l\u2019auditorium Charles Bronfman de Tel Aviv, &hellip;<p class=\"read-more\"> <a class=\"more-link\" href=\"https:\/\/enricomaciasloriental.fr\/WordPress\/enrico-macias-fait-sensation-a-tel-aviv\/\"> <span class=\"screen-reader-text\">Enrico Macias fait sensation \u00e0 Tel Aviv<\/span> Read More &raquo;<\/a><\/p>","category_list":"<a href=\"https:\/\/enricomaciasloriental.fr\/WordPress\/category\/actualites\/\">Actualit\u00e9s<\/a>","comments_num":"0 comments","_links":{"self":[{"href":"https:\/\/enricomaciasloriental.fr\/WordPress\/wp-json\/wp\/v2\/posts\/15894","targetHints":{"allow":["GET"]}}],"collection":[{"href":"https:\/\/enricomaciasloriental.fr\/WordPress\/wp-json\/wp\/v2\/posts"}],"about":[{"href":"https:\/\/enricomaciasloriental.fr\/WordPress\/wp-json\/wp\/v2\/types\/post"}],"author":[{"embeddable":true,"href":"https:\/\/enricomaciasloriental.fr\/WordPress\/wp-json\/wp\/v2\/users\/36"}],"replies":[{"embeddable":true,"href":"https:\/\/enricomaciasloriental.fr\/WordPress\/wp-json\/wp\/v2\/comments?post=15894"}],"version-history":[{"count":0,"href":"https:\/\/enricomaciasloriental.fr\/WordPress\/wp-json\/wp\/v2\/posts\/15894\/revisions"}],"wp:featuredmedia":[{"embeddable":true,"href":"https:\/\/enricomaciasloriental.fr\/WordPress\/wp-json\/wp\/v2\/media\/15895"}],"wp:attachment":[{"href":"https:\/\/enricomaciasloriental.fr\/WordPress\/wp-json\/wp\/v2\/media?parent=15894"}],"wp:term":[{"taxonomy":"category","embeddable":true,"href":"https:\/\/enricomaciasloriental.fr\/WordPress\/wp-json\/wp\/v2\/categories?post=15894"},{"taxonomy":"post_tag","embeddable":true,"href":"https:\/\/enricomaciasloriental.fr\/WordPress\/wp-json\/wp\/v2\/tags?post=15894"}],"curies":[{"name":"wp","href":"https:\/\/api.w.org\/{rel}","templated":true}]}}