{"id":15933,"date":"2021-12-09T21:12:26","date_gmt":"2021-12-09T20:12:26","guid":{"rendered":"http:\/\/enricomaciasloriental.fr\/WordPress\/?p=15933"},"modified":"2021-12-09T21:12:28","modified_gmt":"2021-12-09T20:12:28","slug":"enrico-macias-linattendu-documentaire-inedit-de-mireille-dumas-le-27-decembre-sur-france-3","status":"publish","type":"post","link":"https:\/\/enricomaciasloriental.fr\/WordPress\/enrico-macias-linattendu-documentaire-inedit-de-mireille-dumas-le-27-decembre-sur-france-3\/","title":{"rendered":"ENRICO MACIAS, L&rsquo;INATTENDU : DOCUMENTAIRE IN\u00c9DIT DE MIREILLE DUMAS, LE 27 D\u00c9CEMBRE SUR FRANCE 3"},"content":{"rendered":"\n<figure class=\"wp-block-image size-large\"><img fetchpriority=\"high\" decoding=\"async\" width=\"1024\" height=\"668\" src=\"https:\/\/enricomaciasloriental.fr\/WordPress\/wp-content\/uploads\/\/2021\/12\/image_0953084_20211209_ob_7b9928_enrico-macias-linattendu-preview-2300-1024x668.jpg\" alt=\"\" class=\"wp-image-15934\" srcset=\"https:\/\/enricomaciasloriental.fr\/WordPress\/wp-content\/uploads\/2021\/12\/image_0953084_20211209_ob_7b9928_enrico-macias-linattendu-preview-2300-1024x668.jpg 1024w, https:\/\/enricomaciasloriental.fr\/WordPress\/wp-content\/uploads\/2021\/12\/image_0953084_20211209_ob_7b9928_enrico-macias-linattendu-preview-2300-350x228.jpg 350w, https:\/\/enricomaciasloriental.fr\/WordPress\/wp-content\/uploads\/2021\/12\/image_0953084_20211209_ob_7b9928_enrico-macias-linattendu-preview-2300-768x501.jpg 768w, https:\/\/enricomaciasloriental.fr\/WordPress\/wp-content\/uploads\/2021\/12\/image_0953084_20211209_ob_7b9928_enrico-macias-linattendu-preview-2300-1536x1001.jpg 1536w, https:\/\/enricomaciasloriental.fr\/WordPress\/wp-content\/uploads\/2021\/12\/image_0953084_20211209_ob_7b9928_enrico-macias-linattendu-preview-2300-100x65.jpg 100w, https:\/\/enricomaciasloriental.fr\/WordPress\/wp-content\/uploads\/2021\/12\/image_0953084_20211209_ob_7b9928_enrico-macias-linattendu-preview-2300-150x98.jpg 150w, https:\/\/enricomaciasloriental.fr\/WordPress\/wp-content\/uploads\/2021\/12\/image_0953084_20211209_ob_7b9928_enrico-macias-linattendu-preview-2300-200x130.jpg 200w, https:\/\/enricomaciasloriental.fr\/WordPress\/wp-content\/uploads\/2021\/12\/image_0953084_20211209_ob_7b9928_enrico-macias-linattendu-preview-2300-300x196.jpg 300w, https:\/\/enricomaciasloriental.fr\/WordPress\/wp-content\/uploads\/2021\/12\/image_0953084_20211209_ob_7b9928_enrico-macias-linattendu-preview-2300-450x293.jpg 450w, https:\/\/enricomaciasloriental.fr\/WordPress\/wp-content\/uploads\/2021\/12\/image_0953084_20211209_ob_7b9928_enrico-macias-linattendu-preview-2300-600x391.jpg 600w, https:\/\/enricomaciasloriental.fr\/WordPress\/wp-content\/uploads\/2021\/12\/image_0953084_20211209_ob_7b9928_enrico-macias-linattendu-preview-2300-900x587.jpg 900w, https:\/\/enricomaciasloriental.fr\/WordPress\/wp-content\/uploads\/2021\/12\/image_0953084_20211209_ob_7b9928_enrico-macias-linattendu-preview-2300.jpg 1600w\" sizes=\"(max-width: 1024px) 100vw, 1024px\" \/><figcaption>Cr\u00e9dit photo \u00a9 Jacques Chevry &#8211; INA.<\/figcaption><\/figure>\n\n\n\n<p>By Pascal 09\/12 16h08<\/p>\n\n\n\n<p>Enrico Macias, l&rsquo;inattendu : un documentaire in\u00e9dit, de Mireille Dumas, programm\u00e9 le lundi 27 d\u00e9cembre \u00e0 23 heures sur France 3.<\/p>\n\n\n\n<p><em>\u00ab\u00a0On pense tout conna\u00eetre d\u2019Enrico Macias : sa vie, ses chansons, son engagement pour la paix. Mais il existe des facettes plus inattendues de l\u2019artiste : son autod\u00e9rision, son humour et sa fantaisie. Des talents que Philippe Bouvard ou Maritie et Gilbert Carpentier ont mis en valeur dans leurs \u00e9missions de vari\u00e9t\u00e9s, d\u00e8s les ann\u00e9es 70, \u00e0 l\u2019occasion de parodies d\u00e9sopilantes en solo ou avec Sheila et Ringo, Annie Cordy, Robert Castel, Carlos ou bien encore Yves Lecoq\u2026<\/em><\/p>\n\n\n\n<p><em>Ce go\u00fbt pour la com\u00e9die lui a ouvert les portes du cin\u00e9ma, \u00e0 plus de soixante ans, dans le film \u00ab La V\u00e9rit\u00e9 si je mens \u00bb. Artiste \u0153cum\u00e9nique et virtuose, il chante dans toutes les langues. Les duos avec Dalida, Claude Fran\u00e7ois ou encore Charles Aznavour sont de vrais petits bijoux. Intuitif et avis\u00e9, il a lanc\u00e9 de jeunes guitaristes de flamenco\u2026 les futurs Gipsy King. Pas \u00e9tonnant de le retrouver sur sc\u00e8ne avec Kendji Girac.<\/em><\/p>\n\n\n\n<p><em>En 60 ans de carri\u00e8re, ce v\u00e9ritable show-man aura ainsi c\u00f4toy\u00e9 plusieurs g\u00e9n\u00e9rations d\u2019artistes. Une personnalit\u00e9 aussi riche ne pouvait que susciter l\u2019admiration de plus jeunes comme Gad Elmaleh ou Jamel Debbouze qui nous offre avec l\u2019interpr\u00e8te de \u00ab L\u2019Oriental \u00bb un bel instant de rire et d\u2019\u00e9motion\u00a0\u00bb.<\/em><\/p>\n\n\n\n<p>Au fil d\u2019archives rarement diffus\u00e9es, c\u2019est un portrait inattendu d\u2019Enrico Macias qui se dessine gr\u00e2ce \u00e0 sa complicit\u00e9 avec Mireille Dumas et \u00e0 celle de ses amis, est-il annonc\u00e9.<\/p>\n\n\n\n<p>Article paru le 9 dec 2021 sur <a href=\"https:\/\/www.leblogtvnews.com\/2021\/12\/enrico-macias-l-inattendu-documentaire-inedit-de-mireille-dumas-le-27-decembre-sur-france-3.html\" target=\"_blank\" rel=\"noreferrer noopener\">leblogtvnews<\/a><\/p>\n","protected":false},"excerpt":{"rendered":"<p>By Pascal 09\/12 16h08 Enrico Macias, l&rsquo;inattendu : un documentaire in\u00e9dit, de Mireille Dumas, programm\u00e9 le lundi 27 d\u00e9cembre \u00e0 23 heures sur France 3. \u00ab\u00a0On pense tout conna\u00eetre d\u2019Enrico Macias : sa vie, ses chansons, son engagement pour la &hellip;<\/p>\n<p class=\"read-more\"> <a class=\"more-link\" href=\"https:\/\/enricomaciasloriental.fr\/WordPress\/enrico-macias-linattendu-documentaire-inedit-de-mireille-dumas-le-27-decembre-sur-france-3\/\"> <span class=\"screen-reader-text\">ENRICO MACIAS, L&rsquo;INATTENDU : DOCUMENTAIRE IN\u00c9DIT DE MIREILLE DUMAS, LE 27 D\u00c9CEMBRE SUR FRANCE 3<\/span> Read More &raquo;<\/a><\/p>\n","protected":false},"author":36,"featured_media":15934,"comment_status":"open","ping_status":"open","sticky":false,"template":"","format":"standard","meta":{"footnotes":""},"categories":[1],"tags":[],"class_list":["post-15933","post","type-post","status-publish","format-standard","has-post-thumbnail","hentry","category-actualites"],"yoast_head":"<!-- This site is optimized with the Yoast SEO plugin v27.4 - https:\/\/yoast.com\/product\/yoast-seo-wordpress\/ -->\n<title>ENRICO MACIAS, L&#039;INATTENDU : DOCUMENTAIRE IN\u00c9DIT DE MIREILLE DUMAS, LE 27 D\u00c9CEMBRE SUR FRANCE 3 - ENRICO MACIAS L&#039;Oriental<\/title>\n<meta name=\"robots\" content=\"index, follow, max-snippet:-1, max-image-preview:large, max-video-preview:-1\" \/>\n<link rel=\"canonical\" href=\"https:\/\/enricomaciasloriental.fr\/WordPress\/enrico-macias-linattendu-documentaire-inedit-de-mireille-dumas-le-27-decembre-sur-france-3\/\" \/>\n<meta property=\"og:locale\" content=\"fr_FR\" \/>\n<meta property=\"og:type\" content=\"article\" \/>\n<meta property=\"og:title\" content=\"ENRICO MACIAS, L&#039;INATTENDU : DOCUMENTAIRE IN\u00c9DIT DE MIREILLE DUMAS, LE 27 D\u00c9CEMBRE SUR FRANCE 3 - ENRICO MACIAS L&#039;Oriental\" \/>\n<meta property=\"og:description\" content=\"By Pascal 09\/12 16h08 Enrico Macias, l&rsquo;inattendu : un documentaire in\u00e9dit, de Mireille Dumas, programm\u00e9 le lundi 27 d\u00e9cembre \u00e0 23 heures sur France 3. \u00ab\u00a0On pense tout conna\u00eetre d\u2019Enrico Macias : sa vie, ses chansons, son engagement pour la &hellip; ENRICO MACIAS, L&rsquo;INATTENDU : DOCUMENTAIRE IN\u00c9DIT DE MIREILLE DUMAS, LE 27 D\u00c9CEMBRE SUR FRANCE 3 Read More &raquo;\" \/>\n<meta property=\"og:url\" content=\"https:\/\/enricomaciasloriental.fr\/WordPress\/enrico-macias-linattendu-documentaire-inedit-de-mireille-dumas-le-27-decembre-sur-france-3\/\" \/>\n<meta property=\"og:site_name\" content=\"ENRICO MACIAS L&#039;Oriental\" \/>\n<meta property=\"article:published_time\" content=\"2021-12-09T20:12:26+00:00\" \/>\n<meta property=\"article:modified_time\" content=\"2021-12-09T20:12:28+00:00\" \/>\n<meta property=\"og:image\" content=\"https:\/\/enricomaciasloriental.fr\/WordPress\/wp-content\/uploads\/\/2021\/12\/image_0953084_20211209_ob_7b9928_enrico-macias-linattendu-preview-2300.jpg\" \/>\n\t<meta property=\"og:image:width\" content=\"1600\" \/>\n\t<meta property=\"og:image:height\" content=\"1043\" \/>\n\t<meta property=\"og:image:type\" content=\"image\/jpeg\" \/>\n<meta name=\"author\" content=\"Loriental\" \/>\n<meta name=\"twitter:card\" content=\"summary_large_image\" \/>\n<meta name=\"twitter:label1\" content=\"\u00c9crit par\" \/>\n\t<meta name=\"twitter:data1\" content=\"Loriental\" \/>\n\t<meta name=\"twitter:label2\" content=\"Dur\u00e9e de lecture estim\u00e9e\" \/>\n\t<meta name=\"twitter:data2\" content=\"2 minutes\" \/>\n<script type=\"application\/ld+json\" class=\"yoast-schema-graph\">{\"@context\":\"https:\\\/\\\/schema.org\",\"@graph\":[{\"@type\":\"Article\",\"@id\":\"https:\\\/\\\/enricomaciasloriental.fr\\\/WordPress\\\/enrico-macias-linattendu-documentaire-inedit-de-mireille-dumas-le-27-decembre-sur-france-3\\\/#article\",\"isPartOf\":{\"@id\":\"https:\\\/\\\/enricomaciasloriental.fr\\\/WordPress\\\/enrico-macias-linattendu-documentaire-inedit-de-mireille-dumas-le-27-decembre-sur-france-3\\\/\"},\"author\":{\"name\":\"Loriental\",\"@id\":\"https:\\\/\\\/enricomaciasloriental.fr\\\/WordPress\\\/#\\\/schema\\\/person\\\/53fba112c6f4f0b335578890a816262e\"},\"headline\":\"ENRICO MACIAS, L&rsquo;INATTENDU : DOCUMENTAIRE IN\u00c9DIT DE MIREILLE DUMAS, LE 27 D\u00c9CEMBRE SUR FRANCE 3\",\"datePublished\":\"2021-12-09T20:12:26+00:00\",\"dateModified\":\"2021-12-09T20:12:28+00:00\",\"mainEntityOfPage\":{\"@id\":\"https:\\\/\\\/enricomaciasloriental.fr\\\/WordPress\\\/enrico-macias-linattendu-documentaire-inedit-de-mireille-dumas-le-27-decembre-sur-france-3\\\/\"},\"wordCount\":303,\"commentCount\":0,\"publisher\":{\"@id\":\"https:\\\/\\\/enricomaciasloriental.fr\\\/WordPress\\\/#\\\/schema\\\/person\\\/53fba112c6f4f0b335578890a816262e\"},\"image\":{\"@id\":\"https:\\\/\\\/enricomaciasloriental.fr\\\/WordPress\\\/enrico-macias-linattendu-documentaire-inedit-de-mireille-dumas-le-27-decembre-sur-france-3\\\/#primaryimage\"},\"thumbnailUrl\":\"https:\\\/\\\/enricomaciasloriental.fr\\\/WordPress\\\/wp-content\\\/uploads\\\/\\\/2021\\\/12\\\/image_0953084_20211209_ob_7b9928_enrico-macias-linattendu-preview-2300.jpg\",\"articleSection\":[\"Actualit\u00e9s\"],\"inLanguage\":\"fr-FR\",\"potentialAction\":[{\"@type\":\"CommentAction\",\"name\":\"Comment\",\"target\":[\"https:\\\/\\\/enricomaciasloriental.fr\\\/WordPress\\\/enrico-macias-linattendu-documentaire-inedit-de-mireille-dumas-le-27-decembre-sur-france-3\\\/#respond\"]}]},{\"@type\":\"WebPage\",\"@id\":\"https:\\\/\\\/enricomaciasloriental.fr\\\/WordPress\\\/enrico-macias-linattendu-documentaire-inedit-de-mireille-dumas-le-27-decembre-sur-france-3\\\/\",\"url\":\"https:\\\/\\\/enricomaciasloriental.fr\\\/WordPress\\\/enrico-macias-linattendu-documentaire-inedit-de-mireille-dumas-le-27-decembre-sur-france-3\\\/\",\"name\":\"ENRICO MACIAS, L'INATTENDU : DOCUMENTAIRE IN\u00c9DIT DE MIREILLE DUMAS, LE 27 D\u00c9CEMBRE SUR FRANCE 3 - ENRICO MACIAS L&#039;Oriental\",\"isPartOf\":{\"@id\":\"https:\\\/\\\/enricomaciasloriental.fr\\\/WordPress\\\/#website\"},\"primaryImageOfPage\":{\"@id\":\"https:\\\/\\\/enricomaciasloriental.fr\\\/WordPress\\\/enrico-macias-linattendu-documentaire-inedit-de-mireille-dumas-le-27-decembre-sur-france-3\\\/#primaryimage\"},\"image\":{\"@id\":\"https:\\\/\\\/enricomaciasloriental.fr\\\/WordPress\\\/enrico-macias-linattendu-documentaire-inedit-de-mireille-dumas-le-27-decembre-sur-france-3\\\/#primaryimage\"},\"thumbnailUrl\":\"https:\\\/\\\/enricomaciasloriental.fr\\\/WordPress\\\/wp-content\\\/uploads\\\/\\\/2021\\\/12\\\/image_0953084_20211209_ob_7b9928_enrico-macias-linattendu-preview-2300.jpg\",\"datePublished\":\"2021-12-09T20:12:26+00:00\",\"dateModified\":\"2021-12-09T20:12:28+00:00\",\"breadcrumb\":{\"@id\":\"https:\\\/\\\/enricomaciasloriental.fr\\\/WordPress\\\/enrico-macias-linattendu-documentaire-inedit-de-mireille-dumas-le-27-decembre-sur-france-3\\\/#breadcrumb\"},\"inLanguage\":\"fr-FR\",\"potentialAction\":[{\"@type\":\"ReadAction\",\"target\":[\"https:\\\/\\\/enricomaciasloriental.fr\\\/WordPress\\\/enrico-macias-linattendu-documentaire-inedit-de-mireille-dumas-le-27-decembre-sur-france-3\\\/\"]}]},{\"@type\":\"ImageObject\",\"inLanguage\":\"fr-FR\",\"@id\":\"https:\\\/\\\/enricomaciasloriental.fr\\\/WordPress\\\/enrico-macias-linattendu-documentaire-inedit-de-mireille-dumas-le-27-decembre-sur-france-3\\\/#primaryimage\",\"url\":\"https:\\\/\\\/enricomaciasloriental.fr\\\/WordPress\\\/wp-content\\\/uploads\\\/\\\/2021\\\/12\\\/image_0953084_20211209_ob_7b9928_enrico-macias-linattendu-preview-2300.jpg\",\"contentUrl\":\"https:\\\/\\\/enricomaciasloriental.fr\\\/WordPress\\\/wp-content\\\/uploads\\\/\\\/2021\\\/12\\\/image_0953084_20211209_ob_7b9928_enrico-macias-linattendu-preview-2300.jpg\",\"width\":1600,\"height\":1043},{\"@type\":\"BreadcrumbList\",\"@id\":\"https:\\\/\\\/enricomaciasloriental.fr\\\/WordPress\\\/enrico-macias-linattendu-documentaire-inedit-de-mireille-dumas-le-27-decembre-sur-france-3\\\/#breadcrumb\",\"itemListElement\":[{\"@type\":\"ListItem\",\"position\":1,\"name\":\"Accueil\",\"item\":\"https:\\\/\\\/enricomaciasloriental.fr\\\/WordPress\\\/\"},{\"@type\":\"ListItem\",\"position\":2,\"name\":\"ENRICO MACIAS, L&rsquo;INATTENDU : DOCUMENTAIRE IN\u00c9DIT DE MIREILLE DUMAS, LE 27 D\u00c9CEMBRE SUR FRANCE 3\"}]},{\"@type\":\"WebSite\",\"@id\":\"https:\\\/\\\/enricomaciasloriental.fr\\\/WordPress\\\/#website\",\"url\":\"https:\\\/\\\/enricomaciasloriental.fr\\\/WordPress\\\/\",\"name\":\"ENRICO MACIAS L'Oriental\",\"description\":\"IL EST COMME LE SOLEIL\",\"publisher\":{\"@id\":\"https:\\\/\\\/enricomaciasloriental.fr\\\/WordPress\\\/#\\\/schema\\\/person\\\/53fba112c6f4f0b335578890a816262e\"},\"potentialAction\":[{\"@type\":\"SearchAction\",\"target\":{\"@type\":\"EntryPoint\",\"urlTemplate\":\"https:\\\/\\\/enricomaciasloriental.fr\\\/WordPress\\\/?s={search_term_string}\"},\"query-input\":{\"@type\":\"PropertyValueSpecification\",\"valueRequired\":true,\"valueName\":\"search_term_string\"}}],\"inLanguage\":\"fr-FR\"},{\"@type\":[\"Person\",\"Organization\"],\"@id\":\"https:\\\/\\\/enricomaciasloriental.fr\\\/WordPress\\\/#\\\/schema\\\/person\\\/53fba112c6f4f0b335578890a816262e\",\"name\":\"Loriental\",\"image\":{\"@type\":\"ImageObject\",\"inLanguage\":\"fr-FR\",\"@id\":\"https:\\\/\\\/enricomaciasloriental.fr\\\/WordPress\\\/wp-content\\\/uploads\\\/\\\/2015\\\/02\\\/cropped-bannier_altaiir-enrico.jpg\",\"url\":\"https:\\\/\\\/enricomaciasloriental.fr\\\/WordPress\\\/wp-content\\\/uploads\\\/\\\/2015\\\/02\\\/cropped-bannier_altaiir-enrico.jpg\",\"contentUrl\":\"https:\\\/\\\/enricomaciasloriental.fr\\\/WordPress\\\/wp-content\\\/uploads\\\/\\\/2015\\\/02\\\/cropped-bannier_altaiir-enrico.jpg\",\"width\":1200,\"height\":150,\"caption\":\"Loriental\"},\"logo\":{\"@id\":\"https:\\\/\\\/enricomaciasloriental.fr\\\/WordPress\\\/wp-content\\\/uploads\\\/\\\/2015\\\/02\\\/cropped-bannier_altaiir-enrico.jpg\"},\"sameAs\":[\"http:\\\/\\\/www.enricomaciasloriental.fr\\\/\"]}]}<\/script>\n<!-- \/ Yoast SEO plugin. -->","yoast_head_json":{"title":"ENRICO MACIAS, L'INATTENDU : DOCUMENTAIRE IN\u00c9DIT DE MIREILLE DUMAS, LE 27 D\u00c9CEMBRE SUR FRANCE 3 - ENRICO MACIAS L&#039;Oriental","robots":{"index":"index","follow":"follow","max-snippet":"max-snippet:-1","max-image-preview":"max-image-preview:large","max-video-preview":"max-video-preview:-1"},"canonical":"https:\/\/enricomaciasloriental.fr\/WordPress\/enrico-macias-linattendu-documentaire-inedit-de-mireille-dumas-le-27-decembre-sur-france-3\/","og_locale":"fr_FR","og_type":"article","og_title":"ENRICO MACIAS, L'INATTENDU : DOCUMENTAIRE IN\u00c9DIT DE MIREILLE DUMAS, LE 27 D\u00c9CEMBRE SUR FRANCE 3 - ENRICO MACIAS L&#039;Oriental","og_description":"By Pascal 09\/12 16h08 Enrico Macias, l&rsquo;inattendu : un documentaire in\u00e9dit, de Mireille Dumas, programm\u00e9 le lundi 27 d\u00e9cembre \u00e0 23 heures sur France 3. \u00ab\u00a0On pense tout conna\u00eetre d\u2019Enrico Macias : sa vie, ses chansons, son engagement pour la &hellip; ENRICO MACIAS, L&rsquo;INATTENDU : DOCUMENTAIRE IN\u00c9DIT DE MIREILLE DUMAS, LE 27 D\u00c9CEMBRE SUR FRANCE 3 Read More &raquo;","og_url":"https:\/\/enricomaciasloriental.fr\/WordPress\/enrico-macias-linattendu-documentaire-inedit-de-mireille-dumas-le-27-decembre-sur-france-3\/","og_site_name":"ENRICO MACIAS L&#039;Oriental","article_published_time":"2021-12-09T20:12:26+00:00","article_modified_time":"2021-12-09T20:12:28+00:00","og_image":[{"width":1600,"height":1043,"url":"https:\/\/enricomaciasloriental.fr\/WordPress\/wp-content\/uploads\/\/2021\/12\/image_0953084_20211209_ob_7b9928_enrico-macias-linattendu-preview-2300.jpg","type":"image\/jpeg"}],"author":"Loriental","twitter_card":"summary_large_image","twitter_misc":{"\u00c9crit par":"Loriental","Dur\u00e9e de lecture estim\u00e9e":"2 minutes"},"schema":{"@context":"https:\/\/schema.org","@graph":[{"@type":"Article","@id":"https:\/\/enricomaciasloriental.fr\/WordPress\/enrico-macias-linattendu-documentaire-inedit-de-mireille-dumas-le-27-decembre-sur-france-3\/#article","isPartOf":{"@id":"https:\/\/enricomaciasloriental.fr\/WordPress\/enrico-macias-linattendu-documentaire-inedit-de-mireille-dumas-le-27-decembre-sur-france-3\/"},"author":{"name":"Loriental","@id":"https:\/\/enricomaciasloriental.fr\/WordPress\/#\/schema\/person\/53fba112c6f4f0b335578890a816262e"},"headline":"ENRICO MACIAS, L&rsquo;INATTENDU : DOCUMENTAIRE IN\u00c9DIT DE MIREILLE DUMAS, LE 27 D\u00c9CEMBRE SUR FRANCE 3","datePublished":"2021-12-09T20:12:26+00:00","dateModified":"2021-12-09T20:12:28+00:00","mainEntityOfPage":{"@id":"https:\/\/enricomaciasloriental.fr\/WordPress\/enrico-macias-linattendu-documentaire-inedit-de-mireille-dumas-le-27-decembre-sur-france-3\/"},"wordCount":303,"commentCount":0,"publisher":{"@id":"https:\/\/enricomaciasloriental.fr\/WordPress\/#\/schema\/person\/53fba112c6f4f0b335578890a816262e"},"image":{"@id":"https:\/\/enricomaciasloriental.fr\/WordPress\/enrico-macias-linattendu-documentaire-inedit-de-mireille-dumas-le-27-decembre-sur-france-3\/#primaryimage"},"thumbnailUrl":"https:\/\/enricomaciasloriental.fr\/WordPress\/wp-content\/uploads\/\/2021\/12\/image_0953084_20211209_ob_7b9928_enrico-macias-linattendu-preview-2300.jpg","articleSection":["Actualit\u00e9s"],"inLanguage":"fr-FR","potentialAction":[{"@type":"CommentAction","name":"Comment","target":["https:\/\/enricomaciasloriental.fr\/WordPress\/enrico-macias-linattendu-documentaire-inedit-de-mireille-dumas-le-27-decembre-sur-france-3\/#respond"]}]},{"@type":"WebPage","@id":"https:\/\/enricomaciasloriental.fr\/WordPress\/enrico-macias-linattendu-documentaire-inedit-de-mireille-dumas-le-27-decembre-sur-france-3\/","url":"https:\/\/enricomaciasloriental.fr\/WordPress\/enrico-macias-linattendu-documentaire-inedit-de-mireille-dumas-le-27-decembre-sur-france-3\/","name":"ENRICO MACIAS, L'INATTENDU : DOCUMENTAIRE IN\u00c9DIT DE MIREILLE DUMAS, LE 27 D\u00c9CEMBRE SUR FRANCE 3 - ENRICO MACIAS L&#039;Oriental","isPartOf":{"@id":"https:\/\/enricomaciasloriental.fr\/WordPress\/#website"},"primaryImageOfPage":{"@id":"https:\/\/enricomaciasloriental.fr\/WordPress\/enrico-macias-linattendu-documentaire-inedit-de-mireille-dumas-le-27-decembre-sur-france-3\/#primaryimage"},"image":{"@id":"https:\/\/enricomaciasloriental.fr\/WordPress\/enrico-macias-linattendu-documentaire-inedit-de-mireille-dumas-le-27-decembre-sur-france-3\/#primaryimage"},"thumbnailUrl":"https:\/\/enricomaciasloriental.fr\/WordPress\/wp-content\/uploads\/\/2021\/12\/image_0953084_20211209_ob_7b9928_enrico-macias-linattendu-preview-2300.jpg","datePublished":"2021-12-09T20:12:26+00:00","dateModified":"2021-12-09T20:12:28+00:00","breadcrumb":{"@id":"https:\/\/enricomaciasloriental.fr\/WordPress\/enrico-macias-linattendu-documentaire-inedit-de-mireille-dumas-le-27-decembre-sur-france-3\/#breadcrumb"},"inLanguage":"fr-FR","potentialAction":[{"@type":"ReadAction","target":["https:\/\/enricomaciasloriental.fr\/WordPress\/enrico-macias-linattendu-documentaire-inedit-de-mireille-dumas-le-27-decembre-sur-france-3\/"]}]},{"@type":"ImageObject","inLanguage":"fr-FR","@id":"https:\/\/enricomaciasloriental.fr\/WordPress\/enrico-macias-linattendu-documentaire-inedit-de-mireille-dumas-le-27-decembre-sur-france-3\/#primaryimage","url":"https:\/\/enricomaciasloriental.fr\/WordPress\/wp-content\/uploads\/\/2021\/12\/image_0953084_20211209_ob_7b9928_enrico-macias-linattendu-preview-2300.jpg","contentUrl":"https:\/\/enricomaciasloriental.fr\/WordPress\/wp-content\/uploads\/\/2021\/12\/image_0953084_20211209_ob_7b9928_enrico-macias-linattendu-preview-2300.jpg","width":1600,"height":1043},{"@type":"BreadcrumbList","@id":"https:\/\/enricomaciasloriental.fr\/WordPress\/enrico-macias-linattendu-documentaire-inedit-de-mireille-dumas-le-27-decembre-sur-france-3\/#breadcrumb","itemListElement":[{"@type":"ListItem","position":1,"name":"Accueil","item":"https:\/\/enricomaciasloriental.fr\/WordPress\/"},{"@type":"ListItem","position":2,"name":"ENRICO MACIAS, L&rsquo;INATTENDU : DOCUMENTAIRE IN\u00c9DIT DE MIREILLE DUMAS, LE 27 D\u00c9CEMBRE SUR FRANCE 3"}]},{"@type":"WebSite","@id":"https:\/\/enricomaciasloriental.fr\/WordPress\/#website","url":"https:\/\/enricomaciasloriental.fr\/WordPress\/","name":"ENRICO MACIAS L'Oriental","description":"IL EST COMME LE SOLEIL","publisher":{"@id":"https:\/\/enricomaciasloriental.fr\/WordPress\/#\/schema\/person\/53fba112c6f4f0b335578890a816262e"},"potentialAction":[{"@type":"SearchAction","target":{"@type":"EntryPoint","urlTemplate":"https:\/\/enricomaciasloriental.fr\/WordPress\/?s={search_term_string}"},"query-input":{"@type":"PropertyValueSpecification","valueRequired":true,"valueName":"search_term_string"}}],"inLanguage":"fr-FR"},{"@type":["Person","Organization"],"@id":"https:\/\/enricomaciasloriental.fr\/WordPress\/#\/schema\/person\/53fba112c6f4f0b335578890a816262e","name":"Loriental","image":{"@type":"ImageObject","inLanguage":"fr-FR","@id":"https:\/\/enricomaciasloriental.fr\/WordPress\/wp-content\/uploads\/\/2015\/02\/cropped-bannier_altaiir-enrico.jpg","url":"https:\/\/enricomaciasloriental.fr\/WordPress\/wp-content\/uploads\/\/2015\/02\/cropped-bannier_altaiir-enrico.jpg","contentUrl":"https:\/\/enricomaciasloriental.fr\/WordPress\/wp-content\/uploads\/\/2015\/02\/cropped-bannier_altaiir-enrico.jpg","width":1200,"height":150,"caption":"Loriental"},"logo":{"@id":"https:\/\/enricomaciasloriental.fr\/WordPress\/wp-content\/uploads\/\/2015\/02\/cropped-bannier_altaiir-enrico.jpg"},"sameAs":["http:\/\/www.enricomaciasloriental.fr\/"]}]}},"featured_image_src":"https:\/\/enricomaciasloriental.fr\/WordPress\/wp-content\/uploads\/\/2021\/12\/image_0953084_20211209_ob_7b9928_enrico-macias-linattendu-preview-2300.jpg","featured_image_src_square":"https:\/\/enricomaciasloriental.fr\/WordPress\/wp-content\/uploads\/\/2021\/12\/image_0953084_20211209_ob_7b9928_enrico-macias-linattendu-preview-2300.jpg","author_info":{"display_name":"Loriental","author_link":"https:\/\/enricomaciasloriental.fr\/WordPress\/author\/admin9234\/"},"rbea_author_info":{"display_name":"Loriental","author_link":"https:\/\/enricomaciasloriental.fr\/WordPress\/author\/admin9234\/"},"rbea_excerpt_info":"By Pascal 09\/12 16h08 Enrico Macias, l&rsquo;inattendu : un documentaire in\u00e9dit, de Mireille Dumas, programm\u00e9 le lundi 27 d\u00e9cembre \u00e0 23 heures sur France 3. \u00ab\u00a0On pense tout conna\u00eetre d\u2019Enrico Macias : sa vie, ses chansons, son engagement pour la &hellip;<p class=\"read-more\"> <a class=\"more-link\" href=\"https:\/\/enricomaciasloriental.fr\/WordPress\/enrico-macias-linattendu-documentaire-inedit-de-mireille-dumas-le-27-decembre-sur-france-3\/\"> <span class=\"screen-reader-text\">ENRICO MACIAS, L&rsquo;INATTENDU : DOCUMENTAIRE IN\u00c9DIT DE MIREILLE DUMAS, LE 27 D\u00c9CEMBRE SUR FRANCE 3<\/span> Read More &raquo;<\/a><\/p>","category_list":"<a href=\"https:\/\/enricomaciasloriental.fr\/WordPress\/category\/actualites\/\">Actualit\u00e9s<\/a>","comments_num":"0 comments","_links":{"self":[{"href":"https:\/\/enricomaciasloriental.fr\/WordPress\/wp-json\/wp\/v2\/posts\/15933","targetHints":{"allow":["GET"]}}],"collection":[{"href":"https:\/\/enricomaciasloriental.fr\/WordPress\/wp-json\/wp\/v2\/posts"}],"about":[{"href":"https:\/\/enricomaciasloriental.fr\/WordPress\/wp-json\/wp\/v2\/types\/post"}],"author":[{"embeddable":true,"href":"https:\/\/enricomaciasloriental.fr\/WordPress\/wp-json\/wp\/v2\/users\/36"}],"replies":[{"embeddable":true,"href":"https:\/\/enricomaciasloriental.fr\/WordPress\/wp-json\/wp\/v2\/comments?post=15933"}],"version-history":[{"count":0,"href":"https:\/\/enricomaciasloriental.fr\/WordPress\/wp-json\/wp\/v2\/posts\/15933\/revisions"}],"wp:featuredmedia":[{"embeddable":true,"href":"https:\/\/enricomaciasloriental.fr\/WordPress\/wp-json\/wp\/v2\/media\/15934"}],"wp:attachment":[{"href":"https:\/\/enricomaciasloriental.fr\/WordPress\/wp-json\/wp\/v2\/media?parent=15933"}],"wp:term":[{"taxonomy":"category","embeddable":true,"href":"https:\/\/enricomaciasloriental.fr\/WordPress\/wp-json\/wp\/v2\/categories?post=15933"},{"taxonomy":"post_tag","embeddable":true,"href":"https:\/\/enricomaciasloriental.fr\/WordPress\/wp-json\/wp\/v2\/tags?post=15933"}],"curies":[{"name":"wp","href":"https:\/\/api.w.org\/{rel}","templated":true}]}}