{"id":16598,"date":"2022-09-14T10:29:20","date_gmt":"2022-09-14T08:29:20","guid":{"rendered":"https:\/\/enricomaciasloriental.fr\/WordPress\/?p=16598"},"modified":"2022-09-14T10:32:36","modified_gmt":"2022-09-14T08:32:36","slug":"enrico-macias-en-concert-a-la-foire-de-chalons-en-champagne","status":"publish","type":"post","link":"https:\/\/enricomaciasloriental.fr\/WordPress\/enrico-macias-en-concert-a-la-foire-de-chalons-en-champagne\/","title":{"rendered":"Enrico Macias en concert \u00e0 la foire de Ch\u00e2lons en Champagne"},"content":{"rendered":"\n<figure class=\"wp-block-image aligncenter size-full\"><img fetchpriority=\"high\" decoding=\"async\" width=\"700\" height=\"440\" src=\"https:\/\/enricomaciasloriental.fr\/WordPress\/wp-content\/uploads\/\/2022\/09\/Enricochalonseaceaee.jpg\" alt=\"\" class=\"wp-image-16599\" srcset=\"https:\/\/enricomaciasloriental.fr\/WordPress\/wp-content\/uploads\/2022\/09\/Enricochalonseaceaee.jpg 700w, https:\/\/enricomaciasloriental.fr\/WordPress\/wp-content\/uploads\/2022\/09\/Enricochalonseaceaee-350x220.jpg 350w, https:\/\/enricomaciasloriental.fr\/WordPress\/wp-content\/uploads\/2022\/09\/Enricochalonseaceaee-640x402.jpg 640w, https:\/\/enricomaciasloriental.fr\/WordPress\/wp-content\/uploads\/2022\/09\/Enricochalonseaceaee-100x63.jpg 100w, https:\/\/enricomaciasloriental.fr\/WordPress\/wp-content\/uploads\/2022\/09\/Enricochalonseaceaee-150x94.jpg 150w, https:\/\/enricomaciasloriental.fr\/WordPress\/wp-content\/uploads\/2022\/09\/Enricochalonseaceaee-200x126.jpg 200w, https:\/\/enricomaciasloriental.fr\/WordPress\/wp-content\/uploads\/2022\/09\/Enricochalonseaceaee-300x189.jpg 300w, https:\/\/enricomaciasloriental.fr\/WordPress\/wp-content\/uploads\/2022\/09\/Enricochalonseaceaee-450x283.jpg 450w, https:\/\/enricomaciasloriental.fr\/WordPress\/wp-content\/uploads\/2022\/09\/Enricochalonseaceaee-600x377.jpg 600w\" sizes=\"(max-width: 700px) 100vw, 700px\" \/><figcaption>Enrico Macias \u00e0 Ch\u00e2lons en Champagne &#8211; Cr\u00e9dit photo KDI Souidi<\/figcaption><\/figure>\n\n\n\n<p><em>De notre envoy\u00e9 sp\u00e9cial \u00e0 Ch\u00e2lons : Kdi Souidi<\/em><\/p>\n\n\n\n<p>6 ans apr\u00e8s, Enrico \u00e9tait de retour ce 12 septembre 2022 \u00e0 Ch\u00e2lons en Champagne accompagn\u00e9 par l&rsquo;orchestre Al orchestra avec Bruno Bongar\u00e7on \u00e0 la guitare \u00e9lectrique, Abdennour Djemai \u00e0 la guitare acoustique, Jean-Claude Ghrenassia \u00e0 la guitare basse, Amar Mohali aux percussions, Serge Haouzi \u00e0 la batterie, Lionel Teboul aux claviers et Kamel Labbaci au violon qui appara\u00eet en seconde partie du spectacle. Il y a aussi Jean Pierre Boyer dont je dirais qu&rsquo;il est le musicien du son des spectacles d&rsquo;Enrico.<\/p>\n\n\n\n<p>Lorsque je vois les musiciens s&rsquo;installer, je remarque leur tenue vestimentaire blanche et je note ce premier changement. D\u2019habitude, je les vois habill\u00e9s en noir. Une remarquable premi\u00e8re partie est anim\u00e9e par un accord\u00e9oniste accompagn\u00e9 de trois autres musiciens qui rendent un hommage \u00e0 Yvette Horner et \u00e0 Andr\u00e9 Verschueren qui aurait eu 100 ans cette ann\u00e9e.<\/p>\n\n\n\n<p><br \/>Enfin, le spectacle commence. D\u00e8s les premi\u00e8res notes jou\u00e9es, on reconna\u00eet \u00ab&nbsp;il est comme le Soleil&nbsp;\u00bb<br \/>Puis Enrico nous dit qu&rsquo;en rentrant d&rsquo;Alg\u00e9rie il a emmen\u00e9 une guitare avec lui et chante \u00ab&nbsp;oh guitare&nbsp;\u00bb. Un petit solo et Enrico encha\u00eene avec Oranges am\u00e8res. Du rythme avec \u00ab&nbsp;aux talons de ses souliers&nbsp;\u00bb. Puis l&rsquo;incontournable \u00ab&nbsp;Adieu mon pays&nbsp;\u00bb, pays auquel il est rest\u00e9 fid\u00e8le et il enchaine sur \u00ab&nbsp;le voyage&nbsp;\u00bb. Puis vient \u00ab&nbsp;non je n&rsquo;ai pas oubli\u00e9&nbsp;\u00bb et s&rsquo;ensuit \u00ab&nbsp;la femme de mon ami&nbsp;\u00bb, \u00ab&nbsp;Solenzara&nbsp;\u00bb, \u00ab&nbsp;les millionnaires du dimanche&nbsp;\u00bb, \u00ab&nbsp;mon c\u0153ur d &lsquo;attache&nbsp;\u00bb, et \u00ab&nbsp;Paris, donc Ch\u00e2lons tu m&rsquo;as pris dans tes bras&nbsp;\u00bb. Viennent alors \u00ab&nbsp;les gens du Nord&nbsp;\u00bb et \u00ab&nbsp;les enfants de tous pays&nbsp;\u00bb.<br \/>Enrico reprend sa guitare pour une jolie intro et chante \u00ab\u00a0Pour toutes ces raisons je t&rsquo;aime\u00a0\u00bb, cette magnifique chanson en hommage \u00e0 Suzy, son \u00e9pouse.<br \/>Puis arrive \u00ab&nbsp;une fille \u00e0 marier&nbsp;\u00bb avec quelques youyous dans le public et \u00ab&nbsp;les filles de mon pays&nbsp;\u00bb qui sont toujours aussi jolies. Puis Kamel entre en sc\u00e8ne et entame un classique, \u00ab\u00a0Le violon de mon p\u00e8re \u00ab\u00a0. S\u2019ensuit un festival de rythmes et de musique arabo-andalouse&nbsp;: \u00ab&nbsp;Habibi&nbsp;\u00bb, \u00ab&nbsp;Bin el bareh ouel lioum&nbsp;\u00bb, \u00ab&nbsp;Belarej&nbsp;\u00bb, \u00ab&nbsp;Andaloucia&nbsp;\u00bb, et \u00ab&nbsp;Ya rayah&nbsp;\u00bb. \u00ab&nbsp;Le mendiant de l&rsquo;amour&nbsp;\u00bb nous enchante avec en finale \u00ab\u00a0L&rsquo;oriental&nbsp;\u00bb et \u00ab&nbsp;porompompero\u00a0\u00bb.<\/p>\n\n\n\n<p>Bravo Enrico et Merci<\/p>\n\n\n\n<p><\/p>\n\n\n\n<p><em>Et Merci Kdi pour ce compte rendu<\/em><\/p>\n","protected":false},"excerpt":{"rendered":"<p>De notre envoy\u00e9 sp\u00e9cial \u00e0 Ch\u00e2lons : Kdi Souidi 6 ans apr\u00e8s, Enrico \u00e9tait de retour ce 12 septembre 2022 \u00e0 Ch\u00e2lons en Champagne accompagn\u00e9 par l&rsquo;orchestre Al orchestra avec Bruno Bongar\u00e7on \u00e0 la guitare \u00e9lectrique, Abdennour Djemai \u00e0 la &hellip;<\/p>\n<p class=\"read-more\"> <a class=\"more-link\" href=\"https:\/\/enricomaciasloriental.fr\/WordPress\/enrico-macias-en-concert-a-la-foire-de-chalons-en-champagne\/\"> <span class=\"screen-reader-text\">Enrico Macias en concert \u00e0 la foire de Ch\u00e2lons en Champagne<\/span> Read More &raquo;<\/a><\/p>\n","protected":false},"author":36,"featured_media":16599,"comment_status":"open","ping_status":"open","sticky":false,"template":"","format":"standard","meta":{"footnotes":""},"categories":[1],"tags":[],"class_list":["post-16598","post","type-post","status-publish","format-standard","has-post-thumbnail","hentry","category-actualites"],"yoast_head":"<!-- This site is optimized with the Yoast SEO plugin v27.4 - https:\/\/yoast.com\/product\/yoast-seo-wordpress\/ -->\n<title>Enrico Macias en concert \u00e0 la foire de Ch\u00e2lons en Champagne - ENRICO MACIAS L&#039;Oriental<\/title>\n<meta name=\"robots\" content=\"index, follow, max-snippet:-1, max-image-preview:large, max-video-preview:-1\" \/>\n<link rel=\"canonical\" href=\"https:\/\/enricomaciasloriental.fr\/WordPress\/enrico-macias-en-concert-a-la-foire-de-chalons-en-champagne\/\" \/>\n<meta property=\"og:locale\" content=\"fr_FR\" \/>\n<meta property=\"og:type\" content=\"article\" \/>\n<meta property=\"og:title\" content=\"Enrico Macias en concert \u00e0 la foire de Ch\u00e2lons en Champagne - ENRICO MACIAS L&#039;Oriental\" \/>\n<meta property=\"og:description\" content=\"De notre envoy\u00e9 sp\u00e9cial \u00e0 Ch\u00e2lons : Kdi Souidi 6 ans apr\u00e8s, Enrico \u00e9tait de retour ce 12 septembre 2022 \u00e0 Ch\u00e2lons en Champagne accompagn\u00e9 par l&rsquo;orchestre Al orchestra avec Bruno Bongar\u00e7on \u00e0 la guitare \u00e9lectrique, Abdennour Djemai \u00e0 la &hellip; Enrico Macias en concert \u00e0 la foire de Ch\u00e2lons en Champagne Read More &raquo;\" \/>\n<meta property=\"og:url\" content=\"https:\/\/enricomaciasloriental.fr\/WordPress\/enrico-macias-en-concert-a-la-foire-de-chalons-en-champagne\/\" \/>\n<meta property=\"og:site_name\" content=\"ENRICO MACIAS L&#039;Oriental\" \/>\n<meta property=\"article:published_time\" content=\"2022-09-14T08:29:20+00:00\" \/>\n<meta property=\"article:modified_time\" content=\"2022-09-14T08:32:36+00:00\" \/>\n<meta property=\"og:image\" content=\"https:\/\/enricomaciasloriental.fr\/WordPress\/wp-content\/uploads\/\/2022\/09\/Enricochalonseaceaee.jpg\" \/>\n\t<meta property=\"og:image:width\" content=\"700\" \/>\n\t<meta property=\"og:image:height\" content=\"440\" \/>\n\t<meta property=\"og:image:type\" content=\"image\/jpeg\" \/>\n<meta name=\"author\" content=\"Loriental\" \/>\n<meta name=\"twitter:card\" content=\"summary_large_image\" \/>\n<meta name=\"twitter:label1\" content=\"\u00c9crit par\" \/>\n\t<meta name=\"twitter:data1\" content=\"Loriental\" \/>\n\t<meta name=\"twitter:label2\" content=\"Dur\u00e9e de lecture estim\u00e9e\" \/>\n\t<meta name=\"twitter:data2\" content=\"3 minutes\" \/>\n<script type=\"application\/ld+json\" class=\"yoast-schema-graph\">{\"@context\":\"https:\\\/\\\/schema.org\",\"@graph\":[{\"@type\":\"Article\",\"@id\":\"https:\\\/\\\/enricomaciasloriental.fr\\\/WordPress\\\/enrico-macias-en-concert-a-la-foire-de-chalons-en-champagne\\\/#article\",\"isPartOf\":{\"@id\":\"https:\\\/\\\/enricomaciasloriental.fr\\\/WordPress\\\/enrico-macias-en-concert-a-la-foire-de-chalons-en-champagne\\\/\"},\"author\":{\"name\":\"Loriental\",\"@id\":\"https:\\\/\\\/enricomaciasloriental.fr\\\/WordPress\\\/#\\\/schema\\\/person\\\/53fba112c6f4f0b335578890a816262e\"},\"headline\":\"Enrico Macias en concert \u00e0 la foire de Ch\u00e2lons en Champagne\",\"datePublished\":\"2022-09-14T08:29:20+00:00\",\"dateModified\":\"2022-09-14T08:32:36+00:00\",\"mainEntityOfPage\":{\"@id\":\"https:\\\/\\\/enricomaciasloriental.fr\\\/WordPress\\\/enrico-macias-en-concert-a-la-foire-de-chalons-en-champagne\\\/\"},\"wordCount\":458,\"commentCount\":2,\"publisher\":{\"@id\":\"https:\\\/\\\/enricomaciasloriental.fr\\\/WordPress\\\/#\\\/schema\\\/person\\\/53fba112c6f4f0b335578890a816262e\"},\"image\":{\"@id\":\"https:\\\/\\\/enricomaciasloriental.fr\\\/WordPress\\\/enrico-macias-en-concert-a-la-foire-de-chalons-en-champagne\\\/#primaryimage\"},\"thumbnailUrl\":\"https:\\\/\\\/enricomaciasloriental.fr\\\/WordPress\\\/wp-content\\\/uploads\\\/\\\/2022\\\/09\\\/Enricochalonseaceaee.jpg\",\"articleSection\":[\"Actualit\u00e9s\"],\"inLanguage\":\"fr-FR\",\"potentialAction\":[{\"@type\":\"CommentAction\",\"name\":\"Comment\",\"target\":[\"https:\\\/\\\/enricomaciasloriental.fr\\\/WordPress\\\/enrico-macias-en-concert-a-la-foire-de-chalons-en-champagne\\\/#respond\"]}]},{\"@type\":\"WebPage\",\"@id\":\"https:\\\/\\\/enricomaciasloriental.fr\\\/WordPress\\\/enrico-macias-en-concert-a-la-foire-de-chalons-en-champagne\\\/\",\"url\":\"https:\\\/\\\/enricomaciasloriental.fr\\\/WordPress\\\/enrico-macias-en-concert-a-la-foire-de-chalons-en-champagne\\\/\",\"name\":\"Enrico Macias en concert \u00e0 la foire de Ch\u00e2lons en Champagne - ENRICO MACIAS L&#039;Oriental\",\"isPartOf\":{\"@id\":\"https:\\\/\\\/enricomaciasloriental.fr\\\/WordPress\\\/#website\"},\"primaryImageOfPage\":{\"@id\":\"https:\\\/\\\/enricomaciasloriental.fr\\\/WordPress\\\/enrico-macias-en-concert-a-la-foire-de-chalons-en-champagne\\\/#primaryimage\"},\"image\":{\"@id\":\"https:\\\/\\\/enricomaciasloriental.fr\\\/WordPress\\\/enrico-macias-en-concert-a-la-foire-de-chalons-en-champagne\\\/#primaryimage\"},\"thumbnailUrl\":\"https:\\\/\\\/enricomaciasloriental.fr\\\/WordPress\\\/wp-content\\\/uploads\\\/\\\/2022\\\/09\\\/Enricochalonseaceaee.jpg\",\"datePublished\":\"2022-09-14T08:29:20+00:00\",\"dateModified\":\"2022-09-14T08:32:36+00:00\",\"breadcrumb\":{\"@id\":\"https:\\\/\\\/enricomaciasloriental.fr\\\/WordPress\\\/enrico-macias-en-concert-a-la-foire-de-chalons-en-champagne\\\/#breadcrumb\"},\"inLanguage\":\"fr-FR\",\"potentialAction\":[{\"@type\":\"ReadAction\",\"target\":[\"https:\\\/\\\/enricomaciasloriental.fr\\\/WordPress\\\/enrico-macias-en-concert-a-la-foire-de-chalons-en-champagne\\\/\"]}]},{\"@type\":\"ImageObject\",\"inLanguage\":\"fr-FR\",\"@id\":\"https:\\\/\\\/enricomaciasloriental.fr\\\/WordPress\\\/enrico-macias-en-concert-a-la-foire-de-chalons-en-champagne\\\/#primaryimage\",\"url\":\"https:\\\/\\\/enricomaciasloriental.fr\\\/WordPress\\\/wp-content\\\/uploads\\\/\\\/2022\\\/09\\\/Enricochalonseaceaee.jpg\",\"contentUrl\":\"https:\\\/\\\/enricomaciasloriental.fr\\\/WordPress\\\/wp-content\\\/uploads\\\/\\\/2022\\\/09\\\/Enricochalonseaceaee.jpg\",\"width\":700,\"height\":440},{\"@type\":\"BreadcrumbList\",\"@id\":\"https:\\\/\\\/enricomaciasloriental.fr\\\/WordPress\\\/enrico-macias-en-concert-a-la-foire-de-chalons-en-champagne\\\/#breadcrumb\",\"itemListElement\":[{\"@type\":\"ListItem\",\"position\":1,\"name\":\"Accueil\",\"item\":\"https:\\\/\\\/enricomaciasloriental.fr\\\/WordPress\\\/\"},{\"@type\":\"ListItem\",\"position\":2,\"name\":\"Enrico Macias en concert \u00e0 la foire de Ch\u00e2lons en Champagne\"}]},{\"@type\":\"WebSite\",\"@id\":\"https:\\\/\\\/enricomaciasloriental.fr\\\/WordPress\\\/#website\",\"url\":\"https:\\\/\\\/enricomaciasloriental.fr\\\/WordPress\\\/\",\"name\":\"ENRICO MACIAS L'Oriental\",\"description\":\"IL EST COMME LE SOLEIL\",\"publisher\":{\"@id\":\"https:\\\/\\\/enricomaciasloriental.fr\\\/WordPress\\\/#\\\/schema\\\/person\\\/53fba112c6f4f0b335578890a816262e\"},\"potentialAction\":[{\"@type\":\"SearchAction\",\"target\":{\"@type\":\"EntryPoint\",\"urlTemplate\":\"https:\\\/\\\/enricomaciasloriental.fr\\\/WordPress\\\/?s={search_term_string}\"},\"query-input\":{\"@type\":\"PropertyValueSpecification\",\"valueRequired\":true,\"valueName\":\"search_term_string\"}}],\"inLanguage\":\"fr-FR\"},{\"@type\":[\"Person\",\"Organization\"],\"@id\":\"https:\\\/\\\/enricomaciasloriental.fr\\\/WordPress\\\/#\\\/schema\\\/person\\\/53fba112c6f4f0b335578890a816262e\",\"name\":\"Loriental\",\"image\":{\"@type\":\"ImageObject\",\"inLanguage\":\"fr-FR\",\"@id\":\"https:\\\/\\\/enricomaciasloriental.fr\\\/WordPress\\\/wp-content\\\/uploads\\\/\\\/2015\\\/02\\\/cropped-bannier_altaiir-enrico.jpg\",\"url\":\"https:\\\/\\\/enricomaciasloriental.fr\\\/WordPress\\\/wp-content\\\/uploads\\\/\\\/2015\\\/02\\\/cropped-bannier_altaiir-enrico.jpg\",\"contentUrl\":\"https:\\\/\\\/enricomaciasloriental.fr\\\/WordPress\\\/wp-content\\\/uploads\\\/\\\/2015\\\/02\\\/cropped-bannier_altaiir-enrico.jpg\",\"width\":1200,\"height\":150,\"caption\":\"Loriental\"},\"logo\":{\"@id\":\"https:\\\/\\\/enricomaciasloriental.fr\\\/WordPress\\\/wp-content\\\/uploads\\\/\\\/2015\\\/02\\\/cropped-bannier_altaiir-enrico.jpg\"},\"sameAs\":[\"http:\\\/\\\/www.enricomaciasloriental.fr\\\/\"]}]}<\/script>\n<!-- \/ Yoast SEO plugin. -->","yoast_head_json":{"title":"Enrico Macias en concert \u00e0 la foire de Ch\u00e2lons en Champagne - ENRICO MACIAS L&#039;Oriental","robots":{"index":"index","follow":"follow","max-snippet":"max-snippet:-1","max-image-preview":"max-image-preview:large","max-video-preview":"max-video-preview:-1"},"canonical":"https:\/\/enricomaciasloriental.fr\/WordPress\/enrico-macias-en-concert-a-la-foire-de-chalons-en-champagne\/","og_locale":"fr_FR","og_type":"article","og_title":"Enrico Macias en concert \u00e0 la foire de Ch\u00e2lons en Champagne - ENRICO MACIAS L&#039;Oriental","og_description":"De notre envoy\u00e9 sp\u00e9cial \u00e0 Ch\u00e2lons : Kdi Souidi 6 ans apr\u00e8s, Enrico \u00e9tait de retour ce 12 septembre 2022 \u00e0 Ch\u00e2lons en Champagne accompagn\u00e9 par l&rsquo;orchestre Al orchestra avec Bruno Bongar\u00e7on \u00e0 la guitare \u00e9lectrique, Abdennour Djemai \u00e0 la &hellip; Enrico Macias en concert \u00e0 la foire de Ch\u00e2lons en Champagne Read More &raquo;","og_url":"https:\/\/enricomaciasloriental.fr\/WordPress\/enrico-macias-en-concert-a-la-foire-de-chalons-en-champagne\/","og_site_name":"ENRICO MACIAS L&#039;Oriental","article_published_time":"2022-09-14T08:29:20+00:00","article_modified_time":"2022-09-14T08:32:36+00:00","og_image":[{"width":700,"height":440,"url":"https:\/\/enricomaciasloriental.fr\/WordPress\/wp-content\/uploads\/\/2022\/09\/Enricochalonseaceaee.jpg","type":"image\/jpeg"}],"author":"Loriental","twitter_card":"summary_large_image","twitter_misc":{"\u00c9crit par":"Loriental","Dur\u00e9e de lecture estim\u00e9e":"3 minutes"},"schema":{"@context":"https:\/\/schema.org","@graph":[{"@type":"Article","@id":"https:\/\/enricomaciasloriental.fr\/WordPress\/enrico-macias-en-concert-a-la-foire-de-chalons-en-champagne\/#article","isPartOf":{"@id":"https:\/\/enricomaciasloriental.fr\/WordPress\/enrico-macias-en-concert-a-la-foire-de-chalons-en-champagne\/"},"author":{"name":"Loriental","@id":"https:\/\/enricomaciasloriental.fr\/WordPress\/#\/schema\/person\/53fba112c6f4f0b335578890a816262e"},"headline":"Enrico Macias en concert \u00e0 la foire de Ch\u00e2lons en Champagne","datePublished":"2022-09-14T08:29:20+00:00","dateModified":"2022-09-14T08:32:36+00:00","mainEntityOfPage":{"@id":"https:\/\/enricomaciasloriental.fr\/WordPress\/enrico-macias-en-concert-a-la-foire-de-chalons-en-champagne\/"},"wordCount":458,"commentCount":2,"publisher":{"@id":"https:\/\/enricomaciasloriental.fr\/WordPress\/#\/schema\/person\/53fba112c6f4f0b335578890a816262e"},"image":{"@id":"https:\/\/enricomaciasloriental.fr\/WordPress\/enrico-macias-en-concert-a-la-foire-de-chalons-en-champagne\/#primaryimage"},"thumbnailUrl":"https:\/\/enricomaciasloriental.fr\/WordPress\/wp-content\/uploads\/\/2022\/09\/Enricochalonseaceaee.jpg","articleSection":["Actualit\u00e9s"],"inLanguage":"fr-FR","potentialAction":[{"@type":"CommentAction","name":"Comment","target":["https:\/\/enricomaciasloriental.fr\/WordPress\/enrico-macias-en-concert-a-la-foire-de-chalons-en-champagne\/#respond"]}]},{"@type":"WebPage","@id":"https:\/\/enricomaciasloriental.fr\/WordPress\/enrico-macias-en-concert-a-la-foire-de-chalons-en-champagne\/","url":"https:\/\/enricomaciasloriental.fr\/WordPress\/enrico-macias-en-concert-a-la-foire-de-chalons-en-champagne\/","name":"Enrico Macias en concert \u00e0 la foire de Ch\u00e2lons en Champagne - ENRICO MACIAS L&#039;Oriental","isPartOf":{"@id":"https:\/\/enricomaciasloriental.fr\/WordPress\/#website"},"primaryImageOfPage":{"@id":"https:\/\/enricomaciasloriental.fr\/WordPress\/enrico-macias-en-concert-a-la-foire-de-chalons-en-champagne\/#primaryimage"},"image":{"@id":"https:\/\/enricomaciasloriental.fr\/WordPress\/enrico-macias-en-concert-a-la-foire-de-chalons-en-champagne\/#primaryimage"},"thumbnailUrl":"https:\/\/enricomaciasloriental.fr\/WordPress\/wp-content\/uploads\/\/2022\/09\/Enricochalonseaceaee.jpg","datePublished":"2022-09-14T08:29:20+00:00","dateModified":"2022-09-14T08:32:36+00:00","breadcrumb":{"@id":"https:\/\/enricomaciasloriental.fr\/WordPress\/enrico-macias-en-concert-a-la-foire-de-chalons-en-champagne\/#breadcrumb"},"inLanguage":"fr-FR","potentialAction":[{"@type":"ReadAction","target":["https:\/\/enricomaciasloriental.fr\/WordPress\/enrico-macias-en-concert-a-la-foire-de-chalons-en-champagne\/"]}]},{"@type":"ImageObject","inLanguage":"fr-FR","@id":"https:\/\/enricomaciasloriental.fr\/WordPress\/enrico-macias-en-concert-a-la-foire-de-chalons-en-champagne\/#primaryimage","url":"https:\/\/enricomaciasloriental.fr\/WordPress\/wp-content\/uploads\/\/2022\/09\/Enricochalonseaceaee.jpg","contentUrl":"https:\/\/enricomaciasloriental.fr\/WordPress\/wp-content\/uploads\/\/2022\/09\/Enricochalonseaceaee.jpg","width":700,"height":440},{"@type":"BreadcrumbList","@id":"https:\/\/enricomaciasloriental.fr\/WordPress\/enrico-macias-en-concert-a-la-foire-de-chalons-en-champagne\/#breadcrumb","itemListElement":[{"@type":"ListItem","position":1,"name":"Accueil","item":"https:\/\/enricomaciasloriental.fr\/WordPress\/"},{"@type":"ListItem","position":2,"name":"Enrico Macias en concert \u00e0 la foire de Ch\u00e2lons en Champagne"}]},{"@type":"WebSite","@id":"https:\/\/enricomaciasloriental.fr\/WordPress\/#website","url":"https:\/\/enricomaciasloriental.fr\/WordPress\/","name":"ENRICO MACIAS L'Oriental","description":"IL EST COMME LE SOLEIL","publisher":{"@id":"https:\/\/enricomaciasloriental.fr\/WordPress\/#\/schema\/person\/53fba112c6f4f0b335578890a816262e"},"potentialAction":[{"@type":"SearchAction","target":{"@type":"EntryPoint","urlTemplate":"https:\/\/enricomaciasloriental.fr\/WordPress\/?s={search_term_string}"},"query-input":{"@type":"PropertyValueSpecification","valueRequired":true,"valueName":"search_term_string"}}],"inLanguage":"fr-FR"},{"@type":["Person","Organization"],"@id":"https:\/\/enricomaciasloriental.fr\/WordPress\/#\/schema\/person\/53fba112c6f4f0b335578890a816262e","name":"Loriental","image":{"@type":"ImageObject","inLanguage":"fr-FR","@id":"https:\/\/enricomaciasloriental.fr\/WordPress\/wp-content\/uploads\/\/2015\/02\/cropped-bannier_altaiir-enrico.jpg","url":"https:\/\/enricomaciasloriental.fr\/WordPress\/wp-content\/uploads\/\/2015\/02\/cropped-bannier_altaiir-enrico.jpg","contentUrl":"https:\/\/enricomaciasloriental.fr\/WordPress\/wp-content\/uploads\/\/2015\/02\/cropped-bannier_altaiir-enrico.jpg","width":1200,"height":150,"caption":"Loriental"},"logo":{"@id":"https:\/\/enricomaciasloriental.fr\/WordPress\/wp-content\/uploads\/\/2015\/02\/cropped-bannier_altaiir-enrico.jpg"},"sameAs":["http:\/\/www.enricomaciasloriental.fr\/"]}]}},"featured_image_src":"https:\/\/enricomaciasloriental.fr\/WordPress\/wp-content\/uploads\/\/2022\/09\/Enricochalonseaceaee.jpg","featured_image_src_square":"https:\/\/enricomaciasloriental.fr\/WordPress\/wp-content\/uploads\/\/2022\/09\/Enricochalonseaceaee.jpg","author_info":{"display_name":"Loriental","author_link":"https:\/\/enricomaciasloriental.fr\/WordPress\/author\/admin9234\/"},"rbea_author_info":{"display_name":"Loriental","author_link":"https:\/\/enricomaciasloriental.fr\/WordPress\/author\/admin9234\/"},"rbea_excerpt_info":"De notre envoy\u00e9 sp\u00e9cial \u00e0 Ch\u00e2lons : Kdi Souidi 6 ans apr\u00e8s, Enrico \u00e9tait de retour ce 12 septembre 2022 \u00e0 Ch\u00e2lons en Champagne accompagn\u00e9 par l&rsquo;orchestre Al orchestra avec Bruno Bongar\u00e7on \u00e0 la guitare \u00e9lectrique, Abdennour Djemai \u00e0 la &hellip;<p class=\"read-more\"> <a class=\"more-link\" href=\"https:\/\/enricomaciasloriental.fr\/WordPress\/enrico-macias-en-concert-a-la-foire-de-chalons-en-champagne\/\"> <span class=\"screen-reader-text\">Enrico Macias en concert \u00e0 la foire de Ch\u00e2lons en Champagne<\/span> Read More &raquo;<\/a><\/p>","category_list":"<a href=\"https:\/\/enricomaciasloriental.fr\/WordPress\/category\/actualites\/\">Actualit\u00e9s<\/a>","comments_num":"2 comments","_links":{"self":[{"href":"https:\/\/enricomaciasloriental.fr\/WordPress\/wp-json\/wp\/v2\/posts\/16598","targetHints":{"allow":["GET"]}}],"collection":[{"href":"https:\/\/enricomaciasloriental.fr\/WordPress\/wp-json\/wp\/v2\/posts"}],"about":[{"href":"https:\/\/enricomaciasloriental.fr\/WordPress\/wp-json\/wp\/v2\/types\/post"}],"author":[{"embeddable":true,"href":"https:\/\/enricomaciasloriental.fr\/WordPress\/wp-json\/wp\/v2\/users\/36"}],"replies":[{"embeddable":true,"href":"https:\/\/enricomaciasloriental.fr\/WordPress\/wp-json\/wp\/v2\/comments?post=16598"}],"version-history":[{"count":0,"href":"https:\/\/enricomaciasloriental.fr\/WordPress\/wp-json\/wp\/v2\/posts\/16598\/revisions"}],"wp:featuredmedia":[{"embeddable":true,"href":"https:\/\/enricomaciasloriental.fr\/WordPress\/wp-json\/wp\/v2\/media\/16599"}],"wp:attachment":[{"href":"https:\/\/enricomaciasloriental.fr\/WordPress\/wp-json\/wp\/v2\/media?parent=16598"}],"wp:term":[{"taxonomy":"category","embeddable":true,"href":"https:\/\/enricomaciasloriental.fr\/WordPress\/wp-json\/wp\/v2\/categories?post=16598"},{"taxonomy":"post_tag","embeddable":true,"href":"https:\/\/enricomaciasloriental.fr\/WordPress\/wp-json\/wp\/v2\/tags?post=16598"}],"curies":[{"name":"wp","href":"https:\/\/api.w.org\/{rel}","templated":true}]}}