{"id":16752,"date":"2022-12-10T09:05:54","date_gmt":"2022-12-10T08:05:54","guid":{"rendered":"https:\/\/enricomaciasloriental.fr\/WordPress\/?p=16752"},"modified":"2022-12-10T09:05:58","modified_gmt":"2022-12-10T08:05:58","slug":"enrico-macias-de-lamour-plein-la-tete-2","status":"publish","type":"post","link":"https:\/\/enricomaciasloriental.fr\/WordPress\/enrico-macias-de-lamour-plein-la-tete-2\/","title":{"rendered":"Enrico Macias, de l&rsquo;amour plein la t\u00eate"},"content":{"rendered":"\n<h2 class=\"wp-block-heading\">Document de Mirelle Dumas \u00e0 voir sur France 3 le 21 d\u00e9cembre 2022<\/h2>\n\n\n\n<figure class=\"wp-block-image aligncenter size-full\"><img fetchpriority=\"high\" decoding=\"async\" width=\"750\" height=\"499\" src=\"https:\/\/enricomaciasloriental.fr\/WordPress\/wp-content\/uploads\/\/2022\/12\/da00797c564f1e7ac64c499bef1dea6d_XL.jpg\" alt=\"\" class=\"wp-image-16753\" srcset=\"https:\/\/enricomaciasloriental.fr\/WordPress\/wp-content\/uploads\/2022\/12\/da00797c564f1e7ac64c499bef1dea6d_XL.jpg 750w, https:\/\/enricomaciasloriental.fr\/WordPress\/wp-content\/uploads\/2022\/12\/da00797c564f1e7ac64c499bef1dea6d_XL-350x233.jpg 350w, https:\/\/enricomaciasloriental.fr\/WordPress\/wp-content\/uploads\/2022\/12\/da00797c564f1e7ac64c499bef1dea6d_XL-640x426.jpg 640w, https:\/\/enricomaciasloriental.fr\/WordPress\/wp-content\/uploads\/2022\/12\/da00797c564f1e7ac64c499bef1dea6d_XL-100x67.jpg 100w, https:\/\/enricomaciasloriental.fr\/WordPress\/wp-content\/uploads\/2022\/12\/da00797c564f1e7ac64c499bef1dea6d_XL-150x100.jpg 150w, https:\/\/enricomaciasloriental.fr\/WordPress\/wp-content\/uploads\/2022\/12\/da00797c564f1e7ac64c499bef1dea6d_XL-200x133.jpg 200w, https:\/\/enricomaciasloriental.fr\/WordPress\/wp-content\/uploads\/2022\/12\/da00797c564f1e7ac64c499bef1dea6d_XL-300x200.jpg 300w, https:\/\/enricomaciasloriental.fr\/WordPress\/wp-content\/uploads\/2022\/12\/da00797c564f1e7ac64c499bef1dea6d_XL-450x299.jpg 450w, https:\/\/enricomaciasloriental.fr\/WordPress\/wp-content\/uploads\/2022\/12\/da00797c564f1e7ac64c499bef1dea6d_XL-600x399.jpg 600w\" sizes=\"(max-width: 750px) 100vw, 750px\" \/><\/figure>\n\n\n\n<p class=\"has-text-align-center\"><strong>Mercredi 21 d\u00e9cembre \u00e0 23:00, France 3 diffusera le documentaire in\u00e9dit \u00ab Enrico Macias, de l&rsquo;amour plein la t\u00eate \u00bb r\u00e9alis\u00e9 par Mireille Dumas.<\/strong><\/p>\n\n\n\n<p><br \/>En ce mois de d\u00e9cembre,&nbsp;<strong>Enrico Macias<\/strong>&nbsp;c\u00e9l\u00e8bre ses 84 ans. L&rsquo;occasion de saluer ses 60 ans de carri\u00e8re ininterrompue, aur\u00e9ol\u00e9e dans le monde entier d\u2019immenses succ\u00e8s populaires inscrits dans nos m\u00e9moires&nbsp;:&nbsp;<em>L\u2019Oriental&nbsp;, Enfants de tous pays,&nbsp;Les gens du Nord, Paris tu m&rsquo;as pris dans tes bras, Le mendiant de l\u2019amour&nbsp;<\/em>ou encore&nbsp;<em>\u00ab&nbsp;Oranges am\u00e8res \u00bb<\/em>\u2026<\/p>\n\n\n\n<p><strong>Enrico Macias<\/strong>\u00a0enflamme avec ses sonorit\u00e9s orientales les salles de tous les pays, tous \u00e2ges confondus, depuis le d\u00e9but des ann\u00e9es\u00a01960. Avec lui, m\u00eame la nostalgie a des accents de f\u00eate\u00a0!<\/p>\n\n\n\n<p>Gr\u00e2ce \u00e0 son talent et \u00e0 sa g\u00e9n\u00e9rosit\u00e9, gr\u00e2ce \u00e0 son sens de l\u2019amiti\u00e9 mais aussi au caract\u00e8re universel de ses chansons, ce porte-parole des d\u00e9racin\u00e9s depuis l\u2019embl\u00e9matique&nbsp;<em>Adieu mon pays&nbsp;<\/em>est devenu, au fil des ans, le chanteur de l\u2019amour entre les peuples. L\u2019ONU l\u2019a nomm\u00e9 \u00ab&nbsp;Chanteur de la Paix&nbsp;\u00bb, en 1981.&nbsp;<\/p>\n\n\n\n<p>Avec ce film habile et subtil qui nous fait voyager dans la vie atypique de l\u2019artiste \u00e0 travers ses musiques,&nbsp;<strong>Enrico Macias<\/strong>, n\u00e9&nbsp;<strong>Gaston Ghrenassia<\/strong>, se livre comme il ne l\u2019a jamais fait \u00e0&nbsp;<strong>Mireille Dumas<\/strong>. Il revient sur les moments importants de sa vie avec une franchise rare, tour \u00e0 tour dr\u00f4le et \u00e9mouvant. Sans aucun tabou, et avec beaucoup d\u2019espi\u00e8glerie, il parle de l\u2019amour, des femmes et de son \u00e9pouse&nbsp;<strong>Suzy<\/strong>&nbsp;pour laquelle il \u00e9crira plusieurs chansons, son premier et grand amour pour toujours.&nbsp;&nbsp;&nbsp;<\/p>\n\n\n\n<p>Dans cette famille o\u00f9 il r\u00e8gne en patriarche, la musique est un langage vital et se transmet de g\u00e9n\u00e9rations en g\u00e9n\u00e9rations, \u00e0 l\u2019image du titre&nbsp;<em>Le violon de mon p\u00e8re<\/em>.<\/p>\n\n\n\n<p>Un moment de t\u00e9l\u00e9vision savoureux avec de belles archives rythm\u00e9es par les m\u00e9lodies ensoleill\u00e9es de l\u2019artiste qui nous r\u00e9chauffent le c\u0153ur.<\/p>\n\n\n\n<p>article paru ; <a href=\"https:\/\/www.coulisses-tv.fr\/index.php\/documentaires\/item\/26277-%C2%AB-enrico-macias,-de-l-amour-plein-la-t%C3%AAte-%C2%BB-document-de-mirelle-dumas-%C3%A0-voir-sur-france-3-le-21-d%C3%A9cembre-2022\">\u00ab Enrico Macias, de l&rsquo;amour plein la t\u00eate \u00bb : document de Mirelle Dumas \u00e0 voir sur France 3 le 21 d\u00e9cembre 2022 (coulisses-tv.fr)<\/a><\/p>\n","protected":false},"excerpt":{"rendered":"<p>Document de Mirelle Dumas \u00e0 voir sur France 3 le 21 d\u00e9cembre 2022 Mercredi 21 d\u00e9cembre \u00e0 23:00, France 3 diffusera le documentaire in\u00e9dit \u00ab Enrico Macias, de l&rsquo;amour plein la t\u00eate \u00bb r\u00e9alis\u00e9 par Mireille Dumas. En ce mois &hellip;<\/p>\n<p class=\"read-more\"> <a class=\"more-link\" href=\"https:\/\/enricomaciasloriental.fr\/WordPress\/enrico-macias-de-lamour-plein-la-tete-2\/\"> <span class=\"screen-reader-text\">Enrico Macias, de l&rsquo;amour plein la t\u00eate<\/span> Read More &raquo;<\/a><\/p>\n","protected":false},"author":36,"featured_media":16754,"comment_status":"open","ping_status":"open","sticky":false,"template":"","format":"standard","meta":{"footnotes":""},"categories":[1],"tags":[],"class_list":["post-16752","post","type-post","status-publish","format-standard","has-post-thumbnail","hentry","category-actualites"],"yoast_head":"<!-- This site is optimized with the Yoast SEO plugin v27.4 - https:\/\/yoast.com\/product\/yoast-seo-wordpress\/ -->\n<title>Enrico Macias, de l&#039;amour plein la t\u00eate - ENRICO MACIAS L&#039;Oriental<\/title>\n<meta name=\"robots\" content=\"index, follow, max-snippet:-1, max-image-preview:large, max-video-preview:-1\" \/>\n<link rel=\"canonical\" href=\"https:\/\/enricomaciasloriental.fr\/WordPress\/enrico-macias-de-lamour-plein-la-tete-2\/\" \/>\n<meta property=\"og:locale\" content=\"fr_FR\" \/>\n<meta property=\"og:type\" content=\"article\" \/>\n<meta property=\"og:title\" content=\"Enrico Macias, de l&#039;amour plein la t\u00eate - ENRICO MACIAS L&#039;Oriental\" \/>\n<meta property=\"og:description\" content=\"Document de Mirelle Dumas \u00e0 voir sur France 3 le 21 d\u00e9cembre 2022 Mercredi 21 d\u00e9cembre \u00e0 23:00, France 3 diffusera le documentaire in\u00e9dit \u00ab Enrico Macias, de l&rsquo;amour plein la t\u00eate \u00bb r\u00e9alis\u00e9 par Mireille Dumas. En ce mois &hellip; Enrico Macias, de l&rsquo;amour plein la t\u00eate Read More &raquo;\" \/>\n<meta property=\"og:url\" content=\"https:\/\/enricomaciasloriental.fr\/WordPress\/enrico-macias-de-lamour-plein-la-tete-2\/\" \/>\n<meta property=\"og:site_name\" content=\"ENRICO MACIAS L&#039;Oriental\" \/>\n<meta property=\"article:published_time\" content=\"2022-12-10T08:05:54+00:00\" \/>\n<meta property=\"article:modified_time\" content=\"2022-12-10T08:05:58+00:00\" \/>\n<meta property=\"og:image\" content=\"https:\/\/enricomaciasloriental.fr\/WordPress\/wp-content\/uploads\/\/2022\/12\/jpg.jpg\" \/>\n\t<meta property=\"og:image:width\" content=\"446\" \/>\n\t<meta property=\"og:image:height\" content=\"588\" \/>\n\t<meta property=\"og:image:type\" content=\"image\/jpeg\" \/>\n<meta name=\"author\" content=\"Loriental\" \/>\n<meta name=\"twitter:card\" content=\"summary_large_image\" \/>\n<meta name=\"twitter:label1\" content=\"\u00c9crit par\" \/>\n\t<meta name=\"twitter:data1\" content=\"Loriental\" \/>\n\t<meta name=\"twitter:label2\" content=\"Dur\u00e9e de lecture estim\u00e9e\" \/>\n\t<meta name=\"twitter:data2\" content=\"2 minutes\" \/>\n<script type=\"application\/ld+json\" class=\"yoast-schema-graph\">{\"@context\":\"https:\\\/\\\/schema.org\",\"@graph\":[{\"@type\":\"Article\",\"@id\":\"https:\\\/\\\/enricomaciasloriental.fr\\\/WordPress\\\/enrico-macias-de-lamour-plein-la-tete-2\\\/#article\",\"isPartOf\":{\"@id\":\"https:\\\/\\\/enricomaciasloriental.fr\\\/WordPress\\\/enrico-macias-de-lamour-plein-la-tete-2\\\/\"},\"author\":{\"name\":\"Loriental\",\"@id\":\"https:\\\/\\\/enricomaciasloriental.fr\\\/WordPress\\\/#\\\/schema\\\/person\\\/53fba112c6f4f0b335578890a816262e\"},\"headline\":\"Enrico Macias, de l&rsquo;amour plein la t\u00eate\",\"datePublished\":\"2022-12-10T08:05:54+00:00\",\"dateModified\":\"2022-12-10T08:05:58+00:00\",\"mainEntityOfPage\":{\"@id\":\"https:\\\/\\\/enricomaciasloriental.fr\\\/WordPress\\\/enrico-macias-de-lamour-plein-la-tete-2\\\/\"},\"wordCount\":408,\"commentCount\":1,\"publisher\":{\"@id\":\"https:\\\/\\\/enricomaciasloriental.fr\\\/WordPress\\\/#\\\/schema\\\/person\\\/53fba112c6f4f0b335578890a816262e\"},\"image\":{\"@id\":\"https:\\\/\\\/enricomaciasloriental.fr\\\/WordPress\\\/enrico-macias-de-lamour-plein-la-tete-2\\\/#primaryimage\"},\"thumbnailUrl\":\"https:\\\/\\\/enricomaciasloriental.fr\\\/WordPress\\\/wp-content\\\/uploads\\\/\\\/2022\\\/12\\\/jpg.jpg\",\"articleSection\":[\"Actualit\u00e9s\"],\"inLanguage\":\"fr-FR\",\"potentialAction\":[{\"@type\":\"CommentAction\",\"name\":\"Comment\",\"target\":[\"https:\\\/\\\/enricomaciasloriental.fr\\\/WordPress\\\/enrico-macias-de-lamour-plein-la-tete-2\\\/#respond\"]}]},{\"@type\":\"WebPage\",\"@id\":\"https:\\\/\\\/enricomaciasloriental.fr\\\/WordPress\\\/enrico-macias-de-lamour-plein-la-tete-2\\\/\",\"url\":\"https:\\\/\\\/enricomaciasloriental.fr\\\/WordPress\\\/enrico-macias-de-lamour-plein-la-tete-2\\\/\",\"name\":\"Enrico Macias, de l'amour plein la t\u00eate - ENRICO MACIAS L&#039;Oriental\",\"isPartOf\":{\"@id\":\"https:\\\/\\\/enricomaciasloriental.fr\\\/WordPress\\\/#website\"},\"primaryImageOfPage\":{\"@id\":\"https:\\\/\\\/enricomaciasloriental.fr\\\/WordPress\\\/enrico-macias-de-lamour-plein-la-tete-2\\\/#primaryimage\"},\"image\":{\"@id\":\"https:\\\/\\\/enricomaciasloriental.fr\\\/WordPress\\\/enrico-macias-de-lamour-plein-la-tete-2\\\/#primaryimage\"},\"thumbnailUrl\":\"https:\\\/\\\/enricomaciasloriental.fr\\\/WordPress\\\/wp-content\\\/uploads\\\/\\\/2022\\\/12\\\/jpg.jpg\",\"datePublished\":\"2022-12-10T08:05:54+00:00\",\"dateModified\":\"2022-12-10T08:05:58+00:00\",\"breadcrumb\":{\"@id\":\"https:\\\/\\\/enricomaciasloriental.fr\\\/WordPress\\\/enrico-macias-de-lamour-plein-la-tete-2\\\/#breadcrumb\"},\"inLanguage\":\"fr-FR\",\"potentialAction\":[{\"@type\":\"ReadAction\",\"target\":[\"https:\\\/\\\/enricomaciasloriental.fr\\\/WordPress\\\/enrico-macias-de-lamour-plein-la-tete-2\\\/\"]}]},{\"@type\":\"ImageObject\",\"inLanguage\":\"fr-FR\",\"@id\":\"https:\\\/\\\/enricomaciasloriental.fr\\\/WordPress\\\/enrico-macias-de-lamour-plein-la-tete-2\\\/#primaryimage\",\"url\":\"https:\\\/\\\/enricomaciasloriental.fr\\\/WordPress\\\/wp-content\\\/uploads\\\/\\\/2022\\\/12\\\/jpg.jpg\",\"contentUrl\":\"https:\\\/\\\/enricomaciasloriental.fr\\\/WordPress\\\/wp-content\\\/uploads\\\/\\\/2022\\\/12\\\/jpg.jpg\",\"width\":446,\"height\":588},{\"@type\":\"BreadcrumbList\",\"@id\":\"https:\\\/\\\/enricomaciasloriental.fr\\\/WordPress\\\/enrico-macias-de-lamour-plein-la-tete-2\\\/#breadcrumb\",\"itemListElement\":[{\"@type\":\"ListItem\",\"position\":1,\"name\":\"Accueil\",\"item\":\"https:\\\/\\\/enricomaciasloriental.fr\\\/WordPress\\\/\"},{\"@type\":\"ListItem\",\"position\":2,\"name\":\"Enrico Macias, de l&rsquo;amour plein la t\u00eate\"}]},{\"@type\":\"WebSite\",\"@id\":\"https:\\\/\\\/enricomaciasloriental.fr\\\/WordPress\\\/#website\",\"url\":\"https:\\\/\\\/enricomaciasloriental.fr\\\/WordPress\\\/\",\"name\":\"ENRICO MACIAS L'Oriental\",\"description\":\"IL EST COMME LE SOLEIL\",\"publisher\":{\"@id\":\"https:\\\/\\\/enricomaciasloriental.fr\\\/WordPress\\\/#\\\/schema\\\/person\\\/53fba112c6f4f0b335578890a816262e\"},\"potentialAction\":[{\"@type\":\"SearchAction\",\"target\":{\"@type\":\"EntryPoint\",\"urlTemplate\":\"https:\\\/\\\/enricomaciasloriental.fr\\\/WordPress\\\/?s={search_term_string}\"},\"query-input\":{\"@type\":\"PropertyValueSpecification\",\"valueRequired\":true,\"valueName\":\"search_term_string\"}}],\"inLanguage\":\"fr-FR\"},{\"@type\":[\"Person\",\"Organization\"],\"@id\":\"https:\\\/\\\/enricomaciasloriental.fr\\\/WordPress\\\/#\\\/schema\\\/person\\\/53fba112c6f4f0b335578890a816262e\",\"name\":\"Loriental\",\"image\":{\"@type\":\"ImageObject\",\"inLanguage\":\"fr-FR\",\"@id\":\"https:\\\/\\\/enricomaciasloriental.fr\\\/WordPress\\\/wp-content\\\/uploads\\\/\\\/2015\\\/02\\\/cropped-bannier_altaiir-enrico.jpg\",\"url\":\"https:\\\/\\\/enricomaciasloriental.fr\\\/WordPress\\\/wp-content\\\/uploads\\\/\\\/2015\\\/02\\\/cropped-bannier_altaiir-enrico.jpg\",\"contentUrl\":\"https:\\\/\\\/enricomaciasloriental.fr\\\/WordPress\\\/wp-content\\\/uploads\\\/\\\/2015\\\/02\\\/cropped-bannier_altaiir-enrico.jpg\",\"width\":1200,\"height\":150,\"caption\":\"Loriental\"},\"logo\":{\"@id\":\"https:\\\/\\\/enricomaciasloriental.fr\\\/WordPress\\\/wp-content\\\/uploads\\\/\\\/2015\\\/02\\\/cropped-bannier_altaiir-enrico.jpg\"},\"sameAs\":[\"http:\\\/\\\/www.enricomaciasloriental.fr\\\/\"]}]}<\/script>\n<!-- \/ Yoast SEO plugin. -->","yoast_head_json":{"title":"Enrico Macias, de l'amour plein la t\u00eate - ENRICO MACIAS L&#039;Oriental","robots":{"index":"index","follow":"follow","max-snippet":"max-snippet:-1","max-image-preview":"max-image-preview:large","max-video-preview":"max-video-preview:-1"},"canonical":"https:\/\/enricomaciasloriental.fr\/WordPress\/enrico-macias-de-lamour-plein-la-tete-2\/","og_locale":"fr_FR","og_type":"article","og_title":"Enrico Macias, de l'amour plein la t\u00eate - ENRICO MACIAS L&#039;Oriental","og_description":"Document de Mirelle Dumas \u00e0 voir sur France 3 le 21 d\u00e9cembre 2022 Mercredi 21 d\u00e9cembre \u00e0 23:00, France 3 diffusera le documentaire in\u00e9dit \u00ab Enrico Macias, de l&rsquo;amour plein la t\u00eate \u00bb r\u00e9alis\u00e9 par Mireille Dumas. En ce mois &hellip; Enrico Macias, de l&rsquo;amour plein la t\u00eate Read More &raquo;","og_url":"https:\/\/enricomaciasloriental.fr\/WordPress\/enrico-macias-de-lamour-plein-la-tete-2\/","og_site_name":"ENRICO MACIAS L&#039;Oriental","article_published_time":"2022-12-10T08:05:54+00:00","article_modified_time":"2022-12-10T08:05:58+00:00","og_image":[{"width":446,"height":588,"url":"https:\/\/enricomaciasloriental.fr\/WordPress\/wp-content\/uploads\/\/2022\/12\/jpg.jpg","type":"image\/jpeg"}],"author":"Loriental","twitter_card":"summary_large_image","twitter_misc":{"\u00c9crit par":"Loriental","Dur\u00e9e de lecture estim\u00e9e":"2 minutes"},"schema":{"@context":"https:\/\/schema.org","@graph":[{"@type":"Article","@id":"https:\/\/enricomaciasloriental.fr\/WordPress\/enrico-macias-de-lamour-plein-la-tete-2\/#article","isPartOf":{"@id":"https:\/\/enricomaciasloriental.fr\/WordPress\/enrico-macias-de-lamour-plein-la-tete-2\/"},"author":{"name":"Loriental","@id":"https:\/\/enricomaciasloriental.fr\/WordPress\/#\/schema\/person\/53fba112c6f4f0b335578890a816262e"},"headline":"Enrico Macias, de l&rsquo;amour plein la t\u00eate","datePublished":"2022-12-10T08:05:54+00:00","dateModified":"2022-12-10T08:05:58+00:00","mainEntityOfPage":{"@id":"https:\/\/enricomaciasloriental.fr\/WordPress\/enrico-macias-de-lamour-plein-la-tete-2\/"},"wordCount":408,"commentCount":1,"publisher":{"@id":"https:\/\/enricomaciasloriental.fr\/WordPress\/#\/schema\/person\/53fba112c6f4f0b335578890a816262e"},"image":{"@id":"https:\/\/enricomaciasloriental.fr\/WordPress\/enrico-macias-de-lamour-plein-la-tete-2\/#primaryimage"},"thumbnailUrl":"https:\/\/enricomaciasloriental.fr\/WordPress\/wp-content\/uploads\/\/2022\/12\/jpg.jpg","articleSection":["Actualit\u00e9s"],"inLanguage":"fr-FR","potentialAction":[{"@type":"CommentAction","name":"Comment","target":["https:\/\/enricomaciasloriental.fr\/WordPress\/enrico-macias-de-lamour-plein-la-tete-2\/#respond"]}]},{"@type":"WebPage","@id":"https:\/\/enricomaciasloriental.fr\/WordPress\/enrico-macias-de-lamour-plein-la-tete-2\/","url":"https:\/\/enricomaciasloriental.fr\/WordPress\/enrico-macias-de-lamour-plein-la-tete-2\/","name":"Enrico Macias, de l'amour plein la t\u00eate - ENRICO MACIAS L&#039;Oriental","isPartOf":{"@id":"https:\/\/enricomaciasloriental.fr\/WordPress\/#website"},"primaryImageOfPage":{"@id":"https:\/\/enricomaciasloriental.fr\/WordPress\/enrico-macias-de-lamour-plein-la-tete-2\/#primaryimage"},"image":{"@id":"https:\/\/enricomaciasloriental.fr\/WordPress\/enrico-macias-de-lamour-plein-la-tete-2\/#primaryimage"},"thumbnailUrl":"https:\/\/enricomaciasloriental.fr\/WordPress\/wp-content\/uploads\/\/2022\/12\/jpg.jpg","datePublished":"2022-12-10T08:05:54+00:00","dateModified":"2022-12-10T08:05:58+00:00","breadcrumb":{"@id":"https:\/\/enricomaciasloriental.fr\/WordPress\/enrico-macias-de-lamour-plein-la-tete-2\/#breadcrumb"},"inLanguage":"fr-FR","potentialAction":[{"@type":"ReadAction","target":["https:\/\/enricomaciasloriental.fr\/WordPress\/enrico-macias-de-lamour-plein-la-tete-2\/"]}]},{"@type":"ImageObject","inLanguage":"fr-FR","@id":"https:\/\/enricomaciasloriental.fr\/WordPress\/enrico-macias-de-lamour-plein-la-tete-2\/#primaryimage","url":"https:\/\/enricomaciasloriental.fr\/WordPress\/wp-content\/uploads\/\/2022\/12\/jpg.jpg","contentUrl":"https:\/\/enricomaciasloriental.fr\/WordPress\/wp-content\/uploads\/\/2022\/12\/jpg.jpg","width":446,"height":588},{"@type":"BreadcrumbList","@id":"https:\/\/enricomaciasloriental.fr\/WordPress\/enrico-macias-de-lamour-plein-la-tete-2\/#breadcrumb","itemListElement":[{"@type":"ListItem","position":1,"name":"Accueil","item":"https:\/\/enricomaciasloriental.fr\/WordPress\/"},{"@type":"ListItem","position":2,"name":"Enrico Macias, de l&rsquo;amour plein la t\u00eate"}]},{"@type":"WebSite","@id":"https:\/\/enricomaciasloriental.fr\/WordPress\/#website","url":"https:\/\/enricomaciasloriental.fr\/WordPress\/","name":"ENRICO MACIAS L'Oriental","description":"IL EST COMME LE SOLEIL","publisher":{"@id":"https:\/\/enricomaciasloriental.fr\/WordPress\/#\/schema\/person\/53fba112c6f4f0b335578890a816262e"},"potentialAction":[{"@type":"SearchAction","target":{"@type":"EntryPoint","urlTemplate":"https:\/\/enricomaciasloriental.fr\/WordPress\/?s={search_term_string}"},"query-input":{"@type":"PropertyValueSpecification","valueRequired":true,"valueName":"search_term_string"}}],"inLanguage":"fr-FR"},{"@type":["Person","Organization"],"@id":"https:\/\/enricomaciasloriental.fr\/WordPress\/#\/schema\/person\/53fba112c6f4f0b335578890a816262e","name":"Loriental","image":{"@type":"ImageObject","inLanguage":"fr-FR","@id":"https:\/\/enricomaciasloriental.fr\/WordPress\/wp-content\/uploads\/\/2015\/02\/cropped-bannier_altaiir-enrico.jpg","url":"https:\/\/enricomaciasloriental.fr\/WordPress\/wp-content\/uploads\/\/2015\/02\/cropped-bannier_altaiir-enrico.jpg","contentUrl":"https:\/\/enricomaciasloriental.fr\/WordPress\/wp-content\/uploads\/\/2015\/02\/cropped-bannier_altaiir-enrico.jpg","width":1200,"height":150,"caption":"Loriental"},"logo":{"@id":"https:\/\/enricomaciasloriental.fr\/WordPress\/wp-content\/uploads\/\/2015\/02\/cropped-bannier_altaiir-enrico.jpg"},"sameAs":["http:\/\/www.enricomaciasloriental.fr\/"]}]}},"featured_image_src":"https:\/\/enricomaciasloriental.fr\/WordPress\/wp-content\/uploads\/\/2022\/12\/jpg.jpg","featured_image_src_square":"https:\/\/enricomaciasloriental.fr\/WordPress\/wp-content\/uploads\/\/2022\/12\/jpg.jpg","author_info":{"display_name":"Loriental","author_link":"https:\/\/enricomaciasloriental.fr\/WordPress\/author\/admin9234\/"},"rbea_author_info":{"display_name":"Loriental","author_link":"https:\/\/enricomaciasloriental.fr\/WordPress\/author\/admin9234\/"},"rbea_excerpt_info":"Document de Mirelle Dumas \u00e0 voir sur France 3 le 21 d\u00e9cembre 2022 Mercredi 21 d\u00e9cembre \u00e0 23:00, France 3 diffusera le documentaire in\u00e9dit \u00ab Enrico Macias, de l&rsquo;amour plein la t\u00eate \u00bb r\u00e9alis\u00e9 par Mireille Dumas. En ce mois &hellip;<p class=\"read-more\"> <a class=\"more-link\" href=\"https:\/\/enricomaciasloriental.fr\/WordPress\/enrico-macias-de-lamour-plein-la-tete-2\/\"> <span class=\"screen-reader-text\">Enrico Macias, de l&rsquo;amour plein la t\u00eate<\/span> Read More &raquo;<\/a><\/p>","category_list":"<a href=\"https:\/\/enricomaciasloriental.fr\/WordPress\/category\/actualites\/\">Actualit\u00e9s<\/a>","comments_num":"0 comments","_links":{"self":[{"href":"https:\/\/enricomaciasloriental.fr\/WordPress\/wp-json\/wp\/v2\/posts\/16752","targetHints":{"allow":["GET"]}}],"collection":[{"href":"https:\/\/enricomaciasloriental.fr\/WordPress\/wp-json\/wp\/v2\/posts"}],"about":[{"href":"https:\/\/enricomaciasloriental.fr\/WordPress\/wp-json\/wp\/v2\/types\/post"}],"author":[{"embeddable":true,"href":"https:\/\/enricomaciasloriental.fr\/WordPress\/wp-json\/wp\/v2\/users\/36"}],"replies":[{"embeddable":true,"href":"https:\/\/enricomaciasloriental.fr\/WordPress\/wp-json\/wp\/v2\/comments?post=16752"}],"version-history":[{"count":0,"href":"https:\/\/enricomaciasloriental.fr\/WordPress\/wp-json\/wp\/v2\/posts\/16752\/revisions"}],"wp:featuredmedia":[{"embeddable":true,"href":"https:\/\/enricomaciasloriental.fr\/WordPress\/wp-json\/wp\/v2\/media\/16754"}],"wp:attachment":[{"href":"https:\/\/enricomaciasloriental.fr\/WordPress\/wp-json\/wp\/v2\/media?parent=16752"}],"wp:term":[{"taxonomy":"category","embeddable":true,"href":"https:\/\/enricomaciasloriental.fr\/WordPress\/wp-json\/wp\/v2\/categories?post=16752"},{"taxonomy":"post_tag","embeddable":true,"href":"https:\/\/enricomaciasloriental.fr\/WordPress\/wp-json\/wp\/v2\/tags?post=16752"}],"curies":[{"name":"wp","href":"https:\/\/api.w.org\/{rel}","templated":true}]}}