{"id":16776,"date":"2023-01-24T15:45:15","date_gmt":"2023-01-24T14:45:15","guid":{"rendered":"https:\/\/enricomaciasloriental.fr\/WordPress\/?p=16776"},"modified":"2023-01-24T15:45:20","modified_gmt":"2023-01-24T14:45:20","slug":"st-esteve-en-fete-avec-enrico","status":"publish","type":"post","link":"https:\/\/enricomaciasloriental.fr\/WordPress\/st-esteve-en-fete-avec-enrico\/","title":{"rendered":"St Est\u00e8ve en f\u00eate avec Enrico"},"content":{"rendered":"\n<p>C\u2019est le c\u0153ur plein d\u2019allant que nous avons repris le sac photo sur le dos pour ce premier concert de 2023.<\/p>\n\n\n\n<p>Mais c\u2019est par un froid glacial et sous un vent sib\u00e9rien que nous avons d\u00e9barqu\u00e9 \u00e0 St Est\u00e8ve, petite commune limitrophe de Perpignan.<\/p>\n\n\n\n<figure class=\"wp-block-image aligncenter size-full\"><img fetchpriority=\"high\" decoding=\"async\" width=\"700\" height=\"467\" src=\"https:\/\/enricomaciasloriental.fr\/WordPress\/wp-content\/uploads\/\/2023\/01\/St-Esteve-012023-8267.jpg\" alt=\"\" class=\"wp-image-16777\" srcset=\"https:\/\/enricomaciasloriental.fr\/WordPress\/wp-content\/uploads\/2023\/01\/St-Esteve-012023-8267.jpg 700w, https:\/\/enricomaciasloriental.fr\/WordPress\/wp-content\/uploads\/2023\/01\/St-Esteve-012023-8267-350x234.jpg 350w, https:\/\/enricomaciasloriental.fr\/WordPress\/wp-content\/uploads\/2023\/01\/St-Esteve-012023-8267-640x427.jpg 640w, https:\/\/enricomaciasloriental.fr\/WordPress\/wp-content\/uploads\/2023\/01\/St-Esteve-012023-8267-100x67.jpg 100w, https:\/\/enricomaciasloriental.fr\/WordPress\/wp-content\/uploads\/2023\/01\/St-Esteve-012023-8267-150x100.jpg 150w, https:\/\/enricomaciasloriental.fr\/WordPress\/wp-content\/uploads\/2023\/01\/St-Esteve-012023-8267-200x133.jpg 200w, https:\/\/enricomaciasloriental.fr\/WordPress\/wp-content\/uploads\/2023\/01\/St-Esteve-012023-8267-300x200.jpg 300w, https:\/\/enricomaciasloriental.fr\/WordPress\/wp-content\/uploads\/2023\/01\/St-Esteve-012023-8267-450x300.jpg 450w, https:\/\/enricomaciasloriental.fr\/WordPress\/wp-content\/uploads\/2023\/01\/St-Esteve-012023-8267-600x400.jpg 600w\" sizes=\"(max-width: 700px) 100vw, 700px\" \/><\/figure>\n\n\n\n<p>Heureusement que nous savions avoir rendez avec le soleil de la M\u00e9diterran\u00e9e sur les bords d\u2019un charmant \u00e9tang, dans la tr\u00e8s belle salle du th\u00e9\u00e2tre.<\/p>\n\n\n\n<p>Nous avons \u00e9t\u00e9 accueillis par les st\u00e9phanois (oui, oui, ce sont bien des St\u00e9phanois) avec beaucoup de chaleur et de gentillesse et c\u2019est face \u00e0 une salle comble que les musiciens sont entr\u00e9s en sc\u00e8ne pour regagner leur pupitre respectif.<\/p>\n\n\n\n<p>Les premiers murmures, une premi\u00e8re salve d\u2019applaudissements, les lumi\u00e8res s\u2019\u00e9teignent, quelques notes de piano s\u2019\u00e9l\u00e8vent dans le silence pour annoncer une voix reconnaissable entre toutes \u2026\u2026\u2026..<br \/>\u00ab&nbsp;Avant de savoir parler, on sait d\u00e9j\u00e0 fredonner<br \/>En arrivant sur la terre, on sait chanter \u2026\u2026&nbsp;\u00bb<\/p>\n\n\n\n<p>Un timbre, une sonorit\u00e9, un accent et une \u00e9motion unique vous \u00e9treint instantan\u00e9ment.<\/p>\n\n\n\n<p>\u2026\u2026\u2026.<br \/><br \/>\u00ab&nbsp;Une chanson, \u00e7a tient un peu de la magie, quand elle arrive tout change dans la vie \u2026\u2026\u2026\u2026\u2026\u2026..&nbsp;\u00bb<br \/>Comme par un coup de baguette magique (la baguette maciaisienne), toute la salle se met \u00e0 frapper en rythme dans ses mains.<br \/><br \/><\/p>\n\n\n\n<p>\u00ab\u00a0C\u2019est pour \u00e7a que je vais o\u00f9 me guident mes pas \u2026\u2026..\u00a0\u00bb Sa seule apparition dans un halo de lumi\u00e8re sur le c\u00f4t\u00e9 de la sc\u00e8ne suffit \u00e0 faire monter une ovation, un souffle unanime de bonheur, de joie, un salut pour celui que tous attendent \u2026\u2026\u2026\u2026\u2026\u2026\u2026.<\/p>\n\n\n\n<p><br \/><br \/>Enrico Macias est l\u00e0 devant une salle aux anges et la f\u00eate est lanc\u00e9e pour 1h30.<\/p>\n\n\n\n<figure class=\"wp-block-image aligncenter size-full\"><img decoding=\"async\" width=\"700\" height=\"467\" src=\"https:\/\/enricomaciasloriental.fr\/WordPress\/wp-content\/uploads\/\/2023\/01\/St-Esteve-012023-8904.jpg\" alt=\"\" class=\"wp-image-16778\" srcset=\"https:\/\/enricomaciasloriental.fr\/WordPress\/wp-content\/uploads\/2023\/01\/St-Esteve-012023-8904.jpg 700w, https:\/\/enricomaciasloriental.fr\/WordPress\/wp-content\/uploads\/2023\/01\/St-Esteve-012023-8904-350x234.jpg 350w, https:\/\/enricomaciasloriental.fr\/WordPress\/wp-content\/uploads\/2023\/01\/St-Esteve-012023-8904-640x427.jpg 640w, https:\/\/enricomaciasloriental.fr\/WordPress\/wp-content\/uploads\/2023\/01\/St-Esteve-012023-8904-100x67.jpg 100w, https:\/\/enricomaciasloriental.fr\/WordPress\/wp-content\/uploads\/2023\/01\/St-Esteve-012023-8904-150x100.jpg 150w, https:\/\/enricomaciasloriental.fr\/WordPress\/wp-content\/uploads\/2023\/01\/St-Esteve-012023-8904-200x133.jpg 200w, https:\/\/enricomaciasloriental.fr\/WordPress\/wp-content\/uploads\/2023\/01\/St-Esteve-012023-8904-300x200.jpg 300w, https:\/\/enricomaciasloriental.fr\/WordPress\/wp-content\/uploads\/2023\/01\/St-Esteve-012023-8904-450x300.jpg 450w, https:\/\/enricomaciasloriental.fr\/WordPress\/wp-content\/uploads\/2023\/01\/St-Esteve-012023-8904-600x400.jpg 600w\" sizes=\"(max-width: 700px) 100vw, 700px\" \/><\/figure>\n\n\n\n<p>Costume sombre, pull \u00e0 col roul\u00e9 blanc, silhouette \u00e9lanc\u00e9e, le visage rayonnant de bonheur, Enrico est instantan\u00e9ment connect\u00e9 avec son public. Il fait froid, tr\u00e8s froid au dehors, mais Enrico r\u00e9chauffe tous les c\u0153urs pr\u00e9sents au son de ses refrains \u00e9ternels. Accompagn\u00e9 de ses sept musiciens exceptionnels qui le soutiennent et le compl\u00e8tent avec beaucoup de talent, de c\u0153ur et de professionnalisme, Enrico Macias a mis le feu \u00e0 St Est\u00e8ve ce samedi soir. Malgr\u00e9 ses 84 printemps, il a toujours cette m\u00eame p\u00eache, ce m\u00eame dynamisme, cette m\u00eame volont\u00e9 de donner du bonheur \u00e0 ceux qui se sont d\u00e9plac\u00e9s pour l\u2019applaudir et leur bonheur fait le sien.<\/p>\n\n\n\n<p>Comme la promesse d\u2019une ann\u00e9e 2023 exceptionnelle, notre chanteur a commenc\u00e9 cette nouvelle ann\u00e9e sur les chapeaux de roue et a distill\u00e9 en chacun de nous l\u2019impatience d\u2019autres moments \u00e0 ses c\u00f4t\u00e9s.<\/p>\n\n\n\n<p>Merci au th\u00e9\u00e2tre de l\u2019\u00e9tang, \u00e0 ses dirigeants, pour cette organisation parfaite.<br \/>Merci aux techniciens et musiciens.<br \/>Et merci Enrico<\/p>\n\n\n\n<p>Prochains rendez vous \u00e0 Lyon, M\u00e9rignac, Lille, Marseille avant le point d\u2019orgue au palais des Congr\u00e8s de Paris en avril.<\/p>\n\n\n\n<figure class=\"wp-block-image aligncenter size-full\"><img decoding=\"async\" width=\"700\" height=\"467\" src=\"https:\/\/enricomaciasloriental.fr\/WordPress\/wp-content\/uploads\/\/2023\/01\/St-Esteve-012023-8350.jpg\" alt=\"\" class=\"wp-image-16779\" srcset=\"https:\/\/enricomaciasloriental.fr\/WordPress\/wp-content\/uploads\/2023\/01\/St-Esteve-012023-8350.jpg 700w, https:\/\/enricomaciasloriental.fr\/WordPress\/wp-content\/uploads\/2023\/01\/St-Esteve-012023-8350-350x234.jpg 350w, https:\/\/enricomaciasloriental.fr\/WordPress\/wp-content\/uploads\/2023\/01\/St-Esteve-012023-8350-640x427.jpg 640w, https:\/\/enricomaciasloriental.fr\/WordPress\/wp-content\/uploads\/2023\/01\/St-Esteve-012023-8350-100x67.jpg 100w, https:\/\/enricomaciasloriental.fr\/WordPress\/wp-content\/uploads\/2023\/01\/St-Esteve-012023-8350-150x100.jpg 150w, https:\/\/enricomaciasloriental.fr\/WordPress\/wp-content\/uploads\/2023\/01\/St-Esteve-012023-8350-200x133.jpg 200w, https:\/\/enricomaciasloriental.fr\/WordPress\/wp-content\/uploads\/2023\/01\/St-Esteve-012023-8350-300x200.jpg 300w, https:\/\/enricomaciasloriental.fr\/WordPress\/wp-content\/uploads\/2023\/01\/St-Esteve-012023-8350-450x300.jpg 450w, https:\/\/enricomaciasloriental.fr\/WordPress\/wp-content\/uploads\/2023\/01\/St-Esteve-012023-8350-600x400.jpg 600w\" sizes=\"(max-width: 700px) 100vw, 700px\" \/><\/figure>\n\n\n\n<p>Liste des chansons<\/p>\n\n\n\n<p>Chanter<br \/>Aux talons de ses souliers<br \/>Adieu mon pays<br \/>Medley&nbsp;: Non je n\u2019ai pas oubli\u00e9<br \/>&nbsp;&nbsp;&nbsp;&nbsp;&nbsp;&nbsp;&nbsp;&nbsp;&nbsp;&nbsp;&nbsp;&nbsp;&nbsp;&nbsp;&nbsp;&nbsp; Solenzara<br \/>&nbsp;&nbsp;&nbsp;&nbsp;&nbsp;&nbsp;&nbsp;&nbsp;&nbsp;&nbsp;&nbsp;&nbsp;&nbsp;&nbsp;&nbsp;&nbsp; Les millionnaires du dimanche<br \/>&nbsp;&nbsp;&nbsp;&nbsp;&nbsp;&nbsp;&nbsp;&nbsp;&nbsp;&nbsp;&nbsp;&nbsp;&nbsp;&nbsp;&nbsp;&nbsp; Paris tu m\u2019as pris dans tes bras<br \/>Les gens du nord<br \/>Il est comme le soleil<br \/>Pour toutes ces raisons je t\u2019aime<br \/>Pour tout l\u2019or du monde<br \/>Le grain de sable<br \/>Enfants de tous pays<br \/>Une fille \u00e0 marier<br \/>Les filles de mon pays<br \/>Le violon de mon p\u00e8re<br \/>Habibi<br \/>Medley oriental&nbsp;: Bin el bareh ou el youm<br \/>&nbsp; &nbsp;&nbsp;&nbsp;&nbsp;&nbsp;&nbsp;&nbsp;&nbsp;&nbsp;&nbsp;&nbsp;&nbsp;&nbsp;&nbsp;&nbsp;&nbsp;&nbsp;&nbsp;&nbsp;&nbsp;&nbsp;&nbsp;&nbsp;&nbsp;&nbsp;&nbsp;&nbsp;&nbsp;&nbsp;Ya Bellaredj<br \/>Ya Rayah<br \/>Le mendiant de l\u2019amour<br \/>L\u2019oriental<br \/>El porompompero<\/p>\n","protected":false},"excerpt":{"rendered":"<p>C\u2019est le c\u0153ur plein d\u2019allant que nous avons repris le sac photo sur le dos pour ce premier concert de 2023. Mais c\u2019est par un froid glacial et sous un vent sib\u00e9rien que nous avons d\u00e9barqu\u00e9 \u00e0 St Est\u00e8ve, petite &hellip;<\/p>\n<p class=\"read-more\"> <a class=\"more-link\" href=\"https:\/\/enricomaciasloriental.fr\/WordPress\/st-esteve-en-fete-avec-enrico\/\"> <span class=\"screen-reader-text\">St Est\u00e8ve en f\u00eate avec Enrico<\/span> Read More &raquo;<\/a><\/p>\n","protected":false},"author":36,"featured_media":16777,"comment_status":"open","ping_status":"open","sticky":false,"template":"","format":"standard","meta":{"footnotes":""},"categories":[1],"tags":[],"class_list":["post-16776","post","type-post","status-publish","format-standard","has-post-thumbnail","hentry","category-actualites"],"yoast_head":"<!-- This site is optimized with the Yoast SEO plugin v27.4 - https:\/\/yoast.com\/product\/yoast-seo-wordpress\/ -->\n<title>St Est\u00e8ve en f\u00eate avec Enrico - ENRICO MACIAS L&#039;Oriental<\/title>\n<meta name=\"robots\" content=\"index, follow, max-snippet:-1, max-image-preview:large, max-video-preview:-1\" \/>\n<link rel=\"canonical\" href=\"https:\/\/enricomaciasloriental.fr\/WordPress\/st-esteve-en-fete-avec-enrico\/\" \/>\n<meta property=\"og:locale\" content=\"fr_FR\" \/>\n<meta property=\"og:type\" content=\"article\" \/>\n<meta property=\"og:title\" content=\"St Est\u00e8ve en f\u00eate avec Enrico - ENRICO MACIAS L&#039;Oriental\" \/>\n<meta property=\"og:description\" content=\"C\u2019est le c\u0153ur plein d\u2019allant que nous avons repris le sac photo sur le dos pour ce premier concert de 2023. Mais c\u2019est par un froid glacial et sous un vent sib\u00e9rien que nous avons d\u00e9barqu\u00e9 \u00e0 St Est\u00e8ve, petite &hellip; St Est\u00e8ve en f\u00eate avec Enrico Read More &raquo;\" \/>\n<meta property=\"og:url\" content=\"https:\/\/enricomaciasloriental.fr\/WordPress\/st-esteve-en-fete-avec-enrico\/\" \/>\n<meta property=\"og:site_name\" content=\"ENRICO MACIAS L&#039;Oriental\" \/>\n<meta property=\"article:published_time\" content=\"2023-01-24T14:45:15+00:00\" \/>\n<meta property=\"article:modified_time\" content=\"2023-01-24T14:45:20+00:00\" \/>\n<meta property=\"og:image\" content=\"https:\/\/enricomaciasloriental.fr\/WordPress\/wp-content\/uploads\/\/2023\/01\/St-Esteve-012023-8267.jpg\" \/>\n\t<meta property=\"og:image:width\" content=\"700\" \/>\n\t<meta property=\"og:image:height\" content=\"467\" \/>\n\t<meta property=\"og:image:type\" content=\"image\/jpeg\" \/>\n<meta name=\"author\" content=\"Loriental\" \/>\n<meta name=\"twitter:card\" content=\"summary_large_image\" \/>\n<meta name=\"twitter:label1\" content=\"\u00c9crit par\" \/>\n\t<meta name=\"twitter:data1\" content=\"Loriental\" \/>\n\t<meta name=\"twitter:label2\" content=\"Dur\u00e9e de lecture estim\u00e9e\" \/>\n\t<meta name=\"twitter:data2\" content=\"4 minutes\" \/>\n<script type=\"application\/ld+json\" class=\"yoast-schema-graph\">{\"@context\":\"https:\\\/\\\/schema.org\",\"@graph\":[{\"@type\":\"Article\",\"@id\":\"https:\\\/\\\/enricomaciasloriental.fr\\\/WordPress\\\/st-esteve-en-fete-avec-enrico\\\/#article\",\"isPartOf\":{\"@id\":\"https:\\\/\\\/enricomaciasloriental.fr\\\/WordPress\\\/st-esteve-en-fete-avec-enrico\\\/\"},\"author\":{\"name\":\"Loriental\",\"@id\":\"https:\\\/\\\/enricomaciasloriental.fr\\\/WordPress\\\/#\\\/schema\\\/person\\\/53fba112c6f4f0b335578890a816262e\"},\"headline\":\"St Est\u00e8ve en f\u00eate avec Enrico\",\"datePublished\":\"2023-01-24T14:45:15+00:00\",\"dateModified\":\"2023-01-24T14:45:20+00:00\",\"mainEntityOfPage\":{\"@id\":\"https:\\\/\\\/enricomaciasloriental.fr\\\/WordPress\\\/st-esteve-en-fete-avec-enrico\\\/\"},\"wordCount\":660,\"commentCount\":4,\"publisher\":{\"@id\":\"https:\\\/\\\/enricomaciasloriental.fr\\\/WordPress\\\/#\\\/schema\\\/person\\\/53fba112c6f4f0b335578890a816262e\"},\"image\":{\"@id\":\"https:\\\/\\\/enricomaciasloriental.fr\\\/WordPress\\\/st-esteve-en-fete-avec-enrico\\\/#primaryimage\"},\"thumbnailUrl\":\"https:\\\/\\\/enricomaciasloriental.fr\\\/WordPress\\\/wp-content\\\/uploads\\\/\\\/2023\\\/01\\\/St-Esteve-012023-8267.jpg\",\"articleSection\":[\"Actualit\u00e9s\"],\"inLanguage\":\"fr-FR\",\"potentialAction\":[{\"@type\":\"CommentAction\",\"name\":\"Comment\",\"target\":[\"https:\\\/\\\/enricomaciasloriental.fr\\\/WordPress\\\/st-esteve-en-fete-avec-enrico\\\/#respond\"]}]},{\"@type\":\"WebPage\",\"@id\":\"https:\\\/\\\/enricomaciasloriental.fr\\\/WordPress\\\/st-esteve-en-fete-avec-enrico\\\/\",\"url\":\"https:\\\/\\\/enricomaciasloriental.fr\\\/WordPress\\\/st-esteve-en-fete-avec-enrico\\\/\",\"name\":\"St Est\u00e8ve en f\u00eate avec Enrico - ENRICO MACIAS L&#039;Oriental\",\"isPartOf\":{\"@id\":\"https:\\\/\\\/enricomaciasloriental.fr\\\/WordPress\\\/#website\"},\"primaryImageOfPage\":{\"@id\":\"https:\\\/\\\/enricomaciasloriental.fr\\\/WordPress\\\/st-esteve-en-fete-avec-enrico\\\/#primaryimage\"},\"image\":{\"@id\":\"https:\\\/\\\/enricomaciasloriental.fr\\\/WordPress\\\/st-esteve-en-fete-avec-enrico\\\/#primaryimage\"},\"thumbnailUrl\":\"https:\\\/\\\/enricomaciasloriental.fr\\\/WordPress\\\/wp-content\\\/uploads\\\/\\\/2023\\\/01\\\/St-Esteve-012023-8267.jpg\",\"datePublished\":\"2023-01-24T14:45:15+00:00\",\"dateModified\":\"2023-01-24T14:45:20+00:00\",\"breadcrumb\":{\"@id\":\"https:\\\/\\\/enricomaciasloriental.fr\\\/WordPress\\\/st-esteve-en-fete-avec-enrico\\\/#breadcrumb\"},\"inLanguage\":\"fr-FR\",\"potentialAction\":[{\"@type\":\"ReadAction\",\"target\":[\"https:\\\/\\\/enricomaciasloriental.fr\\\/WordPress\\\/st-esteve-en-fete-avec-enrico\\\/\"]}]},{\"@type\":\"ImageObject\",\"inLanguage\":\"fr-FR\",\"@id\":\"https:\\\/\\\/enricomaciasloriental.fr\\\/WordPress\\\/st-esteve-en-fete-avec-enrico\\\/#primaryimage\",\"url\":\"https:\\\/\\\/enricomaciasloriental.fr\\\/WordPress\\\/wp-content\\\/uploads\\\/\\\/2023\\\/01\\\/St-Esteve-012023-8267.jpg\",\"contentUrl\":\"https:\\\/\\\/enricomaciasloriental.fr\\\/WordPress\\\/wp-content\\\/uploads\\\/\\\/2023\\\/01\\\/St-Esteve-012023-8267.jpg\",\"width\":700,\"height\":467},{\"@type\":\"BreadcrumbList\",\"@id\":\"https:\\\/\\\/enricomaciasloriental.fr\\\/WordPress\\\/st-esteve-en-fete-avec-enrico\\\/#breadcrumb\",\"itemListElement\":[{\"@type\":\"ListItem\",\"position\":1,\"name\":\"Accueil\",\"item\":\"https:\\\/\\\/enricomaciasloriental.fr\\\/WordPress\\\/\"},{\"@type\":\"ListItem\",\"position\":2,\"name\":\"St Est\u00e8ve en f\u00eate avec Enrico\"}]},{\"@type\":\"WebSite\",\"@id\":\"https:\\\/\\\/enricomaciasloriental.fr\\\/WordPress\\\/#website\",\"url\":\"https:\\\/\\\/enricomaciasloriental.fr\\\/WordPress\\\/\",\"name\":\"ENRICO MACIAS L'Oriental\",\"description\":\"IL EST COMME LE SOLEIL\",\"publisher\":{\"@id\":\"https:\\\/\\\/enricomaciasloriental.fr\\\/WordPress\\\/#\\\/schema\\\/person\\\/53fba112c6f4f0b335578890a816262e\"},\"potentialAction\":[{\"@type\":\"SearchAction\",\"target\":{\"@type\":\"EntryPoint\",\"urlTemplate\":\"https:\\\/\\\/enricomaciasloriental.fr\\\/WordPress\\\/?s={search_term_string}\"},\"query-input\":{\"@type\":\"PropertyValueSpecification\",\"valueRequired\":true,\"valueName\":\"search_term_string\"}}],\"inLanguage\":\"fr-FR\"},{\"@type\":[\"Person\",\"Organization\"],\"@id\":\"https:\\\/\\\/enricomaciasloriental.fr\\\/WordPress\\\/#\\\/schema\\\/person\\\/53fba112c6f4f0b335578890a816262e\",\"name\":\"Loriental\",\"image\":{\"@type\":\"ImageObject\",\"inLanguage\":\"fr-FR\",\"@id\":\"https:\\\/\\\/enricomaciasloriental.fr\\\/WordPress\\\/wp-content\\\/uploads\\\/\\\/2015\\\/02\\\/cropped-bannier_altaiir-enrico.jpg\",\"url\":\"https:\\\/\\\/enricomaciasloriental.fr\\\/WordPress\\\/wp-content\\\/uploads\\\/\\\/2015\\\/02\\\/cropped-bannier_altaiir-enrico.jpg\",\"contentUrl\":\"https:\\\/\\\/enricomaciasloriental.fr\\\/WordPress\\\/wp-content\\\/uploads\\\/\\\/2015\\\/02\\\/cropped-bannier_altaiir-enrico.jpg\",\"width\":1200,\"height\":150,\"caption\":\"Loriental\"},\"logo\":{\"@id\":\"https:\\\/\\\/enricomaciasloriental.fr\\\/WordPress\\\/wp-content\\\/uploads\\\/\\\/2015\\\/02\\\/cropped-bannier_altaiir-enrico.jpg\"},\"sameAs\":[\"http:\\\/\\\/www.enricomaciasloriental.fr\\\/\"]}]}<\/script>\n<!-- \/ Yoast SEO plugin. -->","yoast_head_json":{"title":"St Est\u00e8ve en f\u00eate avec Enrico - ENRICO MACIAS L&#039;Oriental","robots":{"index":"index","follow":"follow","max-snippet":"max-snippet:-1","max-image-preview":"max-image-preview:large","max-video-preview":"max-video-preview:-1"},"canonical":"https:\/\/enricomaciasloriental.fr\/WordPress\/st-esteve-en-fete-avec-enrico\/","og_locale":"fr_FR","og_type":"article","og_title":"St Est\u00e8ve en f\u00eate avec Enrico - ENRICO MACIAS L&#039;Oriental","og_description":"C\u2019est le c\u0153ur plein d\u2019allant que nous avons repris le sac photo sur le dos pour ce premier concert de 2023. Mais c\u2019est par un froid glacial et sous un vent sib\u00e9rien que nous avons d\u00e9barqu\u00e9 \u00e0 St Est\u00e8ve, petite &hellip; St Est\u00e8ve en f\u00eate avec Enrico Read More &raquo;","og_url":"https:\/\/enricomaciasloriental.fr\/WordPress\/st-esteve-en-fete-avec-enrico\/","og_site_name":"ENRICO MACIAS L&#039;Oriental","article_published_time":"2023-01-24T14:45:15+00:00","article_modified_time":"2023-01-24T14:45:20+00:00","og_image":[{"width":700,"height":467,"url":"https:\/\/enricomaciasloriental.fr\/WordPress\/wp-content\/uploads\/\/2023\/01\/St-Esteve-012023-8267.jpg","type":"image\/jpeg"}],"author":"Loriental","twitter_card":"summary_large_image","twitter_misc":{"\u00c9crit par":"Loriental","Dur\u00e9e de lecture estim\u00e9e":"4 minutes"},"schema":{"@context":"https:\/\/schema.org","@graph":[{"@type":"Article","@id":"https:\/\/enricomaciasloriental.fr\/WordPress\/st-esteve-en-fete-avec-enrico\/#article","isPartOf":{"@id":"https:\/\/enricomaciasloriental.fr\/WordPress\/st-esteve-en-fete-avec-enrico\/"},"author":{"name":"Loriental","@id":"https:\/\/enricomaciasloriental.fr\/WordPress\/#\/schema\/person\/53fba112c6f4f0b335578890a816262e"},"headline":"St Est\u00e8ve en f\u00eate avec Enrico","datePublished":"2023-01-24T14:45:15+00:00","dateModified":"2023-01-24T14:45:20+00:00","mainEntityOfPage":{"@id":"https:\/\/enricomaciasloriental.fr\/WordPress\/st-esteve-en-fete-avec-enrico\/"},"wordCount":660,"commentCount":4,"publisher":{"@id":"https:\/\/enricomaciasloriental.fr\/WordPress\/#\/schema\/person\/53fba112c6f4f0b335578890a816262e"},"image":{"@id":"https:\/\/enricomaciasloriental.fr\/WordPress\/st-esteve-en-fete-avec-enrico\/#primaryimage"},"thumbnailUrl":"https:\/\/enricomaciasloriental.fr\/WordPress\/wp-content\/uploads\/\/2023\/01\/St-Esteve-012023-8267.jpg","articleSection":["Actualit\u00e9s"],"inLanguage":"fr-FR","potentialAction":[{"@type":"CommentAction","name":"Comment","target":["https:\/\/enricomaciasloriental.fr\/WordPress\/st-esteve-en-fete-avec-enrico\/#respond"]}]},{"@type":"WebPage","@id":"https:\/\/enricomaciasloriental.fr\/WordPress\/st-esteve-en-fete-avec-enrico\/","url":"https:\/\/enricomaciasloriental.fr\/WordPress\/st-esteve-en-fete-avec-enrico\/","name":"St Est\u00e8ve en f\u00eate avec Enrico - ENRICO MACIAS L&#039;Oriental","isPartOf":{"@id":"https:\/\/enricomaciasloriental.fr\/WordPress\/#website"},"primaryImageOfPage":{"@id":"https:\/\/enricomaciasloriental.fr\/WordPress\/st-esteve-en-fete-avec-enrico\/#primaryimage"},"image":{"@id":"https:\/\/enricomaciasloriental.fr\/WordPress\/st-esteve-en-fete-avec-enrico\/#primaryimage"},"thumbnailUrl":"https:\/\/enricomaciasloriental.fr\/WordPress\/wp-content\/uploads\/\/2023\/01\/St-Esteve-012023-8267.jpg","datePublished":"2023-01-24T14:45:15+00:00","dateModified":"2023-01-24T14:45:20+00:00","breadcrumb":{"@id":"https:\/\/enricomaciasloriental.fr\/WordPress\/st-esteve-en-fete-avec-enrico\/#breadcrumb"},"inLanguage":"fr-FR","potentialAction":[{"@type":"ReadAction","target":["https:\/\/enricomaciasloriental.fr\/WordPress\/st-esteve-en-fete-avec-enrico\/"]}]},{"@type":"ImageObject","inLanguage":"fr-FR","@id":"https:\/\/enricomaciasloriental.fr\/WordPress\/st-esteve-en-fete-avec-enrico\/#primaryimage","url":"https:\/\/enricomaciasloriental.fr\/WordPress\/wp-content\/uploads\/\/2023\/01\/St-Esteve-012023-8267.jpg","contentUrl":"https:\/\/enricomaciasloriental.fr\/WordPress\/wp-content\/uploads\/\/2023\/01\/St-Esteve-012023-8267.jpg","width":700,"height":467},{"@type":"BreadcrumbList","@id":"https:\/\/enricomaciasloriental.fr\/WordPress\/st-esteve-en-fete-avec-enrico\/#breadcrumb","itemListElement":[{"@type":"ListItem","position":1,"name":"Accueil","item":"https:\/\/enricomaciasloriental.fr\/WordPress\/"},{"@type":"ListItem","position":2,"name":"St Est\u00e8ve en f\u00eate avec Enrico"}]},{"@type":"WebSite","@id":"https:\/\/enricomaciasloriental.fr\/WordPress\/#website","url":"https:\/\/enricomaciasloriental.fr\/WordPress\/","name":"ENRICO MACIAS L'Oriental","description":"IL EST COMME LE SOLEIL","publisher":{"@id":"https:\/\/enricomaciasloriental.fr\/WordPress\/#\/schema\/person\/53fba112c6f4f0b335578890a816262e"},"potentialAction":[{"@type":"SearchAction","target":{"@type":"EntryPoint","urlTemplate":"https:\/\/enricomaciasloriental.fr\/WordPress\/?s={search_term_string}"},"query-input":{"@type":"PropertyValueSpecification","valueRequired":true,"valueName":"search_term_string"}}],"inLanguage":"fr-FR"},{"@type":["Person","Organization"],"@id":"https:\/\/enricomaciasloriental.fr\/WordPress\/#\/schema\/person\/53fba112c6f4f0b335578890a816262e","name":"Loriental","image":{"@type":"ImageObject","inLanguage":"fr-FR","@id":"https:\/\/enricomaciasloriental.fr\/WordPress\/wp-content\/uploads\/\/2015\/02\/cropped-bannier_altaiir-enrico.jpg","url":"https:\/\/enricomaciasloriental.fr\/WordPress\/wp-content\/uploads\/\/2015\/02\/cropped-bannier_altaiir-enrico.jpg","contentUrl":"https:\/\/enricomaciasloriental.fr\/WordPress\/wp-content\/uploads\/\/2015\/02\/cropped-bannier_altaiir-enrico.jpg","width":1200,"height":150,"caption":"Loriental"},"logo":{"@id":"https:\/\/enricomaciasloriental.fr\/WordPress\/wp-content\/uploads\/\/2015\/02\/cropped-bannier_altaiir-enrico.jpg"},"sameAs":["http:\/\/www.enricomaciasloriental.fr\/"]}]}},"featured_image_src":"https:\/\/enricomaciasloriental.fr\/WordPress\/wp-content\/uploads\/\/2023\/01\/St-Esteve-012023-8267.jpg","featured_image_src_square":"https:\/\/enricomaciasloriental.fr\/WordPress\/wp-content\/uploads\/\/2023\/01\/St-Esteve-012023-8267.jpg","author_info":{"display_name":"Loriental","author_link":"https:\/\/enricomaciasloriental.fr\/WordPress\/author\/admin9234\/"},"rbea_author_info":{"display_name":"Loriental","author_link":"https:\/\/enricomaciasloriental.fr\/WordPress\/author\/admin9234\/"},"rbea_excerpt_info":"C\u2019est le c\u0153ur plein d\u2019allant que nous avons repris le sac photo sur le dos pour ce premier concert de 2023. Mais c\u2019est par un froid glacial et sous un vent sib\u00e9rien que nous avons d\u00e9barqu\u00e9 \u00e0 St Est\u00e8ve, petite &hellip;<p class=\"read-more\"> <a class=\"more-link\" href=\"https:\/\/enricomaciasloriental.fr\/WordPress\/st-esteve-en-fete-avec-enrico\/\"> <span class=\"screen-reader-text\">St Est\u00e8ve en f\u00eate avec Enrico<\/span> Read More &raquo;<\/a><\/p>","category_list":"<a href=\"https:\/\/enricomaciasloriental.fr\/WordPress\/category\/actualites\/\">Actualit\u00e9s<\/a>","comments_num":"4 comments","_links":{"self":[{"href":"https:\/\/enricomaciasloriental.fr\/WordPress\/wp-json\/wp\/v2\/posts\/16776","targetHints":{"allow":["GET"]}}],"collection":[{"href":"https:\/\/enricomaciasloriental.fr\/WordPress\/wp-json\/wp\/v2\/posts"}],"about":[{"href":"https:\/\/enricomaciasloriental.fr\/WordPress\/wp-json\/wp\/v2\/types\/post"}],"author":[{"embeddable":true,"href":"https:\/\/enricomaciasloriental.fr\/WordPress\/wp-json\/wp\/v2\/users\/36"}],"replies":[{"embeddable":true,"href":"https:\/\/enricomaciasloriental.fr\/WordPress\/wp-json\/wp\/v2\/comments?post=16776"}],"version-history":[{"count":0,"href":"https:\/\/enricomaciasloriental.fr\/WordPress\/wp-json\/wp\/v2\/posts\/16776\/revisions"}],"wp:featuredmedia":[{"embeddable":true,"href":"https:\/\/enricomaciasloriental.fr\/WordPress\/wp-json\/wp\/v2\/media\/16777"}],"wp:attachment":[{"href":"https:\/\/enricomaciasloriental.fr\/WordPress\/wp-json\/wp\/v2\/media?parent=16776"}],"wp:term":[{"taxonomy":"category","embeddable":true,"href":"https:\/\/enricomaciasloriental.fr\/WordPress\/wp-json\/wp\/v2\/categories?post=16776"},{"taxonomy":"post_tag","embeddable":true,"href":"https:\/\/enricomaciasloriental.fr\/WordPress\/wp-json\/wp\/v2\/tags?post=16776"}],"curies":[{"name":"wp","href":"https:\/\/api.w.org\/{rel}","templated":true}]}}