{"id":16784,"date":"2023-01-31T17:00:00","date_gmt":"2023-01-31T16:00:00","guid":{"rendered":"https:\/\/enricomaciasloriental.fr\/WordPress\/?p=16784"},"modified":"2023-01-31T17:00:03","modified_gmt":"2023-01-31T16:00:03","slug":"bonjour-israel-enrico-de-retour-en-israel-pour-feter-ses-60-ans-de-carriere","status":"publish","type":"post","link":"https:\/\/enricomaciasloriental.fr\/WordPress\/bonjour-israel-enrico-de-retour-en-israel-pour-feter-ses-60-ans-de-carriere\/","title":{"rendered":"\u00ab\u00a0Bonjour Israel\u00a0\u00bb &#8211; Enrico de retour en Isra\u00ebl pour f\u00eater ses 60 ans de carri\u00e8re"},"content":{"rendered":"\n<figure class=\"wp-block-image aligncenter size-large\"><img fetchpriority=\"high\" decoding=\"async\" width=\"735\" height=\"1024\" src=\"https:\/\/enricomaciasloriental.fr\/WordPress\/wp-content\/uploads\/\/2023\/01\/326457985_580574470602203_4047984612716747395_n-735x1024.jpg\" alt=\"\" class=\"wp-image-16785\" srcset=\"https:\/\/enricomaciasloriental.fr\/WordPress\/wp-content\/uploads\/2023\/01\/326457985_580574470602203_4047984612716747395_n-735x1024.jpg 735w, https:\/\/enricomaciasloriental.fr\/WordPress\/wp-content\/uploads\/2023\/01\/326457985_580574470602203_4047984612716747395_n-251x350.jpg 251w, https:\/\/enricomaciasloriental.fr\/WordPress\/wp-content\/uploads\/2023\/01\/326457985_580574470602203_4047984612716747395_n-768x1071.jpg 768w, https:\/\/enricomaciasloriental.fr\/WordPress\/wp-content\/uploads\/2023\/01\/326457985_580574470602203_4047984612716747395_n-1102x1536.jpg 1102w, https:\/\/enricomaciasloriental.fr\/WordPress\/wp-content\/uploads\/2023\/01\/326457985_580574470602203_4047984612716747395_n-640x892.jpg 640w, https:\/\/enricomaciasloriental.fr\/WordPress\/wp-content\/uploads\/2023\/01\/326457985_580574470602203_4047984612716747395_n-100x139.jpg 100w, https:\/\/enricomaciasloriental.fr\/WordPress\/wp-content\/uploads\/2023\/01\/326457985_580574470602203_4047984612716747395_n-150x209.jpg 150w, https:\/\/enricomaciasloriental.fr\/WordPress\/wp-content\/uploads\/2023\/01\/326457985_580574470602203_4047984612716747395_n-200x279.jpg 200w, https:\/\/enricomaciasloriental.fr\/WordPress\/wp-content\/uploads\/2023\/01\/326457985_580574470602203_4047984612716747395_n-300x418.jpg 300w, https:\/\/enricomaciasloriental.fr\/WordPress\/wp-content\/uploads\/2023\/01\/326457985_580574470602203_4047984612716747395_n-450x627.jpg 450w, https:\/\/enricomaciasloriental.fr\/WordPress\/wp-content\/uploads\/2023\/01\/326457985_580574470602203_4047984612716747395_n-600x836.jpg 600w, https:\/\/enricomaciasloriental.fr\/WordPress\/wp-content\/uploads\/2023\/01\/326457985_580574470602203_4047984612716747395_n-900x1255.jpg 900w, https:\/\/enricomaciasloriental.fr\/WordPress\/wp-content\/uploads\/2023\/01\/326457985_580574470602203_4047984612716747395_n.jpg 1469w\" sizes=\"(max-width: 735px) 100vw, 735px\" \/><\/figure>\n\n\n\n<p>Enrico Macias sera de retour en Isra\u00ebl en mai 2023. <br \/>\u00ab Bonjour Isra\u00ebl \u00bb, c&rsquo;est le nom de cette nouvelle tourn\u00e9e. Pour marquer ses 60 ann\u00e9es de sc\u00e8ne, il se produira pour 5 concerts festifs \u00e0 :<\/p>\n\n\n\n<p>Tel Aviv  le 28 mai 2023<br \/>Kiryat Motzkin le 30 mai 2023<br \/>Emek HaMayanot le 1er juin 2023<br \/>Beer Sheva le 3 juin 2023<br \/>Beit Shemesh le 5 juin 2023<br \/><br \/>Vous pouvez d\u00e8s \u00e0 pr\u00e9sent r\u00e9server vos places sur internet<\/p>\n","protected":false},"excerpt":{"rendered":"<p>Enrico Macias sera de retour en Isra\u00ebl en mai 2023. \u00ab Bonjour Isra\u00ebl \u00bb, c&rsquo;est le nom de cette nouvelle tourn\u00e9e. Pour marquer ses 60 ann\u00e9es de sc\u00e8ne, il se produira pour 5 concerts festifs \u00e0 : Tel Aviv le &hellip;<\/p>\n<p class=\"read-more\"> <a class=\"more-link\" href=\"https:\/\/enricomaciasloriental.fr\/WordPress\/bonjour-israel-enrico-de-retour-en-israel-pour-feter-ses-60-ans-de-carriere\/\"> <span class=\"screen-reader-text\">\u00ab\u00a0Bonjour Israel\u00a0\u00bb &#8211; Enrico de retour en Isra\u00ebl pour f\u00eater ses 60 ans de carri\u00e8re<\/span> Read More &raquo;<\/a><\/p>\n","protected":false},"author":36,"featured_media":0,"comment_status":"open","ping_status":"open","sticky":false,"template":"","format":"standard","meta":{"footnotes":""},"categories":[1],"tags":[100,95,12,28],"class_list":["post-16784","post","type-post","status-publish","format-standard","hentry","category-actualites","tag-60ansdecarriere","tag-concert","tag-enrico-macias","tag-israel"],"yoast_head":"<!-- This site is optimized with the Yoast SEO plugin v27.4 - https:\/\/yoast.com\/product\/yoast-seo-wordpress\/ -->\n<title>&quot;Bonjour Israel&quot; - Enrico de retour en Isra\u00ebl pour f\u00eater ses 60 ans de carri\u00e8re - ENRICO MACIAS L&#039;Oriental<\/title>\n<meta name=\"robots\" content=\"index, follow, max-snippet:-1, max-image-preview:large, max-video-preview:-1\" \/>\n<link rel=\"canonical\" href=\"https:\/\/enricomaciasloriental.fr\/WordPress\/bonjour-israel-enrico-de-retour-en-israel-pour-feter-ses-60-ans-de-carriere\/\" \/>\n<meta property=\"og:locale\" content=\"fr_FR\" \/>\n<meta property=\"og:type\" content=\"article\" \/>\n<meta property=\"og:title\" content=\"&quot;Bonjour Israel&quot; - Enrico de retour en Isra\u00ebl pour f\u00eater ses 60 ans de carri\u00e8re - ENRICO MACIAS L&#039;Oriental\" \/>\n<meta property=\"og:description\" content=\"Enrico Macias sera de retour en Isra\u00ebl en mai 2023. \u00ab Bonjour Isra\u00ebl \u00bb, c&rsquo;est le nom de cette nouvelle tourn\u00e9e. Pour marquer ses 60 ann\u00e9es de sc\u00e8ne, il se produira pour 5 concerts festifs \u00e0 : Tel Aviv le &hellip; \u00ab\u00a0Bonjour Israel\u00a0\u00bb &#8211; Enrico de retour en Isra\u00ebl pour f\u00eater ses 60 ans de carri\u00e8re Read More &raquo;\" \/>\n<meta property=\"og:url\" content=\"https:\/\/enricomaciasloriental.fr\/WordPress\/bonjour-israel-enrico-de-retour-en-israel-pour-feter-ses-60-ans-de-carriere\/\" \/>\n<meta property=\"og:site_name\" content=\"ENRICO MACIAS L&#039;Oriental\" \/>\n<meta property=\"article:published_time\" content=\"2023-01-31T16:00:00+00:00\" \/>\n<meta property=\"article:modified_time\" content=\"2023-01-31T16:00:03+00:00\" \/>\n<meta property=\"og:image\" content=\"https:\/\/enricomaciasloriental.fr\/WordPress\/wp-content\/uploads\/\/2023\/01\/326457985_580574470602203_4047984612716747395_n-735x1024.jpg\" \/>\n<meta name=\"author\" content=\"Loriental\" \/>\n<meta name=\"twitter:card\" content=\"summary_large_image\" \/>\n<meta name=\"twitter:label1\" content=\"\u00c9crit par\" \/>\n\t<meta name=\"twitter:data1\" content=\"Loriental\" \/>\n\t<meta name=\"twitter:label2\" content=\"Dur\u00e9e de lecture estim\u00e9e\" \/>\n\t<meta name=\"twitter:data2\" content=\"1 minute\" \/>\n<script type=\"application\/ld+json\" class=\"yoast-schema-graph\">{\"@context\":\"https:\\\/\\\/schema.org\",\"@graph\":[{\"@type\":\"Article\",\"@id\":\"https:\\\/\\\/enricomaciasloriental.fr\\\/WordPress\\\/bonjour-israel-enrico-de-retour-en-israel-pour-feter-ses-60-ans-de-carriere\\\/#article\",\"isPartOf\":{\"@id\":\"https:\\\/\\\/enricomaciasloriental.fr\\\/WordPress\\\/bonjour-israel-enrico-de-retour-en-israel-pour-feter-ses-60-ans-de-carriere\\\/\"},\"author\":{\"name\":\"Loriental\",\"@id\":\"https:\\\/\\\/enricomaciasloriental.fr\\\/WordPress\\\/#\\\/schema\\\/person\\\/53fba112c6f4f0b335578890a816262e\"},\"headline\":\"\u00ab\u00a0Bonjour Israel\u00a0\u00bb &#8211; Enrico de retour en Isra\u00ebl pour f\u00eater ses 60 ans de carri\u00e8re\",\"datePublished\":\"2023-01-31T16:00:00+00:00\",\"dateModified\":\"2023-01-31T16:00:03+00:00\",\"mainEntityOfPage\":{\"@id\":\"https:\\\/\\\/enricomaciasloriental.fr\\\/WordPress\\\/bonjour-israel-enrico-de-retour-en-israel-pour-feter-ses-60-ans-de-carriere\\\/\"},\"wordCount\":86,\"commentCount\":0,\"publisher\":{\"@id\":\"https:\\\/\\\/enricomaciasloriental.fr\\\/WordPress\\\/#\\\/schema\\\/person\\\/53fba112c6f4f0b335578890a816262e\"},\"image\":{\"@id\":\"https:\\\/\\\/enricomaciasloriental.fr\\\/WordPress\\\/bonjour-israel-enrico-de-retour-en-israel-pour-feter-ses-60-ans-de-carriere\\\/#primaryimage\"},\"thumbnailUrl\":\"https:\\\/\\\/enricomaciasloriental.fr\\\/WordPress\\\/wp-content\\\/uploads\\\/\\\/2023\\\/01\\\/326457985_580574470602203_4047984612716747395_n-735x1024.jpg\",\"keywords\":[\"60ansdecarriere\",\"Concert\",\"enrico macias\",\"israel\"],\"articleSection\":[\"Actualit\u00e9s\"],\"inLanguage\":\"fr-FR\",\"potentialAction\":[{\"@type\":\"CommentAction\",\"name\":\"Comment\",\"target\":[\"https:\\\/\\\/enricomaciasloriental.fr\\\/WordPress\\\/bonjour-israel-enrico-de-retour-en-israel-pour-feter-ses-60-ans-de-carriere\\\/#respond\"]}]},{\"@type\":\"WebPage\",\"@id\":\"https:\\\/\\\/enricomaciasloriental.fr\\\/WordPress\\\/bonjour-israel-enrico-de-retour-en-israel-pour-feter-ses-60-ans-de-carriere\\\/\",\"url\":\"https:\\\/\\\/enricomaciasloriental.fr\\\/WordPress\\\/bonjour-israel-enrico-de-retour-en-israel-pour-feter-ses-60-ans-de-carriere\\\/\",\"name\":\"\\\"Bonjour Israel\\\" - Enrico de retour en Isra\u00ebl pour f\u00eater ses 60 ans de carri\u00e8re - ENRICO MACIAS L&#039;Oriental\",\"isPartOf\":{\"@id\":\"https:\\\/\\\/enricomaciasloriental.fr\\\/WordPress\\\/#website\"},\"primaryImageOfPage\":{\"@id\":\"https:\\\/\\\/enricomaciasloriental.fr\\\/WordPress\\\/bonjour-israel-enrico-de-retour-en-israel-pour-feter-ses-60-ans-de-carriere\\\/#primaryimage\"},\"image\":{\"@id\":\"https:\\\/\\\/enricomaciasloriental.fr\\\/WordPress\\\/bonjour-israel-enrico-de-retour-en-israel-pour-feter-ses-60-ans-de-carriere\\\/#primaryimage\"},\"thumbnailUrl\":\"https:\\\/\\\/enricomaciasloriental.fr\\\/WordPress\\\/wp-content\\\/uploads\\\/\\\/2023\\\/01\\\/326457985_580574470602203_4047984612716747395_n-735x1024.jpg\",\"datePublished\":\"2023-01-31T16:00:00+00:00\",\"dateModified\":\"2023-01-31T16:00:03+00:00\",\"breadcrumb\":{\"@id\":\"https:\\\/\\\/enricomaciasloriental.fr\\\/WordPress\\\/bonjour-israel-enrico-de-retour-en-israel-pour-feter-ses-60-ans-de-carriere\\\/#breadcrumb\"},\"inLanguage\":\"fr-FR\",\"potentialAction\":[{\"@type\":\"ReadAction\",\"target\":[\"https:\\\/\\\/enricomaciasloriental.fr\\\/WordPress\\\/bonjour-israel-enrico-de-retour-en-israel-pour-feter-ses-60-ans-de-carriere\\\/\"]}]},{\"@type\":\"ImageObject\",\"inLanguage\":\"fr-FR\",\"@id\":\"https:\\\/\\\/enricomaciasloriental.fr\\\/WordPress\\\/bonjour-israel-enrico-de-retour-en-israel-pour-feter-ses-60-ans-de-carriere\\\/#primaryimage\",\"url\":\"https:\\\/\\\/enricomaciasloriental.fr\\\/WordPress\\\/wp-content\\\/uploads\\\/\\\/2023\\\/01\\\/326457985_580574470602203_4047984612716747395_n.jpg\",\"contentUrl\":\"https:\\\/\\\/enricomaciasloriental.fr\\\/WordPress\\\/wp-content\\\/uploads\\\/\\\/2023\\\/01\\\/326457985_580574470602203_4047984612716747395_n.jpg\",\"width\":1469,\"height\":2048},{\"@type\":\"BreadcrumbList\",\"@id\":\"https:\\\/\\\/enricomaciasloriental.fr\\\/WordPress\\\/bonjour-israel-enrico-de-retour-en-israel-pour-feter-ses-60-ans-de-carriere\\\/#breadcrumb\",\"itemListElement\":[{\"@type\":\"ListItem\",\"position\":1,\"name\":\"Accueil\",\"item\":\"https:\\\/\\\/enricomaciasloriental.fr\\\/WordPress\\\/\"},{\"@type\":\"ListItem\",\"position\":2,\"name\":\"\u00ab\u00a0Bonjour Israel\u00a0\u00bb &#8211; Enrico de retour en Isra\u00ebl pour f\u00eater ses 60 ans de carri\u00e8re\"}]},{\"@type\":\"WebSite\",\"@id\":\"https:\\\/\\\/enricomaciasloriental.fr\\\/WordPress\\\/#website\",\"url\":\"https:\\\/\\\/enricomaciasloriental.fr\\\/WordPress\\\/\",\"name\":\"ENRICO MACIAS L'Oriental\",\"description\":\"IL EST COMME LE SOLEIL\",\"publisher\":{\"@id\":\"https:\\\/\\\/enricomaciasloriental.fr\\\/WordPress\\\/#\\\/schema\\\/person\\\/53fba112c6f4f0b335578890a816262e\"},\"potentialAction\":[{\"@type\":\"SearchAction\",\"target\":{\"@type\":\"EntryPoint\",\"urlTemplate\":\"https:\\\/\\\/enricomaciasloriental.fr\\\/WordPress\\\/?s={search_term_string}\"},\"query-input\":{\"@type\":\"PropertyValueSpecification\",\"valueRequired\":true,\"valueName\":\"search_term_string\"}}],\"inLanguage\":\"fr-FR\"},{\"@type\":[\"Person\",\"Organization\"],\"@id\":\"https:\\\/\\\/enricomaciasloriental.fr\\\/WordPress\\\/#\\\/schema\\\/person\\\/53fba112c6f4f0b335578890a816262e\",\"name\":\"Loriental\",\"image\":{\"@type\":\"ImageObject\",\"inLanguage\":\"fr-FR\",\"@id\":\"https:\\\/\\\/enricomaciasloriental.fr\\\/WordPress\\\/wp-content\\\/uploads\\\/\\\/2015\\\/02\\\/cropped-bannier_altaiir-enrico.jpg\",\"url\":\"https:\\\/\\\/enricomaciasloriental.fr\\\/WordPress\\\/wp-content\\\/uploads\\\/\\\/2015\\\/02\\\/cropped-bannier_altaiir-enrico.jpg\",\"contentUrl\":\"https:\\\/\\\/enricomaciasloriental.fr\\\/WordPress\\\/wp-content\\\/uploads\\\/\\\/2015\\\/02\\\/cropped-bannier_altaiir-enrico.jpg\",\"width\":1200,\"height\":150,\"caption\":\"Loriental\"},\"logo\":{\"@id\":\"https:\\\/\\\/enricomaciasloriental.fr\\\/WordPress\\\/wp-content\\\/uploads\\\/\\\/2015\\\/02\\\/cropped-bannier_altaiir-enrico.jpg\"},\"sameAs\":[\"http:\\\/\\\/www.enricomaciasloriental.fr\\\/\"]}]}<\/script>\n<!-- \/ Yoast SEO plugin. -->","yoast_head_json":{"title":"\"Bonjour Israel\" - Enrico de retour en Isra\u00ebl pour f\u00eater ses 60 ans de carri\u00e8re - ENRICO MACIAS L&#039;Oriental","robots":{"index":"index","follow":"follow","max-snippet":"max-snippet:-1","max-image-preview":"max-image-preview:large","max-video-preview":"max-video-preview:-1"},"canonical":"https:\/\/enricomaciasloriental.fr\/WordPress\/bonjour-israel-enrico-de-retour-en-israel-pour-feter-ses-60-ans-de-carriere\/","og_locale":"fr_FR","og_type":"article","og_title":"\"Bonjour Israel\" - Enrico de retour en Isra\u00ebl pour f\u00eater ses 60 ans de carri\u00e8re - ENRICO MACIAS L&#039;Oriental","og_description":"Enrico Macias sera de retour en Isra\u00ebl en mai 2023. \u00ab Bonjour Isra\u00ebl \u00bb, c&rsquo;est le nom de cette nouvelle tourn\u00e9e. Pour marquer ses 60 ann\u00e9es de sc\u00e8ne, il se produira pour 5 concerts festifs \u00e0 : Tel Aviv le &hellip; \u00ab\u00a0Bonjour Israel\u00a0\u00bb &#8211; Enrico de retour en Isra\u00ebl pour f\u00eater ses 60 ans de carri\u00e8re Read More &raquo;","og_url":"https:\/\/enricomaciasloriental.fr\/WordPress\/bonjour-israel-enrico-de-retour-en-israel-pour-feter-ses-60-ans-de-carriere\/","og_site_name":"ENRICO MACIAS L&#039;Oriental","article_published_time":"2023-01-31T16:00:00+00:00","article_modified_time":"2023-01-31T16:00:03+00:00","og_image":[{"url":"https:\/\/enricomaciasloriental.fr\/WordPress\/wp-content\/uploads\/\/2023\/01\/326457985_580574470602203_4047984612716747395_n-735x1024.jpg","type":"","width":"","height":""}],"author":"Loriental","twitter_card":"summary_large_image","twitter_misc":{"\u00c9crit par":"Loriental","Dur\u00e9e de lecture estim\u00e9e":"1 minute"},"schema":{"@context":"https:\/\/schema.org","@graph":[{"@type":"Article","@id":"https:\/\/enricomaciasloriental.fr\/WordPress\/bonjour-israel-enrico-de-retour-en-israel-pour-feter-ses-60-ans-de-carriere\/#article","isPartOf":{"@id":"https:\/\/enricomaciasloriental.fr\/WordPress\/bonjour-israel-enrico-de-retour-en-israel-pour-feter-ses-60-ans-de-carriere\/"},"author":{"name":"Loriental","@id":"https:\/\/enricomaciasloriental.fr\/WordPress\/#\/schema\/person\/53fba112c6f4f0b335578890a816262e"},"headline":"\u00ab\u00a0Bonjour Israel\u00a0\u00bb &#8211; Enrico de retour en Isra\u00ebl pour f\u00eater ses 60 ans de carri\u00e8re","datePublished":"2023-01-31T16:00:00+00:00","dateModified":"2023-01-31T16:00:03+00:00","mainEntityOfPage":{"@id":"https:\/\/enricomaciasloriental.fr\/WordPress\/bonjour-israel-enrico-de-retour-en-israel-pour-feter-ses-60-ans-de-carriere\/"},"wordCount":86,"commentCount":0,"publisher":{"@id":"https:\/\/enricomaciasloriental.fr\/WordPress\/#\/schema\/person\/53fba112c6f4f0b335578890a816262e"},"image":{"@id":"https:\/\/enricomaciasloriental.fr\/WordPress\/bonjour-israel-enrico-de-retour-en-israel-pour-feter-ses-60-ans-de-carriere\/#primaryimage"},"thumbnailUrl":"https:\/\/enricomaciasloriental.fr\/WordPress\/wp-content\/uploads\/\/2023\/01\/326457985_580574470602203_4047984612716747395_n-735x1024.jpg","keywords":["60ansdecarriere","Concert","enrico macias","israel"],"articleSection":["Actualit\u00e9s"],"inLanguage":"fr-FR","potentialAction":[{"@type":"CommentAction","name":"Comment","target":["https:\/\/enricomaciasloriental.fr\/WordPress\/bonjour-israel-enrico-de-retour-en-israel-pour-feter-ses-60-ans-de-carriere\/#respond"]}]},{"@type":"WebPage","@id":"https:\/\/enricomaciasloriental.fr\/WordPress\/bonjour-israel-enrico-de-retour-en-israel-pour-feter-ses-60-ans-de-carriere\/","url":"https:\/\/enricomaciasloriental.fr\/WordPress\/bonjour-israel-enrico-de-retour-en-israel-pour-feter-ses-60-ans-de-carriere\/","name":"\"Bonjour Israel\" - Enrico de retour en Isra\u00ebl pour f\u00eater ses 60 ans de carri\u00e8re - ENRICO MACIAS L&#039;Oriental","isPartOf":{"@id":"https:\/\/enricomaciasloriental.fr\/WordPress\/#website"},"primaryImageOfPage":{"@id":"https:\/\/enricomaciasloriental.fr\/WordPress\/bonjour-israel-enrico-de-retour-en-israel-pour-feter-ses-60-ans-de-carriere\/#primaryimage"},"image":{"@id":"https:\/\/enricomaciasloriental.fr\/WordPress\/bonjour-israel-enrico-de-retour-en-israel-pour-feter-ses-60-ans-de-carriere\/#primaryimage"},"thumbnailUrl":"https:\/\/enricomaciasloriental.fr\/WordPress\/wp-content\/uploads\/\/2023\/01\/326457985_580574470602203_4047984612716747395_n-735x1024.jpg","datePublished":"2023-01-31T16:00:00+00:00","dateModified":"2023-01-31T16:00:03+00:00","breadcrumb":{"@id":"https:\/\/enricomaciasloriental.fr\/WordPress\/bonjour-israel-enrico-de-retour-en-israel-pour-feter-ses-60-ans-de-carriere\/#breadcrumb"},"inLanguage":"fr-FR","potentialAction":[{"@type":"ReadAction","target":["https:\/\/enricomaciasloriental.fr\/WordPress\/bonjour-israel-enrico-de-retour-en-israel-pour-feter-ses-60-ans-de-carriere\/"]}]},{"@type":"ImageObject","inLanguage":"fr-FR","@id":"https:\/\/enricomaciasloriental.fr\/WordPress\/bonjour-israel-enrico-de-retour-en-israel-pour-feter-ses-60-ans-de-carriere\/#primaryimage","url":"https:\/\/enricomaciasloriental.fr\/WordPress\/wp-content\/uploads\/\/2023\/01\/326457985_580574470602203_4047984612716747395_n.jpg","contentUrl":"https:\/\/enricomaciasloriental.fr\/WordPress\/wp-content\/uploads\/\/2023\/01\/326457985_580574470602203_4047984612716747395_n.jpg","width":1469,"height":2048},{"@type":"BreadcrumbList","@id":"https:\/\/enricomaciasloriental.fr\/WordPress\/bonjour-israel-enrico-de-retour-en-israel-pour-feter-ses-60-ans-de-carriere\/#breadcrumb","itemListElement":[{"@type":"ListItem","position":1,"name":"Accueil","item":"https:\/\/enricomaciasloriental.fr\/WordPress\/"},{"@type":"ListItem","position":2,"name":"\u00ab\u00a0Bonjour Israel\u00a0\u00bb &#8211; Enrico de retour en Isra\u00ebl pour f\u00eater ses 60 ans de carri\u00e8re"}]},{"@type":"WebSite","@id":"https:\/\/enricomaciasloriental.fr\/WordPress\/#website","url":"https:\/\/enricomaciasloriental.fr\/WordPress\/","name":"ENRICO MACIAS L'Oriental","description":"IL EST COMME LE SOLEIL","publisher":{"@id":"https:\/\/enricomaciasloriental.fr\/WordPress\/#\/schema\/person\/53fba112c6f4f0b335578890a816262e"},"potentialAction":[{"@type":"SearchAction","target":{"@type":"EntryPoint","urlTemplate":"https:\/\/enricomaciasloriental.fr\/WordPress\/?s={search_term_string}"},"query-input":{"@type":"PropertyValueSpecification","valueRequired":true,"valueName":"search_term_string"}}],"inLanguage":"fr-FR"},{"@type":["Person","Organization"],"@id":"https:\/\/enricomaciasloriental.fr\/WordPress\/#\/schema\/person\/53fba112c6f4f0b335578890a816262e","name":"Loriental","image":{"@type":"ImageObject","inLanguage":"fr-FR","@id":"https:\/\/enricomaciasloriental.fr\/WordPress\/wp-content\/uploads\/\/2015\/02\/cropped-bannier_altaiir-enrico.jpg","url":"https:\/\/enricomaciasloriental.fr\/WordPress\/wp-content\/uploads\/\/2015\/02\/cropped-bannier_altaiir-enrico.jpg","contentUrl":"https:\/\/enricomaciasloriental.fr\/WordPress\/wp-content\/uploads\/\/2015\/02\/cropped-bannier_altaiir-enrico.jpg","width":1200,"height":150,"caption":"Loriental"},"logo":{"@id":"https:\/\/enricomaciasloriental.fr\/WordPress\/wp-content\/uploads\/\/2015\/02\/cropped-bannier_altaiir-enrico.jpg"},"sameAs":["http:\/\/www.enricomaciasloriental.fr\/"]}]}},"featured_image_src":"","featured_image_src_square":false,"author_info":{"display_name":"Loriental","author_link":"https:\/\/enricomaciasloriental.fr\/WordPress\/author\/admin9234\/"},"rbea_author_info":{"display_name":"Loriental","author_link":"https:\/\/enricomaciasloriental.fr\/WordPress\/author\/admin9234\/"},"rbea_excerpt_info":"Enrico Macias sera de retour en Isra\u00ebl en mai 2023. \u00ab Bonjour Isra\u00ebl \u00bb, c&rsquo;est le nom de cette nouvelle tourn\u00e9e. Pour marquer ses 60 ann\u00e9es de sc\u00e8ne, il se produira pour 5 concerts festifs \u00e0 : Tel Aviv le &hellip;<p class=\"read-more\"> <a class=\"more-link\" href=\"https:\/\/enricomaciasloriental.fr\/WordPress\/bonjour-israel-enrico-de-retour-en-israel-pour-feter-ses-60-ans-de-carriere\/\"> <span class=\"screen-reader-text\">\u00ab\u00a0Bonjour Israel\u00a0\u00bb &#8211; Enrico de retour en Isra\u00ebl pour f\u00eater ses 60 ans de carri\u00e8re<\/span> Read More &raquo;<\/a><\/p>","category_list":"<a href=\"https:\/\/enricomaciasloriental.fr\/WordPress\/category\/actualites\/\">Actualit\u00e9s<\/a>","comments_num":"0 comments","_links":{"self":[{"href":"https:\/\/enricomaciasloriental.fr\/WordPress\/wp-json\/wp\/v2\/posts\/16784","targetHints":{"allow":["GET"]}}],"collection":[{"href":"https:\/\/enricomaciasloriental.fr\/WordPress\/wp-json\/wp\/v2\/posts"}],"about":[{"href":"https:\/\/enricomaciasloriental.fr\/WordPress\/wp-json\/wp\/v2\/types\/post"}],"author":[{"embeddable":true,"href":"https:\/\/enricomaciasloriental.fr\/WordPress\/wp-json\/wp\/v2\/users\/36"}],"replies":[{"embeddable":true,"href":"https:\/\/enricomaciasloriental.fr\/WordPress\/wp-json\/wp\/v2\/comments?post=16784"}],"version-history":[{"count":0,"href":"https:\/\/enricomaciasloriental.fr\/WordPress\/wp-json\/wp\/v2\/posts\/16784\/revisions"}],"wp:attachment":[{"href":"https:\/\/enricomaciasloriental.fr\/WordPress\/wp-json\/wp\/v2\/media?parent=16784"}],"wp:term":[{"taxonomy":"category","embeddable":true,"href":"https:\/\/enricomaciasloriental.fr\/WordPress\/wp-json\/wp\/v2\/categories?post=16784"},{"taxonomy":"post_tag","embeddable":true,"href":"https:\/\/enricomaciasloriental.fr\/WordPress\/wp-json\/wp\/v2\/tags?post=16784"}],"curies":[{"name":"wp","href":"https:\/\/api.w.org\/{rel}","templated":true}]}}