{"id":16915,"date":"2023-05-05T20:07:20","date_gmt":"2023-05-05T18:07:20","guid":{"rendered":"https:\/\/enricomaciasloriental.fr\/WordPress\/?p=16915"},"modified":"2023-05-05T20:07:23","modified_gmt":"2023-05-05T18:07:23","slug":"chanter-a-pleine-voix-chanter-tout-au-long-de-ma-vie","status":"publish","type":"post","link":"https:\/\/enricomaciasloriental.fr\/WordPress\/chanter-a-pleine-voix-chanter-tout-au-long-de-ma-vie\/","title":{"rendered":"CHANTER A PLEINE VOIX, CHANTER TOUT AU LONG DE MA VIE"},"content":{"rendered":"\n<p>Cette magnifique tourn\u00e9e \u00e0 l\u2019occasion de ses 60 ans de carri\u00e8re fait faire un v\u00e9ritable tour de France \u00e0 Enrico. Depuis le d\u00e9but de l\u2019ann\u00e9e 2023, il a foul\u00e9 les sc\u00e8nes de St Est\u00e8ve, Lyon, M\u00e9rignac, Lille, du palais des congr\u00e8s de Paris, de Marseille et B\u00e9ziers. A cela s\u2019ajoutent les concerts priv\u00e9s, les nombreuses t\u00e9l\u00e9visions et \u00e9missions de radio, le tournage de \u00ab\u00a0Maison de retraite 2\u00a0\u00bb \u00e0 la mi-avril et il y a deux jours il se trouvait \u00e0 Istanbul pour recevoir le prix international d\u2019honneur et d\u2019excellence d\u00e9cern\u00e9 par la magazine Klass.<br \/>Beaucoup seraient fatigu\u00e9s pour bien moins que \u00e7a.<\/p>\n\n\n\n<p><br \/><br \/>Mais, sa guitare \u00e0 la main, port\u00e9 par l\u2019amour de son public et sa passion pour la musique, Enrico ne laisse aucune prise \u00e0 la fatigue et la lassitude. Et c\u2019est sur la tr\u00e8s belle sc\u00e8ne de l\u2019auditorium de la cit\u00e9 des congr\u00e8s de Nantes que nous l\u2019avons retrouv\u00e9 ce 4 mai 2023.<\/p>\n\n\n\n<figure class=\"wp-block-image aligncenter size-full\"><img fetchpriority=\"high\" decoding=\"async\" width=\"700\" height=\"467\" src=\"https:\/\/enricomaciasloriental.fr\/WordPress\/wp-content\/uploads\/\/2023\/05\/Nantes-04052023-7164.jpg\" alt=\"\" class=\"wp-image-16916\" srcset=\"https:\/\/enricomaciasloriental.fr\/WordPress\/wp-content\/uploads\/2023\/05\/Nantes-04052023-7164.jpg 700w, https:\/\/enricomaciasloriental.fr\/WordPress\/wp-content\/uploads\/2023\/05\/Nantes-04052023-7164-350x234.jpg 350w, https:\/\/enricomaciasloriental.fr\/WordPress\/wp-content\/uploads\/2023\/05\/Nantes-04052023-7164-640x427.jpg 640w, https:\/\/enricomaciasloriental.fr\/WordPress\/wp-content\/uploads\/2023\/05\/Nantes-04052023-7164-100x67.jpg 100w, https:\/\/enricomaciasloriental.fr\/WordPress\/wp-content\/uploads\/2023\/05\/Nantes-04052023-7164-150x100.jpg 150w, https:\/\/enricomaciasloriental.fr\/WordPress\/wp-content\/uploads\/2023\/05\/Nantes-04052023-7164-200x133.jpg 200w, https:\/\/enricomaciasloriental.fr\/WordPress\/wp-content\/uploads\/2023\/05\/Nantes-04052023-7164-300x200.jpg 300w, https:\/\/enricomaciasloriental.fr\/WordPress\/wp-content\/uploads\/2023\/05\/Nantes-04052023-7164-450x300.jpg 450w, https:\/\/enricomaciasloriental.fr\/WordPress\/wp-content\/uploads\/2023\/05\/Nantes-04052023-7164-600x400.jpg 600w\" sizes=\"(max-width: 700px) 100vw, 700px\" \/><\/figure>\n\n\n\n<p>A 84 ans, il n\u2019est pas question pour lui de retraite.<\/p>\n\n\n\n<p>Tel un sportif montant en r\u00e9gime au fil de son entrainement, l\u2019artiste est de plus en plus bluffant tant vocalement, musicalement que par son dynamisme et sa forme physique.<br \/><br \/>Tour \u00e0 tour charg\u00e9 d\u2019\u00e9motions, festif, blagueur, il a offert 1h45 de pure bonheur \u00e0 son public nantais.<\/p>\n\n\n\n<p>En symbiose totale avec ses musiciens, ces derniers mettent \u00e0 son service et \u00e0 celui du spectacle leur talent et leur virtuosit\u00e9. A l\u2019\u00e9coute du moindre souffle du chanteur, ils r\u00e9pondent instantan\u00e9ment \u00e0 toute improvisation subite de l\u2019artiste. Car c\u2019est aussi \u00e7a Enrico Macias. Il aime improviser, s\u2019\u00e9vader, sur des notes inattendues \u2026\u2026\u2026.<\/p>\n\n\n\n<figure class=\"wp-block-image aligncenter size-full\"><img decoding=\"async\" width=\"700\" height=\"467\" src=\"https:\/\/enricomaciasloriental.fr\/WordPress\/wp-content\/uploads\/\/2023\/05\/Nantes-04052023-7312.jpg\" alt=\"\" class=\"wp-image-16917\" srcset=\"https:\/\/enricomaciasloriental.fr\/WordPress\/wp-content\/uploads\/2023\/05\/Nantes-04052023-7312.jpg 700w, https:\/\/enricomaciasloriental.fr\/WordPress\/wp-content\/uploads\/2023\/05\/Nantes-04052023-7312-350x234.jpg 350w, https:\/\/enricomaciasloriental.fr\/WordPress\/wp-content\/uploads\/2023\/05\/Nantes-04052023-7312-640x427.jpg 640w, https:\/\/enricomaciasloriental.fr\/WordPress\/wp-content\/uploads\/2023\/05\/Nantes-04052023-7312-100x67.jpg 100w, https:\/\/enricomaciasloriental.fr\/WordPress\/wp-content\/uploads\/2023\/05\/Nantes-04052023-7312-150x100.jpg 150w, https:\/\/enricomaciasloriental.fr\/WordPress\/wp-content\/uploads\/2023\/05\/Nantes-04052023-7312-200x133.jpg 200w, https:\/\/enricomaciasloriental.fr\/WordPress\/wp-content\/uploads\/2023\/05\/Nantes-04052023-7312-300x200.jpg 300w, https:\/\/enricomaciasloriental.fr\/WordPress\/wp-content\/uploads\/2023\/05\/Nantes-04052023-7312-450x300.jpg 450w, https:\/\/enricomaciasloriental.fr\/WordPress\/wp-content\/uploads\/2023\/05\/Nantes-04052023-7312-600x400.jpg 600w\" sizes=\"(max-width: 700px) 100vw, 700px\" \/><\/figure>\n\n\n\n<p>La salle \u00e9tait aux anges et les \u00ab&nbsp;Enrico on t\u2019aime&nbsp;\u00bb ont fus\u00e9 de partout tel un feu d\u2019artifice d\u2019amour chaleureux et bienveillant.<\/p>\n\n\n\n<p>Cette ambiance, cette communion, cette joie partag\u00e9es par tous devant comme sur la sc\u00e8ne fait chaud au c\u0153ur en ces temps difficiles dans bien des domaines.<br \/>Une parenth\u00e8se d\u2019esp\u00e9rance et de douceur dont chacun se souviendra longtemps.<br \/><br \/>Il restera aussi le respect et l\u2019admiration pour un homme, un artiste, qui malgr\u00e9 les al\u00e9as de la vie, les hauts et les bas, et malgr\u00e9 l\u2019\u00e2ge, ne l\u00e2che rien, continue sur sa voie avec la m\u00eame motivation, la m\u00eame \u00e9nergie et le m\u00eame amour plein la t\u00eate.<br \/><br \/>On l\u2019a encore entendu hier soir \u00e0 la fin du spectacle\u00a0: \u00ab\u00a0Chapeau Enrico\u00a0!\u00a0\u00bb Votre public est admiratif, \u00e9poustoufl\u00e9 et en redemande encore et encore.<br \/><br \/>Vous pourrez retrouver Enrico Macias samedi \u00e0 Vandoeuvre Les Nancy. J\u2019esp\u00e8re que notre envoy\u00e9e sp\u00e9ciale nous enverra un petit article avec quelques photos.<br \/><br \/>Puis Enrico s\u2019envolera \u00e0 la fin du mois pour une tourn\u00e9e exceptionnelle de 6 concerts en Isra\u00ebl, tourn\u00e9e intitul\u00e9e cette ann\u00e9e \u00ab\u00a0Bonjour Isra\u00ebl\u00a0\u00bb.<br \/><br \/>Vous pouvez retrouver toutes les dates sur notre blog.<\/p>\n\n\n\n<figure class=\"wp-block-image aligncenter size-full\"><img decoding=\"async\" width=\"467\" height=\"700\" src=\"https:\/\/enricomaciasloriental.fr\/WordPress\/wp-content\/uploads\/\/2023\/05\/Nantes-04052023-7130.jpg\" alt=\"\" class=\"wp-image-16918\" srcset=\"https:\/\/enricomaciasloriental.fr\/WordPress\/wp-content\/uploads\/2023\/05\/Nantes-04052023-7130.jpg 467w, https:\/\/enricomaciasloriental.fr\/WordPress\/wp-content\/uploads\/2023\/05\/Nantes-04052023-7130-234x350.jpg 234w, https:\/\/enricomaciasloriental.fr\/WordPress\/wp-content\/uploads\/2023\/05\/Nantes-04052023-7130-100x150.jpg 100w, https:\/\/enricomaciasloriental.fr\/WordPress\/wp-content\/uploads\/2023\/05\/Nantes-04052023-7130-150x225.jpg 150w, https:\/\/enricomaciasloriental.fr\/WordPress\/wp-content\/uploads\/2023\/05\/Nantes-04052023-7130-200x300.jpg 200w, https:\/\/enricomaciasloriental.fr\/WordPress\/wp-content\/uploads\/2023\/05\/Nantes-04052023-7130-300x450.jpg 300w, https:\/\/enricomaciasloriental.fr\/WordPress\/wp-content\/uploads\/2023\/05\/Nantes-04052023-7130-450x675.jpg 450w\" sizes=\"(max-width: 467px) 100vw, 467px\" \/><\/figure>\n\n\n\n<p><strong>Liste des chansons<\/strong><\/p>\n\n\n\n<p>Il est comme le soleil<br \/>Oranges am\u00e8res\/Aux talons de ses souliers<br \/>Adieu mon pays<br \/>La France de mon enfance<br \/>Medley<br \/>les gens du nord<br \/>Pour tout l\u2019or du monde<br \/>Toi la mer immense<br \/>Chanter<br \/>Pour toutes ces raisons, je t\u2019aime<br \/>Enfants de tous pays<br \/>La f\u00eate orientale<br \/>Une fille \u00e0 marier<br \/>Les filles de mon pays<br \/>Le violon de mon p\u00e8re<br \/>Habibi<br \/>Medley arabo andalou<br \/>Ya rayah<br \/>Une main devant une main derri\u00e8re<br \/>Le mendiant de l\u2019amour<br \/>L\u2019oriental<br \/>El porompompero<\/p>\n","protected":false},"excerpt":{"rendered":"<p>Cette magnifique tourn\u00e9e \u00e0 l\u2019occasion de ses 60 ans de carri\u00e8re fait faire un v\u00e9ritable tour de France \u00e0 Enrico. Depuis le d\u00e9but de l\u2019ann\u00e9e 2023, il a foul\u00e9 les sc\u00e8nes de St Est\u00e8ve, Lyon, M\u00e9rignac, Lille, du palais des &hellip;<\/p>\n<p class=\"read-more\"> <a class=\"more-link\" href=\"https:\/\/enricomaciasloriental.fr\/WordPress\/chanter-a-pleine-voix-chanter-tout-au-long-de-ma-vie\/\"> <span class=\"screen-reader-text\">CHANTER A PLEINE VOIX, CHANTER TOUT AU LONG DE MA VIE<\/span> Read More &raquo;<\/a><\/p>\n","protected":false},"author":36,"featured_media":16916,"comment_status":"open","ping_status":"open","sticky":false,"template":"","format":"standard","meta":{"footnotes":""},"categories":[1],"tags":[],"class_list":["post-16915","post","type-post","status-publish","format-standard","has-post-thumbnail","hentry","category-actualites"],"yoast_head":"<!-- This site is optimized with the Yoast SEO plugin v27.4 - https:\/\/yoast.com\/product\/yoast-seo-wordpress\/ -->\n<title>CHANTER A PLEINE VOIX, CHANTER TOUT AU LONG DE MA VIE - ENRICO MACIAS L&#039;Oriental<\/title>\n<meta name=\"robots\" content=\"index, follow, max-snippet:-1, max-image-preview:large, max-video-preview:-1\" \/>\n<link rel=\"canonical\" href=\"https:\/\/enricomaciasloriental.fr\/WordPress\/chanter-a-pleine-voix-chanter-tout-au-long-de-ma-vie\/\" \/>\n<meta property=\"og:locale\" content=\"fr_FR\" \/>\n<meta property=\"og:type\" content=\"article\" \/>\n<meta property=\"og:title\" content=\"CHANTER A PLEINE VOIX, CHANTER TOUT AU LONG DE MA VIE - ENRICO MACIAS L&#039;Oriental\" \/>\n<meta property=\"og:description\" content=\"Cette magnifique tourn\u00e9e \u00e0 l\u2019occasion de ses 60 ans de carri\u00e8re fait faire un v\u00e9ritable tour de France \u00e0 Enrico. Depuis le d\u00e9but de l\u2019ann\u00e9e 2023, il a foul\u00e9 les sc\u00e8nes de St Est\u00e8ve, Lyon, M\u00e9rignac, Lille, du palais des &hellip; CHANTER A PLEINE VOIX, CHANTER TOUT AU LONG DE MA VIE Read More &raquo;\" \/>\n<meta property=\"og:url\" content=\"https:\/\/enricomaciasloriental.fr\/WordPress\/chanter-a-pleine-voix-chanter-tout-au-long-de-ma-vie\/\" \/>\n<meta property=\"og:site_name\" content=\"ENRICO MACIAS L&#039;Oriental\" \/>\n<meta property=\"article:published_time\" content=\"2023-05-05T18:07:20+00:00\" \/>\n<meta property=\"article:modified_time\" content=\"2023-05-05T18:07:23+00:00\" \/>\n<meta property=\"og:image\" content=\"https:\/\/enricomaciasloriental.fr\/WordPress\/wp-content\/uploads\/\/2023\/05\/Nantes-04052023-7164.jpg\" \/>\n\t<meta property=\"og:image:width\" content=\"700\" \/>\n\t<meta property=\"og:image:height\" content=\"467\" \/>\n\t<meta property=\"og:image:type\" content=\"image\/jpeg\" \/>\n<meta name=\"author\" content=\"Loriental\" \/>\n<meta name=\"twitter:card\" content=\"summary_large_image\" \/>\n<meta name=\"twitter:label1\" content=\"\u00c9crit par\" \/>\n\t<meta name=\"twitter:data1\" content=\"Loriental\" \/>\n\t<meta name=\"twitter:label2\" content=\"Dur\u00e9e de lecture estim\u00e9e\" \/>\n\t<meta name=\"twitter:data2\" content=\"4 minutes\" \/>\n<script type=\"application\/ld+json\" class=\"yoast-schema-graph\">{\"@context\":\"https:\\\/\\\/schema.org\",\"@graph\":[{\"@type\":\"Article\",\"@id\":\"https:\\\/\\\/enricomaciasloriental.fr\\\/WordPress\\\/chanter-a-pleine-voix-chanter-tout-au-long-de-ma-vie\\\/#article\",\"isPartOf\":{\"@id\":\"https:\\\/\\\/enricomaciasloriental.fr\\\/WordPress\\\/chanter-a-pleine-voix-chanter-tout-au-long-de-ma-vie\\\/\"},\"author\":{\"name\":\"Loriental\",\"@id\":\"https:\\\/\\\/enricomaciasloriental.fr\\\/WordPress\\\/#\\\/schema\\\/person\\\/53fba112c6f4f0b335578890a816262e\"},\"headline\":\"CHANTER A PLEINE VOIX, CHANTER TOUT AU LONG DE MA VIE\",\"datePublished\":\"2023-05-05T18:07:20+00:00\",\"dateModified\":\"2023-05-05T18:07:23+00:00\",\"mainEntityOfPage\":{\"@id\":\"https:\\\/\\\/enricomaciasloriental.fr\\\/WordPress\\\/chanter-a-pleine-voix-chanter-tout-au-long-de-ma-vie\\\/\"},\"wordCount\":579,\"commentCount\":1,\"publisher\":{\"@id\":\"https:\\\/\\\/enricomaciasloriental.fr\\\/WordPress\\\/#\\\/schema\\\/person\\\/53fba112c6f4f0b335578890a816262e\"},\"image\":{\"@id\":\"https:\\\/\\\/enricomaciasloriental.fr\\\/WordPress\\\/chanter-a-pleine-voix-chanter-tout-au-long-de-ma-vie\\\/#primaryimage\"},\"thumbnailUrl\":\"https:\\\/\\\/enricomaciasloriental.fr\\\/WordPress\\\/wp-content\\\/uploads\\\/\\\/2023\\\/05\\\/Nantes-04052023-7164.jpg\",\"articleSection\":[\"Actualit\u00e9s\"],\"inLanguage\":\"fr-FR\",\"potentialAction\":[{\"@type\":\"CommentAction\",\"name\":\"Comment\",\"target\":[\"https:\\\/\\\/enricomaciasloriental.fr\\\/WordPress\\\/chanter-a-pleine-voix-chanter-tout-au-long-de-ma-vie\\\/#respond\"]}]},{\"@type\":\"WebPage\",\"@id\":\"https:\\\/\\\/enricomaciasloriental.fr\\\/WordPress\\\/chanter-a-pleine-voix-chanter-tout-au-long-de-ma-vie\\\/\",\"url\":\"https:\\\/\\\/enricomaciasloriental.fr\\\/WordPress\\\/chanter-a-pleine-voix-chanter-tout-au-long-de-ma-vie\\\/\",\"name\":\"CHANTER A PLEINE VOIX, CHANTER TOUT AU LONG DE MA VIE - ENRICO MACIAS L&#039;Oriental\",\"isPartOf\":{\"@id\":\"https:\\\/\\\/enricomaciasloriental.fr\\\/WordPress\\\/#website\"},\"primaryImageOfPage\":{\"@id\":\"https:\\\/\\\/enricomaciasloriental.fr\\\/WordPress\\\/chanter-a-pleine-voix-chanter-tout-au-long-de-ma-vie\\\/#primaryimage\"},\"image\":{\"@id\":\"https:\\\/\\\/enricomaciasloriental.fr\\\/WordPress\\\/chanter-a-pleine-voix-chanter-tout-au-long-de-ma-vie\\\/#primaryimage\"},\"thumbnailUrl\":\"https:\\\/\\\/enricomaciasloriental.fr\\\/WordPress\\\/wp-content\\\/uploads\\\/\\\/2023\\\/05\\\/Nantes-04052023-7164.jpg\",\"datePublished\":\"2023-05-05T18:07:20+00:00\",\"dateModified\":\"2023-05-05T18:07:23+00:00\",\"breadcrumb\":{\"@id\":\"https:\\\/\\\/enricomaciasloriental.fr\\\/WordPress\\\/chanter-a-pleine-voix-chanter-tout-au-long-de-ma-vie\\\/#breadcrumb\"},\"inLanguage\":\"fr-FR\",\"potentialAction\":[{\"@type\":\"ReadAction\",\"target\":[\"https:\\\/\\\/enricomaciasloriental.fr\\\/WordPress\\\/chanter-a-pleine-voix-chanter-tout-au-long-de-ma-vie\\\/\"]}]},{\"@type\":\"ImageObject\",\"inLanguage\":\"fr-FR\",\"@id\":\"https:\\\/\\\/enricomaciasloriental.fr\\\/WordPress\\\/chanter-a-pleine-voix-chanter-tout-au-long-de-ma-vie\\\/#primaryimage\",\"url\":\"https:\\\/\\\/enricomaciasloriental.fr\\\/WordPress\\\/wp-content\\\/uploads\\\/\\\/2023\\\/05\\\/Nantes-04052023-7164.jpg\",\"contentUrl\":\"https:\\\/\\\/enricomaciasloriental.fr\\\/WordPress\\\/wp-content\\\/uploads\\\/\\\/2023\\\/05\\\/Nantes-04052023-7164.jpg\",\"width\":700,\"height\":467},{\"@type\":\"BreadcrumbList\",\"@id\":\"https:\\\/\\\/enricomaciasloriental.fr\\\/WordPress\\\/chanter-a-pleine-voix-chanter-tout-au-long-de-ma-vie\\\/#breadcrumb\",\"itemListElement\":[{\"@type\":\"ListItem\",\"position\":1,\"name\":\"Accueil\",\"item\":\"https:\\\/\\\/enricomaciasloriental.fr\\\/WordPress\\\/\"},{\"@type\":\"ListItem\",\"position\":2,\"name\":\"CHANTER A PLEINE VOIX, CHANTER TOUT AU LONG DE MA VIE\"}]},{\"@type\":\"WebSite\",\"@id\":\"https:\\\/\\\/enricomaciasloriental.fr\\\/WordPress\\\/#website\",\"url\":\"https:\\\/\\\/enricomaciasloriental.fr\\\/WordPress\\\/\",\"name\":\"ENRICO MACIAS L'Oriental\",\"description\":\"IL EST COMME LE SOLEIL\",\"publisher\":{\"@id\":\"https:\\\/\\\/enricomaciasloriental.fr\\\/WordPress\\\/#\\\/schema\\\/person\\\/53fba112c6f4f0b335578890a816262e\"},\"potentialAction\":[{\"@type\":\"SearchAction\",\"target\":{\"@type\":\"EntryPoint\",\"urlTemplate\":\"https:\\\/\\\/enricomaciasloriental.fr\\\/WordPress\\\/?s={search_term_string}\"},\"query-input\":{\"@type\":\"PropertyValueSpecification\",\"valueRequired\":true,\"valueName\":\"search_term_string\"}}],\"inLanguage\":\"fr-FR\"},{\"@type\":[\"Person\",\"Organization\"],\"@id\":\"https:\\\/\\\/enricomaciasloriental.fr\\\/WordPress\\\/#\\\/schema\\\/person\\\/53fba112c6f4f0b335578890a816262e\",\"name\":\"Loriental\",\"image\":{\"@type\":\"ImageObject\",\"inLanguage\":\"fr-FR\",\"@id\":\"https:\\\/\\\/enricomaciasloriental.fr\\\/WordPress\\\/wp-content\\\/uploads\\\/\\\/2015\\\/02\\\/cropped-bannier_altaiir-enrico.jpg\",\"url\":\"https:\\\/\\\/enricomaciasloriental.fr\\\/WordPress\\\/wp-content\\\/uploads\\\/\\\/2015\\\/02\\\/cropped-bannier_altaiir-enrico.jpg\",\"contentUrl\":\"https:\\\/\\\/enricomaciasloriental.fr\\\/WordPress\\\/wp-content\\\/uploads\\\/\\\/2015\\\/02\\\/cropped-bannier_altaiir-enrico.jpg\",\"width\":1200,\"height\":150,\"caption\":\"Loriental\"},\"logo\":{\"@id\":\"https:\\\/\\\/enricomaciasloriental.fr\\\/WordPress\\\/wp-content\\\/uploads\\\/\\\/2015\\\/02\\\/cropped-bannier_altaiir-enrico.jpg\"},\"sameAs\":[\"http:\\\/\\\/www.enricomaciasloriental.fr\\\/\"]}]}<\/script>\n<!-- \/ Yoast SEO plugin. -->","yoast_head_json":{"title":"CHANTER A PLEINE VOIX, CHANTER TOUT AU LONG DE MA VIE - ENRICO MACIAS L&#039;Oriental","robots":{"index":"index","follow":"follow","max-snippet":"max-snippet:-1","max-image-preview":"max-image-preview:large","max-video-preview":"max-video-preview:-1"},"canonical":"https:\/\/enricomaciasloriental.fr\/WordPress\/chanter-a-pleine-voix-chanter-tout-au-long-de-ma-vie\/","og_locale":"fr_FR","og_type":"article","og_title":"CHANTER A PLEINE VOIX, CHANTER TOUT AU LONG DE MA VIE - ENRICO MACIAS L&#039;Oriental","og_description":"Cette magnifique tourn\u00e9e \u00e0 l\u2019occasion de ses 60 ans de carri\u00e8re fait faire un v\u00e9ritable tour de France \u00e0 Enrico. Depuis le d\u00e9but de l\u2019ann\u00e9e 2023, il a foul\u00e9 les sc\u00e8nes de St Est\u00e8ve, Lyon, M\u00e9rignac, Lille, du palais des &hellip; CHANTER A PLEINE VOIX, CHANTER TOUT AU LONG DE MA VIE Read More &raquo;","og_url":"https:\/\/enricomaciasloriental.fr\/WordPress\/chanter-a-pleine-voix-chanter-tout-au-long-de-ma-vie\/","og_site_name":"ENRICO MACIAS L&#039;Oriental","article_published_time":"2023-05-05T18:07:20+00:00","article_modified_time":"2023-05-05T18:07:23+00:00","og_image":[{"width":700,"height":467,"url":"https:\/\/enricomaciasloriental.fr\/WordPress\/wp-content\/uploads\/\/2023\/05\/Nantes-04052023-7164.jpg","type":"image\/jpeg"}],"author":"Loriental","twitter_card":"summary_large_image","twitter_misc":{"\u00c9crit par":"Loriental","Dur\u00e9e de lecture estim\u00e9e":"4 minutes"},"schema":{"@context":"https:\/\/schema.org","@graph":[{"@type":"Article","@id":"https:\/\/enricomaciasloriental.fr\/WordPress\/chanter-a-pleine-voix-chanter-tout-au-long-de-ma-vie\/#article","isPartOf":{"@id":"https:\/\/enricomaciasloriental.fr\/WordPress\/chanter-a-pleine-voix-chanter-tout-au-long-de-ma-vie\/"},"author":{"name":"Loriental","@id":"https:\/\/enricomaciasloriental.fr\/WordPress\/#\/schema\/person\/53fba112c6f4f0b335578890a816262e"},"headline":"CHANTER A PLEINE VOIX, CHANTER TOUT AU LONG DE MA VIE","datePublished":"2023-05-05T18:07:20+00:00","dateModified":"2023-05-05T18:07:23+00:00","mainEntityOfPage":{"@id":"https:\/\/enricomaciasloriental.fr\/WordPress\/chanter-a-pleine-voix-chanter-tout-au-long-de-ma-vie\/"},"wordCount":579,"commentCount":1,"publisher":{"@id":"https:\/\/enricomaciasloriental.fr\/WordPress\/#\/schema\/person\/53fba112c6f4f0b335578890a816262e"},"image":{"@id":"https:\/\/enricomaciasloriental.fr\/WordPress\/chanter-a-pleine-voix-chanter-tout-au-long-de-ma-vie\/#primaryimage"},"thumbnailUrl":"https:\/\/enricomaciasloriental.fr\/WordPress\/wp-content\/uploads\/\/2023\/05\/Nantes-04052023-7164.jpg","articleSection":["Actualit\u00e9s"],"inLanguage":"fr-FR","potentialAction":[{"@type":"CommentAction","name":"Comment","target":["https:\/\/enricomaciasloriental.fr\/WordPress\/chanter-a-pleine-voix-chanter-tout-au-long-de-ma-vie\/#respond"]}]},{"@type":"WebPage","@id":"https:\/\/enricomaciasloriental.fr\/WordPress\/chanter-a-pleine-voix-chanter-tout-au-long-de-ma-vie\/","url":"https:\/\/enricomaciasloriental.fr\/WordPress\/chanter-a-pleine-voix-chanter-tout-au-long-de-ma-vie\/","name":"CHANTER A PLEINE VOIX, CHANTER TOUT AU LONG DE MA VIE - ENRICO MACIAS L&#039;Oriental","isPartOf":{"@id":"https:\/\/enricomaciasloriental.fr\/WordPress\/#website"},"primaryImageOfPage":{"@id":"https:\/\/enricomaciasloriental.fr\/WordPress\/chanter-a-pleine-voix-chanter-tout-au-long-de-ma-vie\/#primaryimage"},"image":{"@id":"https:\/\/enricomaciasloriental.fr\/WordPress\/chanter-a-pleine-voix-chanter-tout-au-long-de-ma-vie\/#primaryimage"},"thumbnailUrl":"https:\/\/enricomaciasloriental.fr\/WordPress\/wp-content\/uploads\/\/2023\/05\/Nantes-04052023-7164.jpg","datePublished":"2023-05-05T18:07:20+00:00","dateModified":"2023-05-05T18:07:23+00:00","breadcrumb":{"@id":"https:\/\/enricomaciasloriental.fr\/WordPress\/chanter-a-pleine-voix-chanter-tout-au-long-de-ma-vie\/#breadcrumb"},"inLanguage":"fr-FR","potentialAction":[{"@type":"ReadAction","target":["https:\/\/enricomaciasloriental.fr\/WordPress\/chanter-a-pleine-voix-chanter-tout-au-long-de-ma-vie\/"]}]},{"@type":"ImageObject","inLanguage":"fr-FR","@id":"https:\/\/enricomaciasloriental.fr\/WordPress\/chanter-a-pleine-voix-chanter-tout-au-long-de-ma-vie\/#primaryimage","url":"https:\/\/enricomaciasloriental.fr\/WordPress\/wp-content\/uploads\/\/2023\/05\/Nantes-04052023-7164.jpg","contentUrl":"https:\/\/enricomaciasloriental.fr\/WordPress\/wp-content\/uploads\/\/2023\/05\/Nantes-04052023-7164.jpg","width":700,"height":467},{"@type":"BreadcrumbList","@id":"https:\/\/enricomaciasloriental.fr\/WordPress\/chanter-a-pleine-voix-chanter-tout-au-long-de-ma-vie\/#breadcrumb","itemListElement":[{"@type":"ListItem","position":1,"name":"Accueil","item":"https:\/\/enricomaciasloriental.fr\/WordPress\/"},{"@type":"ListItem","position":2,"name":"CHANTER A PLEINE VOIX, CHANTER TOUT AU LONG DE MA VIE"}]},{"@type":"WebSite","@id":"https:\/\/enricomaciasloriental.fr\/WordPress\/#website","url":"https:\/\/enricomaciasloriental.fr\/WordPress\/","name":"ENRICO MACIAS L'Oriental","description":"IL EST COMME LE SOLEIL","publisher":{"@id":"https:\/\/enricomaciasloriental.fr\/WordPress\/#\/schema\/person\/53fba112c6f4f0b335578890a816262e"},"potentialAction":[{"@type":"SearchAction","target":{"@type":"EntryPoint","urlTemplate":"https:\/\/enricomaciasloriental.fr\/WordPress\/?s={search_term_string}"},"query-input":{"@type":"PropertyValueSpecification","valueRequired":true,"valueName":"search_term_string"}}],"inLanguage":"fr-FR"},{"@type":["Person","Organization"],"@id":"https:\/\/enricomaciasloriental.fr\/WordPress\/#\/schema\/person\/53fba112c6f4f0b335578890a816262e","name":"Loriental","image":{"@type":"ImageObject","inLanguage":"fr-FR","@id":"https:\/\/enricomaciasloriental.fr\/WordPress\/wp-content\/uploads\/\/2015\/02\/cropped-bannier_altaiir-enrico.jpg","url":"https:\/\/enricomaciasloriental.fr\/WordPress\/wp-content\/uploads\/\/2015\/02\/cropped-bannier_altaiir-enrico.jpg","contentUrl":"https:\/\/enricomaciasloriental.fr\/WordPress\/wp-content\/uploads\/\/2015\/02\/cropped-bannier_altaiir-enrico.jpg","width":1200,"height":150,"caption":"Loriental"},"logo":{"@id":"https:\/\/enricomaciasloriental.fr\/WordPress\/wp-content\/uploads\/\/2015\/02\/cropped-bannier_altaiir-enrico.jpg"},"sameAs":["http:\/\/www.enricomaciasloriental.fr\/"]}]}},"featured_image_src":"https:\/\/enricomaciasloriental.fr\/WordPress\/wp-content\/uploads\/\/2023\/05\/Nantes-04052023-7164.jpg","featured_image_src_square":"https:\/\/enricomaciasloriental.fr\/WordPress\/wp-content\/uploads\/\/2023\/05\/Nantes-04052023-7164.jpg","author_info":{"display_name":"Loriental","author_link":"https:\/\/enricomaciasloriental.fr\/WordPress\/author\/admin9234\/"},"rbea_author_info":{"display_name":"Loriental","author_link":"https:\/\/enricomaciasloriental.fr\/WordPress\/author\/admin9234\/"},"rbea_excerpt_info":"Cette magnifique tourn\u00e9e \u00e0 l\u2019occasion de ses 60 ans de carri\u00e8re fait faire un v\u00e9ritable tour de France \u00e0 Enrico. Depuis le d\u00e9but de l\u2019ann\u00e9e 2023, il a foul\u00e9 les sc\u00e8nes de St Est\u00e8ve, Lyon, M\u00e9rignac, Lille, du palais des &hellip;<p class=\"read-more\"> <a class=\"more-link\" href=\"https:\/\/enricomaciasloriental.fr\/WordPress\/chanter-a-pleine-voix-chanter-tout-au-long-de-ma-vie\/\"> <span class=\"screen-reader-text\">CHANTER A PLEINE VOIX, CHANTER TOUT AU LONG DE MA VIE<\/span> Read More &raquo;<\/a><\/p>","category_list":"<a href=\"https:\/\/enricomaciasloriental.fr\/WordPress\/category\/actualites\/\">Actualit\u00e9s<\/a>","comments_num":"1 comment","_links":{"self":[{"href":"https:\/\/enricomaciasloriental.fr\/WordPress\/wp-json\/wp\/v2\/posts\/16915","targetHints":{"allow":["GET"]}}],"collection":[{"href":"https:\/\/enricomaciasloriental.fr\/WordPress\/wp-json\/wp\/v2\/posts"}],"about":[{"href":"https:\/\/enricomaciasloriental.fr\/WordPress\/wp-json\/wp\/v2\/types\/post"}],"author":[{"embeddable":true,"href":"https:\/\/enricomaciasloriental.fr\/WordPress\/wp-json\/wp\/v2\/users\/36"}],"replies":[{"embeddable":true,"href":"https:\/\/enricomaciasloriental.fr\/WordPress\/wp-json\/wp\/v2\/comments?post=16915"}],"version-history":[{"count":0,"href":"https:\/\/enricomaciasloriental.fr\/WordPress\/wp-json\/wp\/v2\/posts\/16915\/revisions"}],"wp:featuredmedia":[{"embeddable":true,"href":"https:\/\/enricomaciasloriental.fr\/WordPress\/wp-json\/wp\/v2\/media\/16916"}],"wp:attachment":[{"href":"https:\/\/enricomaciasloriental.fr\/WordPress\/wp-json\/wp\/v2\/media?parent=16915"}],"wp:term":[{"taxonomy":"category","embeddable":true,"href":"https:\/\/enricomaciasloriental.fr\/WordPress\/wp-json\/wp\/v2\/categories?post=16915"},{"taxonomy":"post_tag","embeddable":true,"href":"https:\/\/enricomaciasloriental.fr\/WordPress\/wp-json\/wp\/v2\/tags?post=16915"}],"curies":[{"name":"wp","href":"https:\/\/api.w.org\/{rel}","templated":true}]}}