{"id":17085,"date":"2023-10-22T22:00:14","date_gmt":"2023-10-22T20:00:14","guid":{"rendered":"https:\/\/enricomaciasloriental.fr\/WordPress\/?p=17085"},"modified":"2023-10-24T07:29:56","modified_gmt":"2023-10-24T05:29:56","slug":"bucarest-je-reviendrai","status":"publish","type":"post","link":"https:\/\/enricomaciasloriental.fr\/WordPress\/bucarest-je-reviendrai\/","title":{"rendered":"Bucarest, je reviendrai"},"content":{"rendered":"\n<figure class=\"wp-block-image aligncenter size-full\"><img fetchpriority=\"high\" decoding=\"async\" width=\"700\" height=\"467\" src=\"https:\/\/enricomaciasloriental.fr\/WordPress\/wp-content\/uploads\/\/2023\/10\/Enrico-Bucarest-6045.jpg\" alt=\"\" class=\"wp-image-17086\" srcset=\"https:\/\/enricomaciasloriental.fr\/WordPress\/wp-content\/uploads\/2023\/10\/Enrico-Bucarest-6045.jpg 700w, https:\/\/enricomaciasloriental.fr\/WordPress\/wp-content\/uploads\/2023\/10\/Enrico-Bucarest-6045-350x234.jpg 350w, https:\/\/enricomaciasloriental.fr\/WordPress\/wp-content\/uploads\/2023\/10\/Enrico-Bucarest-6045-640x427.jpg 640w, https:\/\/enricomaciasloriental.fr\/WordPress\/wp-content\/uploads\/2023\/10\/Enrico-Bucarest-6045-100x67.jpg 100w, https:\/\/enricomaciasloriental.fr\/WordPress\/wp-content\/uploads\/2023\/10\/Enrico-Bucarest-6045-150x100.jpg 150w, https:\/\/enricomaciasloriental.fr\/WordPress\/wp-content\/uploads\/2023\/10\/Enrico-Bucarest-6045-200x133.jpg 200w, https:\/\/enricomaciasloriental.fr\/WordPress\/wp-content\/uploads\/2023\/10\/Enrico-Bucarest-6045-300x200.jpg 300w, https:\/\/enricomaciasloriental.fr\/WordPress\/wp-content\/uploads\/2023\/10\/Enrico-Bucarest-6045-450x300.jpg 450w, https:\/\/enricomaciasloriental.fr\/WordPress\/wp-content\/uploads\/2023\/10\/Enrico-Bucarest-6045-600x400.jpg 600w\" sizes=\"(max-width: 700px) 100vw, 700px\" \/><\/figure>\n\n\n\n<p>Depuis de nombreux mois, tous les murs de Bucarest annon\u00e7aient fi\u00e8rement la venue d\u2019Enrico Macias et les Bucarestois attendaient l\u2019\u00e9v\u00e8nement avec grande impatience, pr\u00e9parant la f\u00eate avec ferveur.<\/p>\n\n\n\n<p>Les Roumains ont d\u00e9couvert Enrico Macias \u00e0 la fin des ann\u00e9es 60 sur les ondes radio et en sont tomb\u00e9s amoureux en 1971 \u00e0 l\u2019occasion de son r\u00e9cital au festival du Cerf d\u2019or de Brasov, r\u00e9cital qui \u00e9tait t\u00e9l\u00e9vis\u00e9.<br \/><br \/>Depuis ce temps, et malgr\u00e9 le blocus s\u00e9vissant dans le pays jusqu\u2019en 1990, les Roumains n\u2019ont plus oubli\u00e9 le chanteur au regard fatal et \u00e0 la choix chaude et ensoleill\u00e9e.<\/p>\n\n\n\n<figure class=\"wp-block-image aligncenter size-full\"><img decoding=\"async\" width=\"467\" height=\"700\" src=\"https:\/\/enricomaciasloriental.fr\/WordPress\/wp-content\/uploads\/\/2023\/10\/Enrico-Bucarest-6584.jpg\" alt=\"\" class=\"wp-image-17087\" srcset=\"https:\/\/enricomaciasloriental.fr\/WordPress\/wp-content\/uploads\/2023\/10\/Enrico-Bucarest-6584.jpg 467w, https:\/\/enricomaciasloriental.fr\/WordPress\/wp-content\/uploads\/2023\/10\/Enrico-Bucarest-6584-234x350.jpg 234w, https:\/\/enricomaciasloriental.fr\/WordPress\/wp-content\/uploads\/2023\/10\/Enrico-Bucarest-6584-100x150.jpg 100w, https:\/\/enricomaciasloriental.fr\/WordPress\/wp-content\/uploads\/2023\/10\/Enrico-Bucarest-6584-150x225.jpg 150w, https:\/\/enricomaciasloriental.fr\/WordPress\/wp-content\/uploads\/2023\/10\/Enrico-Bucarest-6584-200x300.jpg 200w, https:\/\/enricomaciasloriental.fr\/WordPress\/wp-content\/uploads\/2023\/10\/Enrico-Bucarest-6584-300x450.jpg 300w, https:\/\/enricomaciasloriental.fr\/WordPress\/wp-content\/uploads\/2023\/10\/Enrico-Bucarest-6584-450x675.jpg 450w\" sizes=\"(max-width: 467px) 100vw, 467px\" \/><\/figure>\n\n\n\n<p>Son retour \u00e0 Bucarest en 2011 avait \u00e9t\u00e9 un \u00e9v\u00e8nement monumental et, en ce 20 octobre 2023, c\u2019est plus de 3000 personnes qui avaient pris place dans la magnifique salle du palais lorsque les lumi\u00e8res se sont \u00e9teintes pour laisser entrer les musiciens.<\/p>\n\n\n\n<p>Le son envoutant de la fl\u00fbte de Kamel Labbaci s\u2019est \u00e9lev\u00e9 pour nous transporter loin sur les rives de la M\u00e9diterran\u00e9e et l\u2019intro musicale a fait monter l\u2019excitation d\u2019un cran, chacun guettant l\u2019apparition tant attendue.<\/p>\n\n\n\n<p>Et lorsqu\u2019Enrico, tr\u00e8s \u00e9l\u00e9gant en smoking noir et chemise blanche, est apparu dans le halo de lumi\u00e8re, c\u2019est une salve d\u2019applaudissements qui l\u2019a accompagn\u00e9 jusqu\u2019au centre de la sc\u00e8ne.<\/p>\n\n\n\n<figure class=\"wp-block-image aligncenter size-full\"><img decoding=\"async\" width=\"700\" height=\"467\" src=\"https:\/\/enricomaciasloriental.fr\/WordPress\/wp-content\/uploads\/\/2023\/10\/Enrico-Bucarest-6600.jpg\" alt=\"\" class=\"wp-image-17088\" srcset=\"https:\/\/enricomaciasloriental.fr\/WordPress\/wp-content\/uploads\/2023\/10\/Enrico-Bucarest-6600.jpg 700w, https:\/\/enricomaciasloriental.fr\/WordPress\/wp-content\/uploads\/2023\/10\/Enrico-Bucarest-6600-350x234.jpg 350w, https:\/\/enricomaciasloriental.fr\/WordPress\/wp-content\/uploads\/2023\/10\/Enrico-Bucarest-6600-640x427.jpg 640w, https:\/\/enricomaciasloriental.fr\/WordPress\/wp-content\/uploads\/2023\/10\/Enrico-Bucarest-6600-100x67.jpg 100w, https:\/\/enricomaciasloriental.fr\/WordPress\/wp-content\/uploads\/2023\/10\/Enrico-Bucarest-6600-150x100.jpg 150w, https:\/\/enricomaciasloriental.fr\/WordPress\/wp-content\/uploads\/2023\/10\/Enrico-Bucarest-6600-200x133.jpg 200w, https:\/\/enricomaciasloriental.fr\/WordPress\/wp-content\/uploads\/2023\/10\/Enrico-Bucarest-6600-300x200.jpg 300w, https:\/\/enricomaciasloriental.fr\/WordPress\/wp-content\/uploads\/2023\/10\/Enrico-Bucarest-6600-450x300.jpg 450w, https:\/\/enricomaciasloriental.fr\/WordPress\/wp-content\/uploads\/2023\/10\/Enrico-Bucarest-6600-600x400.jpg 600w\" sizes=\"(max-width: 700px) 100vw, 700px\" \/><\/figure>\n\n\n\n<p><br \/>Ce que sont les concerts d\u2019Enrico Macias, je vous l\u2019ai souvent d\u00e9crit, d\u2019aucuns pouvant \u00e0 force penser que je suis de parti pris.<br \/><br \/>Alors aujourd\u2019hui je fais le choix de laisser la parole \u00e0 deux roumaines pr\u00e9sentes \u00e0 ce concert.<\/p>\n\n\n\n<p>La premi\u00e8re est notre amie roumaine de longue date, <strong>Viorica<\/strong>, qui nous avait d\u00e9j\u00e0 parl\u00e9 de son histoire avec Enrico en 2012, sur ces m\u00eames pages. Je vous engage \u00e0 relire ses lignes <strong><a href=\"https:\/\/enricomaciasloriental.fr\/WordPress\/jai-passe-ma-vie-a-lattendre\/\" target=\"_blank\" rel=\"noreferrer noopener\">ICI<\/a> <\/strong>car c\u2019est une histoire surprenante.<br \/>Et bien entendu, tr\u00e8s excit\u00e9e et \u00e9mue de revoir son idole dans son pays, elle \u00e9tait au premier rang ce 20 octobre.<br \/>Voici ce qu\u2019elle a \u00e9crit au lendemain de ce concert.<\/p>\n\n\n\n<p>\u00ab&nbsp;Magie pure !!! Enrico Macias a ennobli de nouveau la sc\u00e8ne de la Salle du Palais de Bucarest avec sa pr\u00e9sence sensationnelle, son r\u00e9pertoire, son charme et sa guitare bavarde qui le rendent unique au monde.<br \/>Il a embelli nos heures, il a caress\u00e9 et r\u00e9chauff\u00e9 nos c\u0153urs. Il nous a enrichis tous avec sa musique, ce langage naturel de l\u2019\u00e2me. A juste titre, les spectateurs (dont plusieurs venus de l\u2019\u00e9tranger) furent, une fois de plus, en extase devant cet esprit brillant qui a transform\u00e9 la salle en un choeur immense et fascin\u00e9 qui l\u2019a accompagn\u00e9 dans un enthousiasme fou, digne d\u2019une star de sa taille.<br \/>Merci d\u2019exister, Enrico !&nbsp;\u00bb<\/p>\n\n\n\n<p>\u2026\u2026\u2026 Je n\u2019aurais pu mieux dire \u2026\u2026\u2026\u2026\u2026.<\/p>\n\n\n\n<p>Pour sa part, <strong>Simona Balanescu<\/strong>, r\u00e9alisatrice pour la chaine de t\u00e9l\u00e9vision roumaine Antena 1, pr\u00e9sente dans la salle lors du concert, a \u00e9crit sur sa page facebook\u00a0:<br \/>\u00ab\u00a0Concert extraordinaire, ENRICO Merci ! Superbe ! Quelle belle voix\u00a0! Chanter EN DIRECT, 2 heures \u00e0 84 ans !!! Pas de pause, pas de partitions, sans s&rsquo;asseoir sur une chaise, juste reprendre sa respiration.<br \/>C&rsquo;est un ph\u00e9nom\u00e8ne !\u00a0\u00bb.<br \/><br \/>Tout commentaire suppl\u00e9mentaire serait superflu. Ces deux femmes ont r\u00e9sum\u00e9 \u00e0 merveille cette soir\u00e9e<\/p>\n\n\n\n<figure class=\"wp-block-image aligncenter size-full is-resized\"><img loading=\"lazy\" decoding=\"async\" width=\"700\" height=\"467\" src=\"https:\/\/enricomaciasloriental.fr\/WordPress\/wp-content\/uploads\/\/2023\/10\/Enrico-Bucarest-6719.jpg\" alt=\"\" class=\"wp-image-17089\" style=\"aspect-ratio:1.4989293361884368;width:700px;height:auto\" srcset=\"https:\/\/enricomaciasloriental.fr\/WordPress\/wp-content\/uploads\/2023\/10\/Enrico-Bucarest-6719.jpg 700w, https:\/\/enricomaciasloriental.fr\/WordPress\/wp-content\/uploads\/2023\/10\/Enrico-Bucarest-6719-350x234.jpg 350w, https:\/\/enricomaciasloriental.fr\/WordPress\/wp-content\/uploads\/2023\/10\/Enrico-Bucarest-6719-640x427.jpg 640w, https:\/\/enricomaciasloriental.fr\/WordPress\/wp-content\/uploads\/2023\/10\/Enrico-Bucarest-6719-100x67.jpg 100w, https:\/\/enricomaciasloriental.fr\/WordPress\/wp-content\/uploads\/2023\/10\/Enrico-Bucarest-6719-150x100.jpg 150w, https:\/\/enricomaciasloriental.fr\/WordPress\/wp-content\/uploads\/2023\/10\/Enrico-Bucarest-6719-200x133.jpg 200w, https:\/\/enricomaciasloriental.fr\/WordPress\/wp-content\/uploads\/2023\/10\/Enrico-Bucarest-6719-300x200.jpg 300w, https:\/\/enricomaciasloriental.fr\/WordPress\/wp-content\/uploads\/2023\/10\/Enrico-Bucarest-6719-450x300.jpg 450w, https:\/\/enricomaciasloriental.fr\/WordPress\/wp-content\/uploads\/2023\/10\/Enrico-Bucarest-6719-600x400.jpg 600w\" sizes=\"(max-width: 700px) 100vw, 700px\" \/><figcaption class=\"wp-element-caption\">Philippe Hervou\u00ebt Bruno Caviglia Serge Haouzi Jean Claude Ghrenassia Enrico Macias Kamel Labbaci Lionel Teboul<\/figcaption><\/figure>\n\n\n\n<p>Il nous reste \u00e0 remercier tr\u00e8s sinc\u00e8rement le public roumain qui a \u00e9t\u00e9 vraiment merveilleux et qui, comme Enrico l\u2019a lui-m\u00eame dit, l\u2019a vraiment aid\u00e9 pour faire de cette soir\u00e9e une vraie soir\u00e9e de f\u00eate.<br \/>Ravi et \u00e9mu par tant de chaleur, il a formul\u00e9 le v\u0153ux de revenir sur la terre de Roumanie pour d\u2019autres concerts.<br \/><br \/>Un grand merci \u00e0 Enrico pour cette magnifique soir\u00e9e ainsi qu\u2019\u00e0 tous ses musiciens et techniciens toujours aussi talentueux et professionnels.<\/p>\n\n\n\n<figure class=\"wp-block-image aligncenter size-full\"><img loading=\"lazy\" decoding=\"async\" width=\"700\" height=\"467\" src=\"https:\/\/enricomaciasloriental.fr\/WordPress\/wp-content\/uploads\/\/2023\/10\/Enrico-Bucarest-6744.jpg\" alt=\"\" class=\"wp-image-17090\" srcset=\"https:\/\/enricomaciasloriental.fr\/WordPress\/wp-content\/uploads\/2023\/10\/Enrico-Bucarest-6744.jpg 700w, https:\/\/enricomaciasloriental.fr\/WordPress\/wp-content\/uploads\/2023\/10\/Enrico-Bucarest-6744-350x234.jpg 350w, https:\/\/enricomaciasloriental.fr\/WordPress\/wp-content\/uploads\/2023\/10\/Enrico-Bucarest-6744-640x427.jpg 640w, https:\/\/enricomaciasloriental.fr\/WordPress\/wp-content\/uploads\/2023\/10\/Enrico-Bucarest-6744-100x67.jpg 100w, https:\/\/enricomaciasloriental.fr\/WordPress\/wp-content\/uploads\/2023\/10\/Enrico-Bucarest-6744-150x100.jpg 150w, https:\/\/enricomaciasloriental.fr\/WordPress\/wp-content\/uploads\/2023\/10\/Enrico-Bucarest-6744-200x133.jpg 200w, https:\/\/enricomaciasloriental.fr\/WordPress\/wp-content\/uploads\/2023\/10\/Enrico-Bucarest-6744-300x200.jpg 300w, https:\/\/enricomaciasloriental.fr\/WordPress\/wp-content\/uploads\/2023\/10\/Enrico-Bucarest-6744-450x300.jpg 450w, https:\/\/enricomaciasloriental.fr\/WordPress\/wp-content\/uploads\/2023\/10\/Enrico-Bucarest-6744-600x400.jpg 600w\" sizes=\"(max-width: 700px) 100vw, 700px\" \/><\/figure>\n\n\n\n<p><strong>Liste des chansons<\/strong><\/p>\n\n\n\n<p>Il est comme le soleil<br \/>Oh guitare, guitare<br \/>Oranges am\u00e8res<br \/>Aux talons de ses souliers<br \/>Adieu mon pays<br \/>Medley guitare<br \/>Les gens du Nord<br \/>Pour tout l\u2019or du monde<br \/>Melisa<br \/>Chanter<br \/>Pour toutes ces raisons, je t\u2019aime<br \/>Zingarella<br \/>A\u00efe, a\u00efe, a\u00efe je l\u2019aime<br \/>Enfants de tous pays<br \/>Les filles de mon pays<br \/>Al kol ele<br \/>Le violon de mon p\u00e8re<br \/>La f\u00eate orientale<br \/>Medley oriental<br \/>Ya rayah<br \/>Le mendiant de l\u2019amour<br \/>L\u2019oriental&nbsp;<br \/>El porompompero<\/p>\n","protected":false},"excerpt":{"rendered":"<p>Depuis de nombreux mois, tous les murs de Bucarest annon\u00e7aient fi\u00e8rement la venue d\u2019Enrico Macias et les Bucarestois attendaient l\u2019\u00e9v\u00e8nement avec grande impatience, pr\u00e9parant la f\u00eate avec ferveur. Les Roumains ont d\u00e9couvert Enrico Macias \u00e0 la fin des ann\u00e9es 60 &hellip;<\/p>\n<p class=\"read-more\"> <a class=\"more-link\" href=\"https:\/\/enricomaciasloriental.fr\/WordPress\/bucarest-je-reviendrai\/\"> <span class=\"screen-reader-text\">Bucarest, je reviendrai<\/span> Read More &raquo;<\/a><\/p>\n","protected":false},"author":36,"featured_media":17086,"comment_status":"open","ping_status":"open","sticky":false,"template":"","format":"standard","meta":{"footnotes":""},"categories":[1],"tags":[],"class_list":["post-17085","post","type-post","status-publish","format-standard","has-post-thumbnail","hentry","category-actualites"],"yoast_head":"<!-- This site is optimized with the Yoast SEO plugin v27.4 - https:\/\/yoast.com\/product\/yoast-seo-wordpress\/ -->\n<title>Bucarest, je reviendrai - ENRICO MACIAS L&#039;Oriental<\/title>\n<meta name=\"robots\" content=\"index, follow, max-snippet:-1, max-image-preview:large, max-video-preview:-1\" \/>\n<link rel=\"canonical\" href=\"https:\/\/enricomaciasloriental.fr\/WordPress\/bucarest-je-reviendrai\/\" \/>\n<meta property=\"og:locale\" content=\"fr_FR\" \/>\n<meta property=\"og:type\" content=\"article\" \/>\n<meta property=\"og:title\" content=\"Bucarest, je reviendrai - ENRICO MACIAS L&#039;Oriental\" \/>\n<meta property=\"og:description\" content=\"Depuis de nombreux mois, tous les murs de Bucarest annon\u00e7aient fi\u00e8rement la venue d\u2019Enrico Macias et les Bucarestois attendaient l\u2019\u00e9v\u00e8nement avec grande impatience, pr\u00e9parant la f\u00eate avec ferveur. Les Roumains ont d\u00e9couvert Enrico Macias \u00e0 la fin des ann\u00e9es 60 &hellip; Bucarest, je reviendrai Read More &raquo;\" \/>\n<meta property=\"og:url\" content=\"https:\/\/enricomaciasloriental.fr\/WordPress\/bucarest-je-reviendrai\/\" \/>\n<meta property=\"og:site_name\" content=\"ENRICO MACIAS L&#039;Oriental\" \/>\n<meta property=\"article:published_time\" content=\"2023-10-22T20:00:14+00:00\" \/>\n<meta property=\"article:modified_time\" content=\"2023-10-24T05:29:56+00:00\" \/>\n<meta property=\"og:image\" content=\"https:\/\/enricomaciasloriental.fr\/WordPress\/wp-content\/uploads\/\/2023\/10\/Enrico-Bucarest-6045.jpg\" \/>\n\t<meta property=\"og:image:width\" content=\"700\" \/>\n\t<meta property=\"og:image:height\" content=\"467\" \/>\n\t<meta property=\"og:image:type\" content=\"image\/jpeg\" \/>\n<meta name=\"author\" content=\"Loriental\" \/>\n<meta name=\"twitter:card\" content=\"summary_large_image\" \/>\n<meta name=\"twitter:label1\" content=\"\u00c9crit par\" \/>\n\t<meta name=\"twitter:data1\" content=\"Loriental\" \/>\n\t<meta name=\"twitter:label2\" content=\"Dur\u00e9e de lecture estim\u00e9e\" \/>\n\t<meta name=\"twitter:data2\" content=\"5 minutes\" \/>\n<script type=\"application\/ld+json\" class=\"yoast-schema-graph\">{\"@context\":\"https:\\\/\\\/schema.org\",\"@graph\":[{\"@type\":\"Article\",\"@id\":\"https:\\\/\\\/enricomaciasloriental.fr\\\/WordPress\\\/bucarest-je-reviendrai\\\/#article\",\"isPartOf\":{\"@id\":\"https:\\\/\\\/enricomaciasloriental.fr\\\/WordPress\\\/bucarest-je-reviendrai\\\/\"},\"author\":{\"name\":\"Loriental\",\"@id\":\"https:\\\/\\\/enricomaciasloriental.fr\\\/WordPress\\\/#\\\/schema\\\/person\\\/53fba112c6f4f0b335578890a816262e\"},\"headline\":\"Bucarest, je reviendrai\",\"datePublished\":\"2023-10-22T20:00:14+00:00\",\"dateModified\":\"2023-10-24T05:29:56+00:00\",\"mainEntityOfPage\":{\"@id\":\"https:\\\/\\\/enricomaciasloriental.fr\\\/WordPress\\\/bucarest-je-reviendrai\\\/\"},\"wordCount\":732,\"commentCount\":2,\"publisher\":{\"@id\":\"https:\\\/\\\/enricomaciasloriental.fr\\\/WordPress\\\/#\\\/schema\\\/person\\\/53fba112c6f4f0b335578890a816262e\"},\"image\":{\"@id\":\"https:\\\/\\\/enricomaciasloriental.fr\\\/WordPress\\\/bucarest-je-reviendrai\\\/#primaryimage\"},\"thumbnailUrl\":\"https:\\\/\\\/enricomaciasloriental.fr\\\/WordPress\\\/wp-content\\\/uploads\\\/\\\/2023\\\/10\\\/Enrico-Bucarest-6045.jpg\",\"articleSection\":[\"Actualit\u00e9s\"],\"inLanguage\":\"fr-FR\",\"potentialAction\":[{\"@type\":\"CommentAction\",\"name\":\"Comment\",\"target\":[\"https:\\\/\\\/enricomaciasloriental.fr\\\/WordPress\\\/bucarest-je-reviendrai\\\/#respond\"]}]},{\"@type\":\"WebPage\",\"@id\":\"https:\\\/\\\/enricomaciasloriental.fr\\\/WordPress\\\/bucarest-je-reviendrai\\\/\",\"url\":\"https:\\\/\\\/enricomaciasloriental.fr\\\/WordPress\\\/bucarest-je-reviendrai\\\/\",\"name\":\"Bucarest, je reviendrai - ENRICO MACIAS L&#039;Oriental\",\"isPartOf\":{\"@id\":\"https:\\\/\\\/enricomaciasloriental.fr\\\/WordPress\\\/#website\"},\"primaryImageOfPage\":{\"@id\":\"https:\\\/\\\/enricomaciasloriental.fr\\\/WordPress\\\/bucarest-je-reviendrai\\\/#primaryimage\"},\"image\":{\"@id\":\"https:\\\/\\\/enricomaciasloriental.fr\\\/WordPress\\\/bucarest-je-reviendrai\\\/#primaryimage\"},\"thumbnailUrl\":\"https:\\\/\\\/enricomaciasloriental.fr\\\/WordPress\\\/wp-content\\\/uploads\\\/\\\/2023\\\/10\\\/Enrico-Bucarest-6045.jpg\",\"datePublished\":\"2023-10-22T20:00:14+00:00\",\"dateModified\":\"2023-10-24T05:29:56+00:00\",\"breadcrumb\":{\"@id\":\"https:\\\/\\\/enricomaciasloriental.fr\\\/WordPress\\\/bucarest-je-reviendrai\\\/#breadcrumb\"},\"inLanguage\":\"fr-FR\",\"potentialAction\":[{\"@type\":\"ReadAction\",\"target\":[\"https:\\\/\\\/enricomaciasloriental.fr\\\/WordPress\\\/bucarest-je-reviendrai\\\/\"]}]},{\"@type\":\"ImageObject\",\"inLanguage\":\"fr-FR\",\"@id\":\"https:\\\/\\\/enricomaciasloriental.fr\\\/WordPress\\\/bucarest-je-reviendrai\\\/#primaryimage\",\"url\":\"https:\\\/\\\/enricomaciasloriental.fr\\\/WordPress\\\/wp-content\\\/uploads\\\/\\\/2023\\\/10\\\/Enrico-Bucarest-6045.jpg\",\"contentUrl\":\"https:\\\/\\\/enricomaciasloriental.fr\\\/WordPress\\\/wp-content\\\/uploads\\\/\\\/2023\\\/10\\\/Enrico-Bucarest-6045.jpg\",\"width\":700,\"height\":467},{\"@type\":\"BreadcrumbList\",\"@id\":\"https:\\\/\\\/enricomaciasloriental.fr\\\/WordPress\\\/bucarest-je-reviendrai\\\/#breadcrumb\",\"itemListElement\":[{\"@type\":\"ListItem\",\"position\":1,\"name\":\"Accueil\",\"item\":\"https:\\\/\\\/enricomaciasloriental.fr\\\/WordPress\\\/\"},{\"@type\":\"ListItem\",\"position\":2,\"name\":\"Bucarest, je reviendrai\"}]},{\"@type\":\"WebSite\",\"@id\":\"https:\\\/\\\/enricomaciasloriental.fr\\\/WordPress\\\/#website\",\"url\":\"https:\\\/\\\/enricomaciasloriental.fr\\\/WordPress\\\/\",\"name\":\"ENRICO MACIAS L'Oriental\",\"description\":\"IL EST COMME LE SOLEIL\",\"publisher\":{\"@id\":\"https:\\\/\\\/enricomaciasloriental.fr\\\/WordPress\\\/#\\\/schema\\\/person\\\/53fba112c6f4f0b335578890a816262e\"},\"potentialAction\":[{\"@type\":\"SearchAction\",\"target\":{\"@type\":\"EntryPoint\",\"urlTemplate\":\"https:\\\/\\\/enricomaciasloriental.fr\\\/WordPress\\\/?s={search_term_string}\"},\"query-input\":{\"@type\":\"PropertyValueSpecification\",\"valueRequired\":true,\"valueName\":\"search_term_string\"}}],\"inLanguage\":\"fr-FR\"},{\"@type\":[\"Person\",\"Organization\"],\"@id\":\"https:\\\/\\\/enricomaciasloriental.fr\\\/WordPress\\\/#\\\/schema\\\/person\\\/53fba112c6f4f0b335578890a816262e\",\"name\":\"Loriental\",\"image\":{\"@type\":\"ImageObject\",\"inLanguage\":\"fr-FR\",\"@id\":\"https:\\\/\\\/enricomaciasloriental.fr\\\/WordPress\\\/wp-content\\\/uploads\\\/\\\/2015\\\/02\\\/cropped-bannier_altaiir-enrico.jpg\",\"url\":\"https:\\\/\\\/enricomaciasloriental.fr\\\/WordPress\\\/wp-content\\\/uploads\\\/\\\/2015\\\/02\\\/cropped-bannier_altaiir-enrico.jpg\",\"contentUrl\":\"https:\\\/\\\/enricomaciasloriental.fr\\\/WordPress\\\/wp-content\\\/uploads\\\/\\\/2015\\\/02\\\/cropped-bannier_altaiir-enrico.jpg\",\"width\":1200,\"height\":150,\"caption\":\"Loriental\"},\"logo\":{\"@id\":\"https:\\\/\\\/enricomaciasloriental.fr\\\/WordPress\\\/wp-content\\\/uploads\\\/\\\/2015\\\/02\\\/cropped-bannier_altaiir-enrico.jpg\"},\"sameAs\":[\"http:\\\/\\\/www.enricomaciasloriental.fr\\\/\"]}]}<\/script>\n<!-- \/ Yoast SEO plugin. -->","yoast_head_json":{"title":"Bucarest, je reviendrai - ENRICO MACIAS L&#039;Oriental","robots":{"index":"index","follow":"follow","max-snippet":"max-snippet:-1","max-image-preview":"max-image-preview:large","max-video-preview":"max-video-preview:-1"},"canonical":"https:\/\/enricomaciasloriental.fr\/WordPress\/bucarest-je-reviendrai\/","og_locale":"fr_FR","og_type":"article","og_title":"Bucarest, je reviendrai - ENRICO MACIAS L&#039;Oriental","og_description":"Depuis de nombreux mois, tous les murs de Bucarest annon\u00e7aient fi\u00e8rement la venue d\u2019Enrico Macias et les Bucarestois attendaient l\u2019\u00e9v\u00e8nement avec grande impatience, pr\u00e9parant la f\u00eate avec ferveur. Les Roumains ont d\u00e9couvert Enrico Macias \u00e0 la fin des ann\u00e9es 60 &hellip; Bucarest, je reviendrai Read More &raquo;","og_url":"https:\/\/enricomaciasloriental.fr\/WordPress\/bucarest-je-reviendrai\/","og_site_name":"ENRICO MACIAS L&#039;Oriental","article_published_time":"2023-10-22T20:00:14+00:00","article_modified_time":"2023-10-24T05:29:56+00:00","og_image":[{"width":700,"height":467,"url":"https:\/\/enricomaciasloriental.fr\/WordPress\/wp-content\/uploads\/\/2023\/10\/Enrico-Bucarest-6045.jpg","type":"image\/jpeg"}],"author":"Loriental","twitter_card":"summary_large_image","twitter_misc":{"\u00c9crit par":"Loriental","Dur\u00e9e de lecture estim\u00e9e":"5 minutes"},"schema":{"@context":"https:\/\/schema.org","@graph":[{"@type":"Article","@id":"https:\/\/enricomaciasloriental.fr\/WordPress\/bucarest-je-reviendrai\/#article","isPartOf":{"@id":"https:\/\/enricomaciasloriental.fr\/WordPress\/bucarest-je-reviendrai\/"},"author":{"name":"Loriental","@id":"https:\/\/enricomaciasloriental.fr\/WordPress\/#\/schema\/person\/53fba112c6f4f0b335578890a816262e"},"headline":"Bucarest, je reviendrai","datePublished":"2023-10-22T20:00:14+00:00","dateModified":"2023-10-24T05:29:56+00:00","mainEntityOfPage":{"@id":"https:\/\/enricomaciasloriental.fr\/WordPress\/bucarest-je-reviendrai\/"},"wordCount":732,"commentCount":2,"publisher":{"@id":"https:\/\/enricomaciasloriental.fr\/WordPress\/#\/schema\/person\/53fba112c6f4f0b335578890a816262e"},"image":{"@id":"https:\/\/enricomaciasloriental.fr\/WordPress\/bucarest-je-reviendrai\/#primaryimage"},"thumbnailUrl":"https:\/\/enricomaciasloriental.fr\/WordPress\/wp-content\/uploads\/\/2023\/10\/Enrico-Bucarest-6045.jpg","articleSection":["Actualit\u00e9s"],"inLanguage":"fr-FR","potentialAction":[{"@type":"CommentAction","name":"Comment","target":["https:\/\/enricomaciasloriental.fr\/WordPress\/bucarest-je-reviendrai\/#respond"]}]},{"@type":"WebPage","@id":"https:\/\/enricomaciasloriental.fr\/WordPress\/bucarest-je-reviendrai\/","url":"https:\/\/enricomaciasloriental.fr\/WordPress\/bucarest-je-reviendrai\/","name":"Bucarest, je reviendrai - ENRICO MACIAS L&#039;Oriental","isPartOf":{"@id":"https:\/\/enricomaciasloriental.fr\/WordPress\/#website"},"primaryImageOfPage":{"@id":"https:\/\/enricomaciasloriental.fr\/WordPress\/bucarest-je-reviendrai\/#primaryimage"},"image":{"@id":"https:\/\/enricomaciasloriental.fr\/WordPress\/bucarest-je-reviendrai\/#primaryimage"},"thumbnailUrl":"https:\/\/enricomaciasloriental.fr\/WordPress\/wp-content\/uploads\/\/2023\/10\/Enrico-Bucarest-6045.jpg","datePublished":"2023-10-22T20:00:14+00:00","dateModified":"2023-10-24T05:29:56+00:00","breadcrumb":{"@id":"https:\/\/enricomaciasloriental.fr\/WordPress\/bucarest-je-reviendrai\/#breadcrumb"},"inLanguage":"fr-FR","potentialAction":[{"@type":"ReadAction","target":["https:\/\/enricomaciasloriental.fr\/WordPress\/bucarest-je-reviendrai\/"]}]},{"@type":"ImageObject","inLanguage":"fr-FR","@id":"https:\/\/enricomaciasloriental.fr\/WordPress\/bucarest-je-reviendrai\/#primaryimage","url":"https:\/\/enricomaciasloriental.fr\/WordPress\/wp-content\/uploads\/\/2023\/10\/Enrico-Bucarest-6045.jpg","contentUrl":"https:\/\/enricomaciasloriental.fr\/WordPress\/wp-content\/uploads\/\/2023\/10\/Enrico-Bucarest-6045.jpg","width":700,"height":467},{"@type":"BreadcrumbList","@id":"https:\/\/enricomaciasloriental.fr\/WordPress\/bucarest-je-reviendrai\/#breadcrumb","itemListElement":[{"@type":"ListItem","position":1,"name":"Accueil","item":"https:\/\/enricomaciasloriental.fr\/WordPress\/"},{"@type":"ListItem","position":2,"name":"Bucarest, je reviendrai"}]},{"@type":"WebSite","@id":"https:\/\/enricomaciasloriental.fr\/WordPress\/#website","url":"https:\/\/enricomaciasloriental.fr\/WordPress\/","name":"ENRICO MACIAS L'Oriental","description":"IL EST COMME LE SOLEIL","publisher":{"@id":"https:\/\/enricomaciasloriental.fr\/WordPress\/#\/schema\/person\/53fba112c6f4f0b335578890a816262e"},"potentialAction":[{"@type":"SearchAction","target":{"@type":"EntryPoint","urlTemplate":"https:\/\/enricomaciasloriental.fr\/WordPress\/?s={search_term_string}"},"query-input":{"@type":"PropertyValueSpecification","valueRequired":true,"valueName":"search_term_string"}}],"inLanguage":"fr-FR"},{"@type":["Person","Organization"],"@id":"https:\/\/enricomaciasloriental.fr\/WordPress\/#\/schema\/person\/53fba112c6f4f0b335578890a816262e","name":"Loriental","image":{"@type":"ImageObject","inLanguage":"fr-FR","@id":"https:\/\/enricomaciasloriental.fr\/WordPress\/wp-content\/uploads\/\/2015\/02\/cropped-bannier_altaiir-enrico.jpg","url":"https:\/\/enricomaciasloriental.fr\/WordPress\/wp-content\/uploads\/\/2015\/02\/cropped-bannier_altaiir-enrico.jpg","contentUrl":"https:\/\/enricomaciasloriental.fr\/WordPress\/wp-content\/uploads\/\/2015\/02\/cropped-bannier_altaiir-enrico.jpg","width":1200,"height":150,"caption":"Loriental"},"logo":{"@id":"https:\/\/enricomaciasloriental.fr\/WordPress\/wp-content\/uploads\/\/2015\/02\/cropped-bannier_altaiir-enrico.jpg"},"sameAs":["http:\/\/www.enricomaciasloriental.fr\/"]}]}},"featured_image_src":"https:\/\/enricomaciasloriental.fr\/WordPress\/wp-content\/uploads\/\/2023\/10\/Enrico-Bucarest-6045.jpg","featured_image_src_square":"https:\/\/enricomaciasloriental.fr\/WordPress\/wp-content\/uploads\/\/2023\/10\/Enrico-Bucarest-6045.jpg","author_info":{"display_name":"Loriental","author_link":"https:\/\/enricomaciasloriental.fr\/WordPress\/author\/admin9234\/"},"rbea_author_info":{"display_name":"Loriental","author_link":"https:\/\/enricomaciasloriental.fr\/WordPress\/author\/admin9234\/"},"rbea_excerpt_info":"Depuis de nombreux mois, tous les murs de Bucarest annon\u00e7aient fi\u00e8rement la venue d\u2019Enrico Macias et les Bucarestois attendaient l\u2019\u00e9v\u00e8nement avec grande impatience, pr\u00e9parant la f\u00eate avec ferveur. Les Roumains ont d\u00e9couvert Enrico Macias \u00e0 la fin des ann\u00e9es 60 &hellip;<p class=\"read-more\"> <a class=\"more-link\" href=\"https:\/\/enricomaciasloriental.fr\/WordPress\/bucarest-je-reviendrai\/\"> <span class=\"screen-reader-text\">Bucarest, je reviendrai<\/span> Read More &raquo;<\/a><\/p>","category_list":"<a href=\"https:\/\/enricomaciasloriental.fr\/WordPress\/category\/actualites\/\">Actualit\u00e9s<\/a>","comments_num":"2 comments","_links":{"self":[{"href":"https:\/\/enricomaciasloriental.fr\/WordPress\/wp-json\/wp\/v2\/posts\/17085","targetHints":{"allow":["GET"]}}],"collection":[{"href":"https:\/\/enricomaciasloriental.fr\/WordPress\/wp-json\/wp\/v2\/posts"}],"about":[{"href":"https:\/\/enricomaciasloriental.fr\/WordPress\/wp-json\/wp\/v2\/types\/post"}],"author":[{"embeddable":true,"href":"https:\/\/enricomaciasloriental.fr\/WordPress\/wp-json\/wp\/v2\/users\/36"}],"replies":[{"embeddable":true,"href":"https:\/\/enricomaciasloriental.fr\/WordPress\/wp-json\/wp\/v2\/comments?post=17085"}],"version-history":[{"count":0,"href":"https:\/\/enricomaciasloriental.fr\/WordPress\/wp-json\/wp\/v2\/posts\/17085\/revisions"}],"wp:featuredmedia":[{"embeddable":true,"href":"https:\/\/enricomaciasloriental.fr\/WordPress\/wp-json\/wp\/v2\/media\/17086"}],"wp:attachment":[{"href":"https:\/\/enricomaciasloriental.fr\/WordPress\/wp-json\/wp\/v2\/media?parent=17085"}],"wp:term":[{"taxonomy":"category","embeddable":true,"href":"https:\/\/enricomaciasloriental.fr\/WordPress\/wp-json\/wp\/v2\/categories?post=17085"},{"taxonomy":"post_tag","embeddable":true,"href":"https:\/\/enricomaciasloriental.fr\/WordPress\/wp-json\/wp\/v2\/tags?post=17085"}],"curies":[{"name":"wp","href":"https:\/\/api.w.org\/{rel}","templated":true}]}}