{"id":17187,"date":"2023-12-08T18:33:15","date_gmt":"2023-12-08T17:33:15","guid":{"rendered":"https:\/\/enricomaciasloriental.fr\/WordPress\/?p=17187"},"modified":"2023-12-08T18:33:16","modified_gmt":"2023-12-08T17:33:16","slug":"enrico-macias-souffle-ses-85-bougies-sur-tele-melody","status":"publish","type":"post","link":"https:\/\/enricomaciasloriental.fr\/WordPress\/enrico-macias-souffle-ses-85-bougies-sur-tele-melody\/","title":{"rendered":"Enrico Macias souffle ses 85 bougies sur T\u00e9l\u00e9 Melody"},"content":{"rendered":"\n<figure class=\"wp-block-table\"><table><tbody><tr><td><a href=\"https:\/\/my.melody.tv\/content\/enrico-macias-fete-ses-85-ans\" target=\"_blank\" rel=\"noreferrer noopener\"><img decoding=\"async\" width=\"248\" src=\"https:\/\/mcusercontent.com\/8d50a37b6597d0d4f3933e9cd\/images\/c03057da-6f81-0b12-d8c2-324a17cf9f85.png\"\/> \u00a0 \u00a0 &#8211; SEMAINE 50\u00a0&#8211; \u00a0 Enrico Macias souffle ses 85 bougies \u00a0 Votre programme du <\/a><br \/><br \/><br \/><a href=\"https:\/\/my.melody.tv\/content\/enrico-macias-fete-ses-85-ans\" target=\"_blank\" rel=\"noreferrer noopener\">9\u00a0au 15\u00a0d\u00e9cembre \u00a0 <img decoding=\"async\" width=\"600\" src=\"https:\/\/mcusercontent.com\/8d50a37b6597d0d4f3933e9cd\/images\/7c108089-19fa-0023-fba9-8f712bc5e983.jpg\"\/> \u00a0<\/a><br \/><a href=\"https:\/\/my.melody.tv\/content\/enrico-macias-fete-ses-85-ans\"> Joyeux anniversaire\u00a0<strong>Enrico MACIAS<\/strong>\u00a0!<br \/><br \/>L\u2019artiste venu du soleil \u00e0 la voix qui r\u00e9chauffe les c\u0153urs souffle ses 85 bougies ce 11 d\u00e9cembre.<br \/><br \/>N\u00e9 \u00e0 Constantine en Alg\u00e9rie fran\u00e7aise en 1938, Gaston, c&rsquo;est son vrai pr\u00e9nom, a depuis toujours \u00e9t\u00e9 berc\u00e9 par la musique, notamment arabo-andalouse. C\u2019est donc tr\u00e8s t\u00f4t qu\u2019il s\u2019initie \u00e0 la guitare, instrument qu\u2019il ne l\u00e2chera plus.<br \/><br \/>Rapatri\u00e9 comme des milliers de Pieds-noirs, ce jeune instituteur se lance dans la chanson de vari\u00e9t\u00e9s orientalis\u00e9e \u00e0 son arriv\u00e9e \u00e0 Argenteuil en 1961.<br \/><br \/>Gr\u00e2ce \u00e0 son titre \u00ab\u00a0Adieu mon pays\u00a0\u00bb, qu\u2019il\u00a0compose\u00a0lors de sa travers\u00e9e de la M\u00e9diterran\u00e9e, il devient le symbole de l\u2019exil des Pieds-noirs\u00a0et acc\u00e8de \u00e0 la notori\u00e9t\u00e9.<br \/><br \/>Melody vous invite \u00e0 le retrouver dans une douzaine d&rsquo;\u00e9missions des ann\u00e9es 60, 70, 80, 90 et m\u00eame 2000&#8230;<br \/><br \/>\u00c9galement dans ses\u00a0scopitones et clips les plus cultes. \u00a0 <\/a><br \/><br \/><a href=\"https:\/\/my.melody.tv\/content\/enrico-macias-fete-ses-85-ans\"><strong>Top A &#8211; Enrico Macias du 02.06.1973<\/strong><br \/>Samedi 9\u00a0d\u00e9cembre \u00e0 20h50\u00a0&#8211; 68\u00a0minutes<br \/><br \/><strong>Le palmar\u00e8s des chansons du 25.11.1965<\/strong><br \/>Lundi 11 d\u00e9cembre \u00e0 20h50\u00a0&#8211; 79\u00a0minutes<br \/><br \/><strong>Reflets du Parapluie des Vedettes Festival \u00e0 Huy du 30.08.1967<\/strong><br \/>Lundi 11 d\u00e9cembre \u00e0 22h20\u00a0&#8211; 39\u00a0minutes<br \/><br \/><strong>Num\u00e9ro Un &#8211; Enrico Macias du 22.09.1979 &#8211; In\u00e9dit<\/strong><br \/>Mardi 12 d\u00e9cembre \u00e0 20h50 &#8211; 68 minutes<br \/><br \/><strong>Gu\u00e9tary Club N\u00b02 du 12.03.1966<\/strong><br \/>Mardi 12 d\u00e9cembre \u00e0 22h10\u00a0&#8211; 48\u00a0minutes<br \/><br \/><strong>S&rsquo;il vous pla\u00eet Pierre P\u00e9chin du 30.12.1976<\/strong><br \/>Mercredi 13 d\u00e9cembre \u00e0 20h50\u00a0&#8211; 71\u00a0minutes<br \/><br \/><strong>Face au public Enrico Macias du 18.05.1986<\/strong><br \/>Mercredi 13 d\u00e9cembre \u00e0 22h10\u00a0&#8211; 73\u00a0minutes<br \/><br \/><strong>Musique and Music du 02.10.1977<\/strong><br \/>Jeudi 14 d\u00e9cembre \u00e0 20h50\u00a0&#8211; 63\u00a0minutes<br \/><br \/><strong>Enrico Macias : Le chant de la m\u00e9moire du 03.04.2005<\/strong><br \/>Jeudi 14 d\u00e9cembre \u00e0 22h00 &#8211; 52\u00a0minutes<br \/><br \/><strong>La bonne \u00e9toile du 10.03.1982<\/strong><br \/>Vendredi 15 d\u00e9cembre \u00e0 20h50\u00a0&#8211; 68\u00a0minutes<br \/><\/a><br \/><br \/><strong>En savoir plus<\/strong> \u00a0sur le site de <a href=\"https:\/\/my.melody.tv\/content\/enrico-macias-fete-ses-85-ans\">Tele Melody<\/a><br \/><a href=\"https:\/\/melody.us19.list-manage.com\/track\/click?u=8d50a37b6597d0d4f3933e9cd&amp;id=dac20b56a5&amp;e=f1f83d1dea\" target=\"_blank\" rel=\"noreferrer noopener\"><\/a><\/td><\/tr><\/tbody><\/table><\/figure>\n","protected":false},"excerpt":{"rendered":"<p>\u00a0 \u00a0 &#8211; SEMAINE 50\u00a0&#8211; \u00a0 Enrico Macias souffle ses 85 bougies \u00a0 Votre programme du 9\u00a0au 15\u00a0d\u00e9cembre \u00a0 \u00a0 Joyeux anniversaire\u00a0Enrico MACIAS\u00a0! L\u2019artiste venu du soleil \u00e0 la voix qui r\u00e9chauffe les c\u0153urs souffle ses 85 bougies ce 11 &hellip;<\/p>\n<p class=\"read-more\"> <a class=\"more-link\" href=\"https:\/\/enricomaciasloriental.fr\/WordPress\/enrico-macias-souffle-ses-85-bougies-sur-tele-melody\/\"> <span class=\"screen-reader-text\">Enrico Macias souffle ses 85 bougies sur T\u00e9l\u00e9 Melody<\/span> Read More &raquo;<\/a><\/p>\n","protected":false},"author":36,"featured_media":17188,"comment_status":"open","ping_status":"open","sticky":false,"template":"","format":"standard","meta":{"footnotes":""},"categories":[1],"tags":[],"class_list":["post-17187","post","type-post","status-publish","format-standard","has-post-thumbnail","hentry","category-actualites"],"yoast_head":"<!-- This site is optimized with the Yoast SEO plugin v27.4 - https:\/\/yoast.com\/product\/yoast-seo-wordpress\/ -->\n<title>Enrico Macias souffle ses 85 bougies sur T\u00e9l\u00e9 Melody - ENRICO MACIAS L&#039;Oriental<\/title>\n<meta name=\"robots\" content=\"index, follow, max-snippet:-1, max-image-preview:large, max-video-preview:-1\" \/>\n<link rel=\"canonical\" href=\"https:\/\/enricomaciasloriental.fr\/WordPress\/enrico-macias-souffle-ses-85-bougies-sur-tele-melody\/\" \/>\n<meta property=\"og:locale\" content=\"fr_FR\" \/>\n<meta property=\"og:type\" content=\"article\" \/>\n<meta property=\"og:title\" content=\"Enrico Macias souffle ses 85 bougies sur T\u00e9l\u00e9 Melody - ENRICO MACIAS L&#039;Oriental\" \/>\n<meta property=\"og:description\" content=\"\u00a0 \u00a0 &#8211; SEMAINE 50\u00a0&#8211; \u00a0 Enrico Macias souffle ses 85 bougies \u00a0 Votre programme du 9\u00a0au 15\u00a0d\u00e9cembre \u00a0 \u00a0 Joyeux anniversaire\u00a0Enrico MACIAS\u00a0! L\u2019artiste venu du soleil \u00e0 la voix qui r\u00e9chauffe les c\u0153urs souffle ses 85 bougies ce 11 &hellip; Enrico Macias souffle ses 85 bougies sur T\u00e9l\u00e9 Melody Read More &raquo;\" \/>\n<meta property=\"og:url\" content=\"https:\/\/enricomaciasloriental.fr\/WordPress\/enrico-macias-souffle-ses-85-bougies-sur-tele-melody\/\" \/>\n<meta property=\"og:site_name\" content=\"ENRICO MACIAS L&#039;Oriental\" \/>\n<meta property=\"article:published_time\" content=\"2023-12-08T17:33:15+00:00\" \/>\n<meta property=\"article:modified_time\" content=\"2023-12-08T17:33:16+00:00\" \/>\n<meta property=\"og:image\" content=\"https:\/\/enricomaciasloriental.fr\/WordPress\/wp-content\/uploads\/\/2023\/12\/tele-melody.jpg\" \/>\n\t<meta property=\"og:image:width\" content=\"800\" \/>\n\t<meta property=\"og:image:height\" content=\"450\" \/>\n\t<meta property=\"og:image:type\" content=\"image\/jpeg\" \/>\n<meta name=\"author\" content=\"Loriental\" \/>\n<meta name=\"twitter:card\" content=\"summary_large_image\" \/>\n<meta name=\"twitter:label1\" content=\"\u00c9crit par\" \/>\n\t<meta name=\"twitter:data1\" content=\"Loriental\" \/>\n\t<meta name=\"twitter:label2\" content=\"Dur\u00e9e de lecture estim\u00e9e\" \/>\n\t<meta name=\"twitter:data2\" content=\"2 minutes\" \/>\n<script type=\"application\/ld+json\" class=\"yoast-schema-graph\">{\"@context\":\"https:\\\/\\\/schema.org\",\"@graph\":[{\"@type\":\"Article\",\"@id\":\"https:\\\/\\\/enricomaciasloriental.fr\\\/WordPress\\\/enrico-macias-souffle-ses-85-bougies-sur-tele-melody\\\/#article\",\"isPartOf\":{\"@id\":\"https:\\\/\\\/enricomaciasloriental.fr\\\/WordPress\\\/enrico-macias-souffle-ses-85-bougies-sur-tele-melody\\\/\"},\"author\":{\"name\":\"Loriental\",\"@id\":\"https:\\\/\\\/enricomaciasloriental.fr\\\/WordPress\\\/#\\\/schema\\\/person\\\/53fba112c6f4f0b335578890a816262e\"},\"headline\":\"Enrico Macias souffle ses 85 bougies sur T\u00e9l\u00e9 Melody\",\"datePublished\":\"2023-12-08T17:33:15+00:00\",\"dateModified\":\"2023-12-08T17:33:16+00:00\",\"mainEntityOfPage\":{\"@id\":\"https:\\\/\\\/enricomaciasloriental.fr\\\/WordPress\\\/enrico-macias-souffle-ses-85-bougies-sur-tele-melody\\\/\"},\"wordCount\":312,\"commentCount\":2,\"publisher\":{\"@id\":\"https:\\\/\\\/enricomaciasloriental.fr\\\/WordPress\\\/#\\\/schema\\\/person\\\/53fba112c6f4f0b335578890a816262e\"},\"image\":{\"@id\":\"https:\\\/\\\/enricomaciasloriental.fr\\\/WordPress\\\/enrico-macias-souffle-ses-85-bougies-sur-tele-melody\\\/#primaryimage\"},\"thumbnailUrl\":\"https:\\\/\\\/enricomaciasloriental.fr\\\/WordPress\\\/wp-content\\\/uploads\\\/\\\/2023\\\/12\\\/tele-melody.jpg\",\"articleSection\":[\"Actualit\u00e9s\"],\"inLanguage\":\"fr-FR\",\"potentialAction\":[{\"@type\":\"CommentAction\",\"name\":\"Comment\",\"target\":[\"https:\\\/\\\/enricomaciasloriental.fr\\\/WordPress\\\/enrico-macias-souffle-ses-85-bougies-sur-tele-melody\\\/#respond\"]}]},{\"@type\":\"WebPage\",\"@id\":\"https:\\\/\\\/enricomaciasloriental.fr\\\/WordPress\\\/enrico-macias-souffle-ses-85-bougies-sur-tele-melody\\\/\",\"url\":\"https:\\\/\\\/enricomaciasloriental.fr\\\/WordPress\\\/enrico-macias-souffle-ses-85-bougies-sur-tele-melody\\\/\",\"name\":\"Enrico Macias souffle ses 85 bougies sur T\u00e9l\u00e9 Melody - ENRICO MACIAS L&#039;Oriental\",\"isPartOf\":{\"@id\":\"https:\\\/\\\/enricomaciasloriental.fr\\\/WordPress\\\/#website\"},\"primaryImageOfPage\":{\"@id\":\"https:\\\/\\\/enricomaciasloriental.fr\\\/WordPress\\\/enrico-macias-souffle-ses-85-bougies-sur-tele-melody\\\/#primaryimage\"},\"image\":{\"@id\":\"https:\\\/\\\/enricomaciasloriental.fr\\\/WordPress\\\/enrico-macias-souffle-ses-85-bougies-sur-tele-melody\\\/#primaryimage\"},\"thumbnailUrl\":\"https:\\\/\\\/enricomaciasloriental.fr\\\/WordPress\\\/wp-content\\\/uploads\\\/\\\/2023\\\/12\\\/tele-melody.jpg\",\"datePublished\":\"2023-12-08T17:33:15+00:00\",\"dateModified\":\"2023-12-08T17:33:16+00:00\",\"breadcrumb\":{\"@id\":\"https:\\\/\\\/enricomaciasloriental.fr\\\/WordPress\\\/enrico-macias-souffle-ses-85-bougies-sur-tele-melody\\\/#breadcrumb\"},\"inLanguage\":\"fr-FR\",\"potentialAction\":[{\"@type\":\"ReadAction\",\"target\":[\"https:\\\/\\\/enricomaciasloriental.fr\\\/WordPress\\\/enrico-macias-souffle-ses-85-bougies-sur-tele-melody\\\/\"]}]},{\"@type\":\"ImageObject\",\"inLanguage\":\"fr-FR\",\"@id\":\"https:\\\/\\\/enricomaciasloriental.fr\\\/WordPress\\\/enrico-macias-souffle-ses-85-bougies-sur-tele-melody\\\/#primaryimage\",\"url\":\"https:\\\/\\\/enricomaciasloriental.fr\\\/WordPress\\\/wp-content\\\/uploads\\\/\\\/2023\\\/12\\\/tele-melody.jpg\",\"contentUrl\":\"https:\\\/\\\/enricomaciasloriental.fr\\\/WordPress\\\/wp-content\\\/uploads\\\/\\\/2023\\\/12\\\/tele-melody.jpg\",\"width\":800,\"height\":450},{\"@type\":\"BreadcrumbList\",\"@id\":\"https:\\\/\\\/enricomaciasloriental.fr\\\/WordPress\\\/enrico-macias-souffle-ses-85-bougies-sur-tele-melody\\\/#breadcrumb\",\"itemListElement\":[{\"@type\":\"ListItem\",\"position\":1,\"name\":\"Accueil\",\"item\":\"https:\\\/\\\/enricomaciasloriental.fr\\\/WordPress\\\/\"},{\"@type\":\"ListItem\",\"position\":2,\"name\":\"Enrico Macias souffle ses 85 bougies sur T\u00e9l\u00e9 Melody\"}]},{\"@type\":\"WebSite\",\"@id\":\"https:\\\/\\\/enricomaciasloriental.fr\\\/WordPress\\\/#website\",\"url\":\"https:\\\/\\\/enricomaciasloriental.fr\\\/WordPress\\\/\",\"name\":\"ENRICO MACIAS L'Oriental\",\"description\":\"IL EST COMME LE SOLEIL\",\"publisher\":{\"@id\":\"https:\\\/\\\/enricomaciasloriental.fr\\\/WordPress\\\/#\\\/schema\\\/person\\\/53fba112c6f4f0b335578890a816262e\"},\"potentialAction\":[{\"@type\":\"SearchAction\",\"target\":{\"@type\":\"EntryPoint\",\"urlTemplate\":\"https:\\\/\\\/enricomaciasloriental.fr\\\/WordPress\\\/?s={search_term_string}\"},\"query-input\":{\"@type\":\"PropertyValueSpecification\",\"valueRequired\":true,\"valueName\":\"search_term_string\"}}],\"inLanguage\":\"fr-FR\"},{\"@type\":[\"Person\",\"Organization\"],\"@id\":\"https:\\\/\\\/enricomaciasloriental.fr\\\/WordPress\\\/#\\\/schema\\\/person\\\/53fba112c6f4f0b335578890a816262e\",\"name\":\"Loriental\",\"image\":{\"@type\":\"ImageObject\",\"inLanguage\":\"fr-FR\",\"@id\":\"https:\\\/\\\/enricomaciasloriental.fr\\\/WordPress\\\/wp-content\\\/uploads\\\/\\\/2015\\\/02\\\/cropped-bannier_altaiir-enrico.jpg\",\"url\":\"https:\\\/\\\/enricomaciasloriental.fr\\\/WordPress\\\/wp-content\\\/uploads\\\/\\\/2015\\\/02\\\/cropped-bannier_altaiir-enrico.jpg\",\"contentUrl\":\"https:\\\/\\\/enricomaciasloriental.fr\\\/WordPress\\\/wp-content\\\/uploads\\\/\\\/2015\\\/02\\\/cropped-bannier_altaiir-enrico.jpg\",\"width\":1200,\"height\":150,\"caption\":\"Loriental\"},\"logo\":{\"@id\":\"https:\\\/\\\/enricomaciasloriental.fr\\\/WordPress\\\/wp-content\\\/uploads\\\/\\\/2015\\\/02\\\/cropped-bannier_altaiir-enrico.jpg\"},\"sameAs\":[\"http:\\\/\\\/www.enricomaciasloriental.fr\\\/\"]}]}<\/script>\n<!-- \/ Yoast SEO plugin. -->","yoast_head_json":{"title":"Enrico Macias souffle ses 85 bougies sur T\u00e9l\u00e9 Melody - ENRICO MACIAS L&#039;Oriental","robots":{"index":"index","follow":"follow","max-snippet":"max-snippet:-1","max-image-preview":"max-image-preview:large","max-video-preview":"max-video-preview:-1"},"canonical":"https:\/\/enricomaciasloriental.fr\/WordPress\/enrico-macias-souffle-ses-85-bougies-sur-tele-melody\/","og_locale":"fr_FR","og_type":"article","og_title":"Enrico Macias souffle ses 85 bougies sur T\u00e9l\u00e9 Melody - ENRICO MACIAS L&#039;Oriental","og_description":"\u00a0 \u00a0 &#8211; SEMAINE 50\u00a0&#8211; \u00a0 Enrico Macias souffle ses 85 bougies \u00a0 Votre programme du 9\u00a0au 15\u00a0d\u00e9cembre \u00a0 \u00a0 Joyeux anniversaire\u00a0Enrico MACIAS\u00a0! L\u2019artiste venu du soleil \u00e0 la voix qui r\u00e9chauffe les c\u0153urs souffle ses 85 bougies ce 11 &hellip; Enrico Macias souffle ses 85 bougies sur T\u00e9l\u00e9 Melody Read More &raquo;","og_url":"https:\/\/enricomaciasloriental.fr\/WordPress\/enrico-macias-souffle-ses-85-bougies-sur-tele-melody\/","og_site_name":"ENRICO MACIAS L&#039;Oriental","article_published_time":"2023-12-08T17:33:15+00:00","article_modified_time":"2023-12-08T17:33:16+00:00","og_image":[{"width":800,"height":450,"url":"https:\/\/enricomaciasloriental.fr\/WordPress\/wp-content\/uploads\/\/2023\/12\/tele-melody.jpg","type":"image\/jpeg"}],"author":"Loriental","twitter_card":"summary_large_image","twitter_misc":{"\u00c9crit par":"Loriental","Dur\u00e9e de lecture estim\u00e9e":"2 minutes"},"schema":{"@context":"https:\/\/schema.org","@graph":[{"@type":"Article","@id":"https:\/\/enricomaciasloriental.fr\/WordPress\/enrico-macias-souffle-ses-85-bougies-sur-tele-melody\/#article","isPartOf":{"@id":"https:\/\/enricomaciasloriental.fr\/WordPress\/enrico-macias-souffle-ses-85-bougies-sur-tele-melody\/"},"author":{"name":"Loriental","@id":"https:\/\/enricomaciasloriental.fr\/WordPress\/#\/schema\/person\/53fba112c6f4f0b335578890a816262e"},"headline":"Enrico Macias souffle ses 85 bougies sur T\u00e9l\u00e9 Melody","datePublished":"2023-12-08T17:33:15+00:00","dateModified":"2023-12-08T17:33:16+00:00","mainEntityOfPage":{"@id":"https:\/\/enricomaciasloriental.fr\/WordPress\/enrico-macias-souffle-ses-85-bougies-sur-tele-melody\/"},"wordCount":312,"commentCount":2,"publisher":{"@id":"https:\/\/enricomaciasloriental.fr\/WordPress\/#\/schema\/person\/53fba112c6f4f0b335578890a816262e"},"image":{"@id":"https:\/\/enricomaciasloriental.fr\/WordPress\/enrico-macias-souffle-ses-85-bougies-sur-tele-melody\/#primaryimage"},"thumbnailUrl":"https:\/\/enricomaciasloriental.fr\/WordPress\/wp-content\/uploads\/\/2023\/12\/tele-melody.jpg","articleSection":["Actualit\u00e9s"],"inLanguage":"fr-FR","potentialAction":[{"@type":"CommentAction","name":"Comment","target":["https:\/\/enricomaciasloriental.fr\/WordPress\/enrico-macias-souffle-ses-85-bougies-sur-tele-melody\/#respond"]}]},{"@type":"WebPage","@id":"https:\/\/enricomaciasloriental.fr\/WordPress\/enrico-macias-souffle-ses-85-bougies-sur-tele-melody\/","url":"https:\/\/enricomaciasloriental.fr\/WordPress\/enrico-macias-souffle-ses-85-bougies-sur-tele-melody\/","name":"Enrico Macias souffle ses 85 bougies sur T\u00e9l\u00e9 Melody - ENRICO MACIAS L&#039;Oriental","isPartOf":{"@id":"https:\/\/enricomaciasloriental.fr\/WordPress\/#website"},"primaryImageOfPage":{"@id":"https:\/\/enricomaciasloriental.fr\/WordPress\/enrico-macias-souffle-ses-85-bougies-sur-tele-melody\/#primaryimage"},"image":{"@id":"https:\/\/enricomaciasloriental.fr\/WordPress\/enrico-macias-souffle-ses-85-bougies-sur-tele-melody\/#primaryimage"},"thumbnailUrl":"https:\/\/enricomaciasloriental.fr\/WordPress\/wp-content\/uploads\/\/2023\/12\/tele-melody.jpg","datePublished":"2023-12-08T17:33:15+00:00","dateModified":"2023-12-08T17:33:16+00:00","breadcrumb":{"@id":"https:\/\/enricomaciasloriental.fr\/WordPress\/enrico-macias-souffle-ses-85-bougies-sur-tele-melody\/#breadcrumb"},"inLanguage":"fr-FR","potentialAction":[{"@type":"ReadAction","target":["https:\/\/enricomaciasloriental.fr\/WordPress\/enrico-macias-souffle-ses-85-bougies-sur-tele-melody\/"]}]},{"@type":"ImageObject","inLanguage":"fr-FR","@id":"https:\/\/enricomaciasloriental.fr\/WordPress\/enrico-macias-souffle-ses-85-bougies-sur-tele-melody\/#primaryimage","url":"https:\/\/enricomaciasloriental.fr\/WordPress\/wp-content\/uploads\/\/2023\/12\/tele-melody.jpg","contentUrl":"https:\/\/enricomaciasloriental.fr\/WordPress\/wp-content\/uploads\/\/2023\/12\/tele-melody.jpg","width":800,"height":450},{"@type":"BreadcrumbList","@id":"https:\/\/enricomaciasloriental.fr\/WordPress\/enrico-macias-souffle-ses-85-bougies-sur-tele-melody\/#breadcrumb","itemListElement":[{"@type":"ListItem","position":1,"name":"Accueil","item":"https:\/\/enricomaciasloriental.fr\/WordPress\/"},{"@type":"ListItem","position":2,"name":"Enrico Macias souffle ses 85 bougies sur T\u00e9l\u00e9 Melody"}]},{"@type":"WebSite","@id":"https:\/\/enricomaciasloriental.fr\/WordPress\/#website","url":"https:\/\/enricomaciasloriental.fr\/WordPress\/","name":"ENRICO MACIAS L'Oriental","description":"IL EST COMME LE SOLEIL","publisher":{"@id":"https:\/\/enricomaciasloriental.fr\/WordPress\/#\/schema\/person\/53fba112c6f4f0b335578890a816262e"},"potentialAction":[{"@type":"SearchAction","target":{"@type":"EntryPoint","urlTemplate":"https:\/\/enricomaciasloriental.fr\/WordPress\/?s={search_term_string}"},"query-input":{"@type":"PropertyValueSpecification","valueRequired":true,"valueName":"search_term_string"}}],"inLanguage":"fr-FR"},{"@type":["Person","Organization"],"@id":"https:\/\/enricomaciasloriental.fr\/WordPress\/#\/schema\/person\/53fba112c6f4f0b335578890a816262e","name":"Loriental","image":{"@type":"ImageObject","inLanguage":"fr-FR","@id":"https:\/\/enricomaciasloriental.fr\/WordPress\/wp-content\/uploads\/\/2015\/02\/cropped-bannier_altaiir-enrico.jpg","url":"https:\/\/enricomaciasloriental.fr\/WordPress\/wp-content\/uploads\/\/2015\/02\/cropped-bannier_altaiir-enrico.jpg","contentUrl":"https:\/\/enricomaciasloriental.fr\/WordPress\/wp-content\/uploads\/\/2015\/02\/cropped-bannier_altaiir-enrico.jpg","width":1200,"height":150,"caption":"Loriental"},"logo":{"@id":"https:\/\/enricomaciasloriental.fr\/WordPress\/wp-content\/uploads\/\/2015\/02\/cropped-bannier_altaiir-enrico.jpg"},"sameAs":["http:\/\/www.enricomaciasloriental.fr\/"]}]}},"featured_image_src":"https:\/\/enricomaciasloriental.fr\/WordPress\/wp-content\/uploads\/\/2023\/12\/tele-melody.jpg","featured_image_src_square":"https:\/\/enricomaciasloriental.fr\/WordPress\/wp-content\/uploads\/\/2023\/12\/tele-melody.jpg","author_info":{"display_name":"Loriental","author_link":"https:\/\/enricomaciasloriental.fr\/WordPress\/author\/admin9234\/"},"rbea_author_info":{"display_name":"Loriental","author_link":"https:\/\/enricomaciasloriental.fr\/WordPress\/author\/admin9234\/"},"rbea_excerpt_info":"\u00a0 \u00a0 &#8211; SEMAINE 50\u00a0&#8211; \u00a0 Enrico Macias souffle ses 85 bougies \u00a0 Votre programme du 9\u00a0au 15\u00a0d\u00e9cembre \u00a0 \u00a0 Joyeux anniversaire\u00a0Enrico MACIAS\u00a0! L\u2019artiste venu du soleil \u00e0 la voix qui r\u00e9chauffe les c\u0153urs souffle ses 85 bougies ce 11 &hellip;<p class=\"read-more\"> <a class=\"more-link\" href=\"https:\/\/enricomaciasloriental.fr\/WordPress\/enrico-macias-souffle-ses-85-bougies-sur-tele-melody\/\"> <span class=\"screen-reader-text\">Enrico Macias souffle ses 85 bougies sur T\u00e9l\u00e9 Melody<\/span> Read More &raquo;<\/a><\/p>","category_list":"<a href=\"https:\/\/enricomaciasloriental.fr\/WordPress\/category\/actualites\/\">Actualit\u00e9s<\/a>","comments_num":"2 comments","_links":{"self":[{"href":"https:\/\/enricomaciasloriental.fr\/WordPress\/wp-json\/wp\/v2\/posts\/17187","targetHints":{"allow":["GET"]}}],"collection":[{"href":"https:\/\/enricomaciasloriental.fr\/WordPress\/wp-json\/wp\/v2\/posts"}],"about":[{"href":"https:\/\/enricomaciasloriental.fr\/WordPress\/wp-json\/wp\/v2\/types\/post"}],"author":[{"embeddable":true,"href":"https:\/\/enricomaciasloriental.fr\/WordPress\/wp-json\/wp\/v2\/users\/36"}],"replies":[{"embeddable":true,"href":"https:\/\/enricomaciasloriental.fr\/WordPress\/wp-json\/wp\/v2\/comments?post=17187"}],"version-history":[{"count":0,"href":"https:\/\/enricomaciasloriental.fr\/WordPress\/wp-json\/wp\/v2\/posts\/17187\/revisions"}],"wp:featuredmedia":[{"embeddable":true,"href":"https:\/\/enricomaciasloriental.fr\/WordPress\/wp-json\/wp\/v2\/media\/17188"}],"wp:attachment":[{"href":"https:\/\/enricomaciasloriental.fr\/WordPress\/wp-json\/wp\/v2\/media?parent=17187"}],"wp:term":[{"taxonomy":"category","embeddable":true,"href":"https:\/\/enricomaciasloriental.fr\/WordPress\/wp-json\/wp\/v2\/categories?post=17187"},{"taxonomy":"post_tag","embeddable":true,"href":"https:\/\/enricomaciasloriental.fr\/WordPress\/wp-json\/wp\/v2\/tags?post=17187"}],"curies":[{"name":"wp","href":"https:\/\/api.w.org\/{rel}","templated":true}]}}