{"id":17190,"date":"2023-12-09T14:57:45","date_gmt":"2023-12-09T13:57:45","guid":{"rendered":"https:\/\/enricomaciasloriental.fr\/WordPress\/?p=17190"},"modified":"2023-12-09T14:57:47","modified_gmt":"2023-12-09T13:57:47","slug":"chaude-ambiance-pour-enrico-macias-au-theatre-femina","status":"publish","type":"post","link":"https:\/\/enricomaciasloriental.fr\/WordPress\/chaude-ambiance-pour-enrico-macias-au-theatre-femina\/","title":{"rendered":"Chaude ambiance pour Enrico Macias au the\u00e2tre Femina"},"content":{"rendered":"\n<figure class=\"wp-block-image aligncenter size-full\"><img fetchpriority=\"high\" decoding=\"async\" width=\"700\" height=\"467\" src=\"https:\/\/enricomaciasloriental.fr\/WordPress\/wp-content\/uploads\/\/2023\/12\/Bordeaux-7940-copie.jpg\" alt=\"\" class=\"wp-image-17191\" srcset=\"https:\/\/enricomaciasloriental.fr\/WordPress\/wp-content\/uploads\/2023\/12\/Bordeaux-7940-copie.jpg 700w, https:\/\/enricomaciasloriental.fr\/WordPress\/wp-content\/uploads\/2023\/12\/Bordeaux-7940-copie-350x234.jpg 350w, https:\/\/enricomaciasloriental.fr\/WordPress\/wp-content\/uploads\/2023\/12\/Bordeaux-7940-copie-640x427.jpg 640w, https:\/\/enricomaciasloriental.fr\/WordPress\/wp-content\/uploads\/2023\/12\/Bordeaux-7940-copie-100x67.jpg 100w, https:\/\/enricomaciasloriental.fr\/WordPress\/wp-content\/uploads\/2023\/12\/Bordeaux-7940-copie-150x100.jpg 150w, https:\/\/enricomaciasloriental.fr\/WordPress\/wp-content\/uploads\/2023\/12\/Bordeaux-7940-copie-200x133.jpg 200w, https:\/\/enricomaciasloriental.fr\/WordPress\/wp-content\/uploads\/2023\/12\/Bordeaux-7940-copie-300x200.jpg 300w, https:\/\/enricomaciasloriental.fr\/WordPress\/wp-content\/uploads\/2023\/12\/Bordeaux-7940-copie-450x300.jpg 450w, https:\/\/enricomaciasloriental.fr\/WordPress\/wp-content\/uploads\/2023\/12\/Bordeaux-7940-copie-600x400.jpg 600w\" sizes=\"(max-width: 700px) 100vw, 700px\" \/><\/figure>\n\n\n\n<p>C&rsquo;est au th\u00e9\u00e2tre Femina de Bordeaux qu&rsquo;Enrico Macias avait d\u00e9cid\u00e9 de poursuivre la f\u00eate ce mardi 5 d\u00e9cembre 2023.<\/p>\n\n\n\n<p>Inaugur\u00e9 en 1921, ce th\u00e9\u00e2tre situ\u00e9 en plein centre de Bordeaux, m\u00e9lange un style Louis XV et Art Deco. Ses 1200 fauteuils rouges attendaient avec impatience une foule anim\u00e9e et bruyante pour cette soir\u00e9e tr\u00e8s attendue des fans bordelais.<\/p>\n\n\n\n<figure class=\"wp-block-image aligncenter size-full\"><img decoding=\"async\" width=\"700\" height=\"467\" src=\"https:\/\/enricomaciasloriental.fr\/WordPress\/wp-content\/uploads\/\/2023\/12\/Bordeaux-7969-copie.jpg\" alt=\"\" class=\"wp-image-17192\" srcset=\"https:\/\/enricomaciasloriental.fr\/WordPress\/wp-content\/uploads\/2023\/12\/Bordeaux-7969-copie.jpg 700w, https:\/\/enricomaciasloriental.fr\/WordPress\/wp-content\/uploads\/2023\/12\/Bordeaux-7969-copie-350x234.jpg 350w, https:\/\/enricomaciasloriental.fr\/WordPress\/wp-content\/uploads\/2023\/12\/Bordeaux-7969-copie-640x427.jpg 640w, https:\/\/enricomaciasloriental.fr\/WordPress\/wp-content\/uploads\/2023\/12\/Bordeaux-7969-copie-100x67.jpg 100w, https:\/\/enricomaciasloriental.fr\/WordPress\/wp-content\/uploads\/2023\/12\/Bordeaux-7969-copie-150x100.jpg 150w, https:\/\/enricomaciasloriental.fr\/WordPress\/wp-content\/uploads\/2023\/12\/Bordeaux-7969-copie-200x133.jpg 200w, https:\/\/enricomaciasloriental.fr\/WordPress\/wp-content\/uploads\/2023\/12\/Bordeaux-7969-copie-300x200.jpg 300w, https:\/\/enricomaciasloriental.fr\/WordPress\/wp-content\/uploads\/2023\/12\/Bordeaux-7969-copie-450x300.jpg 450w, https:\/\/enricomaciasloriental.fr\/WordPress\/wp-content\/uploads\/2023\/12\/Bordeaux-7969-copie-600x400.jpg 600w\" sizes=\"(max-width: 700px) 100vw, 700px\" \/><\/figure>\n\n\n\n<p>Alors, comme d\u2019habitude, ce fut une superbe soir\u00e9e faite de tubes intemporels repris en ch\u0153ur par toute la salle, de moments de tendresse avec, en fil conducteur, un incroyable courant d\u2019amour entre Enrico et son public. Ce furent des moments de joie, de danse, de communion qui font du bien au c\u0153ur et \u00e0 l\u2019\u00e2me.<br \/>Il faisait froid et pluvieux au dehors, mais dans la salle, c\u2019est la chaleur torride de la M\u00e9diterran\u00e9e qui r\u00e9gnait.<br \/>Il faut en remercier avant tout Enrico.<br \/>Mais il faut aussi f\u00e9liciter ses excellents musiciens et techniciens sans qui la f\u00eate ne serait pas la m\u00eame.<\/p>\n\n\n\n<figure class=\"wp-block-image aligncenter size-full\"><img decoding=\"async\" width=\"700\" height=\"467\" src=\"https:\/\/enricomaciasloriental.fr\/WordPress\/wp-content\/uploads\/\/2023\/12\/Bordeaux-8124-copie.jpg\" alt=\"\" class=\"wp-image-17193\" srcset=\"https:\/\/enricomaciasloriental.fr\/WordPress\/wp-content\/uploads\/2023\/12\/Bordeaux-8124-copie.jpg 700w, https:\/\/enricomaciasloriental.fr\/WordPress\/wp-content\/uploads\/2023\/12\/Bordeaux-8124-copie-350x234.jpg 350w, https:\/\/enricomaciasloriental.fr\/WordPress\/wp-content\/uploads\/2023\/12\/Bordeaux-8124-copie-640x427.jpg 640w, https:\/\/enricomaciasloriental.fr\/WordPress\/wp-content\/uploads\/2023\/12\/Bordeaux-8124-copie-100x67.jpg 100w, https:\/\/enricomaciasloriental.fr\/WordPress\/wp-content\/uploads\/2023\/12\/Bordeaux-8124-copie-150x100.jpg 150w, https:\/\/enricomaciasloriental.fr\/WordPress\/wp-content\/uploads\/2023\/12\/Bordeaux-8124-copie-200x133.jpg 200w, https:\/\/enricomaciasloriental.fr\/WordPress\/wp-content\/uploads\/2023\/12\/Bordeaux-8124-copie-300x200.jpg 300w, https:\/\/enricomaciasloriental.fr\/WordPress\/wp-content\/uploads\/2023\/12\/Bordeaux-8124-copie-450x300.jpg 450w, https:\/\/enricomaciasloriental.fr\/WordPress\/wp-content\/uploads\/2023\/12\/Bordeaux-8124-copie-600x400.jpg 600w\" sizes=\"(max-width: 700px) 100vw, 700px\" \/><\/figure>\n\n\n\n<p>Prochain rendez vous au th\u00e9\u00e2tre Dejazet, \u00e0 Paris ce lundi 11 d\u00e9cembre 2023 pour f\u00eater tous ensemble les 85 printemps d\u2019Enrico Macias<\/p>\n\n\n\n<p>Liste des chansons<\/p>\n\n\n\n<p>Il est comme le soleil<br \/>Oranges am\u00e8res<br \/>Aux talons de ses souliers<br \/>Adieu mon pays<br \/>La France de mon enfance<br \/>Pot-pourri de succ\u00e8s<br \/>Les gens du nord<br \/>Pour tout l\u2019or du monde<br \/>Pour toutes ces raisons, je t\u2019aime<br \/>Chanter<br \/>Enfants de tous pays<br \/>Une fille \u00e0 marier<br \/>Les filles de mon pays<br \/>Le violon de mon p\u00e8re<br \/>Medley oriental<br \/>Ya Rayah<br \/>Le mendiant de l\u2019amour<br \/>L\u2019oriental<br \/>El porompompero<\/p>\n","protected":false},"excerpt":{"rendered":"<p>C&rsquo;est au th\u00e9\u00e2tre Femina de Bordeaux qu&rsquo;Enrico Macias avait d\u00e9cid\u00e9 de poursuivre la f\u00eate ce mardi 5 d\u00e9cembre 2023. Inaugur\u00e9 en 1921, ce th\u00e9\u00e2tre situ\u00e9 en plein centre de Bordeaux, m\u00e9lange un style Louis XV et Art Deco. Ses 1200 &hellip;<\/p>\n<p class=\"read-more\"> <a class=\"more-link\" href=\"https:\/\/enricomaciasloriental.fr\/WordPress\/chaude-ambiance-pour-enrico-macias-au-theatre-femina\/\"> <span class=\"screen-reader-text\">Chaude ambiance pour Enrico Macias au the\u00e2tre Femina<\/span> Read More &raquo;<\/a><\/p>\n","protected":false},"author":36,"featured_media":17193,"comment_status":"open","ping_status":"open","sticky":false,"template":"","format":"standard","meta":{"footnotes":""},"categories":[1],"tags":[],"class_list":["post-17190","post","type-post","status-publish","format-standard","has-post-thumbnail","hentry","category-actualites"],"yoast_head":"<!-- This site is optimized with the Yoast SEO plugin v27.4 - https:\/\/yoast.com\/product\/yoast-seo-wordpress\/ -->\n<title>Chaude ambiance pour Enrico Macias au the\u00e2tre Femina - ENRICO MACIAS L&#039;Oriental<\/title>\n<meta name=\"robots\" content=\"index, follow, max-snippet:-1, max-image-preview:large, max-video-preview:-1\" \/>\n<link rel=\"canonical\" href=\"https:\/\/enricomaciasloriental.fr\/WordPress\/chaude-ambiance-pour-enrico-macias-au-theatre-femina\/\" \/>\n<meta property=\"og:locale\" content=\"fr_FR\" \/>\n<meta property=\"og:type\" content=\"article\" \/>\n<meta property=\"og:title\" content=\"Chaude ambiance pour Enrico Macias au the\u00e2tre Femina - ENRICO MACIAS L&#039;Oriental\" \/>\n<meta property=\"og:description\" content=\"C&rsquo;est au th\u00e9\u00e2tre Femina de Bordeaux qu&rsquo;Enrico Macias avait d\u00e9cid\u00e9 de poursuivre la f\u00eate ce mardi 5 d\u00e9cembre 2023. Inaugur\u00e9 en 1921, ce th\u00e9\u00e2tre situ\u00e9 en plein centre de Bordeaux, m\u00e9lange un style Louis XV et Art Deco. Ses 1200 &hellip; Chaude ambiance pour Enrico Macias au the\u00e2tre Femina Read More &raquo;\" \/>\n<meta property=\"og:url\" content=\"https:\/\/enricomaciasloriental.fr\/WordPress\/chaude-ambiance-pour-enrico-macias-au-theatre-femina\/\" \/>\n<meta property=\"og:site_name\" content=\"ENRICO MACIAS L&#039;Oriental\" \/>\n<meta property=\"article:published_time\" content=\"2023-12-09T13:57:45+00:00\" \/>\n<meta property=\"article:modified_time\" content=\"2023-12-09T13:57:47+00:00\" \/>\n<meta property=\"og:image\" content=\"https:\/\/enricomaciasloriental.fr\/WordPress\/wp-content\/uploads\/\/2023\/12\/Bordeaux-8124-copie.jpg\" \/>\n\t<meta property=\"og:image:width\" content=\"700\" \/>\n\t<meta property=\"og:image:height\" content=\"467\" \/>\n\t<meta property=\"og:image:type\" content=\"image\/jpeg\" \/>\n<meta name=\"author\" content=\"Loriental\" \/>\n<meta name=\"twitter:card\" content=\"summary_large_image\" \/>\n<meta name=\"twitter:label1\" content=\"\u00c9crit par\" \/>\n\t<meta name=\"twitter:data1\" content=\"Loriental\" \/>\n\t<meta name=\"twitter:label2\" content=\"Dur\u00e9e de lecture estim\u00e9e\" \/>\n\t<meta name=\"twitter:data2\" content=\"2 minutes\" \/>\n<script type=\"application\/ld+json\" class=\"yoast-schema-graph\">{\"@context\":\"https:\\\/\\\/schema.org\",\"@graph\":[{\"@type\":\"Article\",\"@id\":\"https:\\\/\\\/enricomaciasloriental.fr\\\/WordPress\\\/chaude-ambiance-pour-enrico-macias-au-theatre-femina\\\/#article\",\"isPartOf\":{\"@id\":\"https:\\\/\\\/enricomaciasloriental.fr\\\/WordPress\\\/chaude-ambiance-pour-enrico-macias-au-theatre-femina\\\/\"},\"author\":{\"name\":\"Loriental\",\"@id\":\"https:\\\/\\\/enricomaciasloriental.fr\\\/WordPress\\\/#\\\/schema\\\/person\\\/53fba112c6f4f0b335578890a816262e\"},\"headline\":\"Chaude ambiance pour Enrico Macias au the\u00e2tre Femina\",\"datePublished\":\"2023-12-09T13:57:45+00:00\",\"dateModified\":\"2023-12-09T13:57:47+00:00\",\"mainEntityOfPage\":{\"@id\":\"https:\\\/\\\/enricomaciasloriental.fr\\\/WordPress\\\/chaude-ambiance-pour-enrico-macias-au-theatre-femina\\\/\"},\"wordCount\":268,\"commentCount\":3,\"publisher\":{\"@id\":\"https:\\\/\\\/enricomaciasloriental.fr\\\/WordPress\\\/#\\\/schema\\\/person\\\/53fba112c6f4f0b335578890a816262e\"},\"image\":{\"@id\":\"https:\\\/\\\/enricomaciasloriental.fr\\\/WordPress\\\/chaude-ambiance-pour-enrico-macias-au-theatre-femina\\\/#primaryimage\"},\"thumbnailUrl\":\"https:\\\/\\\/enricomaciasloriental.fr\\\/WordPress\\\/wp-content\\\/uploads\\\/\\\/2023\\\/12\\\/Bordeaux-8124-copie.jpg\",\"articleSection\":[\"Actualit\u00e9s\"],\"inLanguage\":\"fr-FR\",\"potentialAction\":[{\"@type\":\"CommentAction\",\"name\":\"Comment\",\"target\":[\"https:\\\/\\\/enricomaciasloriental.fr\\\/WordPress\\\/chaude-ambiance-pour-enrico-macias-au-theatre-femina\\\/#respond\"]}]},{\"@type\":\"WebPage\",\"@id\":\"https:\\\/\\\/enricomaciasloriental.fr\\\/WordPress\\\/chaude-ambiance-pour-enrico-macias-au-theatre-femina\\\/\",\"url\":\"https:\\\/\\\/enricomaciasloriental.fr\\\/WordPress\\\/chaude-ambiance-pour-enrico-macias-au-theatre-femina\\\/\",\"name\":\"Chaude ambiance pour Enrico Macias au the\u00e2tre Femina - ENRICO MACIAS L&#039;Oriental\",\"isPartOf\":{\"@id\":\"https:\\\/\\\/enricomaciasloriental.fr\\\/WordPress\\\/#website\"},\"primaryImageOfPage\":{\"@id\":\"https:\\\/\\\/enricomaciasloriental.fr\\\/WordPress\\\/chaude-ambiance-pour-enrico-macias-au-theatre-femina\\\/#primaryimage\"},\"image\":{\"@id\":\"https:\\\/\\\/enricomaciasloriental.fr\\\/WordPress\\\/chaude-ambiance-pour-enrico-macias-au-theatre-femina\\\/#primaryimage\"},\"thumbnailUrl\":\"https:\\\/\\\/enricomaciasloriental.fr\\\/WordPress\\\/wp-content\\\/uploads\\\/\\\/2023\\\/12\\\/Bordeaux-8124-copie.jpg\",\"datePublished\":\"2023-12-09T13:57:45+00:00\",\"dateModified\":\"2023-12-09T13:57:47+00:00\",\"breadcrumb\":{\"@id\":\"https:\\\/\\\/enricomaciasloriental.fr\\\/WordPress\\\/chaude-ambiance-pour-enrico-macias-au-theatre-femina\\\/#breadcrumb\"},\"inLanguage\":\"fr-FR\",\"potentialAction\":[{\"@type\":\"ReadAction\",\"target\":[\"https:\\\/\\\/enricomaciasloriental.fr\\\/WordPress\\\/chaude-ambiance-pour-enrico-macias-au-theatre-femina\\\/\"]}]},{\"@type\":\"ImageObject\",\"inLanguage\":\"fr-FR\",\"@id\":\"https:\\\/\\\/enricomaciasloriental.fr\\\/WordPress\\\/chaude-ambiance-pour-enrico-macias-au-theatre-femina\\\/#primaryimage\",\"url\":\"https:\\\/\\\/enricomaciasloriental.fr\\\/WordPress\\\/wp-content\\\/uploads\\\/\\\/2023\\\/12\\\/Bordeaux-8124-copie.jpg\",\"contentUrl\":\"https:\\\/\\\/enricomaciasloriental.fr\\\/WordPress\\\/wp-content\\\/uploads\\\/\\\/2023\\\/12\\\/Bordeaux-8124-copie.jpg\",\"width\":700,\"height\":467},{\"@type\":\"BreadcrumbList\",\"@id\":\"https:\\\/\\\/enricomaciasloriental.fr\\\/WordPress\\\/chaude-ambiance-pour-enrico-macias-au-theatre-femina\\\/#breadcrumb\",\"itemListElement\":[{\"@type\":\"ListItem\",\"position\":1,\"name\":\"Accueil\",\"item\":\"https:\\\/\\\/enricomaciasloriental.fr\\\/WordPress\\\/\"},{\"@type\":\"ListItem\",\"position\":2,\"name\":\"Chaude ambiance pour Enrico Macias au the\u00e2tre Femina\"}]},{\"@type\":\"WebSite\",\"@id\":\"https:\\\/\\\/enricomaciasloriental.fr\\\/WordPress\\\/#website\",\"url\":\"https:\\\/\\\/enricomaciasloriental.fr\\\/WordPress\\\/\",\"name\":\"ENRICO MACIAS L'Oriental\",\"description\":\"IL EST COMME LE SOLEIL\",\"publisher\":{\"@id\":\"https:\\\/\\\/enricomaciasloriental.fr\\\/WordPress\\\/#\\\/schema\\\/person\\\/53fba112c6f4f0b335578890a816262e\"},\"potentialAction\":[{\"@type\":\"SearchAction\",\"target\":{\"@type\":\"EntryPoint\",\"urlTemplate\":\"https:\\\/\\\/enricomaciasloriental.fr\\\/WordPress\\\/?s={search_term_string}\"},\"query-input\":{\"@type\":\"PropertyValueSpecification\",\"valueRequired\":true,\"valueName\":\"search_term_string\"}}],\"inLanguage\":\"fr-FR\"},{\"@type\":[\"Person\",\"Organization\"],\"@id\":\"https:\\\/\\\/enricomaciasloriental.fr\\\/WordPress\\\/#\\\/schema\\\/person\\\/53fba112c6f4f0b335578890a816262e\",\"name\":\"Loriental\",\"image\":{\"@type\":\"ImageObject\",\"inLanguage\":\"fr-FR\",\"@id\":\"https:\\\/\\\/enricomaciasloriental.fr\\\/WordPress\\\/wp-content\\\/uploads\\\/\\\/2015\\\/02\\\/cropped-bannier_altaiir-enrico.jpg\",\"url\":\"https:\\\/\\\/enricomaciasloriental.fr\\\/WordPress\\\/wp-content\\\/uploads\\\/\\\/2015\\\/02\\\/cropped-bannier_altaiir-enrico.jpg\",\"contentUrl\":\"https:\\\/\\\/enricomaciasloriental.fr\\\/WordPress\\\/wp-content\\\/uploads\\\/\\\/2015\\\/02\\\/cropped-bannier_altaiir-enrico.jpg\",\"width\":1200,\"height\":150,\"caption\":\"Loriental\"},\"logo\":{\"@id\":\"https:\\\/\\\/enricomaciasloriental.fr\\\/WordPress\\\/wp-content\\\/uploads\\\/\\\/2015\\\/02\\\/cropped-bannier_altaiir-enrico.jpg\"},\"sameAs\":[\"http:\\\/\\\/www.enricomaciasloriental.fr\\\/\"]}]}<\/script>\n<!-- \/ Yoast SEO plugin. -->","yoast_head_json":{"title":"Chaude ambiance pour Enrico Macias au the\u00e2tre Femina - ENRICO MACIAS L&#039;Oriental","robots":{"index":"index","follow":"follow","max-snippet":"max-snippet:-1","max-image-preview":"max-image-preview:large","max-video-preview":"max-video-preview:-1"},"canonical":"https:\/\/enricomaciasloriental.fr\/WordPress\/chaude-ambiance-pour-enrico-macias-au-theatre-femina\/","og_locale":"fr_FR","og_type":"article","og_title":"Chaude ambiance pour Enrico Macias au the\u00e2tre Femina - ENRICO MACIAS L&#039;Oriental","og_description":"C&rsquo;est au th\u00e9\u00e2tre Femina de Bordeaux qu&rsquo;Enrico Macias avait d\u00e9cid\u00e9 de poursuivre la f\u00eate ce mardi 5 d\u00e9cembre 2023. Inaugur\u00e9 en 1921, ce th\u00e9\u00e2tre situ\u00e9 en plein centre de Bordeaux, m\u00e9lange un style Louis XV et Art Deco. Ses 1200 &hellip; Chaude ambiance pour Enrico Macias au the\u00e2tre Femina Read More &raquo;","og_url":"https:\/\/enricomaciasloriental.fr\/WordPress\/chaude-ambiance-pour-enrico-macias-au-theatre-femina\/","og_site_name":"ENRICO MACIAS L&#039;Oriental","article_published_time":"2023-12-09T13:57:45+00:00","article_modified_time":"2023-12-09T13:57:47+00:00","og_image":[{"width":700,"height":467,"url":"https:\/\/enricomaciasloriental.fr\/WordPress\/wp-content\/uploads\/\/2023\/12\/Bordeaux-8124-copie.jpg","type":"image\/jpeg"}],"author":"Loriental","twitter_card":"summary_large_image","twitter_misc":{"\u00c9crit par":"Loriental","Dur\u00e9e de lecture estim\u00e9e":"2 minutes"},"schema":{"@context":"https:\/\/schema.org","@graph":[{"@type":"Article","@id":"https:\/\/enricomaciasloriental.fr\/WordPress\/chaude-ambiance-pour-enrico-macias-au-theatre-femina\/#article","isPartOf":{"@id":"https:\/\/enricomaciasloriental.fr\/WordPress\/chaude-ambiance-pour-enrico-macias-au-theatre-femina\/"},"author":{"name":"Loriental","@id":"https:\/\/enricomaciasloriental.fr\/WordPress\/#\/schema\/person\/53fba112c6f4f0b335578890a816262e"},"headline":"Chaude ambiance pour Enrico Macias au the\u00e2tre Femina","datePublished":"2023-12-09T13:57:45+00:00","dateModified":"2023-12-09T13:57:47+00:00","mainEntityOfPage":{"@id":"https:\/\/enricomaciasloriental.fr\/WordPress\/chaude-ambiance-pour-enrico-macias-au-theatre-femina\/"},"wordCount":268,"commentCount":3,"publisher":{"@id":"https:\/\/enricomaciasloriental.fr\/WordPress\/#\/schema\/person\/53fba112c6f4f0b335578890a816262e"},"image":{"@id":"https:\/\/enricomaciasloriental.fr\/WordPress\/chaude-ambiance-pour-enrico-macias-au-theatre-femina\/#primaryimage"},"thumbnailUrl":"https:\/\/enricomaciasloriental.fr\/WordPress\/wp-content\/uploads\/\/2023\/12\/Bordeaux-8124-copie.jpg","articleSection":["Actualit\u00e9s"],"inLanguage":"fr-FR","potentialAction":[{"@type":"CommentAction","name":"Comment","target":["https:\/\/enricomaciasloriental.fr\/WordPress\/chaude-ambiance-pour-enrico-macias-au-theatre-femina\/#respond"]}]},{"@type":"WebPage","@id":"https:\/\/enricomaciasloriental.fr\/WordPress\/chaude-ambiance-pour-enrico-macias-au-theatre-femina\/","url":"https:\/\/enricomaciasloriental.fr\/WordPress\/chaude-ambiance-pour-enrico-macias-au-theatre-femina\/","name":"Chaude ambiance pour Enrico Macias au the\u00e2tre Femina - ENRICO MACIAS L&#039;Oriental","isPartOf":{"@id":"https:\/\/enricomaciasloriental.fr\/WordPress\/#website"},"primaryImageOfPage":{"@id":"https:\/\/enricomaciasloriental.fr\/WordPress\/chaude-ambiance-pour-enrico-macias-au-theatre-femina\/#primaryimage"},"image":{"@id":"https:\/\/enricomaciasloriental.fr\/WordPress\/chaude-ambiance-pour-enrico-macias-au-theatre-femina\/#primaryimage"},"thumbnailUrl":"https:\/\/enricomaciasloriental.fr\/WordPress\/wp-content\/uploads\/\/2023\/12\/Bordeaux-8124-copie.jpg","datePublished":"2023-12-09T13:57:45+00:00","dateModified":"2023-12-09T13:57:47+00:00","breadcrumb":{"@id":"https:\/\/enricomaciasloriental.fr\/WordPress\/chaude-ambiance-pour-enrico-macias-au-theatre-femina\/#breadcrumb"},"inLanguage":"fr-FR","potentialAction":[{"@type":"ReadAction","target":["https:\/\/enricomaciasloriental.fr\/WordPress\/chaude-ambiance-pour-enrico-macias-au-theatre-femina\/"]}]},{"@type":"ImageObject","inLanguage":"fr-FR","@id":"https:\/\/enricomaciasloriental.fr\/WordPress\/chaude-ambiance-pour-enrico-macias-au-theatre-femina\/#primaryimage","url":"https:\/\/enricomaciasloriental.fr\/WordPress\/wp-content\/uploads\/\/2023\/12\/Bordeaux-8124-copie.jpg","contentUrl":"https:\/\/enricomaciasloriental.fr\/WordPress\/wp-content\/uploads\/\/2023\/12\/Bordeaux-8124-copie.jpg","width":700,"height":467},{"@type":"BreadcrumbList","@id":"https:\/\/enricomaciasloriental.fr\/WordPress\/chaude-ambiance-pour-enrico-macias-au-theatre-femina\/#breadcrumb","itemListElement":[{"@type":"ListItem","position":1,"name":"Accueil","item":"https:\/\/enricomaciasloriental.fr\/WordPress\/"},{"@type":"ListItem","position":2,"name":"Chaude ambiance pour Enrico Macias au the\u00e2tre Femina"}]},{"@type":"WebSite","@id":"https:\/\/enricomaciasloriental.fr\/WordPress\/#website","url":"https:\/\/enricomaciasloriental.fr\/WordPress\/","name":"ENRICO MACIAS L'Oriental","description":"IL EST COMME LE SOLEIL","publisher":{"@id":"https:\/\/enricomaciasloriental.fr\/WordPress\/#\/schema\/person\/53fba112c6f4f0b335578890a816262e"},"potentialAction":[{"@type":"SearchAction","target":{"@type":"EntryPoint","urlTemplate":"https:\/\/enricomaciasloriental.fr\/WordPress\/?s={search_term_string}"},"query-input":{"@type":"PropertyValueSpecification","valueRequired":true,"valueName":"search_term_string"}}],"inLanguage":"fr-FR"},{"@type":["Person","Organization"],"@id":"https:\/\/enricomaciasloriental.fr\/WordPress\/#\/schema\/person\/53fba112c6f4f0b335578890a816262e","name":"Loriental","image":{"@type":"ImageObject","inLanguage":"fr-FR","@id":"https:\/\/enricomaciasloriental.fr\/WordPress\/wp-content\/uploads\/\/2015\/02\/cropped-bannier_altaiir-enrico.jpg","url":"https:\/\/enricomaciasloriental.fr\/WordPress\/wp-content\/uploads\/\/2015\/02\/cropped-bannier_altaiir-enrico.jpg","contentUrl":"https:\/\/enricomaciasloriental.fr\/WordPress\/wp-content\/uploads\/\/2015\/02\/cropped-bannier_altaiir-enrico.jpg","width":1200,"height":150,"caption":"Loriental"},"logo":{"@id":"https:\/\/enricomaciasloriental.fr\/WordPress\/wp-content\/uploads\/\/2015\/02\/cropped-bannier_altaiir-enrico.jpg"},"sameAs":["http:\/\/www.enricomaciasloriental.fr\/"]}]}},"featured_image_src":"https:\/\/enricomaciasloriental.fr\/WordPress\/wp-content\/uploads\/\/2023\/12\/Bordeaux-8124-copie.jpg","featured_image_src_square":"https:\/\/enricomaciasloriental.fr\/WordPress\/wp-content\/uploads\/\/2023\/12\/Bordeaux-8124-copie.jpg","author_info":{"display_name":"Loriental","author_link":"https:\/\/enricomaciasloriental.fr\/WordPress\/author\/admin9234\/"},"rbea_author_info":{"display_name":"Loriental","author_link":"https:\/\/enricomaciasloriental.fr\/WordPress\/author\/admin9234\/"},"rbea_excerpt_info":"C&rsquo;est au th\u00e9\u00e2tre Femina de Bordeaux qu&rsquo;Enrico Macias avait d\u00e9cid\u00e9 de poursuivre la f\u00eate ce mardi 5 d\u00e9cembre 2023. Inaugur\u00e9 en 1921, ce th\u00e9\u00e2tre situ\u00e9 en plein centre de Bordeaux, m\u00e9lange un style Louis XV et Art Deco. Ses 1200 &hellip;<p class=\"read-more\"> <a class=\"more-link\" href=\"https:\/\/enricomaciasloriental.fr\/WordPress\/chaude-ambiance-pour-enrico-macias-au-theatre-femina\/\"> <span class=\"screen-reader-text\">Chaude ambiance pour Enrico Macias au the\u00e2tre Femina<\/span> Read More &raquo;<\/a><\/p>","category_list":"<a href=\"https:\/\/enricomaciasloriental.fr\/WordPress\/category\/actualites\/\">Actualit\u00e9s<\/a>","comments_num":"3 comments","_links":{"self":[{"href":"https:\/\/enricomaciasloriental.fr\/WordPress\/wp-json\/wp\/v2\/posts\/17190","targetHints":{"allow":["GET"]}}],"collection":[{"href":"https:\/\/enricomaciasloriental.fr\/WordPress\/wp-json\/wp\/v2\/posts"}],"about":[{"href":"https:\/\/enricomaciasloriental.fr\/WordPress\/wp-json\/wp\/v2\/types\/post"}],"author":[{"embeddable":true,"href":"https:\/\/enricomaciasloriental.fr\/WordPress\/wp-json\/wp\/v2\/users\/36"}],"replies":[{"embeddable":true,"href":"https:\/\/enricomaciasloriental.fr\/WordPress\/wp-json\/wp\/v2\/comments?post=17190"}],"version-history":[{"count":0,"href":"https:\/\/enricomaciasloriental.fr\/WordPress\/wp-json\/wp\/v2\/posts\/17190\/revisions"}],"wp:featuredmedia":[{"embeddable":true,"href":"https:\/\/enricomaciasloriental.fr\/WordPress\/wp-json\/wp\/v2\/media\/17193"}],"wp:attachment":[{"href":"https:\/\/enricomaciasloriental.fr\/WordPress\/wp-json\/wp\/v2\/media?parent=17190"}],"wp:term":[{"taxonomy":"category","embeddable":true,"href":"https:\/\/enricomaciasloriental.fr\/WordPress\/wp-json\/wp\/v2\/categories?post=17190"},{"taxonomy":"post_tag","embeddable":true,"href":"https:\/\/enricomaciasloriental.fr\/WordPress\/wp-json\/wp\/v2\/tags?post=17190"}],"curies":[{"name":"wp","href":"https:\/\/api.w.org\/{rel}","templated":true}]}}