{"id":17202,"date":"2023-12-16T15:34:13","date_gmt":"2023-12-16T14:34:13","guid":{"rendered":"https:\/\/enricomaciasloriental.fr\/WordPress\/?p=17202"},"modified":"2024-01-11T15:24:48","modified_gmt":"2024-01-11T14:24:48","slug":"un-anniversaire-sous-loeil-du-chat-du-rabbin","status":"publish","type":"post","link":"https:\/\/enricomaciasloriental.fr\/WordPress\/un-anniversaire-sous-loeil-du-chat-du-rabbin\/","title":{"rendered":"Un anniversaire sous l&rsquo;oeil du chat du rabbin"},"content":{"rendered":"\n<p>Passer la soir\u00e9e avec son idole le jour de son anniversaire, c\u2019est le r\u00eave de tout fan. Et, pour son 85<sup>\u00e8me<\/sup> anniversaire, Enrico Macias nous a fait ce beau cadeau.<\/p>\n\n\n\n<figure class=\"wp-block-image aligncenter size-full\"><img fetchpriority=\"high\" decoding=\"async\" width=\"668\" height=\"413\" src=\"https:\/\/enricomaciasloriental.fr\/WordPress\/wp-content\/uploads\/\/2023\/12\/Dejazet-112023-8786-copie.jpg\" alt=\"\" class=\"wp-image-17203\" srcset=\"https:\/\/enricomaciasloriental.fr\/WordPress\/wp-content\/uploads\/2023\/12\/Dejazet-112023-8786-copie.jpg 668w, https:\/\/enricomaciasloriental.fr\/WordPress\/wp-content\/uploads\/2023\/12\/Dejazet-112023-8786-copie-350x216.jpg 350w, https:\/\/enricomaciasloriental.fr\/WordPress\/wp-content\/uploads\/2023\/12\/Dejazet-112023-8786-copie-640x396.jpg 640w, https:\/\/enricomaciasloriental.fr\/WordPress\/wp-content\/uploads\/2023\/12\/Dejazet-112023-8786-copie-100x62.jpg 100w, https:\/\/enricomaciasloriental.fr\/WordPress\/wp-content\/uploads\/2023\/12\/Dejazet-112023-8786-copie-150x93.jpg 150w, https:\/\/enricomaciasloriental.fr\/WordPress\/wp-content\/uploads\/2023\/12\/Dejazet-112023-8786-copie-200x124.jpg 200w, https:\/\/enricomaciasloriental.fr\/WordPress\/wp-content\/uploads\/2023\/12\/Dejazet-112023-8786-copie-300x185.jpg 300w, https:\/\/enricomaciasloriental.fr\/WordPress\/wp-content\/uploads\/2023\/12\/Dejazet-112023-8786-copie-450x278.jpg 450w, https:\/\/enricomaciasloriental.fr\/WordPress\/wp-content\/uploads\/2023\/12\/Dejazet-112023-8786-copie-600x371.jpg 600w\" sizes=\"(max-width: 668px) 100vw, 668px\" \/><figcaption class=\"wp-element-caption\">Dessin original Joann Sfar<\/figcaption><\/figure>\n\n\n\n<p>Le lieu choisi pour cette f\u00eate sp\u00e9ciale est un lieu charg\u00e9 d\u2019histoire, puisqu\u2019il s\u2019agit du th\u00e9\u00e2tre Dejazet, inaugur\u00e9 en 1851 et tour \u00e0 tour, au fil des ann\u00e9es, th\u00e9\u00e2tre, cin\u00e9ma, salle de concert. C\u2019est un monument historique, au propre comme au figur\u00e9, qui a offert \u00e0 cette soir\u00e9e sp\u00e9ciale son \u00e9crin intimiste pour f\u00eater comme il se doit l\u2019oriental au regard fatal.<\/p>\n\n\n\n<p>Une autre surprise de taille \u00e9tait la pr\u00e9sence sur sc\u00e8ne de Joann Sfar qui a illustr\u00e9 en direct tout le concert sous l\u2019\u0153il de la cam\u00e9ra qui projetait son travail sur deux \u00e9crans g\u00e9ants. Joann Sfar, vous connaissez au moins de lui \u00ab&nbsp;le chat du rabbin&nbsp;\u00bb, s\u00e9rie de bandes dessin\u00e9es, dont il a aussi tir\u00e9 un film d\u2019animation. Mais c\u2019est un artiste prolifique, dessinateur, romancier, r\u00e9alisateur entre autres.<\/p>\n\n\n\n<p>Et puis, c\u2019est \u00e0 lui que nous devons la nouvelle affiche de la tourn\u00e9e d\u2019Enrico, \u00ab&nbsp;la f\u00eate continue&nbsp;\u00bb et l\u2019illustration du coffret de disques \u00e0 paraitre d\u00e9but 2024 pour les 60 ans de carri\u00e8re d\u2019Enrico.<\/p>\n\n\n\n<figure class=\"wp-block-image aligncenter size-full\"><img decoding=\"async\" width=\"467\" height=\"700\" src=\"https:\/\/enricomaciasloriental.fr\/WordPress\/wp-content\/uploads\/\/2023\/12\/Dejazet-112023-9736.jpg\" alt=\"\" class=\"wp-image-17204\" srcset=\"https:\/\/enricomaciasloriental.fr\/WordPress\/wp-content\/uploads\/2023\/12\/Dejazet-112023-9736.jpg 467w, https:\/\/enricomaciasloriental.fr\/WordPress\/wp-content\/uploads\/2023\/12\/Dejazet-112023-9736-234x350.jpg 234w, https:\/\/enricomaciasloriental.fr\/WordPress\/wp-content\/uploads\/2023\/12\/Dejazet-112023-9736-100x150.jpg 100w, https:\/\/enricomaciasloriental.fr\/WordPress\/wp-content\/uploads\/2023\/12\/Dejazet-112023-9736-150x225.jpg 150w, https:\/\/enricomaciasloriental.fr\/WordPress\/wp-content\/uploads\/2023\/12\/Dejazet-112023-9736-200x300.jpg 200w, https:\/\/enricomaciasloriental.fr\/WordPress\/wp-content\/uploads\/2023\/12\/Dejazet-112023-9736-300x450.jpg 300w, https:\/\/enricomaciasloriental.fr\/WordPress\/wp-content\/uploads\/2023\/12\/Dejazet-112023-9736-450x675.jpg 450w\" sizes=\"(max-width: 467px) 100vw, 467px\" \/><figcaption class=\"wp-element-caption\">Enrico macias et Joann Sfar<\/figcaption><\/figure>\n\n\n\n<p>Pour achever de planter le d\u00e9cor, les six musiciens d\u2019Enrico ont pris place autour d\u2019un petit salon oriental du plus bel effet dans la p\u00e9nombre de la sc\u00e8ne donnant l\u2019illusion \u00e0 chacun de se trouver comme \u00e0 la maison.<\/p>\n\n\n\n<figure class=\"wp-block-image aligncenter size-full\"><img decoding=\"async\" width=\"700\" height=\"394\" src=\"https:\/\/enricomaciasloriental.fr\/WordPress\/wp-content\/uploads\/\/2023\/12\/Dejazet-112023-02-2.jpg\" alt=\"\" class=\"wp-image-17206\" srcset=\"https:\/\/enricomaciasloriental.fr\/WordPress\/wp-content\/uploads\/2023\/12\/Dejazet-112023-02-2.jpg 700w, https:\/\/enricomaciasloriental.fr\/WordPress\/wp-content\/uploads\/2023\/12\/Dejazet-112023-02-2-350x197.jpg 350w, https:\/\/enricomaciasloriental.fr\/WordPress\/wp-content\/uploads\/2023\/12\/Dejazet-112023-02-2-640x360.jpg 640w, https:\/\/enricomaciasloriental.fr\/WordPress\/wp-content\/uploads\/2023\/12\/Dejazet-112023-02-2-100x56.jpg 100w, https:\/\/enricomaciasloriental.fr\/WordPress\/wp-content\/uploads\/2023\/12\/Dejazet-112023-02-2-150x84.jpg 150w, https:\/\/enricomaciasloriental.fr\/WordPress\/wp-content\/uploads\/2023\/12\/Dejazet-112023-02-2-200x113.jpg 200w, https:\/\/enricomaciasloriental.fr\/WordPress\/wp-content\/uploads\/2023\/12\/Dejazet-112023-02-2-300x169.jpg 300w, https:\/\/enricomaciasloriental.fr\/WordPress\/wp-content\/uploads\/2023\/12\/Dejazet-112023-02-2-450x253.jpg 450w, https:\/\/enricomaciasloriental.fr\/WordPress\/wp-content\/uploads\/2023\/12\/Dejazet-112023-02-2-600x338.jpg 600w\" sizes=\"(max-width: 700px) 100vw, 700px\" \/><\/figure>\n\n\n\n<p>A l\u2019heure dite, la salle \u00e9tait pleine du parterre aux deuxi\u00e8mes balcons, et tous, famille, amis, personnalit\u00e9s et admirateurs du chanteur \u00e9taient impatients de f\u00eater le h\u00e9ros de la soir\u00e9e.<\/p>\n\n\n\n<p>C\u2019est pourquoi, d\u00e8s son entr\u00e9e en sc\u00e8ne sous les ovations, toute la salle a entonn\u00e9, en un seul ch\u0153ur \u00ab&nbsp;Joyeux anniversaire \u2026\u2026\u2026\u2026\u2026\u2026. Joyeux anniversaire Enrico&nbsp;\u00bb.<\/p>\n\n\n\n<figure class=\"wp-block-image aligncenter size-full\"><img loading=\"lazy\" decoding=\"async\" width=\"700\" height=\"467\" src=\"https:\/\/enricomaciasloriental.fr\/WordPress\/wp-content\/uploads\/\/2023\/12\/Dejazet-112023-9183.jpg\" alt=\"\" class=\"wp-image-17205\" srcset=\"https:\/\/enricomaciasloriental.fr\/WordPress\/wp-content\/uploads\/2023\/12\/Dejazet-112023-9183.jpg 700w, https:\/\/enricomaciasloriental.fr\/WordPress\/wp-content\/uploads\/2023\/12\/Dejazet-112023-9183-350x234.jpg 350w, https:\/\/enricomaciasloriental.fr\/WordPress\/wp-content\/uploads\/2023\/12\/Dejazet-112023-9183-640x427.jpg 640w, https:\/\/enricomaciasloriental.fr\/WordPress\/wp-content\/uploads\/2023\/12\/Dejazet-112023-9183-100x67.jpg 100w, https:\/\/enricomaciasloriental.fr\/WordPress\/wp-content\/uploads\/2023\/12\/Dejazet-112023-9183-150x100.jpg 150w, https:\/\/enricomaciasloriental.fr\/WordPress\/wp-content\/uploads\/2023\/12\/Dejazet-112023-9183-200x133.jpg 200w, https:\/\/enricomaciasloriental.fr\/WordPress\/wp-content\/uploads\/2023\/12\/Dejazet-112023-9183-300x200.jpg 300w, https:\/\/enricomaciasloriental.fr\/WordPress\/wp-content\/uploads\/2023\/12\/Dejazet-112023-9183-450x300.jpg 450w, https:\/\/enricomaciasloriental.fr\/WordPress\/wp-content\/uploads\/2023\/12\/Dejazet-112023-9183-600x400.jpg 600w\" sizes=\"(max-width: 700px) 100vw, 700px\" \/><\/figure>\n\n\n\n<p>Ce fut une soir\u00e9e chaleureuse, une soir\u00e9e en famille, joyeuse et festive avec des moments d\u2019humour quand Michel Boujenah est mont\u00e9 en courant sur la sc\u00e8ne pour f\u00e9liciter son ami.<br \/><br \/>Des moment de pur bonheur avec Enrico au oud pour nous interpr\u00e9ter Koum Tara<\/p>\n\n\n\n<figure class=\"wp-block-image aligncenter size-full\"><img loading=\"lazy\" decoding=\"async\" width=\"700\" height=\"467\" src=\"https:\/\/enricomaciasloriental.fr\/WordPress\/wp-content\/uploads\/\/2023\/12\/Dejazet-112023-8802.jpg\" alt=\"\" class=\"wp-image-17208\" srcset=\"https:\/\/enricomaciasloriental.fr\/WordPress\/wp-content\/uploads\/2023\/12\/Dejazet-112023-8802.jpg 700w, https:\/\/enricomaciasloriental.fr\/WordPress\/wp-content\/uploads\/2023\/12\/Dejazet-112023-8802-350x234.jpg 350w, https:\/\/enricomaciasloriental.fr\/WordPress\/wp-content\/uploads\/2023\/12\/Dejazet-112023-8802-640x427.jpg 640w, https:\/\/enricomaciasloriental.fr\/WordPress\/wp-content\/uploads\/2023\/12\/Dejazet-112023-8802-100x67.jpg 100w, https:\/\/enricomaciasloriental.fr\/WordPress\/wp-content\/uploads\/2023\/12\/Dejazet-112023-8802-150x100.jpg 150w, https:\/\/enricomaciasloriental.fr\/WordPress\/wp-content\/uploads\/2023\/12\/Dejazet-112023-8802-200x133.jpg 200w, https:\/\/enricomaciasloriental.fr\/WordPress\/wp-content\/uploads\/2023\/12\/Dejazet-112023-8802-300x200.jpg 300w, https:\/\/enricomaciasloriental.fr\/WordPress\/wp-content\/uploads\/2023\/12\/Dejazet-112023-8802-450x300.jpg 450w, https:\/\/enricomaciasloriental.fr\/WordPress\/wp-content\/uploads\/2023\/12\/Dejazet-112023-8802-600x400.jpg 600w\" sizes=\"(max-width: 700px) 100vw, 700px\" \/><\/figure>\n\n\n\n<p>Des moments d\u2019\u00e9motion et de communion au moment de \u00ab\u00a0Noel \u00e0 Jerusalem\u00a0\u00bb et \u00ab\u00a0Al Kolele\u00a0\u00bb<br \/>Des moments de pure f\u00eate avec ya Rayah, le mendiant de l\u2019amour ou l\u2019oriental.<\/p>\n\n\n\n<p>Ce concert acoustique fut un vrai bonheur et une belle occasion de dire \u00e0 Enrico combien on l\u2019aime et combien on le remercie pour toutes ces ann\u00e9es de joie et de bonheur qu\u2019il a mis dans nos c\u0153urs.<\/p>\n\n\n\n<figure class=\"wp-block-image aligncenter size-full\"><img loading=\"lazy\" decoding=\"async\" width=\"700\" height=\"394\" src=\"https:\/\/enricomaciasloriental.fr\/WordPress\/wp-content\/uploads\/\/2023\/12\/Dejazet-112023-9244.jpg\" alt=\"\" class=\"wp-image-17209\" srcset=\"https:\/\/enricomaciasloriental.fr\/WordPress\/wp-content\/uploads\/2023\/12\/Dejazet-112023-9244.jpg 700w, https:\/\/enricomaciasloriental.fr\/WordPress\/wp-content\/uploads\/2023\/12\/Dejazet-112023-9244-350x197.jpg 350w, https:\/\/enricomaciasloriental.fr\/WordPress\/wp-content\/uploads\/2023\/12\/Dejazet-112023-9244-640x360.jpg 640w, https:\/\/enricomaciasloriental.fr\/WordPress\/wp-content\/uploads\/2023\/12\/Dejazet-112023-9244-100x56.jpg 100w, https:\/\/enricomaciasloriental.fr\/WordPress\/wp-content\/uploads\/2023\/12\/Dejazet-112023-9244-150x84.jpg 150w, https:\/\/enricomaciasloriental.fr\/WordPress\/wp-content\/uploads\/2023\/12\/Dejazet-112023-9244-200x113.jpg 200w, https:\/\/enricomaciasloriental.fr\/WordPress\/wp-content\/uploads\/2023\/12\/Dejazet-112023-9244-300x169.jpg 300w, https:\/\/enricomaciasloriental.fr\/WordPress\/wp-content\/uploads\/2023\/12\/Dejazet-112023-9244-450x253.jpg 450w, https:\/\/enricomaciasloriental.fr\/WordPress\/wp-content\/uploads\/2023\/12\/Dejazet-112023-9244-600x338.jpg 600w\" sizes=\"(max-width: 700px) 100vw, 700px\" \/><\/figure>\n\n\n\n<p>Comme l\u2019a aussi chant\u00e9e la salle&nbsp;: \u00ab&nbsp;Il est vraiment, il est vraiment, il est vraiment ph\u00e9nom\u00e9nal \u2026\u2026&nbsp;\u00bb<\/p>\n\n\n\n<p>Nous nous souviendrons tous de ce 85<sup>\u00e8me<\/sup> anniversaire. Ce furent des moments exceptionnels et nous esp\u00e9rons qu\u2019il y en aura bien d\u2019autres encore.<\/p>\n\n\n\n<p>J\u2019esp\u00e8re aussi que nous aurons un jour la joie de tenir entre nos mains un livret des dessins r\u00e9alis\u00e9s par Joann Sfar lors de cette soir\u00e9e.<\/p>\n\n\n\n<figure class=\"wp-block-image aligncenter size-full\"><img loading=\"lazy\" decoding=\"async\" width=\"700\" height=\"467\" src=\"https:\/\/enricomaciasloriental.fr\/WordPress\/wp-content\/uploads\/\/2023\/12\/Dejazet-112023-9502.jpg\" alt=\"\" class=\"wp-image-17210\" srcset=\"https:\/\/enricomaciasloriental.fr\/WordPress\/wp-content\/uploads\/2023\/12\/Dejazet-112023-9502.jpg 700w, https:\/\/enricomaciasloriental.fr\/WordPress\/wp-content\/uploads\/2023\/12\/Dejazet-112023-9502-350x234.jpg 350w, https:\/\/enricomaciasloriental.fr\/WordPress\/wp-content\/uploads\/2023\/12\/Dejazet-112023-9502-640x427.jpg 640w, https:\/\/enricomaciasloriental.fr\/WordPress\/wp-content\/uploads\/2023\/12\/Dejazet-112023-9502-100x67.jpg 100w, https:\/\/enricomaciasloriental.fr\/WordPress\/wp-content\/uploads\/2023\/12\/Dejazet-112023-9502-150x100.jpg 150w, https:\/\/enricomaciasloriental.fr\/WordPress\/wp-content\/uploads\/2023\/12\/Dejazet-112023-9502-200x133.jpg 200w, https:\/\/enricomaciasloriental.fr\/WordPress\/wp-content\/uploads\/2023\/12\/Dejazet-112023-9502-300x200.jpg 300w, https:\/\/enricomaciasloriental.fr\/WordPress\/wp-content\/uploads\/2023\/12\/Dejazet-112023-9502-450x300.jpg 450w, https:\/\/enricomaciasloriental.fr\/WordPress\/wp-content\/uploads\/2023\/12\/Dejazet-112023-9502-600x400.jpg 600w\" sizes=\"(max-width: 700px) 100vw, 700px\" \/><\/figure>\n\n\n\n<p class=\"has-text-align-center\">Alors encore une fois : JOYEUX ANNIVERSAIRE ENRICO !!<\/p>\n\n\n\n<p>Merci aux techniciens et musiciens d\u2019Enrico d\u2019\u00eatre toujours l\u00e0, fid\u00e8les et professionnels<\/p>\n\n\n\n<p>Merci \u00e0 Jean Claude Ghrenassia pour la direction musicale de ces concerts<\/p>\n\n\n\n<p>Merci \u00e0 Damien Nougarede et son \u00e9quipe de Backstage Event pour cette organisation de main de ma\u00eetre<br \/><\/p>\n\n\n\n<p><strong>Liste des chansons<\/strong> <\/p>\n\n\n\n<p>Adieu mon pays<br \/>Oranges am\u00e8res<br \/>Aux talons de ses souliers<br \/>La France de mon enfance<br \/>Non je n\u2019ai pas oubli\u00e9<br \/>La femme de mon ami<br \/>Solenzara<br \/>Pot-pourri de valses<br \/>les gens du nord<br \/>Pour tout l\u2019or du monde<br \/>Pour toutes ces raisons, je t\u2019aime<br \/>Chanter<br \/>No\u00ebl \u00e0 J\u00e9rusalem<br \/>Al kolele<br \/>Enfants de tous pays<br \/>Les filles de mon pays<br \/>Le violon de mon p\u00e8re<br \/>Koum Tara<br \/>Bin el barah ou el youm<br \/>Ya Rayah<br \/>Le mendiant de l\u2019amour<br \/>L\u2019oriental<br \/>Porompompero<br \/><\/p>\n","protected":false},"excerpt":{"rendered":"<p>Passer la soir\u00e9e avec son idole le jour de son anniversaire, c\u2019est le r\u00eave de tout fan. Et, pour son 85\u00e8me anniversaire, Enrico Macias nous a fait ce beau cadeau. Le lieu choisi pour cette f\u00eate sp\u00e9ciale est un lieu &hellip;<\/p>\n<p class=\"read-more\"> <a class=\"more-link\" href=\"https:\/\/enricomaciasloriental.fr\/WordPress\/un-anniversaire-sous-loeil-du-chat-du-rabbin\/\"> <span class=\"screen-reader-text\">Un anniversaire sous l&rsquo;oeil du chat du rabbin<\/span> Read More &raquo;<\/a><\/p>\n","protected":false},"author":36,"featured_media":17210,"comment_status":"open","ping_status":"open","sticky":false,"template":"","format":"standard","meta":{"footnotes":""},"categories":[1],"tags":[],"class_list":["post-17202","post","type-post","status-publish","format-standard","has-post-thumbnail","hentry","category-actualites"],"yoast_head":"<!-- This site is optimized with the Yoast SEO plugin v27.4 - https:\/\/yoast.com\/product\/yoast-seo-wordpress\/ -->\n<title>Un anniversaire sous l&#039;oeil du chat du rabbin - ENRICO MACIAS L&#039;Oriental<\/title>\n<meta name=\"robots\" content=\"index, follow, max-snippet:-1, max-image-preview:large, max-video-preview:-1\" \/>\n<link rel=\"canonical\" href=\"https:\/\/enricomaciasloriental.fr\/WordPress\/un-anniversaire-sous-loeil-du-chat-du-rabbin\/\" \/>\n<meta property=\"og:locale\" content=\"fr_FR\" \/>\n<meta property=\"og:type\" content=\"article\" \/>\n<meta property=\"og:title\" content=\"Un anniversaire sous l&#039;oeil du chat du rabbin - ENRICO MACIAS L&#039;Oriental\" \/>\n<meta property=\"og:description\" content=\"Passer la soir\u00e9e avec son idole le jour de son anniversaire, c\u2019est le r\u00eave de tout fan. Et, pour son 85\u00e8me anniversaire, Enrico Macias nous a fait ce beau cadeau. Le lieu choisi pour cette f\u00eate sp\u00e9ciale est un lieu &hellip; Un anniversaire sous l&rsquo;oeil du chat du rabbin Read More &raquo;\" \/>\n<meta property=\"og:url\" content=\"https:\/\/enricomaciasloriental.fr\/WordPress\/un-anniversaire-sous-loeil-du-chat-du-rabbin\/\" \/>\n<meta property=\"og:site_name\" content=\"ENRICO MACIAS L&#039;Oriental\" \/>\n<meta property=\"article:published_time\" content=\"2023-12-16T14:34:13+00:00\" \/>\n<meta property=\"article:modified_time\" content=\"2024-01-11T14:24:48+00:00\" \/>\n<meta property=\"og:image\" content=\"https:\/\/enricomaciasloriental.fr\/WordPress\/wp-content\/uploads\/\/2023\/12\/Dejazet-112023-9502.jpg\" \/>\n\t<meta property=\"og:image:width\" content=\"700\" \/>\n\t<meta property=\"og:image:height\" content=\"467\" \/>\n\t<meta property=\"og:image:type\" content=\"image\/jpeg\" \/>\n<meta name=\"author\" content=\"Loriental\" \/>\n<meta name=\"twitter:card\" content=\"summary_large_image\" \/>\n<meta name=\"twitter:label1\" content=\"\u00c9crit par\" \/>\n\t<meta name=\"twitter:data1\" content=\"Loriental\" \/>\n\t<meta name=\"twitter:label2\" content=\"Dur\u00e9e de lecture estim\u00e9e\" \/>\n\t<meta name=\"twitter:data2\" content=\"5 minutes\" \/>\n<script type=\"application\/ld+json\" class=\"yoast-schema-graph\">{\"@context\":\"https:\\\/\\\/schema.org\",\"@graph\":[{\"@type\":\"Article\",\"@id\":\"https:\\\/\\\/enricomaciasloriental.fr\\\/WordPress\\\/un-anniversaire-sous-loeil-du-chat-du-rabbin\\\/#article\",\"isPartOf\":{\"@id\":\"https:\\\/\\\/enricomaciasloriental.fr\\\/WordPress\\\/un-anniversaire-sous-loeil-du-chat-du-rabbin\\\/\"},\"author\":{\"name\":\"Loriental\",\"@id\":\"https:\\\/\\\/enricomaciasloriental.fr\\\/WordPress\\\/#\\\/schema\\\/person\\\/53fba112c6f4f0b335578890a816262e\"},\"headline\":\"Un anniversaire sous l&rsquo;oeil du chat du rabbin\",\"datePublished\":\"2023-12-16T14:34:13+00:00\",\"dateModified\":\"2024-01-11T14:24:48+00:00\",\"mainEntityOfPage\":{\"@id\":\"https:\\\/\\\/enricomaciasloriental.fr\\\/WordPress\\\/un-anniversaire-sous-loeil-du-chat-du-rabbin\\\/\"},\"wordCount\":678,\"commentCount\":2,\"publisher\":{\"@id\":\"https:\\\/\\\/enricomaciasloriental.fr\\\/WordPress\\\/#\\\/schema\\\/person\\\/53fba112c6f4f0b335578890a816262e\"},\"image\":{\"@id\":\"https:\\\/\\\/enricomaciasloriental.fr\\\/WordPress\\\/un-anniversaire-sous-loeil-du-chat-du-rabbin\\\/#primaryimage\"},\"thumbnailUrl\":\"https:\\\/\\\/enricomaciasloriental.fr\\\/WordPress\\\/wp-content\\\/uploads\\\/\\\/2023\\\/12\\\/Dejazet-112023-9502.jpg\",\"articleSection\":[\"Actualit\u00e9s\"],\"inLanguage\":\"fr-FR\",\"potentialAction\":[{\"@type\":\"CommentAction\",\"name\":\"Comment\",\"target\":[\"https:\\\/\\\/enricomaciasloriental.fr\\\/WordPress\\\/un-anniversaire-sous-loeil-du-chat-du-rabbin\\\/#respond\"]}]},{\"@type\":\"WebPage\",\"@id\":\"https:\\\/\\\/enricomaciasloriental.fr\\\/WordPress\\\/un-anniversaire-sous-loeil-du-chat-du-rabbin\\\/\",\"url\":\"https:\\\/\\\/enricomaciasloriental.fr\\\/WordPress\\\/un-anniversaire-sous-loeil-du-chat-du-rabbin\\\/\",\"name\":\"Un anniversaire sous l'oeil du chat du rabbin - ENRICO MACIAS L&#039;Oriental\",\"isPartOf\":{\"@id\":\"https:\\\/\\\/enricomaciasloriental.fr\\\/WordPress\\\/#website\"},\"primaryImageOfPage\":{\"@id\":\"https:\\\/\\\/enricomaciasloriental.fr\\\/WordPress\\\/un-anniversaire-sous-loeil-du-chat-du-rabbin\\\/#primaryimage\"},\"image\":{\"@id\":\"https:\\\/\\\/enricomaciasloriental.fr\\\/WordPress\\\/un-anniversaire-sous-loeil-du-chat-du-rabbin\\\/#primaryimage\"},\"thumbnailUrl\":\"https:\\\/\\\/enricomaciasloriental.fr\\\/WordPress\\\/wp-content\\\/uploads\\\/\\\/2023\\\/12\\\/Dejazet-112023-9502.jpg\",\"datePublished\":\"2023-12-16T14:34:13+00:00\",\"dateModified\":\"2024-01-11T14:24:48+00:00\",\"breadcrumb\":{\"@id\":\"https:\\\/\\\/enricomaciasloriental.fr\\\/WordPress\\\/un-anniversaire-sous-loeil-du-chat-du-rabbin\\\/#breadcrumb\"},\"inLanguage\":\"fr-FR\",\"potentialAction\":[{\"@type\":\"ReadAction\",\"target\":[\"https:\\\/\\\/enricomaciasloriental.fr\\\/WordPress\\\/un-anniversaire-sous-loeil-du-chat-du-rabbin\\\/\"]}]},{\"@type\":\"ImageObject\",\"inLanguage\":\"fr-FR\",\"@id\":\"https:\\\/\\\/enricomaciasloriental.fr\\\/WordPress\\\/un-anniversaire-sous-loeil-du-chat-du-rabbin\\\/#primaryimage\",\"url\":\"https:\\\/\\\/enricomaciasloriental.fr\\\/WordPress\\\/wp-content\\\/uploads\\\/\\\/2023\\\/12\\\/Dejazet-112023-9502.jpg\",\"contentUrl\":\"https:\\\/\\\/enricomaciasloriental.fr\\\/WordPress\\\/wp-content\\\/uploads\\\/\\\/2023\\\/12\\\/Dejazet-112023-9502.jpg\",\"width\":700,\"height\":467},{\"@type\":\"BreadcrumbList\",\"@id\":\"https:\\\/\\\/enricomaciasloriental.fr\\\/WordPress\\\/un-anniversaire-sous-loeil-du-chat-du-rabbin\\\/#breadcrumb\",\"itemListElement\":[{\"@type\":\"ListItem\",\"position\":1,\"name\":\"Accueil\",\"item\":\"https:\\\/\\\/enricomaciasloriental.fr\\\/WordPress\\\/\"},{\"@type\":\"ListItem\",\"position\":2,\"name\":\"Un anniversaire sous l&rsquo;oeil du chat du rabbin\"}]},{\"@type\":\"WebSite\",\"@id\":\"https:\\\/\\\/enricomaciasloriental.fr\\\/WordPress\\\/#website\",\"url\":\"https:\\\/\\\/enricomaciasloriental.fr\\\/WordPress\\\/\",\"name\":\"ENRICO MACIAS L'Oriental\",\"description\":\"IL EST COMME LE SOLEIL\",\"publisher\":{\"@id\":\"https:\\\/\\\/enricomaciasloriental.fr\\\/WordPress\\\/#\\\/schema\\\/person\\\/53fba112c6f4f0b335578890a816262e\"},\"potentialAction\":[{\"@type\":\"SearchAction\",\"target\":{\"@type\":\"EntryPoint\",\"urlTemplate\":\"https:\\\/\\\/enricomaciasloriental.fr\\\/WordPress\\\/?s={search_term_string}\"},\"query-input\":{\"@type\":\"PropertyValueSpecification\",\"valueRequired\":true,\"valueName\":\"search_term_string\"}}],\"inLanguage\":\"fr-FR\"},{\"@type\":[\"Person\",\"Organization\"],\"@id\":\"https:\\\/\\\/enricomaciasloriental.fr\\\/WordPress\\\/#\\\/schema\\\/person\\\/53fba112c6f4f0b335578890a816262e\",\"name\":\"Loriental\",\"image\":{\"@type\":\"ImageObject\",\"inLanguage\":\"fr-FR\",\"@id\":\"https:\\\/\\\/enricomaciasloriental.fr\\\/WordPress\\\/wp-content\\\/uploads\\\/\\\/2015\\\/02\\\/cropped-bannier_altaiir-enrico.jpg\",\"url\":\"https:\\\/\\\/enricomaciasloriental.fr\\\/WordPress\\\/wp-content\\\/uploads\\\/\\\/2015\\\/02\\\/cropped-bannier_altaiir-enrico.jpg\",\"contentUrl\":\"https:\\\/\\\/enricomaciasloriental.fr\\\/WordPress\\\/wp-content\\\/uploads\\\/\\\/2015\\\/02\\\/cropped-bannier_altaiir-enrico.jpg\",\"width\":1200,\"height\":150,\"caption\":\"Loriental\"},\"logo\":{\"@id\":\"https:\\\/\\\/enricomaciasloriental.fr\\\/WordPress\\\/wp-content\\\/uploads\\\/\\\/2015\\\/02\\\/cropped-bannier_altaiir-enrico.jpg\"},\"sameAs\":[\"http:\\\/\\\/www.enricomaciasloriental.fr\\\/\"]}]}<\/script>\n<!-- \/ Yoast SEO plugin. -->","yoast_head_json":{"title":"Un anniversaire sous l'oeil du chat du rabbin - ENRICO MACIAS L&#039;Oriental","robots":{"index":"index","follow":"follow","max-snippet":"max-snippet:-1","max-image-preview":"max-image-preview:large","max-video-preview":"max-video-preview:-1"},"canonical":"https:\/\/enricomaciasloriental.fr\/WordPress\/un-anniversaire-sous-loeil-du-chat-du-rabbin\/","og_locale":"fr_FR","og_type":"article","og_title":"Un anniversaire sous l'oeil du chat du rabbin - ENRICO MACIAS L&#039;Oriental","og_description":"Passer la soir\u00e9e avec son idole le jour de son anniversaire, c\u2019est le r\u00eave de tout fan. Et, pour son 85\u00e8me anniversaire, Enrico Macias nous a fait ce beau cadeau. Le lieu choisi pour cette f\u00eate sp\u00e9ciale est un lieu &hellip; Un anniversaire sous l&rsquo;oeil du chat du rabbin Read More &raquo;","og_url":"https:\/\/enricomaciasloriental.fr\/WordPress\/un-anniversaire-sous-loeil-du-chat-du-rabbin\/","og_site_name":"ENRICO MACIAS L&#039;Oriental","article_published_time":"2023-12-16T14:34:13+00:00","article_modified_time":"2024-01-11T14:24:48+00:00","og_image":[{"width":700,"height":467,"url":"https:\/\/enricomaciasloriental.fr\/WordPress\/wp-content\/uploads\/\/2023\/12\/Dejazet-112023-9502.jpg","type":"image\/jpeg"}],"author":"Loriental","twitter_card":"summary_large_image","twitter_misc":{"\u00c9crit par":"Loriental","Dur\u00e9e de lecture estim\u00e9e":"5 minutes"},"schema":{"@context":"https:\/\/schema.org","@graph":[{"@type":"Article","@id":"https:\/\/enricomaciasloriental.fr\/WordPress\/un-anniversaire-sous-loeil-du-chat-du-rabbin\/#article","isPartOf":{"@id":"https:\/\/enricomaciasloriental.fr\/WordPress\/un-anniversaire-sous-loeil-du-chat-du-rabbin\/"},"author":{"name":"Loriental","@id":"https:\/\/enricomaciasloriental.fr\/WordPress\/#\/schema\/person\/53fba112c6f4f0b335578890a816262e"},"headline":"Un anniversaire sous l&rsquo;oeil du chat du rabbin","datePublished":"2023-12-16T14:34:13+00:00","dateModified":"2024-01-11T14:24:48+00:00","mainEntityOfPage":{"@id":"https:\/\/enricomaciasloriental.fr\/WordPress\/un-anniversaire-sous-loeil-du-chat-du-rabbin\/"},"wordCount":678,"commentCount":2,"publisher":{"@id":"https:\/\/enricomaciasloriental.fr\/WordPress\/#\/schema\/person\/53fba112c6f4f0b335578890a816262e"},"image":{"@id":"https:\/\/enricomaciasloriental.fr\/WordPress\/un-anniversaire-sous-loeil-du-chat-du-rabbin\/#primaryimage"},"thumbnailUrl":"https:\/\/enricomaciasloriental.fr\/WordPress\/wp-content\/uploads\/\/2023\/12\/Dejazet-112023-9502.jpg","articleSection":["Actualit\u00e9s"],"inLanguage":"fr-FR","potentialAction":[{"@type":"CommentAction","name":"Comment","target":["https:\/\/enricomaciasloriental.fr\/WordPress\/un-anniversaire-sous-loeil-du-chat-du-rabbin\/#respond"]}]},{"@type":"WebPage","@id":"https:\/\/enricomaciasloriental.fr\/WordPress\/un-anniversaire-sous-loeil-du-chat-du-rabbin\/","url":"https:\/\/enricomaciasloriental.fr\/WordPress\/un-anniversaire-sous-loeil-du-chat-du-rabbin\/","name":"Un anniversaire sous l'oeil du chat du rabbin - ENRICO MACIAS L&#039;Oriental","isPartOf":{"@id":"https:\/\/enricomaciasloriental.fr\/WordPress\/#website"},"primaryImageOfPage":{"@id":"https:\/\/enricomaciasloriental.fr\/WordPress\/un-anniversaire-sous-loeil-du-chat-du-rabbin\/#primaryimage"},"image":{"@id":"https:\/\/enricomaciasloriental.fr\/WordPress\/un-anniversaire-sous-loeil-du-chat-du-rabbin\/#primaryimage"},"thumbnailUrl":"https:\/\/enricomaciasloriental.fr\/WordPress\/wp-content\/uploads\/\/2023\/12\/Dejazet-112023-9502.jpg","datePublished":"2023-12-16T14:34:13+00:00","dateModified":"2024-01-11T14:24:48+00:00","breadcrumb":{"@id":"https:\/\/enricomaciasloriental.fr\/WordPress\/un-anniversaire-sous-loeil-du-chat-du-rabbin\/#breadcrumb"},"inLanguage":"fr-FR","potentialAction":[{"@type":"ReadAction","target":["https:\/\/enricomaciasloriental.fr\/WordPress\/un-anniversaire-sous-loeil-du-chat-du-rabbin\/"]}]},{"@type":"ImageObject","inLanguage":"fr-FR","@id":"https:\/\/enricomaciasloriental.fr\/WordPress\/un-anniversaire-sous-loeil-du-chat-du-rabbin\/#primaryimage","url":"https:\/\/enricomaciasloriental.fr\/WordPress\/wp-content\/uploads\/\/2023\/12\/Dejazet-112023-9502.jpg","contentUrl":"https:\/\/enricomaciasloriental.fr\/WordPress\/wp-content\/uploads\/\/2023\/12\/Dejazet-112023-9502.jpg","width":700,"height":467},{"@type":"BreadcrumbList","@id":"https:\/\/enricomaciasloriental.fr\/WordPress\/un-anniversaire-sous-loeil-du-chat-du-rabbin\/#breadcrumb","itemListElement":[{"@type":"ListItem","position":1,"name":"Accueil","item":"https:\/\/enricomaciasloriental.fr\/WordPress\/"},{"@type":"ListItem","position":2,"name":"Un anniversaire sous l&rsquo;oeil du chat du rabbin"}]},{"@type":"WebSite","@id":"https:\/\/enricomaciasloriental.fr\/WordPress\/#website","url":"https:\/\/enricomaciasloriental.fr\/WordPress\/","name":"ENRICO MACIAS L'Oriental","description":"IL EST COMME LE SOLEIL","publisher":{"@id":"https:\/\/enricomaciasloriental.fr\/WordPress\/#\/schema\/person\/53fba112c6f4f0b335578890a816262e"},"potentialAction":[{"@type":"SearchAction","target":{"@type":"EntryPoint","urlTemplate":"https:\/\/enricomaciasloriental.fr\/WordPress\/?s={search_term_string}"},"query-input":{"@type":"PropertyValueSpecification","valueRequired":true,"valueName":"search_term_string"}}],"inLanguage":"fr-FR"},{"@type":["Person","Organization"],"@id":"https:\/\/enricomaciasloriental.fr\/WordPress\/#\/schema\/person\/53fba112c6f4f0b335578890a816262e","name":"Loriental","image":{"@type":"ImageObject","inLanguage":"fr-FR","@id":"https:\/\/enricomaciasloriental.fr\/WordPress\/wp-content\/uploads\/\/2015\/02\/cropped-bannier_altaiir-enrico.jpg","url":"https:\/\/enricomaciasloriental.fr\/WordPress\/wp-content\/uploads\/\/2015\/02\/cropped-bannier_altaiir-enrico.jpg","contentUrl":"https:\/\/enricomaciasloriental.fr\/WordPress\/wp-content\/uploads\/\/2015\/02\/cropped-bannier_altaiir-enrico.jpg","width":1200,"height":150,"caption":"Loriental"},"logo":{"@id":"https:\/\/enricomaciasloriental.fr\/WordPress\/wp-content\/uploads\/\/2015\/02\/cropped-bannier_altaiir-enrico.jpg"},"sameAs":["http:\/\/www.enricomaciasloriental.fr\/"]}]}},"featured_image_src":"https:\/\/enricomaciasloriental.fr\/WordPress\/wp-content\/uploads\/\/2023\/12\/Dejazet-112023-9502.jpg","featured_image_src_square":"https:\/\/enricomaciasloriental.fr\/WordPress\/wp-content\/uploads\/\/2023\/12\/Dejazet-112023-9502.jpg","author_info":{"display_name":"Loriental","author_link":"https:\/\/enricomaciasloriental.fr\/WordPress\/author\/admin9234\/"},"rbea_author_info":{"display_name":"Loriental","author_link":"https:\/\/enricomaciasloriental.fr\/WordPress\/author\/admin9234\/"},"rbea_excerpt_info":"Passer la soir\u00e9e avec son idole le jour de son anniversaire, c\u2019est le r\u00eave de tout fan. Et, pour son 85\u00e8me anniversaire, Enrico Macias nous a fait ce beau cadeau. Le lieu choisi pour cette f\u00eate sp\u00e9ciale est un lieu &hellip;<p class=\"read-more\"> <a class=\"more-link\" href=\"https:\/\/enricomaciasloriental.fr\/WordPress\/un-anniversaire-sous-loeil-du-chat-du-rabbin\/\"> <span class=\"screen-reader-text\">Un anniversaire sous l&rsquo;oeil du chat du rabbin<\/span> Read More &raquo;<\/a><\/p>","category_list":"<a href=\"https:\/\/enricomaciasloriental.fr\/WordPress\/category\/actualites\/\">Actualit\u00e9s<\/a>","comments_num":"2 comments","_links":{"self":[{"href":"https:\/\/enricomaciasloriental.fr\/WordPress\/wp-json\/wp\/v2\/posts\/17202","targetHints":{"allow":["GET"]}}],"collection":[{"href":"https:\/\/enricomaciasloriental.fr\/WordPress\/wp-json\/wp\/v2\/posts"}],"about":[{"href":"https:\/\/enricomaciasloriental.fr\/WordPress\/wp-json\/wp\/v2\/types\/post"}],"author":[{"embeddable":true,"href":"https:\/\/enricomaciasloriental.fr\/WordPress\/wp-json\/wp\/v2\/users\/36"}],"replies":[{"embeddable":true,"href":"https:\/\/enricomaciasloriental.fr\/WordPress\/wp-json\/wp\/v2\/comments?post=17202"}],"version-history":[{"count":0,"href":"https:\/\/enricomaciasloriental.fr\/WordPress\/wp-json\/wp\/v2\/posts\/17202\/revisions"}],"wp:featuredmedia":[{"embeddable":true,"href":"https:\/\/enricomaciasloriental.fr\/WordPress\/wp-json\/wp\/v2\/media\/17210"}],"wp:attachment":[{"href":"https:\/\/enricomaciasloriental.fr\/WordPress\/wp-json\/wp\/v2\/media?parent=17202"}],"wp:term":[{"taxonomy":"category","embeddable":true,"href":"https:\/\/enricomaciasloriental.fr\/WordPress\/wp-json\/wp\/v2\/categories?post=17202"},{"taxonomy":"post_tag","embeddable":true,"href":"https:\/\/enricomaciasloriental.fr\/WordPress\/wp-json\/wp\/v2\/tags?post=17202"}],"curies":[{"name":"wp","href":"https:\/\/api.w.org\/{rel}","templated":true}]}}