{"id":17566,"date":"2024-05-31T16:44:50","date_gmt":"2024-05-31T14:44:50","guid":{"rendered":"https:\/\/enricomaciasloriental.fr\/WordPress\/?p=17566"},"modified":"2024-05-31T18:25:08","modified_gmt":"2024-05-31T16:25:08","slug":"une-fest-noz-aux-consonances-orientales","status":"publish","type":"post","link":"https:\/\/enricomaciasloriental.fr\/WordPress\/une-fest-noz-aux-consonances-orientales\/","title":{"rendered":"Une fest-noz aux consonances orientales"},"content":{"rendered":"\n<p class=\"has-small-font-size\"><em>De notre envoy\u00e9e sp\u00e9ciale et amie Muriel Meimoun<\/em><\/p>\n\n\n\n<figure class=\"wp-block-image aligncenter size-full\"><img fetchpriority=\"high\" decoding=\"async\" width=\"750\" height=\"500\" src=\"https:\/\/enricomaciasloriental.fr\/WordPress\/wp-content\/uploads\/\/2024\/05\/St-Gregoire-MM-IMG_7797.jpg\" alt=\"\" class=\"wp-image-17563\" srcset=\"https:\/\/enricomaciasloriental.fr\/WordPress\/wp-content\/uploads\/2024\/05\/St-Gregoire-MM-IMG_7797.jpg 750w, https:\/\/enricomaciasloriental.fr\/WordPress\/wp-content\/uploads\/2024\/05\/St-Gregoire-MM-IMG_7797-350x233.jpg 350w, https:\/\/enricomaciasloriental.fr\/WordPress\/wp-content\/uploads\/2024\/05\/St-Gregoire-MM-IMG_7797-640x427.jpg 640w, https:\/\/enricomaciasloriental.fr\/WordPress\/wp-content\/uploads\/2024\/05\/St-Gregoire-MM-IMG_7797-100x67.jpg 100w, https:\/\/enricomaciasloriental.fr\/WordPress\/wp-content\/uploads\/2024\/05\/St-Gregoire-MM-IMG_7797-150x100.jpg 150w, https:\/\/enricomaciasloriental.fr\/WordPress\/wp-content\/uploads\/2024\/05\/St-Gregoire-MM-IMG_7797-200x133.jpg 200w, https:\/\/enricomaciasloriental.fr\/WordPress\/wp-content\/uploads\/2024\/05\/St-Gregoire-MM-IMG_7797-300x200.jpg 300w, https:\/\/enricomaciasloriental.fr\/WordPress\/wp-content\/uploads\/2024\/05\/St-Gregoire-MM-IMG_7797-450x300.jpg 450w, https:\/\/enricomaciasloriental.fr\/WordPress\/wp-content\/uploads\/2024\/05\/St-Gregoire-MM-IMG_7797-600x400.jpg 600w\" sizes=\"(max-width: 750px) 100vw, 750px\" \/><\/figure>\n\n\n\n<p>Apr\u00e8s 2 concerts \u00e0 guichets ferm\u00e9s \u00e0 l\u2019Olympia, soit 4.000 personnes venues des quatre coins du monde pour \u00e9couter le maestro qui \u00e9tait accompagn\u00e9 d\u2019un orchestre compos\u00e9 de 19 musiciens et 3 choristes dans un d\u00e9cor somptueux pens\u00e9 par une v\u00e9ritable artiste, la sobri\u00e9t\u00e9 du concert intimiste qui s\u2019est tenu hier soir \u00e0 Saint-Gr\u00e9goire avec 5 musiciens devant une salle quasi pleine de 850 purs bretons, offrait un contraste frappant ; le faste de l\u2019un face \u00e0 la simplicit\u00e9 de l\u2019autre. Ce que j\u2019en retiens, c\u2019est que l\u2019homme qui est sur sc\u00e8ne se donne avec autant d\u2019amour, de joie et d\u2019\u00e9nergie \u00e0 l\u2019un comme \u00e0 l\u2019autre.<\/p>\n\n\n\n<p>Le public breton ne s\u2019y est pas tromp\u00e9, il \u00e9tait donc l\u00e0 au rendez-vous fix\u00e9. Tout aussi chaleureux que les Gens du Nord ou ceux pouss\u00e9s par le Vent du Sud, il a accueilli Enrico sans pudeur et avec une passion d\u00e9bordante de 60 ans d\u2019un amour partag\u00e9.<\/p>\n\n\n\n<p>Comme partout ailleurs, mais curieusement ou pas\u2026 on s\u2019y attend moins d\u2019un public \u00e9lev\u00e9 au son du biniou&nbsp;; celui-ci s\u2019est lev\u00e9 pour faire la f\u00eate et danser d\u00e8s les premi\u00e8res notes de \u00ab ya rayah \u00bb pour ne plus quitter le devant de la sc\u00e8ne jusqu\u2019aux derni\u00e8res notes de \u00ab El porompompero \u00bb.<\/p>\n\n\n\n<p>Avant cela, il avait bien s\u00fbr repris en ch\u0153ur les standards du r\u00e9pertoire d\u2019Enrico d\u2019\u00ab aux talons de ses souliers \u00bb au \u00ab violon de mon p\u00e8re \u00bb, 2 chansons nostalgiques d\u2019un temps r\u00e9volu mais toujours pr\u00e9sent dans nos \u00e2mes, en passant par \u00ab oh guitare \u00bb, \u00ab les filles de mon pays \u00bb, \u00ab juif espagnol \u00bb, \u00ab No\u00ebl \u00e0 J\u00e9rusalem \u00bb et tant d\u2019autres, pour finir par faire la f\u00eate \u00e0 l\u2019oriental qui nous est si cher. Nos amis bretons, au c\u0153ur tendre comme le bon beurre de l\u00e0-bas, ont accompagn\u00e9 Enrico tout au long de son tour de chant.<\/p>\n\n\n\n<figure class=\"wp-block-image aligncenter size-full\"><img decoding=\"async\" width=\"750\" height=\"500\" src=\"https:\/\/enricomaciasloriental.fr\/WordPress\/wp-content\/uploads\/\/2024\/05\/St-Gregoire-MM-IMG_7969.jpg\" alt=\"\" class=\"wp-image-17564\" srcset=\"https:\/\/enricomaciasloriental.fr\/WordPress\/wp-content\/uploads\/2024\/05\/St-Gregoire-MM-IMG_7969.jpg 750w, https:\/\/enricomaciasloriental.fr\/WordPress\/wp-content\/uploads\/2024\/05\/St-Gregoire-MM-IMG_7969-350x233.jpg 350w, https:\/\/enricomaciasloriental.fr\/WordPress\/wp-content\/uploads\/2024\/05\/St-Gregoire-MM-IMG_7969-640x427.jpg 640w, https:\/\/enricomaciasloriental.fr\/WordPress\/wp-content\/uploads\/2024\/05\/St-Gregoire-MM-IMG_7969-100x67.jpg 100w, https:\/\/enricomaciasloriental.fr\/WordPress\/wp-content\/uploads\/2024\/05\/St-Gregoire-MM-IMG_7969-150x100.jpg 150w, https:\/\/enricomaciasloriental.fr\/WordPress\/wp-content\/uploads\/2024\/05\/St-Gregoire-MM-IMG_7969-200x133.jpg 200w, https:\/\/enricomaciasloriental.fr\/WordPress\/wp-content\/uploads\/2024\/05\/St-Gregoire-MM-IMG_7969-300x200.jpg 300w, https:\/\/enricomaciasloriental.fr\/WordPress\/wp-content\/uploads\/2024\/05\/St-Gregoire-MM-IMG_7969-450x300.jpg 450w, https:\/\/enricomaciasloriental.fr\/WordPress\/wp-content\/uploads\/2024\/05\/St-Gregoire-MM-IMG_7969-600x400.jpg 600w\" sizes=\"(max-width: 750px) 100vw, 750px\" \/><\/figure>\n\n\n\n<p>Vous allez dire que je radote ou que je mens, mais une fois de plus le ciel mitig\u00e9, ind\u00e9cis, que j\u2019ai trouv\u00e9 en arrivant \u00e0 Rennes est d\u00e9finitivement pass\u00e9 au beau \u00e0 la sortie du concert et est encore pr\u00e9sent ce matin. La magie maciasienne a encore frapp\u00e9.<\/p>\n\n\n\n<p>Une fois de plus, je me dois de remercier les techniciens de l\u2019ombre sans qui rien ne serait possible. Merci aux musiciens pr\u00e9sents et pass\u00e9s qui, m\u00eame s\u2019ils ne sont plus sur sc\u00e8ne, suivent et aiment le boss. Un merci particulier \u00e0 Karim qui ne manque aucune de nos publications et commente celles-ci avec tout l\u2019amour qu\u2019il porte \u00e0 un homme qui l\u2019a accompagn\u00e9, comme nous tous, depuis sa plus tendre enfance.<\/p>\n\n\n\n<p>Merci \u00e0 toute l\u2019\u00e9quipe de Backstage \u00c9vent, dont Greg, Daniel et V\u00e9ronique, la magicienne de la sc\u00e8ne.<\/p>\n\n\n\n<p>Merci \u00e0 Jean-Claude et \u00e0 Damien qui, avec tout l\u2019amour qu\u2019ils portent \u00e0 Enrico, programment et organisent ces rendez-vous. Quoi de plus normal pour un fils envers son p\u00e8re me direz-vous. C\u2019est vrai, encore que tous ne sont pas aussi d\u00e9vou\u00e9s. Dans la vie on ne peut donner que ce que l\u2019on re\u00e7oit (dixit Enrico lors d\u2019une \u00e9mission qui est ch\u00e8re \u00e0 mon c\u0153ur), et cette pr\u00e9sence, cette attention de chaque instant, ne peuvent avoir vues le jour que gr\u00e2ce \u00e0 ce que lui-m\u00eame a re\u00e7u.<\/p>\n\n\n\n<p>Quant \u00e0 la foi et la fid\u00e9lit\u00e9 de Damien, elles n\u2019ont d\u2019\u00e9gales que son amour pour l\u2019homme et l\u2019artiste.<\/p>\n\n\n\n<figure class=\"wp-block-image aligncenter size-full\"><img decoding=\"async\" width=\"750\" height=\"500\" src=\"https:\/\/enricomaciasloriental.fr\/WordPress\/wp-content\/uploads\/\/2024\/05\/St-Gregoire-MM-IMG_8001.jpg\" alt=\"\" class=\"wp-image-17565\" srcset=\"https:\/\/enricomaciasloriental.fr\/WordPress\/wp-content\/uploads\/2024\/05\/St-Gregoire-MM-IMG_8001.jpg 750w, https:\/\/enricomaciasloriental.fr\/WordPress\/wp-content\/uploads\/2024\/05\/St-Gregoire-MM-IMG_8001-350x233.jpg 350w, https:\/\/enricomaciasloriental.fr\/WordPress\/wp-content\/uploads\/2024\/05\/St-Gregoire-MM-IMG_8001-640x427.jpg 640w, https:\/\/enricomaciasloriental.fr\/WordPress\/wp-content\/uploads\/2024\/05\/St-Gregoire-MM-IMG_8001-100x67.jpg 100w, https:\/\/enricomaciasloriental.fr\/WordPress\/wp-content\/uploads\/2024\/05\/St-Gregoire-MM-IMG_8001-150x100.jpg 150w, https:\/\/enricomaciasloriental.fr\/WordPress\/wp-content\/uploads\/2024\/05\/St-Gregoire-MM-IMG_8001-200x133.jpg 200w, https:\/\/enricomaciasloriental.fr\/WordPress\/wp-content\/uploads\/2024\/05\/St-Gregoire-MM-IMG_8001-300x200.jpg 300w, https:\/\/enricomaciasloriental.fr\/WordPress\/wp-content\/uploads\/2024\/05\/St-Gregoire-MM-IMG_8001-450x300.jpg 450w, https:\/\/enricomaciasloriental.fr\/WordPress\/wp-content\/uploads\/2024\/05\/St-Gregoire-MM-IMG_8001-600x400.jpg 600w\" sizes=\"(max-width: 750px) 100vw, 750px\" \/><\/figure>\n\n\n\n<p>Pour finir, MERCI \u00e0 Enrico d\u2019\u00eatre l\u2019homme que vous \u00eates. De ne jamais d\u00e9vier de vos principes et de vos croyances.<\/p>\n\n\n\n<p>Alors, gr\u00e2ce \u00e0 eux tous, retrouvons-nous nombreux \u00e0 Lyon o\u00f9 nous d\u00e9barquerons le 6 juin, parall\u00e8lement aux comm\u00e9morations du 80\u00e8me anniversaire d\u2019un autre d\u00e9barquement sans lequel nous ne serions peut-\u00eatre, certainement, pas l\u00e0 pour que la f\u00eate continue malgr\u00e9 tous les obstacles sur la voie de l\u2019amour, du partage et du respect mutuel.<\/p>\n","protected":false},"excerpt":{"rendered":"<p>De notre envoy\u00e9e sp\u00e9ciale et amie Muriel Meimoun Apr\u00e8s 2 concerts \u00e0 guichets ferm\u00e9s \u00e0 l\u2019Olympia, soit 4.000 personnes venues des quatre coins du monde pour \u00e9couter le maestro qui \u00e9tait accompagn\u00e9 d\u2019un orchestre compos\u00e9 de 19 musiciens et 3 &hellip;<\/p>\n<p class=\"read-more\"> <a class=\"more-link\" href=\"https:\/\/enricomaciasloriental.fr\/WordPress\/une-fest-noz-aux-consonances-orientales\/\"> <span class=\"screen-reader-text\">Une fest-noz aux consonances orientales<\/span> Read More &raquo;<\/a><\/p>\n","protected":false},"author":36,"featured_media":17565,"comment_status":"open","ping_status":"open","sticky":false,"template":"","format":"standard","meta":{"footnotes":""},"categories":[1],"tags":[],"class_list":["post-17566","post","type-post","status-publish","format-standard","has-post-thumbnail","hentry","category-actualites"],"yoast_head":"<!-- This site is optimized with the Yoast SEO plugin v27.4 - https:\/\/yoast.com\/product\/yoast-seo-wordpress\/ -->\n<title>Une fest-noz aux consonances orientales - ENRICO MACIAS L&#039;Oriental<\/title>\n<meta name=\"robots\" content=\"index, follow, max-snippet:-1, max-image-preview:large, max-video-preview:-1\" \/>\n<link rel=\"canonical\" href=\"https:\/\/enricomaciasloriental.fr\/WordPress\/une-fest-noz-aux-consonances-orientales\/\" \/>\n<meta property=\"og:locale\" content=\"fr_FR\" \/>\n<meta property=\"og:type\" content=\"article\" \/>\n<meta property=\"og:title\" content=\"Une fest-noz aux consonances orientales - ENRICO MACIAS L&#039;Oriental\" \/>\n<meta property=\"og:description\" content=\"De notre envoy\u00e9e sp\u00e9ciale et amie Muriel Meimoun Apr\u00e8s 2 concerts \u00e0 guichets ferm\u00e9s \u00e0 l\u2019Olympia, soit 4.000 personnes venues des quatre coins du monde pour \u00e9couter le maestro qui \u00e9tait accompagn\u00e9 d\u2019un orchestre compos\u00e9 de 19 musiciens et 3 &hellip; Une fest-noz aux consonances orientales Read More &raquo;\" \/>\n<meta property=\"og:url\" content=\"https:\/\/enricomaciasloriental.fr\/WordPress\/une-fest-noz-aux-consonances-orientales\/\" \/>\n<meta property=\"og:site_name\" content=\"ENRICO MACIAS L&#039;Oriental\" \/>\n<meta property=\"article:published_time\" content=\"2024-05-31T14:44:50+00:00\" \/>\n<meta property=\"article:modified_time\" content=\"2024-05-31T16:25:08+00:00\" \/>\n<meta property=\"og:image\" content=\"https:\/\/enricomaciasloriental.fr\/WordPress\/wp-content\/uploads\/\/2024\/05\/St-Gregoire-MM-IMG_8001.jpg\" \/>\n\t<meta property=\"og:image:width\" content=\"750\" \/>\n\t<meta property=\"og:image:height\" content=\"500\" \/>\n\t<meta property=\"og:image:type\" content=\"image\/jpeg\" \/>\n<meta name=\"author\" content=\"Loriental\" \/>\n<meta name=\"twitter:card\" content=\"summary_large_image\" \/>\n<meta name=\"twitter:label1\" content=\"\u00c9crit par\" \/>\n\t<meta name=\"twitter:data1\" content=\"Loriental\" \/>\n\t<meta name=\"twitter:label2\" content=\"Dur\u00e9e de lecture estim\u00e9e\" \/>\n\t<meta name=\"twitter:data2\" content=\"4 minutes\" \/>\n<script type=\"application\/ld+json\" class=\"yoast-schema-graph\">{\"@context\":\"https:\\\/\\\/schema.org\",\"@graph\":[{\"@type\":\"Article\",\"@id\":\"https:\\\/\\\/enricomaciasloriental.fr\\\/WordPress\\\/une-fest-noz-aux-consonances-orientales\\\/#article\",\"isPartOf\":{\"@id\":\"https:\\\/\\\/enricomaciasloriental.fr\\\/WordPress\\\/une-fest-noz-aux-consonances-orientales\\\/\"},\"author\":{\"name\":\"Loriental\",\"@id\":\"https:\\\/\\\/enricomaciasloriental.fr\\\/WordPress\\\/#\\\/schema\\\/person\\\/53fba112c6f4f0b335578890a816262e\"},\"headline\":\"Une fest-noz aux consonances orientales\",\"datePublished\":\"2024-05-31T14:44:50+00:00\",\"dateModified\":\"2024-05-31T16:25:08+00:00\",\"mainEntityOfPage\":{\"@id\":\"https:\\\/\\\/enricomaciasloriental.fr\\\/WordPress\\\/une-fest-noz-aux-consonances-orientales\\\/\"},\"wordCount\":689,\"commentCount\":1,\"publisher\":{\"@id\":\"https:\\\/\\\/enricomaciasloriental.fr\\\/WordPress\\\/#\\\/schema\\\/person\\\/53fba112c6f4f0b335578890a816262e\"},\"image\":{\"@id\":\"https:\\\/\\\/enricomaciasloriental.fr\\\/WordPress\\\/une-fest-noz-aux-consonances-orientales\\\/#primaryimage\"},\"thumbnailUrl\":\"https:\\\/\\\/enricomaciasloriental.fr\\\/WordPress\\\/wp-content\\\/uploads\\\/\\\/2024\\\/05\\\/St-Gregoire-MM-IMG_8001.jpg\",\"articleSection\":[\"Actualit\u00e9s\"],\"inLanguage\":\"fr-FR\",\"potentialAction\":[{\"@type\":\"CommentAction\",\"name\":\"Comment\",\"target\":[\"https:\\\/\\\/enricomaciasloriental.fr\\\/WordPress\\\/une-fest-noz-aux-consonances-orientales\\\/#respond\"]}]},{\"@type\":\"WebPage\",\"@id\":\"https:\\\/\\\/enricomaciasloriental.fr\\\/WordPress\\\/une-fest-noz-aux-consonances-orientales\\\/\",\"url\":\"https:\\\/\\\/enricomaciasloriental.fr\\\/WordPress\\\/une-fest-noz-aux-consonances-orientales\\\/\",\"name\":\"Une fest-noz aux consonances orientales - ENRICO MACIAS L&#039;Oriental\",\"isPartOf\":{\"@id\":\"https:\\\/\\\/enricomaciasloriental.fr\\\/WordPress\\\/#website\"},\"primaryImageOfPage\":{\"@id\":\"https:\\\/\\\/enricomaciasloriental.fr\\\/WordPress\\\/une-fest-noz-aux-consonances-orientales\\\/#primaryimage\"},\"image\":{\"@id\":\"https:\\\/\\\/enricomaciasloriental.fr\\\/WordPress\\\/une-fest-noz-aux-consonances-orientales\\\/#primaryimage\"},\"thumbnailUrl\":\"https:\\\/\\\/enricomaciasloriental.fr\\\/WordPress\\\/wp-content\\\/uploads\\\/\\\/2024\\\/05\\\/St-Gregoire-MM-IMG_8001.jpg\",\"datePublished\":\"2024-05-31T14:44:50+00:00\",\"dateModified\":\"2024-05-31T16:25:08+00:00\",\"breadcrumb\":{\"@id\":\"https:\\\/\\\/enricomaciasloriental.fr\\\/WordPress\\\/une-fest-noz-aux-consonances-orientales\\\/#breadcrumb\"},\"inLanguage\":\"fr-FR\",\"potentialAction\":[{\"@type\":\"ReadAction\",\"target\":[\"https:\\\/\\\/enricomaciasloriental.fr\\\/WordPress\\\/une-fest-noz-aux-consonances-orientales\\\/\"]}]},{\"@type\":\"ImageObject\",\"inLanguage\":\"fr-FR\",\"@id\":\"https:\\\/\\\/enricomaciasloriental.fr\\\/WordPress\\\/une-fest-noz-aux-consonances-orientales\\\/#primaryimage\",\"url\":\"https:\\\/\\\/enricomaciasloriental.fr\\\/WordPress\\\/wp-content\\\/uploads\\\/\\\/2024\\\/05\\\/St-Gregoire-MM-IMG_8001.jpg\",\"contentUrl\":\"https:\\\/\\\/enricomaciasloriental.fr\\\/WordPress\\\/wp-content\\\/uploads\\\/\\\/2024\\\/05\\\/St-Gregoire-MM-IMG_8001.jpg\",\"width\":750,\"height\":500},{\"@type\":\"BreadcrumbList\",\"@id\":\"https:\\\/\\\/enricomaciasloriental.fr\\\/WordPress\\\/une-fest-noz-aux-consonances-orientales\\\/#breadcrumb\",\"itemListElement\":[{\"@type\":\"ListItem\",\"position\":1,\"name\":\"Accueil\",\"item\":\"https:\\\/\\\/enricomaciasloriental.fr\\\/WordPress\\\/\"},{\"@type\":\"ListItem\",\"position\":2,\"name\":\"Une fest-noz aux consonances orientales\"}]},{\"@type\":\"WebSite\",\"@id\":\"https:\\\/\\\/enricomaciasloriental.fr\\\/WordPress\\\/#website\",\"url\":\"https:\\\/\\\/enricomaciasloriental.fr\\\/WordPress\\\/\",\"name\":\"ENRICO MACIAS L'Oriental\",\"description\":\"IL EST COMME LE SOLEIL\",\"publisher\":{\"@id\":\"https:\\\/\\\/enricomaciasloriental.fr\\\/WordPress\\\/#\\\/schema\\\/person\\\/53fba112c6f4f0b335578890a816262e\"},\"potentialAction\":[{\"@type\":\"SearchAction\",\"target\":{\"@type\":\"EntryPoint\",\"urlTemplate\":\"https:\\\/\\\/enricomaciasloriental.fr\\\/WordPress\\\/?s={search_term_string}\"},\"query-input\":{\"@type\":\"PropertyValueSpecification\",\"valueRequired\":true,\"valueName\":\"search_term_string\"}}],\"inLanguage\":\"fr-FR\"},{\"@type\":[\"Person\",\"Organization\"],\"@id\":\"https:\\\/\\\/enricomaciasloriental.fr\\\/WordPress\\\/#\\\/schema\\\/person\\\/53fba112c6f4f0b335578890a816262e\",\"name\":\"Loriental\",\"image\":{\"@type\":\"ImageObject\",\"inLanguage\":\"fr-FR\",\"@id\":\"https:\\\/\\\/enricomaciasloriental.fr\\\/WordPress\\\/wp-content\\\/uploads\\\/\\\/2015\\\/02\\\/cropped-bannier_altaiir-enrico.jpg\",\"url\":\"https:\\\/\\\/enricomaciasloriental.fr\\\/WordPress\\\/wp-content\\\/uploads\\\/\\\/2015\\\/02\\\/cropped-bannier_altaiir-enrico.jpg\",\"contentUrl\":\"https:\\\/\\\/enricomaciasloriental.fr\\\/WordPress\\\/wp-content\\\/uploads\\\/\\\/2015\\\/02\\\/cropped-bannier_altaiir-enrico.jpg\",\"width\":1200,\"height\":150,\"caption\":\"Loriental\"},\"logo\":{\"@id\":\"https:\\\/\\\/enricomaciasloriental.fr\\\/WordPress\\\/wp-content\\\/uploads\\\/\\\/2015\\\/02\\\/cropped-bannier_altaiir-enrico.jpg\"},\"sameAs\":[\"http:\\\/\\\/www.enricomaciasloriental.fr\\\/\"]}]}<\/script>\n<!-- \/ Yoast SEO plugin. -->","yoast_head_json":{"title":"Une fest-noz aux consonances orientales - ENRICO MACIAS L&#039;Oriental","robots":{"index":"index","follow":"follow","max-snippet":"max-snippet:-1","max-image-preview":"max-image-preview:large","max-video-preview":"max-video-preview:-1"},"canonical":"https:\/\/enricomaciasloriental.fr\/WordPress\/une-fest-noz-aux-consonances-orientales\/","og_locale":"fr_FR","og_type":"article","og_title":"Une fest-noz aux consonances orientales - ENRICO MACIAS L&#039;Oriental","og_description":"De notre envoy\u00e9e sp\u00e9ciale et amie Muriel Meimoun Apr\u00e8s 2 concerts \u00e0 guichets ferm\u00e9s \u00e0 l\u2019Olympia, soit 4.000 personnes venues des quatre coins du monde pour \u00e9couter le maestro qui \u00e9tait accompagn\u00e9 d\u2019un orchestre compos\u00e9 de 19 musiciens et 3 &hellip; Une fest-noz aux consonances orientales Read More &raquo;","og_url":"https:\/\/enricomaciasloriental.fr\/WordPress\/une-fest-noz-aux-consonances-orientales\/","og_site_name":"ENRICO MACIAS L&#039;Oriental","article_published_time":"2024-05-31T14:44:50+00:00","article_modified_time":"2024-05-31T16:25:08+00:00","og_image":[{"width":750,"height":500,"url":"https:\/\/enricomaciasloriental.fr\/WordPress\/wp-content\/uploads\/\/2024\/05\/St-Gregoire-MM-IMG_8001.jpg","type":"image\/jpeg"}],"author":"Loriental","twitter_card":"summary_large_image","twitter_misc":{"\u00c9crit par":"Loriental","Dur\u00e9e de lecture estim\u00e9e":"4 minutes"},"schema":{"@context":"https:\/\/schema.org","@graph":[{"@type":"Article","@id":"https:\/\/enricomaciasloriental.fr\/WordPress\/une-fest-noz-aux-consonances-orientales\/#article","isPartOf":{"@id":"https:\/\/enricomaciasloriental.fr\/WordPress\/une-fest-noz-aux-consonances-orientales\/"},"author":{"name":"Loriental","@id":"https:\/\/enricomaciasloriental.fr\/WordPress\/#\/schema\/person\/53fba112c6f4f0b335578890a816262e"},"headline":"Une fest-noz aux consonances orientales","datePublished":"2024-05-31T14:44:50+00:00","dateModified":"2024-05-31T16:25:08+00:00","mainEntityOfPage":{"@id":"https:\/\/enricomaciasloriental.fr\/WordPress\/une-fest-noz-aux-consonances-orientales\/"},"wordCount":689,"commentCount":1,"publisher":{"@id":"https:\/\/enricomaciasloriental.fr\/WordPress\/#\/schema\/person\/53fba112c6f4f0b335578890a816262e"},"image":{"@id":"https:\/\/enricomaciasloriental.fr\/WordPress\/une-fest-noz-aux-consonances-orientales\/#primaryimage"},"thumbnailUrl":"https:\/\/enricomaciasloriental.fr\/WordPress\/wp-content\/uploads\/\/2024\/05\/St-Gregoire-MM-IMG_8001.jpg","articleSection":["Actualit\u00e9s"],"inLanguage":"fr-FR","potentialAction":[{"@type":"CommentAction","name":"Comment","target":["https:\/\/enricomaciasloriental.fr\/WordPress\/une-fest-noz-aux-consonances-orientales\/#respond"]}]},{"@type":"WebPage","@id":"https:\/\/enricomaciasloriental.fr\/WordPress\/une-fest-noz-aux-consonances-orientales\/","url":"https:\/\/enricomaciasloriental.fr\/WordPress\/une-fest-noz-aux-consonances-orientales\/","name":"Une fest-noz aux consonances orientales - ENRICO MACIAS L&#039;Oriental","isPartOf":{"@id":"https:\/\/enricomaciasloriental.fr\/WordPress\/#website"},"primaryImageOfPage":{"@id":"https:\/\/enricomaciasloriental.fr\/WordPress\/une-fest-noz-aux-consonances-orientales\/#primaryimage"},"image":{"@id":"https:\/\/enricomaciasloriental.fr\/WordPress\/une-fest-noz-aux-consonances-orientales\/#primaryimage"},"thumbnailUrl":"https:\/\/enricomaciasloriental.fr\/WordPress\/wp-content\/uploads\/\/2024\/05\/St-Gregoire-MM-IMG_8001.jpg","datePublished":"2024-05-31T14:44:50+00:00","dateModified":"2024-05-31T16:25:08+00:00","breadcrumb":{"@id":"https:\/\/enricomaciasloriental.fr\/WordPress\/une-fest-noz-aux-consonances-orientales\/#breadcrumb"},"inLanguage":"fr-FR","potentialAction":[{"@type":"ReadAction","target":["https:\/\/enricomaciasloriental.fr\/WordPress\/une-fest-noz-aux-consonances-orientales\/"]}]},{"@type":"ImageObject","inLanguage":"fr-FR","@id":"https:\/\/enricomaciasloriental.fr\/WordPress\/une-fest-noz-aux-consonances-orientales\/#primaryimage","url":"https:\/\/enricomaciasloriental.fr\/WordPress\/wp-content\/uploads\/\/2024\/05\/St-Gregoire-MM-IMG_8001.jpg","contentUrl":"https:\/\/enricomaciasloriental.fr\/WordPress\/wp-content\/uploads\/\/2024\/05\/St-Gregoire-MM-IMG_8001.jpg","width":750,"height":500},{"@type":"BreadcrumbList","@id":"https:\/\/enricomaciasloriental.fr\/WordPress\/une-fest-noz-aux-consonances-orientales\/#breadcrumb","itemListElement":[{"@type":"ListItem","position":1,"name":"Accueil","item":"https:\/\/enricomaciasloriental.fr\/WordPress\/"},{"@type":"ListItem","position":2,"name":"Une fest-noz aux consonances orientales"}]},{"@type":"WebSite","@id":"https:\/\/enricomaciasloriental.fr\/WordPress\/#website","url":"https:\/\/enricomaciasloriental.fr\/WordPress\/","name":"ENRICO MACIAS L'Oriental","description":"IL EST COMME LE SOLEIL","publisher":{"@id":"https:\/\/enricomaciasloriental.fr\/WordPress\/#\/schema\/person\/53fba112c6f4f0b335578890a816262e"},"potentialAction":[{"@type":"SearchAction","target":{"@type":"EntryPoint","urlTemplate":"https:\/\/enricomaciasloriental.fr\/WordPress\/?s={search_term_string}"},"query-input":{"@type":"PropertyValueSpecification","valueRequired":true,"valueName":"search_term_string"}}],"inLanguage":"fr-FR"},{"@type":["Person","Organization"],"@id":"https:\/\/enricomaciasloriental.fr\/WordPress\/#\/schema\/person\/53fba112c6f4f0b335578890a816262e","name":"Loriental","image":{"@type":"ImageObject","inLanguage":"fr-FR","@id":"https:\/\/enricomaciasloriental.fr\/WordPress\/wp-content\/uploads\/\/2015\/02\/cropped-bannier_altaiir-enrico.jpg","url":"https:\/\/enricomaciasloriental.fr\/WordPress\/wp-content\/uploads\/\/2015\/02\/cropped-bannier_altaiir-enrico.jpg","contentUrl":"https:\/\/enricomaciasloriental.fr\/WordPress\/wp-content\/uploads\/\/2015\/02\/cropped-bannier_altaiir-enrico.jpg","width":1200,"height":150,"caption":"Loriental"},"logo":{"@id":"https:\/\/enricomaciasloriental.fr\/WordPress\/wp-content\/uploads\/\/2015\/02\/cropped-bannier_altaiir-enrico.jpg"},"sameAs":["http:\/\/www.enricomaciasloriental.fr\/"]}]}},"featured_image_src":"https:\/\/enricomaciasloriental.fr\/WordPress\/wp-content\/uploads\/\/2024\/05\/St-Gregoire-MM-IMG_8001.jpg","featured_image_src_square":"https:\/\/enricomaciasloriental.fr\/WordPress\/wp-content\/uploads\/\/2024\/05\/St-Gregoire-MM-IMG_8001.jpg","author_info":{"display_name":"Loriental","author_link":"https:\/\/enricomaciasloriental.fr\/WordPress\/author\/admin9234\/"},"rbea_author_info":{"display_name":"Loriental","author_link":"https:\/\/enricomaciasloriental.fr\/WordPress\/author\/admin9234\/"},"rbea_excerpt_info":"De notre envoy\u00e9e sp\u00e9ciale et amie Muriel Meimoun Apr\u00e8s 2 concerts \u00e0 guichets ferm\u00e9s \u00e0 l\u2019Olympia, soit 4.000 personnes venues des quatre coins du monde pour \u00e9couter le maestro qui \u00e9tait accompagn\u00e9 d\u2019un orchestre compos\u00e9 de 19 musiciens et 3 &hellip;<p class=\"read-more\"> <a class=\"more-link\" href=\"https:\/\/enricomaciasloriental.fr\/WordPress\/une-fest-noz-aux-consonances-orientales\/\"> <span class=\"screen-reader-text\">Une fest-noz aux consonances orientales<\/span> Read More &raquo;<\/a><\/p>","category_list":"<a href=\"https:\/\/enricomaciasloriental.fr\/WordPress\/category\/actualites\/\">Actualit\u00e9s<\/a>","comments_num":"1 comment","_links":{"self":[{"href":"https:\/\/enricomaciasloriental.fr\/WordPress\/wp-json\/wp\/v2\/posts\/17566","targetHints":{"allow":["GET"]}}],"collection":[{"href":"https:\/\/enricomaciasloriental.fr\/WordPress\/wp-json\/wp\/v2\/posts"}],"about":[{"href":"https:\/\/enricomaciasloriental.fr\/WordPress\/wp-json\/wp\/v2\/types\/post"}],"author":[{"embeddable":true,"href":"https:\/\/enricomaciasloriental.fr\/WordPress\/wp-json\/wp\/v2\/users\/36"}],"replies":[{"embeddable":true,"href":"https:\/\/enricomaciasloriental.fr\/WordPress\/wp-json\/wp\/v2\/comments?post=17566"}],"version-history":[{"count":0,"href":"https:\/\/enricomaciasloriental.fr\/WordPress\/wp-json\/wp\/v2\/posts\/17566\/revisions"}],"wp:featuredmedia":[{"embeddable":true,"href":"https:\/\/enricomaciasloriental.fr\/WordPress\/wp-json\/wp\/v2\/media\/17565"}],"wp:attachment":[{"href":"https:\/\/enricomaciasloriental.fr\/WordPress\/wp-json\/wp\/v2\/media?parent=17566"}],"wp:term":[{"taxonomy":"category","embeddable":true,"href":"https:\/\/enricomaciasloriental.fr\/WordPress\/wp-json\/wp\/v2\/categories?post=17566"},{"taxonomy":"post_tag","embeddable":true,"href":"https:\/\/enricomaciasloriental.fr\/WordPress\/wp-json\/wp\/v2\/tags?post=17566"}],"curies":[{"name":"wp","href":"https:\/\/api.w.org\/{rel}","templated":true}]}}