{"id":17570,"date":"2024-06-08T19:48:34","date_gmt":"2024-06-08T17:48:34","guid":{"rendered":"https:\/\/enricomaciasloriental.fr\/WordPress\/?p=17570"},"modified":"2024-06-08T21:59:08","modified_gmt":"2024-06-08T19:59:08","slug":"a-lyon-un-ocean-damour-pour-enrico","status":"publish","type":"post","link":"https:\/\/enricomaciasloriental.fr\/WordPress\/a-lyon-un-ocean-damour-pour-enrico\/","title":{"rendered":"A Lyon, un oc\u00e9an d&rsquo;amour pour Enrico"},"content":{"rendered":"\n<figure class=\"wp-block-image aligncenter size-full\"><img fetchpriority=\"high\" decoding=\"async\" width=\"750\" height=\"501\" src=\"https:\/\/enricomaciasloriental.fr\/WordPress\/wp-content\/uploads\/\/2024\/06\/Lyon-20240606-DSC_0035.jpg\" alt=\"\" class=\"wp-image-17571\" srcset=\"https:\/\/enricomaciasloriental.fr\/WordPress\/wp-content\/uploads\/2024\/06\/Lyon-20240606-DSC_0035.jpg 750w, https:\/\/enricomaciasloriental.fr\/WordPress\/wp-content\/uploads\/2024\/06\/Lyon-20240606-DSC_0035-350x234.jpg 350w, https:\/\/enricomaciasloriental.fr\/WordPress\/wp-content\/uploads\/2024\/06\/Lyon-20240606-DSC_0035-640x428.jpg 640w, https:\/\/enricomaciasloriental.fr\/WordPress\/wp-content\/uploads\/2024\/06\/Lyon-20240606-DSC_0035-100x67.jpg 100w, https:\/\/enricomaciasloriental.fr\/WordPress\/wp-content\/uploads\/2024\/06\/Lyon-20240606-DSC_0035-150x100.jpg 150w, https:\/\/enricomaciasloriental.fr\/WordPress\/wp-content\/uploads\/2024\/06\/Lyon-20240606-DSC_0035-200x134.jpg 200w, https:\/\/enricomaciasloriental.fr\/WordPress\/wp-content\/uploads\/2024\/06\/Lyon-20240606-DSC_0035-300x200.jpg 300w, https:\/\/enricomaciasloriental.fr\/WordPress\/wp-content\/uploads\/2024\/06\/Lyon-20240606-DSC_0035-450x301.jpg 450w, https:\/\/enricomaciasloriental.fr\/WordPress\/wp-content\/uploads\/2024\/06\/Lyon-20240606-DSC_0035-600x401.jpg 600w\" sizes=\"(max-width: 750px) 100vw, 750px\" \/><\/figure>\n\n\n\n<p>Moins de 3 semaines apr\u00e8s un Olympia qui nous laisse encore aujourd\u2019hui des \u00e9toiles dans les yeux et 4 jours apr\u00e8s un concert \u00e0 New York pour l\u2019ouverture du 26<sup>\u00e8me<\/sup> Festival du film juif s\u00e9pharade de NY, c\u2019est \u00e0 Lyon que nous avons retrouv\u00e9 Enrico Macias ce jeudi 6 juin \u00e0 la Bourse du travail.<br \/><br \/>Il y a longtemps que la ville des gones l\u2019a, elle aussi, pris dans ses bras et il s\u2019y produit r\u00e9guli\u00e8rement. Nos pas dans les siens nous ont souvent men\u00e9s place Guichard et c\u2019est avec un bonheur ne se d\u00e9mentant jamais que nous y \u00e9tions \u00e0 nouveau Jeudi.<br \/><br \/>Les lyonnais ont la r\u00e9putation d\u2019\u00eatre froids pourtant ce sont de bons vivants, capitale de la gastronomie oblige. Cette r\u00e9putation m\u2019a souvent interrog\u00e9e.<br \/>Et jeudi soir, les lyonnais pr\u00e9sents ont, une fois de plus, fait mentir les m\u00e9chantes langues.<br \/><br \/>Bien avant que l\u2019artiste n\u2019entre en sc\u00e8ne, ils appelaient d\u00e9j\u00e0 Enrico avec grand bruit.<br \/>D\u00e8s l\u2019apparition de la silhouette famili\u00e8re au coin de la sc\u00e8ne, ils \u00e9taient d\u00e9j\u00e0 en \u00e9bullition.<br \/>Et c\u2019est d\u00e8s la moiti\u00e9 du spectacle pour c\u00e9l\u00e9brer \u00ab&nbsp;les filles de son pays&nbsp;\u00bb que toute la salle s\u2019est lev\u00e9e dans un m\u00eame \u00e9lan pour danser et faire la f\u00eate. Elle ne s\u2019est plus rassise jusqu\u2019aux derni\u00e8res notes d\u2019El Porompompero.<br \/>Durant 1h30 de spectacle, nous avons baign\u00e9 dans un oc\u00e9an d\u2019amour et de chaleur qui font du bien \u00e0 l\u2019\u00e2me et au c\u0153ur et qui a touch\u00e9 l\u2019homme et l\u2019artiste au plus profond de lui-m\u00eame.<br \/>Pour s\u2019en persuader, il suffisait de contempler le sourire radieux qui illuminait son visage et son bonheur de pouvoir encore poursuivre son chemin, sa guitare au bout des doigts.<\/p>\n\n\n\n<figure class=\"wp-block-image aligncenter size-full\"><img decoding=\"async\" width=\"750\" height=\"501\" src=\"https:\/\/enricomaciasloriental.fr\/WordPress\/wp-content\/uploads\/\/2024\/06\/Lyon-20240606-DSC_9468-Avec-accentuation-Bruit.jpg\" alt=\"\" class=\"wp-image-17572\" srcset=\"https:\/\/enricomaciasloriental.fr\/WordPress\/wp-content\/uploads\/2024\/06\/Lyon-20240606-DSC_9468-Avec-accentuation-Bruit.jpg 750w, https:\/\/enricomaciasloriental.fr\/WordPress\/wp-content\/uploads\/2024\/06\/Lyon-20240606-DSC_9468-Avec-accentuation-Bruit-350x234.jpg 350w, https:\/\/enricomaciasloriental.fr\/WordPress\/wp-content\/uploads\/2024\/06\/Lyon-20240606-DSC_9468-Avec-accentuation-Bruit-640x428.jpg 640w, https:\/\/enricomaciasloriental.fr\/WordPress\/wp-content\/uploads\/2024\/06\/Lyon-20240606-DSC_9468-Avec-accentuation-Bruit-100x67.jpg 100w, https:\/\/enricomaciasloriental.fr\/WordPress\/wp-content\/uploads\/2024\/06\/Lyon-20240606-DSC_9468-Avec-accentuation-Bruit-150x100.jpg 150w, https:\/\/enricomaciasloriental.fr\/WordPress\/wp-content\/uploads\/2024\/06\/Lyon-20240606-DSC_9468-Avec-accentuation-Bruit-200x134.jpg 200w, https:\/\/enricomaciasloriental.fr\/WordPress\/wp-content\/uploads\/2024\/06\/Lyon-20240606-DSC_9468-Avec-accentuation-Bruit-300x200.jpg 300w, https:\/\/enricomaciasloriental.fr\/WordPress\/wp-content\/uploads\/2024\/06\/Lyon-20240606-DSC_9468-Avec-accentuation-Bruit-450x301.jpg 450w, https:\/\/enricomaciasloriental.fr\/WordPress\/wp-content\/uploads\/2024\/06\/Lyon-20240606-DSC_9468-Avec-accentuation-Bruit-600x401.jpg 600w\" sizes=\"(max-width: 750px) 100vw, 750px\" \/><\/figure>\n\n\n\n<p><br \/>Ce qui est fascinant, malgr\u00e9 les ann\u00e9es qui passent, malgr\u00e9 les \u00e9preuves et les vents contraires, c\u2019est son infatigable volont\u00e9 de transmettre son message, de croire encore et encore en des valeurs humaines qui s\u2019\u00e9loignent de jour en jour, en un avenir meilleur qui tarde \u00e0 se r\u00e9aliser.<br \/>Malgr\u00e9 60 ann\u00e9es de carri\u00e8re, il chante toujours avec une \u00e9motion et une ferveur intactes, Adieu mon pays et Noel \u00e0 J\u00e9rusalem. On a l\u2019impression que les \u00e9preuves, au lieu de l\u2019accabler, lui redonnent l\u2019\u00e9nergie pour continuer sa mission sur cette terre et donner du bonheur \u00e0 tous ceux qui passent \u00e0 port\u00e9e de son c\u0153ur.<br \/><br \/>Au-del\u00e0 de sa musique, de ses chansons, de tous les instants de f\u00eate que nous passons \u00e0 ses c\u00f4t\u00e9s, sa volont\u00e9 de continuer \u00e0 porter son message de Paix et d\u2019amiti\u00e9 aux quatre coins du monde malgr\u00e9 tous les obstacles est admirable et tr\u00e8s touchante.<\/p>\n\n\n\n<p>Pour toutes ces raisons, nous l\u2019aimons et nous lui disons merci.<\/p>\n\n\n\n<p><br \/>Merci aussi aux techniciens et musiciens qui l\u2019accompagnent fid\u00e8lement sur toutes les sc\u00e8nes du monde.<br \/><br \/>Merci \u00e0 Backstage Event et Damien Nougarede pour son soutien sans faille<\/p>\n\n\n\n<p>Et merci aussi \u00e0 Noa R. que nous avons retrouv\u00e9e avec grand plaisir en premi\u00e8re partie du spectacle.<\/p>\n\n\n\n<figure class=\"wp-block-image aligncenter size-full\"><img decoding=\"async\" width=\"750\" height=\"501\" src=\"https:\/\/enricomaciasloriental.fr\/WordPress\/wp-content\/uploads\/\/2024\/06\/Lyon-20240606-DSC_9938-Avec-accentuation-Bruit.jpg\" alt=\"\" class=\"wp-image-17573\" srcset=\"https:\/\/enricomaciasloriental.fr\/WordPress\/wp-content\/uploads\/2024\/06\/Lyon-20240606-DSC_9938-Avec-accentuation-Bruit.jpg 750w, https:\/\/enricomaciasloriental.fr\/WordPress\/wp-content\/uploads\/2024\/06\/Lyon-20240606-DSC_9938-Avec-accentuation-Bruit-350x234.jpg 350w, https:\/\/enricomaciasloriental.fr\/WordPress\/wp-content\/uploads\/2024\/06\/Lyon-20240606-DSC_9938-Avec-accentuation-Bruit-640x428.jpg 640w, https:\/\/enricomaciasloriental.fr\/WordPress\/wp-content\/uploads\/2024\/06\/Lyon-20240606-DSC_9938-Avec-accentuation-Bruit-100x67.jpg 100w, https:\/\/enricomaciasloriental.fr\/WordPress\/wp-content\/uploads\/2024\/06\/Lyon-20240606-DSC_9938-Avec-accentuation-Bruit-150x100.jpg 150w, https:\/\/enricomaciasloriental.fr\/WordPress\/wp-content\/uploads\/2024\/06\/Lyon-20240606-DSC_9938-Avec-accentuation-Bruit-200x134.jpg 200w, https:\/\/enricomaciasloriental.fr\/WordPress\/wp-content\/uploads\/2024\/06\/Lyon-20240606-DSC_9938-Avec-accentuation-Bruit-300x200.jpg 300w, https:\/\/enricomaciasloriental.fr\/WordPress\/wp-content\/uploads\/2024\/06\/Lyon-20240606-DSC_9938-Avec-accentuation-Bruit-450x301.jpg 450w, https:\/\/enricomaciasloriental.fr\/WordPress\/wp-content\/uploads\/2024\/06\/Lyon-20240606-DSC_9938-Avec-accentuation-Bruit-600x401.jpg 600w\" sizes=\"(max-width: 750px) 100vw, 750px\" \/><figcaption class=\"wp-element-caption\">Enrico Macias et Damien Nougarede<\/figcaption><\/figure>\n\n\n\n<p>Liste des chansons<br \/><br \/>Il reste aujourd\u2019hui<br \/>Oranges am\u00e8res<br \/>Aux talons de ses souliers<br \/>Adieu mon pays<br \/>Oh guitare guitare<br \/>La France de mon enfance<br \/>Paris, tu m\u2019as pris dans tes bras<br \/>Les gens du nord<br \/>Juif espagnol<br \/>Noel \u00e0 Jerusalem<br \/>Al Kol Ele<br \/>Chanter<br \/>Suzy<br \/>Une fille \u00e0 marier<br \/>Les filles de mon pays<br \/>Solenzara<br \/>Le violon de mon p\u00e8re<br \/>Medley oriental<br \/>Ya Rayah<br \/>Le mendiant de l\u2019amour<br \/>L\u2019oriental<br \/>El porompompero<\/p>\n","protected":false},"excerpt":{"rendered":"<p>Moins de 3 semaines apr\u00e8s un Olympia qui nous laisse encore aujourd\u2019hui des \u00e9toiles dans les yeux et 4 jours apr\u00e8s un concert \u00e0 New York pour l\u2019ouverture du 26\u00e8me Festival du film juif s\u00e9pharade de NY, c\u2019est \u00e0 Lyon &hellip;<\/p>\n<p class=\"read-more\"> <a class=\"more-link\" href=\"https:\/\/enricomaciasloriental.fr\/WordPress\/a-lyon-un-ocean-damour-pour-enrico\/\"> <span class=\"screen-reader-text\">A Lyon, un oc\u00e9an d&rsquo;amour pour Enrico<\/span> Read More &raquo;<\/a><\/p>\n","protected":false},"author":36,"featured_media":17571,"comment_status":"open","ping_status":"open","sticky":false,"template":"","format":"standard","meta":{"footnotes":""},"categories":[1],"tags":[],"class_list":["post-17570","post","type-post","status-publish","format-standard","has-post-thumbnail","hentry","category-actualites"],"yoast_head":"<!-- This site is optimized with the Yoast SEO plugin v27.4 - https:\/\/yoast.com\/product\/yoast-seo-wordpress\/ -->\n<title>A Lyon, un oc\u00e9an d&#039;amour pour Enrico - ENRICO MACIAS L&#039;Oriental<\/title>\n<meta name=\"robots\" content=\"index, follow, max-snippet:-1, max-image-preview:large, max-video-preview:-1\" \/>\n<link rel=\"canonical\" href=\"https:\/\/enricomaciasloriental.fr\/WordPress\/a-lyon-un-ocean-damour-pour-enrico\/\" \/>\n<meta property=\"og:locale\" content=\"fr_FR\" \/>\n<meta property=\"og:type\" content=\"article\" \/>\n<meta property=\"og:title\" content=\"A Lyon, un oc\u00e9an d&#039;amour pour Enrico - ENRICO MACIAS L&#039;Oriental\" \/>\n<meta property=\"og:description\" content=\"Moins de 3 semaines apr\u00e8s un Olympia qui nous laisse encore aujourd\u2019hui des \u00e9toiles dans les yeux et 4 jours apr\u00e8s un concert \u00e0 New York pour l\u2019ouverture du 26\u00e8me Festival du film juif s\u00e9pharade de NY, c\u2019est \u00e0 Lyon &hellip; A Lyon, un oc\u00e9an d&rsquo;amour pour Enrico Read More &raquo;\" \/>\n<meta property=\"og:url\" content=\"https:\/\/enricomaciasloriental.fr\/WordPress\/a-lyon-un-ocean-damour-pour-enrico\/\" \/>\n<meta property=\"og:site_name\" content=\"ENRICO MACIAS L&#039;Oriental\" \/>\n<meta property=\"article:published_time\" content=\"2024-06-08T17:48:34+00:00\" \/>\n<meta property=\"article:modified_time\" content=\"2024-06-08T19:59:08+00:00\" \/>\n<meta property=\"og:image\" content=\"https:\/\/enricomaciasloriental.fr\/WordPress\/wp-content\/uploads\/\/2024\/06\/Lyon-20240606-DSC_0035.jpg\" \/>\n\t<meta property=\"og:image:width\" content=\"750\" \/>\n\t<meta property=\"og:image:height\" content=\"501\" \/>\n\t<meta property=\"og:image:type\" content=\"image\/jpeg\" \/>\n<meta name=\"author\" content=\"Loriental\" \/>\n<meta name=\"twitter:card\" content=\"summary_large_image\" \/>\n<meta name=\"twitter:label1\" content=\"\u00c9crit par\" \/>\n\t<meta name=\"twitter:data1\" content=\"Loriental\" \/>\n\t<meta name=\"twitter:label2\" content=\"Dur\u00e9e de lecture estim\u00e9e\" \/>\n\t<meta name=\"twitter:data2\" content=\"4 minutes\" \/>\n<script type=\"application\/ld+json\" class=\"yoast-schema-graph\">{\"@context\":\"https:\\\/\\\/schema.org\",\"@graph\":[{\"@type\":\"Article\",\"@id\":\"https:\\\/\\\/enricomaciasloriental.fr\\\/WordPress\\\/a-lyon-un-ocean-damour-pour-enrico\\\/#article\",\"isPartOf\":{\"@id\":\"https:\\\/\\\/enricomaciasloriental.fr\\\/WordPress\\\/a-lyon-un-ocean-damour-pour-enrico\\\/\"},\"author\":{\"name\":\"Loriental\",\"@id\":\"https:\\\/\\\/enricomaciasloriental.fr\\\/WordPress\\\/#\\\/schema\\\/person\\\/53fba112c6f4f0b335578890a816262e\"},\"headline\":\"A Lyon, un oc\u00e9an d&rsquo;amour pour Enrico\",\"datePublished\":\"2024-06-08T17:48:34+00:00\",\"dateModified\":\"2024-06-08T19:59:08+00:00\",\"mainEntityOfPage\":{\"@id\":\"https:\\\/\\\/enricomaciasloriental.fr\\\/WordPress\\\/a-lyon-un-ocean-damour-pour-enrico\\\/\"},\"wordCount\":606,\"commentCount\":4,\"publisher\":{\"@id\":\"https:\\\/\\\/enricomaciasloriental.fr\\\/WordPress\\\/#\\\/schema\\\/person\\\/53fba112c6f4f0b335578890a816262e\"},\"image\":{\"@id\":\"https:\\\/\\\/enricomaciasloriental.fr\\\/WordPress\\\/a-lyon-un-ocean-damour-pour-enrico\\\/#primaryimage\"},\"thumbnailUrl\":\"https:\\\/\\\/enricomaciasloriental.fr\\\/WordPress\\\/wp-content\\\/uploads\\\/\\\/2024\\\/06\\\/Lyon-20240606-DSC_0035.jpg\",\"articleSection\":[\"Actualit\u00e9s\"],\"inLanguage\":\"fr-FR\",\"potentialAction\":[{\"@type\":\"CommentAction\",\"name\":\"Comment\",\"target\":[\"https:\\\/\\\/enricomaciasloriental.fr\\\/WordPress\\\/a-lyon-un-ocean-damour-pour-enrico\\\/#respond\"]}]},{\"@type\":\"WebPage\",\"@id\":\"https:\\\/\\\/enricomaciasloriental.fr\\\/WordPress\\\/a-lyon-un-ocean-damour-pour-enrico\\\/\",\"url\":\"https:\\\/\\\/enricomaciasloriental.fr\\\/WordPress\\\/a-lyon-un-ocean-damour-pour-enrico\\\/\",\"name\":\"A Lyon, un oc\u00e9an d'amour pour Enrico - ENRICO MACIAS L&#039;Oriental\",\"isPartOf\":{\"@id\":\"https:\\\/\\\/enricomaciasloriental.fr\\\/WordPress\\\/#website\"},\"primaryImageOfPage\":{\"@id\":\"https:\\\/\\\/enricomaciasloriental.fr\\\/WordPress\\\/a-lyon-un-ocean-damour-pour-enrico\\\/#primaryimage\"},\"image\":{\"@id\":\"https:\\\/\\\/enricomaciasloriental.fr\\\/WordPress\\\/a-lyon-un-ocean-damour-pour-enrico\\\/#primaryimage\"},\"thumbnailUrl\":\"https:\\\/\\\/enricomaciasloriental.fr\\\/WordPress\\\/wp-content\\\/uploads\\\/\\\/2024\\\/06\\\/Lyon-20240606-DSC_0035.jpg\",\"datePublished\":\"2024-06-08T17:48:34+00:00\",\"dateModified\":\"2024-06-08T19:59:08+00:00\",\"breadcrumb\":{\"@id\":\"https:\\\/\\\/enricomaciasloriental.fr\\\/WordPress\\\/a-lyon-un-ocean-damour-pour-enrico\\\/#breadcrumb\"},\"inLanguage\":\"fr-FR\",\"potentialAction\":[{\"@type\":\"ReadAction\",\"target\":[\"https:\\\/\\\/enricomaciasloriental.fr\\\/WordPress\\\/a-lyon-un-ocean-damour-pour-enrico\\\/\"]}]},{\"@type\":\"ImageObject\",\"inLanguage\":\"fr-FR\",\"@id\":\"https:\\\/\\\/enricomaciasloriental.fr\\\/WordPress\\\/a-lyon-un-ocean-damour-pour-enrico\\\/#primaryimage\",\"url\":\"https:\\\/\\\/enricomaciasloriental.fr\\\/WordPress\\\/wp-content\\\/uploads\\\/\\\/2024\\\/06\\\/Lyon-20240606-DSC_0035.jpg\",\"contentUrl\":\"https:\\\/\\\/enricomaciasloriental.fr\\\/WordPress\\\/wp-content\\\/uploads\\\/\\\/2024\\\/06\\\/Lyon-20240606-DSC_0035.jpg\",\"width\":750,\"height\":501},{\"@type\":\"BreadcrumbList\",\"@id\":\"https:\\\/\\\/enricomaciasloriental.fr\\\/WordPress\\\/a-lyon-un-ocean-damour-pour-enrico\\\/#breadcrumb\",\"itemListElement\":[{\"@type\":\"ListItem\",\"position\":1,\"name\":\"Accueil\",\"item\":\"https:\\\/\\\/enricomaciasloriental.fr\\\/WordPress\\\/\"},{\"@type\":\"ListItem\",\"position\":2,\"name\":\"A Lyon, un oc\u00e9an d&rsquo;amour pour Enrico\"}]},{\"@type\":\"WebSite\",\"@id\":\"https:\\\/\\\/enricomaciasloriental.fr\\\/WordPress\\\/#website\",\"url\":\"https:\\\/\\\/enricomaciasloriental.fr\\\/WordPress\\\/\",\"name\":\"ENRICO MACIAS L'Oriental\",\"description\":\"IL EST COMME LE SOLEIL\",\"publisher\":{\"@id\":\"https:\\\/\\\/enricomaciasloriental.fr\\\/WordPress\\\/#\\\/schema\\\/person\\\/53fba112c6f4f0b335578890a816262e\"},\"potentialAction\":[{\"@type\":\"SearchAction\",\"target\":{\"@type\":\"EntryPoint\",\"urlTemplate\":\"https:\\\/\\\/enricomaciasloriental.fr\\\/WordPress\\\/?s={search_term_string}\"},\"query-input\":{\"@type\":\"PropertyValueSpecification\",\"valueRequired\":true,\"valueName\":\"search_term_string\"}}],\"inLanguage\":\"fr-FR\"},{\"@type\":[\"Person\",\"Organization\"],\"@id\":\"https:\\\/\\\/enricomaciasloriental.fr\\\/WordPress\\\/#\\\/schema\\\/person\\\/53fba112c6f4f0b335578890a816262e\",\"name\":\"Loriental\",\"image\":{\"@type\":\"ImageObject\",\"inLanguage\":\"fr-FR\",\"@id\":\"https:\\\/\\\/enricomaciasloriental.fr\\\/WordPress\\\/wp-content\\\/uploads\\\/\\\/2015\\\/02\\\/cropped-bannier_altaiir-enrico.jpg\",\"url\":\"https:\\\/\\\/enricomaciasloriental.fr\\\/WordPress\\\/wp-content\\\/uploads\\\/\\\/2015\\\/02\\\/cropped-bannier_altaiir-enrico.jpg\",\"contentUrl\":\"https:\\\/\\\/enricomaciasloriental.fr\\\/WordPress\\\/wp-content\\\/uploads\\\/\\\/2015\\\/02\\\/cropped-bannier_altaiir-enrico.jpg\",\"width\":1200,\"height\":150,\"caption\":\"Loriental\"},\"logo\":{\"@id\":\"https:\\\/\\\/enricomaciasloriental.fr\\\/WordPress\\\/wp-content\\\/uploads\\\/\\\/2015\\\/02\\\/cropped-bannier_altaiir-enrico.jpg\"},\"sameAs\":[\"http:\\\/\\\/www.enricomaciasloriental.fr\\\/\"]}]}<\/script>\n<!-- \/ Yoast SEO plugin. -->","yoast_head_json":{"title":"A Lyon, un oc\u00e9an d'amour pour Enrico - ENRICO MACIAS L&#039;Oriental","robots":{"index":"index","follow":"follow","max-snippet":"max-snippet:-1","max-image-preview":"max-image-preview:large","max-video-preview":"max-video-preview:-1"},"canonical":"https:\/\/enricomaciasloriental.fr\/WordPress\/a-lyon-un-ocean-damour-pour-enrico\/","og_locale":"fr_FR","og_type":"article","og_title":"A Lyon, un oc\u00e9an d'amour pour Enrico - ENRICO MACIAS L&#039;Oriental","og_description":"Moins de 3 semaines apr\u00e8s un Olympia qui nous laisse encore aujourd\u2019hui des \u00e9toiles dans les yeux et 4 jours apr\u00e8s un concert \u00e0 New York pour l\u2019ouverture du 26\u00e8me Festival du film juif s\u00e9pharade de NY, c\u2019est \u00e0 Lyon &hellip; A Lyon, un oc\u00e9an d&rsquo;amour pour Enrico Read More &raquo;","og_url":"https:\/\/enricomaciasloriental.fr\/WordPress\/a-lyon-un-ocean-damour-pour-enrico\/","og_site_name":"ENRICO MACIAS L&#039;Oriental","article_published_time":"2024-06-08T17:48:34+00:00","article_modified_time":"2024-06-08T19:59:08+00:00","og_image":[{"width":750,"height":501,"url":"https:\/\/enricomaciasloriental.fr\/WordPress\/wp-content\/uploads\/\/2024\/06\/Lyon-20240606-DSC_0035.jpg","type":"image\/jpeg"}],"author":"Loriental","twitter_card":"summary_large_image","twitter_misc":{"\u00c9crit par":"Loriental","Dur\u00e9e de lecture estim\u00e9e":"4 minutes"},"schema":{"@context":"https:\/\/schema.org","@graph":[{"@type":"Article","@id":"https:\/\/enricomaciasloriental.fr\/WordPress\/a-lyon-un-ocean-damour-pour-enrico\/#article","isPartOf":{"@id":"https:\/\/enricomaciasloriental.fr\/WordPress\/a-lyon-un-ocean-damour-pour-enrico\/"},"author":{"name":"Loriental","@id":"https:\/\/enricomaciasloriental.fr\/WordPress\/#\/schema\/person\/53fba112c6f4f0b335578890a816262e"},"headline":"A Lyon, un oc\u00e9an d&rsquo;amour pour Enrico","datePublished":"2024-06-08T17:48:34+00:00","dateModified":"2024-06-08T19:59:08+00:00","mainEntityOfPage":{"@id":"https:\/\/enricomaciasloriental.fr\/WordPress\/a-lyon-un-ocean-damour-pour-enrico\/"},"wordCount":606,"commentCount":4,"publisher":{"@id":"https:\/\/enricomaciasloriental.fr\/WordPress\/#\/schema\/person\/53fba112c6f4f0b335578890a816262e"},"image":{"@id":"https:\/\/enricomaciasloriental.fr\/WordPress\/a-lyon-un-ocean-damour-pour-enrico\/#primaryimage"},"thumbnailUrl":"https:\/\/enricomaciasloriental.fr\/WordPress\/wp-content\/uploads\/\/2024\/06\/Lyon-20240606-DSC_0035.jpg","articleSection":["Actualit\u00e9s"],"inLanguage":"fr-FR","potentialAction":[{"@type":"CommentAction","name":"Comment","target":["https:\/\/enricomaciasloriental.fr\/WordPress\/a-lyon-un-ocean-damour-pour-enrico\/#respond"]}]},{"@type":"WebPage","@id":"https:\/\/enricomaciasloriental.fr\/WordPress\/a-lyon-un-ocean-damour-pour-enrico\/","url":"https:\/\/enricomaciasloriental.fr\/WordPress\/a-lyon-un-ocean-damour-pour-enrico\/","name":"A Lyon, un oc\u00e9an d'amour pour Enrico - ENRICO MACIAS L&#039;Oriental","isPartOf":{"@id":"https:\/\/enricomaciasloriental.fr\/WordPress\/#website"},"primaryImageOfPage":{"@id":"https:\/\/enricomaciasloriental.fr\/WordPress\/a-lyon-un-ocean-damour-pour-enrico\/#primaryimage"},"image":{"@id":"https:\/\/enricomaciasloriental.fr\/WordPress\/a-lyon-un-ocean-damour-pour-enrico\/#primaryimage"},"thumbnailUrl":"https:\/\/enricomaciasloriental.fr\/WordPress\/wp-content\/uploads\/\/2024\/06\/Lyon-20240606-DSC_0035.jpg","datePublished":"2024-06-08T17:48:34+00:00","dateModified":"2024-06-08T19:59:08+00:00","breadcrumb":{"@id":"https:\/\/enricomaciasloriental.fr\/WordPress\/a-lyon-un-ocean-damour-pour-enrico\/#breadcrumb"},"inLanguage":"fr-FR","potentialAction":[{"@type":"ReadAction","target":["https:\/\/enricomaciasloriental.fr\/WordPress\/a-lyon-un-ocean-damour-pour-enrico\/"]}]},{"@type":"ImageObject","inLanguage":"fr-FR","@id":"https:\/\/enricomaciasloriental.fr\/WordPress\/a-lyon-un-ocean-damour-pour-enrico\/#primaryimage","url":"https:\/\/enricomaciasloriental.fr\/WordPress\/wp-content\/uploads\/\/2024\/06\/Lyon-20240606-DSC_0035.jpg","contentUrl":"https:\/\/enricomaciasloriental.fr\/WordPress\/wp-content\/uploads\/\/2024\/06\/Lyon-20240606-DSC_0035.jpg","width":750,"height":501},{"@type":"BreadcrumbList","@id":"https:\/\/enricomaciasloriental.fr\/WordPress\/a-lyon-un-ocean-damour-pour-enrico\/#breadcrumb","itemListElement":[{"@type":"ListItem","position":1,"name":"Accueil","item":"https:\/\/enricomaciasloriental.fr\/WordPress\/"},{"@type":"ListItem","position":2,"name":"A Lyon, un oc\u00e9an d&rsquo;amour pour Enrico"}]},{"@type":"WebSite","@id":"https:\/\/enricomaciasloriental.fr\/WordPress\/#website","url":"https:\/\/enricomaciasloriental.fr\/WordPress\/","name":"ENRICO MACIAS L'Oriental","description":"IL EST COMME LE SOLEIL","publisher":{"@id":"https:\/\/enricomaciasloriental.fr\/WordPress\/#\/schema\/person\/53fba112c6f4f0b335578890a816262e"},"potentialAction":[{"@type":"SearchAction","target":{"@type":"EntryPoint","urlTemplate":"https:\/\/enricomaciasloriental.fr\/WordPress\/?s={search_term_string}"},"query-input":{"@type":"PropertyValueSpecification","valueRequired":true,"valueName":"search_term_string"}}],"inLanguage":"fr-FR"},{"@type":["Person","Organization"],"@id":"https:\/\/enricomaciasloriental.fr\/WordPress\/#\/schema\/person\/53fba112c6f4f0b335578890a816262e","name":"Loriental","image":{"@type":"ImageObject","inLanguage":"fr-FR","@id":"https:\/\/enricomaciasloriental.fr\/WordPress\/wp-content\/uploads\/\/2015\/02\/cropped-bannier_altaiir-enrico.jpg","url":"https:\/\/enricomaciasloriental.fr\/WordPress\/wp-content\/uploads\/\/2015\/02\/cropped-bannier_altaiir-enrico.jpg","contentUrl":"https:\/\/enricomaciasloriental.fr\/WordPress\/wp-content\/uploads\/\/2015\/02\/cropped-bannier_altaiir-enrico.jpg","width":1200,"height":150,"caption":"Loriental"},"logo":{"@id":"https:\/\/enricomaciasloriental.fr\/WordPress\/wp-content\/uploads\/\/2015\/02\/cropped-bannier_altaiir-enrico.jpg"},"sameAs":["http:\/\/www.enricomaciasloriental.fr\/"]}]}},"featured_image_src":"https:\/\/enricomaciasloriental.fr\/WordPress\/wp-content\/uploads\/\/2024\/06\/Lyon-20240606-DSC_0035.jpg","featured_image_src_square":"https:\/\/enricomaciasloriental.fr\/WordPress\/wp-content\/uploads\/\/2024\/06\/Lyon-20240606-DSC_0035.jpg","author_info":{"display_name":"Loriental","author_link":"https:\/\/enricomaciasloriental.fr\/WordPress\/author\/admin9234\/"},"rbea_author_info":{"display_name":"Loriental","author_link":"https:\/\/enricomaciasloriental.fr\/WordPress\/author\/admin9234\/"},"rbea_excerpt_info":"Moins de 3 semaines apr\u00e8s un Olympia qui nous laisse encore aujourd\u2019hui des \u00e9toiles dans les yeux et 4 jours apr\u00e8s un concert \u00e0 New York pour l\u2019ouverture du 26\u00e8me Festival du film juif s\u00e9pharade de NY, c\u2019est \u00e0 Lyon &hellip;<p class=\"read-more\"> <a class=\"more-link\" href=\"https:\/\/enricomaciasloriental.fr\/WordPress\/a-lyon-un-ocean-damour-pour-enrico\/\"> <span class=\"screen-reader-text\">A Lyon, un oc\u00e9an d&rsquo;amour pour Enrico<\/span> Read More &raquo;<\/a><\/p>","category_list":"<a href=\"https:\/\/enricomaciasloriental.fr\/WordPress\/category\/actualites\/\">Actualit\u00e9s<\/a>","comments_num":"4 comments","_links":{"self":[{"href":"https:\/\/enricomaciasloriental.fr\/WordPress\/wp-json\/wp\/v2\/posts\/17570","targetHints":{"allow":["GET"]}}],"collection":[{"href":"https:\/\/enricomaciasloriental.fr\/WordPress\/wp-json\/wp\/v2\/posts"}],"about":[{"href":"https:\/\/enricomaciasloriental.fr\/WordPress\/wp-json\/wp\/v2\/types\/post"}],"author":[{"embeddable":true,"href":"https:\/\/enricomaciasloriental.fr\/WordPress\/wp-json\/wp\/v2\/users\/36"}],"replies":[{"embeddable":true,"href":"https:\/\/enricomaciasloriental.fr\/WordPress\/wp-json\/wp\/v2\/comments?post=17570"}],"version-history":[{"count":0,"href":"https:\/\/enricomaciasloriental.fr\/WordPress\/wp-json\/wp\/v2\/posts\/17570\/revisions"}],"wp:featuredmedia":[{"embeddable":true,"href":"https:\/\/enricomaciasloriental.fr\/WordPress\/wp-json\/wp\/v2\/media\/17571"}],"wp:attachment":[{"href":"https:\/\/enricomaciasloriental.fr\/WordPress\/wp-json\/wp\/v2\/media?parent=17570"}],"wp:term":[{"taxonomy":"category","embeddable":true,"href":"https:\/\/enricomaciasloriental.fr\/WordPress\/wp-json\/wp\/v2\/categories?post=17570"},{"taxonomy":"post_tag","embeddable":true,"href":"https:\/\/enricomaciasloriental.fr\/WordPress\/wp-json\/wp\/v2\/tags?post=17570"}],"curies":[{"name":"wp","href":"https:\/\/api.w.org\/{rel}","templated":true}]}}