{"id":17618,"date":"2024-06-26T09:40:47","date_gmt":"2024-06-26T07:40:47","guid":{"rendered":"https:\/\/enricomaciasloriental.fr\/WordPress\/?p=17618"},"modified":"2024-06-26T09:40:51","modified_gmt":"2024-06-26T07:40:51","slug":"hospitalise-pour-des-maux-de-dos-les-representations-denrico-macias-en-israel-reportees","status":"publish","type":"post","link":"https:\/\/enricomaciasloriental.fr\/WordPress\/hospitalise-pour-des-maux-de-dos-les-representations-denrico-macias-en-israel-reportees\/","title":{"rendered":"\u00ab Hospitalis\u00e9 pour des maux de dos \u00bb : les repr\u00e9sentations d\u2019Enrico Macias en Isra\u00ebl report\u00e9es"},"content":{"rendered":"\n<figure class=\"wp-block-image size-large\"><a href=\"https:\/\/l.facebook.com\/l.php?u=https%3A%2F%2Fwww.ynet.co.il%2Fentertainment%2Farticle%2Fb1mbq11plc%3Futm_source%3Dynet.app.android%26utm_medium%3Dsocial%26utm_campaign%3Dgeneral_share%26utm_term%3Db1mbq11plc%26utm_content%3DHeader%26fbclid%3DIwZXh0bgNhZW0CMTEAAR08GHr8273umtvJFd1jtJr6_f7s0WYLS65Iy6ZnhuJ7M_RSC31ctdmzn0E_aem_zXNuCFHQzRXMNjInkFUegg&amp;h=AT3Qr_K8RFchMRe9PlQ6CcJtdQLMazKEqu_naOm-J2BXjIbNmpVFUKg_MTQbvQqTSLhzJec8BJsoWYepnSKUYX82MKySTXhnbER9vitHiHR_5Hn5NczZk3duT3EX8Zz0e6CgQlUQzF1_KZvcKw&amp;__tn__=%2CmH-R&amp;c[0]=AT2CST6UoZphZW-3llCJ4_PWPSl9T0nIeVk0kk8SMxALacr5n7-gYpvMbQ6AbwTpSzAzi6_AvcCqzc5KfmVHMHkuB7KubvvOVpYa_djo763pWhoiVf8OeaWXfhy_Z85KHcLhYdzdh6RB6VCaTc8Bfj95vJ2vJpLzXa5i84VWffrkD-ZZ1nFY\" target=\"_blank\" rel=\"noreferrer noopener\"><img fetchpriority=\"high\" decoding=\"async\" width=\"1024\" height=\"684\" src=\"https:\/\/enricomaciasloriental.fr\/WordPress\/wp-content\/uploads\/\/2023\/11\/Bucarest2023-6442-1024x684.jpg\" alt=\"\" class=\"wp-image-17132\" srcset=\"https:\/\/enricomaciasloriental.fr\/WordPress\/wp-content\/uploads\/2023\/11\/Bucarest2023-6442-1024x684.jpg 1024w, https:\/\/enricomaciasloriental.fr\/WordPress\/wp-content\/uploads\/2023\/11\/Bucarest2023-6442-350x234.jpg 350w, https:\/\/enricomaciasloriental.fr\/WordPress\/wp-content\/uploads\/2023\/11\/Bucarest2023-6442-768x513.jpg 768w, https:\/\/enricomaciasloriental.fr\/WordPress\/wp-content\/uploads\/2023\/11\/Bucarest2023-6442-640x427.jpg 640w, https:\/\/enricomaciasloriental.fr\/WordPress\/wp-content\/uploads\/2023\/11\/Bucarest2023-6442-100x67.jpg 100w, https:\/\/enricomaciasloriental.fr\/WordPress\/wp-content\/uploads\/2023\/11\/Bucarest2023-6442-150x100.jpg 150w, https:\/\/enricomaciasloriental.fr\/WordPress\/wp-content\/uploads\/2023\/11\/Bucarest2023-6442-200x134.jpg 200w, https:\/\/enricomaciasloriental.fr\/WordPress\/wp-content\/uploads\/2023\/11\/Bucarest2023-6442-300x200.jpg 300w, https:\/\/enricomaciasloriental.fr\/WordPress\/wp-content\/uploads\/2023\/11\/Bucarest2023-6442-450x300.jpg 450w, https:\/\/enricomaciasloriental.fr\/WordPress\/wp-content\/uploads\/2023\/11\/Bucarest2023-6442-600x401.jpg 600w, https:\/\/enricomaciasloriental.fr\/WordPress\/wp-content\/uploads\/2023\/11\/Bucarest2023-6442-900x601.jpg 900w, https:\/\/enricomaciasloriental.fr\/WordPress\/wp-content\/uploads\/2023\/11\/Bucarest2023-6442.jpg 1140w\" sizes=\"(max-width: 1024px) 100vw, 1024px\" \/><\/a><\/figure>\n\n\n\n<p>Les repr\u00e9sentations d\u2019Enrico Macias en Isra\u00ebl ont \u00e9t\u00e9 report\u00e9es en raison de son \u00e9tat de sant\u00e9, a annonc\u00e9 lundi la production isra\u00e9lienne du chanteur.<br \/>Nous lui adressons nos meilleurs v\u0153ux de prompt r\u00e9tablissement.<br \/>De nouvelles dates devraient \u00eatre communiqu\u00e9es prochainement<\/p>\n\n\n\n<p><a href=\"https:\/\/www.ynet.co.il\/entertainment\/article\/b1mbq11plc\">\u00ab\u00a0\u05d0\u05d5\u05e9\u05e4\u05d6 \u05d1\u05d1\u05d9\u05ea \u05d7\u05d5\u05dc\u05d9\u05dd \u05d1\u05d2\u05dc\u05dc \u05db\u05d0\u05d1\u05d9 \u05d2\u05d1\u00a0\u00bb: \u05e0\u05d3\u05d7\u05d5 \u05d4\u05d5\u05e4\u05e2\u05d5\u05ea \u05d0\u05e0\u05e8\u05d9\u05e7\u05d5 \u05de\u05e1\u05d9\u05d0\u05e1 \u05d1\u05d9\u05e9\u05e8\u05d0\u05dc <\/a><br \/><br \/><\/p>\n","protected":false},"excerpt":{"rendered":"<p>Les repr\u00e9sentations d\u2019Enrico Macias en Isra\u00ebl ont \u00e9t\u00e9 report\u00e9es en raison de son \u00e9tat de sant\u00e9, a annonc\u00e9 lundi la production isra\u00e9lienne du chanteur.Nous lui adressons nos meilleurs v\u0153ux de prompt r\u00e9tablissement.De nouvelles dates devraient \u00eatre communiqu\u00e9es prochainement \u00ab\u00a0\u05d0\u05d5\u05e9\u05e4\u05d6 \u05d1\u05d1\u05d9\u05ea &hellip;<\/p>\n<p class=\"read-more\"> <a class=\"more-link\" href=\"https:\/\/enricomaciasloriental.fr\/WordPress\/hospitalise-pour-des-maux-de-dos-les-representations-denrico-macias-en-israel-reportees\/\"> <span class=\"screen-reader-text\">\u00ab Hospitalis\u00e9 pour des maux de dos \u00bb : les repr\u00e9sentations d\u2019Enrico Macias en Isra\u00ebl report\u00e9es<\/span> Read More &raquo;<\/a><\/p>\n","protected":false},"author":36,"featured_media":17132,"comment_status":"open","ping_status":"open","sticky":false,"template":"","format":"standard","meta":{"footnotes":""},"categories":[1],"tags":[],"class_list":["post-17618","post","type-post","status-publish","format-standard","has-post-thumbnail","hentry","category-actualites"],"yoast_head":"<!-- This site is optimized with the Yoast SEO plugin v27.4 - https:\/\/yoast.com\/product\/yoast-seo-wordpress\/ -->\n<title>\u00ab Hospitalis\u00e9 pour des maux de dos \u00bb : les repr\u00e9sentations d\u2019Enrico Macias en Isra\u00ebl report\u00e9es - ENRICO MACIAS L&#039;Oriental<\/title>\n<meta name=\"robots\" content=\"index, follow, max-snippet:-1, max-image-preview:large, max-video-preview:-1\" \/>\n<link rel=\"canonical\" href=\"https:\/\/enricomaciasloriental.fr\/WordPress\/hospitalise-pour-des-maux-de-dos-les-representations-denrico-macias-en-israel-reportees\/\" \/>\n<meta property=\"og:locale\" content=\"fr_FR\" \/>\n<meta property=\"og:type\" content=\"article\" \/>\n<meta property=\"og:title\" content=\"\u00ab Hospitalis\u00e9 pour des maux de dos \u00bb : les repr\u00e9sentations d\u2019Enrico Macias en Isra\u00ebl report\u00e9es - ENRICO MACIAS L&#039;Oriental\" \/>\n<meta property=\"og:description\" content=\"Les repr\u00e9sentations d\u2019Enrico Macias en Isra\u00ebl ont \u00e9t\u00e9 report\u00e9es en raison de son \u00e9tat de sant\u00e9, a annonc\u00e9 lundi la production isra\u00e9lienne du chanteur.Nous lui adressons nos meilleurs v\u0153ux de prompt r\u00e9tablissement.De nouvelles dates devraient \u00eatre communiqu\u00e9es prochainement \u00ab\u00a0\u05d0\u05d5\u05e9\u05e4\u05d6 \u05d1\u05d1\u05d9\u05ea &hellip; \u00ab Hospitalis\u00e9 pour des maux de dos \u00bb : les repr\u00e9sentations d\u2019Enrico Macias en Isra\u00ebl report\u00e9es Read More &raquo;\" \/>\n<meta property=\"og:url\" content=\"https:\/\/enricomaciasloriental.fr\/WordPress\/hospitalise-pour-des-maux-de-dos-les-representations-denrico-macias-en-israel-reportees\/\" \/>\n<meta property=\"og:site_name\" content=\"ENRICO MACIAS L&#039;Oriental\" \/>\n<meta property=\"article:published_time\" content=\"2024-06-26T07:40:47+00:00\" \/>\n<meta property=\"article:modified_time\" content=\"2024-06-26T07:40:51+00:00\" \/>\n<meta property=\"og:image\" content=\"https:\/\/enricomaciasloriental.fr\/WordPress\/wp-content\/uploads\/\/2023\/11\/Bucarest2023-6442.jpg\" \/>\n\t<meta property=\"og:image:width\" content=\"1140\" \/>\n\t<meta property=\"og:image:height\" content=\"761\" \/>\n\t<meta property=\"og:image:type\" content=\"image\/jpeg\" \/>\n<meta name=\"author\" content=\"Loriental\" \/>\n<meta name=\"twitter:card\" content=\"summary_large_image\" \/>\n<meta name=\"twitter:label1\" content=\"\u00c9crit par\" \/>\n\t<meta name=\"twitter:data1\" content=\"Loriental\" \/>\n\t<meta name=\"twitter:label2\" content=\"Dur\u00e9e de lecture estim\u00e9e\" \/>\n\t<meta name=\"twitter:data2\" content=\"1 minute\" \/>\n<script type=\"application\/ld+json\" class=\"yoast-schema-graph\">{\"@context\":\"https:\\\/\\\/schema.org\",\"@graph\":[{\"@type\":\"Article\",\"@id\":\"https:\\\/\\\/enricomaciasloriental.fr\\\/WordPress\\\/hospitalise-pour-des-maux-de-dos-les-representations-denrico-macias-en-israel-reportees\\\/#article\",\"isPartOf\":{\"@id\":\"https:\\\/\\\/enricomaciasloriental.fr\\\/WordPress\\\/hospitalise-pour-des-maux-de-dos-les-representations-denrico-macias-en-israel-reportees\\\/\"},\"author\":{\"name\":\"Loriental\",\"@id\":\"https:\\\/\\\/enricomaciasloriental.fr\\\/WordPress\\\/#\\\/schema\\\/person\\\/53fba112c6f4f0b335578890a816262e\"},\"headline\":\"\u00ab Hospitalis\u00e9 pour des maux de dos \u00bb : les repr\u00e9sentations d\u2019Enrico Macias en Isra\u00ebl report\u00e9es\",\"datePublished\":\"2024-06-26T07:40:47+00:00\",\"dateModified\":\"2024-06-26T07:40:51+00:00\",\"mainEntityOfPage\":{\"@id\":\"https:\\\/\\\/enricomaciasloriental.fr\\\/WordPress\\\/hospitalise-pour-des-maux-de-dos-les-representations-denrico-macias-en-israel-reportees\\\/\"},\"wordCount\":65,\"commentCount\":6,\"publisher\":{\"@id\":\"https:\\\/\\\/enricomaciasloriental.fr\\\/WordPress\\\/#\\\/schema\\\/person\\\/53fba112c6f4f0b335578890a816262e\"},\"image\":{\"@id\":\"https:\\\/\\\/enricomaciasloriental.fr\\\/WordPress\\\/hospitalise-pour-des-maux-de-dos-les-representations-denrico-macias-en-israel-reportees\\\/#primaryimage\"},\"thumbnailUrl\":\"https:\\\/\\\/enricomaciasloriental.fr\\\/WordPress\\\/wp-content\\\/uploads\\\/\\\/2023\\\/11\\\/Bucarest2023-6442.jpg\",\"articleSection\":[\"Actualit\u00e9s\"],\"inLanguage\":\"fr-FR\",\"potentialAction\":[{\"@type\":\"CommentAction\",\"name\":\"Comment\",\"target\":[\"https:\\\/\\\/enricomaciasloriental.fr\\\/WordPress\\\/hospitalise-pour-des-maux-de-dos-les-representations-denrico-macias-en-israel-reportees\\\/#respond\"]}]},{\"@type\":\"WebPage\",\"@id\":\"https:\\\/\\\/enricomaciasloriental.fr\\\/WordPress\\\/hospitalise-pour-des-maux-de-dos-les-representations-denrico-macias-en-israel-reportees\\\/\",\"url\":\"https:\\\/\\\/enricomaciasloriental.fr\\\/WordPress\\\/hospitalise-pour-des-maux-de-dos-les-representations-denrico-macias-en-israel-reportees\\\/\",\"name\":\"\u00ab Hospitalis\u00e9 pour des maux de dos \u00bb : les repr\u00e9sentations d\u2019Enrico Macias en Isra\u00ebl report\u00e9es - ENRICO MACIAS L&#039;Oriental\",\"isPartOf\":{\"@id\":\"https:\\\/\\\/enricomaciasloriental.fr\\\/WordPress\\\/#website\"},\"primaryImageOfPage\":{\"@id\":\"https:\\\/\\\/enricomaciasloriental.fr\\\/WordPress\\\/hospitalise-pour-des-maux-de-dos-les-representations-denrico-macias-en-israel-reportees\\\/#primaryimage\"},\"image\":{\"@id\":\"https:\\\/\\\/enricomaciasloriental.fr\\\/WordPress\\\/hospitalise-pour-des-maux-de-dos-les-representations-denrico-macias-en-israel-reportees\\\/#primaryimage\"},\"thumbnailUrl\":\"https:\\\/\\\/enricomaciasloriental.fr\\\/WordPress\\\/wp-content\\\/uploads\\\/\\\/2023\\\/11\\\/Bucarest2023-6442.jpg\",\"datePublished\":\"2024-06-26T07:40:47+00:00\",\"dateModified\":\"2024-06-26T07:40:51+00:00\",\"breadcrumb\":{\"@id\":\"https:\\\/\\\/enricomaciasloriental.fr\\\/WordPress\\\/hospitalise-pour-des-maux-de-dos-les-representations-denrico-macias-en-israel-reportees\\\/#breadcrumb\"},\"inLanguage\":\"fr-FR\",\"potentialAction\":[{\"@type\":\"ReadAction\",\"target\":[\"https:\\\/\\\/enricomaciasloriental.fr\\\/WordPress\\\/hospitalise-pour-des-maux-de-dos-les-representations-denrico-macias-en-israel-reportees\\\/\"]}]},{\"@type\":\"ImageObject\",\"inLanguage\":\"fr-FR\",\"@id\":\"https:\\\/\\\/enricomaciasloriental.fr\\\/WordPress\\\/hospitalise-pour-des-maux-de-dos-les-representations-denrico-macias-en-israel-reportees\\\/#primaryimage\",\"url\":\"https:\\\/\\\/enricomaciasloriental.fr\\\/WordPress\\\/wp-content\\\/uploads\\\/\\\/2023\\\/11\\\/Bucarest2023-6442.jpg\",\"contentUrl\":\"https:\\\/\\\/enricomaciasloriental.fr\\\/WordPress\\\/wp-content\\\/uploads\\\/\\\/2023\\\/11\\\/Bucarest2023-6442.jpg\",\"width\":1140,\"height\":761},{\"@type\":\"BreadcrumbList\",\"@id\":\"https:\\\/\\\/enricomaciasloriental.fr\\\/WordPress\\\/hospitalise-pour-des-maux-de-dos-les-representations-denrico-macias-en-israel-reportees\\\/#breadcrumb\",\"itemListElement\":[{\"@type\":\"ListItem\",\"position\":1,\"name\":\"Accueil\",\"item\":\"https:\\\/\\\/enricomaciasloriental.fr\\\/WordPress\\\/\"},{\"@type\":\"ListItem\",\"position\":2,\"name\":\"\u00ab Hospitalis\u00e9 pour des maux de dos \u00bb : les repr\u00e9sentations d\u2019Enrico Macias en Isra\u00ebl report\u00e9es\"}]},{\"@type\":\"WebSite\",\"@id\":\"https:\\\/\\\/enricomaciasloriental.fr\\\/WordPress\\\/#website\",\"url\":\"https:\\\/\\\/enricomaciasloriental.fr\\\/WordPress\\\/\",\"name\":\"ENRICO MACIAS L'Oriental\",\"description\":\"IL EST COMME LE SOLEIL\",\"publisher\":{\"@id\":\"https:\\\/\\\/enricomaciasloriental.fr\\\/WordPress\\\/#\\\/schema\\\/person\\\/53fba112c6f4f0b335578890a816262e\"},\"potentialAction\":[{\"@type\":\"SearchAction\",\"target\":{\"@type\":\"EntryPoint\",\"urlTemplate\":\"https:\\\/\\\/enricomaciasloriental.fr\\\/WordPress\\\/?s={search_term_string}\"},\"query-input\":{\"@type\":\"PropertyValueSpecification\",\"valueRequired\":true,\"valueName\":\"search_term_string\"}}],\"inLanguage\":\"fr-FR\"},{\"@type\":[\"Person\",\"Organization\"],\"@id\":\"https:\\\/\\\/enricomaciasloriental.fr\\\/WordPress\\\/#\\\/schema\\\/person\\\/53fba112c6f4f0b335578890a816262e\",\"name\":\"Loriental\",\"image\":{\"@type\":\"ImageObject\",\"inLanguage\":\"fr-FR\",\"@id\":\"https:\\\/\\\/enricomaciasloriental.fr\\\/WordPress\\\/wp-content\\\/uploads\\\/\\\/2015\\\/02\\\/cropped-bannier_altaiir-enrico.jpg\",\"url\":\"https:\\\/\\\/enricomaciasloriental.fr\\\/WordPress\\\/wp-content\\\/uploads\\\/\\\/2015\\\/02\\\/cropped-bannier_altaiir-enrico.jpg\",\"contentUrl\":\"https:\\\/\\\/enricomaciasloriental.fr\\\/WordPress\\\/wp-content\\\/uploads\\\/\\\/2015\\\/02\\\/cropped-bannier_altaiir-enrico.jpg\",\"width\":1200,\"height\":150,\"caption\":\"Loriental\"},\"logo\":{\"@id\":\"https:\\\/\\\/enricomaciasloriental.fr\\\/WordPress\\\/wp-content\\\/uploads\\\/\\\/2015\\\/02\\\/cropped-bannier_altaiir-enrico.jpg\"},\"sameAs\":[\"http:\\\/\\\/www.enricomaciasloriental.fr\\\/\"]}]}<\/script>\n<!-- \/ Yoast SEO plugin. -->","yoast_head_json":{"title":"\u00ab Hospitalis\u00e9 pour des maux de dos \u00bb : les repr\u00e9sentations d\u2019Enrico Macias en Isra\u00ebl report\u00e9es - ENRICO MACIAS L&#039;Oriental","robots":{"index":"index","follow":"follow","max-snippet":"max-snippet:-1","max-image-preview":"max-image-preview:large","max-video-preview":"max-video-preview:-1"},"canonical":"https:\/\/enricomaciasloriental.fr\/WordPress\/hospitalise-pour-des-maux-de-dos-les-representations-denrico-macias-en-israel-reportees\/","og_locale":"fr_FR","og_type":"article","og_title":"\u00ab Hospitalis\u00e9 pour des maux de dos \u00bb : les repr\u00e9sentations d\u2019Enrico Macias en Isra\u00ebl report\u00e9es - ENRICO MACIAS L&#039;Oriental","og_description":"Les repr\u00e9sentations d\u2019Enrico Macias en Isra\u00ebl ont \u00e9t\u00e9 report\u00e9es en raison de son \u00e9tat de sant\u00e9, a annonc\u00e9 lundi la production isra\u00e9lienne du chanteur.Nous lui adressons nos meilleurs v\u0153ux de prompt r\u00e9tablissement.De nouvelles dates devraient \u00eatre communiqu\u00e9es prochainement \u00ab\u00a0\u05d0\u05d5\u05e9\u05e4\u05d6 \u05d1\u05d1\u05d9\u05ea &hellip; \u00ab Hospitalis\u00e9 pour des maux de dos \u00bb : les repr\u00e9sentations d\u2019Enrico Macias en Isra\u00ebl report\u00e9es Read More &raquo;","og_url":"https:\/\/enricomaciasloriental.fr\/WordPress\/hospitalise-pour-des-maux-de-dos-les-representations-denrico-macias-en-israel-reportees\/","og_site_name":"ENRICO MACIAS L&#039;Oriental","article_published_time":"2024-06-26T07:40:47+00:00","article_modified_time":"2024-06-26T07:40:51+00:00","og_image":[{"width":1140,"height":761,"url":"https:\/\/enricomaciasloriental.fr\/WordPress\/wp-content\/uploads\/\/2023\/11\/Bucarest2023-6442.jpg","type":"image\/jpeg"}],"author":"Loriental","twitter_card":"summary_large_image","twitter_misc":{"\u00c9crit par":"Loriental","Dur\u00e9e de lecture estim\u00e9e":"1 minute"},"schema":{"@context":"https:\/\/schema.org","@graph":[{"@type":"Article","@id":"https:\/\/enricomaciasloriental.fr\/WordPress\/hospitalise-pour-des-maux-de-dos-les-representations-denrico-macias-en-israel-reportees\/#article","isPartOf":{"@id":"https:\/\/enricomaciasloriental.fr\/WordPress\/hospitalise-pour-des-maux-de-dos-les-representations-denrico-macias-en-israel-reportees\/"},"author":{"name":"Loriental","@id":"https:\/\/enricomaciasloriental.fr\/WordPress\/#\/schema\/person\/53fba112c6f4f0b335578890a816262e"},"headline":"\u00ab Hospitalis\u00e9 pour des maux de dos \u00bb : les repr\u00e9sentations d\u2019Enrico Macias en Isra\u00ebl report\u00e9es","datePublished":"2024-06-26T07:40:47+00:00","dateModified":"2024-06-26T07:40:51+00:00","mainEntityOfPage":{"@id":"https:\/\/enricomaciasloriental.fr\/WordPress\/hospitalise-pour-des-maux-de-dos-les-representations-denrico-macias-en-israel-reportees\/"},"wordCount":65,"commentCount":6,"publisher":{"@id":"https:\/\/enricomaciasloriental.fr\/WordPress\/#\/schema\/person\/53fba112c6f4f0b335578890a816262e"},"image":{"@id":"https:\/\/enricomaciasloriental.fr\/WordPress\/hospitalise-pour-des-maux-de-dos-les-representations-denrico-macias-en-israel-reportees\/#primaryimage"},"thumbnailUrl":"https:\/\/enricomaciasloriental.fr\/WordPress\/wp-content\/uploads\/\/2023\/11\/Bucarest2023-6442.jpg","articleSection":["Actualit\u00e9s"],"inLanguage":"fr-FR","potentialAction":[{"@type":"CommentAction","name":"Comment","target":["https:\/\/enricomaciasloriental.fr\/WordPress\/hospitalise-pour-des-maux-de-dos-les-representations-denrico-macias-en-israel-reportees\/#respond"]}]},{"@type":"WebPage","@id":"https:\/\/enricomaciasloriental.fr\/WordPress\/hospitalise-pour-des-maux-de-dos-les-representations-denrico-macias-en-israel-reportees\/","url":"https:\/\/enricomaciasloriental.fr\/WordPress\/hospitalise-pour-des-maux-de-dos-les-representations-denrico-macias-en-israel-reportees\/","name":"\u00ab Hospitalis\u00e9 pour des maux de dos \u00bb : les repr\u00e9sentations d\u2019Enrico Macias en Isra\u00ebl report\u00e9es - ENRICO MACIAS L&#039;Oriental","isPartOf":{"@id":"https:\/\/enricomaciasloriental.fr\/WordPress\/#website"},"primaryImageOfPage":{"@id":"https:\/\/enricomaciasloriental.fr\/WordPress\/hospitalise-pour-des-maux-de-dos-les-representations-denrico-macias-en-israel-reportees\/#primaryimage"},"image":{"@id":"https:\/\/enricomaciasloriental.fr\/WordPress\/hospitalise-pour-des-maux-de-dos-les-representations-denrico-macias-en-israel-reportees\/#primaryimage"},"thumbnailUrl":"https:\/\/enricomaciasloriental.fr\/WordPress\/wp-content\/uploads\/\/2023\/11\/Bucarest2023-6442.jpg","datePublished":"2024-06-26T07:40:47+00:00","dateModified":"2024-06-26T07:40:51+00:00","breadcrumb":{"@id":"https:\/\/enricomaciasloriental.fr\/WordPress\/hospitalise-pour-des-maux-de-dos-les-representations-denrico-macias-en-israel-reportees\/#breadcrumb"},"inLanguage":"fr-FR","potentialAction":[{"@type":"ReadAction","target":["https:\/\/enricomaciasloriental.fr\/WordPress\/hospitalise-pour-des-maux-de-dos-les-representations-denrico-macias-en-israel-reportees\/"]}]},{"@type":"ImageObject","inLanguage":"fr-FR","@id":"https:\/\/enricomaciasloriental.fr\/WordPress\/hospitalise-pour-des-maux-de-dos-les-representations-denrico-macias-en-israel-reportees\/#primaryimage","url":"https:\/\/enricomaciasloriental.fr\/WordPress\/wp-content\/uploads\/\/2023\/11\/Bucarest2023-6442.jpg","contentUrl":"https:\/\/enricomaciasloriental.fr\/WordPress\/wp-content\/uploads\/\/2023\/11\/Bucarest2023-6442.jpg","width":1140,"height":761},{"@type":"BreadcrumbList","@id":"https:\/\/enricomaciasloriental.fr\/WordPress\/hospitalise-pour-des-maux-de-dos-les-representations-denrico-macias-en-israel-reportees\/#breadcrumb","itemListElement":[{"@type":"ListItem","position":1,"name":"Accueil","item":"https:\/\/enricomaciasloriental.fr\/WordPress\/"},{"@type":"ListItem","position":2,"name":"\u00ab Hospitalis\u00e9 pour des maux de dos \u00bb : les repr\u00e9sentations d\u2019Enrico Macias en Isra\u00ebl report\u00e9es"}]},{"@type":"WebSite","@id":"https:\/\/enricomaciasloriental.fr\/WordPress\/#website","url":"https:\/\/enricomaciasloriental.fr\/WordPress\/","name":"ENRICO MACIAS L'Oriental","description":"IL EST COMME LE SOLEIL","publisher":{"@id":"https:\/\/enricomaciasloriental.fr\/WordPress\/#\/schema\/person\/53fba112c6f4f0b335578890a816262e"},"potentialAction":[{"@type":"SearchAction","target":{"@type":"EntryPoint","urlTemplate":"https:\/\/enricomaciasloriental.fr\/WordPress\/?s={search_term_string}"},"query-input":{"@type":"PropertyValueSpecification","valueRequired":true,"valueName":"search_term_string"}}],"inLanguage":"fr-FR"},{"@type":["Person","Organization"],"@id":"https:\/\/enricomaciasloriental.fr\/WordPress\/#\/schema\/person\/53fba112c6f4f0b335578890a816262e","name":"Loriental","image":{"@type":"ImageObject","inLanguage":"fr-FR","@id":"https:\/\/enricomaciasloriental.fr\/WordPress\/wp-content\/uploads\/\/2015\/02\/cropped-bannier_altaiir-enrico.jpg","url":"https:\/\/enricomaciasloriental.fr\/WordPress\/wp-content\/uploads\/\/2015\/02\/cropped-bannier_altaiir-enrico.jpg","contentUrl":"https:\/\/enricomaciasloriental.fr\/WordPress\/wp-content\/uploads\/\/2015\/02\/cropped-bannier_altaiir-enrico.jpg","width":1200,"height":150,"caption":"Loriental"},"logo":{"@id":"https:\/\/enricomaciasloriental.fr\/WordPress\/wp-content\/uploads\/\/2015\/02\/cropped-bannier_altaiir-enrico.jpg"},"sameAs":["http:\/\/www.enricomaciasloriental.fr\/"]}]}},"featured_image_src":"https:\/\/enricomaciasloriental.fr\/WordPress\/wp-content\/uploads\/\/2023\/11\/Bucarest2023-6442.jpg","featured_image_src_square":"https:\/\/enricomaciasloriental.fr\/WordPress\/wp-content\/uploads\/\/2023\/11\/Bucarest2023-6442.jpg","author_info":{"display_name":"Loriental","author_link":"https:\/\/enricomaciasloriental.fr\/WordPress\/author\/admin9234\/"},"rbea_author_info":{"display_name":"Loriental","author_link":"https:\/\/enricomaciasloriental.fr\/WordPress\/author\/admin9234\/"},"rbea_excerpt_info":"Les repr\u00e9sentations d\u2019Enrico Macias en Isra\u00ebl ont \u00e9t\u00e9 report\u00e9es en raison de son \u00e9tat de sant\u00e9, a annonc\u00e9 lundi la production isra\u00e9lienne du chanteur.Nous lui adressons nos meilleurs v\u0153ux de prompt r\u00e9tablissement.De nouvelles dates devraient \u00eatre communiqu\u00e9es prochainement \u00ab\u00a0\u05d0\u05d5\u05e9\u05e4\u05d6 \u05d1\u05d1\u05d9\u05ea &hellip;<p class=\"read-more\"> <a class=\"more-link\" href=\"https:\/\/enricomaciasloriental.fr\/WordPress\/hospitalise-pour-des-maux-de-dos-les-representations-denrico-macias-en-israel-reportees\/\"> <span class=\"screen-reader-text\">\u00ab Hospitalis\u00e9 pour des maux de dos \u00bb : les repr\u00e9sentations d\u2019Enrico Macias en Isra\u00ebl report\u00e9es<\/span> Read More &raquo;<\/a><\/p>","category_list":"<a href=\"https:\/\/enricomaciasloriental.fr\/WordPress\/category\/actualites\/\">Actualit\u00e9s<\/a>","comments_num":"6 comments","_links":{"self":[{"href":"https:\/\/enricomaciasloriental.fr\/WordPress\/wp-json\/wp\/v2\/posts\/17618","targetHints":{"allow":["GET"]}}],"collection":[{"href":"https:\/\/enricomaciasloriental.fr\/WordPress\/wp-json\/wp\/v2\/posts"}],"about":[{"href":"https:\/\/enricomaciasloriental.fr\/WordPress\/wp-json\/wp\/v2\/types\/post"}],"author":[{"embeddable":true,"href":"https:\/\/enricomaciasloriental.fr\/WordPress\/wp-json\/wp\/v2\/users\/36"}],"replies":[{"embeddable":true,"href":"https:\/\/enricomaciasloriental.fr\/WordPress\/wp-json\/wp\/v2\/comments?post=17618"}],"version-history":[{"count":0,"href":"https:\/\/enricomaciasloriental.fr\/WordPress\/wp-json\/wp\/v2\/posts\/17618\/revisions"}],"wp:featuredmedia":[{"embeddable":true,"href":"https:\/\/enricomaciasloriental.fr\/WordPress\/wp-json\/wp\/v2\/media\/17132"}],"wp:attachment":[{"href":"https:\/\/enricomaciasloriental.fr\/WordPress\/wp-json\/wp\/v2\/media?parent=17618"}],"wp:term":[{"taxonomy":"category","embeddable":true,"href":"https:\/\/enricomaciasloriental.fr\/WordPress\/wp-json\/wp\/v2\/categories?post=17618"},{"taxonomy":"post_tag","embeddable":true,"href":"https:\/\/enricomaciasloriental.fr\/WordPress\/wp-json\/wp\/v2\/tags?post=17618"}],"curies":[{"name":"wp","href":"https:\/\/api.w.org\/{rel}","templated":true}]}}