{"id":17811,"date":"2024-12-13T18:57:15","date_gmt":"2024-12-13T17:57:15","guid":{"rendered":"https:\/\/enricomaciasloriental.fr\/WordPress\/?p=17811"},"modified":"2024-12-13T18:57:17","modified_gmt":"2024-12-13T17:57:17","slug":"et-toi-dejazet-je-suis-bien-dans-tes-bras","status":"publish","type":"post","link":"https:\/\/enricomaciasloriental.fr\/WordPress\/et-toi-dejazet-je-suis-bien-dans-tes-bras\/","title":{"rendered":"ET TOI DEJAZET, JE SUIS BIEN DANS TES BRAS"},"content":{"rendered":"\n<p>Pour la deuxi\u00e8me ann\u00e9e cons\u00e9cutive, c\u2019est au th\u00e9\u00e2tre D\u00e9jazet, Boulevard du temple \u00e0 Paris, qu\u2019Enrico Macias avait convi\u00e9 ses fans, ses amis, sa famille pour f\u00eater son anniversaire.<\/p>\n\n\n\n<figure class=\"wp-block-image aligncenter size-full\"><img fetchpriority=\"high\" decoding=\"async\" width=\"700\" height=\"467\" src=\"https:\/\/enricomaciasloriental.fr\/WordPress\/wp-content\/uploads\/\/2024\/12\/Dejazet2024__Z636190.jpg\" alt=\"\" class=\"wp-image-17812\" srcset=\"https:\/\/enricomaciasloriental.fr\/WordPress\/wp-content\/uploads\/2024\/12\/Dejazet2024__Z636190.jpg 700w, https:\/\/enricomaciasloriental.fr\/WordPress\/wp-content\/uploads\/2024\/12\/Dejazet2024__Z636190-350x234.jpg 350w, https:\/\/enricomaciasloriental.fr\/WordPress\/wp-content\/uploads\/2024\/12\/Dejazet2024__Z636190-640x427.jpg 640w, https:\/\/enricomaciasloriental.fr\/WordPress\/wp-content\/uploads\/2024\/12\/Dejazet2024__Z636190-100x67.jpg 100w, https:\/\/enricomaciasloriental.fr\/WordPress\/wp-content\/uploads\/2024\/12\/Dejazet2024__Z636190-150x100.jpg 150w, https:\/\/enricomaciasloriental.fr\/WordPress\/wp-content\/uploads\/2024\/12\/Dejazet2024__Z636190-200x133.jpg 200w, https:\/\/enricomaciasloriental.fr\/WordPress\/wp-content\/uploads\/2024\/12\/Dejazet2024__Z636190-300x200.jpg 300w, https:\/\/enricomaciasloriental.fr\/WordPress\/wp-content\/uploads\/2024\/12\/Dejazet2024__Z636190-450x300.jpg 450w, https:\/\/enricomaciasloriental.fr\/WordPress\/wp-content\/uploads\/2024\/12\/Dejazet2024__Z636190-600x400.jpg 600w\" sizes=\"(max-width: 700px) 100vw, 700px\" \/><\/figure>\n\n\n\n<p>86 ans et toujours sur les sc\u00e8nes de France et du monde pour transmettre son message de paix, d\u2019amiti\u00e9 et d\u2019amour, c\u2019est beau et remarquable.<br \/>Et cette soir\u00e9e tr\u00e8s sp\u00e9ciale fut \u00e0 la hauteur de l\u2019artiste, empreinte d\u2019amour, de chaleur et de joie. La salle, comble du parterre au poulailler a c\u00e9l\u00e9br\u00e9, son chanteur avec ferveur et g\u00e9n\u00e9rosit\u00e9.<\/p>\n\n\n\n<p>Pas de plus beau cadeau pour Enrico qu\u2019un public sur le visage duquel il lit le bonheur et qui fait la f\u00eate sans retenue avec lui.<\/p>\n\n\n\n<p>Il l\u2019a d\u2019ailleurs exprim\u00e9 avec beaucoup de sinc\u00e9rit\u00e9&nbsp;:<br \/>&nbsp;\u00ab&nbsp;Mon plus beau cadeau d\u2019anniversaire, c\u2019est vous&nbsp;\u00bb<\/p>\n\n\n\n<figure class=\"wp-block-image aligncenter size-full\"><img decoding=\"async\" width=\"700\" height=\"467\" src=\"https:\/\/enricomaciasloriental.fr\/WordPress\/wp-content\/uploads\/\/2024\/12\/Dejazet2024__Z635990.jpg\" alt=\"\" class=\"wp-image-17813\" srcset=\"https:\/\/enricomaciasloriental.fr\/WordPress\/wp-content\/uploads\/2024\/12\/Dejazet2024__Z635990.jpg 700w, https:\/\/enricomaciasloriental.fr\/WordPress\/wp-content\/uploads\/2024\/12\/Dejazet2024__Z635990-350x234.jpg 350w, https:\/\/enricomaciasloriental.fr\/WordPress\/wp-content\/uploads\/2024\/12\/Dejazet2024__Z635990-640x427.jpg 640w, https:\/\/enricomaciasloriental.fr\/WordPress\/wp-content\/uploads\/2024\/12\/Dejazet2024__Z635990-100x67.jpg 100w, https:\/\/enricomaciasloriental.fr\/WordPress\/wp-content\/uploads\/2024\/12\/Dejazet2024__Z635990-150x100.jpg 150w, https:\/\/enricomaciasloriental.fr\/WordPress\/wp-content\/uploads\/2024\/12\/Dejazet2024__Z635990-200x133.jpg 200w, https:\/\/enricomaciasloriental.fr\/WordPress\/wp-content\/uploads\/2024\/12\/Dejazet2024__Z635990-300x200.jpg 300w, https:\/\/enricomaciasloriental.fr\/WordPress\/wp-content\/uploads\/2024\/12\/Dejazet2024__Z635990-450x300.jpg 450w, https:\/\/enricomaciasloriental.fr\/WordPress\/wp-content\/uploads\/2024\/12\/Dejazet2024__Z635990-600x400.jpg 600w\" sizes=\"(max-width: 700px) 100vw, 700px\" \/><\/figure>\n\n\n\n<p>Et les moments d\u2019\u00e9motion, dans la salle comme sur la sc\u00e8ne ont \u00e9t\u00e9 nombreux&nbsp;:<\/p>\n\n\n\n<p>\u00a0\u00a0\u00a0\u00a0\u00a0\u00a0\u00a0\u00a0\u00a0\u00a0\u00a0\u00a0\u00a0\u00a0\u00a0 lorsque la salle, debout, a entonn\u00e9 un \u00ab\u00a0Joyeux Anniversaire Enrico\u00a0\u00bb apr\u00e8s le premier medley provoquant un sourire radieux sur le visage de l\u2019artiste<\/p>\n\n\n\n<p>&nbsp;&nbsp;&nbsp;&nbsp;&nbsp;&nbsp;&nbsp;&nbsp;&nbsp;&nbsp;&nbsp;&nbsp;&nbsp;&nbsp;&nbsp; Lorsqu\u2019Enrico impose le silence \u00e0 ses musiciens pour mieux entendre et savourer ses refrains repris par son public comme un seul ch\u0153ur.<\/p>\n\n\n\n<p>                 Emotion lorsque la voix du chanteur s\u2019\u00e9trangle et que ses yeux s\u2019inondent de larmes r\u00e9fr\u00e9n\u00e9es en chantant \u00ab\u00a0Un berger vient de tomber\u00a0\u00bb<\/p>\n\n\n\n<p>                 Emotion encore lorsqu\u2019Enrico rend hommage \u00e0 son chef d\u2019orchestre et arrangeur historique, Jean Claudric qui, \u00e0 94 ans, est encore pr\u00e9sent dans la salle pour venir applaudir son ami de toujours.<\/p>\n\n\n\n<p>Il faut souligner une tr\u00e8s belle surprise lors de cette soir\u00e9e. Enrico a invit\u00e9 Rachelle Plas \u00e0 l\u2019accompagner \u00e0 l\u2019harmonica sur \u00ab&nbsp;les gens du nord&nbsp;\u00bb, un tr\u00e8s beau duo, l\u2019harmonica faisant \u00e9cho au chanteur avec virtuosit\u00e9 et grande sensibilit\u00e9. Merci et bravo Rachelle, c\u2019\u00e9tait sublime.<\/p>\n\n\n\n<figure class=\"wp-block-image aligncenter size-full\"><img decoding=\"async\" width=\"700\" height=\"467\" src=\"https:\/\/enricomaciasloriental.fr\/WordPress\/wp-content\/uploads\/\/2024\/12\/Dejazet2024__Z635801.jpg\" alt=\"\" class=\"wp-image-17814\" srcset=\"https:\/\/enricomaciasloriental.fr\/WordPress\/wp-content\/uploads\/2024\/12\/Dejazet2024__Z635801.jpg 700w, https:\/\/enricomaciasloriental.fr\/WordPress\/wp-content\/uploads\/2024\/12\/Dejazet2024__Z635801-350x234.jpg 350w, https:\/\/enricomaciasloriental.fr\/WordPress\/wp-content\/uploads\/2024\/12\/Dejazet2024__Z635801-640x427.jpg 640w, https:\/\/enricomaciasloriental.fr\/WordPress\/wp-content\/uploads\/2024\/12\/Dejazet2024__Z635801-100x67.jpg 100w, https:\/\/enricomaciasloriental.fr\/WordPress\/wp-content\/uploads\/2024\/12\/Dejazet2024__Z635801-150x100.jpg 150w, https:\/\/enricomaciasloriental.fr\/WordPress\/wp-content\/uploads\/2024\/12\/Dejazet2024__Z635801-200x133.jpg 200w, https:\/\/enricomaciasloriental.fr\/WordPress\/wp-content\/uploads\/2024\/12\/Dejazet2024__Z635801-300x200.jpg 300w, https:\/\/enricomaciasloriental.fr\/WordPress\/wp-content\/uploads\/2024\/12\/Dejazet2024__Z635801-450x300.jpg 450w, https:\/\/enricomaciasloriental.fr\/WordPress\/wp-content\/uploads\/2024\/12\/Dejazet2024__Z635801-600x400.jpg 600w\" sizes=\"(max-width: 700px) 100vw, 700px\" \/><figcaption class=\"wp-element-caption\">Enrico Macias et Rachelle Plas<\/figcaption><\/figure>\n\n\n\n<p>Comme lors de chaque concert, Enrico a mis \u00e0 l\u2019honneur ses musiciens&nbsp;:<\/p>\n\n\n\n<p>Lionel Teboul dont il a fait la connaissance pour la premi\u00e8re fois au cours d\u2019une \u00e9mission de l\u2019\u00e9cole des fans alors que Lionel n\u2019avait que 5 ans. Ce dernier est devenu depuis un grand pianiste, arrangeur et chef d\u2019orchestre et il accompagne Enrico depuis quelques ann\u00e9es d\u00e9j\u00e0.<\/p>\n\n\n\n<p>Amar Mohali, son percussionniste, originaire de Kabylie. C\u2019est le bout en train de l\u2019\u00e9quipe qui, outre \u00eatre un excellent musicien, est aussi le chauffeur de salle durant le concert.<\/p>\n\n\n\n<p>Bruno Bongar\u00e7on, originaire de Solenzara, guitariste \u00e9m\u00e9rite qui nous offre toujours un moment \u00e9poustouflant de virtuosit\u00e9 lors de son improvisation.<\/p>\n\n\n\n<p>Philippe Hervouet, qui est originaire, lui, de Bretagne et dont les Tralalaleno endiabl\u00e9s enchantent Enrico qui lui r\u00e9pond en La\u00ef, la\u00ef, la\u00ef, la\u00ef, la\u00ef.<\/p>\n\n\n\n<p>Kamel Labbaci, originaire d\u2019Annaba en Alg\u00e9rie, violoniste virtuose, chef d\u2019orchestre de la musique arabo andalouse nous offre \u00e0 chaque concert une improvisation (\u00e0 la mani\u00e8re de papa Sylvain) qui nous laisse pantois.<\/p>\n\n\n\n<p>Enfin, il ne faut pas oublier celui qu\u2019Enrico Macias connait depuis sa naissance puisqu\u2019il s\u2019agit de son fils, Jean Claude Ghrenassia, multi instrumentiste mais principalement bassiste et contre bassiste avec son p\u00e8re, dont il est aussi le manager, le directeur musical et l\u2019arrangeur de tout le spectacle.<\/p>\n\n\n\n<p>Il faut ajouter \u00e0 la technique son Jean Pierre Boyer<\/p>\n\n\n\n<p>Enrico n\u2019a pas manqu\u00e9 non plus de mettre \u00e0 l\u2019honneur son producteur, Damien Nougar\u00e8de, qui se met en quatre pour accompagner l\u2019artiste sur toutes les sc\u00e8nes de France et du monde \u00e0 la rencontre de son public. Toujours souriant et \u00e0 l\u2019\u00e9coute, il est entour\u00e9 d\u2019une \u00e9quipe tr\u00e8s professionnelle et accueillante.<\/p>\n\n\n\n<figure class=\"wp-block-image aligncenter size-full\"><img loading=\"lazy\" decoding=\"async\" width=\"700\" height=\"467\" src=\"https:\/\/enricomaciasloriental.fr\/WordPress\/wp-content\/uploads\/\/2024\/12\/Dejazet2024__Z636043.jpg\" alt=\"\" class=\"wp-image-17815\" srcset=\"https:\/\/enricomaciasloriental.fr\/WordPress\/wp-content\/uploads\/2024\/12\/Dejazet2024__Z636043.jpg 700w, https:\/\/enricomaciasloriental.fr\/WordPress\/wp-content\/uploads\/2024\/12\/Dejazet2024__Z636043-350x234.jpg 350w, https:\/\/enricomaciasloriental.fr\/WordPress\/wp-content\/uploads\/2024\/12\/Dejazet2024__Z636043-640x427.jpg 640w, https:\/\/enricomaciasloriental.fr\/WordPress\/wp-content\/uploads\/2024\/12\/Dejazet2024__Z636043-100x67.jpg 100w, https:\/\/enricomaciasloriental.fr\/WordPress\/wp-content\/uploads\/2024\/12\/Dejazet2024__Z636043-150x100.jpg 150w, https:\/\/enricomaciasloriental.fr\/WordPress\/wp-content\/uploads\/2024\/12\/Dejazet2024__Z636043-200x133.jpg 200w, https:\/\/enricomaciasloriental.fr\/WordPress\/wp-content\/uploads\/2024\/12\/Dejazet2024__Z636043-300x200.jpg 300w, https:\/\/enricomaciasloriental.fr\/WordPress\/wp-content\/uploads\/2024\/12\/Dejazet2024__Z636043-450x300.jpg 450w, https:\/\/enricomaciasloriental.fr\/WordPress\/wp-content\/uploads\/2024\/12\/Dejazet2024__Z636043-600x400.jpg 600w\" sizes=\"(max-width: 700px) 100vw, 700px\" \/><figcaption class=\"wp-element-caption\">Enrico Macias et Damien Nougarede<\/figcaption><\/figure>\n\n\n\n<p>Pour que la f\u00eate soit compl\u00e8te, la fin du spectacle avec le medley arabo andalou et le final endiabl\u00e9 du mendiant de l\u2019amour suivi de l\u2019oriental et de porompompero a \u00e9t\u00e9 l\u2019occasion pour tous de finir debout pour chanter et danser avec Enrico et une derni\u00e8re fois lui souhaiter un tr\u00e8s joyeux anniversaire.<\/p>\n\n\n\n<figure class=\"wp-block-image aligncenter size-full\"><img loading=\"lazy\" decoding=\"async\" width=\"467\" height=\"700\" src=\"https:\/\/enricomaciasloriental.fr\/WordPress\/wp-content\/uploads\/\/2024\/12\/Dejazet2024__Z636233.jpg\" alt=\"\" class=\"wp-image-17817\" srcset=\"https:\/\/enricomaciasloriental.fr\/WordPress\/wp-content\/uploads\/2024\/12\/Dejazet2024__Z636233.jpg 467w, https:\/\/enricomaciasloriental.fr\/WordPress\/wp-content\/uploads\/2024\/12\/Dejazet2024__Z636233-234x350.jpg 234w, https:\/\/enricomaciasloriental.fr\/WordPress\/wp-content\/uploads\/2024\/12\/Dejazet2024__Z636233-100x150.jpg 100w, https:\/\/enricomaciasloriental.fr\/WordPress\/wp-content\/uploads\/2024\/12\/Dejazet2024__Z636233-150x225.jpg 150w, https:\/\/enricomaciasloriental.fr\/WordPress\/wp-content\/uploads\/2024\/12\/Dejazet2024__Z636233-200x300.jpg 200w, https:\/\/enricomaciasloriental.fr\/WordPress\/wp-content\/uploads\/2024\/12\/Dejazet2024__Z636233-300x450.jpg 300w, https:\/\/enricomaciasloriental.fr\/WordPress\/wp-content\/uploads\/2024\/12\/Dejazet2024__Z636233-450x675.jpg 450w\" sizes=\"(max-width: 467px) 100vw, 467px\" \/><\/figure>\n\n\n\n<p>En remerciement de tous ces t\u00e9moignages d\u2019amour, Enrico est revenu sur le devant de la sc\u00e8ne pour interpr\u00e9ter \u00e0 capella \u00ab&nbsp;Enfants de tous pays&nbsp;\u00bb dont le refrain fut repris par l\u2019ensemble du public tel une pri\u00e8re adress\u00e9e aux g\u00e9n\u00e9rations futures.<\/p>\n\n\n\n<p>Nous garderons de cette soir\u00e9e un souvenir tr\u00e8s sp\u00e9cial de par sa date. \u00catre avec son chanteur pr\u00e9f\u00e9r\u00e9 le jour de son anniversaire pour faire la&nbsp; f\u00eate avec lui est un moment unique et inoubliable.<br \/>Mais aussi de par son lieu. Si le th\u00e9\u00e2tre D\u00e9jazet a un petit air d\u00e9suet, il offre un cadre tr\u00e8s chaleureux et intimiste, qui nous place au plus pr\u00e8s de l\u2019artiste et nous fond tous dans un m\u00eame cocon de bonheur partag\u00e9. Il nous ram\u00e8ne bien des ann\u00e9es en arri\u00e8re \u00e0 une \u00e9poque plus insouciante.<br \/>Enfin une \u00e9motion toute particuli\u00e8re a baign\u00e9 ce concert sur la sc\u00e8ne comme dans la salle et elle restera grav\u00e9e en nous pour tr\u00e8s longtemps.<\/p>\n\n\n\n<p>Merci \u00e0 Enrico qui, \u00e0 86 printemps, affiche encore un enthousiasme admirable et une foi in\u00e9branlable.<br \/> Et Damien Nougarede, les musiciens et techniciens pour cette magnifique soir\u00e9e.<br \/><br \/>Et merci au fid\u00e8le public d\u2019Enrico Macias d\u2019\u00eatre toujours pr\u00e9sent<\/p>\n\n\n\n<figure class=\"wp-block-image aligncenter size-full\"><img loading=\"lazy\" decoding=\"async\" width=\"700\" height=\"467\" src=\"https:\/\/enricomaciasloriental.fr\/WordPress\/wp-content\/uploads\/\/2024\/12\/Dejazet2024__Z636292.jpg\" alt=\"\" class=\"wp-image-17816\" srcset=\"https:\/\/enricomaciasloriental.fr\/WordPress\/wp-content\/uploads\/2024\/12\/Dejazet2024__Z636292.jpg 700w, https:\/\/enricomaciasloriental.fr\/WordPress\/wp-content\/uploads\/2024\/12\/Dejazet2024__Z636292-350x234.jpg 350w, https:\/\/enricomaciasloriental.fr\/WordPress\/wp-content\/uploads\/2024\/12\/Dejazet2024__Z636292-640x427.jpg 640w, https:\/\/enricomaciasloriental.fr\/WordPress\/wp-content\/uploads\/2024\/12\/Dejazet2024__Z636292-100x67.jpg 100w, https:\/\/enricomaciasloriental.fr\/WordPress\/wp-content\/uploads\/2024\/12\/Dejazet2024__Z636292-150x100.jpg 150w, https:\/\/enricomaciasloriental.fr\/WordPress\/wp-content\/uploads\/2024\/12\/Dejazet2024__Z636292-200x133.jpg 200w, https:\/\/enricomaciasloriental.fr\/WordPress\/wp-content\/uploads\/2024\/12\/Dejazet2024__Z636292-300x200.jpg 300w, https:\/\/enricomaciasloriental.fr\/WordPress\/wp-content\/uploads\/2024\/12\/Dejazet2024__Z636292-450x300.jpg 450w, https:\/\/enricomaciasloriental.fr\/WordPress\/wp-content\/uploads\/2024\/12\/Dejazet2024__Z636292-600x400.jpg 600w\" sizes=\"(max-width: 700px) 100vw, 700px\" \/><figcaption class=\"wp-element-caption\">De gauche \u00e0 droite : Bruno Bongar\u00e7on, Philippe Hervouet, Amar Mohali, Jean Claude Ghrenassia, Enrico Macias, Rachelle Plas, Kamel Labbaci, Lionel Teboul<\/figcaption><\/figure>\n\n\n\n<p>Liste des chansons<\/p>\n\n\n\n<p><br \/>Non, je n\u2019ai pas oubli\u00e9<br \/>La femme de mon ami<br \/>les millionnaires du dimanche <br \/>Aux talons de ses souliers<br \/>Adieu mon pays<br \/>Oh guitare, guitare<br \/>Les gens du nord (accompagn\u00e9 de Rachel Plas)<br \/>Juif espagnol<br \/>Un berger vient de tomber<br \/>Quand on un fr\u00e8re<br \/>Yerushala\u00efm Ose shalom<br \/>D\u00e8s que je me r\u00e9veille<br \/>une fille \u00e0 marier<br \/>Les filles de mon pays<br \/>Le violon de mon p\u00e8re<br \/>Medley oriental<br \/>Ya Rayah<br \/>Le mendiant de l\u2019amour<br \/>L\u2019oriental<br \/>Porompompero<br \/>Enfants de tous pays<br \/><\/p>\n","protected":false},"excerpt":{"rendered":"<p>Pour la deuxi\u00e8me ann\u00e9e cons\u00e9cutive, c\u2019est au th\u00e9\u00e2tre D\u00e9jazet, Boulevard du temple \u00e0 Paris, qu\u2019Enrico Macias avait convi\u00e9 ses fans, ses amis, sa famille pour f\u00eater son anniversaire. 86 ans et toujours sur les sc\u00e8nes de France et du monde &hellip;<\/p>\n<p class=\"read-more\"> <a class=\"more-link\" href=\"https:\/\/enricomaciasloriental.fr\/WordPress\/et-toi-dejazet-je-suis-bien-dans-tes-bras\/\"> <span class=\"screen-reader-text\">ET TOI DEJAZET, JE SUIS BIEN DANS TES BRAS<\/span> Read More &raquo;<\/a><\/p>\n","protected":false},"author":36,"featured_media":17813,"comment_status":"open","ping_status":"open","sticky":false,"template":"","format":"standard","meta":{"footnotes":""},"categories":[1],"tags":[],"class_list":["post-17811","post","type-post","status-publish","format-standard","has-post-thumbnail","hentry","category-actualites"],"yoast_head":"<!-- This site is optimized with the Yoast SEO plugin v27.4 - https:\/\/yoast.com\/product\/yoast-seo-wordpress\/ -->\n<title>ET TOI DEJAZET, JE SUIS BIEN DANS TES BRAS - ENRICO MACIAS L&#039;Oriental<\/title>\n<meta name=\"robots\" content=\"index, follow, max-snippet:-1, max-image-preview:large, max-video-preview:-1\" \/>\n<link rel=\"canonical\" href=\"https:\/\/enricomaciasloriental.fr\/WordPress\/et-toi-dejazet-je-suis-bien-dans-tes-bras\/\" \/>\n<meta property=\"og:locale\" content=\"fr_FR\" \/>\n<meta property=\"og:type\" content=\"article\" \/>\n<meta property=\"og:title\" content=\"ET TOI DEJAZET, JE SUIS BIEN DANS TES BRAS - ENRICO MACIAS L&#039;Oriental\" \/>\n<meta property=\"og:description\" content=\"Pour la deuxi\u00e8me ann\u00e9e cons\u00e9cutive, c\u2019est au th\u00e9\u00e2tre D\u00e9jazet, Boulevard du temple \u00e0 Paris, qu\u2019Enrico Macias avait convi\u00e9 ses fans, ses amis, sa famille pour f\u00eater son anniversaire. 86 ans et toujours sur les sc\u00e8nes de France et du monde &hellip; ET TOI DEJAZET, JE SUIS BIEN DANS TES BRAS Read More &raquo;\" \/>\n<meta property=\"og:url\" content=\"https:\/\/enricomaciasloriental.fr\/WordPress\/et-toi-dejazet-je-suis-bien-dans-tes-bras\/\" \/>\n<meta property=\"og:site_name\" content=\"ENRICO MACIAS L&#039;Oriental\" \/>\n<meta property=\"article:published_time\" content=\"2024-12-13T17:57:15+00:00\" \/>\n<meta property=\"article:modified_time\" content=\"2024-12-13T17:57:17+00:00\" \/>\n<meta property=\"og:image\" content=\"https:\/\/enricomaciasloriental.fr\/WordPress\/wp-content\/uploads\/\/2024\/12\/Dejazet2024__Z635990.jpg\" \/>\n\t<meta property=\"og:image:width\" content=\"700\" \/>\n\t<meta property=\"og:image:height\" content=\"467\" \/>\n\t<meta property=\"og:image:type\" content=\"image\/jpeg\" \/>\n<meta name=\"author\" content=\"Loriental\" \/>\n<meta name=\"twitter:card\" content=\"summary_large_image\" \/>\n<meta name=\"twitter:label1\" content=\"\u00c9crit par\" \/>\n\t<meta name=\"twitter:data1\" content=\"Loriental\" \/>\n\t<meta name=\"twitter:label2\" content=\"Dur\u00e9e de lecture estim\u00e9e\" \/>\n\t<meta name=\"twitter:data2\" content=\"7 minutes\" \/>\n<script type=\"application\/ld+json\" class=\"yoast-schema-graph\">{\"@context\":\"https:\\\/\\\/schema.org\",\"@graph\":[{\"@type\":\"Article\",\"@id\":\"https:\\\/\\\/enricomaciasloriental.fr\\\/WordPress\\\/et-toi-dejazet-je-suis-bien-dans-tes-bras\\\/#article\",\"isPartOf\":{\"@id\":\"https:\\\/\\\/enricomaciasloriental.fr\\\/WordPress\\\/et-toi-dejazet-je-suis-bien-dans-tes-bras\\\/\"},\"author\":{\"name\":\"Loriental\",\"@id\":\"https:\\\/\\\/enricomaciasloriental.fr\\\/WordPress\\\/#\\\/schema\\\/person\\\/53fba112c6f4f0b335578890a816262e\"},\"headline\":\"ET TOI DEJAZET, JE SUIS BIEN DANS TES BRAS\",\"datePublished\":\"2024-12-13T17:57:15+00:00\",\"dateModified\":\"2024-12-13T17:57:17+00:00\",\"mainEntityOfPage\":{\"@id\":\"https:\\\/\\\/enricomaciasloriental.fr\\\/WordPress\\\/et-toi-dejazet-je-suis-bien-dans-tes-bras\\\/\"},\"wordCount\":1040,\"commentCount\":1,\"publisher\":{\"@id\":\"https:\\\/\\\/enricomaciasloriental.fr\\\/WordPress\\\/#\\\/schema\\\/person\\\/53fba112c6f4f0b335578890a816262e\"},\"image\":{\"@id\":\"https:\\\/\\\/enricomaciasloriental.fr\\\/WordPress\\\/et-toi-dejazet-je-suis-bien-dans-tes-bras\\\/#primaryimage\"},\"thumbnailUrl\":\"https:\\\/\\\/enricomaciasloriental.fr\\\/WordPress\\\/wp-content\\\/uploads\\\/\\\/2024\\\/12\\\/Dejazet2024__Z635990.jpg\",\"articleSection\":[\"Actualit\u00e9s\"],\"inLanguage\":\"fr-FR\",\"potentialAction\":[{\"@type\":\"CommentAction\",\"name\":\"Comment\",\"target\":[\"https:\\\/\\\/enricomaciasloriental.fr\\\/WordPress\\\/et-toi-dejazet-je-suis-bien-dans-tes-bras\\\/#respond\"]}]},{\"@type\":\"WebPage\",\"@id\":\"https:\\\/\\\/enricomaciasloriental.fr\\\/WordPress\\\/et-toi-dejazet-je-suis-bien-dans-tes-bras\\\/\",\"url\":\"https:\\\/\\\/enricomaciasloriental.fr\\\/WordPress\\\/et-toi-dejazet-je-suis-bien-dans-tes-bras\\\/\",\"name\":\"ET TOI DEJAZET, JE SUIS BIEN DANS TES BRAS - ENRICO MACIAS L&#039;Oriental\",\"isPartOf\":{\"@id\":\"https:\\\/\\\/enricomaciasloriental.fr\\\/WordPress\\\/#website\"},\"primaryImageOfPage\":{\"@id\":\"https:\\\/\\\/enricomaciasloriental.fr\\\/WordPress\\\/et-toi-dejazet-je-suis-bien-dans-tes-bras\\\/#primaryimage\"},\"image\":{\"@id\":\"https:\\\/\\\/enricomaciasloriental.fr\\\/WordPress\\\/et-toi-dejazet-je-suis-bien-dans-tes-bras\\\/#primaryimage\"},\"thumbnailUrl\":\"https:\\\/\\\/enricomaciasloriental.fr\\\/WordPress\\\/wp-content\\\/uploads\\\/\\\/2024\\\/12\\\/Dejazet2024__Z635990.jpg\",\"datePublished\":\"2024-12-13T17:57:15+00:00\",\"dateModified\":\"2024-12-13T17:57:17+00:00\",\"breadcrumb\":{\"@id\":\"https:\\\/\\\/enricomaciasloriental.fr\\\/WordPress\\\/et-toi-dejazet-je-suis-bien-dans-tes-bras\\\/#breadcrumb\"},\"inLanguage\":\"fr-FR\",\"potentialAction\":[{\"@type\":\"ReadAction\",\"target\":[\"https:\\\/\\\/enricomaciasloriental.fr\\\/WordPress\\\/et-toi-dejazet-je-suis-bien-dans-tes-bras\\\/\"]}]},{\"@type\":\"ImageObject\",\"inLanguage\":\"fr-FR\",\"@id\":\"https:\\\/\\\/enricomaciasloriental.fr\\\/WordPress\\\/et-toi-dejazet-je-suis-bien-dans-tes-bras\\\/#primaryimage\",\"url\":\"https:\\\/\\\/enricomaciasloriental.fr\\\/WordPress\\\/wp-content\\\/uploads\\\/\\\/2024\\\/12\\\/Dejazet2024__Z635990.jpg\",\"contentUrl\":\"https:\\\/\\\/enricomaciasloriental.fr\\\/WordPress\\\/wp-content\\\/uploads\\\/\\\/2024\\\/12\\\/Dejazet2024__Z635990.jpg\",\"width\":700,\"height\":467},{\"@type\":\"BreadcrumbList\",\"@id\":\"https:\\\/\\\/enricomaciasloriental.fr\\\/WordPress\\\/et-toi-dejazet-je-suis-bien-dans-tes-bras\\\/#breadcrumb\",\"itemListElement\":[{\"@type\":\"ListItem\",\"position\":1,\"name\":\"Accueil\",\"item\":\"https:\\\/\\\/enricomaciasloriental.fr\\\/WordPress\\\/\"},{\"@type\":\"ListItem\",\"position\":2,\"name\":\"ET TOI DEJAZET, JE SUIS BIEN DANS TES BRAS\"}]},{\"@type\":\"WebSite\",\"@id\":\"https:\\\/\\\/enricomaciasloriental.fr\\\/WordPress\\\/#website\",\"url\":\"https:\\\/\\\/enricomaciasloriental.fr\\\/WordPress\\\/\",\"name\":\"ENRICO MACIAS L'Oriental\",\"description\":\"IL EST COMME LE SOLEIL\",\"publisher\":{\"@id\":\"https:\\\/\\\/enricomaciasloriental.fr\\\/WordPress\\\/#\\\/schema\\\/person\\\/53fba112c6f4f0b335578890a816262e\"},\"potentialAction\":[{\"@type\":\"SearchAction\",\"target\":{\"@type\":\"EntryPoint\",\"urlTemplate\":\"https:\\\/\\\/enricomaciasloriental.fr\\\/WordPress\\\/?s={search_term_string}\"},\"query-input\":{\"@type\":\"PropertyValueSpecification\",\"valueRequired\":true,\"valueName\":\"search_term_string\"}}],\"inLanguage\":\"fr-FR\"},{\"@type\":[\"Person\",\"Organization\"],\"@id\":\"https:\\\/\\\/enricomaciasloriental.fr\\\/WordPress\\\/#\\\/schema\\\/person\\\/53fba112c6f4f0b335578890a816262e\",\"name\":\"Loriental\",\"image\":{\"@type\":\"ImageObject\",\"inLanguage\":\"fr-FR\",\"@id\":\"https:\\\/\\\/enricomaciasloriental.fr\\\/WordPress\\\/wp-content\\\/uploads\\\/\\\/2015\\\/02\\\/cropped-bannier_altaiir-enrico.jpg\",\"url\":\"https:\\\/\\\/enricomaciasloriental.fr\\\/WordPress\\\/wp-content\\\/uploads\\\/\\\/2015\\\/02\\\/cropped-bannier_altaiir-enrico.jpg\",\"contentUrl\":\"https:\\\/\\\/enricomaciasloriental.fr\\\/WordPress\\\/wp-content\\\/uploads\\\/\\\/2015\\\/02\\\/cropped-bannier_altaiir-enrico.jpg\",\"width\":1200,\"height\":150,\"caption\":\"Loriental\"},\"logo\":{\"@id\":\"https:\\\/\\\/enricomaciasloriental.fr\\\/WordPress\\\/wp-content\\\/uploads\\\/\\\/2015\\\/02\\\/cropped-bannier_altaiir-enrico.jpg\"},\"sameAs\":[\"http:\\\/\\\/www.enricomaciasloriental.fr\\\/\"]}]}<\/script>\n<!-- \/ Yoast SEO plugin. -->","yoast_head_json":{"title":"ET TOI DEJAZET, JE SUIS BIEN DANS TES BRAS - ENRICO MACIAS L&#039;Oriental","robots":{"index":"index","follow":"follow","max-snippet":"max-snippet:-1","max-image-preview":"max-image-preview:large","max-video-preview":"max-video-preview:-1"},"canonical":"https:\/\/enricomaciasloriental.fr\/WordPress\/et-toi-dejazet-je-suis-bien-dans-tes-bras\/","og_locale":"fr_FR","og_type":"article","og_title":"ET TOI DEJAZET, JE SUIS BIEN DANS TES BRAS - ENRICO MACIAS L&#039;Oriental","og_description":"Pour la deuxi\u00e8me ann\u00e9e cons\u00e9cutive, c\u2019est au th\u00e9\u00e2tre D\u00e9jazet, Boulevard du temple \u00e0 Paris, qu\u2019Enrico Macias avait convi\u00e9 ses fans, ses amis, sa famille pour f\u00eater son anniversaire. 86 ans et toujours sur les sc\u00e8nes de France et du monde &hellip; ET TOI DEJAZET, JE SUIS BIEN DANS TES BRAS Read More &raquo;","og_url":"https:\/\/enricomaciasloriental.fr\/WordPress\/et-toi-dejazet-je-suis-bien-dans-tes-bras\/","og_site_name":"ENRICO MACIAS L&#039;Oriental","article_published_time":"2024-12-13T17:57:15+00:00","article_modified_time":"2024-12-13T17:57:17+00:00","og_image":[{"width":700,"height":467,"url":"https:\/\/enricomaciasloriental.fr\/WordPress\/wp-content\/uploads\/\/2024\/12\/Dejazet2024__Z635990.jpg","type":"image\/jpeg"}],"author":"Loriental","twitter_card":"summary_large_image","twitter_misc":{"\u00c9crit par":"Loriental","Dur\u00e9e de lecture estim\u00e9e":"7 minutes"},"schema":{"@context":"https:\/\/schema.org","@graph":[{"@type":"Article","@id":"https:\/\/enricomaciasloriental.fr\/WordPress\/et-toi-dejazet-je-suis-bien-dans-tes-bras\/#article","isPartOf":{"@id":"https:\/\/enricomaciasloriental.fr\/WordPress\/et-toi-dejazet-je-suis-bien-dans-tes-bras\/"},"author":{"name":"Loriental","@id":"https:\/\/enricomaciasloriental.fr\/WordPress\/#\/schema\/person\/53fba112c6f4f0b335578890a816262e"},"headline":"ET TOI DEJAZET, JE SUIS BIEN DANS TES BRAS","datePublished":"2024-12-13T17:57:15+00:00","dateModified":"2024-12-13T17:57:17+00:00","mainEntityOfPage":{"@id":"https:\/\/enricomaciasloriental.fr\/WordPress\/et-toi-dejazet-je-suis-bien-dans-tes-bras\/"},"wordCount":1040,"commentCount":1,"publisher":{"@id":"https:\/\/enricomaciasloriental.fr\/WordPress\/#\/schema\/person\/53fba112c6f4f0b335578890a816262e"},"image":{"@id":"https:\/\/enricomaciasloriental.fr\/WordPress\/et-toi-dejazet-je-suis-bien-dans-tes-bras\/#primaryimage"},"thumbnailUrl":"https:\/\/enricomaciasloriental.fr\/WordPress\/wp-content\/uploads\/\/2024\/12\/Dejazet2024__Z635990.jpg","articleSection":["Actualit\u00e9s"],"inLanguage":"fr-FR","potentialAction":[{"@type":"CommentAction","name":"Comment","target":["https:\/\/enricomaciasloriental.fr\/WordPress\/et-toi-dejazet-je-suis-bien-dans-tes-bras\/#respond"]}]},{"@type":"WebPage","@id":"https:\/\/enricomaciasloriental.fr\/WordPress\/et-toi-dejazet-je-suis-bien-dans-tes-bras\/","url":"https:\/\/enricomaciasloriental.fr\/WordPress\/et-toi-dejazet-je-suis-bien-dans-tes-bras\/","name":"ET TOI DEJAZET, JE SUIS BIEN DANS TES BRAS - ENRICO MACIAS L&#039;Oriental","isPartOf":{"@id":"https:\/\/enricomaciasloriental.fr\/WordPress\/#website"},"primaryImageOfPage":{"@id":"https:\/\/enricomaciasloriental.fr\/WordPress\/et-toi-dejazet-je-suis-bien-dans-tes-bras\/#primaryimage"},"image":{"@id":"https:\/\/enricomaciasloriental.fr\/WordPress\/et-toi-dejazet-je-suis-bien-dans-tes-bras\/#primaryimage"},"thumbnailUrl":"https:\/\/enricomaciasloriental.fr\/WordPress\/wp-content\/uploads\/\/2024\/12\/Dejazet2024__Z635990.jpg","datePublished":"2024-12-13T17:57:15+00:00","dateModified":"2024-12-13T17:57:17+00:00","breadcrumb":{"@id":"https:\/\/enricomaciasloriental.fr\/WordPress\/et-toi-dejazet-je-suis-bien-dans-tes-bras\/#breadcrumb"},"inLanguage":"fr-FR","potentialAction":[{"@type":"ReadAction","target":["https:\/\/enricomaciasloriental.fr\/WordPress\/et-toi-dejazet-je-suis-bien-dans-tes-bras\/"]}]},{"@type":"ImageObject","inLanguage":"fr-FR","@id":"https:\/\/enricomaciasloriental.fr\/WordPress\/et-toi-dejazet-je-suis-bien-dans-tes-bras\/#primaryimage","url":"https:\/\/enricomaciasloriental.fr\/WordPress\/wp-content\/uploads\/\/2024\/12\/Dejazet2024__Z635990.jpg","contentUrl":"https:\/\/enricomaciasloriental.fr\/WordPress\/wp-content\/uploads\/\/2024\/12\/Dejazet2024__Z635990.jpg","width":700,"height":467},{"@type":"BreadcrumbList","@id":"https:\/\/enricomaciasloriental.fr\/WordPress\/et-toi-dejazet-je-suis-bien-dans-tes-bras\/#breadcrumb","itemListElement":[{"@type":"ListItem","position":1,"name":"Accueil","item":"https:\/\/enricomaciasloriental.fr\/WordPress\/"},{"@type":"ListItem","position":2,"name":"ET TOI DEJAZET, JE SUIS BIEN DANS TES BRAS"}]},{"@type":"WebSite","@id":"https:\/\/enricomaciasloriental.fr\/WordPress\/#website","url":"https:\/\/enricomaciasloriental.fr\/WordPress\/","name":"ENRICO MACIAS L'Oriental","description":"IL EST COMME LE SOLEIL","publisher":{"@id":"https:\/\/enricomaciasloriental.fr\/WordPress\/#\/schema\/person\/53fba112c6f4f0b335578890a816262e"},"potentialAction":[{"@type":"SearchAction","target":{"@type":"EntryPoint","urlTemplate":"https:\/\/enricomaciasloriental.fr\/WordPress\/?s={search_term_string}"},"query-input":{"@type":"PropertyValueSpecification","valueRequired":true,"valueName":"search_term_string"}}],"inLanguage":"fr-FR"},{"@type":["Person","Organization"],"@id":"https:\/\/enricomaciasloriental.fr\/WordPress\/#\/schema\/person\/53fba112c6f4f0b335578890a816262e","name":"Loriental","image":{"@type":"ImageObject","inLanguage":"fr-FR","@id":"https:\/\/enricomaciasloriental.fr\/WordPress\/wp-content\/uploads\/\/2015\/02\/cropped-bannier_altaiir-enrico.jpg","url":"https:\/\/enricomaciasloriental.fr\/WordPress\/wp-content\/uploads\/\/2015\/02\/cropped-bannier_altaiir-enrico.jpg","contentUrl":"https:\/\/enricomaciasloriental.fr\/WordPress\/wp-content\/uploads\/\/2015\/02\/cropped-bannier_altaiir-enrico.jpg","width":1200,"height":150,"caption":"Loriental"},"logo":{"@id":"https:\/\/enricomaciasloriental.fr\/WordPress\/wp-content\/uploads\/\/2015\/02\/cropped-bannier_altaiir-enrico.jpg"},"sameAs":["http:\/\/www.enricomaciasloriental.fr\/"]}]}},"featured_image_src":"https:\/\/enricomaciasloriental.fr\/WordPress\/wp-content\/uploads\/\/2024\/12\/Dejazet2024__Z635990.jpg","featured_image_src_square":"https:\/\/enricomaciasloriental.fr\/WordPress\/wp-content\/uploads\/\/2024\/12\/Dejazet2024__Z635990.jpg","author_info":{"display_name":"Loriental","author_link":"https:\/\/enricomaciasloriental.fr\/WordPress\/author\/admin9234\/"},"rbea_author_info":{"display_name":"Loriental","author_link":"https:\/\/enricomaciasloriental.fr\/WordPress\/author\/admin9234\/"},"rbea_excerpt_info":"Pour la deuxi\u00e8me ann\u00e9e cons\u00e9cutive, c\u2019est au th\u00e9\u00e2tre D\u00e9jazet, Boulevard du temple \u00e0 Paris, qu\u2019Enrico Macias avait convi\u00e9 ses fans, ses amis, sa famille pour f\u00eater son anniversaire. 86 ans et toujours sur les sc\u00e8nes de France et du monde &hellip;<p class=\"read-more\"> <a class=\"more-link\" href=\"https:\/\/enricomaciasloriental.fr\/WordPress\/et-toi-dejazet-je-suis-bien-dans-tes-bras\/\"> <span class=\"screen-reader-text\">ET TOI DEJAZET, JE SUIS BIEN DANS TES BRAS<\/span> Read More &raquo;<\/a><\/p>","category_list":"<a href=\"https:\/\/enricomaciasloriental.fr\/WordPress\/category\/actualites\/\">Actualit\u00e9s<\/a>","comments_num":"1 comment","_links":{"self":[{"href":"https:\/\/enricomaciasloriental.fr\/WordPress\/wp-json\/wp\/v2\/posts\/17811","targetHints":{"allow":["GET"]}}],"collection":[{"href":"https:\/\/enricomaciasloriental.fr\/WordPress\/wp-json\/wp\/v2\/posts"}],"about":[{"href":"https:\/\/enricomaciasloriental.fr\/WordPress\/wp-json\/wp\/v2\/types\/post"}],"author":[{"embeddable":true,"href":"https:\/\/enricomaciasloriental.fr\/WordPress\/wp-json\/wp\/v2\/users\/36"}],"replies":[{"embeddable":true,"href":"https:\/\/enricomaciasloriental.fr\/WordPress\/wp-json\/wp\/v2\/comments?post=17811"}],"version-history":[{"count":0,"href":"https:\/\/enricomaciasloriental.fr\/WordPress\/wp-json\/wp\/v2\/posts\/17811\/revisions"}],"wp:featuredmedia":[{"embeddable":true,"href":"https:\/\/enricomaciasloriental.fr\/WordPress\/wp-json\/wp\/v2\/media\/17813"}],"wp:attachment":[{"href":"https:\/\/enricomaciasloriental.fr\/WordPress\/wp-json\/wp\/v2\/media?parent=17811"}],"wp:term":[{"taxonomy":"category","embeddable":true,"href":"https:\/\/enricomaciasloriental.fr\/WordPress\/wp-json\/wp\/v2\/categories?post=17811"},{"taxonomy":"post_tag","embeddable":true,"href":"https:\/\/enricomaciasloriental.fr\/WordPress\/wp-json\/wp\/v2\/tags?post=17811"}],"curies":[{"name":"wp","href":"https:\/\/api.w.org\/{rel}","templated":true}]}}