{"id":17884,"date":"2025-02-21T17:23:56","date_gmt":"2025-02-21T16:23:56","guid":{"rendered":"https:\/\/enricomaciasloriental.fr\/WordPress\/?p=17884"},"modified":"2025-02-21T17:23:58","modified_gmt":"2025-02-21T16:23:58","slug":"soiree-de-fete-a-lauditorium-charles-trenet-de-perpignan","status":"publish","type":"post","link":"https:\/\/enricomaciasloriental.fr\/WordPress\/soiree-de-fete-a-lauditorium-charles-trenet-de-perpignan\/","title":{"rendered":"Soir\u00e9e de f\u00eate \u00e0 l\u2019auditorium Charles Trenet de Perpignan"},"content":{"rendered":"\n<p>Ce 18 f\u00e9vrier 2025, c\u2019est \u00e0 Perpignan que nous avions rendez vous avec Enrico Macias. Et le tr\u00e8s bel auditorium Charles Trenet du palais des congr\u00e8s \u00e9tait plein \u00e0 craquer du parterre au balcon lorsque les projecteurs ont illumin\u00e9 la sc\u00e8ne.<\/p>\n\n\n\n<figure class=\"wp-block-image aligncenter size-full\"><img fetchpriority=\"high\" decoding=\"async\" width=\"700\" height=\"467\" src=\"https:\/\/enricomaciasloriental.fr\/WordPress\/wp-content\/uploads\/\/2025\/02\/Barbieres2024__Z634899.jpg\" alt=\"\" class=\"wp-image-17888\" srcset=\"https:\/\/enricomaciasloriental.fr\/WordPress\/wp-content\/uploads\/2025\/02\/Barbieres2024__Z634899.jpg 700w, https:\/\/enricomaciasloriental.fr\/WordPress\/wp-content\/uploads\/2025\/02\/Barbieres2024__Z634899-350x234.jpg 350w, https:\/\/enricomaciasloriental.fr\/WordPress\/wp-content\/uploads\/2025\/02\/Barbieres2024__Z634899-640x427.jpg 640w, https:\/\/enricomaciasloriental.fr\/WordPress\/wp-content\/uploads\/2025\/02\/Barbieres2024__Z634899-100x67.jpg 100w, https:\/\/enricomaciasloriental.fr\/WordPress\/wp-content\/uploads\/2025\/02\/Barbieres2024__Z634899-150x100.jpg 150w, https:\/\/enricomaciasloriental.fr\/WordPress\/wp-content\/uploads\/2025\/02\/Barbieres2024__Z634899-200x133.jpg 200w, https:\/\/enricomaciasloriental.fr\/WordPress\/wp-content\/uploads\/2025\/02\/Barbieres2024__Z634899-300x200.jpg 300w, https:\/\/enricomaciasloriental.fr\/WordPress\/wp-content\/uploads\/2025\/02\/Barbieres2024__Z634899-450x300.jpg 450w, https:\/\/enricomaciasloriental.fr\/WordPress\/wp-content\/uploads\/2025\/02\/Barbieres2024__Z634899-600x400.jpg 600w\" sizes=\"(max-width: 700px) 100vw, 700px\" \/><\/figure>\n\n\n\n<p>Ce fut une fois de plus une belle f\u00eate et je vous livre ci-dessous le t\u00e9moignage d\u2019une personne pr\u00e9sente \u00e0 cette soir\u00e9e&nbsp;:<\/p>\n\n\n\n<p><em>\u00ab&nbsp;Hier soir, le Palais des Congr\u00e8s a vibr\u00e9 au son des plus grands succ\u00e8s d&rsquo;Enrico Macias. La salle \u00e9tait comble, nous avons \u00e9t\u00e9 transport\u00e9s dans le temps, berc\u00e9s par les m\u00e9lodies intemporelles de cet artiste embl\u00e9matique de la sc\u00e8ne publique..<\/em><\/p>\n\n\n\n<p><em>D\u00e8s les premi\u00e8res notes, La voix chaleureuse et envo\u00fbtante d&rsquo;Enrico Macias a r\u00e9sonn\u00e9 dans la salle, ravivant des souvenirs et des \u00e9motions enfouies. Les chansons, devenues de v\u00e9ritables classiques, ont \u00e9t\u00e9 reprises en ch\u0153ur par un public<\/em><\/p>\n\n\n\n<p><em>Malgr\u00e9 les ann\u00e9es qui passent, Enrico Macias n&rsquo;a rien perdu de sa superbe. Sa voix est toujours aussi puissante et \u00e9mouvante, et sa pr\u00e9sence sur sc\u00e8ne est magn\u00e9tique. Il a su, avec une \u00e9nergie communicative, transmettre sa passion pour la musique et son amour pour le public.<\/em><\/p>\n\n\n\n<p><em>Cette soir\u00e9e a \u00e9t\u00e9 un v\u00e9ritable moment de partage et de communion entre l&rsquo;artiste et son public. Les applaudissements chaleureux et les regards \u00e9mus t\u00e9moignent de l&rsquo;attachement ind\u00e9fectible du public \u00e0 Enrico<\/em><\/p>\n\n\n\n<p><em>Cet hommage \u00e0 Enrico Macias restera grav\u00e9 dans nos m\u00e9moires comme une soir\u00e9e exceptionnelle, plac\u00e9e sous le signe de la nostalgie, de l&rsquo;\u00e9motion et de la qualit\u00e9 de l&rsquo;interpr\u00e8te. Un moment unique qui a permis de c\u00e9l\u00e9brer la carri\u00e8re exceptionnelle d&rsquo;un artiste hors du commun.&nbsp;\u00bb<\/em><\/p>\n\n\n\n<figure class=\"wp-block-image aligncenter size-full\"><img decoding=\"async\" width=\"467\" height=\"700\" src=\"https:\/\/enricomaciasloriental.fr\/WordPress\/wp-content\/uploads\/\/2025\/02\/Barbieres2024__Z635566.jpg\" alt=\"\" class=\"wp-image-17886\" srcset=\"https:\/\/enricomaciasloriental.fr\/WordPress\/wp-content\/uploads\/2025\/02\/Barbieres2024__Z635566.jpg 467w, https:\/\/enricomaciasloriental.fr\/WordPress\/wp-content\/uploads\/2025\/02\/Barbieres2024__Z635566-234x350.jpg 234w, https:\/\/enricomaciasloriental.fr\/WordPress\/wp-content\/uploads\/2025\/02\/Barbieres2024__Z635566-100x150.jpg 100w, https:\/\/enricomaciasloriental.fr\/WordPress\/wp-content\/uploads\/2025\/02\/Barbieres2024__Z635566-150x225.jpg 150w, https:\/\/enricomaciasloriental.fr\/WordPress\/wp-content\/uploads\/2025\/02\/Barbieres2024__Z635566-200x300.jpg 200w, https:\/\/enricomaciasloriental.fr\/WordPress\/wp-content\/uploads\/2025\/02\/Barbieres2024__Z635566-300x450.jpg 300w, https:\/\/enricomaciasloriental.fr\/WordPress\/wp-content\/uploads\/2025\/02\/Barbieres2024__Z635566-450x675.jpg 450w\" sizes=\"(max-width: 467px) 100vw, 467px\" \/><\/figure>\n\n\n\n<p>Rien \u00e0 ajouter \u00e0 ces propos si ce n\u2019est, tout de m\u00eame, une singularit\u00e9 de ce concert puisque le batteur de cette soir\u00e9e n\u2019\u00e9tait autre que Jean Claude Ghrenassia que nous avons plus l\u2019habitude de voir et d\u2019entendre \u00e0 la basse et la contrebasse.<br \/>Musicien d\u2019excellence et multi instrumentiste, il a fait une fois de plus preuve de son grand talent. Rappelons aussi que c\u2019est lui qui fait tous les arrangements du spectacle d\u2019Enrico avec Lionel Teboul.<\/p>\n\n\n\n<figure class=\"wp-block-image aligncenter size-full\"><img decoding=\"async\" width=\"700\" height=\"467\" src=\"https:\/\/enricomaciasloriental.fr\/WordPress\/wp-content\/uploads\/\/2025\/02\/Perpignan20250218__Z635254.jpg\" alt=\"\" class=\"wp-image-17887\" srcset=\"https:\/\/enricomaciasloriental.fr\/WordPress\/wp-content\/uploads\/2025\/02\/Perpignan20250218__Z635254.jpg 700w, https:\/\/enricomaciasloriental.fr\/WordPress\/wp-content\/uploads\/2025\/02\/Perpignan20250218__Z635254-350x234.jpg 350w, https:\/\/enricomaciasloriental.fr\/WordPress\/wp-content\/uploads\/2025\/02\/Perpignan20250218__Z635254-640x427.jpg 640w, https:\/\/enricomaciasloriental.fr\/WordPress\/wp-content\/uploads\/2025\/02\/Perpignan20250218__Z635254-100x67.jpg 100w, https:\/\/enricomaciasloriental.fr\/WordPress\/wp-content\/uploads\/2025\/02\/Perpignan20250218__Z635254-150x100.jpg 150w, https:\/\/enricomaciasloriental.fr\/WordPress\/wp-content\/uploads\/2025\/02\/Perpignan20250218__Z635254-200x133.jpg 200w, https:\/\/enricomaciasloriental.fr\/WordPress\/wp-content\/uploads\/2025\/02\/Perpignan20250218__Z635254-300x200.jpg 300w, https:\/\/enricomaciasloriental.fr\/WordPress\/wp-content\/uploads\/2025\/02\/Perpignan20250218__Z635254-450x300.jpg 450w, https:\/\/enricomaciasloriental.fr\/WordPress\/wp-content\/uploads\/2025\/02\/Perpignan20250218__Z635254-600x400.jpg 600w\" sizes=\"(max-width: 700px) 100vw, 700px\" \/><\/figure>\n\n\n\n<p>Il faut remercier tr\u00e8s sinc\u00e8rement tous les musiciens de l\u2019orchestre&nbsp;: Kamel Labbaci, Lionel Teboul, Bruno Bongar\u00e7on, Amar Mohali, Jean Claude Ghrenassia, Karim Rachedi pour leur grand talent qu\u2019ils mettent toujours avec beaucoup de g\u00e9n\u00e9rosit\u00e9 au service de Ma\u00eetre.<\/p>\n\n\n\n<p>Merci aussi au producteur d\u2019Enrico Macias, Damien Nougarede et \u00e0 toute son \u00e9quipe Michel, Greg et Hannah.<\/p>\n\n\n\n<p>Avant le grand rendez vous du 15 mars au D\u00f4me de Paris, rappelons qu\u2019Enrico Macias sera \u00e0 Plougastel le 27 f\u00e9vrier prochain.<br \/><\/p>\n\n\n\n<p>Liste des chansons<\/p>\n\n\n\n<p>Chanter<br \/>Aux talons de ses souliers<br \/>Adieu mon pays<br \/>Oh guitare, guitare<br \/>La France de mon enfance<br \/>Medley&nbsp;: (Non je n\u2019ai pas oubli\u00e9, la femme de mon ami,<br \/>Solenzara, Paris tu m\u2019as pris dans tes bras)<br \/>Les gens du nord<br \/>Juif espagnol<br \/>Quand on a un fr\u00e8re<br \/>Un berger vient de tomber<br \/>Une fille \u00e0 marier<br \/>Les filles de mon pays<br \/>Le violon de mon p\u00e8re<br \/>Billah Ya hammami<br \/>Bin el Barah ou el youm<br \/>Ya Rayah<br \/>Le mendiant de l\u2019amour<br \/>L\u2019oriental<br \/>El Porompompero<\/p>\n","protected":false},"excerpt":{"rendered":"<p>Ce 18 f\u00e9vrier 2025, c\u2019est \u00e0 Perpignan que nous avions rendez vous avec Enrico Macias. Et le tr\u00e8s bel auditorium Charles Trenet du palais des congr\u00e8s \u00e9tait plein \u00e0 craquer du parterre au balcon lorsque les projecteurs ont illumin\u00e9 la &hellip;<\/p>\n<p class=\"read-more\"> <a class=\"more-link\" href=\"https:\/\/enricomaciasloriental.fr\/WordPress\/soiree-de-fete-a-lauditorium-charles-trenet-de-perpignan\/\"> <span class=\"screen-reader-text\">Soir\u00e9e de f\u00eate \u00e0 l\u2019auditorium Charles Trenet de Perpignan<\/span> Read More &raquo;<\/a><\/p>\n","protected":false},"author":36,"featured_media":17888,"comment_status":"open","ping_status":"open","sticky":false,"template":"","format":"standard","meta":{"footnotes":""},"categories":[1],"tags":[],"class_list":["post-17884","post","type-post","status-publish","format-standard","has-post-thumbnail","hentry","category-actualites"],"yoast_head":"<!-- This site is optimized with the Yoast SEO plugin v27.4 - https:\/\/yoast.com\/product\/yoast-seo-wordpress\/ -->\n<title>Soir\u00e9e de f\u00eate \u00e0 l\u2019auditorium Charles Trenet de Perpignan - ENRICO MACIAS L&#039;Oriental<\/title>\n<meta name=\"robots\" content=\"index, follow, max-snippet:-1, max-image-preview:large, max-video-preview:-1\" \/>\n<link rel=\"canonical\" href=\"https:\/\/enricomaciasloriental.fr\/WordPress\/soiree-de-fete-a-lauditorium-charles-trenet-de-perpignan\/\" \/>\n<meta property=\"og:locale\" content=\"fr_FR\" \/>\n<meta property=\"og:type\" content=\"article\" \/>\n<meta property=\"og:title\" content=\"Soir\u00e9e de f\u00eate \u00e0 l\u2019auditorium Charles Trenet de Perpignan - ENRICO MACIAS L&#039;Oriental\" \/>\n<meta property=\"og:description\" content=\"Ce 18 f\u00e9vrier 2025, c\u2019est \u00e0 Perpignan que nous avions rendez vous avec Enrico Macias. Et le tr\u00e8s bel auditorium Charles Trenet du palais des congr\u00e8s \u00e9tait plein \u00e0 craquer du parterre au balcon lorsque les projecteurs ont illumin\u00e9 la &hellip; Soir\u00e9e de f\u00eate \u00e0 l\u2019auditorium Charles Trenet de Perpignan Read More &raquo;\" \/>\n<meta property=\"og:url\" content=\"https:\/\/enricomaciasloriental.fr\/WordPress\/soiree-de-fete-a-lauditorium-charles-trenet-de-perpignan\/\" \/>\n<meta property=\"og:site_name\" content=\"ENRICO MACIAS L&#039;Oriental\" \/>\n<meta property=\"article:published_time\" content=\"2025-02-21T16:23:56+00:00\" \/>\n<meta property=\"article:modified_time\" content=\"2025-02-21T16:23:58+00:00\" \/>\n<meta property=\"og:image\" content=\"https:\/\/enricomaciasloriental.fr\/WordPress\/wp-content\/uploads\/\/2025\/02\/Barbieres2024__Z634899.jpg\" \/>\n\t<meta property=\"og:image:width\" content=\"700\" \/>\n\t<meta property=\"og:image:height\" content=\"467\" \/>\n\t<meta property=\"og:image:type\" content=\"image\/jpeg\" \/>\n<meta name=\"author\" content=\"Loriental\" \/>\n<meta name=\"twitter:card\" content=\"summary_large_image\" \/>\n<meta name=\"twitter:label1\" content=\"\u00c9crit par\" \/>\n\t<meta name=\"twitter:data1\" content=\"Loriental\" \/>\n\t<meta name=\"twitter:label2\" content=\"Dur\u00e9e de lecture estim\u00e9e\" \/>\n\t<meta name=\"twitter:data2\" content=\"4 minutes\" \/>\n<script type=\"application\/ld+json\" class=\"yoast-schema-graph\">{\"@context\":\"https:\\\/\\\/schema.org\",\"@graph\":[{\"@type\":\"Article\",\"@id\":\"https:\\\/\\\/enricomaciasloriental.fr\\\/WordPress\\\/soiree-de-fete-a-lauditorium-charles-trenet-de-perpignan\\\/#article\",\"isPartOf\":{\"@id\":\"https:\\\/\\\/enricomaciasloriental.fr\\\/WordPress\\\/soiree-de-fete-a-lauditorium-charles-trenet-de-perpignan\\\/\"},\"author\":{\"name\":\"Loriental\",\"@id\":\"https:\\\/\\\/enricomaciasloriental.fr\\\/WordPress\\\/#\\\/schema\\\/person\\\/53fba112c6f4f0b335578890a816262e\"},\"headline\":\"Soir\u00e9e de f\u00eate \u00e0 l\u2019auditorium Charles Trenet de Perpignan\",\"datePublished\":\"2025-02-21T16:23:56+00:00\",\"dateModified\":\"2025-02-21T16:23:58+00:00\",\"mainEntityOfPage\":{\"@id\":\"https:\\\/\\\/enricomaciasloriental.fr\\\/WordPress\\\/soiree-de-fete-a-lauditorium-charles-trenet-de-perpignan\\\/\"},\"wordCount\":562,\"commentCount\":2,\"publisher\":{\"@id\":\"https:\\\/\\\/enricomaciasloriental.fr\\\/WordPress\\\/#\\\/schema\\\/person\\\/53fba112c6f4f0b335578890a816262e\"},\"image\":{\"@id\":\"https:\\\/\\\/enricomaciasloriental.fr\\\/WordPress\\\/soiree-de-fete-a-lauditorium-charles-trenet-de-perpignan\\\/#primaryimage\"},\"thumbnailUrl\":\"https:\\\/\\\/enricomaciasloriental.fr\\\/WordPress\\\/wp-content\\\/uploads\\\/\\\/2025\\\/02\\\/Barbieres2024__Z634899.jpg\",\"articleSection\":[\"Actualit\u00e9s\"],\"inLanguage\":\"fr-FR\",\"potentialAction\":[{\"@type\":\"CommentAction\",\"name\":\"Comment\",\"target\":[\"https:\\\/\\\/enricomaciasloriental.fr\\\/WordPress\\\/soiree-de-fete-a-lauditorium-charles-trenet-de-perpignan\\\/#respond\"]}]},{\"@type\":\"WebPage\",\"@id\":\"https:\\\/\\\/enricomaciasloriental.fr\\\/WordPress\\\/soiree-de-fete-a-lauditorium-charles-trenet-de-perpignan\\\/\",\"url\":\"https:\\\/\\\/enricomaciasloriental.fr\\\/WordPress\\\/soiree-de-fete-a-lauditorium-charles-trenet-de-perpignan\\\/\",\"name\":\"Soir\u00e9e de f\u00eate \u00e0 l\u2019auditorium Charles Trenet de Perpignan - ENRICO MACIAS L&#039;Oriental\",\"isPartOf\":{\"@id\":\"https:\\\/\\\/enricomaciasloriental.fr\\\/WordPress\\\/#website\"},\"primaryImageOfPage\":{\"@id\":\"https:\\\/\\\/enricomaciasloriental.fr\\\/WordPress\\\/soiree-de-fete-a-lauditorium-charles-trenet-de-perpignan\\\/#primaryimage\"},\"image\":{\"@id\":\"https:\\\/\\\/enricomaciasloriental.fr\\\/WordPress\\\/soiree-de-fete-a-lauditorium-charles-trenet-de-perpignan\\\/#primaryimage\"},\"thumbnailUrl\":\"https:\\\/\\\/enricomaciasloriental.fr\\\/WordPress\\\/wp-content\\\/uploads\\\/\\\/2025\\\/02\\\/Barbieres2024__Z634899.jpg\",\"datePublished\":\"2025-02-21T16:23:56+00:00\",\"dateModified\":\"2025-02-21T16:23:58+00:00\",\"breadcrumb\":{\"@id\":\"https:\\\/\\\/enricomaciasloriental.fr\\\/WordPress\\\/soiree-de-fete-a-lauditorium-charles-trenet-de-perpignan\\\/#breadcrumb\"},\"inLanguage\":\"fr-FR\",\"potentialAction\":[{\"@type\":\"ReadAction\",\"target\":[\"https:\\\/\\\/enricomaciasloriental.fr\\\/WordPress\\\/soiree-de-fete-a-lauditorium-charles-trenet-de-perpignan\\\/\"]}]},{\"@type\":\"ImageObject\",\"inLanguage\":\"fr-FR\",\"@id\":\"https:\\\/\\\/enricomaciasloriental.fr\\\/WordPress\\\/soiree-de-fete-a-lauditorium-charles-trenet-de-perpignan\\\/#primaryimage\",\"url\":\"https:\\\/\\\/enricomaciasloriental.fr\\\/WordPress\\\/wp-content\\\/uploads\\\/\\\/2025\\\/02\\\/Barbieres2024__Z634899.jpg\",\"contentUrl\":\"https:\\\/\\\/enricomaciasloriental.fr\\\/WordPress\\\/wp-content\\\/uploads\\\/\\\/2025\\\/02\\\/Barbieres2024__Z634899.jpg\",\"width\":700,\"height\":467},{\"@type\":\"BreadcrumbList\",\"@id\":\"https:\\\/\\\/enricomaciasloriental.fr\\\/WordPress\\\/soiree-de-fete-a-lauditorium-charles-trenet-de-perpignan\\\/#breadcrumb\",\"itemListElement\":[{\"@type\":\"ListItem\",\"position\":1,\"name\":\"Accueil\",\"item\":\"https:\\\/\\\/enricomaciasloriental.fr\\\/WordPress\\\/\"},{\"@type\":\"ListItem\",\"position\":2,\"name\":\"Soir\u00e9e de f\u00eate \u00e0 l\u2019auditorium Charles Trenet de Perpignan\"}]},{\"@type\":\"WebSite\",\"@id\":\"https:\\\/\\\/enricomaciasloriental.fr\\\/WordPress\\\/#website\",\"url\":\"https:\\\/\\\/enricomaciasloriental.fr\\\/WordPress\\\/\",\"name\":\"ENRICO MACIAS L'Oriental\",\"description\":\"IL EST COMME LE SOLEIL\",\"publisher\":{\"@id\":\"https:\\\/\\\/enricomaciasloriental.fr\\\/WordPress\\\/#\\\/schema\\\/person\\\/53fba112c6f4f0b335578890a816262e\"},\"potentialAction\":[{\"@type\":\"SearchAction\",\"target\":{\"@type\":\"EntryPoint\",\"urlTemplate\":\"https:\\\/\\\/enricomaciasloriental.fr\\\/WordPress\\\/?s={search_term_string}\"},\"query-input\":{\"@type\":\"PropertyValueSpecification\",\"valueRequired\":true,\"valueName\":\"search_term_string\"}}],\"inLanguage\":\"fr-FR\"},{\"@type\":[\"Person\",\"Organization\"],\"@id\":\"https:\\\/\\\/enricomaciasloriental.fr\\\/WordPress\\\/#\\\/schema\\\/person\\\/53fba112c6f4f0b335578890a816262e\",\"name\":\"Loriental\",\"image\":{\"@type\":\"ImageObject\",\"inLanguage\":\"fr-FR\",\"@id\":\"https:\\\/\\\/enricomaciasloriental.fr\\\/WordPress\\\/wp-content\\\/uploads\\\/\\\/2015\\\/02\\\/cropped-bannier_altaiir-enrico.jpg\",\"url\":\"https:\\\/\\\/enricomaciasloriental.fr\\\/WordPress\\\/wp-content\\\/uploads\\\/\\\/2015\\\/02\\\/cropped-bannier_altaiir-enrico.jpg\",\"contentUrl\":\"https:\\\/\\\/enricomaciasloriental.fr\\\/WordPress\\\/wp-content\\\/uploads\\\/\\\/2015\\\/02\\\/cropped-bannier_altaiir-enrico.jpg\",\"width\":1200,\"height\":150,\"caption\":\"Loriental\"},\"logo\":{\"@id\":\"https:\\\/\\\/enricomaciasloriental.fr\\\/WordPress\\\/wp-content\\\/uploads\\\/\\\/2015\\\/02\\\/cropped-bannier_altaiir-enrico.jpg\"},\"sameAs\":[\"http:\\\/\\\/www.enricomaciasloriental.fr\\\/\"]}]}<\/script>\n<!-- \/ Yoast SEO plugin. -->","yoast_head_json":{"title":"Soir\u00e9e de f\u00eate \u00e0 l\u2019auditorium Charles Trenet de Perpignan - ENRICO MACIAS L&#039;Oriental","robots":{"index":"index","follow":"follow","max-snippet":"max-snippet:-1","max-image-preview":"max-image-preview:large","max-video-preview":"max-video-preview:-1"},"canonical":"https:\/\/enricomaciasloriental.fr\/WordPress\/soiree-de-fete-a-lauditorium-charles-trenet-de-perpignan\/","og_locale":"fr_FR","og_type":"article","og_title":"Soir\u00e9e de f\u00eate \u00e0 l\u2019auditorium Charles Trenet de Perpignan - ENRICO MACIAS L&#039;Oriental","og_description":"Ce 18 f\u00e9vrier 2025, c\u2019est \u00e0 Perpignan que nous avions rendez vous avec Enrico Macias. Et le tr\u00e8s bel auditorium Charles Trenet du palais des congr\u00e8s \u00e9tait plein \u00e0 craquer du parterre au balcon lorsque les projecteurs ont illumin\u00e9 la &hellip; Soir\u00e9e de f\u00eate \u00e0 l\u2019auditorium Charles Trenet de Perpignan Read More &raquo;","og_url":"https:\/\/enricomaciasloriental.fr\/WordPress\/soiree-de-fete-a-lauditorium-charles-trenet-de-perpignan\/","og_site_name":"ENRICO MACIAS L&#039;Oriental","article_published_time":"2025-02-21T16:23:56+00:00","article_modified_time":"2025-02-21T16:23:58+00:00","og_image":[{"width":700,"height":467,"url":"https:\/\/enricomaciasloriental.fr\/WordPress\/wp-content\/uploads\/\/2025\/02\/Barbieres2024__Z634899.jpg","type":"image\/jpeg"}],"author":"Loriental","twitter_card":"summary_large_image","twitter_misc":{"\u00c9crit par":"Loriental","Dur\u00e9e de lecture estim\u00e9e":"4 minutes"},"schema":{"@context":"https:\/\/schema.org","@graph":[{"@type":"Article","@id":"https:\/\/enricomaciasloriental.fr\/WordPress\/soiree-de-fete-a-lauditorium-charles-trenet-de-perpignan\/#article","isPartOf":{"@id":"https:\/\/enricomaciasloriental.fr\/WordPress\/soiree-de-fete-a-lauditorium-charles-trenet-de-perpignan\/"},"author":{"name":"Loriental","@id":"https:\/\/enricomaciasloriental.fr\/WordPress\/#\/schema\/person\/53fba112c6f4f0b335578890a816262e"},"headline":"Soir\u00e9e de f\u00eate \u00e0 l\u2019auditorium Charles Trenet de Perpignan","datePublished":"2025-02-21T16:23:56+00:00","dateModified":"2025-02-21T16:23:58+00:00","mainEntityOfPage":{"@id":"https:\/\/enricomaciasloriental.fr\/WordPress\/soiree-de-fete-a-lauditorium-charles-trenet-de-perpignan\/"},"wordCount":562,"commentCount":2,"publisher":{"@id":"https:\/\/enricomaciasloriental.fr\/WordPress\/#\/schema\/person\/53fba112c6f4f0b335578890a816262e"},"image":{"@id":"https:\/\/enricomaciasloriental.fr\/WordPress\/soiree-de-fete-a-lauditorium-charles-trenet-de-perpignan\/#primaryimage"},"thumbnailUrl":"https:\/\/enricomaciasloriental.fr\/WordPress\/wp-content\/uploads\/\/2025\/02\/Barbieres2024__Z634899.jpg","articleSection":["Actualit\u00e9s"],"inLanguage":"fr-FR","potentialAction":[{"@type":"CommentAction","name":"Comment","target":["https:\/\/enricomaciasloriental.fr\/WordPress\/soiree-de-fete-a-lauditorium-charles-trenet-de-perpignan\/#respond"]}]},{"@type":"WebPage","@id":"https:\/\/enricomaciasloriental.fr\/WordPress\/soiree-de-fete-a-lauditorium-charles-trenet-de-perpignan\/","url":"https:\/\/enricomaciasloriental.fr\/WordPress\/soiree-de-fete-a-lauditorium-charles-trenet-de-perpignan\/","name":"Soir\u00e9e de f\u00eate \u00e0 l\u2019auditorium Charles Trenet de Perpignan - ENRICO MACIAS L&#039;Oriental","isPartOf":{"@id":"https:\/\/enricomaciasloriental.fr\/WordPress\/#website"},"primaryImageOfPage":{"@id":"https:\/\/enricomaciasloriental.fr\/WordPress\/soiree-de-fete-a-lauditorium-charles-trenet-de-perpignan\/#primaryimage"},"image":{"@id":"https:\/\/enricomaciasloriental.fr\/WordPress\/soiree-de-fete-a-lauditorium-charles-trenet-de-perpignan\/#primaryimage"},"thumbnailUrl":"https:\/\/enricomaciasloriental.fr\/WordPress\/wp-content\/uploads\/\/2025\/02\/Barbieres2024__Z634899.jpg","datePublished":"2025-02-21T16:23:56+00:00","dateModified":"2025-02-21T16:23:58+00:00","breadcrumb":{"@id":"https:\/\/enricomaciasloriental.fr\/WordPress\/soiree-de-fete-a-lauditorium-charles-trenet-de-perpignan\/#breadcrumb"},"inLanguage":"fr-FR","potentialAction":[{"@type":"ReadAction","target":["https:\/\/enricomaciasloriental.fr\/WordPress\/soiree-de-fete-a-lauditorium-charles-trenet-de-perpignan\/"]}]},{"@type":"ImageObject","inLanguage":"fr-FR","@id":"https:\/\/enricomaciasloriental.fr\/WordPress\/soiree-de-fete-a-lauditorium-charles-trenet-de-perpignan\/#primaryimage","url":"https:\/\/enricomaciasloriental.fr\/WordPress\/wp-content\/uploads\/\/2025\/02\/Barbieres2024__Z634899.jpg","contentUrl":"https:\/\/enricomaciasloriental.fr\/WordPress\/wp-content\/uploads\/\/2025\/02\/Barbieres2024__Z634899.jpg","width":700,"height":467},{"@type":"BreadcrumbList","@id":"https:\/\/enricomaciasloriental.fr\/WordPress\/soiree-de-fete-a-lauditorium-charles-trenet-de-perpignan\/#breadcrumb","itemListElement":[{"@type":"ListItem","position":1,"name":"Accueil","item":"https:\/\/enricomaciasloriental.fr\/WordPress\/"},{"@type":"ListItem","position":2,"name":"Soir\u00e9e de f\u00eate \u00e0 l\u2019auditorium Charles Trenet de Perpignan"}]},{"@type":"WebSite","@id":"https:\/\/enricomaciasloriental.fr\/WordPress\/#website","url":"https:\/\/enricomaciasloriental.fr\/WordPress\/","name":"ENRICO MACIAS L'Oriental","description":"IL EST COMME LE SOLEIL","publisher":{"@id":"https:\/\/enricomaciasloriental.fr\/WordPress\/#\/schema\/person\/53fba112c6f4f0b335578890a816262e"},"potentialAction":[{"@type":"SearchAction","target":{"@type":"EntryPoint","urlTemplate":"https:\/\/enricomaciasloriental.fr\/WordPress\/?s={search_term_string}"},"query-input":{"@type":"PropertyValueSpecification","valueRequired":true,"valueName":"search_term_string"}}],"inLanguage":"fr-FR"},{"@type":["Person","Organization"],"@id":"https:\/\/enricomaciasloriental.fr\/WordPress\/#\/schema\/person\/53fba112c6f4f0b335578890a816262e","name":"Loriental","image":{"@type":"ImageObject","inLanguage":"fr-FR","@id":"https:\/\/enricomaciasloriental.fr\/WordPress\/wp-content\/uploads\/\/2015\/02\/cropped-bannier_altaiir-enrico.jpg","url":"https:\/\/enricomaciasloriental.fr\/WordPress\/wp-content\/uploads\/\/2015\/02\/cropped-bannier_altaiir-enrico.jpg","contentUrl":"https:\/\/enricomaciasloriental.fr\/WordPress\/wp-content\/uploads\/\/2015\/02\/cropped-bannier_altaiir-enrico.jpg","width":1200,"height":150,"caption":"Loriental"},"logo":{"@id":"https:\/\/enricomaciasloriental.fr\/WordPress\/wp-content\/uploads\/\/2015\/02\/cropped-bannier_altaiir-enrico.jpg"},"sameAs":["http:\/\/www.enricomaciasloriental.fr\/"]}]}},"featured_image_src":"https:\/\/enricomaciasloriental.fr\/WordPress\/wp-content\/uploads\/\/2025\/02\/Barbieres2024__Z634899.jpg","featured_image_src_square":"https:\/\/enricomaciasloriental.fr\/WordPress\/wp-content\/uploads\/\/2025\/02\/Barbieres2024__Z634899.jpg","author_info":{"display_name":"Loriental","author_link":"https:\/\/enricomaciasloriental.fr\/WordPress\/author\/admin9234\/"},"rbea_author_info":{"display_name":"Loriental","author_link":"https:\/\/enricomaciasloriental.fr\/WordPress\/author\/admin9234\/"},"rbea_excerpt_info":"Ce 18 f\u00e9vrier 2025, c\u2019est \u00e0 Perpignan que nous avions rendez vous avec Enrico Macias. Et le tr\u00e8s bel auditorium Charles Trenet du palais des congr\u00e8s \u00e9tait plein \u00e0 craquer du parterre au balcon lorsque les projecteurs ont illumin\u00e9 la &hellip;<p class=\"read-more\"> <a class=\"more-link\" href=\"https:\/\/enricomaciasloriental.fr\/WordPress\/soiree-de-fete-a-lauditorium-charles-trenet-de-perpignan\/\"> <span class=\"screen-reader-text\">Soir\u00e9e de f\u00eate \u00e0 l\u2019auditorium Charles Trenet de Perpignan<\/span> Read More &raquo;<\/a><\/p>","category_list":"<a href=\"https:\/\/enricomaciasloriental.fr\/WordPress\/category\/actualites\/\">Actualit\u00e9s<\/a>","comments_num":"2 comments","_links":{"self":[{"href":"https:\/\/enricomaciasloriental.fr\/WordPress\/wp-json\/wp\/v2\/posts\/17884","targetHints":{"allow":["GET"]}}],"collection":[{"href":"https:\/\/enricomaciasloriental.fr\/WordPress\/wp-json\/wp\/v2\/posts"}],"about":[{"href":"https:\/\/enricomaciasloriental.fr\/WordPress\/wp-json\/wp\/v2\/types\/post"}],"author":[{"embeddable":true,"href":"https:\/\/enricomaciasloriental.fr\/WordPress\/wp-json\/wp\/v2\/users\/36"}],"replies":[{"embeddable":true,"href":"https:\/\/enricomaciasloriental.fr\/WordPress\/wp-json\/wp\/v2\/comments?post=17884"}],"version-history":[{"count":0,"href":"https:\/\/enricomaciasloriental.fr\/WordPress\/wp-json\/wp\/v2\/posts\/17884\/revisions"}],"wp:featuredmedia":[{"embeddable":true,"href":"https:\/\/enricomaciasloriental.fr\/WordPress\/wp-json\/wp\/v2\/media\/17888"}],"wp:attachment":[{"href":"https:\/\/enricomaciasloriental.fr\/WordPress\/wp-json\/wp\/v2\/media?parent=17884"}],"wp:term":[{"taxonomy":"category","embeddable":true,"href":"https:\/\/enricomaciasloriental.fr\/WordPress\/wp-json\/wp\/v2\/categories?post=17884"},{"taxonomy":"post_tag","embeddable":true,"href":"https:\/\/enricomaciasloriental.fr\/WordPress\/wp-json\/wp\/v2\/tags?post=17884"}],"curies":[{"name":"wp","href":"https:\/\/api.w.org\/{rel}","templated":true}]}}