{"id":18,"date":"2009-03-20T18:48:00","date_gmt":"2009-03-20T16:48:00","guid":{"rendered":"http:\/\/enricomaciasloriental.fr\/WordPress\/?p=18"},"modified":"2015-07-04T17:47:30","modified_gmt":"2015-07-04T15:47:30","slug":"coco","status":"publish","type":"post","link":"https:\/\/enricomaciasloriental.fr\/WordPress\/coco\/","title":{"rendered":"Coco"},"content":{"rendered":"<p><a href=\"http:\/\/4.bp.blogspot.com\/_S10KuUGOxxY\/ScXxWPhEehI\/AAAAAAAAAEY\/qCe2tvNmoQE\/s1600-h\/coco1blogweb.jpg\"><span style=\"font-family: trebuchet ms; font-size: 130%;\">\u00a0<\/span><\/a><span style=\"font-family: trebuchet ms; font-size: 130%;\">\u00a0<\/span><\/p>\n<p><span style=\"font-family: trebuchet ms; font-size: 130%;\"><span class=\"Apple-style-span\">Difficile en France, actuellement, de passer \u00e0 c\u00f4t\u00e9 de la sortie du film <\/span><span class=\"Apple-style-span\" style=\"font-weight: bold;\"><span class=\"Apple-style-span\"><a href=\"http:\/\/www.allocine.fr\/film\/fichefilm_gen_cfilm=129150.html\">\u00ab\u00a0COCO\u00a0\u00bb<\/a><\/span><\/span><span class=\"Apple-style-span\"><a href=\"http:\/\/www.allocine.fr\/film\/fichefilm_gen_cfilm=129150.html\">, <\/a>ce film de et avec <\/span><span class=\"Apple-style-span\" style=\"font-weight: bold;\"><span class=\"Apple-style-span\">Gad Elmaleh<\/span><\/span><span class=\"Apple-style-span\"> dans lequel<\/span><br \/>\n<\/span><a href=\"http:\/\/www.enrico-macias.fr\/\"><span style=\"font-family: trebuchet ms;\"><span style=\"font-size: 130%;\"><span class=\"Apple-style-span\" style=\"font-weight: bold;\"><span class=\"Apple-style-span\">Enrico Macia<\/span><\/span><span class=\"Apple-style-span\" style=\"font-weight: bold;\"><span class=\"Apple-style-span\">s<\/span><\/span><\/span><\/span><\/a><\/p>\n<div><span style=\"font-family: trebuchet ms;\"><span style=\"font-size: 130%;\"><span class=\"Apple-style-span\">participe dans le r\u00f4le du tailleur<\/span><\/span><\/span><\/div>\n<div>\n<span style=\"font-family: trebuchet ms;\"><br \/>\n<\/span><\/div>\n<div><span style=\"font-family: trebuchet ms; font-size: 130%;\">Alors, si vous avez vu ce film, venez nous dire ce que vous en pensez<br \/>\n<\/span><\/div>\n<div><span style=\"font-family: trebuchet ms;\">\u00a0<\/span><\/div>\n<div><span class=\"Apple-style-span\" style=\"font-weight: bold;\"><span class=\"Apple-style-span\" style=\"font-family: trebuchet ms; font-size: 130%;\">Laissez nous votre commentaire vos impressions, votre sentiment, votre critique<\/span><\/span><\/div>\n<div><span class=\"Apple-style-span\" style=\"font-size: x-large;\"><span class=\"Apple-style-span\">\u00a0<\/span><\/span><\/div>\n<p>&nbsp;<\/p>\n<p>&nbsp;<\/p>\n","protected":false},"excerpt":{"rendered":"<p>\u00a0\u00a0 Difficile en France, actuellement, de passer \u00e0 c\u00f4t\u00e9 de la sortie du film \u00ab\u00a0COCO\u00a0\u00bb, ce film de et avec Gad Elmaleh dans lequel Enrico Macias participe dans le r\u00f4le du tailleur Alors, si vous avez vu ce film, venez &hellip;<\/p>\n<p class=\"read-more\"> <a class=\"more-link\" href=\"https:\/\/enricomaciasloriental.fr\/WordPress\/coco\/\"> <span class=\"screen-reader-text\">Coco<\/span> Read More &raquo;<\/a><\/p>\n","protected":false},"author":36,"featured_media":0,"comment_status":"open","ping_status":"open","sticky":false,"template":"","format":"standard","meta":{"footnotes":""},"categories":[7],"tags":[],"class_list":["post-18","post","type-post","status-publish","format-standard","hentry","category-debats"],"yoast_head":"<!-- This site is optimized with the Yoast SEO plugin v27.4 - https:\/\/yoast.com\/product\/yoast-seo-wordpress\/ -->\n<title>Coco - ENRICO MACIAS L&#039;Oriental<\/title>\n<meta name=\"robots\" content=\"index, follow, max-snippet:-1, max-image-preview:large, max-video-preview:-1\" \/>\n<link rel=\"canonical\" href=\"https:\/\/enricomaciasloriental.fr\/WordPress\/coco\/\" \/>\n<meta property=\"og:locale\" content=\"fr_FR\" \/>\n<meta property=\"og:type\" content=\"article\" \/>\n<meta property=\"og:title\" content=\"Coco - ENRICO MACIAS L&#039;Oriental\" \/>\n<meta property=\"og:description\" content=\"\u00a0\u00a0 Difficile en France, actuellement, de passer \u00e0 c\u00f4t\u00e9 de la sortie du film \u00ab\u00a0COCO\u00a0\u00bb, ce film de et avec Gad Elmaleh dans lequel Enrico Macias participe dans le r\u00f4le du tailleur Alors, si vous avez vu ce film, venez &hellip; Coco Read More &raquo;\" \/>\n<meta property=\"og:url\" content=\"https:\/\/enricomaciasloriental.fr\/WordPress\/coco\/\" \/>\n<meta property=\"og:site_name\" content=\"ENRICO MACIAS L&#039;Oriental\" \/>\n<meta property=\"article:published_time\" content=\"2009-03-20T16:48:00+00:00\" \/>\n<meta property=\"article:modified_time\" content=\"2015-07-04T15:47:30+00:00\" \/>\n<meta property=\"og:image\" content=\"https:\/\/enricomaciasloriental.fr\/WordPress\/wp-content\/uploads\/\/2019\/02\/article-902.jpg\" \/>\n\t<meta property=\"og:image:width\" content=\"700\" \/>\n\t<meta property=\"og:image:height\" content=\"497\" \/>\n\t<meta property=\"og:image:type\" content=\"image\/jpeg\" \/>\n<meta name=\"author\" content=\"Loriental\" \/>\n<meta name=\"twitter:card\" content=\"summary_large_image\" \/>\n<meta name=\"twitter:label1\" content=\"\u00c9crit par\" \/>\n\t<meta name=\"twitter:data1\" content=\"Loriental\" \/>\n<script type=\"application\/ld+json\" class=\"yoast-schema-graph\">{\"@context\":\"https:\\\/\\\/schema.org\",\"@graph\":[{\"@type\":\"Article\",\"@id\":\"https:\\\/\\\/enricomaciasloriental.fr\\\/WordPress\\\/coco\\\/#article\",\"isPartOf\":{\"@id\":\"https:\\\/\\\/enricomaciasloriental.fr\\\/WordPress\\\/coco\\\/\"},\"author\":{\"name\":\"Loriental\",\"@id\":\"https:\\\/\\\/enricomaciasloriental.fr\\\/WordPress\\\/#\\\/schema\\\/person\\\/53fba112c6f4f0b335578890a816262e\"},\"headline\":\"Coco\",\"datePublished\":\"2009-03-20T16:48:00+00:00\",\"dateModified\":\"2015-07-04T15:47:30+00:00\",\"mainEntityOfPage\":{\"@id\":\"https:\\\/\\\/enricomaciasloriental.fr\\\/WordPress\\\/coco\\\/\"},\"wordCount\":61,\"commentCount\":0,\"publisher\":{\"@id\":\"https:\\\/\\\/enricomaciasloriental.fr\\\/WordPress\\\/#\\\/schema\\\/person\\\/53fba112c6f4f0b335578890a816262e\"},\"articleSection\":[\"D\u00e9bats\"],\"inLanguage\":\"fr-FR\",\"potentialAction\":[{\"@type\":\"CommentAction\",\"name\":\"Comment\",\"target\":[\"https:\\\/\\\/enricomaciasloriental.fr\\\/WordPress\\\/coco\\\/#respond\"]}]},{\"@type\":\"WebPage\",\"@id\":\"https:\\\/\\\/enricomaciasloriental.fr\\\/WordPress\\\/coco\\\/\",\"url\":\"https:\\\/\\\/enricomaciasloriental.fr\\\/WordPress\\\/coco\\\/\",\"name\":\"Coco - ENRICO MACIAS L&#039;Oriental\",\"isPartOf\":{\"@id\":\"https:\\\/\\\/enricomaciasloriental.fr\\\/WordPress\\\/#website\"},\"datePublished\":\"2009-03-20T16:48:00+00:00\",\"dateModified\":\"2015-07-04T15:47:30+00:00\",\"breadcrumb\":{\"@id\":\"https:\\\/\\\/enricomaciasloriental.fr\\\/WordPress\\\/coco\\\/#breadcrumb\"},\"inLanguage\":\"fr-FR\",\"potentialAction\":[{\"@type\":\"ReadAction\",\"target\":[\"https:\\\/\\\/enricomaciasloriental.fr\\\/WordPress\\\/coco\\\/\"]}]},{\"@type\":\"BreadcrumbList\",\"@id\":\"https:\\\/\\\/enricomaciasloriental.fr\\\/WordPress\\\/coco\\\/#breadcrumb\",\"itemListElement\":[{\"@type\":\"ListItem\",\"position\":1,\"name\":\"Accueil\",\"item\":\"https:\\\/\\\/enricomaciasloriental.fr\\\/WordPress\\\/\"},{\"@type\":\"ListItem\",\"position\":2,\"name\":\"Coco\"}]},{\"@type\":\"WebSite\",\"@id\":\"https:\\\/\\\/enricomaciasloriental.fr\\\/WordPress\\\/#website\",\"url\":\"https:\\\/\\\/enricomaciasloriental.fr\\\/WordPress\\\/\",\"name\":\"ENRICO MACIAS L'Oriental\",\"description\":\"IL EST COMME LE SOLEIL\",\"publisher\":{\"@id\":\"https:\\\/\\\/enricomaciasloriental.fr\\\/WordPress\\\/#\\\/schema\\\/person\\\/53fba112c6f4f0b335578890a816262e\"},\"potentialAction\":[{\"@type\":\"SearchAction\",\"target\":{\"@type\":\"EntryPoint\",\"urlTemplate\":\"https:\\\/\\\/enricomaciasloriental.fr\\\/WordPress\\\/?s={search_term_string}\"},\"query-input\":{\"@type\":\"PropertyValueSpecification\",\"valueRequired\":true,\"valueName\":\"search_term_string\"}}],\"inLanguage\":\"fr-FR\"},{\"@type\":[\"Person\",\"Organization\"],\"@id\":\"https:\\\/\\\/enricomaciasloriental.fr\\\/WordPress\\\/#\\\/schema\\\/person\\\/53fba112c6f4f0b335578890a816262e\",\"name\":\"Loriental\",\"image\":{\"@type\":\"ImageObject\",\"inLanguage\":\"fr-FR\",\"@id\":\"https:\\\/\\\/enricomaciasloriental.fr\\\/WordPress\\\/wp-content\\\/uploads\\\/\\\/2015\\\/02\\\/cropped-bannier_altaiir-enrico.jpg\",\"url\":\"https:\\\/\\\/enricomaciasloriental.fr\\\/WordPress\\\/wp-content\\\/uploads\\\/\\\/2015\\\/02\\\/cropped-bannier_altaiir-enrico.jpg\",\"contentUrl\":\"https:\\\/\\\/enricomaciasloriental.fr\\\/WordPress\\\/wp-content\\\/uploads\\\/\\\/2015\\\/02\\\/cropped-bannier_altaiir-enrico.jpg\",\"width\":1200,\"height\":150,\"caption\":\"Loriental\"},\"logo\":{\"@id\":\"https:\\\/\\\/enricomaciasloriental.fr\\\/WordPress\\\/wp-content\\\/uploads\\\/\\\/2015\\\/02\\\/cropped-bannier_altaiir-enrico.jpg\"},\"sameAs\":[\"http:\\\/\\\/www.enricomaciasloriental.fr\\\/\"]}]}<\/script>\n<!-- \/ Yoast SEO plugin. -->","yoast_head_json":{"title":"Coco - ENRICO MACIAS L&#039;Oriental","robots":{"index":"index","follow":"follow","max-snippet":"max-snippet:-1","max-image-preview":"max-image-preview:large","max-video-preview":"max-video-preview:-1"},"canonical":"https:\/\/enricomaciasloriental.fr\/WordPress\/coco\/","og_locale":"fr_FR","og_type":"article","og_title":"Coco - ENRICO MACIAS L&#039;Oriental","og_description":"\u00a0\u00a0 Difficile en France, actuellement, de passer \u00e0 c\u00f4t\u00e9 de la sortie du film \u00ab\u00a0COCO\u00a0\u00bb, ce film de et avec Gad Elmaleh dans lequel Enrico Macias participe dans le r\u00f4le du tailleur Alors, si vous avez vu ce film, venez &hellip; Coco Read More &raquo;","og_url":"https:\/\/enricomaciasloriental.fr\/WordPress\/coco\/","og_site_name":"ENRICO MACIAS L&#039;Oriental","article_published_time":"2009-03-20T16:48:00+00:00","article_modified_time":"2015-07-04T15:47:30+00:00","og_image":[{"width":700,"height":497,"url":"https:\/\/enricomaciasloriental.fr\/WordPress\/wp-content\/uploads\/\/2019\/02\/article-902.jpg","type":"image\/jpeg"}],"author":"Loriental","twitter_card":"summary_large_image","twitter_misc":{"\u00c9crit par":"Loriental"},"schema":{"@context":"https:\/\/schema.org","@graph":[{"@type":"Article","@id":"https:\/\/enricomaciasloriental.fr\/WordPress\/coco\/#article","isPartOf":{"@id":"https:\/\/enricomaciasloriental.fr\/WordPress\/coco\/"},"author":{"name":"Loriental","@id":"https:\/\/enricomaciasloriental.fr\/WordPress\/#\/schema\/person\/53fba112c6f4f0b335578890a816262e"},"headline":"Coco","datePublished":"2009-03-20T16:48:00+00:00","dateModified":"2015-07-04T15:47:30+00:00","mainEntityOfPage":{"@id":"https:\/\/enricomaciasloriental.fr\/WordPress\/coco\/"},"wordCount":61,"commentCount":0,"publisher":{"@id":"https:\/\/enricomaciasloriental.fr\/WordPress\/#\/schema\/person\/53fba112c6f4f0b335578890a816262e"},"articleSection":["D\u00e9bats"],"inLanguage":"fr-FR","potentialAction":[{"@type":"CommentAction","name":"Comment","target":["https:\/\/enricomaciasloriental.fr\/WordPress\/coco\/#respond"]}]},{"@type":"WebPage","@id":"https:\/\/enricomaciasloriental.fr\/WordPress\/coco\/","url":"https:\/\/enricomaciasloriental.fr\/WordPress\/coco\/","name":"Coco - ENRICO MACIAS L&#039;Oriental","isPartOf":{"@id":"https:\/\/enricomaciasloriental.fr\/WordPress\/#website"},"datePublished":"2009-03-20T16:48:00+00:00","dateModified":"2015-07-04T15:47:30+00:00","breadcrumb":{"@id":"https:\/\/enricomaciasloriental.fr\/WordPress\/coco\/#breadcrumb"},"inLanguage":"fr-FR","potentialAction":[{"@type":"ReadAction","target":["https:\/\/enricomaciasloriental.fr\/WordPress\/coco\/"]}]},{"@type":"BreadcrumbList","@id":"https:\/\/enricomaciasloriental.fr\/WordPress\/coco\/#breadcrumb","itemListElement":[{"@type":"ListItem","position":1,"name":"Accueil","item":"https:\/\/enricomaciasloriental.fr\/WordPress\/"},{"@type":"ListItem","position":2,"name":"Coco"}]},{"@type":"WebSite","@id":"https:\/\/enricomaciasloriental.fr\/WordPress\/#website","url":"https:\/\/enricomaciasloriental.fr\/WordPress\/","name":"ENRICO MACIAS L'Oriental","description":"IL EST COMME LE SOLEIL","publisher":{"@id":"https:\/\/enricomaciasloriental.fr\/WordPress\/#\/schema\/person\/53fba112c6f4f0b335578890a816262e"},"potentialAction":[{"@type":"SearchAction","target":{"@type":"EntryPoint","urlTemplate":"https:\/\/enricomaciasloriental.fr\/WordPress\/?s={search_term_string}"},"query-input":{"@type":"PropertyValueSpecification","valueRequired":true,"valueName":"search_term_string"}}],"inLanguage":"fr-FR"},{"@type":["Person","Organization"],"@id":"https:\/\/enricomaciasloriental.fr\/WordPress\/#\/schema\/person\/53fba112c6f4f0b335578890a816262e","name":"Loriental","image":{"@type":"ImageObject","inLanguage":"fr-FR","@id":"https:\/\/enricomaciasloriental.fr\/WordPress\/wp-content\/uploads\/\/2015\/02\/cropped-bannier_altaiir-enrico.jpg","url":"https:\/\/enricomaciasloriental.fr\/WordPress\/wp-content\/uploads\/\/2015\/02\/cropped-bannier_altaiir-enrico.jpg","contentUrl":"https:\/\/enricomaciasloriental.fr\/WordPress\/wp-content\/uploads\/\/2015\/02\/cropped-bannier_altaiir-enrico.jpg","width":1200,"height":150,"caption":"Loriental"},"logo":{"@id":"https:\/\/enricomaciasloriental.fr\/WordPress\/wp-content\/uploads\/\/2015\/02\/cropped-bannier_altaiir-enrico.jpg"},"sameAs":["http:\/\/www.enricomaciasloriental.fr\/"]}]}},"featured_image_src":"","featured_image_src_square":false,"author_info":{"display_name":"Loriental","author_link":"https:\/\/enricomaciasloriental.fr\/WordPress\/author\/admin9234\/"},"rbea_author_info":{"display_name":"Loriental","author_link":"https:\/\/enricomaciasloriental.fr\/WordPress\/author\/admin9234\/"},"rbea_excerpt_info":"\u00a0\u00a0 Difficile en France, actuellement, de passer \u00e0 c\u00f4t\u00e9 de la sortie du film \u00ab\u00a0COCO\u00a0\u00bb, ce film de et avec Gad Elmaleh dans lequel Enrico Macias participe dans le r\u00f4le du tailleur Alors, si vous avez vu ce film, venez &hellip;<p class=\"read-more\"> <a class=\"more-link\" href=\"https:\/\/enricomaciasloriental.fr\/WordPress\/coco\/\"> <span class=\"screen-reader-text\">Coco<\/span> Read More &raquo;<\/a><\/p>","category_list":"<a href=\"https:\/\/enricomaciasloriental.fr\/WordPress\/category\/debats\/\">D\u00e9bats<\/a>","comments_num":"0 comments","_links":{"self":[{"href":"https:\/\/enricomaciasloriental.fr\/WordPress\/wp-json\/wp\/v2\/posts\/18","targetHints":{"allow":["GET"]}}],"collection":[{"href":"https:\/\/enricomaciasloriental.fr\/WordPress\/wp-json\/wp\/v2\/posts"}],"about":[{"href":"https:\/\/enricomaciasloriental.fr\/WordPress\/wp-json\/wp\/v2\/types\/post"}],"author":[{"embeddable":true,"href":"https:\/\/enricomaciasloriental.fr\/WordPress\/wp-json\/wp\/v2\/users\/36"}],"replies":[{"embeddable":true,"href":"https:\/\/enricomaciasloriental.fr\/WordPress\/wp-json\/wp\/v2\/comments?post=18"}],"version-history":[{"count":0,"href":"https:\/\/enricomaciasloriental.fr\/WordPress\/wp-json\/wp\/v2\/posts\/18\/revisions"}],"wp:attachment":[{"href":"https:\/\/enricomaciasloriental.fr\/WordPress\/wp-json\/wp\/v2\/media?parent=18"}],"wp:term":[{"taxonomy":"category","embeddable":true,"href":"https:\/\/enricomaciasloriental.fr\/WordPress\/wp-json\/wp\/v2\/categories?post=18"},{"taxonomy":"post_tag","embeddable":true,"href":"https:\/\/enricomaciasloriental.fr\/WordPress\/wp-json\/wp\/v2\/tags?post=18"}],"curies":[{"name":"wp","href":"https:\/\/api.w.org\/{rel}","templated":true}]}}