{"id":1817,"date":"2010-12-23T17:41:23","date_gmt":"2010-12-23T16:41:23","guid":{"rendered":"http:\/\/enricomaciasloriental.fr\/WordPress\/?p=1817"},"modified":"2010-12-23T17:41:23","modified_gmt":"2010-12-23T16:41:23","slug":"concerts-reportes","status":"publish","type":"post","link":"https:\/\/enricomaciasloriental.fr\/WordPress\/concerts-reportes\/","title":{"rendered":"Concerts report\u00e9s"},"content":{"rendered":"<p><a href=\"https:\/\/enricomaciasloriental.fr\/WordPress\/wp-content\/uploads\/2010\/12\/enrico_macias_2011.jpg\"><img fetchpriority=\"high\" decoding=\"async\" class=\"alignleft size-full wp-image-1676\" title=\"enrico_macias_2011\" src=\"https:\/\/enricomaciasloriental.fr\/WordPress\/wp-content\/uploads\/2010\/12\/enrico_macias_2011.jpg\" alt=\"\" width=\"425\" height=\"250\" srcset=\"https:\/\/enricomaciasloriental.fr\/WordPress\/wp-content\/uploads\/2010\/12\/enrico_macias_2011.jpg 425w, https:\/\/enricomaciasloriental.fr\/WordPress\/wp-content\/uploads\/2010\/12\/enrico_macias_2011-300x176.jpg 300w\" sizes=\"(max-width: 425px) 100vw, 425px\" \/><\/a><\/p>\n<p>Je viens de recevoir l&rsquo;information du report des dates de concerts d&rsquo;Enrico Macias\u00a0pour les\u00a0mois de janvier et f\u00e9vrier 2010<\/p>\n<p>Je vous en communique ci-dessous le contenu\u00a0:<\/p>\n<p>\u00a0<em> \u00ab\u00a0En raison du retard pris par l&rsquo;enregistrement de l&rsquo;album \u00ab\u00a0Voyage d&rsquo;une m\u00e9lodie\u00a0\u00bb (Enrico est en studio en ce moment pour de nouvelles chansons et autres), les dates de concerts du d\u00e9but d&rsquo;ann\u00e9e sont report\u00e9es.<\/em><\/p>\n<p><em>Je n&rsquo;ai pas toutes les nouvelles dates, mais je puis vous dire que :<\/em><em>\u00a0<\/em><\/p>\n<p><em>NANTES c&rsquo;est le 21 Mai 2011 au lieu du 12 F\u00e9vrier<\/em><em>L&rsquo;UNION c&rsquo;est le 26 Mai 2011 au lieu du 23 Janvier<\/em><em>Les dates pour les villes de MERIGNAC, LYON, DIGNE sont en cours de finalisation.<\/em><em>Je ne suis pas, \u00e0 m\u00eame de vous dire aujourd&rsquo;hui, si les dates de NICE et AIX EN PROVENCE sont maintenues \u00e0 leurs dates initiales tout comme MEAUX ou ST JAMES et RENNES initialement pr\u00e9vu le 13 F\u00e9vrier 2011.<\/em><em>LES BILLETS ACHETES POUR LES CONCERTS RESTENT VALABLES POUR LES NOUVELLES DATES DE CONCERTS MAIS IL EST POSSIBLE DE SE FAIRE REMBOURSER AVANT LES NOUVELLES DATES DANS LE CAS OU LES PERSONNES NE PEUVENT PAS SE RENDRE A CES DATES.<\/em><em>Je vous invite \u00e0 venir sur la page des concerts que j&rsquo;ai cr\u00e9\u00e9e pour Enrico \u00e0 l&rsquo;adresse suivante sur mon site internet.<\/em><a href=\"http:\/\/lesmusiques.voila.net\/emac2011.htm\"><em>http:\/\/lesmusiques.voila.net\/emac2011.htm<\/em><\/a><strong><em>D\u00e8s Janvier 2011 je reviendrai vers vous afin de vous donner les dates exactes de tous les concerts 2011 d&rsquo;Enrico MACIAS.<\/em><\/strong><em>Chacun d&rsquo;entre nous qui avons r\u00e9serv\u00e9 pour NANTES et autres villes sera inform\u00e9 du report des dates par la billetterie. Je vous donnerai, en d\u00e9but Janvier 2011, la marche \u00e0 suivre.<\/em><em>Par contre, je vous confirme que les 4 dates de l&rsquo;OLYMIPA sont maintenues pour les <strong>24 au 27 Mars 2011 comme pr\u00e9vu.<\/strong><\/em><em>En ce concerne l&rsquo;Album \u00ab\u00a0Voyage d&rsquo;une m\u00e9lodie\u00a0\u00bb\u00a0il est d\u00e9sormais programm\u00e9 en sortie dans les bacs pour le d\u00e9but MARS 2011, sans pr\u00e9cision de date. Je ne manquerai de vous la donner d\u00e8s que je l&rsquo;aurai.\u00a0<\/em><em>Il comportera 14 titres.<\/em><em>Je suis d\u00e9sol\u00e9 de vous apporter une telle nouvelle \u00e0 l&rsquo;approche de No\u00ebl, mais la r\u00e9alit\u00e9 prime.<\/em><em>Je souhaite \u00e0 tous un JOYEUX NOEL !<\/em><em>Armand\u00a0\u00bb<\/em><\/p>\n","protected":false},"excerpt":{"rendered":"<p>Je viens de recevoir l&rsquo;information du report des dates de concerts d&rsquo;Enrico Macias\u00a0pour les\u00a0mois de janvier et f\u00e9vrier 2010 Je vous en communique ci-dessous le contenu\u00a0: \u00a0 \u00ab\u00a0En raison du retard pris par l&rsquo;enregistrement de l&rsquo;album \u00ab\u00a0Voyage d&rsquo;une m\u00e9lodie\u00a0\u00bb (Enrico &hellip;<\/p>\n<p class=\"read-more\"> <a class=\"more-link\" href=\"https:\/\/enricomaciasloriental.fr\/WordPress\/concerts-reportes\/\"> <span class=\"screen-reader-text\">Concerts report\u00e9s<\/span> Read More &raquo;<\/a><\/p>\n","protected":false},"author":36,"featured_media":0,"comment_status":"open","ping_status":"open","sticky":false,"template":"","format":"standard","meta":{"footnotes":""},"categories":[1],"tags":[],"class_list":["post-1817","post","type-post","status-publish","format-standard","hentry","category-actualites"],"yoast_head":"<!-- This site is optimized with the Yoast SEO plugin v27.4 - https:\/\/yoast.com\/product\/yoast-seo-wordpress\/ -->\n<title>Concerts report\u00e9s - ENRICO MACIAS L&#039;Oriental<\/title>\n<meta name=\"robots\" content=\"index, follow, max-snippet:-1, max-image-preview:large, max-video-preview:-1\" \/>\n<link rel=\"canonical\" href=\"https:\/\/enricomaciasloriental.fr\/WordPress\/concerts-reportes\/\" \/>\n<meta property=\"og:locale\" content=\"fr_FR\" \/>\n<meta property=\"og:type\" content=\"article\" \/>\n<meta property=\"og:title\" content=\"Concerts report\u00e9s - ENRICO MACIAS L&#039;Oriental\" \/>\n<meta property=\"og:description\" content=\"Je viens de recevoir l&rsquo;information du report des dates de concerts d&rsquo;Enrico Macias\u00a0pour les\u00a0mois de janvier et f\u00e9vrier 2010 Je vous en communique ci-dessous le contenu\u00a0: \u00a0 \u00ab\u00a0En raison du retard pris par l&rsquo;enregistrement de l&rsquo;album \u00ab\u00a0Voyage d&rsquo;une m\u00e9lodie\u00a0\u00bb (Enrico &hellip; Concerts report\u00e9s Read More &raquo;\" \/>\n<meta property=\"og:url\" content=\"https:\/\/enricomaciasloriental.fr\/WordPress\/concerts-reportes\/\" \/>\n<meta property=\"og:site_name\" content=\"ENRICO MACIAS L&#039;Oriental\" \/>\n<meta property=\"article:published_time\" content=\"2010-12-23T16:41:23+00:00\" \/>\n<meta property=\"og:image\" content=\"http:\/\/enricomaciasloriental.fr\/WordPress\/wp-content\/uploads\/2010\/12\/enrico_macias_2011.jpg\" \/>\n<meta name=\"author\" content=\"Loriental\" \/>\n<meta name=\"twitter:card\" content=\"summary_large_image\" \/>\n<meta name=\"twitter:label1\" content=\"\u00c9crit par\" \/>\n\t<meta name=\"twitter:data1\" content=\"Loriental\" \/>\n\t<meta name=\"twitter:label2\" content=\"Dur\u00e9e de lecture estim\u00e9e\" \/>\n\t<meta name=\"twitter:data2\" content=\"2 minutes\" \/>\n<script type=\"application\/ld+json\" class=\"yoast-schema-graph\">{\"@context\":\"https:\\\/\\\/schema.org\",\"@graph\":[{\"@type\":\"Article\",\"@id\":\"https:\\\/\\\/enricomaciasloriental.fr\\\/WordPress\\\/concerts-reportes\\\/#article\",\"isPartOf\":{\"@id\":\"https:\\\/\\\/enricomaciasloriental.fr\\\/WordPress\\\/concerts-reportes\\\/\"},\"author\":{\"name\":\"Loriental\",\"@id\":\"https:\\\/\\\/enricomaciasloriental.fr\\\/WordPress\\\/#\\\/schema\\\/person\\\/53fba112c6f4f0b335578890a816262e\"},\"headline\":\"Concerts report\u00e9s\",\"datePublished\":\"2010-12-23T16:41:23+00:00\",\"mainEntityOfPage\":{\"@id\":\"https:\\\/\\\/enricomaciasloriental.fr\\\/WordPress\\\/concerts-reportes\\\/\"},\"wordCount\":377,\"commentCount\":0,\"publisher\":{\"@id\":\"https:\\\/\\\/enricomaciasloriental.fr\\\/WordPress\\\/#\\\/schema\\\/person\\\/53fba112c6f4f0b335578890a816262e\"},\"image\":{\"@id\":\"https:\\\/\\\/enricomaciasloriental.fr\\\/WordPress\\\/concerts-reportes\\\/#primaryimage\"},\"thumbnailUrl\":\"http:\\\/\\\/enricomaciasloriental.fr\\\/WordPress\\\/wp-content\\\/uploads\\\/2010\\\/12\\\/enrico_macias_2011.jpg\",\"articleSection\":[\"Actualit\u00e9s\"],\"inLanguage\":\"fr-FR\",\"potentialAction\":[{\"@type\":\"CommentAction\",\"name\":\"Comment\",\"target\":[\"https:\\\/\\\/enricomaciasloriental.fr\\\/WordPress\\\/concerts-reportes\\\/#respond\"]}]},{\"@type\":\"WebPage\",\"@id\":\"https:\\\/\\\/enricomaciasloriental.fr\\\/WordPress\\\/concerts-reportes\\\/\",\"url\":\"https:\\\/\\\/enricomaciasloriental.fr\\\/WordPress\\\/concerts-reportes\\\/\",\"name\":\"Concerts report\u00e9s - ENRICO MACIAS L&#039;Oriental\",\"isPartOf\":{\"@id\":\"https:\\\/\\\/enricomaciasloriental.fr\\\/WordPress\\\/#website\"},\"primaryImageOfPage\":{\"@id\":\"https:\\\/\\\/enricomaciasloriental.fr\\\/WordPress\\\/concerts-reportes\\\/#primaryimage\"},\"image\":{\"@id\":\"https:\\\/\\\/enricomaciasloriental.fr\\\/WordPress\\\/concerts-reportes\\\/#primaryimage\"},\"thumbnailUrl\":\"http:\\\/\\\/enricomaciasloriental.fr\\\/WordPress\\\/wp-content\\\/uploads\\\/2010\\\/12\\\/enrico_macias_2011.jpg\",\"datePublished\":\"2010-12-23T16:41:23+00:00\",\"breadcrumb\":{\"@id\":\"https:\\\/\\\/enricomaciasloriental.fr\\\/WordPress\\\/concerts-reportes\\\/#breadcrumb\"},\"inLanguage\":\"fr-FR\",\"potentialAction\":[{\"@type\":\"ReadAction\",\"target\":[\"https:\\\/\\\/enricomaciasloriental.fr\\\/WordPress\\\/concerts-reportes\\\/\"]}]},{\"@type\":\"ImageObject\",\"inLanguage\":\"fr-FR\",\"@id\":\"https:\\\/\\\/enricomaciasloriental.fr\\\/WordPress\\\/concerts-reportes\\\/#primaryimage\",\"url\":\"http:\\\/\\\/enricomaciasloriental.fr\\\/WordPress\\\/wp-content\\\/uploads\\\/2010\\\/12\\\/enrico_macias_2011.jpg\",\"contentUrl\":\"http:\\\/\\\/enricomaciasloriental.fr\\\/WordPress\\\/wp-content\\\/uploads\\\/2010\\\/12\\\/enrico_macias_2011.jpg\"},{\"@type\":\"BreadcrumbList\",\"@id\":\"https:\\\/\\\/enricomaciasloriental.fr\\\/WordPress\\\/concerts-reportes\\\/#breadcrumb\",\"itemListElement\":[{\"@type\":\"ListItem\",\"position\":1,\"name\":\"Accueil\",\"item\":\"https:\\\/\\\/enricomaciasloriental.fr\\\/WordPress\\\/\"},{\"@type\":\"ListItem\",\"position\":2,\"name\":\"Concerts report\u00e9s\"}]},{\"@type\":\"WebSite\",\"@id\":\"https:\\\/\\\/enricomaciasloriental.fr\\\/WordPress\\\/#website\",\"url\":\"https:\\\/\\\/enricomaciasloriental.fr\\\/WordPress\\\/\",\"name\":\"ENRICO MACIAS L'Oriental\",\"description\":\"IL EST COMME LE SOLEIL\",\"publisher\":{\"@id\":\"https:\\\/\\\/enricomaciasloriental.fr\\\/WordPress\\\/#\\\/schema\\\/person\\\/53fba112c6f4f0b335578890a816262e\"},\"potentialAction\":[{\"@type\":\"SearchAction\",\"target\":{\"@type\":\"EntryPoint\",\"urlTemplate\":\"https:\\\/\\\/enricomaciasloriental.fr\\\/WordPress\\\/?s={search_term_string}\"},\"query-input\":{\"@type\":\"PropertyValueSpecification\",\"valueRequired\":true,\"valueName\":\"search_term_string\"}}],\"inLanguage\":\"fr-FR\"},{\"@type\":[\"Person\",\"Organization\"],\"@id\":\"https:\\\/\\\/enricomaciasloriental.fr\\\/WordPress\\\/#\\\/schema\\\/person\\\/53fba112c6f4f0b335578890a816262e\",\"name\":\"Loriental\",\"image\":{\"@type\":\"ImageObject\",\"inLanguage\":\"fr-FR\",\"@id\":\"https:\\\/\\\/enricomaciasloriental.fr\\\/WordPress\\\/wp-content\\\/uploads\\\/\\\/2015\\\/02\\\/cropped-bannier_altaiir-enrico.jpg\",\"url\":\"https:\\\/\\\/enricomaciasloriental.fr\\\/WordPress\\\/wp-content\\\/uploads\\\/\\\/2015\\\/02\\\/cropped-bannier_altaiir-enrico.jpg\",\"contentUrl\":\"https:\\\/\\\/enricomaciasloriental.fr\\\/WordPress\\\/wp-content\\\/uploads\\\/\\\/2015\\\/02\\\/cropped-bannier_altaiir-enrico.jpg\",\"width\":1200,\"height\":150,\"caption\":\"Loriental\"},\"logo\":{\"@id\":\"https:\\\/\\\/enricomaciasloriental.fr\\\/WordPress\\\/wp-content\\\/uploads\\\/\\\/2015\\\/02\\\/cropped-bannier_altaiir-enrico.jpg\"},\"sameAs\":[\"http:\\\/\\\/www.enricomaciasloriental.fr\\\/\"]}]}<\/script>\n<!-- \/ Yoast SEO plugin. -->","yoast_head_json":{"title":"Concerts report\u00e9s - ENRICO MACIAS L&#039;Oriental","robots":{"index":"index","follow":"follow","max-snippet":"max-snippet:-1","max-image-preview":"max-image-preview:large","max-video-preview":"max-video-preview:-1"},"canonical":"https:\/\/enricomaciasloriental.fr\/WordPress\/concerts-reportes\/","og_locale":"fr_FR","og_type":"article","og_title":"Concerts report\u00e9s - ENRICO MACIAS L&#039;Oriental","og_description":"Je viens de recevoir l&rsquo;information du report des dates de concerts d&rsquo;Enrico Macias\u00a0pour les\u00a0mois de janvier et f\u00e9vrier 2010 Je vous en communique ci-dessous le contenu\u00a0: \u00a0 \u00ab\u00a0En raison du retard pris par l&rsquo;enregistrement de l&rsquo;album \u00ab\u00a0Voyage d&rsquo;une m\u00e9lodie\u00a0\u00bb (Enrico &hellip; Concerts report\u00e9s Read More &raquo;","og_url":"https:\/\/enricomaciasloriental.fr\/WordPress\/concerts-reportes\/","og_site_name":"ENRICO MACIAS L&#039;Oriental","article_published_time":"2010-12-23T16:41:23+00:00","og_image":[{"url":"http:\/\/enricomaciasloriental.fr\/WordPress\/wp-content\/uploads\/2010\/12\/enrico_macias_2011.jpg","type":"","width":"","height":""}],"author":"Loriental","twitter_card":"summary_large_image","twitter_misc":{"\u00c9crit par":"Loriental","Dur\u00e9e de lecture estim\u00e9e":"2 minutes"},"schema":{"@context":"https:\/\/schema.org","@graph":[{"@type":"Article","@id":"https:\/\/enricomaciasloriental.fr\/WordPress\/concerts-reportes\/#article","isPartOf":{"@id":"https:\/\/enricomaciasloriental.fr\/WordPress\/concerts-reportes\/"},"author":{"name":"Loriental","@id":"https:\/\/enricomaciasloriental.fr\/WordPress\/#\/schema\/person\/53fba112c6f4f0b335578890a816262e"},"headline":"Concerts report\u00e9s","datePublished":"2010-12-23T16:41:23+00:00","mainEntityOfPage":{"@id":"https:\/\/enricomaciasloriental.fr\/WordPress\/concerts-reportes\/"},"wordCount":377,"commentCount":0,"publisher":{"@id":"https:\/\/enricomaciasloriental.fr\/WordPress\/#\/schema\/person\/53fba112c6f4f0b335578890a816262e"},"image":{"@id":"https:\/\/enricomaciasloriental.fr\/WordPress\/concerts-reportes\/#primaryimage"},"thumbnailUrl":"http:\/\/enricomaciasloriental.fr\/WordPress\/wp-content\/uploads\/2010\/12\/enrico_macias_2011.jpg","articleSection":["Actualit\u00e9s"],"inLanguage":"fr-FR","potentialAction":[{"@type":"CommentAction","name":"Comment","target":["https:\/\/enricomaciasloriental.fr\/WordPress\/concerts-reportes\/#respond"]}]},{"@type":"WebPage","@id":"https:\/\/enricomaciasloriental.fr\/WordPress\/concerts-reportes\/","url":"https:\/\/enricomaciasloriental.fr\/WordPress\/concerts-reportes\/","name":"Concerts report\u00e9s - ENRICO MACIAS L&#039;Oriental","isPartOf":{"@id":"https:\/\/enricomaciasloriental.fr\/WordPress\/#website"},"primaryImageOfPage":{"@id":"https:\/\/enricomaciasloriental.fr\/WordPress\/concerts-reportes\/#primaryimage"},"image":{"@id":"https:\/\/enricomaciasloriental.fr\/WordPress\/concerts-reportes\/#primaryimage"},"thumbnailUrl":"http:\/\/enricomaciasloriental.fr\/WordPress\/wp-content\/uploads\/2010\/12\/enrico_macias_2011.jpg","datePublished":"2010-12-23T16:41:23+00:00","breadcrumb":{"@id":"https:\/\/enricomaciasloriental.fr\/WordPress\/concerts-reportes\/#breadcrumb"},"inLanguage":"fr-FR","potentialAction":[{"@type":"ReadAction","target":["https:\/\/enricomaciasloriental.fr\/WordPress\/concerts-reportes\/"]}]},{"@type":"ImageObject","inLanguage":"fr-FR","@id":"https:\/\/enricomaciasloriental.fr\/WordPress\/concerts-reportes\/#primaryimage","url":"http:\/\/enricomaciasloriental.fr\/WordPress\/wp-content\/uploads\/2010\/12\/enrico_macias_2011.jpg","contentUrl":"http:\/\/enricomaciasloriental.fr\/WordPress\/wp-content\/uploads\/2010\/12\/enrico_macias_2011.jpg"},{"@type":"BreadcrumbList","@id":"https:\/\/enricomaciasloriental.fr\/WordPress\/concerts-reportes\/#breadcrumb","itemListElement":[{"@type":"ListItem","position":1,"name":"Accueil","item":"https:\/\/enricomaciasloriental.fr\/WordPress\/"},{"@type":"ListItem","position":2,"name":"Concerts report\u00e9s"}]},{"@type":"WebSite","@id":"https:\/\/enricomaciasloriental.fr\/WordPress\/#website","url":"https:\/\/enricomaciasloriental.fr\/WordPress\/","name":"ENRICO MACIAS L'Oriental","description":"IL EST COMME LE SOLEIL","publisher":{"@id":"https:\/\/enricomaciasloriental.fr\/WordPress\/#\/schema\/person\/53fba112c6f4f0b335578890a816262e"},"potentialAction":[{"@type":"SearchAction","target":{"@type":"EntryPoint","urlTemplate":"https:\/\/enricomaciasloriental.fr\/WordPress\/?s={search_term_string}"},"query-input":{"@type":"PropertyValueSpecification","valueRequired":true,"valueName":"search_term_string"}}],"inLanguage":"fr-FR"},{"@type":["Person","Organization"],"@id":"https:\/\/enricomaciasloriental.fr\/WordPress\/#\/schema\/person\/53fba112c6f4f0b335578890a816262e","name":"Loriental","image":{"@type":"ImageObject","inLanguage":"fr-FR","@id":"https:\/\/enricomaciasloriental.fr\/WordPress\/wp-content\/uploads\/\/2015\/02\/cropped-bannier_altaiir-enrico.jpg","url":"https:\/\/enricomaciasloriental.fr\/WordPress\/wp-content\/uploads\/\/2015\/02\/cropped-bannier_altaiir-enrico.jpg","contentUrl":"https:\/\/enricomaciasloriental.fr\/WordPress\/wp-content\/uploads\/\/2015\/02\/cropped-bannier_altaiir-enrico.jpg","width":1200,"height":150,"caption":"Loriental"},"logo":{"@id":"https:\/\/enricomaciasloriental.fr\/WordPress\/wp-content\/uploads\/\/2015\/02\/cropped-bannier_altaiir-enrico.jpg"},"sameAs":["http:\/\/www.enricomaciasloriental.fr\/"]}]}},"featured_image_src":"","featured_image_src_square":false,"author_info":{"display_name":"Loriental","author_link":"https:\/\/enricomaciasloriental.fr\/WordPress\/author\/admin9234\/"},"rbea_author_info":{"display_name":"Loriental","author_link":"https:\/\/enricomaciasloriental.fr\/WordPress\/author\/admin9234\/"},"rbea_excerpt_info":"Je viens de recevoir l&rsquo;information du report des dates de concerts d&rsquo;Enrico Macias\u00a0pour les\u00a0mois de janvier et f\u00e9vrier 2010 Je vous en communique ci-dessous le contenu\u00a0: \u00a0 \u00ab\u00a0En raison du retard pris par l&rsquo;enregistrement de l&rsquo;album \u00ab\u00a0Voyage d&rsquo;une m\u00e9lodie\u00a0\u00bb (Enrico &hellip;<p class=\"read-more\"> <a class=\"more-link\" href=\"https:\/\/enricomaciasloriental.fr\/WordPress\/concerts-reportes\/\"> <span class=\"screen-reader-text\">Concerts report\u00e9s<\/span> Read More &raquo;<\/a><\/p>","category_list":"<a href=\"https:\/\/enricomaciasloriental.fr\/WordPress\/category\/actualites\/\">Actualit\u00e9s<\/a>","comments_num":"0 comments","_links":{"self":[{"href":"https:\/\/enricomaciasloriental.fr\/WordPress\/wp-json\/wp\/v2\/posts\/1817","targetHints":{"allow":["GET"]}}],"collection":[{"href":"https:\/\/enricomaciasloriental.fr\/WordPress\/wp-json\/wp\/v2\/posts"}],"about":[{"href":"https:\/\/enricomaciasloriental.fr\/WordPress\/wp-json\/wp\/v2\/types\/post"}],"author":[{"embeddable":true,"href":"https:\/\/enricomaciasloriental.fr\/WordPress\/wp-json\/wp\/v2\/users\/36"}],"replies":[{"embeddable":true,"href":"https:\/\/enricomaciasloriental.fr\/WordPress\/wp-json\/wp\/v2\/comments?post=1817"}],"version-history":[{"count":0,"href":"https:\/\/enricomaciasloriental.fr\/WordPress\/wp-json\/wp\/v2\/posts\/1817\/revisions"}],"wp:attachment":[{"href":"https:\/\/enricomaciasloriental.fr\/WordPress\/wp-json\/wp\/v2\/media?parent=1817"}],"wp:term":[{"taxonomy":"category","embeddable":true,"href":"https:\/\/enricomaciasloriental.fr\/WordPress\/wp-json\/wp\/v2\/categories?post=1817"},{"taxonomy":"post_tag","embeddable":true,"href":"https:\/\/enricomaciasloriental.fr\/WordPress\/wp-json\/wp\/v2\/tags?post=1817"}],"curies":[{"name":"wp","href":"https:\/\/api.w.org\/{rel}","templated":true}]}}