{"id":184,"date":"2009-11-03T07:15:00","date_gmt":"2009-11-03T05:15:00","guid":{"rendered":"http:\/\/enricomaciasloriental.fr\/WordPress\/?p=184"},"modified":"2009-11-03T07:15:00","modified_gmt":"2009-11-03T05:15:00","slug":"tout-lmonde-debout-pour-enrico-macias","status":"publish","type":"post","link":"https:\/\/enricomaciasloriental.fr\/WordPress\/tout-lmonde-debout-pour-enrico-macias\/","title":{"rendered":"Tout l&rsquo;monde debout pour Enrico Macias"},"content":{"rendered":"<p>Il est des nuits o\u00f9 l&rsquo;on se tourne et se retourne dans son lit en pestant apr\u00e8s ce sommeil qui nous fuit.<br \/>Mais parfois, comme pour moi ce matin, je me suis dit qu&rsquo;une petite \u00e9toile m&rsquo;avait tenue \u00e9veill\u00e9e et guid\u00e9e sur le net pour vous d\u00e9nicher ces deux interviews d&rsquo;Enrico sur les radios canadiennes<\/p>\n<p>Caroline Duchesne a dialogu\u00e9 avec notre artiste pour l&rsquo;\u00e9mission \u00ab\u00a0<a href=\"http:\/\/www.rockdetente.com\/saguenay\/art-de-vivre\/tout-l-monde-debout-saguenay-lac-st-jean\/114828-enrico-macias-debute-sa-tournee-quebecoise-chez-nous\/\">Tout l&rsquo;monde debout\u00a0\u00bb<\/a> (Saguenay) sur la radio canadienne Rock d\u00e9tente le mardi 27 octobre 2009<\/p>\n<p><script src=\"http:\/\/www.gmodules.com\/ig\/ifr?url=http:\/\/philippe.chappuis.googlepages.com\/flash_dewplayer.xml&amp;up_File=http%3A%2F%2Fphilippe.chappuis.googlepages.com%2Fdewplayer.swf%3Fmp3%3Dhttp:\/\/www.altaiir-enricomacias.com\/blogloriental\/musiquesblog\/toutlemondedeboutrockdetente27_10_09.mp3%26volume%3D80%26showtime%3D1%26bgcolor%3Dcc0000&amp;up_Backcol=%23cc0000&amp;synd=open&amp;w=220&amp;h=25&amp;title=Flash+Reader+to+Play+MP3+Files&amp;border=%23ffffff%7C0px%2C1px+solid+%23993333%7C0px%2C1px+solid+%23bb5555%7C0px%2C1px+solid+%23DD7777%7C0px%2C2px+solid+%23EE8888&amp;output=js\"><\/script><\/p>\n","protected":false},"excerpt":{"rendered":"<p>Il est des nuits o\u00f9 l&rsquo;on se tourne et se retourne dans son lit en pestant apr\u00e8s ce sommeil qui nous fuit.Mais parfois, comme pour moi ce matin, je me suis dit qu&rsquo;une petite \u00e9toile m&rsquo;avait tenue \u00e9veill\u00e9e et guid\u00e9e &hellip;<\/p>\n<p class=\"read-more\"> <a class=\"more-link\" href=\"https:\/\/enricomaciasloriental.fr\/WordPress\/tout-lmonde-debout-pour-enrico-macias\/\"> <span class=\"screen-reader-text\">Tout l&rsquo;monde debout pour Enrico Macias<\/span> Read More &raquo;<\/a><\/p>\n","protected":false},"author":36,"featured_media":0,"comment_status":"open","ping_status":"open","sticky":false,"template":"","format":"standard","meta":{"footnotes":""},"categories":[1],"tags":[],"class_list":["post-184","post","type-post","status-publish","format-standard","hentry","category-actualites"],"yoast_head":"<!-- This site is optimized with the Yoast SEO plugin v27.4 - https:\/\/yoast.com\/product\/yoast-seo-wordpress\/ -->\n<title>Tout l&#039;monde debout pour Enrico Macias - ENRICO MACIAS L&#039;Oriental<\/title>\n<meta name=\"robots\" content=\"index, follow, max-snippet:-1, max-image-preview:large, max-video-preview:-1\" \/>\n<link rel=\"canonical\" href=\"https:\/\/enricomaciasloriental.fr\/WordPress\/tout-lmonde-debout-pour-enrico-macias\/\" \/>\n<meta property=\"og:locale\" content=\"fr_FR\" \/>\n<meta property=\"og:type\" content=\"article\" \/>\n<meta property=\"og:title\" content=\"Tout l&#039;monde debout pour Enrico Macias - ENRICO MACIAS L&#039;Oriental\" \/>\n<meta property=\"og:description\" content=\"Il est des nuits o\u00f9 l&rsquo;on se tourne et se retourne dans son lit en pestant apr\u00e8s ce sommeil qui nous fuit.Mais parfois, comme pour moi ce matin, je me suis dit qu&rsquo;une petite \u00e9toile m&rsquo;avait tenue \u00e9veill\u00e9e et guid\u00e9e &hellip; Tout l&rsquo;monde debout pour Enrico Macias Read More &raquo;\" \/>\n<meta property=\"og:url\" content=\"https:\/\/enricomaciasloriental.fr\/WordPress\/tout-lmonde-debout-pour-enrico-macias\/\" \/>\n<meta property=\"og:site_name\" content=\"ENRICO MACIAS L&#039;Oriental\" \/>\n<meta property=\"article:published_time\" content=\"2009-11-03T05:15:00+00:00\" \/>\n<meta property=\"og:image\" content=\"https:\/\/enricomaciasloriental.fr\/WordPress\/wp-content\/uploads\/\/2019\/02\/article-902.jpg\" \/>\n\t<meta property=\"og:image:width\" content=\"700\" \/>\n\t<meta property=\"og:image:height\" content=\"497\" \/>\n\t<meta property=\"og:image:type\" content=\"image\/jpeg\" \/>\n<meta name=\"author\" content=\"Loriental\" \/>\n<meta name=\"twitter:card\" content=\"summary_large_image\" \/>\n<meta name=\"twitter:label1\" content=\"\u00c9crit par\" \/>\n\t<meta name=\"twitter:data1\" content=\"Loriental\" \/>\n<script type=\"application\/ld+json\" class=\"yoast-schema-graph\">{\"@context\":\"https:\\\/\\\/schema.org\",\"@graph\":[{\"@type\":\"Article\",\"@id\":\"https:\\\/\\\/enricomaciasloriental.fr\\\/WordPress\\\/tout-lmonde-debout-pour-enrico-macias\\\/#article\",\"isPartOf\":{\"@id\":\"https:\\\/\\\/enricomaciasloriental.fr\\\/WordPress\\\/tout-lmonde-debout-pour-enrico-macias\\\/\"},\"author\":{\"name\":\"Loriental\",\"@id\":\"https:\\\/\\\/enricomaciasloriental.fr\\\/WordPress\\\/#\\\/schema\\\/person\\\/53fba112c6f4f0b335578890a816262e\"},\"headline\":\"Tout l&rsquo;monde debout pour Enrico Macias\",\"datePublished\":\"2009-11-03T05:15:00+00:00\",\"mainEntityOfPage\":{\"@id\":\"https:\\\/\\\/enricomaciasloriental.fr\\\/WordPress\\\/tout-lmonde-debout-pour-enrico-macias\\\/\"},\"wordCount\":95,\"commentCount\":0,\"publisher\":{\"@id\":\"https:\\\/\\\/enricomaciasloriental.fr\\\/WordPress\\\/#\\\/schema\\\/person\\\/53fba112c6f4f0b335578890a816262e\"},\"articleSection\":[\"Actualit\u00e9s\"],\"inLanguage\":\"fr-FR\",\"potentialAction\":[{\"@type\":\"CommentAction\",\"name\":\"Comment\",\"target\":[\"https:\\\/\\\/enricomaciasloriental.fr\\\/WordPress\\\/tout-lmonde-debout-pour-enrico-macias\\\/#respond\"]}]},{\"@type\":\"WebPage\",\"@id\":\"https:\\\/\\\/enricomaciasloriental.fr\\\/WordPress\\\/tout-lmonde-debout-pour-enrico-macias\\\/\",\"url\":\"https:\\\/\\\/enricomaciasloriental.fr\\\/WordPress\\\/tout-lmonde-debout-pour-enrico-macias\\\/\",\"name\":\"Tout l'monde debout pour Enrico Macias - ENRICO MACIAS L&#039;Oriental\",\"isPartOf\":{\"@id\":\"https:\\\/\\\/enricomaciasloriental.fr\\\/WordPress\\\/#website\"},\"datePublished\":\"2009-11-03T05:15:00+00:00\",\"breadcrumb\":{\"@id\":\"https:\\\/\\\/enricomaciasloriental.fr\\\/WordPress\\\/tout-lmonde-debout-pour-enrico-macias\\\/#breadcrumb\"},\"inLanguage\":\"fr-FR\",\"potentialAction\":[{\"@type\":\"ReadAction\",\"target\":[\"https:\\\/\\\/enricomaciasloriental.fr\\\/WordPress\\\/tout-lmonde-debout-pour-enrico-macias\\\/\"]}]},{\"@type\":\"BreadcrumbList\",\"@id\":\"https:\\\/\\\/enricomaciasloriental.fr\\\/WordPress\\\/tout-lmonde-debout-pour-enrico-macias\\\/#breadcrumb\",\"itemListElement\":[{\"@type\":\"ListItem\",\"position\":1,\"name\":\"Accueil\",\"item\":\"https:\\\/\\\/enricomaciasloriental.fr\\\/WordPress\\\/\"},{\"@type\":\"ListItem\",\"position\":2,\"name\":\"Tout l&rsquo;monde debout pour Enrico Macias\"}]},{\"@type\":\"WebSite\",\"@id\":\"https:\\\/\\\/enricomaciasloriental.fr\\\/WordPress\\\/#website\",\"url\":\"https:\\\/\\\/enricomaciasloriental.fr\\\/WordPress\\\/\",\"name\":\"ENRICO MACIAS L'Oriental\",\"description\":\"IL EST COMME LE SOLEIL\",\"publisher\":{\"@id\":\"https:\\\/\\\/enricomaciasloriental.fr\\\/WordPress\\\/#\\\/schema\\\/person\\\/53fba112c6f4f0b335578890a816262e\"},\"potentialAction\":[{\"@type\":\"SearchAction\",\"target\":{\"@type\":\"EntryPoint\",\"urlTemplate\":\"https:\\\/\\\/enricomaciasloriental.fr\\\/WordPress\\\/?s={search_term_string}\"},\"query-input\":{\"@type\":\"PropertyValueSpecification\",\"valueRequired\":true,\"valueName\":\"search_term_string\"}}],\"inLanguage\":\"fr-FR\"},{\"@type\":[\"Person\",\"Organization\"],\"@id\":\"https:\\\/\\\/enricomaciasloriental.fr\\\/WordPress\\\/#\\\/schema\\\/person\\\/53fba112c6f4f0b335578890a816262e\",\"name\":\"Loriental\",\"image\":{\"@type\":\"ImageObject\",\"inLanguage\":\"fr-FR\",\"@id\":\"https:\\\/\\\/enricomaciasloriental.fr\\\/WordPress\\\/wp-content\\\/uploads\\\/\\\/2015\\\/02\\\/cropped-bannier_altaiir-enrico.jpg\",\"url\":\"https:\\\/\\\/enricomaciasloriental.fr\\\/WordPress\\\/wp-content\\\/uploads\\\/\\\/2015\\\/02\\\/cropped-bannier_altaiir-enrico.jpg\",\"contentUrl\":\"https:\\\/\\\/enricomaciasloriental.fr\\\/WordPress\\\/wp-content\\\/uploads\\\/\\\/2015\\\/02\\\/cropped-bannier_altaiir-enrico.jpg\",\"width\":1200,\"height\":150,\"caption\":\"Loriental\"},\"logo\":{\"@id\":\"https:\\\/\\\/enricomaciasloriental.fr\\\/WordPress\\\/wp-content\\\/uploads\\\/\\\/2015\\\/02\\\/cropped-bannier_altaiir-enrico.jpg\"},\"sameAs\":[\"http:\\\/\\\/www.enricomaciasloriental.fr\\\/\"]}]}<\/script>\n<!-- \/ Yoast SEO plugin. -->","yoast_head_json":{"title":"Tout l'monde debout pour Enrico Macias - ENRICO MACIAS L&#039;Oriental","robots":{"index":"index","follow":"follow","max-snippet":"max-snippet:-1","max-image-preview":"max-image-preview:large","max-video-preview":"max-video-preview:-1"},"canonical":"https:\/\/enricomaciasloriental.fr\/WordPress\/tout-lmonde-debout-pour-enrico-macias\/","og_locale":"fr_FR","og_type":"article","og_title":"Tout l'monde debout pour Enrico Macias - ENRICO MACIAS L&#039;Oriental","og_description":"Il est des nuits o\u00f9 l&rsquo;on se tourne et se retourne dans son lit en pestant apr\u00e8s ce sommeil qui nous fuit.Mais parfois, comme pour moi ce matin, je me suis dit qu&rsquo;une petite \u00e9toile m&rsquo;avait tenue \u00e9veill\u00e9e et guid\u00e9e &hellip; Tout l&rsquo;monde debout pour Enrico Macias Read More &raquo;","og_url":"https:\/\/enricomaciasloriental.fr\/WordPress\/tout-lmonde-debout-pour-enrico-macias\/","og_site_name":"ENRICO MACIAS L&#039;Oriental","article_published_time":"2009-11-03T05:15:00+00:00","og_image":[{"width":700,"height":497,"url":"https:\/\/enricomaciasloriental.fr\/WordPress\/wp-content\/uploads\/\/2019\/02\/article-902.jpg","type":"image\/jpeg"}],"author":"Loriental","twitter_card":"summary_large_image","twitter_misc":{"\u00c9crit par":"Loriental"},"schema":{"@context":"https:\/\/schema.org","@graph":[{"@type":"Article","@id":"https:\/\/enricomaciasloriental.fr\/WordPress\/tout-lmonde-debout-pour-enrico-macias\/#article","isPartOf":{"@id":"https:\/\/enricomaciasloriental.fr\/WordPress\/tout-lmonde-debout-pour-enrico-macias\/"},"author":{"name":"Loriental","@id":"https:\/\/enricomaciasloriental.fr\/WordPress\/#\/schema\/person\/53fba112c6f4f0b335578890a816262e"},"headline":"Tout l&rsquo;monde debout pour Enrico Macias","datePublished":"2009-11-03T05:15:00+00:00","mainEntityOfPage":{"@id":"https:\/\/enricomaciasloriental.fr\/WordPress\/tout-lmonde-debout-pour-enrico-macias\/"},"wordCount":95,"commentCount":0,"publisher":{"@id":"https:\/\/enricomaciasloriental.fr\/WordPress\/#\/schema\/person\/53fba112c6f4f0b335578890a816262e"},"articleSection":["Actualit\u00e9s"],"inLanguage":"fr-FR","potentialAction":[{"@type":"CommentAction","name":"Comment","target":["https:\/\/enricomaciasloriental.fr\/WordPress\/tout-lmonde-debout-pour-enrico-macias\/#respond"]}]},{"@type":"WebPage","@id":"https:\/\/enricomaciasloriental.fr\/WordPress\/tout-lmonde-debout-pour-enrico-macias\/","url":"https:\/\/enricomaciasloriental.fr\/WordPress\/tout-lmonde-debout-pour-enrico-macias\/","name":"Tout l'monde debout pour Enrico Macias - ENRICO MACIAS L&#039;Oriental","isPartOf":{"@id":"https:\/\/enricomaciasloriental.fr\/WordPress\/#website"},"datePublished":"2009-11-03T05:15:00+00:00","breadcrumb":{"@id":"https:\/\/enricomaciasloriental.fr\/WordPress\/tout-lmonde-debout-pour-enrico-macias\/#breadcrumb"},"inLanguage":"fr-FR","potentialAction":[{"@type":"ReadAction","target":["https:\/\/enricomaciasloriental.fr\/WordPress\/tout-lmonde-debout-pour-enrico-macias\/"]}]},{"@type":"BreadcrumbList","@id":"https:\/\/enricomaciasloriental.fr\/WordPress\/tout-lmonde-debout-pour-enrico-macias\/#breadcrumb","itemListElement":[{"@type":"ListItem","position":1,"name":"Accueil","item":"https:\/\/enricomaciasloriental.fr\/WordPress\/"},{"@type":"ListItem","position":2,"name":"Tout l&rsquo;monde debout pour Enrico Macias"}]},{"@type":"WebSite","@id":"https:\/\/enricomaciasloriental.fr\/WordPress\/#website","url":"https:\/\/enricomaciasloriental.fr\/WordPress\/","name":"ENRICO MACIAS L'Oriental","description":"IL EST COMME LE SOLEIL","publisher":{"@id":"https:\/\/enricomaciasloriental.fr\/WordPress\/#\/schema\/person\/53fba112c6f4f0b335578890a816262e"},"potentialAction":[{"@type":"SearchAction","target":{"@type":"EntryPoint","urlTemplate":"https:\/\/enricomaciasloriental.fr\/WordPress\/?s={search_term_string}"},"query-input":{"@type":"PropertyValueSpecification","valueRequired":true,"valueName":"search_term_string"}}],"inLanguage":"fr-FR"},{"@type":["Person","Organization"],"@id":"https:\/\/enricomaciasloriental.fr\/WordPress\/#\/schema\/person\/53fba112c6f4f0b335578890a816262e","name":"Loriental","image":{"@type":"ImageObject","inLanguage":"fr-FR","@id":"https:\/\/enricomaciasloriental.fr\/WordPress\/wp-content\/uploads\/\/2015\/02\/cropped-bannier_altaiir-enrico.jpg","url":"https:\/\/enricomaciasloriental.fr\/WordPress\/wp-content\/uploads\/\/2015\/02\/cropped-bannier_altaiir-enrico.jpg","contentUrl":"https:\/\/enricomaciasloriental.fr\/WordPress\/wp-content\/uploads\/\/2015\/02\/cropped-bannier_altaiir-enrico.jpg","width":1200,"height":150,"caption":"Loriental"},"logo":{"@id":"https:\/\/enricomaciasloriental.fr\/WordPress\/wp-content\/uploads\/\/2015\/02\/cropped-bannier_altaiir-enrico.jpg"},"sameAs":["http:\/\/www.enricomaciasloriental.fr\/"]}]}},"featured_image_src":"","featured_image_src_square":false,"author_info":{"display_name":"Loriental","author_link":"https:\/\/enricomaciasloriental.fr\/WordPress\/author\/admin9234\/"},"rbea_author_info":{"display_name":"Loriental","author_link":"https:\/\/enricomaciasloriental.fr\/WordPress\/author\/admin9234\/"},"rbea_excerpt_info":"Il est des nuits o\u00f9 l&rsquo;on se tourne et se retourne dans son lit en pestant apr\u00e8s ce sommeil qui nous fuit.Mais parfois, comme pour moi ce matin, je me suis dit qu&rsquo;une petite \u00e9toile m&rsquo;avait tenue \u00e9veill\u00e9e et guid\u00e9e &hellip;<p class=\"read-more\"> <a class=\"more-link\" href=\"https:\/\/enricomaciasloriental.fr\/WordPress\/tout-lmonde-debout-pour-enrico-macias\/\"> <span class=\"screen-reader-text\">Tout l&rsquo;monde debout pour Enrico Macias<\/span> Read More &raquo;<\/a><\/p>","category_list":"<a href=\"https:\/\/enricomaciasloriental.fr\/WordPress\/category\/actualites\/\">Actualit\u00e9s<\/a>","comments_num":"0 comments","_links":{"self":[{"href":"https:\/\/enricomaciasloriental.fr\/WordPress\/wp-json\/wp\/v2\/posts\/184","targetHints":{"allow":["GET"]}}],"collection":[{"href":"https:\/\/enricomaciasloriental.fr\/WordPress\/wp-json\/wp\/v2\/posts"}],"about":[{"href":"https:\/\/enricomaciasloriental.fr\/WordPress\/wp-json\/wp\/v2\/types\/post"}],"author":[{"embeddable":true,"href":"https:\/\/enricomaciasloriental.fr\/WordPress\/wp-json\/wp\/v2\/users\/36"}],"replies":[{"embeddable":true,"href":"https:\/\/enricomaciasloriental.fr\/WordPress\/wp-json\/wp\/v2\/comments?post=184"}],"version-history":[{"count":0,"href":"https:\/\/enricomaciasloriental.fr\/WordPress\/wp-json\/wp\/v2\/posts\/184\/revisions"}],"wp:attachment":[{"href":"https:\/\/enricomaciasloriental.fr\/WordPress\/wp-json\/wp\/v2\/media?parent=184"}],"wp:term":[{"taxonomy":"category","embeddable":true,"href":"https:\/\/enricomaciasloriental.fr\/WordPress\/wp-json\/wp\/v2\/categories?post=184"},{"taxonomy":"post_tag","embeddable":true,"href":"https:\/\/enricomaciasloriental.fr\/WordPress\/wp-json\/wp\/v2\/tags?post=184"}],"curies":[{"name":"wp","href":"https:\/\/api.w.org\/{rel}","templated":true}]}}