{"id":2349,"date":"2011-03-08T17:50:51","date_gmt":"2011-03-08T16:50:51","guid":{"rendered":"http:\/\/enricomaciasloriental.fr\/WordPress\/?p=2349"},"modified":"2011-03-08T17:53:28","modified_gmt":"2011-03-08T16:53:28","slug":"notre-chaine-damitie","status":"publish","type":"post","link":"https:\/\/enricomaciasloriental.fr\/WordPress\/notre-chaine-damitie\/","title":{"rendered":"Notre chaine d&rsquo;amiti\u00e9"},"content":{"rendered":"<p><a href=\"https:\/\/enricomaciasloriental.fr\/WordPress\/wp-content\/uploads\/2011\/03\/196793_177095965669474_100001072154095_368557_8296823_n.jpg\"><img fetchpriority=\"high\" decoding=\"async\" class=\"alignleft size-full wp-image-2350\" title=\"196793_177095965669474_100001072154095_368557_8296823_n\" src=\"https:\/\/enricomaciasloriental.fr\/WordPress\/wp-content\/uploads\/2011\/03\/196793_177095965669474_100001072154095_368557_8296823_n.jpg\" alt=\"\" width=\"720\" height=\"481\" srcset=\"https:\/\/enricomaciasloriental.fr\/WordPress\/wp-content\/uploads\/2011\/03\/196793_177095965669474_100001072154095_368557_8296823_n.jpg 720w, https:\/\/enricomaciasloriental.fr\/WordPress\/wp-content\/uploads\/2011\/03\/196793_177095965669474_100001072154095_368557_8296823_n-300x200.jpg 300w\" sizes=\"(max-width: 720px) 100vw, 720px\" \/><\/a>Cr\u00e9ation Marl\u00e8ne (paris)<\/p>\n<p>Pour le plus grand bonheur de tous, l&rsquo;actualit\u00e9 d&rsquo;Enrico Macias est tr\u00e8s riche ces jours ci.<\/p>\n<p>Et il est difficile de tout saisir pour vous en faire profiter<\/p>\n<p>C&rsquo;est pourquoi, aujourd&rsquo;hui, je voudrais tout particuli\u00e8rement remercier tous les amis \u00ab\u00a0all around the world\u00a0\u00bb qui me transmettent en instantan\u00e9 les informations dont ils disposent sur notre artiste.<br \/>\nSans vous, ces pages ne seraient pas ce qu&rsquo;elles sont<\/p>\n<p>ELLE EST BELLE NOTRE CHAINE D&rsquo;AMITIE AUTOUR DE NOTRE ARTISTE ET HOMME DE PAIX<\/p>\n<p>Je veux aussi remercier tous nos visiteurs, fid\u00e8les ou occasionnels, qui , en ces jours d&rsquo;intense activit\u00e9 ont fait exploser nos chiffres de fr\u00e9quentation\u00a0\u00a0<\/p>\n<p>Pour la seule journ\u00e9e de samedi, nous avons atteint le chiffre record de 200 visiteurs sur ce blog et 400 sur le site <a href=\"http:\/\/www.altaiir-enricomacias.com\">www.altaiir-enricomacias.com<\/a><\/p>\n<p>Merci \u00e0 vous tous pour votre int\u00e9r\u00eat pour ces lieux de partage et d&rsquo;\u00e9change autour d&rsquo;ENRICO MACIAS<\/p>\n<p>LORIENTAL<\/p>\n","protected":false},"excerpt":{"rendered":"<p>Cr\u00e9ation Marl\u00e8ne (paris) Pour le plus grand bonheur de tous, l&rsquo;actualit\u00e9 d&rsquo;Enrico Macias est tr\u00e8s riche ces jours ci. Et il est difficile de tout saisir pour vous en faire profiter C&rsquo;est pourquoi, aujourd&rsquo;hui, je voudrais tout particuli\u00e8rement remercier tous &hellip;<\/p>\n<p class=\"read-more\"> <a class=\"more-link\" href=\"https:\/\/enricomaciasloriental.fr\/WordPress\/notre-chaine-damitie\/\"> <span class=\"screen-reader-text\">Notre chaine d&rsquo;amiti\u00e9<\/span> Read More &raquo;<\/a><\/p>\n","protected":false},"author":36,"featured_media":0,"comment_status":"open","ping_status":"open","sticky":false,"template":"","format":"standard","meta":{"footnotes":""},"categories":[9],"tags":[],"class_list":["post-2349","post","type-post","status-publish","format-standard","hentry","category-le-mot-de-loriental"],"yoast_head":"<!-- This site is optimized with the Yoast SEO plugin v27.4 - https:\/\/yoast.com\/product\/yoast-seo-wordpress\/ -->\n<title>Notre chaine d&#039;amiti\u00e9 - ENRICO MACIAS L&#039;Oriental<\/title>\n<meta name=\"robots\" content=\"index, follow, max-snippet:-1, max-image-preview:large, max-video-preview:-1\" \/>\n<link rel=\"canonical\" href=\"https:\/\/enricomaciasloriental.fr\/WordPress\/notre-chaine-damitie\/\" \/>\n<meta property=\"og:locale\" content=\"fr_FR\" \/>\n<meta property=\"og:type\" content=\"article\" \/>\n<meta property=\"og:title\" content=\"Notre chaine d&#039;amiti\u00e9 - ENRICO MACIAS L&#039;Oriental\" \/>\n<meta property=\"og:description\" content=\"Cr\u00e9ation Marl\u00e8ne (paris) Pour le plus grand bonheur de tous, l&rsquo;actualit\u00e9 d&rsquo;Enrico Macias est tr\u00e8s riche ces jours ci. Et il est difficile de tout saisir pour vous en faire profiter C&rsquo;est pourquoi, aujourd&rsquo;hui, je voudrais tout particuli\u00e8rement remercier tous &hellip; Notre chaine d&rsquo;amiti\u00e9 Read More &raquo;\" \/>\n<meta property=\"og:url\" content=\"https:\/\/enricomaciasloriental.fr\/WordPress\/notre-chaine-damitie\/\" \/>\n<meta property=\"og:site_name\" content=\"ENRICO MACIAS L&#039;Oriental\" \/>\n<meta property=\"article:published_time\" content=\"2011-03-08T16:50:51+00:00\" \/>\n<meta property=\"article:modified_time\" content=\"2011-03-08T16:53:28+00:00\" \/>\n<meta property=\"og:image\" content=\"http:\/\/enricomaciasloriental.fr\/WordPress\/wp-content\/uploads\/2011\/03\/196793_177095965669474_100001072154095_368557_8296823_n.jpg\" \/>\n<meta name=\"author\" content=\"Loriental\" \/>\n<meta name=\"twitter:card\" content=\"summary_large_image\" \/>\n<meta name=\"twitter:label1\" content=\"\u00c9crit par\" \/>\n\t<meta name=\"twitter:data1\" content=\"Loriental\" \/>\n\t<meta name=\"twitter:label2\" content=\"Dur\u00e9e de lecture estim\u00e9e\" \/>\n\t<meta name=\"twitter:data2\" content=\"1 minute\" \/>\n<script type=\"application\/ld+json\" class=\"yoast-schema-graph\">{\"@context\":\"https:\\\/\\\/schema.org\",\"@graph\":[{\"@type\":\"Article\",\"@id\":\"https:\\\/\\\/enricomaciasloriental.fr\\\/WordPress\\\/notre-chaine-damitie\\\/#article\",\"isPartOf\":{\"@id\":\"https:\\\/\\\/enricomaciasloriental.fr\\\/WordPress\\\/notre-chaine-damitie\\\/\"},\"author\":{\"name\":\"Loriental\",\"@id\":\"https:\\\/\\\/enricomaciasloriental.fr\\\/WordPress\\\/#\\\/schema\\\/person\\\/53fba112c6f4f0b335578890a816262e\"},\"headline\":\"Notre chaine d&rsquo;amiti\u00e9\",\"datePublished\":\"2011-03-08T16:50:51+00:00\",\"dateModified\":\"2011-03-08T16:53:28+00:00\",\"mainEntityOfPage\":{\"@id\":\"https:\\\/\\\/enricomaciasloriental.fr\\\/WordPress\\\/notre-chaine-damitie\\\/\"},\"wordCount\":169,\"commentCount\":0,\"publisher\":{\"@id\":\"https:\\\/\\\/enricomaciasloriental.fr\\\/WordPress\\\/#\\\/schema\\\/person\\\/53fba112c6f4f0b335578890a816262e\"},\"image\":{\"@id\":\"https:\\\/\\\/enricomaciasloriental.fr\\\/WordPress\\\/notre-chaine-damitie\\\/#primaryimage\"},\"thumbnailUrl\":\"http:\\\/\\\/enricomaciasloriental.fr\\\/WordPress\\\/wp-content\\\/uploads\\\/2011\\\/03\\\/196793_177095965669474_100001072154095_368557_8296823_n.jpg\",\"articleSection\":[\"Mots de Loriental\"],\"inLanguage\":\"fr-FR\",\"potentialAction\":[{\"@type\":\"CommentAction\",\"name\":\"Comment\",\"target\":[\"https:\\\/\\\/enricomaciasloriental.fr\\\/WordPress\\\/notre-chaine-damitie\\\/#respond\"]}]},{\"@type\":\"WebPage\",\"@id\":\"https:\\\/\\\/enricomaciasloriental.fr\\\/WordPress\\\/notre-chaine-damitie\\\/\",\"url\":\"https:\\\/\\\/enricomaciasloriental.fr\\\/WordPress\\\/notre-chaine-damitie\\\/\",\"name\":\"Notre chaine d'amiti\u00e9 - ENRICO MACIAS L&#039;Oriental\",\"isPartOf\":{\"@id\":\"https:\\\/\\\/enricomaciasloriental.fr\\\/WordPress\\\/#website\"},\"primaryImageOfPage\":{\"@id\":\"https:\\\/\\\/enricomaciasloriental.fr\\\/WordPress\\\/notre-chaine-damitie\\\/#primaryimage\"},\"image\":{\"@id\":\"https:\\\/\\\/enricomaciasloriental.fr\\\/WordPress\\\/notre-chaine-damitie\\\/#primaryimage\"},\"thumbnailUrl\":\"http:\\\/\\\/enricomaciasloriental.fr\\\/WordPress\\\/wp-content\\\/uploads\\\/2011\\\/03\\\/196793_177095965669474_100001072154095_368557_8296823_n.jpg\",\"datePublished\":\"2011-03-08T16:50:51+00:00\",\"dateModified\":\"2011-03-08T16:53:28+00:00\",\"breadcrumb\":{\"@id\":\"https:\\\/\\\/enricomaciasloriental.fr\\\/WordPress\\\/notre-chaine-damitie\\\/#breadcrumb\"},\"inLanguage\":\"fr-FR\",\"potentialAction\":[{\"@type\":\"ReadAction\",\"target\":[\"https:\\\/\\\/enricomaciasloriental.fr\\\/WordPress\\\/notre-chaine-damitie\\\/\"]}]},{\"@type\":\"ImageObject\",\"inLanguage\":\"fr-FR\",\"@id\":\"https:\\\/\\\/enricomaciasloriental.fr\\\/WordPress\\\/notre-chaine-damitie\\\/#primaryimage\",\"url\":\"http:\\\/\\\/enricomaciasloriental.fr\\\/WordPress\\\/wp-content\\\/uploads\\\/2011\\\/03\\\/196793_177095965669474_100001072154095_368557_8296823_n.jpg\",\"contentUrl\":\"http:\\\/\\\/enricomaciasloriental.fr\\\/WordPress\\\/wp-content\\\/uploads\\\/2011\\\/03\\\/196793_177095965669474_100001072154095_368557_8296823_n.jpg\"},{\"@type\":\"BreadcrumbList\",\"@id\":\"https:\\\/\\\/enricomaciasloriental.fr\\\/WordPress\\\/notre-chaine-damitie\\\/#breadcrumb\",\"itemListElement\":[{\"@type\":\"ListItem\",\"position\":1,\"name\":\"Accueil\",\"item\":\"https:\\\/\\\/enricomaciasloriental.fr\\\/WordPress\\\/\"},{\"@type\":\"ListItem\",\"position\":2,\"name\":\"Notre chaine d&rsquo;amiti\u00e9\"}]},{\"@type\":\"WebSite\",\"@id\":\"https:\\\/\\\/enricomaciasloriental.fr\\\/WordPress\\\/#website\",\"url\":\"https:\\\/\\\/enricomaciasloriental.fr\\\/WordPress\\\/\",\"name\":\"ENRICO MACIAS L'Oriental\",\"description\":\"IL EST COMME LE SOLEIL\",\"publisher\":{\"@id\":\"https:\\\/\\\/enricomaciasloriental.fr\\\/WordPress\\\/#\\\/schema\\\/person\\\/53fba112c6f4f0b335578890a816262e\"},\"potentialAction\":[{\"@type\":\"SearchAction\",\"target\":{\"@type\":\"EntryPoint\",\"urlTemplate\":\"https:\\\/\\\/enricomaciasloriental.fr\\\/WordPress\\\/?s={search_term_string}\"},\"query-input\":{\"@type\":\"PropertyValueSpecification\",\"valueRequired\":true,\"valueName\":\"search_term_string\"}}],\"inLanguage\":\"fr-FR\"},{\"@type\":[\"Person\",\"Organization\"],\"@id\":\"https:\\\/\\\/enricomaciasloriental.fr\\\/WordPress\\\/#\\\/schema\\\/person\\\/53fba112c6f4f0b335578890a816262e\",\"name\":\"Loriental\",\"image\":{\"@type\":\"ImageObject\",\"inLanguage\":\"fr-FR\",\"@id\":\"https:\\\/\\\/enricomaciasloriental.fr\\\/WordPress\\\/wp-content\\\/uploads\\\/\\\/2015\\\/02\\\/cropped-bannier_altaiir-enrico.jpg\",\"url\":\"https:\\\/\\\/enricomaciasloriental.fr\\\/WordPress\\\/wp-content\\\/uploads\\\/\\\/2015\\\/02\\\/cropped-bannier_altaiir-enrico.jpg\",\"contentUrl\":\"https:\\\/\\\/enricomaciasloriental.fr\\\/WordPress\\\/wp-content\\\/uploads\\\/\\\/2015\\\/02\\\/cropped-bannier_altaiir-enrico.jpg\",\"width\":1200,\"height\":150,\"caption\":\"Loriental\"},\"logo\":{\"@id\":\"https:\\\/\\\/enricomaciasloriental.fr\\\/WordPress\\\/wp-content\\\/uploads\\\/\\\/2015\\\/02\\\/cropped-bannier_altaiir-enrico.jpg\"},\"sameAs\":[\"http:\\\/\\\/www.enricomaciasloriental.fr\\\/\"]}]}<\/script>\n<!-- \/ Yoast SEO plugin. -->","yoast_head_json":{"title":"Notre chaine d'amiti\u00e9 - ENRICO MACIAS L&#039;Oriental","robots":{"index":"index","follow":"follow","max-snippet":"max-snippet:-1","max-image-preview":"max-image-preview:large","max-video-preview":"max-video-preview:-1"},"canonical":"https:\/\/enricomaciasloriental.fr\/WordPress\/notre-chaine-damitie\/","og_locale":"fr_FR","og_type":"article","og_title":"Notre chaine d'amiti\u00e9 - ENRICO MACIAS L&#039;Oriental","og_description":"Cr\u00e9ation Marl\u00e8ne (paris) Pour le plus grand bonheur de tous, l&rsquo;actualit\u00e9 d&rsquo;Enrico Macias est tr\u00e8s riche ces jours ci. Et il est difficile de tout saisir pour vous en faire profiter C&rsquo;est pourquoi, aujourd&rsquo;hui, je voudrais tout particuli\u00e8rement remercier tous &hellip; Notre chaine d&rsquo;amiti\u00e9 Read More &raquo;","og_url":"https:\/\/enricomaciasloriental.fr\/WordPress\/notre-chaine-damitie\/","og_site_name":"ENRICO MACIAS L&#039;Oriental","article_published_time":"2011-03-08T16:50:51+00:00","article_modified_time":"2011-03-08T16:53:28+00:00","og_image":[{"url":"http:\/\/enricomaciasloriental.fr\/WordPress\/wp-content\/uploads\/2011\/03\/196793_177095965669474_100001072154095_368557_8296823_n.jpg","type":"","width":"","height":""}],"author":"Loriental","twitter_card":"summary_large_image","twitter_misc":{"\u00c9crit par":"Loriental","Dur\u00e9e de lecture estim\u00e9e":"1 minute"},"schema":{"@context":"https:\/\/schema.org","@graph":[{"@type":"Article","@id":"https:\/\/enricomaciasloriental.fr\/WordPress\/notre-chaine-damitie\/#article","isPartOf":{"@id":"https:\/\/enricomaciasloriental.fr\/WordPress\/notre-chaine-damitie\/"},"author":{"name":"Loriental","@id":"https:\/\/enricomaciasloriental.fr\/WordPress\/#\/schema\/person\/53fba112c6f4f0b335578890a816262e"},"headline":"Notre chaine d&rsquo;amiti\u00e9","datePublished":"2011-03-08T16:50:51+00:00","dateModified":"2011-03-08T16:53:28+00:00","mainEntityOfPage":{"@id":"https:\/\/enricomaciasloriental.fr\/WordPress\/notre-chaine-damitie\/"},"wordCount":169,"commentCount":0,"publisher":{"@id":"https:\/\/enricomaciasloriental.fr\/WordPress\/#\/schema\/person\/53fba112c6f4f0b335578890a816262e"},"image":{"@id":"https:\/\/enricomaciasloriental.fr\/WordPress\/notre-chaine-damitie\/#primaryimage"},"thumbnailUrl":"http:\/\/enricomaciasloriental.fr\/WordPress\/wp-content\/uploads\/2011\/03\/196793_177095965669474_100001072154095_368557_8296823_n.jpg","articleSection":["Mots de Loriental"],"inLanguage":"fr-FR","potentialAction":[{"@type":"CommentAction","name":"Comment","target":["https:\/\/enricomaciasloriental.fr\/WordPress\/notre-chaine-damitie\/#respond"]}]},{"@type":"WebPage","@id":"https:\/\/enricomaciasloriental.fr\/WordPress\/notre-chaine-damitie\/","url":"https:\/\/enricomaciasloriental.fr\/WordPress\/notre-chaine-damitie\/","name":"Notre chaine d'amiti\u00e9 - ENRICO MACIAS L&#039;Oriental","isPartOf":{"@id":"https:\/\/enricomaciasloriental.fr\/WordPress\/#website"},"primaryImageOfPage":{"@id":"https:\/\/enricomaciasloriental.fr\/WordPress\/notre-chaine-damitie\/#primaryimage"},"image":{"@id":"https:\/\/enricomaciasloriental.fr\/WordPress\/notre-chaine-damitie\/#primaryimage"},"thumbnailUrl":"http:\/\/enricomaciasloriental.fr\/WordPress\/wp-content\/uploads\/2011\/03\/196793_177095965669474_100001072154095_368557_8296823_n.jpg","datePublished":"2011-03-08T16:50:51+00:00","dateModified":"2011-03-08T16:53:28+00:00","breadcrumb":{"@id":"https:\/\/enricomaciasloriental.fr\/WordPress\/notre-chaine-damitie\/#breadcrumb"},"inLanguage":"fr-FR","potentialAction":[{"@type":"ReadAction","target":["https:\/\/enricomaciasloriental.fr\/WordPress\/notre-chaine-damitie\/"]}]},{"@type":"ImageObject","inLanguage":"fr-FR","@id":"https:\/\/enricomaciasloriental.fr\/WordPress\/notre-chaine-damitie\/#primaryimage","url":"http:\/\/enricomaciasloriental.fr\/WordPress\/wp-content\/uploads\/2011\/03\/196793_177095965669474_100001072154095_368557_8296823_n.jpg","contentUrl":"http:\/\/enricomaciasloriental.fr\/WordPress\/wp-content\/uploads\/2011\/03\/196793_177095965669474_100001072154095_368557_8296823_n.jpg"},{"@type":"BreadcrumbList","@id":"https:\/\/enricomaciasloriental.fr\/WordPress\/notre-chaine-damitie\/#breadcrumb","itemListElement":[{"@type":"ListItem","position":1,"name":"Accueil","item":"https:\/\/enricomaciasloriental.fr\/WordPress\/"},{"@type":"ListItem","position":2,"name":"Notre chaine d&rsquo;amiti\u00e9"}]},{"@type":"WebSite","@id":"https:\/\/enricomaciasloriental.fr\/WordPress\/#website","url":"https:\/\/enricomaciasloriental.fr\/WordPress\/","name":"ENRICO MACIAS L'Oriental","description":"IL EST COMME LE SOLEIL","publisher":{"@id":"https:\/\/enricomaciasloriental.fr\/WordPress\/#\/schema\/person\/53fba112c6f4f0b335578890a816262e"},"potentialAction":[{"@type":"SearchAction","target":{"@type":"EntryPoint","urlTemplate":"https:\/\/enricomaciasloriental.fr\/WordPress\/?s={search_term_string}"},"query-input":{"@type":"PropertyValueSpecification","valueRequired":true,"valueName":"search_term_string"}}],"inLanguage":"fr-FR"},{"@type":["Person","Organization"],"@id":"https:\/\/enricomaciasloriental.fr\/WordPress\/#\/schema\/person\/53fba112c6f4f0b335578890a816262e","name":"Loriental","image":{"@type":"ImageObject","inLanguage":"fr-FR","@id":"https:\/\/enricomaciasloriental.fr\/WordPress\/wp-content\/uploads\/\/2015\/02\/cropped-bannier_altaiir-enrico.jpg","url":"https:\/\/enricomaciasloriental.fr\/WordPress\/wp-content\/uploads\/\/2015\/02\/cropped-bannier_altaiir-enrico.jpg","contentUrl":"https:\/\/enricomaciasloriental.fr\/WordPress\/wp-content\/uploads\/\/2015\/02\/cropped-bannier_altaiir-enrico.jpg","width":1200,"height":150,"caption":"Loriental"},"logo":{"@id":"https:\/\/enricomaciasloriental.fr\/WordPress\/wp-content\/uploads\/\/2015\/02\/cropped-bannier_altaiir-enrico.jpg"},"sameAs":["http:\/\/www.enricomaciasloriental.fr\/"]}]}},"featured_image_src":"","featured_image_src_square":false,"author_info":{"display_name":"Loriental","author_link":"https:\/\/enricomaciasloriental.fr\/WordPress\/author\/admin9234\/"},"rbea_author_info":{"display_name":"Loriental","author_link":"https:\/\/enricomaciasloriental.fr\/WordPress\/author\/admin9234\/"},"rbea_excerpt_info":"Cr\u00e9ation Marl\u00e8ne (paris) Pour le plus grand bonheur de tous, l&rsquo;actualit\u00e9 d&rsquo;Enrico Macias est tr\u00e8s riche ces jours ci. Et il est difficile de tout saisir pour vous en faire profiter C&rsquo;est pourquoi, aujourd&rsquo;hui, je voudrais tout particuli\u00e8rement remercier tous &hellip;<p class=\"read-more\"> <a class=\"more-link\" href=\"https:\/\/enricomaciasloriental.fr\/WordPress\/notre-chaine-damitie\/\"> <span class=\"screen-reader-text\">Notre chaine d&rsquo;amiti\u00e9<\/span> Read More &raquo;<\/a><\/p>","category_list":"<a href=\"https:\/\/enricomaciasloriental.fr\/WordPress\/category\/le-mot-de-loriental\/\">Mots de Loriental<\/a>","comments_num":"0 comments","_links":{"self":[{"href":"https:\/\/enricomaciasloriental.fr\/WordPress\/wp-json\/wp\/v2\/posts\/2349","targetHints":{"allow":["GET"]}}],"collection":[{"href":"https:\/\/enricomaciasloriental.fr\/WordPress\/wp-json\/wp\/v2\/posts"}],"about":[{"href":"https:\/\/enricomaciasloriental.fr\/WordPress\/wp-json\/wp\/v2\/types\/post"}],"author":[{"embeddable":true,"href":"https:\/\/enricomaciasloriental.fr\/WordPress\/wp-json\/wp\/v2\/users\/36"}],"replies":[{"embeddable":true,"href":"https:\/\/enricomaciasloriental.fr\/WordPress\/wp-json\/wp\/v2\/comments?post=2349"}],"version-history":[{"count":0,"href":"https:\/\/enricomaciasloriental.fr\/WordPress\/wp-json\/wp\/v2\/posts\/2349\/revisions"}],"wp:attachment":[{"href":"https:\/\/enricomaciasloriental.fr\/WordPress\/wp-json\/wp\/v2\/media?parent=2349"}],"wp:term":[{"taxonomy":"category","embeddable":true,"href":"https:\/\/enricomaciasloriental.fr\/WordPress\/wp-json\/wp\/v2\/categories?post=2349"},{"taxonomy":"post_tag","embeddable":true,"href":"https:\/\/enricomaciasloriental.fr\/WordPress\/wp-json\/wp\/v2\/tags?post=2349"}],"curies":[{"name":"wp","href":"https:\/\/api.w.org\/{rel}","templated":true}]}}