{"id":2375,"date":"2011-03-08T21:56:24","date_gmt":"2011-03-08T20:56:24","guid":{"rendered":"http:\/\/enricomaciasloriental.fr\/WordPress\/?p=2375"},"modified":"2011-03-09T07:16:20","modified_gmt":"2011-03-09T06:16:20","slug":"lynda-thalie-en-premiere-partie-denrico-macias-a-l%e2%80%99olympia-de-paris","status":"publish","type":"post","link":"https:\/\/enricomaciasloriental.fr\/WordPress\/lynda-thalie-en-premiere-partie-denrico-macias-a-l%e2%80%99olympia-de-paris\/","title":{"rendered":"Lynda Thalie en premi\u00e8re partie d&rsquo;Enrico Macias \u00e0 l\u2019Olympia de Paris"},"content":{"rendered":"<p><a href=\"https:\/\/enricomaciasloriental.fr\/WordPress\/wp-content\/uploads\/2011\/03\/lyndathalie-400x300.jpg\"><img fetchpriority=\"high\" decoding=\"async\" class=\"alignleft size-full wp-image-2376\" title=\"lyndathalie-400x300\" src=\"https:\/\/enricomaciasloriental.fr\/WordPress\/wp-content\/uploads\/2011\/03\/lyndathalie-400x300.jpg\" alt=\"\" width=\"400\" height=\"300\" srcset=\"https:\/\/enricomaciasloriental.fr\/WordPress\/wp-content\/uploads\/2011\/03\/lyndathalie-400x300.jpg 400w, https:\/\/enricomaciasloriental.fr\/WordPress\/wp-content\/uploads\/2011\/03\/lyndathalie-400x300-300x225.jpg 300w\" sizes=\"(max-width: 400px) 100vw, 400px\" \/><\/a><\/p>\n<p>L\u2019artiste qu\u00e9b\u00e9coise d\u2019origine alg\u00e9rienne Lynda Thalie chantera \u00e0 l\u2019Olympia de Paris \u00e0 compter du 24 mars. Elle se produira alors en premi\u00e8re partie du l\u00e9gendaire Enrico Macias.<\/p>\n<p>Lynda Thalie br\u00fblera les planches de l\u2019Olympia du 24 au 27 mars. Elle s\u2019y produira \u00e0 quatre reprises avant le tour de chant d\u2019Enrico Macias. De nombreux intervenants de l\u2019industrie musicale fran\u00e7aise devraient \u00eatre sur place pour d\u00e9couvrir la Qu\u00e9b\u00e9coise.<\/p>\n<p>\u00c0 son retour de France, Lynda Thalie sera de passage au Salon du livre de Qu\u00e9bec. Elle y pr\u00e9sentera son r\u00e9cit autobiographique \u00abSurvivre apr\u00e8s le naufrage\u00bb, qui retrace son d\u00e9part pr\u00e9cipit\u00e9 d\u2019une Alg\u00e9rie \u00e0 feu et \u00e0 sang.<\/p>\n<p>Le 14 avril, Lynda Thalie offrira un concert intime et acoustique au Centre Segal des arts de la sc\u00e8ne, \u00e0 Montr\u00e9al. Cette prestation s\u2019inscrit dans le cadre de la s\u00e9rie \u00abFemmes du monde\u00bb. Anastasia Friedman (17 mars) et B\u00efa (26 mai) y donneront aussi des spectacles<\/p>\n<p>On se souvient qu&rsquo;Enrico Macias et Lynda Thalie avaient d\u00e9j\u00e0 chant\u00e9 ensemble en Egypte en octobre 2010<\/p>\n<p><a href=\"https:\/\/enricomaciasloriental.fr\/WordPress\/wp-content\/uploads\/2011\/03\/lyndathalie-400x300.jpg\">[youtube]http:\/\/www.youtube.com\/watch?v=Kz9EDbu98gY[\/youtube]<\/a><\/p>\n","protected":false},"excerpt":{"rendered":"<p>L\u2019artiste qu\u00e9b\u00e9coise d\u2019origine alg\u00e9rienne Lynda Thalie chantera \u00e0 l\u2019Olympia de Paris \u00e0 compter du 24 mars. Elle se produira alors en premi\u00e8re partie du l\u00e9gendaire Enrico Macias. Lynda Thalie br\u00fblera les planches de l\u2019Olympia du 24 au 27 mars. Elle &hellip;<\/p>\n<p class=\"read-more\"> <a class=\"more-link\" href=\"https:\/\/enricomaciasloriental.fr\/WordPress\/lynda-thalie-en-premiere-partie-denrico-macias-a-l%e2%80%99olympia-de-paris\/\"> <span class=\"screen-reader-text\">Lynda Thalie en premi\u00e8re partie d&rsquo;Enrico Macias \u00e0 l\u2019Olympia de Paris<\/span> Read More &raquo;<\/a><\/p>\n","protected":false},"author":36,"featured_media":0,"comment_status":"open","ping_status":"open","sticky":false,"template":"","format":"standard","meta":{"footnotes":""},"categories":[1],"tags":[],"class_list":["post-2375","post","type-post","status-publish","format-standard","hentry","category-actualites"],"yoast_head":"<!-- This site is optimized with the Yoast SEO plugin v27.5 - https:\/\/yoast.com\/product\/yoast-seo-wordpress\/ -->\n<title>Lynda Thalie en premi\u00e8re partie d&#039;Enrico Macias \u00e0 l\u2019Olympia de Paris - ENRICO MACIAS L&#039;Oriental<\/title>\n<meta name=\"robots\" content=\"index, follow, max-snippet:-1, max-image-preview:large, max-video-preview:-1\" \/>\n<link rel=\"canonical\" href=\"https:\/\/enricomaciasloriental.fr\/WordPress\/lynda-thalie-en-premiere-partie-denrico-macias-a-l\u2019olympia-de-paris\/\" \/>\n<meta property=\"og:locale\" content=\"fr_FR\" \/>\n<meta property=\"og:type\" content=\"article\" \/>\n<meta property=\"og:title\" content=\"Lynda Thalie en premi\u00e8re partie d&#039;Enrico Macias \u00e0 l\u2019Olympia de Paris - ENRICO MACIAS L&#039;Oriental\" \/>\n<meta property=\"og:description\" content=\"L\u2019artiste qu\u00e9b\u00e9coise d\u2019origine alg\u00e9rienne Lynda Thalie chantera \u00e0 l\u2019Olympia de Paris \u00e0 compter du 24 mars. Elle se produira alors en premi\u00e8re partie du l\u00e9gendaire Enrico Macias. Lynda Thalie br\u00fblera les planches de l\u2019Olympia du 24 au 27 mars. Elle &hellip; Lynda Thalie en premi\u00e8re partie d&rsquo;Enrico Macias \u00e0 l\u2019Olympia de Paris Read More &raquo;\" \/>\n<meta property=\"og:url\" content=\"https:\/\/enricomaciasloriental.fr\/WordPress\/lynda-thalie-en-premiere-partie-denrico-macias-a-l\u2019olympia-de-paris\/\" \/>\n<meta property=\"og:site_name\" content=\"ENRICO MACIAS L&#039;Oriental\" \/>\n<meta property=\"article:published_time\" content=\"2011-03-08T20:56:24+00:00\" \/>\n<meta property=\"article:modified_time\" content=\"2011-03-09T06:16:20+00:00\" \/>\n<meta property=\"og:image\" content=\"http:\/\/enricomaciasloriental.fr\/WordPress\/wp-content\/uploads\/2011\/03\/lyndathalie-400x300.jpg\" \/>\n<meta name=\"author\" content=\"Loriental\" \/>\n<meta name=\"twitter:card\" content=\"summary_large_image\" \/>\n<meta name=\"twitter:label1\" content=\"\u00c9crit par\" \/>\n\t<meta name=\"twitter:data1\" content=\"Loriental\" \/>\n\t<meta name=\"twitter:label2\" content=\"Dur\u00e9e de lecture estim\u00e9e\" \/>\n\t<meta name=\"twitter:data2\" content=\"1 minute\" \/>\n<script type=\"application\/ld+json\" class=\"yoast-schema-graph\">{\"@context\":\"https:\\\/\\\/schema.org\",\"@graph\":[{\"@type\":\"Article\",\"@id\":\"https:\\\/\\\/enricomaciasloriental.fr\\\/WordPress\\\/lynda-thalie-en-premiere-partie-denrico-macias-a-l%e2%80%99olympia-de-paris\\\/#article\",\"isPartOf\":{\"@id\":\"https:\\\/\\\/enricomaciasloriental.fr\\\/WordPress\\\/lynda-thalie-en-premiere-partie-denrico-macias-a-l%e2%80%99olympia-de-paris\\\/\"},\"author\":{\"name\":\"Loriental\",\"@id\":\"https:\\\/\\\/enricomaciasloriental.fr\\\/WordPress\\\/#\\\/schema\\\/person\\\/53fba112c6f4f0b335578890a816262e\"},\"headline\":\"Lynda Thalie en premi\u00e8re partie d&rsquo;Enrico Macias \u00e0 l\u2019Olympia de Paris\",\"datePublished\":\"2011-03-08T20:56:24+00:00\",\"dateModified\":\"2011-03-09T06:16:20+00:00\",\"mainEntityOfPage\":{\"@id\":\"https:\\\/\\\/enricomaciasloriental.fr\\\/WordPress\\\/lynda-thalie-en-premiere-partie-denrico-macias-a-l%e2%80%99olympia-de-paris\\\/\"},\"wordCount\":210,\"commentCount\":0,\"publisher\":{\"@id\":\"https:\\\/\\\/enricomaciasloriental.fr\\\/WordPress\\\/#\\\/schema\\\/person\\\/53fba112c6f4f0b335578890a816262e\"},\"image\":{\"@id\":\"https:\\\/\\\/enricomaciasloriental.fr\\\/WordPress\\\/lynda-thalie-en-premiere-partie-denrico-macias-a-l%e2%80%99olympia-de-paris\\\/#primaryimage\"},\"thumbnailUrl\":\"http:\\\/\\\/enricomaciasloriental.fr\\\/WordPress\\\/wp-content\\\/uploads\\\/2011\\\/03\\\/lyndathalie-400x300.jpg\",\"articleSection\":[\"Actualit\u00e9s\"],\"inLanguage\":\"fr-FR\",\"potentialAction\":[{\"@type\":\"CommentAction\",\"name\":\"Comment\",\"target\":[\"https:\\\/\\\/enricomaciasloriental.fr\\\/WordPress\\\/lynda-thalie-en-premiere-partie-denrico-macias-a-l%e2%80%99olympia-de-paris\\\/#respond\"]}]},{\"@type\":\"WebPage\",\"@id\":\"https:\\\/\\\/enricomaciasloriental.fr\\\/WordPress\\\/lynda-thalie-en-premiere-partie-denrico-macias-a-l%e2%80%99olympia-de-paris\\\/\",\"url\":\"https:\\\/\\\/enricomaciasloriental.fr\\\/WordPress\\\/lynda-thalie-en-premiere-partie-denrico-macias-a-l%e2%80%99olympia-de-paris\\\/\",\"name\":\"Lynda Thalie en premi\u00e8re partie d'Enrico Macias \u00e0 l\u2019Olympia de Paris - ENRICO MACIAS L&#039;Oriental\",\"isPartOf\":{\"@id\":\"https:\\\/\\\/enricomaciasloriental.fr\\\/WordPress\\\/#website\"},\"primaryImageOfPage\":{\"@id\":\"https:\\\/\\\/enricomaciasloriental.fr\\\/WordPress\\\/lynda-thalie-en-premiere-partie-denrico-macias-a-l%e2%80%99olympia-de-paris\\\/#primaryimage\"},\"image\":{\"@id\":\"https:\\\/\\\/enricomaciasloriental.fr\\\/WordPress\\\/lynda-thalie-en-premiere-partie-denrico-macias-a-l%e2%80%99olympia-de-paris\\\/#primaryimage\"},\"thumbnailUrl\":\"http:\\\/\\\/enricomaciasloriental.fr\\\/WordPress\\\/wp-content\\\/uploads\\\/2011\\\/03\\\/lyndathalie-400x300.jpg\",\"datePublished\":\"2011-03-08T20:56:24+00:00\",\"dateModified\":\"2011-03-09T06:16:20+00:00\",\"breadcrumb\":{\"@id\":\"https:\\\/\\\/enricomaciasloriental.fr\\\/WordPress\\\/lynda-thalie-en-premiere-partie-denrico-macias-a-l%e2%80%99olympia-de-paris\\\/#breadcrumb\"},\"inLanguage\":\"fr-FR\",\"potentialAction\":[{\"@type\":\"ReadAction\",\"target\":[\"https:\\\/\\\/enricomaciasloriental.fr\\\/WordPress\\\/lynda-thalie-en-premiere-partie-denrico-macias-a-l%e2%80%99olympia-de-paris\\\/\"]}]},{\"@type\":\"ImageObject\",\"inLanguage\":\"fr-FR\",\"@id\":\"https:\\\/\\\/enricomaciasloriental.fr\\\/WordPress\\\/lynda-thalie-en-premiere-partie-denrico-macias-a-l%e2%80%99olympia-de-paris\\\/#primaryimage\",\"url\":\"http:\\\/\\\/enricomaciasloriental.fr\\\/WordPress\\\/wp-content\\\/uploads\\\/2011\\\/03\\\/lyndathalie-400x300.jpg\",\"contentUrl\":\"http:\\\/\\\/enricomaciasloriental.fr\\\/WordPress\\\/wp-content\\\/uploads\\\/2011\\\/03\\\/lyndathalie-400x300.jpg\"},{\"@type\":\"BreadcrumbList\",\"@id\":\"https:\\\/\\\/enricomaciasloriental.fr\\\/WordPress\\\/lynda-thalie-en-premiere-partie-denrico-macias-a-l%e2%80%99olympia-de-paris\\\/#breadcrumb\",\"itemListElement\":[{\"@type\":\"ListItem\",\"position\":1,\"name\":\"Accueil\",\"item\":\"https:\\\/\\\/enricomaciasloriental.fr\\\/WordPress\\\/\"},{\"@type\":\"ListItem\",\"position\":2,\"name\":\"Lynda Thalie en premi\u00e8re partie d&rsquo;Enrico Macias \u00e0 l\u2019Olympia de Paris\"}]},{\"@type\":\"WebSite\",\"@id\":\"https:\\\/\\\/enricomaciasloriental.fr\\\/WordPress\\\/#website\",\"url\":\"https:\\\/\\\/enricomaciasloriental.fr\\\/WordPress\\\/\",\"name\":\"ENRICO MACIAS L'Oriental\",\"description\":\"IL EST COMME LE SOLEIL\",\"publisher\":{\"@id\":\"https:\\\/\\\/enricomaciasloriental.fr\\\/WordPress\\\/#\\\/schema\\\/person\\\/53fba112c6f4f0b335578890a816262e\"},\"potentialAction\":[{\"@type\":\"SearchAction\",\"target\":{\"@type\":\"EntryPoint\",\"urlTemplate\":\"https:\\\/\\\/enricomaciasloriental.fr\\\/WordPress\\\/?s={search_term_string}\"},\"query-input\":{\"@type\":\"PropertyValueSpecification\",\"valueRequired\":true,\"valueName\":\"search_term_string\"}}],\"inLanguage\":\"fr-FR\"},{\"@type\":[\"Person\",\"Organization\"],\"@id\":\"https:\\\/\\\/enricomaciasloriental.fr\\\/WordPress\\\/#\\\/schema\\\/person\\\/53fba112c6f4f0b335578890a816262e\",\"name\":\"Loriental\",\"image\":{\"@type\":\"ImageObject\",\"inLanguage\":\"fr-FR\",\"@id\":\"https:\\\/\\\/enricomaciasloriental.fr\\\/WordPress\\\/wp-content\\\/uploads\\\/\\\/2015\\\/02\\\/cropped-bannier_altaiir-enrico.jpg\",\"url\":\"https:\\\/\\\/enricomaciasloriental.fr\\\/WordPress\\\/wp-content\\\/uploads\\\/\\\/2015\\\/02\\\/cropped-bannier_altaiir-enrico.jpg\",\"contentUrl\":\"https:\\\/\\\/enricomaciasloriental.fr\\\/WordPress\\\/wp-content\\\/uploads\\\/\\\/2015\\\/02\\\/cropped-bannier_altaiir-enrico.jpg\",\"width\":1200,\"height\":150,\"caption\":\"Loriental\"},\"logo\":{\"@id\":\"https:\\\/\\\/enricomaciasloriental.fr\\\/WordPress\\\/wp-content\\\/uploads\\\/\\\/2015\\\/02\\\/cropped-bannier_altaiir-enrico.jpg\"},\"sameAs\":[\"http:\\\/\\\/www.enricomaciasloriental.fr\\\/\"]}]}<\/script>\n<!-- \/ Yoast SEO plugin. -->","yoast_head_json":{"title":"Lynda Thalie en premi\u00e8re partie d'Enrico Macias \u00e0 l\u2019Olympia de Paris - ENRICO MACIAS L&#039;Oriental","robots":{"index":"index","follow":"follow","max-snippet":"max-snippet:-1","max-image-preview":"max-image-preview:large","max-video-preview":"max-video-preview:-1"},"canonical":"https:\/\/enricomaciasloriental.fr\/WordPress\/lynda-thalie-en-premiere-partie-denrico-macias-a-l\u2019olympia-de-paris\/","og_locale":"fr_FR","og_type":"article","og_title":"Lynda Thalie en premi\u00e8re partie d'Enrico Macias \u00e0 l\u2019Olympia de Paris - ENRICO MACIAS L&#039;Oriental","og_description":"L\u2019artiste qu\u00e9b\u00e9coise d\u2019origine alg\u00e9rienne Lynda Thalie chantera \u00e0 l\u2019Olympia de Paris \u00e0 compter du 24 mars. Elle se produira alors en premi\u00e8re partie du l\u00e9gendaire Enrico Macias. Lynda Thalie br\u00fblera les planches de l\u2019Olympia du 24 au 27 mars. Elle &hellip; Lynda Thalie en premi\u00e8re partie d&rsquo;Enrico Macias \u00e0 l\u2019Olympia de Paris Read More &raquo;","og_url":"https:\/\/enricomaciasloriental.fr\/WordPress\/lynda-thalie-en-premiere-partie-denrico-macias-a-l\u2019olympia-de-paris\/","og_site_name":"ENRICO MACIAS L&#039;Oriental","article_published_time":"2011-03-08T20:56:24+00:00","article_modified_time":"2011-03-09T06:16:20+00:00","og_image":[{"url":"http:\/\/enricomaciasloriental.fr\/WordPress\/wp-content\/uploads\/2011\/03\/lyndathalie-400x300.jpg","type":"","width":"","height":""}],"author":"Loriental","twitter_card":"summary_large_image","twitter_misc":{"\u00c9crit par":"Loriental","Dur\u00e9e de lecture estim\u00e9e":"1 minute"},"schema":{"@context":"https:\/\/schema.org","@graph":[{"@type":"Article","@id":"https:\/\/enricomaciasloriental.fr\/WordPress\/lynda-thalie-en-premiere-partie-denrico-macias-a-l%e2%80%99olympia-de-paris\/#article","isPartOf":{"@id":"https:\/\/enricomaciasloriental.fr\/WordPress\/lynda-thalie-en-premiere-partie-denrico-macias-a-l%e2%80%99olympia-de-paris\/"},"author":{"name":"Loriental","@id":"https:\/\/enricomaciasloriental.fr\/WordPress\/#\/schema\/person\/53fba112c6f4f0b335578890a816262e"},"headline":"Lynda Thalie en premi\u00e8re partie d&rsquo;Enrico Macias \u00e0 l\u2019Olympia de Paris","datePublished":"2011-03-08T20:56:24+00:00","dateModified":"2011-03-09T06:16:20+00:00","mainEntityOfPage":{"@id":"https:\/\/enricomaciasloriental.fr\/WordPress\/lynda-thalie-en-premiere-partie-denrico-macias-a-l%e2%80%99olympia-de-paris\/"},"wordCount":210,"commentCount":0,"publisher":{"@id":"https:\/\/enricomaciasloriental.fr\/WordPress\/#\/schema\/person\/53fba112c6f4f0b335578890a816262e"},"image":{"@id":"https:\/\/enricomaciasloriental.fr\/WordPress\/lynda-thalie-en-premiere-partie-denrico-macias-a-l%e2%80%99olympia-de-paris\/#primaryimage"},"thumbnailUrl":"http:\/\/enricomaciasloriental.fr\/WordPress\/wp-content\/uploads\/2011\/03\/lyndathalie-400x300.jpg","articleSection":["Actualit\u00e9s"],"inLanguage":"fr-FR","potentialAction":[{"@type":"CommentAction","name":"Comment","target":["https:\/\/enricomaciasloriental.fr\/WordPress\/lynda-thalie-en-premiere-partie-denrico-macias-a-l%e2%80%99olympia-de-paris\/#respond"]}]},{"@type":"WebPage","@id":"https:\/\/enricomaciasloriental.fr\/WordPress\/lynda-thalie-en-premiere-partie-denrico-macias-a-l%e2%80%99olympia-de-paris\/","url":"https:\/\/enricomaciasloriental.fr\/WordPress\/lynda-thalie-en-premiere-partie-denrico-macias-a-l%e2%80%99olympia-de-paris\/","name":"Lynda Thalie en premi\u00e8re partie d'Enrico Macias \u00e0 l\u2019Olympia de Paris - ENRICO MACIAS L&#039;Oriental","isPartOf":{"@id":"https:\/\/enricomaciasloriental.fr\/WordPress\/#website"},"primaryImageOfPage":{"@id":"https:\/\/enricomaciasloriental.fr\/WordPress\/lynda-thalie-en-premiere-partie-denrico-macias-a-l%e2%80%99olympia-de-paris\/#primaryimage"},"image":{"@id":"https:\/\/enricomaciasloriental.fr\/WordPress\/lynda-thalie-en-premiere-partie-denrico-macias-a-l%e2%80%99olympia-de-paris\/#primaryimage"},"thumbnailUrl":"http:\/\/enricomaciasloriental.fr\/WordPress\/wp-content\/uploads\/2011\/03\/lyndathalie-400x300.jpg","datePublished":"2011-03-08T20:56:24+00:00","dateModified":"2011-03-09T06:16:20+00:00","breadcrumb":{"@id":"https:\/\/enricomaciasloriental.fr\/WordPress\/lynda-thalie-en-premiere-partie-denrico-macias-a-l%e2%80%99olympia-de-paris\/#breadcrumb"},"inLanguage":"fr-FR","potentialAction":[{"@type":"ReadAction","target":["https:\/\/enricomaciasloriental.fr\/WordPress\/lynda-thalie-en-premiere-partie-denrico-macias-a-l%e2%80%99olympia-de-paris\/"]}]},{"@type":"ImageObject","inLanguage":"fr-FR","@id":"https:\/\/enricomaciasloriental.fr\/WordPress\/lynda-thalie-en-premiere-partie-denrico-macias-a-l%e2%80%99olympia-de-paris\/#primaryimage","url":"http:\/\/enricomaciasloriental.fr\/WordPress\/wp-content\/uploads\/2011\/03\/lyndathalie-400x300.jpg","contentUrl":"http:\/\/enricomaciasloriental.fr\/WordPress\/wp-content\/uploads\/2011\/03\/lyndathalie-400x300.jpg"},{"@type":"BreadcrumbList","@id":"https:\/\/enricomaciasloriental.fr\/WordPress\/lynda-thalie-en-premiere-partie-denrico-macias-a-l%e2%80%99olympia-de-paris\/#breadcrumb","itemListElement":[{"@type":"ListItem","position":1,"name":"Accueil","item":"https:\/\/enricomaciasloriental.fr\/WordPress\/"},{"@type":"ListItem","position":2,"name":"Lynda Thalie en premi\u00e8re partie d&rsquo;Enrico Macias \u00e0 l\u2019Olympia de Paris"}]},{"@type":"WebSite","@id":"https:\/\/enricomaciasloriental.fr\/WordPress\/#website","url":"https:\/\/enricomaciasloriental.fr\/WordPress\/","name":"ENRICO MACIAS L'Oriental","description":"IL EST COMME LE SOLEIL","publisher":{"@id":"https:\/\/enricomaciasloriental.fr\/WordPress\/#\/schema\/person\/53fba112c6f4f0b335578890a816262e"},"potentialAction":[{"@type":"SearchAction","target":{"@type":"EntryPoint","urlTemplate":"https:\/\/enricomaciasloriental.fr\/WordPress\/?s={search_term_string}"},"query-input":{"@type":"PropertyValueSpecification","valueRequired":true,"valueName":"search_term_string"}}],"inLanguage":"fr-FR"},{"@type":["Person","Organization"],"@id":"https:\/\/enricomaciasloriental.fr\/WordPress\/#\/schema\/person\/53fba112c6f4f0b335578890a816262e","name":"Loriental","image":{"@type":"ImageObject","inLanguage":"fr-FR","@id":"https:\/\/enricomaciasloriental.fr\/WordPress\/wp-content\/uploads\/\/2015\/02\/cropped-bannier_altaiir-enrico.jpg","url":"https:\/\/enricomaciasloriental.fr\/WordPress\/wp-content\/uploads\/\/2015\/02\/cropped-bannier_altaiir-enrico.jpg","contentUrl":"https:\/\/enricomaciasloriental.fr\/WordPress\/wp-content\/uploads\/\/2015\/02\/cropped-bannier_altaiir-enrico.jpg","width":1200,"height":150,"caption":"Loriental"},"logo":{"@id":"https:\/\/enricomaciasloriental.fr\/WordPress\/wp-content\/uploads\/\/2015\/02\/cropped-bannier_altaiir-enrico.jpg"},"sameAs":["http:\/\/www.enricomaciasloriental.fr\/"]}]}},"featured_image_src":"","featured_image_src_square":false,"author_info":{"display_name":"Loriental","author_link":"https:\/\/enricomaciasloriental.fr\/WordPress\/author\/admin9234\/"},"rbea_author_info":{"display_name":"Loriental","author_link":"https:\/\/enricomaciasloriental.fr\/WordPress\/author\/admin9234\/"},"rbea_excerpt_info":"L\u2019artiste qu\u00e9b\u00e9coise d\u2019origine alg\u00e9rienne Lynda Thalie chantera \u00e0 l\u2019Olympia de Paris \u00e0 compter du 24 mars. Elle se produira alors en premi\u00e8re partie du l\u00e9gendaire Enrico Macias. Lynda Thalie br\u00fblera les planches de l\u2019Olympia du 24 au 27 mars. Elle &hellip;<p class=\"read-more\"> <a class=\"more-link\" href=\"https:\/\/enricomaciasloriental.fr\/WordPress\/lynda-thalie-en-premiere-partie-denrico-macias-a-l%e2%80%99olympia-de-paris\/\"> <span class=\"screen-reader-text\">Lynda Thalie en premi\u00e8re partie d&rsquo;Enrico Macias \u00e0 l\u2019Olympia de Paris<\/span> Read More &raquo;<\/a><\/p>","category_list":"<a href=\"https:\/\/enricomaciasloriental.fr\/WordPress\/category\/actualites\/\">Actualit\u00e9s<\/a>","comments_num":"0 comments","_links":{"self":[{"href":"https:\/\/enricomaciasloriental.fr\/WordPress\/wp-json\/wp\/v2\/posts\/2375","targetHints":{"allow":["GET"]}}],"collection":[{"href":"https:\/\/enricomaciasloriental.fr\/WordPress\/wp-json\/wp\/v2\/posts"}],"about":[{"href":"https:\/\/enricomaciasloriental.fr\/WordPress\/wp-json\/wp\/v2\/types\/post"}],"author":[{"embeddable":true,"href":"https:\/\/enricomaciasloriental.fr\/WordPress\/wp-json\/wp\/v2\/users\/36"}],"replies":[{"embeddable":true,"href":"https:\/\/enricomaciasloriental.fr\/WordPress\/wp-json\/wp\/v2\/comments?post=2375"}],"version-history":[{"count":0,"href":"https:\/\/enricomaciasloriental.fr\/WordPress\/wp-json\/wp\/v2\/posts\/2375\/revisions"}],"wp:attachment":[{"href":"https:\/\/enricomaciasloriental.fr\/WordPress\/wp-json\/wp\/v2\/media?parent=2375"}],"wp:term":[{"taxonomy":"category","embeddable":true,"href":"https:\/\/enricomaciasloriental.fr\/WordPress\/wp-json\/wp\/v2\/categories?post=2375"},{"taxonomy":"post_tag","embeddable":true,"href":"https:\/\/enricomaciasloriental.fr\/WordPress\/wp-json\/wp\/v2\/tags?post=2375"}],"curies":[{"name":"wp","href":"https:\/\/api.w.org\/{rel}","templated":true}]}}