{"id":2645,"date":"2011-04-24T09:10:37","date_gmt":"2011-04-24T07:10:37","guid":{"rendered":"http:\/\/enricomaciasloriental.fr\/WordPress\/?p=2645"},"modified":"2015-07-04T18:21:19","modified_gmt":"2015-07-04T16:21:19","slug":"concert-enrico-macias-bucuresti-2011","status":"publish","type":"post","link":"https:\/\/enricomaciasloriental.fr\/WordPress\/concert-enrico-macias-bucuresti-2011\/","title":{"rendered":"Concert Enrico Macias Bucuresti 2011"},"content":{"rendered":"<p>Sambata, 30 aprilie 2011, la Sala Palatului din Bucuresti va avea loc <strong>concertul extraordinar Enrico Macias<\/strong> alaturi de sapte instrumentisti, in debutul Festivalului Muzicii Franceze.<\/p>\n<p>Algerianul <em>Enrico Macias <\/em>a lansat primul album in 1962, iar piesa \u201cJ\u2019ai quitte mon pays\u201d a devenit in scurt timp un imn al expatriatilor din intreaga lume. Dupa aproape 35 de ani de cariera, Enrico Macias este numit de catre Kofi Annan, fostul Secretar General ONU, \u201cAmbasador al Pacii\u201d.<\/p>\n<p>Cu zeci de albume la activ si milioane de fani, Enrico Macias este indragit in toata lumea. Piese ca \u201cLa femme de mon amie\u201d, \u201cLe filles de mon pay\u201d, \u201cLe Mendiant de l\u2019amour\u201d si \u201cZingarella\u201d sunt ascultate cu placere de generatii intregi.<\/p>\n<p><strong>Concertul Enrico Macias Bucuresti 2011<\/strong> face parte din turneul de promovare al noului album \u201cVoyage d\u2019une melodie\u201d si marcheaza debutul Festivalului Muzicii Franceze, in cadrul caruia vor veni la Bucuresti mai multi artisti de renume.<\/p>\n<p>Pret bilete: 90 lei \/ 150 lei \/ 200 lei \/ 250 lei \/ 300 lei<\/p>\n<p><strong>Data: 30 aprilie, 20.00 <\/strong><\/p>\n<h4>Concert Enrico Macias Bucuresti 2011<\/h4>\n<p>Sala Palatului<br \/>\nStr. Ion Campineanu, nr. 28<\/p>\n","protected":false},"excerpt":{"rendered":"<p>Sambata, 30 aprilie 2011, la Sala Palatului din Bucuresti va avea loc concertul extraordinar Enrico Macias alaturi de sapte instrumentisti, in debutul Festivalului Muzicii Franceze. Algerianul Enrico Macias a lansat primul album in 1962, iar piesa \u201cJ\u2019ai quitte mon pays\u201d &hellip;<\/p>\n<p class=\"read-more\"> <a class=\"more-link\" href=\"https:\/\/enricomaciasloriental.fr\/WordPress\/concert-enrico-macias-bucuresti-2011\/\"> <span class=\"screen-reader-text\">Concert Enrico Macias Bucuresti 2011<\/span> Read More &raquo;<\/a><\/p>\n","protected":false},"author":36,"featured_media":0,"comment_status":"open","ping_status":"open","sticky":false,"template":"","format":"standard","meta":{"footnotes":""},"categories":[1],"tags":[],"class_list":["post-2645","post","type-post","status-publish","format-standard","hentry","category-actualites"],"yoast_head":"<!-- This site is optimized with the Yoast SEO plugin v27.4 - https:\/\/yoast.com\/product\/yoast-seo-wordpress\/ -->\n<title>Concert Enrico Macias Bucuresti 2011 - ENRICO MACIAS L&#039;Oriental<\/title>\n<meta name=\"robots\" content=\"index, follow, max-snippet:-1, max-image-preview:large, max-video-preview:-1\" \/>\n<link rel=\"canonical\" href=\"https:\/\/enricomaciasloriental.fr\/WordPress\/concert-enrico-macias-bucuresti-2011\/\" \/>\n<meta property=\"og:locale\" content=\"fr_FR\" \/>\n<meta property=\"og:type\" content=\"article\" \/>\n<meta property=\"og:title\" content=\"Concert Enrico Macias Bucuresti 2011 - ENRICO MACIAS L&#039;Oriental\" \/>\n<meta property=\"og:description\" content=\"Sambata, 30 aprilie 2011, la Sala Palatului din Bucuresti va avea loc concertul extraordinar Enrico Macias alaturi de sapte instrumentisti, in debutul Festivalului Muzicii Franceze. Algerianul Enrico Macias a lansat primul album in 1962, iar piesa \u201cJ\u2019ai quitte mon pays\u201d &hellip; Concert Enrico Macias Bucuresti 2011 Read More &raquo;\" \/>\n<meta property=\"og:url\" content=\"https:\/\/enricomaciasloriental.fr\/WordPress\/concert-enrico-macias-bucuresti-2011\/\" \/>\n<meta property=\"og:site_name\" content=\"ENRICO MACIAS L&#039;Oriental\" \/>\n<meta property=\"article:published_time\" content=\"2011-04-24T07:10:37+00:00\" \/>\n<meta property=\"article:modified_time\" content=\"2015-07-04T16:21:19+00:00\" \/>\n<meta property=\"og:image\" content=\"https:\/\/enricomaciasloriental.fr\/WordPress\/wp-content\/uploads\/\/2019\/02\/article-902.jpg\" \/>\n\t<meta property=\"og:image:width\" content=\"700\" \/>\n\t<meta property=\"og:image:height\" content=\"497\" \/>\n\t<meta property=\"og:image:type\" content=\"image\/jpeg\" \/>\n<meta name=\"author\" content=\"Loriental\" \/>\n<meta name=\"twitter:card\" content=\"summary_large_image\" \/>\n<meta name=\"twitter:label1\" content=\"\u00c9crit par\" \/>\n\t<meta name=\"twitter:data1\" content=\"Loriental\" \/>\n\t<meta name=\"twitter:label2\" content=\"Dur\u00e9e de lecture estim\u00e9e\" \/>\n\t<meta name=\"twitter:data2\" content=\"1 minute\" \/>\n<script type=\"application\/ld+json\" class=\"yoast-schema-graph\">{\"@context\":\"https:\\\/\\\/schema.org\",\"@graph\":[{\"@type\":\"Article\",\"@id\":\"https:\\\/\\\/enricomaciasloriental.fr\\\/WordPress\\\/concert-enrico-macias-bucuresti-2011\\\/#article\",\"isPartOf\":{\"@id\":\"https:\\\/\\\/enricomaciasloriental.fr\\\/WordPress\\\/concert-enrico-macias-bucuresti-2011\\\/\"},\"author\":{\"name\":\"Loriental\",\"@id\":\"https:\\\/\\\/enricomaciasloriental.fr\\\/WordPress\\\/#\\\/schema\\\/person\\\/53fba112c6f4f0b335578890a816262e\"},\"headline\":\"Concert Enrico Macias Bucuresti 2011\",\"datePublished\":\"2011-04-24T07:10:37+00:00\",\"dateModified\":\"2015-07-04T16:21:19+00:00\",\"mainEntityOfPage\":{\"@id\":\"https:\\\/\\\/enricomaciasloriental.fr\\\/WordPress\\\/concert-enrico-macias-bucuresti-2011\\\/\"},\"wordCount\":172,\"commentCount\":0,\"publisher\":{\"@id\":\"https:\\\/\\\/enricomaciasloriental.fr\\\/WordPress\\\/#\\\/schema\\\/person\\\/53fba112c6f4f0b335578890a816262e\"},\"articleSection\":[\"Actualit\u00e9s\"],\"inLanguage\":\"fr-FR\",\"potentialAction\":[{\"@type\":\"CommentAction\",\"name\":\"Comment\",\"target\":[\"https:\\\/\\\/enricomaciasloriental.fr\\\/WordPress\\\/concert-enrico-macias-bucuresti-2011\\\/#respond\"]}]},{\"@type\":\"WebPage\",\"@id\":\"https:\\\/\\\/enricomaciasloriental.fr\\\/WordPress\\\/concert-enrico-macias-bucuresti-2011\\\/\",\"url\":\"https:\\\/\\\/enricomaciasloriental.fr\\\/WordPress\\\/concert-enrico-macias-bucuresti-2011\\\/\",\"name\":\"Concert Enrico Macias Bucuresti 2011 - ENRICO MACIAS L&#039;Oriental\",\"isPartOf\":{\"@id\":\"https:\\\/\\\/enricomaciasloriental.fr\\\/WordPress\\\/#website\"},\"datePublished\":\"2011-04-24T07:10:37+00:00\",\"dateModified\":\"2015-07-04T16:21:19+00:00\",\"breadcrumb\":{\"@id\":\"https:\\\/\\\/enricomaciasloriental.fr\\\/WordPress\\\/concert-enrico-macias-bucuresti-2011\\\/#breadcrumb\"},\"inLanguage\":\"fr-FR\",\"potentialAction\":[{\"@type\":\"ReadAction\",\"target\":[\"https:\\\/\\\/enricomaciasloriental.fr\\\/WordPress\\\/concert-enrico-macias-bucuresti-2011\\\/\"]}]},{\"@type\":\"BreadcrumbList\",\"@id\":\"https:\\\/\\\/enricomaciasloriental.fr\\\/WordPress\\\/concert-enrico-macias-bucuresti-2011\\\/#breadcrumb\",\"itemListElement\":[{\"@type\":\"ListItem\",\"position\":1,\"name\":\"Accueil\",\"item\":\"https:\\\/\\\/enricomaciasloriental.fr\\\/WordPress\\\/\"},{\"@type\":\"ListItem\",\"position\":2,\"name\":\"Concert Enrico Macias Bucuresti 2011\"}]},{\"@type\":\"WebSite\",\"@id\":\"https:\\\/\\\/enricomaciasloriental.fr\\\/WordPress\\\/#website\",\"url\":\"https:\\\/\\\/enricomaciasloriental.fr\\\/WordPress\\\/\",\"name\":\"ENRICO MACIAS L'Oriental\",\"description\":\"IL EST COMME LE SOLEIL\",\"publisher\":{\"@id\":\"https:\\\/\\\/enricomaciasloriental.fr\\\/WordPress\\\/#\\\/schema\\\/person\\\/53fba112c6f4f0b335578890a816262e\"},\"potentialAction\":[{\"@type\":\"SearchAction\",\"target\":{\"@type\":\"EntryPoint\",\"urlTemplate\":\"https:\\\/\\\/enricomaciasloriental.fr\\\/WordPress\\\/?s={search_term_string}\"},\"query-input\":{\"@type\":\"PropertyValueSpecification\",\"valueRequired\":true,\"valueName\":\"search_term_string\"}}],\"inLanguage\":\"fr-FR\"},{\"@type\":[\"Person\",\"Organization\"],\"@id\":\"https:\\\/\\\/enricomaciasloriental.fr\\\/WordPress\\\/#\\\/schema\\\/person\\\/53fba112c6f4f0b335578890a816262e\",\"name\":\"Loriental\",\"image\":{\"@type\":\"ImageObject\",\"inLanguage\":\"fr-FR\",\"@id\":\"https:\\\/\\\/enricomaciasloriental.fr\\\/WordPress\\\/wp-content\\\/uploads\\\/\\\/2015\\\/02\\\/cropped-bannier_altaiir-enrico.jpg\",\"url\":\"https:\\\/\\\/enricomaciasloriental.fr\\\/WordPress\\\/wp-content\\\/uploads\\\/\\\/2015\\\/02\\\/cropped-bannier_altaiir-enrico.jpg\",\"contentUrl\":\"https:\\\/\\\/enricomaciasloriental.fr\\\/WordPress\\\/wp-content\\\/uploads\\\/\\\/2015\\\/02\\\/cropped-bannier_altaiir-enrico.jpg\",\"width\":1200,\"height\":150,\"caption\":\"Loriental\"},\"logo\":{\"@id\":\"https:\\\/\\\/enricomaciasloriental.fr\\\/WordPress\\\/wp-content\\\/uploads\\\/\\\/2015\\\/02\\\/cropped-bannier_altaiir-enrico.jpg\"},\"sameAs\":[\"http:\\\/\\\/www.enricomaciasloriental.fr\\\/\"]}]}<\/script>\n<!-- \/ Yoast SEO plugin. -->","yoast_head_json":{"title":"Concert Enrico Macias Bucuresti 2011 - ENRICO MACIAS L&#039;Oriental","robots":{"index":"index","follow":"follow","max-snippet":"max-snippet:-1","max-image-preview":"max-image-preview:large","max-video-preview":"max-video-preview:-1"},"canonical":"https:\/\/enricomaciasloriental.fr\/WordPress\/concert-enrico-macias-bucuresti-2011\/","og_locale":"fr_FR","og_type":"article","og_title":"Concert Enrico Macias Bucuresti 2011 - ENRICO MACIAS L&#039;Oriental","og_description":"Sambata, 30 aprilie 2011, la Sala Palatului din Bucuresti va avea loc concertul extraordinar Enrico Macias alaturi de sapte instrumentisti, in debutul Festivalului Muzicii Franceze. Algerianul Enrico Macias a lansat primul album in 1962, iar piesa \u201cJ\u2019ai quitte mon pays\u201d &hellip; Concert Enrico Macias Bucuresti 2011 Read More &raquo;","og_url":"https:\/\/enricomaciasloriental.fr\/WordPress\/concert-enrico-macias-bucuresti-2011\/","og_site_name":"ENRICO MACIAS L&#039;Oriental","article_published_time":"2011-04-24T07:10:37+00:00","article_modified_time":"2015-07-04T16:21:19+00:00","og_image":[{"width":700,"height":497,"url":"https:\/\/enricomaciasloriental.fr\/WordPress\/wp-content\/uploads\/\/2019\/02\/article-902.jpg","type":"image\/jpeg"}],"author":"Loriental","twitter_card":"summary_large_image","twitter_misc":{"\u00c9crit par":"Loriental","Dur\u00e9e de lecture estim\u00e9e":"1 minute"},"schema":{"@context":"https:\/\/schema.org","@graph":[{"@type":"Article","@id":"https:\/\/enricomaciasloriental.fr\/WordPress\/concert-enrico-macias-bucuresti-2011\/#article","isPartOf":{"@id":"https:\/\/enricomaciasloriental.fr\/WordPress\/concert-enrico-macias-bucuresti-2011\/"},"author":{"name":"Loriental","@id":"https:\/\/enricomaciasloriental.fr\/WordPress\/#\/schema\/person\/53fba112c6f4f0b335578890a816262e"},"headline":"Concert Enrico Macias Bucuresti 2011","datePublished":"2011-04-24T07:10:37+00:00","dateModified":"2015-07-04T16:21:19+00:00","mainEntityOfPage":{"@id":"https:\/\/enricomaciasloriental.fr\/WordPress\/concert-enrico-macias-bucuresti-2011\/"},"wordCount":172,"commentCount":0,"publisher":{"@id":"https:\/\/enricomaciasloriental.fr\/WordPress\/#\/schema\/person\/53fba112c6f4f0b335578890a816262e"},"articleSection":["Actualit\u00e9s"],"inLanguage":"fr-FR","potentialAction":[{"@type":"CommentAction","name":"Comment","target":["https:\/\/enricomaciasloriental.fr\/WordPress\/concert-enrico-macias-bucuresti-2011\/#respond"]}]},{"@type":"WebPage","@id":"https:\/\/enricomaciasloriental.fr\/WordPress\/concert-enrico-macias-bucuresti-2011\/","url":"https:\/\/enricomaciasloriental.fr\/WordPress\/concert-enrico-macias-bucuresti-2011\/","name":"Concert Enrico Macias Bucuresti 2011 - ENRICO MACIAS L&#039;Oriental","isPartOf":{"@id":"https:\/\/enricomaciasloriental.fr\/WordPress\/#website"},"datePublished":"2011-04-24T07:10:37+00:00","dateModified":"2015-07-04T16:21:19+00:00","breadcrumb":{"@id":"https:\/\/enricomaciasloriental.fr\/WordPress\/concert-enrico-macias-bucuresti-2011\/#breadcrumb"},"inLanguage":"fr-FR","potentialAction":[{"@type":"ReadAction","target":["https:\/\/enricomaciasloriental.fr\/WordPress\/concert-enrico-macias-bucuresti-2011\/"]}]},{"@type":"BreadcrumbList","@id":"https:\/\/enricomaciasloriental.fr\/WordPress\/concert-enrico-macias-bucuresti-2011\/#breadcrumb","itemListElement":[{"@type":"ListItem","position":1,"name":"Accueil","item":"https:\/\/enricomaciasloriental.fr\/WordPress\/"},{"@type":"ListItem","position":2,"name":"Concert Enrico Macias Bucuresti 2011"}]},{"@type":"WebSite","@id":"https:\/\/enricomaciasloriental.fr\/WordPress\/#website","url":"https:\/\/enricomaciasloriental.fr\/WordPress\/","name":"ENRICO MACIAS L'Oriental","description":"IL EST COMME LE SOLEIL","publisher":{"@id":"https:\/\/enricomaciasloriental.fr\/WordPress\/#\/schema\/person\/53fba112c6f4f0b335578890a816262e"},"potentialAction":[{"@type":"SearchAction","target":{"@type":"EntryPoint","urlTemplate":"https:\/\/enricomaciasloriental.fr\/WordPress\/?s={search_term_string}"},"query-input":{"@type":"PropertyValueSpecification","valueRequired":true,"valueName":"search_term_string"}}],"inLanguage":"fr-FR"},{"@type":["Person","Organization"],"@id":"https:\/\/enricomaciasloriental.fr\/WordPress\/#\/schema\/person\/53fba112c6f4f0b335578890a816262e","name":"Loriental","image":{"@type":"ImageObject","inLanguage":"fr-FR","@id":"https:\/\/enricomaciasloriental.fr\/WordPress\/wp-content\/uploads\/\/2015\/02\/cropped-bannier_altaiir-enrico.jpg","url":"https:\/\/enricomaciasloriental.fr\/WordPress\/wp-content\/uploads\/\/2015\/02\/cropped-bannier_altaiir-enrico.jpg","contentUrl":"https:\/\/enricomaciasloriental.fr\/WordPress\/wp-content\/uploads\/\/2015\/02\/cropped-bannier_altaiir-enrico.jpg","width":1200,"height":150,"caption":"Loriental"},"logo":{"@id":"https:\/\/enricomaciasloriental.fr\/WordPress\/wp-content\/uploads\/\/2015\/02\/cropped-bannier_altaiir-enrico.jpg"},"sameAs":["http:\/\/www.enricomaciasloriental.fr\/"]}]}},"featured_image_src":"","featured_image_src_square":false,"author_info":{"display_name":"Loriental","author_link":"https:\/\/enricomaciasloriental.fr\/WordPress\/author\/admin9234\/"},"rbea_author_info":{"display_name":"Loriental","author_link":"https:\/\/enricomaciasloriental.fr\/WordPress\/author\/admin9234\/"},"rbea_excerpt_info":"Sambata, 30 aprilie 2011, la Sala Palatului din Bucuresti va avea loc concertul extraordinar Enrico Macias alaturi de sapte instrumentisti, in debutul Festivalului Muzicii Franceze. Algerianul Enrico Macias a lansat primul album in 1962, iar piesa \u201cJ\u2019ai quitte mon pays\u201d &hellip;<p class=\"read-more\"> <a class=\"more-link\" href=\"https:\/\/enricomaciasloriental.fr\/WordPress\/concert-enrico-macias-bucuresti-2011\/\"> <span class=\"screen-reader-text\">Concert Enrico Macias Bucuresti 2011<\/span> Read More &raquo;<\/a><\/p>","category_list":"<a href=\"https:\/\/enricomaciasloriental.fr\/WordPress\/category\/actualites\/\">Actualit\u00e9s<\/a>","comments_num":"0 comments","_links":{"self":[{"href":"https:\/\/enricomaciasloriental.fr\/WordPress\/wp-json\/wp\/v2\/posts\/2645","targetHints":{"allow":["GET"]}}],"collection":[{"href":"https:\/\/enricomaciasloriental.fr\/WordPress\/wp-json\/wp\/v2\/posts"}],"about":[{"href":"https:\/\/enricomaciasloriental.fr\/WordPress\/wp-json\/wp\/v2\/types\/post"}],"author":[{"embeddable":true,"href":"https:\/\/enricomaciasloriental.fr\/WordPress\/wp-json\/wp\/v2\/users\/36"}],"replies":[{"embeddable":true,"href":"https:\/\/enricomaciasloriental.fr\/WordPress\/wp-json\/wp\/v2\/comments?post=2645"}],"version-history":[{"count":0,"href":"https:\/\/enricomaciasloriental.fr\/WordPress\/wp-json\/wp\/v2\/posts\/2645\/revisions"}],"wp:attachment":[{"href":"https:\/\/enricomaciasloriental.fr\/WordPress\/wp-json\/wp\/v2\/media?parent=2645"}],"wp:term":[{"taxonomy":"category","embeddable":true,"href":"https:\/\/enricomaciasloriental.fr\/WordPress\/wp-json\/wp\/v2\/categories?post=2645"},{"taxonomy":"post_tag","embeddable":true,"href":"https:\/\/enricomaciasloriental.fr\/WordPress\/wp-json\/wp\/v2\/tags?post=2645"}],"curies":[{"name":"wp","href":"https:\/\/api.w.org\/{rel}","templated":true}]}}