{"id":2654,"date":"2011-04-24T09:46:45","date_gmt":"2011-04-24T07:46:45","guid":{"rendered":"http:\/\/enricomaciasloriental.fr\/WordPress\/?p=2654"},"modified":"2011-04-24T09:47:37","modified_gmt":"2011-04-24T07:47:37","slug":"concert-enrico-macias-la-bucuresti","status":"publish","type":"post","link":"https:\/\/enricomaciasloriental.fr\/WordPress\/concert-enrico-macias-la-bucuresti\/","title":{"rendered":"Concert Enrico Macias la Bucure\u015fti"},"content":{"rendered":"<p><a href=\"https:\/\/enricomaciasloriental.fr\/WordPress\/wp-content\/uploads\/2011\/04\/Enrico-Macias13.jpg\"><img fetchpriority=\"high\" decoding=\"async\" class=\"alignleft size-medium wp-image-2655\" title=\"Enrico-Macias1\" src=\"https:\/\/enricomaciasloriental.fr\/WordPress\/wp-content\/uploads\/2011\/04\/Enrico-Macias13-203x300.jpg\" alt=\"\" width=\"203\" height=\"300\" srcset=\"https:\/\/enricomaciasloriental.fr\/WordPress\/wp-content\/uploads\/2011\/04\/Enrico-Macias13-203x300.jpg 203w, https:\/\/enricomaciasloriental.fr\/WordPress\/wp-content\/uploads\/2011\/04\/Enrico-Macias13.jpg 406w\" sizes=\"(max-width: 203px) 100vw, 203px\" \/><\/a>S\u00e2mb\u0103t\u0103, 30 aprilie 2011, <strong>Enrico Macias<\/strong> va sus\u0163ine un concert extraordinar la <strong>Sala Palatului<\/strong> din <strong>Bucure\u015fti<\/strong>. Evenimentul va marca debutul Festivalului Muzicii Franceze care va avea loc anul acesta \u00een Capital\u0103.<\/p>\n<p>Gaston Ghrenassia s-a n\u0103scut \u00een 1938 \u00een Algeria. A fost nevoit s\u0103 emireze \u00een Fran\u0163a \u00een timpul R\u0103zboiului de Independen\u0163\u0103 din \u0163ara sa natal\u0103. \u015ei-a \u00eenceput cariera muzical\u0103 \u00een \u0163ara sa de adop\u0163ie interpret\u00e2nd piese tradi\u0163ionale din zona sa de origine. \u00cens\u0103 succesul l-a descoperit abia \u00een 1962 c\u00e2t \u015fi-a lansat, sub numele <strong>Enrico Macias<\/strong>, primul album. Piesa \u201c<em>J\u2019ai quitte mon pays<\/em>\u201d este considerat\u0103 un imn al expatria\u0163ilor din lumea \u00eentreag\u0103, iar <strong>Enrico Macias<\/strong> devine un artist de renume.<\/p>\n<p>A urmat o perioad\u0103 \u00een care artistul a c\u0103latorit \u00een lumea \u00eentreag\u0103, promov\u00e2ndu-\u015fi muzica \u015fi mesajul din spatele acesteia pe cele mai importate scene ale lumii. Dup\u0103 aproape 35 de ani de carier\u0103, Enrico Macias este numit de c\u0103tre Kofi Annan, fostul Secretar General ONU, ca fiind \u201c<em>Ambasador al P\u0103cii<\/em>\u201c. Distinc\u0163ie primit\u0103 ca urmare a ac\u0163iunilor sale caritabile \u015fi eforturilor permanente de r\u0103sp\u00e2ndire a mesajului p\u0103cii \u00een lume prin intermediul muzicii sale.<\/p>\n<p>Cu zeci de albume la activ \u015fi milioane de fani \u00een toat\u0103 lumea Enrico Macias este unul dintre cei mai \u00eendr\u0103gi\u0163i ai lumii. Piese ca \u201c<em>La femme de mon amie<\/em>\u201c, \u201c<em>Le filles de mon pay<\/em>\u201c, \u201c<em>Le Mendiant de l\u2019amour<\/em>\u201d \u015fi \u201c<em>Zingarella<\/em>\u201d sunt ascultate de genera\u0163ii \u00eentregi.<\/p>\n<p><strong>Enrico Macias<\/strong> a lansat la \u00eenceputul lunii martie un nou material discografic pe care vine s\u0103 \u00eel prezinte publicului rom\u00e2n pe 30 aprilie 2011. Al\u0103turi de cei \u015fapte arti\u015fti care \u00eel \u00eenso\u0163esc \u00een turneul de promovare al albumului \u201c<em>Voyage d\u2019une melodie<\/em>\u201c, Erico va urca pe scena S\u0103lii Palatului din Bucure\u015fti de la ora 20:00.<\/p>\n<h3>Informa\u0163ii bilete<\/h3>\n<p>Pre\u0163urile biletelor pentru concertul Enrico Macias sunt de:<\/p>\n<p>Categoria I: 90 lei<br \/>\nCategoria II: 150 lei<br \/>\nCategoria III: 200 lei<br \/>\nCategoria IV: 250 lei<br \/>\nCategoria V: 300 lei<\/p>\n<p>Biletele sunt disponibile \u00een re\u0163eaua Biletoo.ro \u015fi online pe <a href=\"http:\/\/www.biletoo.ro\/\" target=\"_blank\">www.biletoo.ro<\/a><\/p>\n<p>Article <a href=\"http:\/\/www.iconcert.ro\/concert-enrico-macias-la-bucuresti.html\" target=\"_blank\">ICI<\/a><\/p>\n","protected":false},"excerpt":{"rendered":"<p>S\u00e2mb\u0103t\u0103, 30 aprilie 2011, Enrico Macias va sus\u0163ine un concert extraordinar la Sala Palatului din Bucure\u015fti. Evenimentul va marca debutul Festivalului Muzicii Franceze care va avea loc anul acesta \u00een Capital\u0103. Gaston Ghrenassia s-a n\u0103scut \u00een 1938 \u00een Algeria. A &hellip;<\/p>\n<p class=\"read-more\"> <a class=\"more-link\" href=\"https:\/\/enricomaciasloriental.fr\/WordPress\/concert-enrico-macias-la-bucuresti\/\"> <span class=\"screen-reader-text\">Concert Enrico Macias la Bucure\u015fti<\/span> Read More &raquo;<\/a><\/p>\n","protected":false},"author":36,"featured_media":0,"comment_status":"open","ping_status":"open","sticky":false,"template":"","format":"standard","meta":{"footnotes":""},"categories":[1],"tags":[],"class_list":["post-2654","post","type-post","status-publish","format-standard","hentry","category-actualites"],"yoast_head":"<!-- This site is optimized with the Yoast SEO plugin v27.4 - https:\/\/yoast.com\/product\/yoast-seo-wordpress\/ -->\n<title>Concert Enrico Macias la Bucure\u015fti - ENRICO MACIAS L&#039;Oriental<\/title>\n<meta name=\"robots\" content=\"index, follow, max-snippet:-1, max-image-preview:large, max-video-preview:-1\" \/>\n<link rel=\"canonical\" href=\"https:\/\/enricomaciasloriental.fr\/WordPress\/concert-enrico-macias-la-bucuresti\/\" \/>\n<meta property=\"og:locale\" content=\"fr_FR\" \/>\n<meta property=\"og:type\" content=\"article\" \/>\n<meta property=\"og:title\" content=\"Concert Enrico Macias la Bucure\u015fti - ENRICO MACIAS L&#039;Oriental\" \/>\n<meta property=\"og:description\" content=\"S\u00e2mb\u0103t\u0103, 30 aprilie 2011, Enrico Macias va sus\u0163ine un concert extraordinar la Sala Palatului din Bucure\u015fti. Evenimentul va marca debutul Festivalului Muzicii Franceze care va avea loc anul acesta \u00een Capital\u0103. Gaston Ghrenassia s-a n\u0103scut \u00een 1938 \u00een Algeria. A &hellip; Concert Enrico Macias la Bucure\u015fti Read More &raquo;\" \/>\n<meta property=\"og:url\" content=\"https:\/\/enricomaciasloriental.fr\/WordPress\/concert-enrico-macias-la-bucuresti\/\" \/>\n<meta property=\"og:site_name\" content=\"ENRICO MACIAS L&#039;Oriental\" \/>\n<meta property=\"article:published_time\" content=\"2011-04-24T07:46:45+00:00\" \/>\n<meta property=\"article:modified_time\" content=\"2011-04-24T07:47:37+00:00\" \/>\n<meta property=\"og:image\" content=\"http:\/\/enricomaciasloriental.fr\/WordPress\/wp-content\/uploads\/2011\/04\/Enrico-Macias13-203x300.jpg\" \/>\n<meta name=\"author\" content=\"Loriental\" \/>\n<meta name=\"twitter:card\" content=\"summary_large_image\" \/>\n<meta name=\"twitter:label1\" content=\"\u00c9crit par\" \/>\n\t<meta name=\"twitter:data1\" content=\"Loriental\" \/>\n\t<meta name=\"twitter:label2\" content=\"Dur\u00e9e de lecture estim\u00e9e\" \/>\n\t<meta name=\"twitter:data2\" content=\"2 minutes\" \/>\n<script type=\"application\/ld+json\" class=\"yoast-schema-graph\">{\"@context\":\"https:\\\/\\\/schema.org\",\"@graph\":[{\"@type\":\"Article\",\"@id\":\"https:\\\/\\\/enricomaciasloriental.fr\\\/WordPress\\\/concert-enrico-macias-la-bucuresti\\\/#article\",\"isPartOf\":{\"@id\":\"https:\\\/\\\/enricomaciasloriental.fr\\\/WordPress\\\/concert-enrico-macias-la-bucuresti\\\/\"},\"author\":{\"name\":\"Loriental\",\"@id\":\"https:\\\/\\\/enricomaciasloriental.fr\\\/WordPress\\\/#\\\/schema\\\/person\\\/53fba112c6f4f0b335578890a816262e\"},\"headline\":\"Concert Enrico Macias la Bucure\u015fti\",\"datePublished\":\"2011-04-24T07:46:45+00:00\",\"dateModified\":\"2011-04-24T07:47:37+00:00\",\"mainEntityOfPage\":{\"@id\":\"https:\\\/\\\/enricomaciasloriental.fr\\\/WordPress\\\/concert-enrico-macias-la-bucuresti\\\/\"},\"wordCount\":357,\"commentCount\":0,\"publisher\":{\"@id\":\"https:\\\/\\\/enricomaciasloriental.fr\\\/WordPress\\\/#\\\/schema\\\/person\\\/53fba112c6f4f0b335578890a816262e\"},\"image\":{\"@id\":\"https:\\\/\\\/enricomaciasloriental.fr\\\/WordPress\\\/concert-enrico-macias-la-bucuresti\\\/#primaryimage\"},\"thumbnailUrl\":\"http:\\\/\\\/enricomaciasloriental.fr\\\/WordPress\\\/wp-content\\\/uploads\\\/2011\\\/04\\\/Enrico-Macias13-203x300.jpg\",\"articleSection\":[\"Actualit\u00e9s\"],\"inLanguage\":\"fr-FR\",\"potentialAction\":[{\"@type\":\"CommentAction\",\"name\":\"Comment\",\"target\":[\"https:\\\/\\\/enricomaciasloriental.fr\\\/WordPress\\\/concert-enrico-macias-la-bucuresti\\\/#respond\"]}]},{\"@type\":\"WebPage\",\"@id\":\"https:\\\/\\\/enricomaciasloriental.fr\\\/WordPress\\\/concert-enrico-macias-la-bucuresti\\\/\",\"url\":\"https:\\\/\\\/enricomaciasloriental.fr\\\/WordPress\\\/concert-enrico-macias-la-bucuresti\\\/\",\"name\":\"Concert Enrico Macias la Bucure\u015fti - ENRICO MACIAS L&#039;Oriental\",\"isPartOf\":{\"@id\":\"https:\\\/\\\/enricomaciasloriental.fr\\\/WordPress\\\/#website\"},\"primaryImageOfPage\":{\"@id\":\"https:\\\/\\\/enricomaciasloriental.fr\\\/WordPress\\\/concert-enrico-macias-la-bucuresti\\\/#primaryimage\"},\"image\":{\"@id\":\"https:\\\/\\\/enricomaciasloriental.fr\\\/WordPress\\\/concert-enrico-macias-la-bucuresti\\\/#primaryimage\"},\"thumbnailUrl\":\"http:\\\/\\\/enricomaciasloriental.fr\\\/WordPress\\\/wp-content\\\/uploads\\\/2011\\\/04\\\/Enrico-Macias13-203x300.jpg\",\"datePublished\":\"2011-04-24T07:46:45+00:00\",\"dateModified\":\"2011-04-24T07:47:37+00:00\",\"breadcrumb\":{\"@id\":\"https:\\\/\\\/enricomaciasloriental.fr\\\/WordPress\\\/concert-enrico-macias-la-bucuresti\\\/#breadcrumb\"},\"inLanguage\":\"fr-FR\",\"potentialAction\":[{\"@type\":\"ReadAction\",\"target\":[\"https:\\\/\\\/enricomaciasloriental.fr\\\/WordPress\\\/concert-enrico-macias-la-bucuresti\\\/\"]}]},{\"@type\":\"ImageObject\",\"inLanguage\":\"fr-FR\",\"@id\":\"https:\\\/\\\/enricomaciasloriental.fr\\\/WordPress\\\/concert-enrico-macias-la-bucuresti\\\/#primaryimage\",\"url\":\"http:\\\/\\\/enricomaciasloriental.fr\\\/WordPress\\\/wp-content\\\/uploads\\\/2011\\\/04\\\/Enrico-Macias13-203x300.jpg\",\"contentUrl\":\"http:\\\/\\\/enricomaciasloriental.fr\\\/WordPress\\\/wp-content\\\/uploads\\\/2011\\\/04\\\/Enrico-Macias13-203x300.jpg\"},{\"@type\":\"BreadcrumbList\",\"@id\":\"https:\\\/\\\/enricomaciasloriental.fr\\\/WordPress\\\/concert-enrico-macias-la-bucuresti\\\/#breadcrumb\",\"itemListElement\":[{\"@type\":\"ListItem\",\"position\":1,\"name\":\"Accueil\",\"item\":\"https:\\\/\\\/enricomaciasloriental.fr\\\/WordPress\\\/\"},{\"@type\":\"ListItem\",\"position\":2,\"name\":\"Concert Enrico Macias la Bucure\u015fti\"}]},{\"@type\":\"WebSite\",\"@id\":\"https:\\\/\\\/enricomaciasloriental.fr\\\/WordPress\\\/#website\",\"url\":\"https:\\\/\\\/enricomaciasloriental.fr\\\/WordPress\\\/\",\"name\":\"ENRICO MACIAS L'Oriental\",\"description\":\"IL EST COMME LE SOLEIL\",\"publisher\":{\"@id\":\"https:\\\/\\\/enricomaciasloriental.fr\\\/WordPress\\\/#\\\/schema\\\/person\\\/53fba112c6f4f0b335578890a816262e\"},\"potentialAction\":[{\"@type\":\"SearchAction\",\"target\":{\"@type\":\"EntryPoint\",\"urlTemplate\":\"https:\\\/\\\/enricomaciasloriental.fr\\\/WordPress\\\/?s={search_term_string}\"},\"query-input\":{\"@type\":\"PropertyValueSpecification\",\"valueRequired\":true,\"valueName\":\"search_term_string\"}}],\"inLanguage\":\"fr-FR\"},{\"@type\":[\"Person\",\"Organization\"],\"@id\":\"https:\\\/\\\/enricomaciasloriental.fr\\\/WordPress\\\/#\\\/schema\\\/person\\\/53fba112c6f4f0b335578890a816262e\",\"name\":\"Loriental\",\"image\":{\"@type\":\"ImageObject\",\"inLanguage\":\"fr-FR\",\"@id\":\"https:\\\/\\\/enricomaciasloriental.fr\\\/WordPress\\\/wp-content\\\/uploads\\\/\\\/2015\\\/02\\\/cropped-bannier_altaiir-enrico.jpg\",\"url\":\"https:\\\/\\\/enricomaciasloriental.fr\\\/WordPress\\\/wp-content\\\/uploads\\\/\\\/2015\\\/02\\\/cropped-bannier_altaiir-enrico.jpg\",\"contentUrl\":\"https:\\\/\\\/enricomaciasloriental.fr\\\/WordPress\\\/wp-content\\\/uploads\\\/\\\/2015\\\/02\\\/cropped-bannier_altaiir-enrico.jpg\",\"width\":1200,\"height\":150,\"caption\":\"Loriental\"},\"logo\":{\"@id\":\"https:\\\/\\\/enricomaciasloriental.fr\\\/WordPress\\\/wp-content\\\/uploads\\\/\\\/2015\\\/02\\\/cropped-bannier_altaiir-enrico.jpg\"},\"sameAs\":[\"http:\\\/\\\/www.enricomaciasloriental.fr\\\/\"]}]}<\/script>\n<!-- \/ Yoast SEO plugin. -->","yoast_head_json":{"title":"Concert Enrico Macias la Bucure\u015fti - ENRICO MACIAS L&#039;Oriental","robots":{"index":"index","follow":"follow","max-snippet":"max-snippet:-1","max-image-preview":"max-image-preview:large","max-video-preview":"max-video-preview:-1"},"canonical":"https:\/\/enricomaciasloriental.fr\/WordPress\/concert-enrico-macias-la-bucuresti\/","og_locale":"fr_FR","og_type":"article","og_title":"Concert Enrico Macias la Bucure\u015fti - ENRICO MACIAS L&#039;Oriental","og_description":"S\u00e2mb\u0103t\u0103, 30 aprilie 2011, Enrico Macias va sus\u0163ine un concert extraordinar la Sala Palatului din Bucure\u015fti. Evenimentul va marca debutul Festivalului Muzicii Franceze care va avea loc anul acesta \u00een Capital\u0103. Gaston Ghrenassia s-a n\u0103scut \u00een 1938 \u00een Algeria. A &hellip; Concert Enrico Macias la Bucure\u015fti Read More &raquo;","og_url":"https:\/\/enricomaciasloriental.fr\/WordPress\/concert-enrico-macias-la-bucuresti\/","og_site_name":"ENRICO MACIAS L&#039;Oriental","article_published_time":"2011-04-24T07:46:45+00:00","article_modified_time":"2011-04-24T07:47:37+00:00","og_image":[{"url":"http:\/\/enricomaciasloriental.fr\/WordPress\/wp-content\/uploads\/2011\/04\/Enrico-Macias13-203x300.jpg","type":"","width":"","height":""}],"author":"Loriental","twitter_card":"summary_large_image","twitter_misc":{"\u00c9crit par":"Loriental","Dur\u00e9e de lecture estim\u00e9e":"2 minutes"},"schema":{"@context":"https:\/\/schema.org","@graph":[{"@type":"Article","@id":"https:\/\/enricomaciasloriental.fr\/WordPress\/concert-enrico-macias-la-bucuresti\/#article","isPartOf":{"@id":"https:\/\/enricomaciasloriental.fr\/WordPress\/concert-enrico-macias-la-bucuresti\/"},"author":{"name":"Loriental","@id":"https:\/\/enricomaciasloriental.fr\/WordPress\/#\/schema\/person\/53fba112c6f4f0b335578890a816262e"},"headline":"Concert Enrico Macias la Bucure\u015fti","datePublished":"2011-04-24T07:46:45+00:00","dateModified":"2011-04-24T07:47:37+00:00","mainEntityOfPage":{"@id":"https:\/\/enricomaciasloriental.fr\/WordPress\/concert-enrico-macias-la-bucuresti\/"},"wordCount":357,"commentCount":0,"publisher":{"@id":"https:\/\/enricomaciasloriental.fr\/WordPress\/#\/schema\/person\/53fba112c6f4f0b335578890a816262e"},"image":{"@id":"https:\/\/enricomaciasloriental.fr\/WordPress\/concert-enrico-macias-la-bucuresti\/#primaryimage"},"thumbnailUrl":"http:\/\/enricomaciasloriental.fr\/WordPress\/wp-content\/uploads\/2011\/04\/Enrico-Macias13-203x300.jpg","articleSection":["Actualit\u00e9s"],"inLanguage":"fr-FR","potentialAction":[{"@type":"CommentAction","name":"Comment","target":["https:\/\/enricomaciasloriental.fr\/WordPress\/concert-enrico-macias-la-bucuresti\/#respond"]}]},{"@type":"WebPage","@id":"https:\/\/enricomaciasloriental.fr\/WordPress\/concert-enrico-macias-la-bucuresti\/","url":"https:\/\/enricomaciasloriental.fr\/WordPress\/concert-enrico-macias-la-bucuresti\/","name":"Concert Enrico Macias la Bucure\u015fti - ENRICO MACIAS L&#039;Oriental","isPartOf":{"@id":"https:\/\/enricomaciasloriental.fr\/WordPress\/#website"},"primaryImageOfPage":{"@id":"https:\/\/enricomaciasloriental.fr\/WordPress\/concert-enrico-macias-la-bucuresti\/#primaryimage"},"image":{"@id":"https:\/\/enricomaciasloriental.fr\/WordPress\/concert-enrico-macias-la-bucuresti\/#primaryimage"},"thumbnailUrl":"http:\/\/enricomaciasloriental.fr\/WordPress\/wp-content\/uploads\/2011\/04\/Enrico-Macias13-203x300.jpg","datePublished":"2011-04-24T07:46:45+00:00","dateModified":"2011-04-24T07:47:37+00:00","breadcrumb":{"@id":"https:\/\/enricomaciasloriental.fr\/WordPress\/concert-enrico-macias-la-bucuresti\/#breadcrumb"},"inLanguage":"fr-FR","potentialAction":[{"@type":"ReadAction","target":["https:\/\/enricomaciasloriental.fr\/WordPress\/concert-enrico-macias-la-bucuresti\/"]}]},{"@type":"ImageObject","inLanguage":"fr-FR","@id":"https:\/\/enricomaciasloriental.fr\/WordPress\/concert-enrico-macias-la-bucuresti\/#primaryimage","url":"http:\/\/enricomaciasloriental.fr\/WordPress\/wp-content\/uploads\/2011\/04\/Enrico-Macias13-203x300.jpg","contentUrl":"http:\/\/enricomaciasloriental.fr\/WordPress\/wp-content\/uploads\/2011\/04\/Enrico-Macias13-203x300.jpg"},{"@type":"BreadcrumbList","@id":"https:\/\/enricomaciasloriental.fr\/WordPress\/concert-enrico-macias-la-bucuresti\/#breadcrumb","itemListElement":[{"@type":"ListItem","position":1,"name":"Accueil","item":"https:\/\/enricomaciasloriental.fr\/WordPress\/"},{"@type":"ListItem","position":2,"name":"Concert Enrico Macias la Bucure\u015fti"}]},{"@type":"WebSite","@id":"https:\/\/enricomaciasloriental.fr\/WordPress\/#website","url":"https:\/\/enricomaciasloriental.fr\/WordPress\/","name":"ENRICO MACIAS L'Oriental","description":"IL EST COMME LE SOLEIL","publisher":{"@id":"https:\/\/enricomaciasloriental.fr\/WordPress\/#\/schema\/person\/53fba112c6f4f0b335578890a816262e"},"potentialAction":[{"@type":"SearchAction","target":{"@type":"EntryPoint","urlTemplate":"https:\/\/enricomaciasloriental.fr\/WordPress\/?s={search_term_string}"},"query-input":{"@type":"PropertyValueSpecification","valueRequired":true,"valueName":"search_term_string"}}],"inLanguage":"fr-FR"},{"@type":["Person","Organization"],"@id":"https:\/\/enricomaciasloriental.fr\/WordPress\/#\/schema\/person\/53fba112c6f4f0b335578890a816262e","name":"Loriental","image":{"@type":"ImageObject","inLanguage":"fr-FR","@id":"https:\/\/enricomaciasloriental.fr\/WordPress\/wp-content\/uploads\/\/2015\/02\/cropped-bannier_altaiir-enrico.jpg","url":"https:\/\/enricomaciasloriental.fr\/WordPress\/wp-content\/uploads\/\/2015\/02\/cropped-bannier_altaiir-enrico.jpg","contentUrl":"https:\/\/enricomaciasloriental.fr\/WordPress\/wp-content\/uploads\/\/2015\/02\/cropped-bannier_altaiir-enrico.jpg","width":1200,"height":150,"caption":"Loriental"},"logo":{"@id":"https:\/\/enricomaciasloriental.fr\/WordPress\/wp-content\/uploads\/\/2015\/02\/cropped-bannier_altaiir-enrico.jpg"},"sameAs":["http:\/\/www.enricomaciasloriental.fr\/"]}]}},"featured_image_src":"","featured_image_src_square":false,"author_info":{"display_name":"Loriental","author_link":"https:\/\/enricomaciasloriental.fr\/WordPress\/author\/admin9234\/"},"rbea_author_info":{"display_name":"Loriental","author_link":"https:\/\/enricomaciasloriental.fr\/WordPress\/author\/admin9234\/"},"rbea_excerpt_info":"S\u00e2mb\u0103t\u0103, 30 aprilie 2011, Enrico Macias va sus\u0163ine un concert extraordinar la Sala Palatului din Bucure\u015fti. Evenimentul va marca debutul Festivalului Muzicii Franceze care va avea loc anul acesta \u00een Capital\u0103. Gaston Ghrenassia s-a n\u0103scut \u00een 1938 \u00een Algeria. A &hellip;<p class=\"read-more\"> <a class=\"more-link\" href=\"https:\/\/enricomaciasloriental.fr\/WordPress\/concert-enrico-macias-la-bucuresti\/\"> <span class=\"screen-reader-text\">Concert Enrico Macias la Bucure\u015fti<\/span> Read More &raquo;<\/a><\/p>","category_list":"<a href=\"https:\/\/enricomaciasloriental.fr\/WordPress\/category\/actualites\/\">Actualit\u00e9s<\/a>","comments_num":"0 comments","_links":{"self":[{"href":"https:\/\/enricomaciasloriental.fr\/WordPress\/wp-json\/wp\/v2\/posts\/2654","targetHints":{"allow":["GET"]}}],"collection":[{"href":"https:\/\/enricomaciasloriental.fr\/WordPress\/wp-json\/wp\/v2\/posts"}],"about":[{"href":"https:\/\/enricomaciasloriental.fr\/WordPress\/wp-json\/wp\/v2\/types\/post"}],"author":[{"embeddable":true,"href":"https:\/\/enricomaciasloriental.fr\/WordPress\/wp-json\/wp\/v2\/users\/36"}],"replies":[{"embeddable":true,"href":"https:\/\/enricomaciasloriental.fr\/WordPress\/wp-json\/wp\/v2\/comments?post=2654"}],"version-history":[{"count":0,"href":"https:\/\/enricomaciasloriental.fr\/WordPress\/wp-json\/wp\/v2\/posts\/2654\/revisions"}],"wp:attachment":[{"href":"https:\/\/enricomaciasloriental.fr\/WordPress\/wp-json\/wp\/v2\/media?parent=2654"}],"wp:term":[{"taxonomy":"category","embeddable":true,"href":"https:\/\/enricomaciasloriental.fr\/WordPress\/wp-json\/wp\/v2\/categories?post=2654"},{"taxonomy":"post_tag","embeddable":true,"href":"https:\/\/enricomaciasloriental.fr\/WordPress\/wp-json\/wp\/v2\/tags?post=2654"}],"curies":[{"name":"wp","href":"https:\/\/api.w.org\/{rel}","templated":true}]}}