{"id":344,"date":"2010-04-18T17:56:00","date_gmt":"2010-04-18T15:56:00","guid":{"rendered":"http:\/\/enricomaciasloriental.fr\/WordPress\/?p=344"},"modified":"2015-07-04T18:06:09","modified_gmt":"2015-07-04T16:06:09","slug":"enrico-macias-chante-charles-aznavour","status":"publish","type":"post","link":"https:\/\/enricomaciasloriental.fr\/WordPress\/enrico-macias-chante-charles-aznavour\/","title":{"rendered":"Enrico Macias chante Charles Aznavour"},"content":{"rendered":"<p><a href=\"http:\/\/4.bp.blogspot.com\/_S10KuUGOxxY\/S8stARyFl_I\/AAAAAAAAAbE\/7jgxNmG4CwM\/s1600\/h-3-1400809-1232986822.jpg\"><\/a><\/p>\n<p><a href=\"https:\/\/enricomaciasloriental.fr\/WordPress\/wp-content\/uploads\/2010\/04\/h-3-1400809-1232986822.jpg\"><img fetchpriority=\"high\" decoding=\"async\" class=\"alignleft size-medium wp-image-474\" title=\"h-3-1400809-1232986822\" src=\"https:\/\/enricomaciasloriental.fr\/WordPress\/wp-content\/uploads\/2010\/04\/h-3-1400809-1232986822-272x300.jpg\" alt=\"\" width=\"272\" height=\"300\" srcset=\"https:\/\/enricomaciasloriental.fr\/WordPress\/wp-content\/uploads\/2010\/04\/h-3-1400809-1232986822-272x300.jpg 272w, https:\/\/enricomaciasloriental.fr\/WordPress\/wp-content\/uploads\/2010\/04\/h-3-1400809-1232986822.jpg 291w\" sizes=\"(max-width: 272px) 100vw, 272px\" \/><\/a>\u00a0<\/p>\n<p>Je pense que vous \u00e9tiez tous devant votre petit \u00e9cran cet apr\u00e8s midi, pour regarder Chabada de Daniela Lumbroso sur France 3<br \/>\nEnrico Macias y a rendu hommage \u00e0 Charles Aznavour en interpr\u00e9tant deux extraits :<br \/>\n\u00ab\u00a0Les deux guitares\u00a0\u00bb qu&rsquo;il avait d\u00e9j\u00e0 chant\u00e9s pour les <a href=\"http:\/\/www.altaiir-enricomacias.com\/pageshtml1\/004chansons\/00404chansonsreprises\/00404001reprisedeuxguitares.html\">85 ans du grand Charles <\/a>en mai 2009<br \/>\n\u00ab\u00a0La mamma\u00a0\u00bb qu&rsquo;il a interpr\u00e9t\u00e9e avec beaucoup d&rsquo;\u00e9motion. Sans doute, cette chanson a t&rsquo;elle fait remonter des blessures encore tr\u00e8s fraiches.<br \/>\nIl s&rsquo;est montr\u00e9 \u00e9galement un excellent spectateur pour Julie Zenati qui chantait, de mani\u00e8re magistrale, Edith Piaf, et annie Cordy pr\u00e9sente en personne sur le plateau.<br \/>\nSi vous souhaitez revoir cette \u00e9mission durant cette semaine, vous pouvez cliquer ICI<br \/>\nVous pourrez \u00e9galement en visionner quelques extraits sur notre site <a href=\"http:\/\/www.altaiir-enricomacias.com\/\">ICI<\/a> d\u00e8s ce soir<br \/>\nBonne fin de dimanche \u00e0 tous<\/p>\n","protected":false},"excerpt":{"rendered":"<p>\u00a0 Je pense que vous \u00e9tiez tous devant votre petit \u00e9cran cet apr\u00e8s midi, pour regarder Chabada de Daniela Lumbroso sur France 3 Enrico Macias y a rendu hommage \u00e0 Charles Aznavour en interpr\u00e9tant deux extraits : \u00ab\u00a0Les deux guitares\u00a0\u00bb &hellip;<\/p>\n<p class=\"read-more\"> <a class=\"more-link\" href=\"https:\/\/enricomaciasloriental.fr\/WordPress\/enrico-macias-chante-charles-aznavour\/\"> <span class=\"screen-reader-text\">Enrico Macias chante Charles Aznavour<\/span> Read More &raquo;<\/a><\/p>\n","protected":false},"author":36,"featured_media":0,"comment_status":"open","ping_status":"open","sticky":false,"template":"","format":"standard","meta":{"footnotes":""},"categories":[1],"tags":[],"class_list":["post-344","post","type-post","status-publish","format-standard","hentry","category-actualites"],"yoast_head":"<!-- This site is optimized with the Yoast SEO plugin v27.4 - https:\/\/yoast.com\/product\/yoast-seo-wordpress\/ -->\n<title>Enrico Macias chante Charles Aznavour - ENRICO MACIAS L&#039;Oriental<\/title>\n<meta name=\"robots\" content=\"index, follow, max-snippet:-1, max-image-preview:large, max-video-preview:-1\" \/>\n<link rel=\"canonical\" href=\"https:\/\/enricomaciasloriental.fr\/WordPress\/enrico-macias-chante-charles-aznavour\/\" \/>\n<meta property=\"og:locale\" content=\"fr_FR\" \/>\n<meta property=\"og:type\" content=\"article\" \/>\n<meta property=\"og:title\" content=\"Enrico Macias chante Charles Aznavour - ENRICO MACIAS L&#039;Oriental\" \/>\n<meta property=\"og:description\" content=\"\u00a0 Je pense que vous \u00e9tiez tous devant votre petit \u00e9cran cet apr\u00e8s midi, pour regarder Chabada de Daniela Lumbroso sur France 3 Enrico Macias y a rendu hommage \u00e0 Charles Aznavour en interpr\u00e9tant deux extraits : \u00ab\u00a0Les deux guitares\u00a0\u00bb &hellip; Enrico Macias chante Charles Aznavour Read More &raquo;\" \/>\n<meta property=\"og:url\" content=\"https:\/\/enricomaciasloriental.fr\/WordPress\/enrico-macias-chante-charles-aznavour\/\" \/>\n<meta property=\"og:site_name\" content=\"ENRICO MACIAS L&#039;Oriental\" \/>\n<meta property=\"article:published_time\" content=\"2010-04-18T15:56:00+00:00\" \/>\n<meta property=\"article:modified_time\" content=\"2015-07-04T16:06:09+00:00\" \/>\n<meta property=\"og:image\" content=\"http:\/\/enricomaciasloriental.fr\/WordPress\/wp-content\/uploads\/2010\/04\/h-3-1400809-1232986822-272x300.jpg\" \/>\n<meta name=\"author\" content=\"Loriental\" \/>\n<meta name=\"twitter:card\" content=\"summary_large_image\" \/>\n<meta name=\"twitter:label1\" content=\"\u00c9crit par\" \/>\n\t<meta name=\"twitter:data1\" content=\"Loriental\" \/>\n\t<meta name=\"twitter:label2\" content=\"Dur\u00e9e de lecture estim\u00e9e\" \/>\n\t<meta name=\"twitter:data2\" content=\"1 minute\" \/>\n<script type=\"application\/ld+json\" class=\"yoast-schema-graph\">{\"@context\":\"https:\\\/\\\/schema.org\",\"@graph\":[{\"@type\":\"Article\",\"@id\":\"https:\\\/\\\/enricomaciasloriental.fr\\\/WordPress\\\/enrico-macias-chante-charles-aznavour\\\/#article\",\"isPartOf\":{\"@id\":\"https:\\\/\\\/enricomaciasloriental.fr\\\/WordPress\\\/enrico-macias-chante-charles-aznavour\\\/\"},\"author\":{\"name\":\"Loriental\",\"@id\":\"https:\\\/\\\/enricomaciasloriental.fr\\\/WordPress\\\/#\\\/schema\\\/person\\\/53fba112c6f4f0b335578890a816262e\"},\"headline\":\"Enrico Macias chante Charles Aznavour\",\"datePublished\":\"2010-04-18T15:56:00+00:00\",\"dateModified\":\"2015-07-04T16:06:09+00:00\",\"mainEntityOfPage\":{\"@id\":\"https:\\\/\\\/enricomaciasloriental.fr\\\/WordPress\\\/enrico-macias-chante-charles-aznavour\\\/\"},\"wordCount\":147,\"commentCount\":3,\"publisher\":{\"@id\":\"https:\\\/\\\/enricomaciasloriental.fr\\\/WordPress\\\/#\\\/schema\\\/person\\\/53fba112c6f4f0b335578890a816262e\"},\"image\":{\"@id\":\"https:\\\/\\\/enricomaciasloriental.fr\\\/WordPress\\\/enrico-macias-chante-charles-aznavour\\\/#primaryimage\"},\"thumbnailUrl\":\"http:\\\/\\\/enricomaciasloriental.fr\\\/WordPress\\\/wp-content\\\/uploads\\\/2010\\\/04\\\/h-3-1400809-1232986822-272x300.jpg\",\"articleSection\":[\"Actualit\u00e9s\"],\"inLanguage\":\"fr-FR\",\"potentialAction\":[{\"@type\":\"CommentAction\",\"name\":\"Comment\",\"target\":[\"https:\\\/\\\/enricomaciasloriental.fr\\\/WordPress\\\/enrico-macias-chante-charles-aznavour\\\/#respond\"]}]},{\"@type\":\"WebPage\",\"@id\":\"https:\\\/\\\/enricomaciasloriental.fr\\\/WordPress\\\/enrico-macias-chante-charles-aznavour\\\/\",\"url\":\"https:\\\/\\\/enricomaciasloriental.fr\\\/WordPress\\\/enrico-macias-chante-charles-aznavour\\\/\",\"name\":\"Enrico Macias chante Charles Aznavour - ENRICO MACIAS L&#039;Oriental\",\"isPartOf\":{\"@id\":\"https:\\\/\\\/enricomaciasloriental.fr\\\/WordPress\\\/#website\"},\"primaryImageOfPage\":{\"@id\":\"https:\\\/\\\/enricomaciasloriental.fr\\\/WordPress\\\/enrico-macias-chante-charles-aznavour\\\/#primaryimage\"},\"image\":{\"@id\":\"https:\\\/\\\/enricomaciasloriental.fr\\\/WordPress\\\/enrico-macias-chante-charles-aznavour\\\/#primaryimage\"},\"thumbnailUrl\":\"http:\\\/\\\/enricomaciasloriental.fr\\\/WordPress\\\/wp-content\\\/uploads\\\/2010\\\/04\\\/h-3-1400809-1232986822-272x300.jpg\",\"datePublished\":\"2010-04-18T15:56:00+00:00\",\"dateModified\":\"2015-07-04T16:06:09+00:00\",\"breadcrumb\":{\"@id\":\"https:\\\/\\\/enricomaciasloriental.fr\\\/WordPress\\\/enrico-macias-chante-charles-aznavour\\\/#breadcrumb\"},\"inLanguage\":\"fr-FR\",\"potentialAction\":[{\"@type\":\"ReadAction\",\"target\":[\"https:\\\/\\\/enricomaciasloriental.fr\\\/WordPress\\\/enrico-macias-chante-charles-aznavour\\\/\"]}]},{\"@type\":\"ImageObject\",\"inLanguage\":\"fr-FR\",\"@id\":\"https:\\\/\\\/enricomaciasloriental.fr\\\/WordPress\\\/enrico-macias-chante-charles-aznavour\\\/#primaryimage\",\"url\":\"http:\\\/\\\/enricomaciasloriental.fr\\\/WordPress\\\/wp-content\\\/uploads\\\/2010\\\/04\\\/h-3-1400809-1232986822-272x300.jpg\",\"contentUrl\":\"http:\\\/\\\/enricomaciasloriental.fr\\\/WordPress\\\/wp-content\\\/uploads\\\/2010\\\/04\\\/h-3-1400809-1232986822-272x300.jpg\"},{\"@type\":\"BreadcrumbList\",\"@id\":\"https:\\\/\\\/enricomaciasloriental.fr\\\/WordPress\\\/enrico-macias-chante-charles-aznavour\\\/#breadcrumb\",\"itemListElement\":[{\"@type\":\"ListItem\",\"position\":1,\"name\":\"Accueil\",\"item\":\"https:\\\/\\\/enricomaciasloriental.fr\\\/WordPress\\\/\"},{\"@type\":\"ListItem\",\"position\":2,\"name\":\"Enrico Macias chante Charles Aznavour\"}]},{\"@type\":\"WebSite\",\"@id\":\"https:\\\/\\\/enricomaciasloriental.fr\\\/WordPress\\\/#website\",\"url\":\"https:\\\/\\\/enricomaciasloriental.fr\\\/WordPress\\\/\",\"name\":\"ENRICO MACIAS L'Oriental\",\"description\":\"IL EST COMME LE SOLEIL\",\"publisher\":{\"@id\":\"https:\\\/\\\/enricomaciasloriental.fr\\\/WordPress\\\/#\\\/schema\\\/person\\\/53fba112c6f4f0b335578890a816262e\"},\"potentialAction\":[{\"@type\":\"SearchAction\",\"target\":{\"@type\":\"EntryPoint\",\"urlTemplate\":\"https:\\\/\\\/enricomaciasloriental.fr\\\/WordPress\\\/?s={search_term_string}\"},\"query-input\":{\"@type\":\"PropertyValueSpecification\",\"valueRequired\":true,\"valueName\":\"search_term_string\"}}],\"inLanguage\":\"fr-FR\"},{\"@type\":[\"Person\",\"Organization\"],\"@id\":\"https:\\\/\\\/enricomaciasloriental.fr\\\/WordPress\\\/#\\\/schema\\\/person\\\/53fba112c6f4f0b335578890a816262e\",\"name\":\"Loriental\",\"image\":{\"@type\":\"ImageObject\",\"inLanguage\":\"fr-FR\",\"@id\":\"https:\\\/\\\/enricomaciasloriental.fr\\\/WordPress\\\/wp-content\\\/uploads\\\/\\\/2015\\\/02\\\/cropped-bannier_altaiir-enrico.jpg\",\"url\":\"https:\\\/\\\/enricomaciasloriental.fr\\\/WordPress\\\/wp-content\\\/uploads\\\/\\\/2015\\\/02\\\/cropped-bannier_altaiir-enrico.jpg\",\"contentUrl\":\"https:\\\/\\\/enricomaciasloriental.fr\\\/WordPress\\\/wp-content\\\/uploads\\\/\\\/2015\\\/02\\\/cropped-bannier_altaiir-enrico.jpg\",\"width\":1200,\"height\":150,\"caption\":\"Loriental\"},\"logo\":{\"@id\":\"https:\\\/\\\/enricomaciasloriental.fr\\\/WordPress\\\/wp-content\\\/uploads\\\/\\\/2015\\\/02\\\/cropped-bannier_altaiir-enrico.jpg\"},\"sameAs\":[\"http:\\\/\\\/www.enricomaciasloriental.fr\\\/\"]}]}<\/script>\n<!-- \/ Yoast SEO plugin. -->","yoast_head_json":{"title":"Enrico Macias chante Charles Aznavour - ENRICO MACIAS L&#039;Oriental","robots":{"index":"index","follow":"follow","max-snippet":"max-snippet:-1","max-image-preview":"max-image-preview:large","max-video-preview":"max-video-preview:-1"},"canonical":"https:\/\/enricomaciasloriental.fr\/WordPress\/enrico-macias-chante-charles-aznavour\/","og_locale":"fr_FR","og_type":"article","og_title":"Enrico Macias chante Charles Aznavour - ENRICO MACIAS L&#039;Oriental","og_description":"\u00a0 Je pense que vous \u00e9tiez tous devant votre petit \u00e9cran cet apr\u00e8s midi, pour regarder Chabada de Daniela Lumbroso sur France 3 Enrico Macias y a rendu hommage \u00e0 Charles Aznavour en interpr\u00e9tant deux extraits : \u00ab\u00a0Les deux guitares\u00a0\u00bb &hellip; Enrico Macias chante Charles Aznavour Read More &raquo;","og_url":"https:\/\/enricomaciasloriental.fr\/WordPress\/enrico-macias-chante-charles-aznavour\/","og_site_name":"ENRICO MACIAS L&#039;Oriental","article_published_time":"2010-04-18T15:56:00+00:00","article_modified_time":"2015-07-04T16:06:09+00:00","og_image":[{"url":"http:\/\/enricomaciasloriental.fr\/WordPress\/wp-content\/uploads\/2010\/04\/h-3-1400809-1232986822-272x300.jpg","type":"","width":"","height":""}],"author":"Loriental","twitter_card":"summary_large_image","twitter_misc":{"\u00c9crit par":"Loriental","Dur\u00e9e de lecture estim\u00e9e":"1 minute"},"schema":{"@context":"https:\/\/schema.org","@graph":[{"@type":"Article","@id":"https:\/\/enricomaciasloriental.fr\/WordPress\/enrico-macias-chante-charles-aznavour\/#article","isPartOf":{"@id":"https:\/\/enricomaciasloriental.fr\/WordPress\/enrico-macias-chante-charles-aznavour\/"},"author":{"name":"Loriental","@id":"https:\/\/enricomaciasloriental.fr\/WordPress\/#\/schema\/person\/53fba112c6f4f0b335578890a816262e"},"headline":"Enrico Macias chante Charles Aznavour","datePublished":"2010-04-18T15:56:00+00:00","dateModified":"2015-07-04T16:06:09+00:00","mainEntityOfPage":{"@id":"https:\/\/enricomaciasloriental.fr\/WordPress\/enrico-macias-chante-charles-aznavour\/"},"wordCount":147,"commentCount":3,"publisher":{"@id":"https:\/\/enricomaciasloriental.fr\/WordPress\/#\/schema\/person\/53fba112c6f4f0b335578890a816262e"},"image":{"@id":"https:\/\/enricomaciasloriental.fr\/WordPress\/enrico-macias-chante-charles-aznavour\/#primaryimage"},"thumbnailUrl":"http:\/\/enricomaciasloriental.fr\/WordPress\/wp-content\/uploads\/2010\/04\/h-3-1400809-1232986822-272x300.jpg","articleSection":["Actualit\u00e9s"],"inLanguage":"fr-FR","potentialAction":[{"@type":"CommentAction","name":"Comment","target":["https:\/\/enricomaciasloriental.fr\/WordPress\/enrico-macias-chante-charles-aznavour\/#respond"]}]},{"@type":"WebPage","@id":"https:\/\/enricomaciasloriental.fr\/WordPress\/enrico-macias-chante-charles-aznavour\/","url":"https:\/\/enricomaciasloriental.fr\/WordPress\/enrico-macias-chante-charles-aznavour\/","name":"Enrico Macias chante Charles Aznavour - ENRICO MACIAS L&#039;Oriental","isPartOf":{"@id":"https:\/\/enricomaciasloriental.fr\/WordPress\/#website"},"primaryImageOfPage":{"@id":"https:\/\/enricomaciasloriental.fr\/WordPress\/enrico-macias-chante-charles-aznavour\/#primaryimage"},"image":{"@id":"https:\/\/enricomaciasloriental.fr\/WordPress\/enrico-macias-chante-charles-aznavour\/#primaryimage"},"thumbnailUrl":"http:\/\/enricomaciasloriental.fr\/WordPress\/wp-content\/uploads\/2010\/04\/h-3-1400809-1232986822-272x300.jpg","datePublished":"2010-04-18T15:56:00+00:00","dateModified":"2015-07-04T16:06:09+00:00","breadcrumb":{"@id":"https:\/\/enricomaciasloriental.fr\/WordPress\/enrico-macias-chante-charles-aznavour\/#breadcrumb"},"inLanguage":"fr-FR","potentialAction":[{"@type":"ReadAction","target":["https:\/\/enricomaciasloriental.fr\/WordPress\/enrico-macias-chante-charles-aznavour\/"]}]},{"@type":"ImageObject","inLanguage":"fr-FR","@id":"https:\/\/enricomaciasloriental.fr\/WordPress\/enrico-macias-chante-charles-aznavour\/#primaryimage","url":"http:\/\/enricomaciasloriental.fr\/WordPress\/wp-content\/uploads\/2010\/04\/h-3-1400809-1232986822-272x300.jpg","contentUrl":"http:\/\/enricomaciasloriental.fr\/WordPress\/wp-content\/uploads\/2010\/04\/h-3-1400809-1232986822-272x300.jpg"},{"@type":"BreadcrumbList","@id":"https:\/\/enricomaciasloriental.fr\/WordPress\/enrico-macias-chante-charles-aznavour\/#breadcrumb","itemListElement":[{"@type":"ListItem","position":1,"name":"Accueil","item":"https:\/\/enricomaciasloriental.fr\/WordPress\/"},{"@type":"ListItem","position":2,"name":"Enrico Macias chante Charles Aznavour"}]},{"@type":"WebSite","@id":"https:\/\/enricomaciasloriental.fr\/WordPress\/#website","url":"https:\/\/enricomaciasloriental.fr\/WordPress\/","name":"ENRICO MACIAS L'Oriental","description":"IL EST COMME LE SOLEIL","publisher":{"@id":"https:\/\/enricomaciasloriental.fr\/WordPress\/#\/schema\/person\/53fba112c6f4f0b335578890a816262e"},"potentialAction":[{"@type":"SearchAction","target":{"@type":"EntryPoint","urlTemplate":"https:\/\/enricomaciasloriental.fr\/WordPress\/?s={search_term_string}"},"query-input":{"@type":"PropertyValueSpecification","valueRequired":true,"valueName":"search_term_string"}}],"inLanguage":"fr-FR"},{"@type":["Person","Organization"],"@id":"https:\/\/enricomaciasloriental.fr\/WordPress\/#\/schema\/person\/53fba112c6f4f0b335578890a816262e","name":"Loriental","image":{"@type":"ImageObject","inLanguage":"fr-FR","@id":"https:\/\/enricomaciasloriental.fr\/WordPress\/wp-content\/uploads\/\/2015\/02\/cropped-bannier_altaiir-enrico.jpg","url":"https:\/\/enricomaciasloriental.fr\/WordPress\/wp-content\/uploads\/\/2015\/02\/cropped-bannier_altaiir-enrico.jpg","contentUrl":"https:\/\/enricomaciasloriental.fr\/WordPress\/wp-content\/uploads\/\/2015\/02\/cropped-bannier_altaiir-enrico.jpg","width":1200,"height":150,"caption":"Loriental"},"logo":{"@id":"https:\/\/enricomaciasloriental.fr\/WordPress\/wp-content\/uploads\/\/2015\/02\/cropped-bannier_altaiir-enrico.jpg"},"sameAs":["http:\/\/www.enricomaciasloriental.fr\/"]}]}},"featured_image_src":"","featured_image_src_square":false,"author_info":{"display_name":"Loriental","author_link":"https:\/\/enricomaciasloriental.fr\/WordPress\/author\/admin9234\/"},"rbea_author_info":{"display_name":"Loriental","author_link":"https:\/\/enricomaciasloriental.fr\/WordPress\/author\/admin9234\/"},"rbea_excerpt_info":"\u00a0 Je pense que vous \u00e9tiez tous devant votre petit \u00e9cran cet apr\u00e8s midi, pour regarder Chabada de Daniela Lumbroso sur France 3 Enrico Macias y a rendu hommage \u00e0 Charles Aznavour en interpr\u00e9tant deux extraits : \u00ab\u00a0Les deux guitares\u00a0\u00bb &hellip;<p class=\"read-more\"> <a class=\"more-link\" href=\"https:\/\/enricomaciasloriental.fr\/WordPress\/enrico-macias-chante-charles-aznavour\/\"> <span class=\"screen-reader-text\">Enrico Macias chante Charles Aznavour<\/span> Read More &raquo;<\/a><\/p>","category_list":"<a href=\"https:\/\/enricomaciasloriental.fr\/WordPress\/category\/actualites\/\">Actualit\u00e9s<\/a>","comments_num":"3 comments","_links":{"self":[{"href":"https:\/\/enricomaciasloriental.fr\/WordPress\/wp-json\/wp\/v2\/posts\/344","targetHints":{"allow":["GET"]}}],"collection":[{"href":"https:\/\/enricomaciasloriental.fr\/WordPress\/wp-json\/wp\/v2\/posts"}],"about":[{"href":"https:\/\/enricomaciasloriental.fr\/WordPress\/wp-json\/wp\/v2\/types\/post"}],"author":[{"embeddable":true,"href":"https:\/\/enricomaciasloriental.fr\/WordPress\/wp-json\/wp\/v2\/users\/36"}],"replies":[{"embeddable":true,"href":"https:\/\/enricomaciasloriental.fr\/WordPress\/wp-json\/wp\/v2\/comments?post=344"}],"version-history":[{"count":0,"href":"https:\/\/enricomaciasloriental.fr\/WordPress\/wp-json\/wp\/v2\/posts\/344\/revisions"}],"wp:attachment":[{"href":"https:\/\/enricomaciasloriental.fr\/WordPress\/wp-json\/wp\/v2\/media?parent=344"}],"wp:term":[{"taxonomy":"category","embeddable":true,"href":"https:\/\/enricomaciasloriental.fr\/WordPress\/wp-json\/wp\/v2\/categories?post=344"},{"taxonomy":"post_tag","embeddable":true,"href":"https:\/\/enricomaciasloriental.fr\/WordPress\/wp-json\/wp\/v2\/tags?post=344"}],"curies":[{"name":"wp","href":"https:\/\/api.w.org\/{rel}","templated":true}]}}