{"id":350,"date":"2010-04-22T19:16:00","date_gmt":"2010-04-22T17:16:00","guid":{"rendered":"http:\/\/enricomaciasloriental.fr\/WordPress\/?p=350"},"modified":"2010-04-29T13:04:35","modified_gmt":"2010-04-29T11:04:35","slug":"enrico-macias-dans-vie-publique-vie-privee-de-mireille-dumas","status":"publish","type":"post","link":"https:\/\/enricomaciasloriental.fr\/WordPress\/enrico-macias-dans-vie-publique-vie-privee-de-mireille-dumas\/","title":{"rendered":"Enrico Macias dans &quot;Vie publique, Vie priv\u00e9e&quot; de Mireille Dumas"},"content":{"rendered":"<p><a href=\"http:\/\/4.bp.blogspot.com\/_S10KuUGOxxY\/S9CEn2SaRpI\/AAAAAAAAAcE\/bV4KuRimIjs\/s1600\/Macias.jpg\"><\/a><\/p>\n<p><span style=\"font-size: 130%;\"><strong><a href=\"https:\/\/enricomaciasloriental.fr\/WordPress\/wp-content\/uploads\/2010\/04\/Macias.jpg\"><img decoding=\"async\" class=\"alignleft size-full wp-image-443\" title=\"Macias\" src=\"https:\/\/enricomaciasloriental.fr\/WordPress\/wp-content\/uploads\/2010\/04\/Macias.jpg\" alt=\"\" width=\"140\" height=\"200\" \/><\/a>N&rsquo;oubliez pas, demain soir,<br \/>\nVendredi 23 Avril 2010 &#8211; 23h &#8211; FR3<br \/>\nEnrico Macias est l&rsquo;un des invit\u00e9s de Mireille Dumas, avec peut \u00eatre pour certains d&rsquo;entre vous, de belles surprises !!!!!!<\/strong><\/span><\/p>\n<p>Ce vendredi 23 avril, Mireille Dumas re\u00e7oit Enrico Macias et Hugues Aufray.<\/p>\n<p>Enrico Macias, c\u2019est, \u00e0 travers rires et larmes, bonheurs et passages \u00e0 vide, la M\u00e9diterran\u00e9e, le Sud profond qui est en chacun de nous et dont il exprime mieux que personne la nostalgie, les m\u00e9lodies et les rythmes.<br \/>\nHugues Aufray, quant \u00e0 lui, prouve une fois de plus que la jeunesse n\u2019est pas une question d\u2019\u00e2ge en repartant sur la route des concerts et des succ\u00e8s avec son nouveau disque d\u00e9di\u00e9 \u00e0 Bob Dylan et ses aventures dans les grands espaces et au grand large. A ses c\u00f4t\u00e9s, un fan pour le moins inattendu : le fondateur et premier patron du GIGN, le groupe d\u2019\u00e9lite de la gendarmerie, Christian Prouteau.<\/p>\n","protected":false},"excerpt":{"rendered":"<p>N&rsquo;oubliez pas, demain soir, Vendredi 23 Avril 2010 &#8211; 23h &#8211; FR3 Enrico Macias est l&rsquo;un des invit\u00e9s de Mireille Dumas, avec peut \u00eatre pour certains d&rsquo;entre vous, de belles surprises !!!!!! Ce vendredi 23 avril, Mireille Dumas re\u00e7oit Enrico &hellip;<\/p>\n<p class=\"read-more\"> <a class=\"more-link\" href=\"https:\/\/enricomaciasloriental.fr\/WordPress\/enrico-macias-dans-vie-publique-vie-privee-de-mireille-dumas\/\"> <span class=\"screen-reader-text\">Enrico Macias dans &quot;Vie publique, Vie priv\u00e9e&quot; de Mireille Dumas<\/span> Read More &raquo;<\/a><\/p>\n","protected":false},"author":36,"featured_media":0,"comment_status":"open","ping_status":"open","sticky":false,"template":"","format":"standard","meta":{"footnotes":""},"categories":[1],"tags":[],"class_list":["post-350","post","type-post","status-publish","format-standard","hentry","category-actualites"],"yoast_head":"<!-- This site is optimized with the Yoast SEO plugin v27.4 - https:\/\/yoast.com\/product\/yoast-seo-wordpress\/ -->\n<title>Enrico Macias dans &quot;Vie publique, Vie priv\u00e9e&quot; de Mireille Dumas - ENRICO MACIAS L&#039;Oriental<\/title>\n<meta name=\"robots\" content=\"index, follow, max-snippet:-1, max-image-preview:large, max-video-preview:-1\" \/>\n<link rel=\"canonical\" href=\"https:\/\/enricomaciasloriental.fr\/WordPress\/enrico-macias-dans-vie-publique-vie-privee-de-mireille-dumas\/\" \/>\n<meta property=\"og:locale\" content=\"fr_FR\" \/>\n<meta property=\"og:type\" content=\"article\" \/>\n<meta property=\"og:title\" content=\"Enrico Macias dans &quot;Vie publique, Vie priv\u00e9e&quot; de Mireille Dumas - ENRICO MACIAS L&#039;Oriental\" \/>\n<meta property=\"og:description\" content=\"N&rsquo;oubliez pas, demain soir, Vendredi 23 Avril 2010 &#8211; 23h &#8211; FR3 Enrico Macias est l&rsquo;un des invit\u00e9s de Mireille Dumas, avec peut \u00eatre pour certains d&rsquo;entre vous, de belles surprises !!!!!! Ce vendredi 23 avril, Mireille Dumas re\u00e7oit Enrico &hellip; Enrico Macias dans &quot;Vie publique, Vie priv\u00e9e&quot; de Mireille Dumas Read More &raquo;\" \/>\n<meta property=\"og:url\" content=\"https:\/\/enricomaciasloriental.fr\/WordPress\/enrico-macias-dans-vie-publique-vie-privee-de-mireille-dumas\/\" \/>\n<meta property=\"og:site_name\" content=\"ENRICO MACIAS L&#039;Oriental\" \/>\n<meta property=\"article:published_time\" content=\"2010-04-22T17:16:00+00:00\" \/>\n<meta property=\"article:modified_time\" content=\"2010-04-29T11:04:35+00:00\" \/>\n<meta property=\"og:image\" content=\"http:\/\/enricomaciasloriental.fr\/WordPress\/wp-content\/uploads\/2010\/04\/Macias.jpg\" \/>\n<meta name=\"author\" content=\"Loriental\" \/>\n<meta name=\"twitter:card\" content=\"summary_large_image\" \/>\n<meta name=\"twitter:label1\" content=\"\u00c9crit par\" \/>\n\t<meta name=\"twitter:data1\" content=\"Loriental\" \/>\n\t<meta name=\"twitter:label2\" content=\"Dur\u00e9e de lecture estim\u00e9e\" \/>\n\t<meta name=\"twitter:data2\" content=\"1 minute\" \/>\n<script type=\"application\/ld+json\" class=\"yoast-schema-graph\">{\"@context\":\"https:\\\/\\\/schema.org\",\"@graph\":[{\"@type\":\"Article\",\"@id\":\"https:\\\/\\\/enricomaciasloriental.fr\\\/WordPress\\\/enrico-macias-dans-vie-publique-vie-privee-de-mireille-dumas\\\/#article\",\"isPartOf\":{\"@id\":\"https:\\\/\\\/enricomaciasloriental.fr\\\/WordPress\\\/enrico-macias-dans-vie-publique-vie-privee-de-mireille-dumas\\\/\"},\"author\":{\"name\":\"Loriental\",\"@id\":\"https:\\\/\\\/enricomaciasloriental.fr\\\/WordPress\\\/#\\\/schema\\\/person\\\/53fba112c6f4f0b335578890a816262e\"},\"headline\":\"Enrico Macias dans &quot;Vie publique, Vie priv\u00e9e&quot; de Mireille Dumas\",\"datePublished\":\"2010-04-22T17:16:00+00:00\",\"dateModified\":\"2010-04-29T11:04:35+00:00\",\"mainEntityOfPage\":{\"@id\":\"https:\\\/\\\/enricomaciasloriental.fr\\\/WordPress\\\/enrico-macias-dans-vie-publique-vie-privee-de-mireille-dumas\\\/\"},\"wordCount\":174,\"commentCount\":7,\"publisher\":{\"@id\":\"https:\\\/\\\/enricomaciasloriental.fr\\\/WordPress\\\/#\\\/schema\\\/person\\\/53fba112c6f4f0b335578890a816262e\"},\"image\":{\"@id\":\"https:\\\/\\\/enricomaciasloriental.fr\\\/WordPress\\\/enrico-macias-dans-vie-publique-vie-privee-de-mireille-dumas\\\/#primaryimage\"},\"thumbnailUrl\":\"http:\\\/\\\/enricomaciasloriental.fr\\\/WordPress\\\/wp-content\\\/uploads\\\/2010\\\/04\\\/Macias.jpg\",\"articleSection\":[\"Actualit\u00e9s\"],\"inLanguage\":\"fr-FR\",\"potentialAction\":[{\"@type\":\"CommentAction\",\"name\":\"Comment\",\"target\":[\"https:\\\/\\\/enricomaciasloriental.fr\\\/WordPress\\\/enrico-macias-dans-vie-publique-vie-privee-de-mireille-dumas\\\/#respond\"]}]},{\"@type\":\"WebPage\",\"@id\":\"https:\\\/\\\/enricomaciasloriental.fr\\\/WordPress\\\/enrico-macias-dans-vie-publique-vie-privee-de-mireille-dumas\\\/\",\"url\":\"https:\\\/\\\/enricomaciasloriental.fr\\\/WordPress\\\/enrico-macias-dans-vie-publique-vie-privee-de-mireille-dumas\\\/\",\"name\":\"Enrico Macias dans &quot;Vie publique, Vie priv\u00e9e&quot; de Mireille Dumas - ENRICO MACIAS L&#039;Oriental\",\"isPartOf\":{\"@id\":\"https:\\\/\\\/enricomaciasloriental.fr\\\/WordPress\\\/#website\"},\"primaryImageOfPage\":{\"@id\":\"https:\\\/\\\/enricomaciasloriental.fr\\\/WordPress\\\/enrico-macias-dans-vie-publique-vie-privee-de-mireille-dumas\\\/#primaryimage\"},\"image\":{\"@id\":\"https:\\\/\\\/enricomaciasloriental.fr\\\/WordPress\\\/enrico-macias-dans-vie-publique-vie-privee-de-mireille-dumas\\\/#primaryimage\"},\"thumbnailUrl\":\"http:\\\/\\\/enricomaciasloriental.fr\\\/WordPress\\\/wp-content\\\/uploads\\\/2010\\\/04\\\/Macias.jpg\",\"datePublished\":\"2010-04-22T17:16:00+00:00\",\"dateModified\":\"2010-04-29T11:04:35+00:00\",\"breadcrumb\":{\"@id\":\"https:\\\/\\\/enricomaciasloriental.fr\\\/WordPress\\\/enrico-macias-dans-vie-publique-vie-privee-de-mireille-dumas\\\/#breadcrumb\"},\"inLanguage\":\"fr-FR\",\"potentialAction\":[{\"@type\":\"ReadAction\",\"target\":[\"https:\\\/\\\/enricomaciasloriental.fr\\\/WordPress\\\/enrico-macias-dans-vie-publique-vie-privee-de-mireille-dumas\\\/\"]}]},{\"@type\":\"ImageObject\",\"inLanguage\":\"fr-FR\",\"@id\":\"https:\\\/\\\/enricomaciasloriental.fr\\\/WordPress\\\/enrico-macias-dans-vie-publique-vie-privee-de-mireille-dumas\\\/#primaryimage\",\"url\":\"http:\\\/\\\/enricomaciasloriental.fr\\\/WordPress\\\/wp-content\\\/uploads\\\/2010\\\/04\\\/Macias.jpg\",\"contentUrl\":\"http:\\\/\\\/enricomaciasloriental.fr\\\/WordPress\\\/wp-content\\\/uploads\\\/2010\\\/04\\\/Macias.jpg\"},{\"@type\":\"BreadcrumbList\",\"@id\":\"https:\\\/\\\/enricomaciasloriental.fr\\\/WordPress\\\/enrico-macias-dans-vie-publique-vie-privee-de-mireille-dumas\\\/#breadcrumb\",\"itemListElement\":[{\"@type\":\"ListItem\",\"position\":1,\"name\":\"Accueil\",\"item\":\"https:\\\/\\\/enricomaciasloriental.fr\\\/WordPress\\\/\"},{\"@type\":\"ListItem\",\"position\":2,\"name\":\"Enrico Macias dans &quot;Vie publique, Vie priv\u00e9e&quot; de Mireille Dumas\"}]},{\"@type\":\"WebSite\",\"@id\":\"https:\\\/\\\/enricomaciasloriental.fr\\\/WordPress\\\/#website\",\"url\":\"https:\\\/\\\/enricomaciasloriental.fr\\\/WordPress\\\/\",\"name\":\"ENRICO MACIAS L'Oriental\",\"description\":\"IL EST COMME LE SOLEIL\",\"publisher\":{\"@id\":\"https:\\\/\\\/enricomaciasloriental.fr\\\/WordPress\\\/#\\\/schema\\\/person\\\/53fba112c6f4f0b335578890a816262e\"},\"potentialAction\":[{\"@type\":\"SearchAction\",\"target\":{\"@type\":\"EntryPoint\",\"urlTemplate\":\"https:\\\/\\\/enricomaciasloriental.fr\\\/WordPress\\\/?s={search_term_string}\"},\"query-input\":{\"@type\":\"PropertyValueSpecification\",\"valueRequired\":true,\"valueName\":\"search_term_string\"}}],\"inLanguage\":\"fr-FR\"},{\"@type\":[\"Person\",\"Organization\"],\"@id\":\"https:\\\/\\\/enricomaciasloriental.fr\\\/WordPress\\\/#\\\/schema\\\/person\\\/53fba112c6f4f0b335578890a816262e\",\"name\":\"Loriental\",\"image\":{\"@type\":\"ImageObject\",\"inLanguage\":\"fr-FR\",\"@id\":\"https:\\\/\\\/enricomaciasloriental.fr\\\/WordPress\\\/wp-content\\\/uploads\\\/\\\/2015\\\/02\\\/cropped-bannier_altaiir-enrico.jpg\",\"url\":\"https:\\\/\\\/enricomaciasloriental.fr\\\/WordPress\\\/wp-content\\\/uploads\\\/\\\/2015\\\/02\\\/cropped-bannier_altaiir-enrico.jpg\",\"contentUrl\":\"https:\\\/\\\/enricomaciasloriental.fr\\\/WordPress\\\/wp-content\\\/uploads\\\/\\\/2015\\\/02\\\/cropped-bannier_altaiir-enrico.jpg\",\"width\":1200,\"height\":150,\"caption\":\"Loriental\"},\"logo\":{\"@id\":\"https:\\\/\\\/enricomaciasloriental.fr\\\/WordPress\\\/wp-content\\\/uploads\\\/\\\/2015\\\/02\\\/cropped-bannier_altaiir-enrico.jpg\"},\"sameAs\":[\"http:\\\/\\\/www.enricomaciasloriental.fr\\\/\"]}]}<\/script>\n<!-- \/ Yoast SEO plugin. -->","yoast_head_json":{"title":"Enrico Macias dans &quot;Vie publique, Vie priv\u00e9e&quot; de Mireille Dumas - ENRICO MACIAS L&#039;Oriental","robots":{"index":"index","follow":"follow","max-snippet":"max-snippet:-1","max-image-preview":"max-image-preview:large","max-video-preview":"max-video-preview:-1"},"canonical":"https:\/\/enricomaciasloriental.fr\/WordPress\/enrico-macias-dans-vie-publique-vie-privee-de-mireille-dumas\/","og_locale":"fr_FR","og_type":"article","og_title":"Enrico Macias dans &quot;Vie publique, Vie priv\u00e9e&quot; de Mireille Dumas - ENRICO MACIAS L&#039;Oriental","og_description":"N&rsquo;oubliez pas, demain soir, Vendredi 23 Avril 2010 &#8211; 23h &#8211; FR3 Enrico Macias est l&rsquo;un des invit\u00e9s de Mireille Dumas, avec peut \u00eatre pour certains d&rsquo;entre vous, de belles surprises !!!!!! Ce vendredi 23 avril, Mireille Dumas re\u00e7oit Enrico &hellip; Enrico Macias dans &quot;Vie publique, Vie priv\u00e9e&quot; de Mireille Dumas Read More &raquo;","og_url":"https:\/\/enricomaciasloriental.fr\/WordPress\/enrico-macias-dans-vie-publique-vie-privee-de-mireille-dumas\/","og_site_name":"ENRICO MACIAS L&#039;Oriental","article_published_time":"2010-04-22T17:16:00+00:00","article_modified_time":"2010-04-29T11:04:35+00:00","og_image":[{"url":"http:\/\/enricomaciasloriental.fr\/WordPress\/wp-content\/uploads\/2010\/04\/Macias.jpg","type":"","width":"","height":""}],"author":"Loriental","twitter_card":"summary_large_image","twitter_misc":{"\u00c9crit par":"Loriental","Dur\u00e9e de lecture estim\u00e9e":"1 minute"},"schema":{"@context":"https:\/\/schema.org","@graph":[{"@type":"Article","@id":"https:\/\/enricomaciasloriental.fr\/WordPress\/enrico-macias-dans-vie-publique-vie-privee-de-mireille-dumas\/#article","isPartOf":{"@id":"https:\/\/enricomaciasloriental.fr\/WordPress\/enrico-macias-dans-vie-publique-vie-privee-de-mireille-dumas\/"},"author":{"name":"Loriental","@id":"https:\/\/enricomaciasloriental.fr\/WordPress\/#\/schema\/person\/53fba112c6f4f0b335578890a816262e"},"headline":"Enrico Macias dans &quot;Vie publique, Vie priv\u00e9e&quot; de Mireille Dumas","datePublished":"2010-04-22T17:16:00+00:00","dateModified":"2010-04-29T11:04:35+00:00","mainEntityOfPage":{"@id":"https:\/\/enricomaciasloriental.fr\/WordPress\/enrico-macias-dans-vie-publique-vie-privee-de-mireille-dumas\/"},"wordCount":174,"commentCount":7,"publisher":{"@id":"https:\/\/enricomaciasloriental.fr\/WordPress\/#\/schema\/person\/53fba112c6f4f0b335578890a816262e"},"image":{"@id":"https:\/\/enricomaciasloriental.fr\/WordPress\/enrico-macias-dans-vie-publique-vie-privee-de-mireille-dumas\/#primaryimage"},"thumbnailUrl":"http:\/\/enricomaciasloriental.fr\/WordPress\/wp-content\/uploads\/2010\/04\/Macias.jpg","articleSection":["Actualit\u00e9s"],"inLanguage":"fr-FR","potentialAction":[{"@type":"CommentAction","name":"Comment","target":["https:\/\/enricomaciasloriental.fr\/WordPress\/enrico-macias-dans-vie-publique-vie-privee-de-mireille-dumas\/#respond"]}]},{"@type":"WebPage","@id":"https:\/\/enricomaciasloriental.fr\/WordPress\/enrico-macias-dans-vie-publique-vie-privee-de-mireille-dumas\/","url":"https:\/\/enricomaciasloriental.fr\/WordPress\/enrico-macias-dans-vie-publique-vie-privee-de-mireille-dumas\/","name":"Enrico Macias dans &quot;Vie publique, Vie priv\u00e9e&quot; de Mireille Dumas - ENRICO MACIAS L&#039;Oriental","isPartOf":{"@id":"https:\/\/enricomaciasloriental.fr\/WordPress\/#website"},"primaryImageOfPage":{"@id":"https:\/\/enricomaciasloriental.fr\/WordPress\/enrico-macias-dans-vie-publique-vie-privee-de-mireille-dumas\/#primaryimage"},"image":{"@id":"https:\/\/enricomaciasloriental.fr\/WordPress\/enrico-macias-dans-vie-publique-vie-privee-de-mireille-dumas\/#primaryimage"},"thumbnailUrl":"http:\/\/enricomaciasloriental.fr\/WordPress\/wp-content\/uploads\/2010\/04\/Macias.jpg","datePublished":"2010-04-22T17:16:00+00:00","dateModified":"2010-04-29T11:04:35+00:00","breadcrumb":{"@id":"https:\/\/enricomaciasloriental.fr\/WordPress\/enrico-macias-dans-vie-publique-vie-privee-de-mireille-dumas\/#breadcrumb"},"inLanguage":"fr-FR","potentialAction":[{"@type":"ReadAction","target":["https:\/\/enricomaciasloriental.fr\/WordPress\/enrico-macias-dans-vie-publique-vie-privee-de-mireille-dumas\/"]}]},{"@type":"ImageObject","inLanguage":"fr-FR","@id":"https:\/\/enricomaciasloriental.fr\/WordPress\/enrico-macias-dans-vie-publique-vie-privee-de-mireille-dumas\/#primaryimage","url":"http:\/\/enricomaciasloriental.fr\/WordPress\/wp-content\/uploads\/2010\/04\/Macias.jpg","contentUrl":"http:\/\/enricomaciasloriental.fr\/WordPress\/wp-content\/uploads\/2010\/04\/Macias.jpg"},{"@type":"BreadcrumbList","@id":"https:\/\/enricomaciasloriental.fr\/WordPress\/enrico-macias-dans-vie-publique-vie-privee-de-mireille-dumas\/#breadcrumb","itemListElement":[{"@type":"ListItem","position":1,"name":"Accueil","item":"https:\/\/enricomaciasloriental.fr\/WordPress\/"},{"@type":"ListItem","position":2,"name":"Enrico Macias dans &quot;Vie publique, Vie priv\u00e9e&quot; de Mireille Dumas"}]},{"@type":"WebSite","@id":"https:\/\/enricomaciasloriental.fr\/WordPress\/#website","url":"https:\/\/enricomaciasloriental.fr\/WordPress\/","name":"ENRICO MACIAS L'Oriental","description":"IL EST COMME LE SOLEIL","publisher":{"@id":"https:\/\/enricomaciasloriental.fr\/WordPress\/#\/schema\/person\/53fba112c6f4f0b335578890a816262e"},"potentialAction":[{"@type":"SearchAction","target":{"@type":"EntryPoint","urlTemplate":"https:\/\/enricomaciasloriental.fr\/WordPress\/?s={search_term_string}"},"query-input":{"@type":"PropertyValueSpecification","valueRequired":true,"valueName":"search_term_string"}}],"inLanguage":"fr-FR"},{"@type":["Person","Organization"],"@id":"https:\/\/enricomaciasloriental.fr\/WordPress\/#\/schema\/person\/53fba112c6f4f0b335578890a816262e","name":"Loriental","image":{"@type":"ImageObject","inLanguage":"fr-FR","@id":"https:\/\/enricomaciasloriental.fr\/WordPress\/wp-content\/uploads\/\/2015\/02\/cropped-bannier_altaiir-enrico.jpg","url":"https:\/\/enricomaciasloriental.fr\/WordPress\/wp-content\/uploads\/\/2015\/02\/cropped-bannier_altaiir-enrico.jpg","contentUrl":"https:\/\/enricomaciasloriental.fr\/WordPress\/wp-content\/uploads\/\/2015\/02\/cropped-bannier_altaiir-enrico.jpg","width":1200,"height":150,"caption":"Loriental"},"logo":{"@id":"https:\/\/enricomaciasloriental.fr\/WordPress\/wp-content\/uploads\/\/2015\/02\/cropped-bannier_altaiir-enrico.jpg"},"sameAs":["http:\/\/www.enricomaciasloriental.fr\/"]}]}},"featured_image_src":"","featured_image_src_square":false,"author_info":{"display_name":"Loriental","author_link":"https:\/\/enricomaciasloriental.fr\/WordPress\/author\/admin9234\/"},"rbea_author_info":{"display_name":"Loriental","author_link":"https:\/\/enricomaciasloriental.fr\/WordPress\/author\/admin9234\/"},"rbea_excerpt_info":"N&rsquo;oubliez pas, demain soir, Vendredi 23 Avril 2010 &#8211; 23h &#8211; FR3 Enrico Macias est l&rsquo;un des invit\u00e9s de Mireille Dumas, avec peut \u00eatre pour certains d&rsquo;entre vous, de belles surprises !!!!!! Ce vendredi 23 avril, Mireille Dumas re\u00e7oit Enrico &hellip;<p class=\"read-more\"> <a class=\"more-link\" href=\"https:\/\/enricomaciasloriental.fr\/WordPress\/enrico-macias-dans-vie-publique-vie-privee-de-mireille-dumas\/\"> <span class=\"screen-reader-text\">Enrico Macias dans &quot;Vie publique, Vie priv\u00e9e&quot; de Mireille Dumas<\/span> Read More &raquo;<\/a><\/p>","category_list":"<a href=\"https:\/\/enricomaciasloriental.fr\/WordPress\/category\/actualites\/\">Actualit\u00e9s<\/a>","comments_num":"7 comments","_links":{"self":[{"href":"https:\/\/enricomaciasloriental.fr\/WordPress\/wp-json\/wp\/v2\/posts\/350","targetHints":{"allow":["GET"]}}],"collection":[{"href":"https:\/\/enricomaciasloriental.fr\/WordPress\/wp-json\/wp\/v2\/posts"}],"about":[{"href":"https:\/\/enricomaciasloriental.fr\/WordPress\/wp-json\/wp\/v2\/types\/post"}],"author":[{"embeddable":true,"href":"https:\/\/enricomaciasloriental.fr\/WordPress\/wp-json\/wp\/v2\/users\/36"}],"replies":[{"embeddable":true,"href":"https:\/\/enricomaciasloriental.fr\/WordPress\/wp-json\/wp\/v2\/comments?post=350"}],"version-history":[{"count":0,"href":"https:\/\/enricomaciasloriental.fr\/WordPress\/wp-json\/wp\/v2\/posts\/350\/revisions"}],"wp:attachment":[{"href":"https:\/\/enricomaciasloriental.fr\/WordPress\/wp-json\/wp\/v2\/media?parent=350"}],"wp:term":[{"taxonomy":"category","embeddable":true,"href":"https:\/\/enricomaciasloriental.fr\/WordPress\/wp-json\/wp\/v2\/categories?post=350"},{"taxonomy":"post_tag","embeddable":true,"href":"https:\/\/enricomaciasloriental.fr\/WordPress\/wp-json\/wp\/v2\/tags?post=350"}],"curies":[{"name":"wp","href":"https:\/\/api.w.org\/{rel}","templated":true}]}}