{"id":351,"date":"2010-04-24T11:06:00","date_gmt":"2010-04-24T09:06:00","guid":{"rendered":"http:\/\/enricomaciasloriental.fr\/WordPress\/?p=351"},"modified":"2015-07-04T18:06:13","modified_gmt":"2015-07-04T16:06:13","slug":"vie-privee-vie-publique-une-tres-belle-emission-2","status":"publish","type":"post","link":"https:\/\/enricomaciasloriental.fr\/WordPress\/vie-privee-vie-publique-une-tres-belle-emission-2\/","title":{"rendered":"Vie priv\u00e9e Vie publique Une tr\u00e8s belle \u00e9mission"},"content":{"rendered":"<p><a href=\"http:\/\/1.bp.blogspot.com\/_S10KuUGOxxY\/S9K0tJ6Y3FI\/AAAAAAAAAcM\/orRLBk4G_1Y\/s1600\/vieprivee2010web.jpg\"><img decoding=\"async\" id=\"BLOGGER_PHOTO_ID_5463627985801763922\" style=\"margin: 0px 10px 10px 0px; width: 320px; float: left; height: 240px; cursor: hand;\" src=\"http:\/\/1.bp.blogspot.com\/_S10KuUGOxxY\/S9K0tJ6Y3FI\/AAAAAAAAAcM\/orRLBk4G_1Y\/s320\/vieprivee2010web.jpg\" border=\"0\" alt=\"\" \/><\/a><\/p>\n<div>Je voudrais rendre aujourd&rsquo;hui hommage \u00e0 Mireille Dumas qui, au travers de son \u00e9mission \u00ab\u00a0Vie priv\u00e9e Vie publique\u00a0\u00bb permet vraiment \u00e0 ses invit\u00e9s de se d\u00e9voiler dans un esprit positif et sinc\u00e8re et toujours avec respect.<\/div>\n<div>L&rsquo;\u00e9mission d&rsquo;hier dont Enrico \u00e9tait l&rsquo;un des invit\u00e9s en \u00e9tait un excellent exemple.<\/div>\n<div>Enrico Macias y a \u00e9t\u00e9 sinc\u00e8re, \u00e9mouvant mais on l&rsquo;a senti en m\u00eame temps plus serein, plus repos\u00e9 moralement. Tous ses fans sont sinc\u00e8rement heureux de le voir et l&rsquo;entendre ainsi apr\u00e8s ces dures ann\u00e9es. Car si lui nous a aid\u00e9s et accompagn\u00e9s tout au long de notre vie, nous devons bien en retour \u00eatre la pour lui.<\/div>\n<div>Enrico a su exprimer hier soir avec beaucoup de sinc\u00e9rit\u00e9 son amour pour Suzy, ses parents et tout particuli\u00e8rement son papa, tonton Raymond, et son pays natal l&rsquo;Alg\u00e9rie, sans oublier \u00e9videmment son public.<\/div>\n<div>Monsieur Macias, aux quatres coins du monde (ce blog et notre site en t\u00e9moignent), vos fans sont l\u00e0 pr\u00e9sents, attendent chacune de vos apparitions sur sc\u00e8ne ou \u00e0 la t\u00e9l\u00e9vision comme une v\u00e9ritable f\u00eate qu&rsquo;ils partagent tous ensemble, et vous aiment pour toujours.<\/div>\n<div>MERCI A VOUS !!!!!!<\/div>\n<div>Vous pouvez d\u00e9j\u00e0 voir un extrait de l&rsquo;\u00e9mission sur <a href=\"http:\/\/www.altaiir-enricomacias.com\/\">notre site<\/a><br \/>\nVous pouvez revoir la totalit\u00e9 de l&rsquo;\u00e9mission durant une semaine ICI<\/div>\n","protected":false},"excerpt":{"rendered":"<p>Je voudrais rendre aujourd&rsquo;hui hommage \u00e0 Mireille Dumas qui, au travers de son \u00e9mission \u00ab\u00a0Vie priv\u00e9e Vie publique\u00a0\u00bb permet vraiment \u00e0 ses invit\u00e9s de se d\u00e9voiler dans un esprit positif et sinc\u00e8re et toujours avec respect. L&rsquo;\u00e9mission d&rsquo;hier dont Enrico &hellip;<\/p>\n<p class=\"read-more\"> <a class=\"more-link\" href=\"https:\/\/enricomaciasloriental.fr\/WordPress\/vie-privee-vie-publique-une-tres-belle-emission-2\/\"> <span class=\"screen-reader-text\">Vie priv\u00e9e Vie publique Une tr\u00e8s belle \u00e9mission<\/span> Read More &raquo;<\/a><\/p>\n","protected":false},"author":36,"featured_media":0,"comment_status":"open","ping_status":"open","sticky":false,"template":"","format":"standard","meta":{"footnotes":""},"categories":[1,9],"tags":[],"class_list":["post-351","post","type-post","status-publish","format-standard","hentry","category-actualites","category-le-mot-de-loriental"],"yoast_head":"<!-- This site is optimized with the Yoast SEO plugin v27.4 - https:\/\/yoast.com\/product\/yoast-seo-wordpress\/ -->\n<title>Vie priv\u00e9e Vie publique Une tr\u00e8s belle \u00e9mission - ENRICO MACIAS L&#039;Oriental<\/title>\n<meta name=\"robots\" content=\"index, follow, max-snippet:-1, max-image-preview:large, max-video-preview:-1\" \/>\n<link rel=\"canonical\" href=\"https:\/\/enricomaciasloriental.fr\/WordPress\/vie-privee-vie-publique-une-tres-belle-emission-2\/\" \/>\n<meta property=\"og:locale\" content=\"fr_FR\" \/>\n<meta property=\"og:type\" content=\"article\" \/>\n<meta property=\"og:title\" content=\"Vie priv\u00e9e Vie publique Une tr\u00e8s belle \u00e9mission - ENRICO MACIAS L&#039;Oriental\" \/>\n<meta property=\"og:description\" content=\"Je voudrais rendre aujourd&rsquo;hui hommage \u00e0 Mireille Dumas qui, au travers de son \u00e9mission \u00ab\u00a0Vie priv\u00e9e Vie publique\u00a0\u00bb permet vraiment \u00e0 ses invit\u00e9s de se d\u00e9voiler dans un esprit positif et sinc\u00e8re et toujours avec respect. L&rsquo;\u00e9mission d&rsquo;hier dont Enrico &hellip; Vie priv\u00e9e Vie publique Une tr\u00e8s belle \u00e9mission Read More &raquo;\" \/>\n<meta property=\"og:url\" content=\"https:\/\/enricomaciasloriental.fr\/WordPress\/vie-privee-vie-publique-une-tres-belle-emission-2\/\" \/>\n<meta property=\"og:site_name\" content=\"ENRICO MACIAS L&#039;Oriental\" \/>\n<meta property=\"article:published_time\" content=\"2010-04-24T09:06:00+00:00\" \/>\n<meta property=\"article:modified_time\" content=\"2015-07-04T16:06:13+00:00\" \/>\n<meta property=\"og:image\" content=\"http:\/\/1.bp.blogspot.com\/_S10KuUGOxxY\/S9K0tJ6Y3FI\/AAAAAAAAAcM\/orRLBk4G_1Y\/s320\/vieprivee2010web.jpg\" \/>\n<meta name=\"author\" content=\"Loriental\" \/>\n<meta name=\"twitter:card\" content=\"summary_large_image\" \/>\n<meta name=\"twitter:label1\" content=\"\u00c9crit par\" \/>\n\t<meta name=\"twitter:data1\" content=\"Loriental\" \/>\n\t<meta name=\"twitter:label2\" content=\"Dur\u00e9e de lecture estim\u00e9e\" \/>\n\t<meta name=\"twitter:data2\" content=\"1 minute\" \/>\n<script type=\"application\/ld+json\" class=\"yoast-schema-graph\">{\"@context\":\"https:\\\/\\\/schema.org\",\"@graph\":[{\"@type\":\"Article\",\"@id\":\"https:\\\/\\\/enricomaciasloriental.fr\\\/WordPress\\\/vie-privee-vie-publique-une-tres-belle-emission-2\\\/#article\",\"isPartOf\":{\"@id\":\"https:\\\/\\\/enricomaciasloriental.fr\\\/WordPress\\\/vie-privee-vie-publique-une-tres-belle-emission-2\\\/\"},\"author\":{\"name\":\"Loriental\",\"@id\":\"https:\\\/\\\/enricomaciasloriental.fr\\\/WordPress\\\/#\\\/schema\\\/person\\\/53fba112c6f4f0b335578890a816262e\"},\"headline\":\"Vie priv\u00e9e Vie publique Une tr\u00e8s belle \u00e9mission\",\"datePublished\":\"2010-04-24T09:06:00+00:00\",\"dateModified\":\"2015-07-04T16:06:13+00:00\",\"mainEntityOfPage\":{\"@id\":\"https:\\\/\\\/enricomaciasloriental.fr\\\/WordPress\\\/vie-privee-vie-publique-une-tres-belle-emission-2\\\/\"},\"wordCount\":248,\"commentCount\":3,\"publisher\":{\"@id\":\"https:\\\/\\\/enricomaciasloriental.fr\\\/WordPress\\\/#\\\/schema\\\/person\\\/53fba112c6f4f0b335578890a816262e\"},\"image\":{\"@id\":\"https:\\\/\\\/enricomaciasloriental.fr\\\/WordPress\\\/vie-privee-vie-publique-une-tres-belle-emission-2\\\/#primaryimage\"},\"thumbnailUrl\":\"http:\\\/\\\/1.bp.blogspot.com\\\/_S10KuUGOxxY\\\/S9K0tJ6Y3FI\\\/AAAAAAAAAcM\\\/orRLBk4G_1Y\\\/s320\\\/vieprivee2010web.jpg\",\"articleSection\":[\"Actualit\u00e9s\",\"Mots de Loriental\"],\"inLanguage\":\"fr-FR\",\"potentialAction\":[{\"@type\":\"CommentAction\",\"name\":\"Comment\",\"target\":[\"https:\\\/\\\/enricomaciasloriental.fr\\\/WordPress\\\/vie-privee-vie-publique-une-tres-belle-emission-2\\\/#respond\"]}]},{\"@type\":\"WebPage\",\"@id\":\"https:\\\/\\\/enricomaciasloriental.fr\\\/WordPress\\\/vie-privee-vie-publique-une-tres-belle-emission-2\\\/\",\"url\":\"https:\\\/\\\/enricomaciasloriental.fr\\\/WordPress\\\/vie-privee-vie-publique-une-tres-belle-emission-2\\\/\",\"name\":\"Vie priv\u00e9e Vie publique Une tr\u00e8s belle \u00e9mission - ENRICO MACIAS L&#039;Oriental\",\"isPartOf\":{\"@id\":\"https:\\\/\\\/enricomaciasloriental.fr\\\/WordPress\\\/#website\"},\"primaryImageOfPage\":{\"@id\":\"https:\\\/\\\/enricomaciasloriental.fr\\\/WordPress\\\/vie-privee-vie-publique-une-tres-belle-emission-2\\\/#primaryimage\"},\"image\":{\"@id\":\"https:\\\/\\\/enricomaciasloriental.fr\\\/WordPress\\\/vie-privee-vie-publique-une-tres-belle-emission-2\\\/#primaryimage\"},\"thumbnailUrl\":\"http:\\\/\\\/1.bp.blogspot.com\\\/_S10KuUGOxxY\\\/S9K0tJ6Y3FI\\\/AAAAAAAAAcM\\\/orRLBk4G_1Y\\\/s320\\\/vieprivee2010web.jpg\",\"datePublished\":\"2010-04-24T09:06:00+00:00\",\"dateModified\":\"2015-07-04T16:06:13+00:00\",\"breadcrumb\":{\"@id\":\"https:\\\/\\\/enricomaciasloriental.fr\\\/WordPress\\\/vie-privee-vie-publique-une-tres-belle-emission-2\\\/#breadcrumb\"},\"inLanguage\":\"fr-FR\",\"potentialAction\":[{\"@type\":\"ReadAction\",\"target\":[\"https:\\\/\\\/enricomaciasloriental.fr\\\/WordPress\\\/vie-privee-vie-publique-une-tres-belle-emission-2\\\/\"]}]},{\"@type\":\"ImageObject\",\"inLanguage\":\"fr-FR\",\"@id\":\"https:\\\/\\\/enricomaciasloriental.fr\\\/WordPress\\\/vie-privee-vie-publique-une-tres-belle-emission-2\\\/#primaryimage\",\"url\":\"http:\\\/\\\/1.bp.blogspot.com\\\/_S10KuUGOxxY\\\/S9K0tJ6Y3FI\\\/AAAAAAAAAcM\\\/orRLBk4G_1Y\\\/s320\\\/vieprivee2010web.jpg\",\"contentUrl\":\"http:\\\/\\\/1.bp.blogspot.com\\\/_S10KuUGOxxY\\\/S9K0tJ6Y3FI\\\/AAAAAAAAAcM\\\/orRLBk4G_1Y\\\/s320\\\/vieprivee2010web.jpg\"},{\"@type\":\"BreadcrumbList\",\"@id\":\"https:\\\/\\\/enricomaciasloriental.fr\\\/WordPress\\\/vie-privee-vie-publique-une-tres-belle-emission-2\\\/#breadcrumb\",\"itemListElement\":[{\"@type\":\"ListItem\",\"position\":1,\"name\":\"Accueil\",\"item\":\"https:\\\/\\\/enricomaciasloriental.fr\\\/WordPress\\\/\"},{\"@type\":\"ListItem\",\"position\":2,\"name\":\"Vie priv\u00e9e Vie publique Une tr\u00e8s belle \u00e9mission\"}]},{\"@type\":\"WebSite\",\"@id\":\"https:\\\/\\\/enricomaciasloriental.fr\\\/WordPress\\\/#website\",\"url\":\"https:\\\/\\\/enricomaciasloriental.fr\\\/WordPress\\\/\",\"name\":\"ENRICO MACIAS L'Oriental\",\"description\":\"IL EST COMME LE SOLEIL\",\"publisher\":{\"@id\":\"https:\\\/\\\/enricomaciasloriental.fr\\\/WordPress\\\/#\\\/schema\\\/person\\\/53fba112c6f4f0b335578890a816262e\"},\"potentialAction\":[{\"@type\":\"SearchAction\",\"target\":{\"@type\":\"EntryPoint\",\"urlTemplate\":\"https:\\\/\\\/enricomaciasloriental.fr\\\/WordPress\\\/?s={search_term_string}\"},\"query-input\":{\"@type\":\"PropertyValueSpecification\",\"valueRequired\":true,\"valueName\":\"search_term_string\"}}],\"inLanguage\":\"fr-FR\"},{\"@type\":[\"Person\",\"Organization\"],\"@id\":\"https:\\\/\\\/enricomaciasloriental.fr\\\/WordPress\\\/#\\\/schema\\\/person\\\/53fba112c6f4f0b335578890a816262e\",\"name\":\"Loriental\",\"image\":{\"@type\":\"ImageObject\",\"inLanguage\":\"fr-FR\",\"@id\":\"https:\\\/\\\/enricomaciasloriental.fr\\\/WordPress\\\/wp-content\\\/uploads\\\/\\\/2015\\\/02\\\/cropped-bannier_altaiir-enrico.jpg\",\"url\":\"https:\\\/\\\/enricomaciasloriental.fr\\\/WordPress\\\/wp-content\\\/uploads\\\/\\\/2015\\\/02\\\/cropped-bannier_altaiir-enrico.jpg\",\"contentUrl\":\"https:\\\/\\\/enricomaciasloriental.fr\\\/WordPress\\\/wp-content\\\/uploads\\\/\\\/2015\\\/02\\\/cropped-bannier_altaiir-enrico.jpg\",\"width\":1200,\"height\":150,\"caption\":\"Loriental\"},\"logo\":{\"@id\":\"https:\\\/\\\/enricomaciasloriental.fr\\\/WordPress\\\/wp-content\\\/uploads\\\/\\\/2015\\\/02\\\/cropped-bannier_altaiir-enrico.jpg\"},\"sameAs\":[\"http:\\\/\\\/www.enricomaciasloriental.fr\\\/\"]}]}<\/script>\n<!-- \/ Yoast SEO plugin. -->","yoast_head_json":{"title":"Vie priv\u00e9e Vie publique Une tr\u00e8s belle \u00e9mission - ENRICO MACIAS L&#039;Oriental","robots":{"index":"index","follow":"follow","max-snippet":"max-snippet:-1","max-image-preview":"max-image-preview:large","max-video-preview":"max-video-preview:-1"},"canonical":"https:\/\/enricomaciasloriental.fr\/WordPress\/vie-privee-vie-publique-une-tres-belle-emission-2\/","og_locale":"fr_FR","og_type":"article","og_title":"Vie priv\u00e9e Vie publique Une tr\u00e8s belle \u00e9mission - ENRICO MACIAS L&#039;Oriental","og_description":"Je voudrais rendre aujourd&rsquo;hui hommage \u00e0 Mireille Dumas qui, au travers de son \u00e9mission \u00ab\u00a0Vie priv\u00e9e Vie publique\u00a0\u00bb permet vraiment \u00e0 ses invit\u00e9s de se d\u00e9voiler dans un esprit positif et sinc\u00e8re et toujours avec respect. L&rsquo;\u00e9mission d&rsquo;hier dont Enrico &hellip; Vie priv\u00e9e Vie publique Une tr\u00e8s belle \u00e9mission Read More &raquo;","og_url":"https:\/\/enricomaciasloriental.fr\/WordPress\/vie-privee-vie-publique-une-tres-belle-emission-2\/","og_site_name":"ENRICO MACIAS L&#039;Oriental","article_published_time":"2010-04-24T09:06:00+00:00","article_modified_time":"2015-07-04T16:06:13+00:00","og_image":[{"url":"http:\/\/1.bp.blogspot.com\/_S10KuUGOxxY\/S9K0tJ6Y3FI\/AAAAAAAAAcM\/orRLBk4G_1Y\/s320\/vieprivee2010web.jpg","type":"","width":"","height":""}],"author":"Loriental","twitter_card":"summary_large_image","twitter_misc":{"\u00c9crit par":"Loriental","Dur\u00e9e de lecture estim\u00e9e":"1 minute"},"schema":{"@context":"https:\/\/schema.org","@graph":[{"@type":"Article","@id":"https:\/\/enricomaciasloriental.fr\/WordPress\/vie-privee-vie-publique-une-tres-belle-emission-2\/#article","isPartOf":{"@id":"https:\/\/enricomaciasloriental.fr\/WordPress\/vie-privee-vie-publique-une-tres-belle-emission-2\/"},"author":{"name":"Loriental","@id":"https:\/\/enricomaciasloriental.fr\/WordPress\/#\/schema\/person\/53fba112c6f4f0b335578890a816262e"},"headline":"Vie priv\u00e9e Vie publique Une tr\u00e8s belle \u00e9mission","datePublished":"2010-04-24T09:06:00+00:00","dateModified":"2015-07-04T16:06:13+00:00","mainEntityOfPage":{"@id":"https:\/\/enricomaciasloriental.fr\/WordPress\/vie-privee-vie-publique-une-tres-belle-emission-2\/"},"wordCount":248,"commentCount":3,"publisher":{"@id":"https:\/\/enricomaciasloriental.fr\/WordPress\/#\/schema\/person\/53fba112c6f4f0b335578890a816262e"},"image":{"@id":"https:\/\/enricomaciasloriental.fr\/WordPress\/vie-privee-vie-publique-une-tres-belle-emission-2\/#primaryimage"},"thumbnailUrl":"http:\/\/1.bp.blogspot.com\/_S10KuUGOxxY\/S9K0tJ6Y3FI\/AAAAAAAAAcM\/orRLBk4G_1Y\/s320\/vieprivee2010web.jpg","articleSection":["Actualit\u00e9s","Mots de Loriental"],"inLanguage":"fr-FR","potentialAction":[{"@type":"CommentAction","name":"Comment","target":["https:\/\/enricomaciasloriental.fr\/WordPress\/vie-privee-vie-publique-une-tres-belle-emission-2\/#respond"]}]},{"@type":"WebPage","@id":"https:\/\/enricomaciasloriental.fr\/WordPress\/vie-privee-vie-publique-une-tres-belle-emission-2\/","url":"https:\/\/enricomaciasloriental.fr\/WordPress\/vie-privee-vie-publique-une-tres-belle-emission-2\/","name":"Vie priv\u00e9e Vie publique Une tr\u00e8s belle \u00e9mission - ENRICO MACIAS L&#039;Oriental","isPartOf":{"@id":"https:\/\/enricomaciasloriental.fr\/WordPress\/#website"},"primaryImageOfPage":{"@id":"https:\/\/enricomaciasloriental.fr\/WordPress\/vie-privee-vie-publique-une-tres-belle-emission-2\/#primaryimage"},"image":{"@id":"https:\/\/enricomaciasloriental.fr\/WordPress\/vie-privee-vie-publique-une-tres-belle-emission-2\/#primaryimage"},"thumbnailUrl":"http:\/\/1.bp.blogspot.com\/_S10KuUGOxxY\/S9K0tJ6Y3FI\/AAAAAAAAAcM\/orRLBk4G_1Y\/s320\/vieprivee2010web.jpg","datePublished":"2010-04-24T09:06:00+00:00","dateModified":"2015-07-04T16:06:13+00:00","breadcrumb":{"@id":"https:\/\/enricomaciasloriental.fr\/WordPress\/vie-privee-vie-publique-une-tres-belle-emission-2\/#breadcrumb"},"inLanguage":"fr-FR","potentialAction":[{"@type":"ReadAction","target":["https:\/\/enricomaciasloriental.fr\/WordPress\/vie-privee-vie-publique-une-tres-belle-emission-2\/"]}]},{"@type":"ImageObject","inLanguage":"fr-FR","@id":"https:\/\/enricomaciasloriental.fr\/WordPress\/vie-privee-vie-publique-une-tres-belle-emission-2\/#primaryimage","url":"http:\/\/1.bp.blogspot.com\/_S10KuUGOxxY\/S9K0tJ6Y3FI\/AAAAAAAAAcM\/orRLBk4G_1Y\/s320\/vieprivee2010web.jpg","contentUrl":"http:\/\/1.bp.blogspot.com\/_S10KuUGOxxY\/S9K0tJ6Y3FI\/AAAAAAAAAcM\/orRLBk4G_1Y\/s320\/vieprivee2010web.jpg"},{"@type":"BreadcrumbList","@id":"https:\/\/enricomaciasloriental.fr\/WordPress\/vie-privee-vie-publique-une-tres-belle-emission-2\/#breadcrumb","itemListElement":[{"@type":"ListItem","position":1,"name":"Accueil","item":"https:\/\/enricomaciasloriental.fr\/WordPress\/"},{"@type":"ListItem","position":2,"name":"Vie priv\u00e9e Vie publique Une tr\u00e8s belle \u00e9mission"}]},{"@type":"WebSite","@id":"https:\/\/enricomaciasloriental.fr\/WordPress\/#website","url":"https:\/\/enricomaciasloriental.fr\/WordPress\/","name":"ENRICO MACIAS L'Oriental","description":"IL EST COMME LE SOLEIL","publisher":{"@id":"https:\/\/enricomaciasloriental.fr\/WordPress\/#\/schema\/person\/53fba112c6f4f0b335578890a816262e"},"potentialAction":[{"@type":"SearchAction","target":{"@type":"EntryPoint","urlTemplate":"https:\/\/enricomaciasloriental.fr\/WordPress\/?s={search_term_string}"},"query-input":{"@type":"PropertyValueSpecification","valueRequired":true,"valueName":"search_term_string"}}],"inLanguage":"fr-FR"},{"@type":["Person","Organization"],"@id":"https:\/\/enricomaciasloriental.fr\/WordPress\/#\/schema\/person\/53fba112c6f4f0b335578890a816262e","name":"Loriental","image":{"@type":"ImageObject","inLanguage":"fr-FR","@id":"https:\/\/enricomaciasloriental.fr\/WordPress\/wp-content\/uploads\/\/2015\/02\/cropped-bannier_altaiir-enrico.jpg","url":"https:\/\/enricomaciasloriental.fr\/WordPress\/wp-content\/uploads\/\/2015\/02\/cropped-bannier_altaiir-enrico.jpg","contentUrl":"https:\/\/enricomaciasloriental.fr\/WordPress\/wp-content\/uploads\/\/2015\/02\/cropped-bannier_altaiir-enrico.jpg","width":1200,"height":150,"caption":"Loriental"},"logo":{"@id":"https:\/\/enricomaciasloriental.fr\/WordPress\/wp-content\/uploads\/\/2015\/02\/cropped-bannier_altaiir-enrico.jpg"},"sameAs":["http:\/\/www.enricomaciasloriental.fr\/"]}]}},"featured_image_src":"","featured_image_src_square":false,"author_info":{"display_name":"Loriental","author_link":"https:\/\/enricomaciasloriental.fr\/WordPress\/author\/admin9234\/"},"rbea_author_info":{"display_name":"Loriental","author_link":"https:\/\/enricomaciasloriental.fr\/WordPress\/author\/admin9234\/"},"rbea_excerpt_info":"Je voudrais rendre aujourd&rsquo;hui hommage \u00e0 Mireille Dumas qui, au travers de son \u00e9mission \u00ab\u00a0Vie priv\u00e9e Vie publique\u00a0\u00bb permet vraiment \u00e0 ses invit\u00e9s de se d\u00e9voiler dans un esprit positif et sinc\u00e8re et toujours avec respect. L&rsquo;\u00e9mission d&rsquo;hier dont Enrico &hellip;<p class=\"read-more\"> <a class=\"more-link\" href=\"https:\/\/enricomaciasloriental.fr\/WordPress\/vie-privee-vie-publique-une-tres-belle-emission-2\/\"> <span class=\"screen-reader-text\">Vie priv\u00e9e Vie publique Une tr\u00e8s belle \u00e9mission<\/span> Read More &raquo;<\/a><\/p>","category_list":"<a href=\"https:\/\/enricomaciasloriental.fr\/WordPress\/category\/actualites\/\">Actualit\u00e9s<\/a>, <a href=\"https:\/\/enricomaciasloriental.fr\/WordPress\/category\/le-mot-de-loriental\/\">Mots de Loriental<\/a>","comments_num":"3 comments","_links":{"self":[{"href":"https:\/\/enricomaciasloriental.fr\/WordPress\/wp-json\/wp\/v2\/posts\/351","targetHints":{"allow":["GET"]}}],"collection":[{"href":"https:\/\/enricomaciasloriental.fr\/WordPress\/wp-json\/wp\/v2\/posts"}],"about":[{"href":"https:\/\/enricomaciasloriental.fr\/WordPress\/wp-json\/wp\/v2\/types\/post"}],"author":[{"embeddable":true,"href":"https:\/\/enricomaciasloriental.fr\/WordPress\/wp-json\/wp\/v2\/users\/36"}],"replies":[{"embeddable":true,"href":"https:\/\/enricomaciasloriental.fr\/WordPress\/wp-json\/wp\/v2\/comments?post=351"}],"version-history":[{"count":0,"href":"https:\/\/enricomaciasloriental.fr\/WordPress\/wp-json\/wp\/v2\/posts\/351\/revisions"}],"wp:attachment":[{"href":"https:\/\/enricomaciasloriental.fr\/WordPress\/wp-json\/wp\/v2\/media?parent=351"}],"wp:term":[{"taxonomy":"category","embeddable":true,"href":"https:\/\/enricomaciasloriental.fr\/WordPress\/wp-json\/wp\/v2\/categories?post=351"},{"taxonomy":"post_tag","embeddable":true,"href":"https:\/\/enricomaciasloriental.fr\/WordPress\/wp-json\/wp\/v2\/tags?post=351"}],"curies":[{"name":"wp","href":"https:\/\/api.w.org\/{rel}","templated":true}]}}