{"id":3738,"date":"2011-11-12T07:25:19","date_gmt":"2011-11-12T06:25:19","guid":{"rendered":"http:\/\/enricomaciasloriental.fr\/WordPress\/?p=3738"},"modified":"2011-11-12T07:25:19","modified_gmt":"2011-11-12T06:25:19","slug":"enrico-macias-figure-de-la-chanson-francaise","status":"publish","type":"post","link":"https:\/\/enricomaciasloriental.fr\/WordPress\/enrico-macias-figure-de-la-chanson-francaise\/","title":{"rendered":"Enrico Macias, figure de la chanson fran\u00e7aise"},"content":{"rendered":"<p><strong><img decoding=\"async\" class=\"alignleft size-full wp-image-3739\" title=\"Enrico_Macias-272c0\" src=\"https:\/\/enricomaciasloriental.fr\/WordPress\/wp-content\/uploads\/\/2011\/11\/Enrico_Macias-272c0.jpg\" alt=\"\" width=\"100\" height=\"155\" \/>e-Toile :<\/strong> <em> Enrico Macias, inutile de vous pr\u00e9senter tant votre notori\u00e9t\u00e9 nationale et internationale est grande.\u00a0 Vous continuez \u00e0 remplir les salles apr\u00e8s pr\u00e8s de 50 ans de carri\u00e8re. Quelle \u00e9nergie vous pousse ainsi \u00e0 monter sur sc\u00e8ne ?\u00a0 Vous sentez-vous investi d\u2019un message \u00e0 transmettre ?<\/em><\/p>\n<p>En 2012, je f\u00eaterais mes 50 ans de carri\u00e8re. C\u2019est quand m\u00eame extraordinaire.<br \/>\nJe me pose justement la question, qu\u2019est ce qui me pousse \u00e0 avoir cette \u00e9nergie ! Et bien je crois que c\u2019est l\u2019<strong>amour du public<\/strong>.<\/p>\n<p>J\u2019ai acquis une notori\u00e9t\u00e9, mais elle ne doit pas me servir uniquement \u00e0 empiler les succ\u00e8s\u2026<\/p>\n<p>C\u2019est surtout pour envoyer des messages, car j\u2019estime que je suis un <strong>citoyen du monde, t\u00e9moin de mon temps<\/strong>, et que je dois d\u00e9noncer toutes les exactions qui entravent la fraternit\u00e9 des \u00eatres humains sur terre.<br \/>\nJe fais par exemple allusion \u00e0 ma chanson \u00ab <strong>Enfants de tous pays<\/strong> \u00bb que j\u2019ai \u00e9crit il y a exactement 50 ans. J\u2019esp\u00e8re qu\u2019un jour le r\u00eave que je fais dans la chanson sera r\u00e9alis\u00e9, que la paix r\u00e9gnera dans le monde, pas seulement la paix dans le monde mais surtout la paix int\u00e9rieure de chacun d\u2019entre nous\u2026<\/p>\n<p><strong>e-Toile :<\/strong> <em>&#8211; Parlez nous de votre dernier album sorti en mars 2011,\u00a0 \u00ab Voyages d\u2019une m\u00e9lodie \u00bb\u2026<\/em><\/p>\n<p>\u00ab\u00a0Voyages d\u2019une m\u00e9lodie\u00a0\u00bb, c\u2019est un peu l\u2019aboutissement de ce que j\u2019ai r\u00eav\u00e9 de faire.\u00a0 C\u2019est-\u00e0-dire, d\u2019explorer un petit peu toutes mes influences musicales, non seulement mes racines personnelles, mais aussi mes racines musicales\u2026 C\u2019est un voyage d\u2019Enrico Macias \u00e0 travers ses propres racines.<\/p>\n<p><strong>Pour cet album, je n\u2019ai pas voulu aller dans la tristesse ou la nostalgie, j\u2019ai voulu exprimer toutes mes joies<\/strong>. <strong>Mon premier d\u00e9sir est de distraire les gens, de les rendre joyeux et de leur faire oublier les soucis de leur vie quotidienne. <\/strong><\/p>\n<p><strong>e-Toile :<\/strong> <em>&#8211; Quels souvenirs gardez-vous de votre derni\u00e8re tourn\u00e9e aux \u00c9tats-Unis en 2009 ? Adapter vous vos concerts lorsque vous \u00eates devant un public non-francophone ?<\/em><\/p>\n<p>Je garde un tr\u00e8s bon souvenir. J\u2019\u00e9tais tr\u00e8s content de chanter \u00e0 Miami, \u00e0 New York et Los Angeles.<\/p>\n<p><strong>Je viens r\u00e9guli\u00e8rement aux \u00c9tats-Unis depuis 1968<\/strong>. J\u2019ai un public qui \u00e9volue en m\u00eame temps que mes chansons et en m\u00eame temps que mon r\u00e9pertoire. Et j\u2019arrive toujours \u00e0 remplir les salles et \u00e0 faire du beau travail avec le public.<\/p>\n<p>J\u2019ai toujours pens\u00e9 que la musique \u00e9tait universelle et que les paroles n\u2019\u00e9taient qu\u2019un support, mais que <strong>la musique prend le dessus sur les textes<\/strong>. \u00c9videmment nombreuses sont les personnes comprenant le fran\u00e7ais, m\u00eame aux \u00c9tats-Unis, mais m\u00eame si on ne comprend pas les paroles, ont est attir\u00e9 par la musique, <strong>c\u2019est la musique qui permet de faire le lien entre l\u2019artiste et le public<\/strong>.<\/p>\n<p>Et puis, cela va para\u00eetre pr\u00e9tentieux, mais je ne suis pas un chanteur international, je suis un chanteur ethnique. Mon premier public ce sont les \u00c9tats-Unis, car tous les gens qui viennent me voir sont comme moi, ce sont des anciens d\u00e9racin\u00e9s, qui ont trouv\u00e9 des nouvelles racines ailleurs, comme moi en France par exemple.<\/p>\n<p>Mon v\u00e9ritable public se trouve aux \u00c9tats-Unis, le public est tr\u00e8s cosmopolite, il repr\u00e9sente bien mon r\u00e9pertoire de chansons.<\/p>\n<p><strong>e-Toile :<\/strong> <em>&#8211; Qu\u2019\u00e9voque pour vous Miami, ville multiculturelle et carrefour des communaut\u00e9s ? <\/em><\/p>\n<p>C\u2019est une ville tr\u00e8s hispanisante, tellement proche de Cuba.<br \/>\n<strong>Ma musique s\u2019accorde tr\u00e8s bien avec la culture de Miami. <\/strong> Et puis la beaut\u00e9 de Miami\u2026 C\u2019est une ville exceptionnelle, lumineuse, qui a aussi bien la plage que la ville. Miami est tout simplement magnifique.<\/p>\n<div>Enrico Macias est en concert \u00e0 Miami.<br \/>\nDate : 29 novembre \u00e0 20H30<br \/>\nLieu : NMB Performing Arts Center<br \/>\n1700 NE 19th Ave N. Miami Beach<br \/>\nContacts : 305-937-1546 ou 305-362-4310<a href=\"mailto:305-362-4310noyproductions@sbcglobal.net\">noyproductions@sbcglobal.net<\/a><\/div>\n<div>Article paru sur le site du consulat de France \u00e0 Miami : <a href=\"http:\/\/www.consulfrance-miami.org\/spip.php?article2487\" target=\"_blank\">ICI<\/a><\/div>\n","protected":false},"excerpt":{"rendered":"<p>e-Toile : Enrico Macias, inutile de vous pr\u00e9senter tant votre notori\u00e9t\u00e9 nationale et internationale est grande.\u00a0 Vous continuez \u00e0 remplir les salles apr\u00e8s pr\u00e8s de 50 ans de carri\u00e8re. Quelle \u00e9nergie vous pousse ainsi \u00e0 monter sur sc\u00e8ne ?\u00a0 Vous &hellip;<\/p>\n<p class=\"read-more\"> <a class=\"more-link\" href=\"https:\/\/enricomaciasloriental.fr\/WordPress\/enrico-macias-figure-de-la-chanson-francaise\/\"> <span class=\"screen-reader-text\">Enrico Macias, figure de la chanson fran\u00e7aise<\/span> Read More &raquo;<\/a><\/p>\n","protected":false},"author":36,"featured_media":0,"comment_status":"open","ping_status":"open","sticky":false,"template":"","format":"standard","meta":{"footnotes":""},"categories":[1],"tags":[],"class_list":["post-3738","post","type-post","status-publish","format-standard","hentry","category-actualites"],"yoast_head":"<!-- This site is optimized with the Yoast SEO plugin v27.4 - https:\/\/yoast.com\/product\/yoast-seo-wordpress\/ -->\n<title>Enrico Macias, figure de la chanson fran\u00e7aise - ENRICO MACIAS L&#039;Oriental<\/title>\n<meta name=\"robots\" content=\"index, follow, max-snippet:-1, max-image-preview:large, max-video-preview:-1\" \/>\n<link rel=\"canonical\" href=\"https:\/\/enricomaciasloriental.fr\/WordPress\/enrico-macias-figure-de-la-chanson-francaise\/\" \/>\n<meta property=\"og:locale\" content=\"fr_FR\" \/>\n<meta property=\"og:type\" content=\"article\" \/>\n<meta property=\"og:title\" content=\"Enrico Macias, figure de la chanson fran\u00e7aise - ENRICO MACIAS L&#039;Oriental\" \/>\n<meta property=\"og:description\" content=\"e-Toile : Enrico Macias, inutile de vous pr\u00e9senter tant votre notori\u00e9t\u00e9 nationale et internationale est grande.\u00a0 Vous continuez \u00e0 remplir les salles apr\u00e8s pr\u00e8s de 50 ans de carri\u00e8re. Quelle \u00e9nergie vous pousse ainsi \u00e0 monter sur sc\u00e8ne ?\u00a0 Vous &hellip; Enrico Macias, figure de la chanson fran\u00e7aise Read More &raquo;\" \/>\n<meta property=\"og:url\" content=\"https:\/\/enricomaciasloriental.fr\/WordPress\/enrico-macias-figure-de-la-chanson-francaise\/\" \/>\n<meta property=\"og:site_name\" content=\"ENRICO MACIAS L&#039;Oriental\" \/>\n<meta property=\"article:published_time\" content=\"2011-11-12T06:25:19+00:00\" \/>\n<meta property=\"og:image\" content=\"http:\/\/enricomaciasloriental.fr\/WordPress\/wp-content\/uploads\/\/2011\/11\/Enrico_Macias-272c0.jpg\" \/>\n<meta name=\"author\" content=\"Loriental\" \/>\n<meta name=\"twitter:card\" content=\"summary_large_image\" \/>\n<meta name=\"twitter:label1\" content=\"\u00c9crit par\" \/>\n\t<meta name=\"twitter:data1\" content=\"Loriental\" \/>\n\t<meta name=\"twitter:label2\" content=\"Dur\u00e9e de lecture estim\u00e9e\" \/>\n\t<meta name=\"twitter:data2\" content=\"3 minutes\" \/>\n<script type=\"application\/ld+json\" class=\"yoast-schema-graph\">{\"@context\":\"https:\\\/\\\/schema.org\",\"@graph\":[{\"@type\":\"Article\",\"@id\":\"https:\\\/\\\/enricomaciasloriental.fr\\\/WordPress\\\/enrico-macias-figure-de-la-chanson-francaise\\\/#article\",\"isPartOf\":{\"@id\":\"https:\\\/\\\/enricomaciasloriental.fr\\\/WordPress\\\/enrico-macias-figure-de-la-chanson-francaise\\\/\"},\"author\":{\"name\":\"Loriental\",\"@id\":\"https:\\\/\\\/enricomaciasloriental.fr\\\/WordPress\\\/#\\\/schema\\\/person\\\/53fba112c6f4f0b335578890a816262e\"},\"headline\":\"Enrico Macias, figure de la chanson fran\u00e7aise\",\"datePublished\":\"2011-11-12T06:25:19+00:00\",\"mainEntityOfPage\":{\"@id\":\"https:\\\/\\\/enricomaciasloriental.fr\\\/WordPress\\\/enrico-macias-figure-de-la-chanson-francaise\\\/\"},\"wordCount\":681,\"commentCount\":0,\"publisher\":{\"@id\":\"https:\\\/\\\/enricomaciasloriental.fr\\\/WordPress\\\/#\\\/schema\\\/person\\\/53fba112c6f4f0b335578890a816262e\"},\"image\":{\"@id\":\"https:\\\/\\\/enricomaciasloriental.fr\\\/WordPress\\\/enrico-macias-figure-de-la-chanson-francaise\\\/#primaryimage\"},\"thumbnailUrl\":\"http:\\\/\\\/enricomaciasloriental.fr\\\/WordPress\\\/wp-content\\\/uploads\\\/\\\/2011\\\/11\\\/Enrico_Macias-272c0.jpg\",\"articleSection\":[\"Actualit\u00e9s\"],\"inLanguage\":\"fr-FR\",\"potentialAction\":[{\"@type\":\"CommentAction\",\"name\":\"Comment\",\"target\":[\"https:\\\/\\\/enricomaciasloriental.fr\\\/WordPress\\\/enrico-macias-figure-de-la-chanson-francaise\\\/#respond\"]}]},{\"@type\":\"WebPage\",\"@id\":\"https:\\\/\\\/enricomaciasloriental.fr\\\/WordPress\\\/enrico-macias-figure-de-la-chanson-francaise\\\/\",\"url\":\"https:\\\/\\\/enricomaciasloriental.fr\\\/WordPress\\\/enrico-macias-figure-de-la-chanson-francaise\\\/\",\"name\":\"Enrico Macias, figure de la chanson fran\u00e7aise - ENRICO MACIAS L&#039;Oriental\",\"isPartOf\":{\"@id\":\"https:\\\/\\\/enricomaciasloriental.fr\\\/WordPress\\\/#website\"},\"primaryImageOfPage\":{\"@id\":\"https:\\\/\\\/enricomaciasloriental.fr\\\/WordPress\\\/enrico-macias-figure-de-la-chanson-francaise\\\/#primaryimage\"},\"image\":{\"@id\":\"https:\\\/\\\/enricomaciasloriental.fr\\\/WordPress\\\/enrico-macias-figure-de-la-chanson-francaise\\\/#primaryimage\"},\"thumbnailUrl\":\"http:\\\/\\\/enricomaciasloriental.fr\\\/WordPress\\\/wp-content\\\/uploads\\\/\\\/2011\\\/11\\\/Enrico_Macias-272c0.jpg\",\"datePublished\":\"2011-11-12T06:25:19+00:00\",\"breadcrumb\":{\"@id\":\"https:\\\/\\\/enricomaciasloriental.fr\\\/WordPress\\\/enrico-macias-figure-de-la-chanson-francaise\\\/#breadcrumb\"},\"inLanguage\":\"fr-FR\",\"potentialAction\":[{\"@type\":\"ReadAction\",\"target\":[\"https:\\\/\\\/enricomaciasloriental.fr\\\/WordPress\\\/enrico-macias-figure-de-la-chanson-francaise\\\/\"]}]},{\"@type\":\"ImageObject\",\"inLanguage\":\"fr-FR\",\"@id\":\"https:\\\/\\\/enricomaciasloriental.fr\\\/WordPress\\\/enrico-macias-figure-de-la-chanson-francaise\\\/#primaryimage\",\"url\":\"https:\\\/\\\/enricomaciasloriental.fr\\\/WordPress\\\/wp-content\\\/uploads\\\/\\\/2011\\\/11\\\/Enrico_Macias-272c0.jpg\",\"contentUrl\":\"https:\\\/\\\/enricomaciasloriental.fr\\\/WordPress\\\/wp-content\\\/uploads\\\/\\\/2011\\\/11\\\/Enrico_Macias-272c0.jpg\",\"width\":\"100\",\"height\":\"155\"},{\"@type\":\"BreadcrumbList\",\"@id\":\"https:\\\/\\\/enricomaciasloriental.fr\\\/WordPress\\\/enrico-macias-figure-de-la-chanson-francaise\\\/#breadcrumb\",\"itemListElement\":[{\"@type\":\"ListItem\",\"position\":1,\"name\":\"Accueil\",\"item\":\"https:\\\/\\\/enricomaciasloriental.fr\\\/WordPress\\\/\"},{\"@type\":\"ListItem\",\"position\":2,\"name\":\"Enrico Macias, figure de la chanson fran\u00e7aise\"}]},{\"@type\":\"WebSite\",\"@id\":\"https:\\\/\\\/enricomaciasloriental.fr\\\/WordPress\\\/#website\",\"url\":\"https:\\\/\\\/enricomaciasloriental.fr\\\/WordPress\\\/\",\"name\":\"ENRICO MACIAS L'Oriental\",\"description\":\"IL EST COMME LE SOLEIL\",\"publisher\":{\"@id\":\"https:\\\/\\\/enricomaciasloriental.fr\\\/WordPress\\\/#\\\/schema\\\/person\\\/53fba112c6f4f0b335578890a816262e\"},\"potentialAction\":[{\"@type\":\"SearchAction\",\"target\":{\"@type\":\"EntryPoint\",\"urlTemplate\":\"https:\\\/\\\/enricomaciasloriental.fr\\\/WordPress\\\/?s={search_term_string}\"},\"query-input\":{\"@type\":\"PropertyValueSpecification\",\"valueRequired\":true,\"valueName\":\"search_term_string\"}}],\"inLanguage\":\"fr-FR\"},{\"@type\":[\"Person\",\"Organization\"],\"@id\":\"https:\\\/\\\/enricomaciasloriental.fr\\\/WordPress\\\/#\\\/schema\\\/person\\\/53fba112c6f4f0b335578890a816262e\",\"name\":\"Loriental\",\"image\":{\"@type\":\"ImageObject\",\"inLanguage\":\"fr-FR\",\"@id\":\"https:\\\/\\\/enricomaciasloriental.fr\\\/WordPress\\\/wp-content\\\/uploads\\\/\\\/2015\\\/02\\\/cropped-bannier_altaiir-enrico.jpg\",\"url\":\"https:\\\/\\\/enricomaciasloriental.fr\\\/WordPress\\\/wp-content\\\/uploads\\\/\\\/2015\\\/02\\\/cropped-bannier_altaiir-enrico.jpg\",\"contentUrl\":\"https:\\\/\\\/enricomaciasloriental.fr\\\/WordPress\\\/wp-content\\\/uploads\\\/\\\/2015\\\/02\\\/cropped-bannier_altaiir-enrico.jpg\",\"width\":1200,\"height\":150,\"caption\":\"Loriental\"},\"logo\":{\"@id\":\"https:\\\/\\\/enricomaciasloriental.fr\\\/WordPress\\\/wp-content\\\/uploads\\\/\\\/2015\\\/02\\\/cropped-bannier_altaiir-enrico.jpg\"},\"sameAs\":[\"http:\\\/\\\/www.enricomaciasloriental.fr\\\/\"]}]}<\/script>\n<!-- \/ Yoast SEO plugin. -->","yoast_head_json":{"title":"Enrico Macias, figure de la chanson fran\u00e7aise - ENRICO MACIAS L&#039;Oriental","robots":{"index":"index","follow":"follow","max-snippet":"max-snippet:-1","max-image-preview":"max-image-preview:large","max-video-preview":"max-video-preview:-1"},"canonical":"https:\/\/enricomaciasloriental.fr\/WordPress\/enrico-macias-figure-de-la-chanson-francaise\/","og_locale":"fr_FR","og_type":"article","og_title":"Enrico Macias, figure de la chanson fran\u00e7aise - ENRICO MACIAS L&#039;Oriental","og_description":"e-Toile : Enrico Macias, inutile de vous pr\u00e9senter tant votre notori\u00e9t\u00e9 nationale et internationale est grande.\u00a0 Vous continuez \u00e0 remplir les salles apr\u00e8s pr\u00e8s de 50 ans de carri\u00e8re. Quelle \u00e9nergie vous pousse ainsi \u00e0 monter sur sc\u00e8ne ?\u00a0 Vous &hellip; Enrico Macias, figure de la chanson fran\u00e7aise Read More &raquo;","og_url":"https:\/\/enricomaciasloriental.fr\/WordPress\/enrico-macias-figure-de-la-chanson-francaise\/","og_site_name":"ENRICO MACIAS L&#039;Oriental","article_published_time":"2011-11-12T06:25:19+00:00","og_image":[{"url":"http:\/\/enricomaciasloriental.fr\/WordPress\/wp-content\/uploads\/\/2011\/11\/Enrico_Macias-272c0.jpg","type":"","width":"","height":""}],"author":"Loriental","twitter_card":"summary_large_image","twitter_misc":{"\u00c9crit par":"Loriental","Dur\u00e9e de lecture estim\u00e9e":"3 minutes"},"schema":{"@context":"https:\/\/schema.org","@graph":[{"@type":"Article","@id":"https:\/\/enricomaciasloriental.fr\/WordPress\/enrico-macias-figure-de-la-chanson-francaise\/#article","isPartOf":{"@id":"https:\/\/enricomaciasloriental.fr\/WordPress\/enrico-macias-figure-de-la-chanson-francaise\/"},"author":{"name":"Loriental","@id":"https:\/\/enricomaciasloriental.fr\/WordPress\/#\/schema\/person\/53fba112c6f4f0b335578890a816262e"},"headline":"Enrico Macias, figure de la chanson fran\u00e7aise","datePublished":"2011-11-12T06:25:19+00:00","mainEntityOfPage":{"@id":"https:\/\/enricomaciasloriental.fr\/WordPress\/enrico-macias-figure-de-la-chanson-francaise\/"},"wordCount":681,"commentCount":0,"publisher":{"@id":"https:\/\/enricomaciasloriental.fr\/WordPress\/#\/schema\/person\/53fba112c6f4f0b335578890a816262e"},"image":{"@id":"https:\/\/enricomaciasloriental.fr\/WordPress\/enrico-macias-figure-de-la-chanson-francaise\/#primaryimage"},"thumbnailUrl":"http:\/\/enricomaciasloriental.fr\/WordPress\/wp-content\/uploads\/\/2011\/11\/Enrico_Macias-272c0.jpg","articleSection":["Actualit\u00e9s"],"inLanguage":"fr-FR","potentialAction":[{"@type":"CommentAction","name":"Comment","target":["https:\/\/enricomaciasloriental.fr\/WordPress\/enrico-macias-figure-de-la-chanson-francaise\/#respond"]}]},{"@type":"WebPage","@id":"https:\/\/enricomaciasloriental.fr\/WordPress\/enrico-macias-figure-de-la-chanson-francaise\/","url":"https:\/\/enricomaciasloriental.fr\/WordPress\/enrico-macias-figure-de-la-chanson-francaise\/","name":"Enrico Macias, figure de la chanson fran\u00e7aise - ENRICO MACIAS L&#039;Oriental","isPartOf":{"@id":"https:\/\/enricomaciasloriental.fr\/WordPress\/#website"},"primaryImageOfPage":{"@id":"https:\/\/enricomaciasloriental.fr\/WordPress\/enrico-macias-figure-de-la-chanson-francaise\/#primaryimage"},"image":{"@id":"https:\/\/enricomaciasloriental.fr\/WordPress\/enrico-macias-figure-de-la-chanson-francaise\/#primaryimage"},"thumbnailUrl":"http:\/\/enricomaciasloriental.fr\/WordPress\/wp-content\/uploads\/\/2011\/11\/Enrico_Macias-272c0.jpg","datePublished":"2011-11-12T06:25:19+00:00","breadcrumb":{"@id":"https:\/\/enricomaciasloriental.fr\/WordPress\/enrico-macias-figure-de-la-chanson-francaise\/#breadcrumb"},"inLanguage":"fr-FR","potentialAction":[{"@type":"ReadAction","target":["https:\/\/enricomaciasloriental.fr\/WordPress\/enrico-macias-figure-de-la-chanson-francaise\/"]}]},{"@type":"ImageObject","inLanguage":"fr-FR","@id":"https:\/\/enricomaciasloriental.fr\/WordPress\/enrico-macias-figure-de-la-chanson-francaise\/#primaryimage","url":"https:\/\/enricomaciasloriental.fr\/WordPress\/wp-content\/uploads\/\/2011\/11\/Enrico_Macias-272c0.jpg","contentUrl":"https:\/\/enricomaciasloriental.fr\/WordPress\/wp-content\/uploads\/\/2011\/11\/Enrico_Macias-272c0.jpg","width":"100","height":"155"},{"@type":"BreadcrumbList","@id":"https:\/\/enricomaciasloriental.fr\/WordPress\/enrico-macias-figure-de-la-chanson-francaise\/#breadcrumb","itemListElement":[{"@type":"ListItem","position":1,"name":"Accueil","item":"https:\/\/enricomaciasloriental.fr\/WordPress\/"},{"@type":"ListItem","position":2,"name":"Enrico Macias, figure de la chanson fran\u00e7aise"}]},{"@type":"WebSite","@id":"https:\/\/enricomaciasloriental.fr\/WordPress\/#website","url":"https:\/\/enricomaciasloriental.fr\/WordPress\/","name":"ENRICO MACIAS L'Oriental","description":"IL EST COMME LE SOLEIL","publisher":{"@id":"https:\/\/enricomaciasloriental.fr\/WordPress\/#\/schema\/person\/53fba112c6f4f0b335578890a816262e"},"potentialAction":[{"@type":"SearchAction","target":{"@type":"EntryPoint","urlTemplate":"https:\/\/enricomaciasloriental.fr\/WordPress\/?s={search_term_string}"},"query-input":{"@type":"PropertyValueSpecification","valueRequired":true,"valueName":"search_term_string"}}],"inLanguage":"fr-FR"},{"@type":["Person","Organization"],"@id":"https:\/\/enricomaciasloriental.fr\/WordPress\/#\/schema\/person\/53fba112c6f4f0b335578890a816262e","name":"Loriental","image":{"@type":"ImageObject","inLanguage":"fr-FR","@id":"https:\/\/enricomaciasloriental.fr\/WordPress\/wp-content\/uploads\/\/2015\/02\/cropped-bannier_altaiir-enrico.jpg","url":"https:\/\/enricomaciasloriental.fr\/WordPress\/wp-content\/uploads\/\/2015\/02\/cropped-bannier_altaiir-enrico.jpg","contentUrl":"https:\/\/enricomaciasloriental.fr\/WordPress\/wp-content\/uploads\/\/2015\/02\/cropped-bannier_altaiir-enrico.jpg","width":1200,"height":150,"caption":"Loriental"},"logo":{"@id":"https:\/\/enricomaciasloriental.fr\/WordPress\/wp-content\/uploads\/\/2015\/02\/cropped-bannier_altaiir-enrico.jpg"},"sameAs":["http:\/\/www.enricomaciasloriental.fr\/"]}]}},"featured_image_src":"","featured_image_src_square":false,"author_info":{"display_name":"Loriental","author_link":"https:\/\/enricomaciasloriental.fr\/WordPress\/author\/admin9234\/"},"rbea_author_info":{"display_name":"Loriental","author_link":"https:\/\/enricomaciasloriental.fr\/WordPress\/author\/admin9234\/"},"rbea_excerpt_info":"e-Toile : Enrico Macias, inutile de vous pr\u00e9senter tant votre notori\u00e9t\u00e9 nationale et internationale est grande.\u00a0 Vous continuez \u00e0 remplir les salles apr\u00e8s pr\u00e8s de 50 ans de carri\u00e8re. Quelle \u00e9nergie vous pousse ainsi \u00e0 monter sur sc\u00e8ne ?\u00a0 Vous &hellip;<p class=\"read-more\"> <a class=\"more-link\" href=\"https:\/\/enricomaciasloriental.fr\/WordPress\/enrico-macias-figure-de-la-chanson-francaise\/\"> <span class=\"screen-reader-text\">Enrico Macias, figure de la chanson fran\u00e7aise<\/span> Read More &raquo;<\/a><\/p>","category_list":"<a href=\"https:\/\/enricomaciasloriental.fr\/WordPress\/category\/actualites\/\">Actualit\u00e9s<\/a>","comments_num":"0 comments","_links":{"self":[{"href":"https:\/\/enricomaciasloriental.fr\/WordPress\/wp-json\/wp\/v2\/posts\/3738","targetHints":{"allow":["GET"]}}],"collection":[{"href":"https:\/\/enricomaciasloriental.fr\/WordPress\/wp-json\/wp\/v2\/posts"}],"about":[{"href":"https:\/\/enricomaciasloriental.fr\/WordPress\/wp-json\/wp\/v2\/types\/post"}],"author":[{"embeddable":true,"href":"https:\/\/enricomaciasloriental.fr\/WordPress\/wp-json\/wp\/v2\/users\/36"}],"replies":[{"embeddable":true,"href":"https:\/\/enricomaciasloriental.fr\/WordPress\/wp-json\/wp\/v2\/comments?post=3738"}],"version-history":[{"count":0,"href":"https:\/\/enricomaciasloriental.fr\/WordPress\/wp-json\/wp\/v2\/posts\/3738\/revisions"}],"wp:attachment":[{"href":"https:\/\/enricomaciasloriental.fr\/WordPress\/wp-json\/wp\/v2\/media?parent=3738"}],"wp:term":[{"taxonomy":"category","embeddable":true,"href":"https:\/\/enricomaciasloriental.fr\/WordPress\/wp-json\/wp\/v2\/categories?post=3738"},{"taxonomy":"post_tag","embeddable":true,"href":"https:\/\/enricomaciasloriental.fr\/WordPress\/wp-json\/wp\/v2\/tags?post=3738"}],"curies":[{"name":"wp","href":"https:\/\/api.w.org\/{rel}","templated":true}]}}