{"id":3753,"date":"2011-11-13T13:25:41","date_gmt":"2011-11-13T12:25:41","guid":{"rendered":"http:\/\/enricomaciasloriental.fr\/WordPress\/?p=3753"},"modified":"2011-11-13T13:25:41","modified_gmt":"2011-11-13T12:25:41","slug":"ajdayi-gazetede-gordum-tanimadim","status":"publish","type":"post","link":"https:\/\/enricomaciasloriental.fr\/WordPress\/ajdayi-gazetede-gordum-tanimadim\/","title":{"rendered":"Ajda&rsquo;y\u0131 gazetede g\u00f6rd\u00fcm, tan\u0131mad\u0131m!"},"content":{"rendered":"<p><img fetchpriority=\"high\" decoding=\"async\" class=\"alignleft size-medium wp-image-3754\" title=\"84325\" src=\"https:\/\/enricomaciasloriental.fr\/WordPress\/wp-content\/uploads\/\/2011\/11\/84325-300x200.jpg\" alt=\"\" width=\"300\" height=\"200\" srcset=\"https:\/\/enricomaciasloriental.fr\/WordPress\/wp-content\/uploads\/2011\/11\/84325-300x200.jpg 300w, https:\/\/enricomaciasloriental.fr\/WordPress\/wp-content\/uploads\/2011\/11\/84325.jpg 420w\" sizes=\"(max-width: 300px) 100vw, 300px\" \/><\/p>\n<p>\u00dcnl\u00fc organizat\u00f6r Erkan \u00d6zerman, 50 y\u0131ll\u0131k dostu, d\u00fcnyaca \u00fcnl\u00fc Frans\u0131z sanat\u00e7\u0131 Enrico Macias&rsquo;la AK\u015eAM okurlar\u0131 i\u00e7in \u00e7ok \u00f6zel bir r\u00f6portaja imza att\u0131. Van depremi, T\u00fcrkiye&rsquo;ye olan sevgisi ve \u00f6zel hayat\u0131yla ilgili konu\u015fan Macias, eski a\u015fk\u0131 Ajda Pekkan&rsquo;\u0131 gazetede g\u00f6rd\u00fc\u011f\u00fcn\u00fc ve tan\u0131yamad\u0131\u011f\u0131n\u0131 itiraf etti<\/p>\n<div id=\"news_content\"><strong>&nbsp;<\/p>\n<p>&#8211; Erkan \u00d6zerman: Van depremiyle ilgili gazetelere hemen bir a\u00e7\u0131klama yapm\u0131\u015ft\u0131n. Paris&rsquo;te ne yapmay\u0131 d\u00fc\u015f\u00fcn\u00fcyorsun?<br \/>\n&#8211; Enrico Macias:<\/p>\n<p><\/strong><strong>\u0130stanbul&rsquo;a sevgisini m\u00fczi\u011fiyle anlatt\u0131<br \/>\n<\/strong>13 Eyl\u00fcl&rsquo;de Harbiye Cemil Topuzlu A\u00e7\u0131khava Tiyatrosu&rsquo;nda hayranlar\u0131yla bulu\u015fan Enrico Macias, &lsquo;\u0130stanbul Seni Seviyorum&rsquo; adl\u0131 \u015fark\u0131s\u0131yla s\u00fcrpriz yapt\u0131. Macias, ilk kez konser s\u0131ras\u0131nda seslendirdi\u011fi \u015fark\u0131y\u0131, \u0130stanbul B\u00fcy\u00fck\u015fehir Belediye Ba\u015fkan\u0131 Kadir Topba\u015f&rsquo;a arma\u011fan etti. \u0130stanbul&rsquo;u \u00e7ok i\u00e7ten bir \u015fekilde anlatan \u015fark\u0131n\u0131n s\u00f6zlerinin Fransa&rsquo;n\u0131n en b\u00fcy\u00fck \u015fark\u0131 s\u00f6z\u00fc yazar\u0131 \u015fair Michel Jourdan&rsquo;a ait oldu\u011funu s\u00f6yleyen Enrico Macias, &lsquo;\u015eark\u0131n\u0131n bestesi Selami \u015eahin&rsquo;e ait. Bu da bir ilk say\u0131l\u0131r, \u00e7\u00fcnk\u00fc ilk kez bir T\u00fcrk bestecisinin eserini seslendiriyorum&rsquo; dedi.<\/p>\n<p><strong>Ajda Fransa&rsquo;da kalsayd\u0131 d\u00fcnya star\u0131 olabilirdi<\/strong><br \/>\n<strong>\u00d6zerman: T\u00fcrkiye&rsquo;ye ilk geli\u015fini anlat\u0131r m\u0131s\u0131n? <\/strong><br \/>\n<strong>Macias: <\/strong>\u0130lk konserimi 1962&rsquo;de yapm\u0131\u015ft\u0131m. Hi\u00e7 unutmam beni bir g\u00fcnde 3 konsere \u00e7\u0131karm\u0131\u015ft\u0131n. B\u00fcy\u00fck Sinema&rsquo;da 2 konser ve Ankara Palas&rsquo;\u0131n gece kul\u00fcbunde \u015fark\u0131 s\u00f6ylemi\u015ftim. E\u015fim Suzzy&rsquo;yle gelmi\u015ftik. Daha sonra \u0130stanbul&rsquo;da Kervansaray&rsquo;da 3 gece i\u00e7in anla\u015f\u0131p 3 haftaya kadar uzat\u0131lm\u0131\u015ft\u0131. Bir konserimde Taksim Belediye Gazinosu&rsquo;nda iki gece gala yapmak i\u00e7in Dalida&rsquo;y\u0131 getirmi\u015ftin. Frans\u0131zlar\u0131n M\u0131s\u0131r as\u0131ll\u0131 s\u00fcperstar\u0131 Dalida&rsquo;yla hem Frans\u0131zca hem Arap\u00e7a konu\u015fmak \u00e7ok b\u00fcy\u00fck s\u00fcrpriz olmu\u015ftu benim i\u00e7in. \u00c7ok b\u00fcy\u00fck bir sanat\u00e7\u0131yd\u0131 ama her zaman iddia etti\u011fim bir \u015fey var: Ajda Fransa&rsquo;da ya\u015famay\u0131 kabul etseydi o da Dalida gibi kendini t\u00fcm d\u00fcnyaya kabul ettirebilirdi. Sesi, fizi\u011fi ve sahne performans\u0131 harikayd\u0131.<br \/>\nArticle paru sur AKSAM.COM <a href=\"http:\/\/www.aksam.com.tr\/ajdayi-gazetede-gordum,-tanimadim--78514h.html\" target=\"_blank\">ICI<\/a><\/p>\n<p>Un ami turc francophone peut il nous traduire cet article ? Merci d&rsquo;avance<\/p>\n<p>12 y\u0131l \u00f6nce \u0130zmit depremi i\u00e7in Paris Olympia&rsquo;da, Frans\u0131z ve T\u00fcrk sanat\u00e7\u0131lar bir konserde bulu\u015fmu\u015ftuk. Kazan\u0131lan parayla \u0130zmit&rsquo;te y\u0131k\u0131lan bir ilkokul onar\u0131lm\u0131\u015ft\u0131. Ni\u00e7in yine tekrarlamayal\u0131m?<br \/>\n<strong>OSMANLI K\u00dcLT\u00dcR\u00dcM VAR<br \/>\n&#8211; \u00d6zerman: T\u00fcrkiye&rsquo;ye kar\u015f\u0131 \u00e7ok derin ve m\u00fc\u015fterek hislerin var. Bunun sebebi nedir?<br \/>\n&#8211; Macias: <\/strong>Do\u011fup b\u00fcy\u00fcd\u00fc\u011f\u00fcm \u015fehir Cezayir&rsquo;in Konstantin \u015fehri. Oras\u0131 da bug\u00fcnk\u00fc T\u00fcrkiye gibi vaktiyle Osmanl\u0131 \u0130mparatorlu\u011fu&rsquo;nun bir par\u00e7as\u0131yd\u0131. 500 y\u0131l \u00f6nce \u0130spanya&rsquo;y\u0131 terk etmek zorunda kald\u0131\u011f\u0131m\u0131zda bizi sadece Sultan 2. Beyaz\u0131t kabul etti ve atalar\u0131m\u0131z\u0131n huzur i\u00e7inde ya\u015famalar\u0131n\u0131 sa\u011flad\u0131. Daima Cezayir k\u00f6kenli Frans\u0131z oldu\u011fumu s\u00f6ylerim, ancak ilave ederim ki Osmanl\u0131 k\u00fclt\u00fcr\u00fcyle b\u00fcy\u00fcm\u00fc\u015f bir Yahudi ailenin \u00e7ocu\u011fuyum ve Osmanl\u0131l\u0131 oldu\u011fumu da hi\u00e7 unutmam.<br \/>\n<strong>BEN\u0130 T\u00dcRK\u0130YE KE\u015eFETT\u0130<\/strong><br \/>\n<strong>&#8211; \u00d6zerman: T\u00fcrklerin ve T\u00fcrk Yahudileri&rsquo;nin kalbinde \u00e7ok \u00f6nemli bir yerin var. Bu ba\u011fl\u0131l\u0131k nas\u0131l olu\u015ftu?<\/strong><br \/>\n<strong>&#8211; Macias: <\/strong>T\u00fcrkiye beni 1960&rsquo;larda Fransa&rsquo;dan ve hatta d\u00fcnyadan \u00f6nce ke\u015ffetti ve b\u00fcy\u00fck bir star olarak ba\u011fr\u0131na bast\u0131. 800&rsquo;e yak\u0131n beste yapt\u0131m, 300&rsquo;den fazlas\u0131n\u0131 pla\u011fa okudum. 84 \u015fark\u0131ma T\u00fcrk\u00e7e s\u00f6z yaz\u0131lm\u0131\u015f ve bunlar\u0131n hepsi de \u00e7ok sevilmi\u015f. \u00d6zellikle Ajda Pekkan&rsquo;\u0131n repertuvar\u0131nda herkesten fazla eserim var. Yeliz, Nil\u00fcfer ve Tanju Okan gibi usta isimler \u00e7ok g\u00fczel sesleri ve yorumlar\u0131yla \u015fark\u0131lar\u0131m\u0131 T\u00fcrk halk\u0131na sevdirmi\u015fler.<br \/>\n<strong>A\u015eKIMIZ MED-CEZ\u0130R G\u0130B\u0130YD\u0130<\/strong><br \/>\n<strong>&#8211; \u00d6zerman: Ajda Pekkan&rsquo;la y\u0131llardan s\u00fcre gelen bir a\u015fk hikayen var ve bu a\u015fk hala magazin d\u00fcnyas\u0131n\u0131n vazge\u00e7emedi\u011fi haberler i\u00e7inde. Ona hala a\u015f\u0131k m\u0131s\u0131n\u0131z?<br \/>\n&#8211; Macias: <\/strong>30 y\u0131l sonra bile konu\u015fuluyorsa o olay, ger\u00e7ekten muhte\u015femmi\u015f. Saklanacak bir \u015feyimiz yoktu, birbirimizi sevmi\u015f ve b\u00fcy\u00fck bir a\u015fk ya\u015fam\u0131\u015ft\u0131k. O g\u00fcnleri an\u0131ms\u0131yorum; Paris \u00e7alkalan\u0131yordu bu haberle. Yans\u0131malar\u0131 \u0130stanbul&rsquo;a kadar geldi. A\u015fk\u0131m\u0131z, med-cezir gibi bir gitti, bir geldi. \u015eimdi sahiller sakin, hem de \u00e7ok sakin. Ge\u00e7enlerde bir T\u00fcrk gazetesinde \u00e7ok g\u00fczel sar\u0131\u015f\u0131n bir kad\u0131n\u0131n resmini g\u00f6rd\u00fcm ve &lsquo;Kim bu kad\u0131n&rsquo; diye sordum. Bana &lsquo;Ajda&rsquo; oldu\u011funu s\u00f6ylediler. Defalarca bakt\u0131m resme. Benim tan\u0131d\u0131\u011f\u0131m kad\u0131na hi\u00e7 benzemiyordu. Yine de ger\u00e7e\u011fi s\u00f6ylemek gerekirse, gen\u00e7 ve \u00e7ok g\u00fczel bir kad\u0131n foto\u011fraf\u0131yd\u0131.<br \/>\n<strong>&#8211; \u00d6zerman: Ayn\u0131 zamanda Birle\u015fmi\u015f Milletler Sulh El\u00e7isi unvan\u0131na sahipsin. D\u00fcnya bar\u0131\u015f\u0131 hakk\u0131nda ne s\u00f6ylemek istersin?<br \/>\n&#8211; Macias: <\/strong>Egoist olmayan, payla\u015fmay\u0131 bilen toplumlar sulh i\u00e7inde ya\u015farlar. T\u00fcrkler Atat\u00fcrk&rsquo;ten dolay\u0131 bunu daha iyi bilirler. &lsquo;Yurtta sulh, cihanda sulh&rsquo;&#8230; \u0130\u015fte bunu yakalamak i\u00e7in ho\u015fg\u00f6r\u00fc \u00fclkelerini yaratmak laz\u0131m.<\/div>\n<p>&nbsp;<\/p>\n","protected":false},"excerpt":{"rendered":"<p>\u00dcnl\u00fc organizat\u00f6r Erkan \u00d6zerman, 50 y\u0131ll\u0131k dostu, d\u00fcnyaca \u00fcnl\u00fc Frans\u0131z sanat\u00e7\u0131 Enrico Macias&rsquo;la AK\u015eAM okurlar\u0131 i\u00e7in \u00e7ok \u00f6zel bir r\u00f6portaja imza att\u0131. Van depremi, T\u00fcrkiye&rsquo;ye olan sevgisi ve \u00f6zel hayat\u0131yla ilgili konu\u015fan Macias, eski a\u015fk\u0131 Ajda Pekkan&rsquo;\u0131 gazetede g\u00f6rd\u00fc\u011f\u00fcn\u00fc ve &hellip;<\/p>\n<p class=\"read-more\"> <a class=\"more-link\" href=\"https:\/\/enricomaciasloriental.fr\/WordPress\/ajdayi-gazetede-gordum-tanimadim\/\"> <span class=\"screen-reader-text\">Ajda&rsquo;y\u0131 gazetede g\u00f6rd\u00fcm, tan\u0131mad\u0131m!<\/span> Read More &raquo;<\/a><\/p>\n","protected":false},"author":36,"featured_media":0,"comment_status":"open","ping_status":"open","sticky":false,"template":"","format":"standard","meta":{"footnotes":""},"categories":[1],"tags":[],"class_list":["post-3753","post","type-post","status-publish","format-standard","hentry","category-actualites"],"yoast_head":"<!-- This site is optimized with the Yoast SEO plugin v27.4 - https:\/\/yoast.com\/product\/yoast-seo-wordpress\/ -->\n<title>Ajda&#039;y\u0131 gazetede g\u00f6rd\u00fcm, tan\u0131mad\u0131m! - ENRICO MACIAS L&#039;Oriental<\/title>\n<meta name=\"robots\" content=\"index, follow, max-snippet:-1, max-image-preview:large, max-video-preview:-1\" \/>\n<link rel=\"canonical\" href=\"https:\/\/enricomaciasloriental.fr\/WordPress\/ajdayi-gazetede-gordum-tanimadim\/\" \/>\n<meta property=\"og:locale\" content=\"fr_FR\" \/>\n<meta property=\"og:type\" content=\"article\" \/>\n<meta property=\"og:title\" content=\"Ajda&#039;y\u0131 gazetede g\u00f6rd\u00fcm, tan\u0131mad\u0131m! - ENRICO MACIAS L&#039;Oriental\" \/>\n<meta property=\"og:description\" content=\"\u00dcnl\u00fc organizat\u00f6r Erkan \u00d6zerman, 50 y\u0131ll\u0131k dostu, d\u00fcnyaca \u00fcnl\u00fc Frans\u0131z sanat\u00e7\u0131 Enrico Macias&rsquo;la AK\u015eAM okurlar\u0131 i\u00e7in \u00e7ok \u00f6zel bir r\u00f6portaja imza att\u0131. Van depremi, T\u00fcrkiye&rsquo;ye olan sevgisi ve \u00f6zel hayat\u0131yla ilgili konu\u015fan Macias, eski a\u015fk\u0131 Ajda Pekkan&rsquo;\u0131 gazetede g\u00f6rd\u00fc\u011f\u00fcn\u00fc ve &hellip; Ajda&rsquo;y\u0131 gazetede g\u00f6rd\u00fcm, tan\u0131mad\u0131m! Read More &raquo;\" \/>\n<meta property=\"og:url\" content=\"https:\/\/enricomaciasloriental.fr\/WordPress\/ajdayi-gazetede-gordum-tanimadim\/\" \/>\n<meta property=\"og:site_name\" content=\"ENRICO MACIAS L&#039;Oriental\" \/>\n<meta property=\"article:published_time\" content=\"2011-11-13T12:25:41+00:00\" \/>\n<meta property=\"og:image\" content=\"http:\/\/enricomaciasloriental.fr\/WordPress\/wp-content\/uploads\/\/2011\/11\/84325-300x200.jpg\" \/>\n<meta name=\"author\" content=\"Loriental\" \/>\n<meta name=\"twitter:card\" content=\"summary_large_image\" \/>\n<meta name=\"twitter:label1\" content=\"\u00c9crit par\" \/>\n\t<meta name=\"twitter:data1\" content=\"Loriental\" \/>\n\t<meta name=\"twitter:label2\" content=\"Dur\u00e9e de lecture estim\u00e9e\" \/>\n\t<meta name=\"twitter:data2\" content=\"4 minutes\" \/>\n<script type=\"application\/ld+json\" class=\"yoast-schema-graph\">{\"@context\":\"https:\\\/\\\/schema.org\",\"@graph\":[{\"@type\":\"Article\",\"@id\":\"https:\\\/\\\/enricomaciasloriental.fr\\\/WordPress\\\/ajdayi-gazetede-gordum-tanimadim\\\/#article\",\"isPartOf\":{\"@id\":\"https:\\\/\\\/enricomaciasloriental.fr\\\/WordPress\\\/ajdayi-gazetede-gordum-tanimadim\\\/\"},\"author\":{\"name\":\"Loriental\",\"@id\":\"https:\\\/\\\/enricomaciasloriental.fr\\\/WordPress\\\/#\\\/schema\\\/person\\\/53fba112c6f4f0b335578890a816262e\"},\"headline\":\"Ajda&rsquo;y\u0131 gazetede g\u00f6rd\u00fcm, tan\u0131mad\u0131m!\",\"datePublished\":\"2011-11-13T12:25:41+00:00\",\"mainEntityOfPage\":{\"@id\":\"https:\\\/\\\/enricomaciasloriental.fr\\\/WordPress\\\/ajdayi-gazetede-gordum-tanimadim\\\/\"},\"wordCount\":907,\"commentCount\":0,\"publisher\":{\"@id\":\"https:\\\/\\\/enricomaciasloriental.fr\\\/WordPress\\\/#\\\/schema\\\/person\\\/53fba112c6f4f0b335578890a816262e\"},\"image\":{\"@id\":\"https:\\\/\\\/enricomaciasloriental.fr\\\/WordPress\\\/ajdayi-gazetede-gordum-tanimadim\\\/#primaryimage\"},\"thumbnailUrl\":\"http:\\\/\\\/enricomaciasloriental.fr\\\/WordPress\\\/wp-content\\\/uploads\\\/\\\/2011\\\/11\\\/84325-300x200.jpg\",\"articleSection\":[\"Actualit\u00e9s\"],\"inLanguage\":\"fr-FR\",\"potentialAction\":[{\"@type\":\"CommentAction\",\"name\":\"Comment\",\"target\":[\"https:\\\/\\\/enricomaciasloriental.fr\\\/WordPress\\\/ajdayi-gazetede-gordum-tanimadim\\\/#respond\"]}]},{\"@type\":\"WebPage\",\"@id\":\"https:\\\/\\\/enricomaciasloriental.fr\\\/WordPress\\\/ajdayi-gazetede-gordum-tanimadim\\\/\",\"url\":\"https:\\\/\\\/enricomaciasloriental.fr\\\/WordPress\\\/ajdayi-gazetede-gordum-tanimadim\\\/\",\"name\":\"Ajda'y\u0131 gazetede g\u00f6rd\u00fcm, tan\u0131mad\u0131m! - ENRICO MACIAS L&#039;Oriental\",\"isPartOf\":{\"@id\":\"https:\\\/\\\/enricomaciasloriental.fr\\\/WordPress\\\/#website\"},\"primaryImageOfPage\":{\"@id\":\"https:\\\/\\\/enricomaciasloriental.fr\\\/WordPress\\\/ajdayi-gazetede-gordum-tanimadim\\\/#primaryimage\"},\"image\":{\"@id\":\"https:\\\/\\\/enricomaciasloriental.fr\\\/WordPress\\\/ajdayi-gazetede-gordum-tanimadim\\\/#primaryimage\"},\"thumbnailUrl\":\"http:\\\/\\\/enricomaciasloriental.fr\\\/WordPress\\\/wp-content\\\/uploads\\\/\\\/2011\\\/11\\\/84325-300x200.jpg\",\"datePublished\":\"2011-11-13T12:25:41+00:00\",\"breadcrumb\":{\"@id\":\"https:\\\/\\\/enricomaciasloriental.fr\\\/WordPress\\\/ajdayi-gazetede-gordum-tanimadim\\\/#breadcrumb\"},\"inLanguage\":\"fr-FR\",\"potentialAction\":[{\"@type\":\"ReadAction\",\"target\":[\"https:\\\/\\\/enricomaciasloriental.fr\\\/WordPress\\\/ajdayi-gazetede-gordum-tanimadim\\\/\"]}]},{\"@type\":\"ImageObject\",\"inLanguage\":\"fr-FR\",\"@id\":\"https:\\\/\\\/enricomaciasloriental.fr\\\/WordPress\\\/ajdayi-gazetede-gordum-tanimadim\\\/#primaryimage\",\"url\":\"https:\\\/\\\/enricomaciasloriental.fr\\\/WordPress\\\/wp-content\\\/uploads\\\/\\\/2011\\\/11\\\/84325.jpg\",\"contentUrl\":\"https:\\\/\\\/enricomaciasloriental.fr\\\/WordPress\\\/wp-content\\\/uploads\\\/\\\/2011\\\/11\\\/84325.jpg\",\"width\":\"420\",\"height\":\"280\"},{\"@type\":\"BreadcrumbList\",\"@id\":\"https:\\\/\\\/enricomaciasloriental.fr\\\/WordPress\\\/ajdayi-gazetede-gordum-tanimadim\\\/#breadcrumb\",\"itemListElement\":[{\"@type\":\"ListItem\",\"position\":1,\"name\":\"Accueil\",\"item\":\"https:\\\/\\\/enricomaciasloriental.fr\\\/WordPress\\\/\"},{\"@type\":\"ListItem\",\"position\":2,\"name\":\"Ajda&rsquo;y\u0131 gazetede g\u00f6rd\u00fcm, tan\u0131mad\u0131m!\"}]},{\"@type\":\"WebSite\",\"@id\":\"https:\\\/\\\/enricomaciasloriental.fr\\\/WordPress\\\/#website\",\"url\":\"https:\\\/\\\/enricomaciasloriental.fr\\\/WordPress\\\/\",\"name\":\"ENRICO MACIAS L'Oriental\",\"description\":\"IL EST COMME LE SOLEIL\",\"publisher\":{\"@id\":\"https:\\\/\\\/enricomaciasloriental.fr\\\/WordPress\\\/#\\\/schema\\\/person\\\/53fba112c6f4f0b335578890a816262e\"},\"potentialAction\":[{\"@type\":\"SearchAction\",\"target\":{\"@type\":\"EntryPoint\",\"urlTemplate\":\"https:\\\/\\\/enricomaciasloriental.fr\\\/WordPress\\\/?s={search_term_string}\"},\"query-input\":{\"@type\":\"PropertyValueSpecification\",\"valueRequired\":true,\"valueName\":\"search_term_string\"}}],\"inLanguage\":\"fr-FR\"},{\"@type\":[\"Person\",\"Organization\"],\"@id\":\"https:\\\/\\\/enricomaciasloriental.fr\\\/WordPress\\\/#\\\/schema\\\/person\\\/53fba112c6f4f0b335578890a816262e\",\"name\":\"Loriental\",\"image\":{\"@type\":\"ImageObject\",\"inLanguage\":\"fr-FR\",\"@id\":\"https:\\\/\\\/enricomaciasloriental.fr\\\/WordPress\\\/wp-content\\\/uploads\\\/\\\/2015\\\/02\\\/cropped-bannier_altaiir-enrico.jpg\",\"url\":\"https:\\\/\\\/enricomaciasloriental.fr\\\/WordPress\\\/wp-content\\\/uploads\\\/\\\/2015\\\/02\\\/cropped-bannier_altaiir-enrico.jpg\",\"contentUrl\":\"https:\\\/\\\/enricomaciasloriental.fr\\\/WordPress\\\/wp-content\\\/uploads\\\/\\\/2015\\\/02\\\/cropped-bannier_altaiir-enrico.jpg\",\"width\":1200,\"height\":150,\"caption\":\"Loriental\"},\"logo\":{\"@id\":\"https:\\\/\\\/enricomaciasloriental.fr\\\/WordPress\\\/wp-content\\\/uploads\\\/\\\/2015\\\/02\\\/cropped-bannier_altaiir-enrico.jpg\"},\"sameAs\":[\"http:\\\/\\\/www.enricomaciasloriental.fr\\\/\"]}]}<\/script>\n<!-- \/ Yoast SEO plugin. -->","yoast_head_json":{"title":"Ajda'y\u0131 gazetede g\u00f6rd\u00fcm, tan\u0131mad\u0131m! - ENRICO MACIAS L&#039;Oriental","robots":{"index":"index","follow":"follow","max-snippet":"max-snippet:-1","max-image-preview":"max-image-preview:large","max-video-preview":"max-video-preview:-1"},"canonical":"https:\/\/enricomaciasloriental.fr\/WordPress\/ajdayi-gazetede-gordum-tanimadim\/","og_locale":"fr_FR","og_type":"article","og_title":"Ajda'y\u0131 gazetede g\u00f6rd\u00fcm, tan\u0131mad\u0131m! - ENRICO MACIAS L&#039;Oriental","og_description":"\u00dcnl\u00fc organizat\u00f6r Erkan \u00d6zerman, 50 y\u0131ll\u0131k dostu, d\u00fcnyaca \u00fcnl\u00fc Frans\u0131z sanat\u00e7\u0131 Enrico Macias&rsquo;la AK\u015eAM okurlar\u0131 i\u00e7in \u00e7ok \u00f6zel bir r\u00f6portaja imza att\u0131. Van depremi, T\u00fcrkiye&rsquo;ye olan sevgisi ve \u00f6zel hayat\u0131yla ilgili konu\u015fan Macias, eski a\u015fk\u0131 Ajda Pekkan&rsquo;\u0131 gazetede g\u00f6rd\u00fc\u011f\u00fcn\u00fc ve &hellip; Ajda&rsquo;y\u0131 gazetede g\u00f6rd\u00fcm, tan\u0131mad\u0131m! Read More &raquo;","og_url":"https:\/\/enricomaciasloriental.fr\/WordPress\/ajdayi-gazetede-gordum-tanimadim\/","og_site_name":"ENRICO MACIAS L&#039;Oriental","article_published_time":"2011-11-13T12:25:41+00:00","og_image":[{"url":"http:\/\/enricomaciasloriental.fr\/WordPress\/wp-content\/uploads\/\/2011\/11\/84325-300x200.jpg","type":"","width":"","height":""}],"author":"Loriental","twitter_card":"summary_large_image","twitter_misc":{"\u00c9crit par":"Loriental","Dur\u00e9e de lecture estim\u00e9e":"4 minutes"},"schema":{"@context":"https:\/\/schema.org","@graph":[{"@type":"Article","@id":"https:\/\/enricomaciasloriental.fr\/WordPress\/ajdayi-gazetede-gordum-tanimadim\/#article","isPartOf":{"@id":"https:\/\/enricomaciasloriental.fr\/WordPress\/ajdayi-gazetede-gordum-tanimadim\/"},"author":{"name":"Loriental","@id":"https:\/\/enricomaciasloriental.fr\/WordPress\/#\/schema\/person\/53fba112c6f4f0b335578890a816262e"},"headline":"Ajda&rsquo;y\u0131 gazetede g\u00f6rd\u00fcm, tan\u0131mad\u0131m!","datePublished":"2011-11-13T12:25:41+00:00","mainEntityOfPage":{"@id":"https:\/\/enricomaciasloriental.fr\/WordPress\/ajdayi-gazetede-gordum-tanimadim\/"},"wordCount":907,"commentCount":0,"publisher":{"@id":"https:\/\/enricomaciasloriental.fr\/WordPress\/#\/schema\/person\/53fba112c6f4f0b335578890a816262e"},"image":{"@id":"https:\/\/enricomaciasloriental.fr\/WordPress\/ajdayi-gazetede-gordum-tanimadim\/#primaryimage"},"thumbnailUrl":"http:\/\/enricomaciasloriental.fr\/WordPress\/wp-content\/uploads\/\/2011\/11\/84325-300x200.jpg","articleSection":["Actualit\u00e9s"],"inLanguage":"fr-FR","potentialAction":[{"@type":"CommentAction","name":"Comment","target":["https:\/\/enricomaciasloriental.fr\/WordPress\/ajdayi-gazetede-gordum-tanimadim\/#respond"]}]},{"@type":"WebPage","@id":"https:\/\/enricomaciasloriental.fr\/WordPress\/ajdayi-gazetede-gordum-tanimadim\/","url":"https:\/\/enricomaciasloriental.fr\/WordPress\/ajdayi-gazetede-gordum-tanimadim\/","name":"Ajda'y\u0131 gazetede g\u00f6rd\u00fcm, tan\u0131mad\u0131m! - ENRICO MACIAS L&#039;Oriental","isPartOf":{"@id":"https:\/\/enricomaciasloriental.fr\/WordPress\/#website"},"primaryImageOfPage":{"@id":"https:\/\/enricomaciasloriental.fr\/WordPress\/ajdayi-gazetede-gordum-tanimadim\/#primaryimage"},"image":{"@id":"https:\/\/enricomaciasloriental.fr\/WordPress\/ajdayi-gazetede-gordum-tanimadim\/#primaryimage"},"thumbnailUrl":"http:\/\/enricomaciasloriental.fr\/WordPress\/wp-content\/uploads\/\/2011\/11\/84325-300x200.jpg","datePublished":"2011-11-13T12:25:41+00:00","breadcrumb":{"@id":"https:\/\/enricomaciasloriental.fr\/WordPress\/ajdayi-gazetede-gordum-tanimadim\/#breadcrumb"},"inLanguage":"fr-FR","potentialAction":[{"@type":"ReadAction","target":["https:\/\/enricomaciasloriental.fr\/WordPress\/ajdayi-gazetede-gordum-tanimadim\/"]}]},{"@type":"ImageObject","inLanguage":"fr-FR","@id":"https:\/\/enricomaciasloriental.fr\/WordPress\/ajdayi-gazetede-gordum-tanimadim\/#primaryimage","url":"https:\/\/enricomaciasloriental.fr\/WordPress\/wp-content\/uploads\/\/2011\/11\/84325.jpg","contentUrl":"https:\/\/enricomaciasloriental.fr\/WordPress\/wp-content\/uploads\/\/2011\/11\/84325.jpg","width":"420","height":"280"},{"@type":"BreadcrumbList","@id":"https:\/\/enricomaciasloriental.fr\/WordPress\/ajdayi-gazetede-gordum-tanimadim\/#breadcrumb","itemListElement":[{"@type":"ListItem","position":1,"name":"Accueil","item":"https:\/\/enricomaciasloriental.fr\/WordPress\/"},{"@type":"ListItem","position":2,"name":"Ajda&rsquo;y\u0131 gazetede g\u00f6rd\u00fcm, tan\u0131mad\u0131m!"}]},{"@type":"WebSite","@id":"https:\/\/enricomaciasloriental.fr\/WordPress\/#website","url":"https:\/\/enricomaciasloriental.fr\/WordPress\/","name":"ENRICO MACIAS L'Oriental","description":"IL EST COMME LE SOLEIL","publisher":{"@id":"https:\/\/enricomaciasloriental.fr\/WordPress\/#\/schema\/person\/53fba112c6f4f0b335578890a816262e"},"potentialAction":[{"@type":"SearchAction","target":{"@type":"EntryPoint","urlTemplate":"https:\/\/enricomaciasloriental.fr\/WordPress\/?s={search_term_string}"},"query-input":{"@type":"PropertyValueSpecification","valueRequired":true,"valueName":"search_term_string"}}],"inLanguage":"fr-FR"},{"@type":["Person","Organization"],"@id":"https:\/\/enricomaciasloriental.fr\/WordPress\/#\/schema\/person\/53fba112c6f4f0b335578890a816262e","name":"Loriental","image":{"@type":"ImageObject","inLanguage":"fr-FR","@id":"https:\/\/enricomaciasloriental.fr\/WordPress\/wp-content\/uploads\/\/2015\/02\/cropped-bannier_altaiir-enrico.jpg","url":"https:\/\/enricomaciasloriental.fr\/WordPress\/wp-content\/uploads\/\/2015\/02\/cropped-bannier_altaiir-enrico.jpg","contentUrl":"https:\/\/enricomaciasloriental.fr\/WordPress\/wp-content\/uploads\/\/2015\/02\/cropped-bannier_altaiir-enrico.jpg","width":1200,"height":150,"caption":"Loriental"},"logo":{"@id":"https:\/\/enricomaciasloriental.fr\/WordPress\/wp-content\/uploads\/\/2015\/02\/cropped-bannier_altaiir-enrico.jpg"},"sameAs":["http:\/\/www.enricomaciasloriental.fr\/"]}]}},"featured_image_src":"","featured_image_src_square":false,"author_info":{"display_name":"Loriental","author_link":"https:\/\/enricomaciasloriental.fr\/WordPress\/author\/admin9234\/"},"rbea_author_info":{"display_name":"Loriental","author_link":"https:\/\/enricomaciasloriental.fr\/WordPress\/author\/admin9234\/"},"rbea_excerpt_info":"\u00dcnl\u00fc organizat\u00f6r Erkan \u00d6zerman, 50 y\u0131ll\u0131k dostu, d\u00fcnyaca \u00fcnl\u00fc Frans\u0131z sanat\u00e7\u0131 Enrico Macias&rsquo;la AK\u015eAM okurlar\u0131 i\u00e7in \u00e7ok \u00f6zel bir r\u00f6portaja imza att\u0131. Van depremi, T\u00fcrkiye&rsquo;ye olan sevgisi ve \u00f6zel hayat\u0131yla ilgili konu\u015fan Macias, eski a\u015fk\u0131 Ajda Pekkan&rsquo;\u0131 gazetede g\u00f6rd\u00fc\u011f\u00fcn\u00fc ve &hellip;<p class=\"read-more\"> <a class=\"more-link\" href=\"https:\/\/enricomaciasloriental.fr\/WordPress\/ajdayi-gazetede-gordum-tanimadim\/\"> <span class=\"screen-reader-text\">Ajda&rsquo;y\u0131 gazetede g\u00f6rd\u00fcm, tan\u0131mad\u0131m!<\/span> Read More &raquo;<\/a><\/p>","category_list":"<a href=\"https:\/\/enricomaciasloriental.fr\/WordPress\/category\/actualites\/\">Actualit\u00e9s<\/a>","comments_num":"0 comments","_links":{"self":[{"href":"https:\/\/enricomaciasloriental.fr\/WordPress\/wp-json\/wp\/v2\/posts\/3753","targetHints":{"allow":["GET"]}}],"collection":[{"href":"https:\/\/enricomaciasloriental.fr\/WordPress\/wp-json\/wp\/v2\/posts"}],"about":[{"href":"https:\/\/enricomaciasloriental.fr\/WordPress\/wp-json\/wp\/v2\/types\/post"}],"author":[{"embeddable":true,"href":"https:\/\/enricomaciasloriental.fr\/WordPress\/wp-json\/wp\/v2\/users\/36"}],"replies":[{"embeddable":true,"href":"https:\/\/enricomaciasloriental.fr\/WordPress\/wp-json\/wp\/v2\/comments?post=3753"}],"version-history":[{"count":0,"href":"https:\/\/enricomaciasloriental.fr\/WordPress\/wp-json\/wp\/v2\/posts\/3753\/revisions"}],"wp:attachment":[{"href":"https:\/\/enricomaciasloriental.fr\/WordPress\/wp-json\/wp\/v2\/media?parent=3753"}],"wp:term":[{"taxonomy":"category","embeddable":true,"href":"https:\/\/enricomaciasloriental.fr\/WordPress\/wp-json\/wp\/v2\/categories?post=3753"},{"taxonomy":"post_tag","embeddable":true,"href":"https:\/\/enricomaciasloriental.fr\/WordPress\/wp-json\/wp\/v2\/tags?post=3753"}],"curies":[{"name":"wp","href":"https:\/\/api.w.org\/{rel}","templated":true}]}}