{"id":3778,"date":"2011-11-21T17:15:50","date_gmt":"2011-11-21T16:15:50","guid":{"rendered":"http:\/\/enricomaciasloriental.fr\/WordPress\/?p=3778"},"modified":"2011-11-21T17:15:50","modified_gmt":"2011-11-21T16:15:50","slug":"un-livre-sur-cheikh-raymond","status":"publish","type":"post","link":"https:\/\/enricomaciasloriental.fr\/WordPress\/un-livre-sur-cheikh-raymond\/","title":{"rendered":"Un livre sur Cheikh Raymond"},"content":{"rendered":"<p><strong><a href=\"https:\/\/enricomaciasloriental.fr\/WordPress\/wp-content\/uploads\/\/2011\/11\/resize_arr_bigimage_640cheikh7.jpg\"><img fetchpriority=\"high\" decoding=\"async\" class=\"alignleft size-full wp-image-3779\" title=\"resize_arr_bigimage_640cheikh7\" src=\"https:\/\/enricomaciasloriental.fr\/WordPress\/wp-content\/uploads\/\/2011\/11\/resize_arr_bigimage_640cheikh7.jpg\" alt=\"\" width=\"640\" height=\"206\" srcset=\"https:\/\/enricomaciasloriental.fr\/WordPress\/wp-content\/uploads\/2011\/11\/resize_arr_bigimage_640cheikh7.jpg 640w, https:\/\/enricomaciasloriental.fr\/WordPress\/wp-content\/uploads\/2011\/11\/resize_arr_bigimage_640cheikh7-300x96.jpg 300w\" sizes=\"(max-width: 640px) 100vw, 640px\" \/><\/a>Situ\u00e9e \u00e0 l\u2019est de l\u2019Alg\u00e9rie, Constantine, troisi\u00e8me ville du pays, n\u2019a pas une image canaille comme Oran.<\/strong> Morne et compass\u00e9e, disent ceux qui ne la portent pas dans leur coeur. Elle pue la religiosit\u00e9, ajouteront d\u2019autres. Juch\u00e9e sur une falaise, l\u2019ancienne capitale de la Numidie semble narguer le visiteur, tandis que ses nombreux ponts baptis\u00e9s de noms de saints donnent le vertige. <strong>La cit\u00e9 n\u2019en demeure pas moins l\u2019une des capitales du malouf, cette \u00e9cole de musique arabo-andalouse rapatri\u00e9e d\u2019Espagne apr\u00e8s la chute de Grenade, en 1492.<\/strong> Elle partage cet h\u00e9ritage avec Tunis et Tripoli et a longtemps abrit\u00e9, jusqu\u2019en 1987, un festival qui rendait hommage \u00e0 ce style de musique un peu moribond. Les noubas ou suites (treize et des poussi\u00e8res en tout) qui caract\u00e9risent la tradition constantinoise rel\u00e8vent du bel ouvrage. Les Ottomans qui sont pass\u00e9s par l\u00e0 y ont laiss\u00e9 aussi quelques traces admirables, donnant \u00e0 penser qu\u2019\u00e0 Constantine, on s\u2019adonnait \u00e0 la fusion avant l\u2019heure.<strong> Raymond Leyris<\/strong>, beau-p\u00e8re d\u2019<strong>Enrico Macias<\/strong>, y fut pour beaucoup.<\/p>\n<p><strong>N\u00e9 le 27 juillet 1912 d\u2019un p\u00e8re juif chaou\u00ef ais\u00e9 et d\u2019une m\u00e8re fran\u00e7aise, il fut abandonn\u00e9 par cette derni\u00e8re apr\u00e8s la mort de son g\u00e9niteur,<\/strong> sur le front de la Somme. Recueilli par une famille juive tr\u00e8s pauvre, le petit Raymond en h\u00e9rita un aspect rigoureux, fait d\u2019humilit\u00e9. Dans une photo d\u2019\u00e9poque, on le voit poser, \u00e0 l&rsquo;\u00e2ge de 15 ans, en costume local, clin d\u2019oeil \u00e0 une tradition qu\u2019il s\u2019emploiera toute sa vie \u00e0 r\u00e9habiliter. <strong>Ses professeurs furent les l\u00e9gendaires Cheikhs Chakleb et Bestandji et son orchestre comptait notamment Enrico Macias et son p\u00e8re Sylvain, ainsi que le fabuleux violoniste Nathan Bentari.<\/strong> Entre 1956 et 1961, alors au sommet de son art, il enregistra pr\u00e8s de trente 33 tours, auxquels s\u2019ajoutent les multiples 78 tours grav\u00e9s auparavant. Celui qu\u2019Enrico Macias d\u00e9signe comme son \u00ab chanteur pr\u00e9f\u00e9r\u00e9 \u00bb et dont il a \u00e9pous\u00e9 la fille, Suzy, fut assassin\u00e9 dans un souk de Constantine le 22 juin 1961, sans doute par un d\u00e9traqu\u00e9 qui voulait faire fuir la communaut\u00e9 juive. <strong>V\u00e9n\u00e9r\u00e9 par tous les grands noms du malouf,<\/strong> le Cheikh reste encore aujourd\u2019hui la r\u00e9f\u00e9rence majeure du genre. <strong>Le livre sign\u00e9 Bertrand Dicale le rappelle pertinemment.<\/strong><\/p>\n<p><strong>Rabah Mezouane<\/strong><\/p>\n<p>Article paru sur le site <a href=\"http:\/\/www.mondomix.com\">www.mondomix.com<\/a> <a href=\"http:\/\/www.mondomix.com\/actualite\/1716\/un-livre-sur-cheikh-raymond-leyris.htm\" target=\"_blank\">ICI<\/a><\/p>\n<p>[dailymotion]http:\/\/www.dailymotion.com\/video\/x3d1lt_cheikh-raymond-leyris-malouf-consta_music[\/dailymotion]<\/p>\n<p>[dailymotion]http:\/\/www.dailymotion.com\/video\/xlok4i_bertrand-dicale-cheikh-raymond-une-histoire-algerienne_news[\/dailymotion]<\/p>\n","protected":false},"excerpt":{"rendered":"<p>Situ\u00e9e \u00e0 l\u2019est de l\u2019Alg\u00e9rie, Constantine, troisi\u00e8me ville du pays, n\u2019a pas une image canaille comme Oran. Morne et compass\u00e9e, disent ceux qui ne la portent pas dans leur coeur. Elle pue la religiosit\u00e9, ajouteront d\u2019autres. Juch\u00e9e sur une falaise, &hellip;<\/p>\n<p class=\"read-more\"> <a class=\"more-link\" href=\"https:\/\/enricomaciasloriental.fr\/WordPress\/un-livre-sur-cheikh-raymond\/\"> <span class=\"screen-reader-text\">Un livre sur Cheikh Raymond<\/span> Read More &raquo;<\/a><\/p>\n","protected":false},"author":36,"featured_media":0,"comment_status":"open","ping_status":"open","sticky":false,"template":"","format":"standard","meta":{"footnotes":""},"categories":[1,6],"tags":[],"class_list":["post-3778","post","type-post","status-publish","format-standard","hentry","category-actualites","category-zoom-sur"],"yoast_head":"<!-- This site is optimized with the Yoast SEO plugin v27.4 - https:\/\/yoast.com\/product\/yoast-seo-wordpress\/ -->\n<title>Un livre sur Cheikh Raymond  - ENRICO MACIAS L&#039;Oriental<\/title>\n<meta name=\"robots\" content=\"index, follow, max-snippet:-1, max-image-preview:large, max-video-preview:-1\" \/>\n<link rel=\"canonical\" href=\"https:\/\/enricomaciasloriental.fr\/WordPress\/un-livre-sur-cheikh-raymond\/\" \/>\n<meta property=\"og:locale\" content=\"fr_FR\" \/>\n<meta property=\"og:type\" content=\"article\" \/>\n<meta property=\"og:title\" content=\"Un livre sur Cheikh Raymond  - ENRICO MACIAS L&#039;Oriental\" \/>\n<meta property=\"og:description\" content=\"Situ\u00e9e \u00e0 l\u2019est de l\u2019Alg\u00e9rie, Constantine, troisi\u00e8me ville du pays, n\u2019a pas une image canaille comme Oran. Morne et compass\u00e9e, disent ceux qui ne la portent pas dans leur coeur. Elle pue la religiosit\u00e9, ajouteront d\u2019autres. Juch\u00e9e sur une falaise, &hellip; Un livre sur Cheikh Raymond Read More &raquo;\" \/>\n<meta property=\"og:url\" content=\"https:\/\/enricomaciasloriental.fr\/WordPress\/un-livre-sur-cheikh-raymond\/\" \/>\n<meta property=\"og:site_name\" content=\"ENRICO MACIAS L&#039;Oriental\" \/>\n<meta property=\"article:published_time\" content=\"2011-11-21T16:15:50+00:00\" \/>\n<meta property=\"og:image\" content=\"http:\/\/enricomaciasloriental.fr\/WordPress\/wp-content\/uploads\/\/2011\/11\/resize_arr_bigimage_640cheikh7.jpg\" \/>\n<meta name=\"author\" content=\"Loriental\" \/>\n<meta name=\"twitter:card\" content=\"summary_large_image\" \/>\n<meta name=\"twitter:label1\" content=\"\u00c9crit par\" \/>\n\t<meta name=\"twitter:data1\" content=\"Loriental\" \/>\n\t<meta name=\"twitter:label2\" content=\"Dur\u00e9e de lecture estim\u00e9e\" \/>\n\t<meta name=\"twitter:data2\" content=\"2 minutes\" \/>\n<script type=\"application\/ld+json\" class=\"yoast-schema-graph\">{\"@context\":\"https:\\\/\\\/schema.org\",\"@graph\":[{\"@type\":\"Article\",\"@id\":\"https:\\\/\\\/enricomaciasloriental.fr\\\/WordPress\\\/un-livre-sur-cheikh-raymond\\\/#article\",\"isPartOf\":{\"@id\":\"https:\\\/\\\/enricomaciasloriental.fr\\\/WordPress\\\/un-livre-sur-cheikh-raymond\\\/\"},\"author\":{\"name\":\"Loriental\",\"@id\":\"https:\\\/\\\/enricomaciasloriental.fr\\\/WordPress\\\/#\\\/schema\\\/person\\\/53fba112c6f4f0b335578890a816262e\"},\"headline\":\"Un livre sur Cheikh Raymond\",\"datePublished\":\"2011-11-21T16:15:50+00:00\",\"mainEntityOfPage\":{\"@id\":\"https:\\\/\\\/enricomaciasloriental.fr\\\/WordPress\\\/un-livre-sur-cheikh-raymond\\\/\"},\"wordCount\":441,\"commentCount\":0,\"publisher\":{\"@id\":\"https:\\\/\\\/enricomaciasloriental.fr\\\/WordPress\\\/#\\\/schema\\\/person\\\/53fba112c6f4f0b335578890a816262e\"},\"image\":{\"@id\":\"https:\\\/\\\/enricomaciasloriental.fr\\\/WordPress\\\/un-livre-sur-cheikh-raymond\\\/#primaryimage\"},\"thumbnailUrl\":\"http:\\\/\\\/enricomaciasloriental.fr\\\/WordPress\\\/wp-content\\\/uploads\\\/\\\/2011\\\/11\\\/resize_arr_bigimage_640cheikh7.jpg\",\"articleSection\":[\"Actualit\u00e9s\",\"Zoom sur\"],\"inLanguage\":\"fr-FR\",\"potentialAction\":[{\"@type\":\"CommentAction\",\"name\":\"Comment\",\"target\":[\"https:\\\/\\\/enricomaciasloriental.fr\\\/WordPress\\\/un-livre-sur-cheikh-raymond\\\/#respond\"]}]},{\"@type\":\"WebPage\",\"@id\":\"https:\\\/\\\/enricomaciasloriental.fr\\\/WordPress\\\/un-livre-sur-cheikh-raymond\\\/\",\"url\":\"https:\\\/\\\/enricomaciasloriental.fr\\\/WordPress\\\/un-livre-sur-cheikh-raymond\\\/\",\"name\":\"Un livre sur Cheikh Raymond - ENRICO MACIAS L&#039;Oriental\",\"isPartOf\":{\"@id\":\"https:\\\/\\\/enricomaciasloriental.fr\\\/WordPress\\\/#website\"},\"primaryImageOfPage\":{\"@id\":\"https:\\\/\\\/enricomaciasloriental.fr\\\/WordPress\\\/un-livre-sur-cheikh-raymond\\\/#primaryimage\"},\"image\":{\"@id\":\"https:\\\/\\\/enricomaciasloriental.fr\\\/WordPress\\\/un-livre-sur-cheikh-raymond\\\/#primaryimage\"},\"thumbnailUrl\":\"http:\\\/\\\/enricomaciasloriental.fr\\\/WordPress\\\/wp-content\\\/uploads\\\/\\\/2011\\\/11\\\/resize_arr_bigimage_640cheikh7.jpg\",\"datePublished\":\"2011-11-21T16:15:50+00:00\",\"breadcrumb\":{\"@id\":\"https:\\\/\\\/enricomaciasloriental.fr\\\/WordPress\\\/un-livre-sur-cheikh-raymond\\\/#breadcrumb\"},\"inLanguage\":\"fr-FR\",\"potentialAction\":[{\"@type\":\"ReadAction\",\"target\":[\"https:\\\/\\\/enricomaciasloriental.fr\\\/WordPress\\\/un-livre-sur-cheikh-raymond\\\/\"]}]},{\"@type\":\"ImageObject\",\"inLanguage\":\"fr-FR\",\"@id\":\"https:\\\/\\\/enricomaciasloriental.fr\\\/WordPress\\\/un-livre-sur-cheikh-raymond\\\/#primaryimage\",\"url\":\"https:\\\/\\\/enricomaciasloriental.fr\\\/WordPress\\\/wp-content\\\/uploads\\\/\\\/2011\\\/11\\\/resize_arr_bigimage_640cheikh7.jpg\",\"contentUrl\":\"https:\\\/\\\/enricomaciasloriental.fr\\\/WordPress\\\/wp-content\\\/uploads\\\/\\\/2011\\\/11\\\/resize_arr_bigimage_640cheikh7.jpg\",\"width\":\"640\",\"height\":\"206\"},{\"@type\":\"BreadcrumbList\",\"@id\":\"https:\\\/\\\/enricomaciasloriental.fr\\\/WordPress\\\/un-livre-sur-cheikh-raymond\\\/#breadcrumb\",\"itemListElement\":[{\"@type\":\"ListItem\",\"position\":1,\"name\":\"Accueil\",\"item\":\"https:\\\/\\\/enricomaciasloriental.fr\\\/WordPress\\\/\"},{\"@type\":\"ListItem\",\"position\":2,\"name\":\"Un livre sur Cheikh Raymond\"}]},{\"@type\":\"WebSite\",\"@id\":\"https:\\\/\\\/enricomaciasloriental.fr\\\/WordPress\\\/#website\",\"url\":\"https:\\\/\\\/enricomaciasloriental.fr\\\/WordPress\\\/\",\"name\":\"ENRICO MACIAS L'Oriental\",\"description\":\"IL EST COMME LE SOLEIL\",\"publisher\":{\"@id\":\"https:\\\/\\\/enricomaciasloriental.fr\\\/WordPress\\\/#\\\/schema\\\/person\\\/53fba112c6f4f0b335578890a816262e\"},\"potentialAction\":[{\"@type\":\"SearchAction\",\"target\":{\"@type\":\"EntryPoint\",\"urlTemplate\":\"https:\\\/\\\/enricomaciasloriental.fr\\\/WordPress\\\/?s={search_term_string}\"},\"query-input\":{\"@type\":\"PropertyValueSpecification\",\"valueRequired\":true,\"valueName\":\"search_term_string\"}}],\"inLanguage\":\"fr-FR\"},{\"@type\":[\"Person\",\"Organization\"],\"@id\":\"https:\\\/\\\/enricomaciasloriental.fr\\\/WordPress\\\/#\\\/schema\\\/person\\\/53fba112c6f4f0b335578890a816262e\",\"name\":\"Loriental\",\"image\":{\"@type\":\"ImageObject\",\"inLanguage\":\"fr-FR\",\"@id\":\"https:\\\/\\\/enricomaciasloriental.fr\\\/WordPress\\\/wp-content\\\/uploads\\\/\\\/2015\\\/02\\\/cropped-bannier_altaiir-enrico.jpg\",\"url\":\"https:\\\/\\\/enricomaciasloriental.fr\\\/WordPress\\\/wp-content\\\/uploads\\\/\\\/2015\\\/02\\\/cropped-bannier_altaiir-enrico.jpg\",\"contentUrl\":\"https:\\\/\\\/enricomaciasloriental.fr\\\/WordPress\\\/wp-content\\\/uploads\\\/\\\/2015\\\/02\\\/cropped-bannier_altaiir-enrico.jpg\",\"width\":1200,\"height\":150,\"caption\":\"Loriental\"},\"logo\":{\"@id\":\"https:\\\/\\\/enricomaciasloriental.fr\\\/WordPress\\\/wp-content\\\/uploads\\\/\\\/2015\\\/02\\\/cropped-bannier_altaiir-enrico.jpg\"},\"sameAs\":[\"http:\\\/\\\/www.enricomaciasloriental.fr\\\/\"]}]}<\/script>\n<!-- \/ Yoast SEO plugin. -->","yoast_head_json":{"title":"Un livre sur Cheikh Raymond  - ENRICO MACIAS L&#039;Oriental","robots":{"index":"index","follow":"follow","max-snippet":"max-snippet:-1","max-image-preview":"max-image-preview:large","max-video-preview":"max-video-preview:-1"},"canonical":"https:\/\/enricomaciasloriental.fr\/WordPress\/un-livre-sur-cheikh-raymond\/","og_locale":"fr_FR","og_type":"article","og_title":"Un livre sur Cheikh Raymond  - ENRICO MACIAS L&#039;Oriental","og_description":"Situ\u00e9e \u00e0 l\u2019est de l\u2019Alg\u00e9rie, Constantine, troisi\u00e8me ville du pays, n\u2019a pas une image canaille comme Oran. Morne et compass\u00e9e, disent ceux qui ne la portent pas dans leur coeur. Elle pue la religiosit\u00e9, ajouteront d\u2019autres. Juch\u00e9e sur une falaise, &hellip; Un livre sur Cheikh Raymond Read More &raquo;","og_url":"https:\/\/enricomaciasloriental.fr\/WordPress\/un-livre-sur-cheikh-raymond\/","og_site_name":"ENRICO MACIAS L&#039;Oriental","article_published_time":"2011-11-21T16:15:50+00:00","og_image":[{"url":"http:\/\/enricomaciasloriental.fr\/WordPress\/wp-content\/uploads\/\/2011\/11\/resize_arr_bigimage_640cheikh7.jpg","type":"","width":"","height":""}],"author":"Loriental","twitter_card":"summary_large_image","twitter_misc":{"\u00c9crit par":"Loriental","Dur\u00e9e de lecture estim\u00e9e":"2 minutes"},"schema":{"@context":"https:\/\/schema.org","@graph":[{"@type":"Article","@id":"https:\/\/enricomaciasloriental.fr\/WordPress\/un-livre-sur-cheikh-raymond\/#article","isPartOf":{"@id":"https:\/\/enricomaciasloriental.fr\/WordPress\/un-livre-sur-cheikh-raymond\/"},"author":{"name":"Loriental","@id":"https:\/\/enricomaciasloriental.fr\/WordPress\/#\/schema\/person\/53fba112c6f4f0b335578890a816262e"},"headline":"Un livre sur Cheikh Raymond","datePublished":"2011-11-21T16:15:50+00:00","mainEntityOfPage":{"@id":"https:\/\/enricomaciasloriental.fr\/WordPress\/un-livre-sur-cheikh-raymond\/"},"wordCount":441,"commentCount":0,"publisher":{"@id":"https:\/\/enricomaciasloriental.fr\/WordPress\/#\/schema\/person\/53fba112c6f4f0b335578890a816262e"},"image":{"@id":"https:\/\/enricomaciasloriental.fr\/WordPress\/un-livre-sur-cheikh-raymond\/#primaryimage"},"thumbnailUrl":"http:\/\/enricomaciasloriental.fr\/WordPress\/wp-content\/uploads\/\/2011\/11\/resize_arr_bigimage_640cheikh7.jpg","articleSection":["Actualit\u00e9s","Zoom sur"],"inLanguage":"fr-FR","potentialAction":[{"@type":"CommentAction","name":"Comment","target":["https:\/\/enricomaciasloriental.fr\/WordPress\/un-livre-sur-cheikh-raymond\/#respond"]}]},{"@type":"WebPage","@id":"https:\/\/enricomaciasloriental.fr\/WordPress\/un-livre-sur-cheikh-raymond\/","url":"https:\/\/enricomaciasloriental.fr\/WordPress\/un-livre-sur-cheikh-raymond\/","name":"Un livre sur Cheikh Raymond - ENRICO MACIAS L&#039;Oriental","isPartOf":{"@id":"https:\/\/enricomaciasloriental.fr\/WordPress\/#website"},"primaryImageOfPage":{"@id":"https:\/\/enricomaciasloriental.fr\/WordPress\/un-livre-sur-cheikh-raymond\/#primaryimage"},"image":{"@id":"https:\/\/enricomaciasloriental.fr\/WordPress\/un-livre-sur-cheikh-raymond\/#primaryimage"},"thumbnailUrl":"http:\/\/enricomaciasloriental.fr\/WordPress\/wp-content\/uploads\/\/2011\/11\/resize_arr_bigimage_640cheikh7.jpg","datePublished":"2011-11-21T16:15:50+00:00","breadcrumb":{"@id":"https:\/\/enricomaciasloriental.fr\/WordPress\/un-livre-sur-cheikh-raymond\/#breadcrumb"},"inLanguage":"fr-FR","potentialAction":[{"@type":"ReadAction","target":["https:\/\/enricomaciasloriental.fr\/WordPress\/un-livre-sur-cheikh-raymond\/"]}]},{"@type":"ImageObject","inLanguage":"fr-FR","@id":"https:\/\/enricomaciasloriental.fr\/WordPress\/un-livre-sur-cheikh-raymond\/#primaryimage","url":"https:\/\/enricomaciasloriental.fr\/WordPress\/wp-content\/uploads\/\/2011\/11\/resize_arr_bigimage_640cheikh7.jpg","contentUrl":"https:\/\/enricomaciasloriental.fr\/WordPress\/wp-content\/uploads\/\/2011\/11\/resize_arr_bigimage_640cheikh7.jpg","width":"640","height":"206"},{"@type":"BreadcrumbList","@id":"https:\/\/enricomaciasloriental.fr\/WordPress\/un-livre-sur-cheikh-raymond\/#breadcrumb","itemListElement":[{"@type":"ListItem","position":1,"name":"Accueil","item":"https:\/\/enricomaciasloriental.fr\/WordPress\/"},{"@type":"ListItem","position":2,"name":"Un livre sur Cheikh Raymond"}]},{"@type":"WebSite","@id":"https:\/\/enricomaciasloriental.fr\/WordPress\/#website","url":"https:\/\/enricomaciasloriental.fr\/WordPress\/","name":"ENRICO MACIAS L'Oriental","description":"IL EST COMME LE SOLEIL","publisher":{"@id":"https:\/\/enricomaciasloriental.fr\/WordPress\/#\/schema\/person\/53fba112c6f4f0b335578890a816262e"},"potentialAction":[{"@type":"SearchAction","target":{"@type":"EntryPoint","urlTemplate":"https:\/\/enricomaciasloriental.fr\/WordPress\/?s={search_term_string}"},"query-input":{"@type":"PropertyValueSpecification","valueRequired":true,"valueName":"search_term_string"}}],"inLanguage":"fr-FR"},{"@type":["Person","Organization"],"@id":"https:\/\/enricomaciasloriental.fr\/WordPress\/#\/schema\/person\/53fba112c6f4f0b335578890a816262e","name":"Loriental","image":{"@type":"ImageObject","inLanguage":"fr-FR","@id":"https:\/\/enricomaciasloriental.fr\/WordPress\/wp-content\/uploads\/\/2015\/02\/cropped-bannier_altaiir-enrico.jpg","url":"https:\/\/enricomaciasloriental.fr\/WordPress\/wp-content\/uploads\/\/2015\/02\/cropped-bannier_altaiir-enrico.jpg","contentUrl":"https:\/\/enricomaciasloriental.fr\/WordPress\/wp-content\/uploads\/\/2015\/02\/cropped-bannier_altaiir-enrico.jpg","width":1200,"height":150,"caption":"Loriental"},"logo":{"@id":"https:\/\/enricomaciasloriental.fr\/WordPress\/wp-content\/uploads\/\/2015\/02\/cropped-bannier_altaiir-enrico.jpg"},"sameAs":["http:\/\/www.enricomaciasloriental.fr\/"]}]}},"featured_image_src":"","featured_image_src_square":false,"author_info":{"display_name":"Loriental","author_link":"https:\/\/enricomaciasloriental.fr\/WordPress\/author\/admin9234\/"},"rbea_author_info":{"display_name":"Loriental","author_link":"https:\/\/enricomaciasloriental.fr\/WordPress\/author\/admin9234\/"},"rbea_excerpt_info":"Situ\u00e9e \u00e0 l\u2019est de l\u2019Alg\u00e9rie, Constantine, troisi\u00e8me ville du pays, n\u2019a pas une image canaille comme Oran. Morne et compass\u00e9e, disent ceux qui ne la portent pas dans leur coeur. Elle pue la religiosit\u00e9, ajouteront d\u2019autres. Juch\u00e9e sur une falaise, &hellip;<p class=\"read-more\"> <a class=\"more-link\" href=\"https:\/\/enricomaciasloriental.fr\/WordPress\/un-livre-sur-cheikh-raymond\/\"> <span class=\"screen-reader-text\">Un livre sur Cheikh Raymond<\/span> Read More &raquo;<\/a><\/p>","category_list":"<a href=\"https:\/\/enricomaciasloriental.fr\/WordPress\/category\/actualites\/\">Actualit\u00e9s<\/a>, <a href=\"https:\/\/enricomaciasloriental.fr\/WordPress\/category\/zoom-sur\/\">Zoom sur<\/a>","comments_num":"0 comments","_links":{"self":[{"href":"https:\/\/enricomaciasloriental.fr\/WordPress\/wp-json\/wp\/v2\/posts\/3778","targetHints":{"allow":["GET"]}}],"collection":[{"href":"https:\/\/enricomaciasloriental.fr\/WordPress\/wp-json\/wp\/v2\/posts"}],"about":[{"href":"https:\/\/enricomaciasloriental.fr\/WordPress\/wp-json\/wp\/v2\/types\/post"}],"author":[{"embeddable":true,"href":"https:\/\/enricomaciasloriental.fr\/WordPress\/wp-json\/wp\/v2\/users\/36"}],"replies":[{"embeddable":true,"href":"https:\/\/enricomaciasloriental.fr\/WordPress\/wp-json\/wp\/v2\/comments?post=3778"}],"version-history":[{"count":0,"href":"https:\/\/enricomaciasloriental.fr\/WordPress\/wp-json\/wp\/v2\/posts\/3778\/revisions"}],"wp:attachment":[{"href":"https:\/\/enricomaciasloriental.fr\/WordPress\/wp-json\/wp\/v2\/media?parent=3778"}],"wp:term":[{"taxonomy":"category","embeddable":true,"href":"https:\/\/enricomaciasloriental.fr\/WordPress\/wp-json\/wp\/v2\/categories?post=3778"},{"taxonomy":"post_tag","embeddable":true,"href":"https:\/\/enricomaciasloriental.fr\/WordPress\/wp-json\/wp\/v2\/tags?post=3778"}],"curies":[{"name":"wp","href":"https:\/\/api.w.org\/{rel}","templated":true}]}}