{"id":3795,"date":"2011-11-23T18:03:19","date_gmt":"2011-11-23T17:03:19","guid":{"rendered":"http:\/\/enricomaciasloriental.fr\/WordPress\/?p=3795"},"modified":"2015-07-04T18:29:52","modified_gmt":"2015-07-04T16:29:52","slug":"enrico-macias-soiree-hommage","status":"publish","type":"post","link":"https:\/\/enricomaciasloriental.fr\/WordPress\/enrico-macias-soiree-hommage\/","title":{"rendered":"ENRICO MACIAS &#8211; SOIR\u00c9E HOMMAGE"},"content":{"rendered":"<p><a href=\"https:\/\/enricomaciasloriental.fr\/WordPress\/wp-content\/uploads\/\/2011\/11\/enrico.jpg\"><img fetchpriority=\"high\" decoding=\"async\" class=\"alignleft size-full wp-image-3796\" title=\"enrico\" src=\"https:\/\/enricomaciasloriental.fr\/WordPress\/wp-content\/uploads\/\/2011\/11\/enrico.jpg\" alt=\"\" width=\"571\" height=\"320\" srcset=\"https:\/\/enricomaciasloriental.fr\/WordPress\/wp-content\/uploads\/2011\/11\/enrico.jpg 571w, https:\/\/enricomaciasloriental.fr\/WordPress\/wp-content\/uploads\/2011\/11\/enrico-300x168.jpg 300w\" sizes=\"(max-width: 571px) 100vw, 571px\" \/><\/a>H\u00f4tel Hayatt | Dimanche, 27 Novembre 2011 18:00<\/p>\n<table border=\"0\" align=\"center\">\n<tbody>\n<tr>\n<td>\n<table border=\"0\">\n<tbody>\n<tr>\n<td><strong>Une soir\u00e9e-spectacle<\/strong> anim\u00e9e par <strong>Sonia Benezra et Marc Kakon<\/strong>, pour c\u00e9l\u00e9brer \u00e0 la fois le musicien et l&rsquo;homme engag\u00e9.<\/p>\n<p>En pr\u00e9sence de nombreux invit\u00e9s surprise.<\/p>\n<p>Cet artiste et ami fran\u00e7ais qui chante l\u2019amour, la fraternit\u00e9, le rapprochement entre les cultures et les peuples depuis plus de quarante ans, est \u00e9galement ambassadeur pour la Paix aupr\u00e8s des Nations Unies. Accompagn\u00e9 de ses musiciens et d\u2019un <strong>orchestre symphonique<\/strong> sous la direction de <strong>Tom Cohen<\/strong>, <strong>Enrico Macias<\/strong> pr\u00e9sentera en grande premi\u00e8re nord-am\u00e9ricaine, son plus r\u00e9cent spctacle inspir\u00e9 de son nouvel album.<\/td>\n<\/tr>\n<\/tbody>\n<\/table>\n<\/td>\n<td>\n<table border=\"0\">\n<tbody>\n<tr>\n<td><\/td>\n<\/tr>\n<tr>\n<td><\/td>\n<\/tr>\n<\/tbody>\n<\/table>\n<\/td>\n<\/tr>\n<\/tbody>\n<\/table>\n<p><strong>R\u00e9servez d\u00e8s \u00e0 pr\u00e9sent\u00a0 votre soir\u00e9e du 27 novembre<br \/>\n<\/strong><\/p>\n<p><strong>Bar ouvert-Cocktail-D\u00eener-Hommage et Spectacle<\/strong><\/p>\n<div>Cocktail\u00a0 \u00e0 partir de 18h00<\/div>\n<div>Voir le site du Festival Sefarad de Montr\u00e9al : ICI<\/div>\n<p>&nbsp;<\/p>\n","protected":false},"excerpt":{"rendered":"<p>H\u00f4tel Hayatt | Dimanche, 27 Novembre 2011 18:00 Une soir\u00e9e-spectacle anim\u00e9e par Sonia Benezra et Marc Kakon, pour c\u00e9l\u00e9brer \u00e0 la fois le musicien et l&rsquo;homme engag\u00e9. En pr\u00e9sence de nombreux invit\u00e9s surprise. Cet artiste et ami fran\u00e7ais qui chante &hellip;<\/p>\n<p class=\"read-more\"> <a class=\"more-link\" href=\"https:\/\/enricomaciasloriental.fr\/WordPress\/enrico-macias-soiree-hommage\/\"> <span class=\"screen-reader-text\">ENRICO MACIAS &#8211; SOIR\u00c9E HOMMAGE<\/span> Read More &raquo;<\/a><\/p>\n","protected":false},"author":36,"featured_media":0,"comment_status":"open","ping_status":"open","sticky":false,"template":"","format":"standard","meta":{"footnotes":""},"categories":[1],"tags":[],"class_list":["post-3795","post","type-post","status-publish","format-standard","hentry","category-actualites"],"yoast_head":"<!-- This site is optimized with the Yoast SEO plugin v27.4 - https:\/\/yoast.com\/product\/yoast-seo-wordpress\/ -->\n<title>ENRICO MACIAS - SOIR\u00c9E HOMMAGE - ENRICO MACIAS L&#039;Oriental<\/title>\n<meta name=\"robots\" content=\"index, follow, max-snippet:-1, max-image-preview:large, max-video-preview:-1\" \/>\n<link rel=\"canonical\" href=\"https:\/\/enricomaciasloriental.fr\/WordPress\/enrico-macias-soiree-hommage\/\" \/>\n<meta property=\"og:locale\" content=\"fr_FR\" \/>\n<meta property=\"og:type\" content=\"article\" \/>\n<meta property=\"og:title\" content=\"ENRICO MACIAS - SOIR\u00c9E HOMMAGE - ENRICO MACIAS L&#039;Oriental\" \/>\n<meta property=\"og:description\" content=\"H\u00f4tel Hayatt | Dimanche, 27 Novembre 2011 18:00 Une soir\u00e9e-spectacle anim\u00e9e par Sonia Benezra et Marc Kakon, pour c\u00e9l\u00e9brer \u00e0 la fois le musicien et l&rsquo;homme engag\u00e9. En pr\u00e9sence de nombreux invit\u00e9s surprise. Cet artiste et ami fran\u00e7ais qui chante &hellip; ENRICO MACIAS &#8211; SOIR\u00c9E HOMMAGE Read More &raquo;\" \/>\n<meta property=\"og:url\" content=\"https:\/\/enricomaciasloriental.fr\/WordPress\/enrico-macias-soiree-hommage\/\" \/>\n<meta property=\"og:site_name\" content=\"ENRICO MACIAS L&#039;Oriental\" \/>\n<meta property=\"article:published_time\" content=\"2011-11-23T17:03:19+00:00\" \/>\n<meta property=\"article:modified_time\" content=\"2015-07-04T16:29:52+00:00\" \/>\n<meta property=\"og:image\" content=\"http:\/\/enricomaciasloriental.fr\/WordPress\/wp-content\/uploads\/\/2011\/11\/enrico.jpg\" \/>\n<meta name=\"author\" content=\"Loriental\" \/>\n<meta name=\"twitter:card\" content=\"summary_large_image\" \/>\n<meta name=\"twitter:label1\" content=\"\u00c9crit par\" \/>\n\t<meta name=\"twitter:data1\" content=\"Loriental\" \/>\n\t<meta name=\"twitter:label2\" content=\"Dur\u00e9e de lecture estim\u00e9e\" \/>\n\t<meta name=\"twitter:data2\" content=\"1 minute\" \/>\n<script type=\"application\/ld+json\" class=\"yoast-schema-graph\">{\"@context\":\"https:\\\/\\\/schema.org\",\"@graph\":[{\"@type\":\"Article\",\"@id\":\"https:\\\/\\\/enricomaciasloriental.fr\\\/WordPress\\\/enrico-macias-soiree-hommage\\\/#article\",\"isPartOf\":{\"@id\":\"https:\\\/\\\/enricomaciasloriental.fr\\\/WordPress\\\/enrico-macias-soiree-hommage\\\/\"},\"author\":{\"name\":\"Loriental\",\"@id\":\"https:\\\/\\\/enricomaciasloriental.fr\\\/WordPress\\\/#\\\/schema\\\/person\\\/53fba112c6f4f0b335578890a816262e\"},\"headline\":\"ENRICO MACIAS &#8211; SOIR\u00c9E HOMMAGE\",\"datePublished\":\"2011-11-23T17:03:19+00:00\",\"dateModified\":\"2015-07-04T16:29:52+00:00\",\"mainEntityOfPage\":{\"@id\":\"https:\\\/\\\/enricomaciasloriental.fr\\\/WordPress\\\/enrico-macias-soiree-hommage\\\/\"},\"wordCount\":144,\"commentCount\":0,\"publisher\":{\"@id\":\"https:\\\/\\\/enricomaciasloriental.fr\\\/WordPress\\\/#\\\/schema\\\/person\\\/53fba112c6f4f0b335578890a816262e\"},\"image\":{\"@id\":\"https:\\\/\\\/enricomaciasloriental.fr\\\/WordPress\\\/enrico-macias-soiree-hommage\\\/#primaryimage\"},\"thumbnailUrl\":\"http:\\\/\\\/enricomaciasloriental.fr\\\/WordPress\\\/wp-content\\\/uploads\\\/\\\/2011\\\/11\\\/enrico.jpg\",\"articleSection\":[\"Actualit\u00e9s\"],\"inLanguage\":\"fr-FR\",\"potentialAction\":[{\"@type\":\"CommentAction\",\"name\":\"Comment\",\"target\":[\"https:\\\/\\\/enricomaciasloriental.fr\\\/WordPress\\\/enrico-macias-soiree-hommage\\\/#respond\"]}]},{\"@type\":\"WebPage\",\"@id\":\"https:\\\/\\\/enricomaciasloriental.fr\\\/WordPress\\\/enrico-macias-soiree-hommage\\\/\",\"url\":\"https:\\\/\\\/enricomaciasloriental.fr\\\/WordPress\\\/enrico-macias-soiree-hommage\\\/\",\"name\":\"ENRICO MACIAS - SOIR\u00c9E HOMMAGE - ENRICO MACIAS L&#039;Oriental\",\"isPartOf\":{\"@id\":\"https:\\\/\\\/enricomaciasloriental.fr\\\/WordPress\\\/#website\"},\"primaryImageOfPage\":{\"@id\":\"https:\\\/\\\/enricomaciasloriental.fr\\\/WordPress\\\/enrico-macias-soiree-hommage\\\/#primaryimage\"},\"image\":{\"@id\":\"https:\\\/\\\/enricomaciasloriental.fr\\\/WordPress\\\/enrico-macias-soiree-hommage\\\/#primaryimage\"},\"thumbnailUrl\":\"http:\\\/\\\/enricomaciasloriental.fr\\\/WordPress\\\/wp-content\\\/uploads\\\/\\\/2011\\\/11\\\/enrico.jpg\",\"datePublished\":\"2011-11-23T17:03:19+00:00\",\"dateModified\":\"2015-07-04T16:29:52+00:00\",\"breadcrumb\":{\"@id\":\"https:\\\/\\\/enricomaciasloriental.fr\\\/WordPress\\\/enrico-macias-soiree-hommage\\\/#breadcrumb\"},\"inLanguage\":\"fr-FR\",\"potentialAction\":[{\"@type\":\"ReadAction\",\"target\":[\"https:\\\/\\\/enricomaciasloriental.fr\\\/WordPress\\\/enrico-macias-soiree-hommage\\\/\"]}]},{\"@type\":\"ImageObject\",\"inLanguage\":\"fr-FR\",\"@id\":\"https:\\\/\\\/enricomaciasloriental.fr\\\/WordPress\\\/enrico-macias-soiree-hommage\\\/#primaryimage\",\"url\":\"https:\\\/\\\/enricomaciasloriental.fr\\\/WordPress\\\/wp-content\\\/uploads\\\/\\\/2011\\\/11\\\/enrico.jpg\",\"contentUrl\":\"https:\\\/\\\/enricomaciasloriental.fr\\\/WordPress\\\/wp-content\\\/uploads\\\/\\\/2011\\\/11\\\/enrico.jpg\",\"width\":\"571\",\"height\":\"320\"},{\"@type\":\"BreadcrumbList\",\"@id\":\"https:\\\/\\\/enricomaciasloriental.fr\\\/WordPress\\\/enrico-macias-soiree-hommage\\\/#breadcrumb\",\"itemListElement\":[{\"@type\":\"ListItem\",\"position\":1,\"name\":\"Accueil\",\"item\":\"https:\\\/\\\/enricomaciasloriental.fr\\\/WordPress\\\/\"},{\"@type\":\"ListItem\",\"position\":2,\"name\":\"ENRICO MACIAS &#8211; SOIR\u00c9E HOMMAGE\"}]},{\"@type\":\"WebSite\",\"@id\":\"https:\\\/\\\/enricomaciasloriental.fr\\\/WordPress\\\/#website\",\"url\":\"https:\\\/\\\/enricomaciasloriental.fr\\\/WordPress\\\/\",\"name\":\"ENRICO MACIAS L'Oriental\",\"description\":\"IL EST COMME LE SOLEIL\",\"publisher\":{\"@id\":\"https:\\\/\\\/enricomaciasloriental.fr\\\/WordPress\\\/#\\\/schema\\\/person\\\/53fba112c6f4f0b335578890a816262e\"},\"potentialAction\":[{\"@type\":\"SearchAction\",\"target\":{\"@type\":\"EntryPoint\",\"urlTemplate\":\"https:\\\/\\\/enricomaciasloriental.fr\\\/WordPress\\\/?s={search_term_string}\"},\"query-input\":{\"@type\":\"PropertyValueSpecification\",\"valueRequired\":true,\"valueName\":\"search_term_string\"}}],\"inLanguage\":\"fr-FR\"},{\"@type\":[\"Person\",\"Organization\"],\"@id\":\"https:\\\/\\\/enricomaciasloriental.fr\\\/WordPress\\\/#\\\/schema\\\/person\\\/53fba112c6f4f0b335578890a816262e\",\"name\":\"Loriental\",\"image\":{\"@type\":\"ImageObject\",\"inLanguage\":\"fr-FR\",\"@id\":\"https:\\\/\\\/enricomaciasloriental.fr\\\/WordPress\\\/wp-content\\\/uploads\\\/\\\/2015\\\/02\\\/cropped-bannier_altaiir-enrico.jpg\",\"url\":\"https:\\\/\\\/enricomaciasloriental.fr\\\/WordPress\\\/wp-content\\\/uploads\\\/\\\/2015\\\/02\\\/cropped-bannier_altaiir-enrico.jpg\",\"contentUrl\":\"https:\\\/\\\/enricomaciasloriental.fr\\\/WordPress\\\/wp-content\\\/uploads\\\/\\\/2015\\\/02\\\/cropped-bannier_altaiir-enrico.jpg\",\"width\":1200,\"height\":150,\"caption\":\"Loriental\"},\"logo\":{\"@id\":\"https:\\\/\\\/enricomaciasloriental.fr\\\/WordPress\\\/wp-content\\\/uploads\\\/\\\/2015\\\/02\\\/cropped-bannier_altaiir-enrico.jpg\"},\"sameAs\":[\"http:\\\/\\\/www.enricomaciasloriental.fr\\\/\"]}]}<\/script>\n<!-- \/ Yoast SEO plugin. -->","yoast_head_json":{"title":"ENRICO MACIAS - SOIR\u00c9E HOMMAGE - ENRICO MACIAS L&#039;Oriental","robots":{"index":"index","follow":"follow","max-snippet":"max-snippet:-1","max-image-preview":"max-image-preview:large","max-video-preview":"max-video-preview:-1"},"canonical":"https:\/\/enricomaciasloriental.fr\/WordPress\/enrico-macias-soiree-hommage\/","og_locale":"fr_FR","og_type":"article","og_title":"ENRICO MACIAS - SOIR\u00c9E HOMMAGE - ENRICO MACIAS L&#039;Oriental","og_description":"H\u00f4tel Hayatt | Dimanche, 27 Novembre 2011 18:00 Une soir\u00e9e-spectacle anim\u00e9e par Sonia Benezra et Marc Kakon, pour c\u00e9l\u00e9brer \u00e0 la fois le musicien et l&rsquo;homme engag\u00e9. En pr\u00e9sence de nombreux invit\u00e9s surprise. Cet artiste et ami fran\u00e7ais qui chante &hellip; ENRICO MACIAS &#8211; SOIR\u00c9E HOMMAGE Read More &raquo;","og_url":"https:\/\/enricomaciasloriental.fr\/WordPress\/enrico-macias-soiree-hommage\/","og_site_name":"ENRICO MACIAS L&#039;Oriental","article_published_time":"2011-11-23T17:03:19+00:00","article_modified_time":"2015-07-04T16:29:52+00:00","og_image":[{"url":"http:\/\/enricomaciasloriental.fr\/WordPress\/wp-content\/uploads\/\/2011\/11\/enrico.jpg","type":"","width":"","height":""}],"author":"Loriental","twitter_card":"summary_large_image","twitter_misc":{"\u00c9crit par":"Loriental","Dur\u00e9e de lecture estim\u00e9e":"1 minute"},"schema":{"@context":"https:\/\/schema.org","@graph":[{"@type":"Article","@id":"https:\/\/enricomaciasloriental.fr\/WordPress\/enrico-macias-soiree-hommage\/#article","isPartOf":{"@id":"https:\/\/enricomaciasloriental.fr\/WordPress\/enrico-macias-soiree-hommage\/"},"author":{"name":"Loriental","@id":"https:\/\/enricomaciasloriental.fr\/WordPress\/#\/schema\/person\/53fba112c6f4f0b335578890a816262e"},"headline":"ENRICO MACIAS &#8211; SOIR\u00c9E HOMMAGE","datePublished":"2011-11-23T17:03:19+00:00","dateModified":"2015-07-04T16:29:52+00:00","mainEntityOfPage":{"@id":"https:\/\/enricomaciasloriental.fr\/WordPress\/enrico-macias-soiree-hommage\/"},"wordCount":144,"commentCount":0,"publisher":{"@id":"https:\/\/enricomaciasloriental.fr\/WordPress\/#\/schema\/person\/53fba112c6f4f0b335578890a816262e"},"image":{"@id":"https:\/\/enricomaciasloriental.fr\/WordPress\/enrico-macias-soiree-hommage\/#primaryimage"},"thumbnailUrl":"http:\/\/enricomaciasloriental.fr\/WordPress\/wp-content\/uploads\/\/2011\/11\/enrico.jpg","articleSection":["Actualit\u00e9s"],"inLanguage":"fr-FR","potentialAction":[{"@type":"CommentAction","name":"Comment","target":["https:\/\/enricomaciasloriental.fr\/WordPress\/enrico-macias-soiree-hommage\/#respond"]}]},{"@type":"WebPage","@id":"https:\/\/enricomaciasloriental.fr\/WordPress\/enrico-macias-soiree-hommage\/","url":"https:\/\/enricomaciasloriental.fr\/WordPress\/enrico-macias-soiree-hommage\/","name":"ENRICO MACIAS - SOIR\u00c9E HOMMAGE - ENRICO MACIAS L&#039;Oriental","isPartOf":{"@id":"https:\/\/enricomaciasloriental.fr\/WordPress\/#website"},"primaryImageOfPage":{"@id":"https:\/\/enricomaciasloriental.fr\/WordPress\/enrico-macias-soiree-hommage\/#primaryimage"},"image":{"@id":"https:\/\/enricomaciasloriental.fr\/WordPress\/enrico-macias-soiree-hommage\/#primaryimage"},"thumbnailUrl":"http:\/\/enricomaciasloriental.fr\/WordPress\/wp-content\/uploads\/\/2011\/11\/enrico.jpg","datePublished":"2011-11-23T17:03:19+00:00","dateModified":"2015-07-04T16:29:52+00:00","breadcrumb":{"@id":"https:\/\/enricomaciasloriental.fr\/WordPress\/enrico-macias-soiree-hommage\/#breadcrumb"},"inLanguage":"fr-FR","potentialAction":[{"@type":"ReadAction","target":["https:\/\/enricomaciasloriental.fr\/WordPress\/enrico-macias-soiree-hommage\/"]}]},{"@type":"ImageObject","inLanguage":"fr-FR","@id":"https:\/\/enricomaciasloriental.fr\/WordPress\/enrico-macias-soiree-hommage\/#primaryimage","url":"https:\/\/enricomaciasloriental.fr\/WordPress\/wp-content\/uploads\/\/2011\/11\/enrico.jpg","contentUrl":"https:\/\/enricomaciasloriental.fr\/WordPress\/wp-content\/uploads\/\/2011\/11\/enrico.jpg","width":"571","height":"320"},{"@type":"BreadcrumbList","@id":"https:\/\/enricomaciasloriental.fr\/WordPress\/enrico-macias-soiree-hommage\/#breadcrumb","itemListElement":[{"@type":"ListItem","position":1,"name":"Accueil","item":"https:\/\/enricomaciasloriental.fr\/WordPress\/"},{"@type":"ListItem","position":2,"name":"ENRICO MACIAS &#8211; SOIR\u00c9E HOMMAGE"}]},{"@type":"WebSite","@id":"https:\/\/enricomaciasloriental.fr\/WordPress\/#website","url":"https:\/\/enricomaciasloriental.fr\/WordPress\/","name":"ENRICO MACIAS L'Oriental","description":"IL EST COMME LE SOLEIL","publisher":{"@id":"https:\/\/enricomaciasloriental.fr\/WordPress\/#\/schema\/person\/53fba112c6f4f0b335578890a816262e"},"potentialAction":[{"@type":"SearchAction","target":{"@type":"EntryPoint","urlTemplate":"https:\/\/enricomaciasloriental.fr\/WordPress\/?s={search_term_string}"},"query-input":{"@type":"PropertyValueSpecification","valueRequired":true,"valueName":"search_term_string"}}],"inLanguage":"fr-FR"},{"@type":["Person","Organization"],"@id":"https:\/\/enricomaciasloriental.fr\/WordPress\/#\/schema\/person\/53fba112c6f4f0b335578890a816262e","name":"Loriental","image":{"@type":"ImageObject","inLanguage":"fr-FR","@id":"https:\/\/enricomaciasloriental.fr\/WordPress\/wp-content\/uploads\/\/2015\/02\/cropped-bannier_altaiir-enrico.jpg","url":"https:\/\/enricomaciasloriental.fr\/WordPress\/wp-content\/uploads\/\/2015\/02\/cropped-bannier_altaiir-enrico.jpg","contentUrl":"https:\/\/enricomaciasloriental.fr\/WordPress\/wp-content\/uploads\/\/2015\/02\/cropped-bannier_altaiir-enrico.jpg","width":1200,"height":150,"caption":"Loriental"},"logo":{"@id":"https:\/\/enricomaciasloriental.fr\/WordPress\/wp-content\/uploads\/\/2015\/02\/cropped-bannier_altaiir-enrico.jpg"},"sameAs":["http:\/\/www.enricomaciasloriental.fr\/"]}]}},"featured_image_src":"","featured_image_src_square":false,"author_info":{"display_name":"Loriental","author_link":"https:\/\/enricomaciasloriental.fr\/WordPress\/author\/admin9234\/"},"rbea_author_info":{"display_name":"Loriental","author_link":"https:\/\/enricomaciasloriental.fr\/WordPress\/author\/admin9234\/"},"rbea_excerpt_info":"H\u00f4tel Hayatt | Dimanche, 27 Novembre 2011 18:00 Une soir\u00e9e-spectacle anim\u00e9e par Sonia Benezra et Marc Kakon, pour c\u00e9l\u00e9brer \u00e0 la fois le musicien et l&rsquo;homme engag\u00e9. En pr\u00e9sence de nombreux invit\u00e9s surprise. Cet artiste et ami fran\u00e7ais qui chante &hellip;<p class=\"read-more\"> <a class=\"more-link\" href=\"https:\/\/enricomaciasloriental.fr\/WordPress\/enrico-macias-soiree-hommage\/\"> <span class=\"screen-reader-text\">ENRICO MACIAS &#8211; SOIR\u00c9E HOMMAGE<\/span> Read More &raquo;<\/a><\/p>","category_list":"<a href=\"https:\/\/enricomaciasloriental.fr\/WordPress\/category\/actualites\/\">Actualit\u00e9s<\/a>","comments_num":"0 comments","_links":{"self":[{"href":"https:\/\/enricomaciasloriental.fr\/WordPress\/wp-json\/wp\/v2\/posts\/3795","targetHints":{"allow":["GET"]}}],"collection":[{"href":"https:\/\/enricomaciasloriental.fr\/WordPress\/wp-json\/wp\/v2\/posts"}],"about":[{"href":"https:\/\/enricomaciasloriental.fr\/WordPress\/wp-json\/wp\/v2\/types\/post"}],"author":[{"embeddable":true,"href":"https:\/\/enricomaciasloriental.fr\/WordPress\/wp-json\/wp\/v2\/users\/36"}],"replies":[{"embeddable":true,"href":"https:\/\/enricomaciasloriental.fr\/WordPress\/wp-json\/wp\/v2\/comments?post=3795"}],"version-history":[{"count":0,"href":"https:\/\/enricomaciasloriental.fr\/WordPress\/wp-json\/wp\/v2\/posts\/3795\/revisions"}],"wp:attachment":[{"href":"https:\/\/enricomaciasloriental.fr\/WordPress\/wp-json\/wp\/v2\/media?parent=3795"}],"wp:term":[{"taxonomy":"category","embeddable":true,"href":"https:\/\/enricomaciasloriental.fr\/WordPress\/wp-json\/wp\/v2\/categories?post=3795"},{"taxonomy":"post_tag","embeddable":true,"href":"https:\/\/enricomaciasloriental.fr\/WordPress\/wp-json\/wp\/v2\/tags?post=3795"}],"curies":[{"name":"wp","href":"https:\/\/api.w.org\/{rel}","templated":true}]}}