{"id":3803,"date":"2011-11-25T20:04:05","date_gmt":"2011-11-25T19:04:05","guid":{"rendered":"http:\/\/enricomaciasloriental.fr\/WordPress\/?p=3803"},"modified":"2011-11-25T20:07:14","modified_gmt":"2011-11-25T19:07:14","slug":"montreal-souligne-la-venue-denrico-macias","status":"publish","type":"post","link":"https:\/\/enricomaciasloriental.fr\/WordPress\/montreal-souligne-la-venue-denrico-macias\/","title":{"rendered":"Montr\u00e9al souligne la venue d&rsquo;Enrico Macias"},"content":{"rendered":"<div id=\"ReleaseContent\">\n<p>MONTR\u00c9AL, le 25 nov. 2011 \/CNW Telbec\/ &#8211; Le maire de Montr\u00e9al, M. G\u00e9rald Tremblay, a re\u00e7u aujourd&rsquo;hui \u00e0 l&rsquo;h\u00f4tel de Ville M. Enrico Macias, qui s\u00e9journe pr\u00e9sentement dans la m\u00e9tropole dans le cadre du Festival S\u00e9farade de Montr\u00e9al 2011. Pour l&rsquo;occasion, M. Macias a sign\u00e9 le livre d&rsquo;or de la Ville, puis un certificat de reconnaissance et une sculpture l&rsquo;<em>Homme de la paix<\/em> lui ont \u00e9t\u00e9 remis. Chanteur, compositeur, artiste et ambassadeur de la paix \u00e0 l&rsquo;ONU, Enrico Macias a marqu\u00e9 la chanson fran\u00e7aise gr\u00e2ce \u00e0 son talent artistique et \u00e0 une s\u00e9rie de succ\u00e8s populaires, en plus de s&rsquo;investir avec conviction dans la promotion de la paix entre les peuples.<\/p>\n<p>\u00ab Quel plaisir que d&rsquo;accueillir \u00e0 Montr\u00e9al un homme qui, non seulement a laiss\u00e9 son empreinte dans le monde de la musique, mais qui a \u00e9galement \u0153uvr\u00e9 afin de faire de notre plan\u00e8te un monde plus harmonieux. Ses qualit\u00e9s d&rsquo;ambassadeur de la paix sont inspirantes et se conjuguent parfaitement avec les valeurs de respect et d&rsquo;ouverture qui sont souvent associ\u00e9es \u00e0 notre m\u00e9tropole et aux gens qui y habitent. Le Charte montr\u00e9alaise des droits et responsabilit\u00e9s est d&rsquo;ailleurs un bon exemple de ces valeurs, notre m\u00e9tropole \u00e9tant la premi\u00e8re ville nord-am\u00e9ricaine \u00e0 se doter d&rsquo;une charte municipale des droits et responsabilit\u00e9s \u00bb, a indiqu\u00e9 le maire de Montr\u00e9al.<\/p>\n<p>Figure marquante de la chanson fran\u00e7aise des ann\u00e9es soixante, Enrico Macias c\u00e9l\u00e8bre ses 50 ans de carri\u00e8re artistique \u00e0 l&rsquo;occasion du Festival annuel S\u00e9farade de Montr\u00e9al. Humaniste reconnu, Enrico Macias \u0153uvre \u00e0 la promotion de la paix et a particip\u00e9 \u00e0 plusieurs missions men\u00e9es par diverses organisations, dont l&rsquo;UNESCO. En outre, il fut nomm\u00e9 Ambassadeur de la paix en 1997 par Kofi Annan, alors secr\u00e9taire g\u00e9n\u00e9ral des Nations Unies et se vit remettre la L\u00e9gion d&rsquo;honneur en 1985 par le gouvernement fran\u00e7ais.<\/p>\n<p><strong>\u00c0 propos du Festival S\u00e9farade de Montr\u00e9al<\/strong><br \/>\nFen\u00eatre grande ouverte sur la beaut\u00e9 artistique de la communaut\u00e9 s\u00e9farade, le Festival revient cette ann\u00e9e en force avec un \u00e9ventail de spectacles et d&rsquo;\u00e9v\u00e9nements originaux \u00e0 ne pas manquer. L&rsquo;\u00e9dition 2011, qui se tient du 12 au 27 novembre, met en \u00e9vidence l&rsquo;apport important de la culture s\u00e9farade sous toutes ses formes et ses couleurs.<\/p>\n<\/div>\n","protected":false},"excerpt":{"rendered":"<p>MONTR\u00c9AL, le 25 nov. 2011 \/CNW Telbec\/ &#8211; Le maire de Montr\u00e9al, M. G\u00e9rald Tremblay, a re\u00e7u aujourd&rsquo;hui \u00e0 l&rsquo;h\u00f4tel de Ville M. Enrico Macias, qui s\u00e9journe pr\u00e9sentement dans la m\u00e9tropole dans le cadre du Festival S\u00e9farade de Montr\u00e9al 2011. &hellip;<\/p>\n<p class=\"read-more\"> <a class=\"more-link\" href=\"https:\/\/enricomaciasloriental.fr\/WordPress\/montreal-souligne-la-venue-denrico-macias\/\"> <span class=\"screen-reader-text\">Montr\u00e9al souligne la venue d&rsquo;Enrico Macias<\/span> Read More &raquo;<\/a><\/p>\n","protected":false},"author":36,"featured_media":0,"comment_status":"open","ping_status":"open","sticky":false,"template":"","format":"standard","meta":{"footnotes":""},"categories":[1],"tags":[],"class_list":["post-3803","post","type-post","status-publish","format-standard","hentry","category-actualites"],"yoast_head":"<!-- This site is optimized with the Yoast SEO plugin v27.4 - https:\/\/yoast.com\/product\/yoast-seo-wordpress\/ -->\n<title>Montr\u00e9al souligne la venue d&#039;Enrico Macias - ENRICO MACIAS L&#039;Oriental<\/title>\n<meta name=\"robots\" content=\"index, follow, max-snippet:-1, max-image-preview:large, max-video-preview:-1\" \/>\n<link rel=\"canonical\" href=\"https:\/\/enricomaciasloriental.fr\/WordPress\/montreal-souligne-la-venue-denrico-macias\/\" \/>\n<meta property=\"og:locale\" content=\"fr_FR\" \/>\n<meta property=\"og:type\" content=\"article\" \/>\n<meta property=\"og:title\" content=\"Montr\u00e9al souligne la venue d&#039;Enrico Macias - ENRICO MACIAS L&#039;Oriental\" \/>\n<meta property=\"og:description\" content=\"MONTR\u00c9AL, le 25 nov. 2011 \/CNW Telbec\/ &#8211; Le maire de Montr\u00e9al, M. G\u00e9rald Tremblay, a re\u00e7u aujourd&rsquo;hui \u00e0 l&rsquo;h\u00f4tel de Ville M. Enrico Macias, qui s\u00e9journe pr\u00e9sentement dans la m\u00e9tropole dans le cadre du Festival S\u00e9farade de Montr\u00e9al 2011. &hellip; Montr\u00e9al souligne la venue d&rsquo;Enrico Macias Read More &raquo;\" \/>\n<meta property=\"og:url\" content=\"https:\/\/enricomaciasloriental.fr\/WordPress\/montreal-souligne-la-venue-denrico-macias\/\" \/>\n<meta property=\"og:site_name\" content=\"ENRICO MACIAS L&#039;Oriental\" \/>\n<meta property=\"article:published_time\" content=\"2011-11-25T19:04:05+00:00\" \/>\n<meta property=\"article:modified_time\" content=\"2011-11-25T19:07:14+00:00\" \/>\n<meta property=\"og:image\" content=\"https:\/\/enricomaciasloriental.fr\/WordPress\/wp-content\/uploads\/\/2019\/02\/article-902.jpg\" \/>\n\t<meta property=\"og:image:width\" content=\"700\" \/>\n\t<meta property=\"og:image:height\" content=\"497\" \/>\n\t<meta property=\"og:image:type\" content=\"image\/jpeg\" \/>\n<meta name=\"author\" content=\"Loriental\" \/>\n<meta name=\"twitter:card\" content=\"summary_large_image\" \/>\n<meta name=\"twitter:label1\" content=\"\u00c9crit par\" \/>\n\t<meta name=\"twitter:data1\" content=\"Loriental\" \/>\n\t<meta name=\"twitter:label2\" content=\"Dur\u00e9e de lecture estim\u00e9e\" \/>\n\t<meta name=\"twitter:data2\" content=\"2 minutes\" \/>\n<script type=\"application\/ld+json\" class=\"yoast-schema-graph\">{\"@context\":\"https:\\\/\\\/schema.org\",\"@graph\":[{\"@type\":\"Article\",\"@id\":\"https:\\\/\\\/enricomaciasloriental.fr\\\/WordPress\\\/montreal-souligne-la-venue-denrico-macias\\\/#article\",\"isPartOf\":{\"@id\":\"https:\\\/\\\/enricomaciasloriental.fr\\\/WordPress\\\/montreal-souligne-la-venue-denrico-macias\\\/\"},\"author\":{\"name\":\"Loriental\",\"@id\":\"https:\\\/\\\/enricomaciasloriental.fr\\\/WordPress\\\/#\\\/schema\\\/person\\\/53fba112c6f4f0b335578890a816262e\"},\"headline\":\"Montr\u00e9al souligne la venue d&rsquo;Enrico Macias\",\"datePublished\":\"2011-11-25T19:04:05+00:00\",\"dateModified\":\"2011-11-25T19:07:14+00:00\",\"mainEntityOfPage\":{\"@id\":\"https:\\\/\\\/enricomaciasloriental.fr\\\/WordPress\\\/montreal-souligne-la-venue-denrico-macias\\\/\"},\"wordCount\":414,\"commentCount\":0,\"publisher\":{\"@id\":\"https:\\\/\\\/enricomaciasloriental.fr\\\/WordPress\\\/#\\\/schema\\\/person\\\/53fba112c6f4f0b335578890a816262e\"},\"articleSection\":[\"Actualit\u00e9s\"],\"inLanguage\":\"fr-FR\",\"potentialAction\":[{\"@type\":\"CommentAction\",\"name\":\"Comment\",\"target\":[\"https:\\\/\\\/enricomaciasloriental.fr\\\/WordPress\\\/montreal-souligne-la-venue-denrico-macias\\\/#respond\"]}]},{\"@type\":\"WebPage\",\"@id\":\"https:\\\/\\\/enricomaciasloriental.fr\\\/WordPress\\\/montreal-souligne-la-venue-denrico-macias\\\/\",\"url\":\"https:\\\/\\\/enricomaciasloriental.fr\\\/WordPress\\\/montreal-souligne-la-venue-denrico-macias\\\/\",\"name\":\"Montr\u00e9al souligne la venue d'Enrico Macias - ENRICO MACIAS L&#039;Oriental\",\"isPartOf\":{\"@id\":\"https:\\\/\\\/enricomaciasloriental.fr\\\/WordPress\\\/#website\"},\"datePublished\":\"2011-11-25T19:04:05+00:00\",\"dateModified\":\"2011-11-25T19:07:14+00:00\",\"breadcrumb\":{\"@id\":\"https:\\\/\\\/enricomaciasloriental.fr\\\/WordPress\\\/montreal-souligne-la-venue-denrico-macias\\\/#breadcrumb\"},\"inLanguage\":\"fr-FR\",\"potentialAction\":[{\"@type\":\"ReadAction\",\"target\":[\"https:\\\/\\\/enricomaciasloriental.fr\\\/WordPress\\\/montreal-souligne-la-venue-denrico-macias\\\/\"]}]},{\"@type\":\"BreadcrumbList\",\"@id\":\"https:\\\/\\\/enricomaciasloriental.fr\\\/WordPress\\\/montreal-souligne-la-venue-denrico-macias\\\/#breadcrumb\",\"itemListElement\":[{\"@type\":\"ListItem\",\"position\":1,\"name\":\"Accueil\",\"item\":\"https:\\\/\\\/enricomaciasloriental.fr\\\/WordPress\\\/\"},{\"@type\":\"ListItem\",\"position\":2,\"name\":\"Montr\u00e9al souligne la venue d&rsquo;Enrico Macias\"}]},{\"@type\":\"WebSite\",\"@id\":\"https:\\\/\\\/enricomaciasloriental.fr\\\/WordPress\\\/#website\",\"url\":\"https:\\\/\\\/enricomaciasloriental.fr\\\/WordPress\\\/\",\"name\":\"ENRICO MACIAS L'Oriental\",\"description\":\"IL EST COMME LE SOLEIL\",\"publisher\":{\"@id\":\"https:\\\/\\\/enricomaciasloriental.fr\\\/WordPress\\\/#\\\/schema\\\/person\\\/53fba112c6f4f0b335578890a816262e\"},\"potentialAction\":[{\"@type\":\"SearchAction\",\"target\":{\"@type\":\"EntryPoint\",\"urlTemplate\":\"https:\\\/\\\/enricomaciasloriental.fr\\\/WordPress\\\/?s={search_term_string}\"},\"query-input\":{\"@type\":\"PropertyValueSpecification\",\"valueRequired\":true,\"valueName\":\"search_term_string\"}}],\"inLanguage\":\"fr-FR\"},{\"@type\":[\"Person\",\"Organization\"],\"@id\":\"https:\\\/\\\/enricomaciasloriental.fr\\\/WordPress\\\/#\\\/schema\\\/person\\\/53fba112c6f4f0b335578890a816262e\",\"name\":\"Loriental\",\"image\":{\"@type\":\"ImageObject\",\"inLanguage\":\"fr-FR\",\"@id\":\"https:\\\/\\\/enricomaciasloriental.fr\\\/WordPress\\\/wp-content\\\/uploads\\\/\\\/2015\\\/02\\\/cropped-bannier_altaiir-enrico.jpg\",\"url\":\"https:\\\/\\\/enricomaciasloriental.fr\\\/WordPress\\\/wp-content\\\/uploads\\\/\\\/2015\\\/02\\\/cropped-bannier_altaiir-enrico.jpg\",\"contentUrl\":\"https:\\\/\\\/enricomaciasloriental.fr\\\/WordPress\\\/wp-content\\\/uploads\\\/\\\/2015\\\/02\\\/cropped-bannier_altaiir-enrico.jpg\",\"width\":1200,\"height\":150,\"caption\":\"Loriental\"},\"logo\":{\"@id\":\"https:\\\/\\\/enricomaciasloriental.fr\\\/WordPress\\\/wp-content\\\/uploads\\\/\\\/2015\\\/02\\\/cropped-bannier_altaiir-enrico.jpg\"},\"sameAs\":[\"http:\\\/\\\/www.enricomaciasloriental.fr\\\/\"]}]}<\/script>\n<!-- \/ Yoast SEO plugin. -->","yoast_head_json":{"title":"Montr\u00e9al souligne la venue d'Enrico Macias - ENRICO MACIAS L&#039;Oriental","robots":{"index":"index","follow":"follow","max-snippet":"max-snippet:-1","max-image-preview":"max-image-preview:large","max-video-preview":"max-video-preview:-1"},"canonical":"https:\/\/enricomaciasloriental.fr\/WordPress\/montreal-souligne-la-venue-denrico-macias\/","og_locale":"fr_FR","og_type":"article","og_title":"Montr\u00e9al souligne la venue d'Enrico Macias - ENRICO MACIAS L&#039;Oriental","og_description":"MONTR\u00c9AL, le 25 nov. 2011 \/CNW Telbec\/ &#8211; Le maire de Montr\u00e9al, M. G\u00e9rald Tremblay, a re\u00e7u aujourd&rsquo;hui \u00e0 l&rsquo;h\u00f4tel de Ville M. Enrico Macias, qui s\u00e9journe pr\u00e9sentement dans la m\u00e9tropole dans le cadre du Festival S\u00e9farade de Montr\u00e9al 2011. &hellip; Montr\u00e9al souligne la venue d&rsquo;Enrico Macias Read More &raquo;","og_url":"https:\/\/enricomaciasloriental.fr\/WordPress\/montreal-souligne-la-venue-denrico-macias\/","og_site_name":"ENRICO MACIAS L&#039;Oriental","article_published_time":"2011-11-25T19:04:05+00:00","article_modified_time":"2011-11-25T19:07:14+00:00","og_image":[{"width":700,"height":497,"url":"https:\/\/enricomaciasloriental.fr\/WordPress\/wp-content\/uploads\/\/2019\/02\/article-902.jpg","type":"image\/jpeg"}],"author":"Loriental","twitter_card":"summary_large_image","twitter_misc":{"\u00c9crit par":"Loriental","Dur\u00e9e de lecture estim\u00e9e":"2 minutes"},"schema":{"@context":"https:\/\/schema.org","@graph":[{"@type":"Article","@id":"https:\/\/enricomaciasloriental.fr\/WordPress\/montreal-souligne-la-venue-denrico-macias\/#article","isPartOf":{"@id":"https:\/\/enricomaciasloriental.fr\/WordPress\/montreal-souligne-la-venue-denrico-macias\/"},"author":{"name":"Loriental","@id":"https:\/\/enricomaciasloriental.fr\/WordPress\/#\/schema\/person\/53fba112c6f4f0b335578890a816262e"},"headline":"Montr\u00e9al souligne la venue d&rsquo;Enrico Macias","datePublished":"2011-11-25T19:04:05+00:00","dateModified":"2011-11-25T19:07:14+00:00","mainEntityOfPage":{"@id":"https:\/\/enricomaciasloriental.fr\/WordPress\/montreal-souligne-la-venue-denrico-macias\/"},"wordCount":414,"commentCount":0,"publisher":{"@id":"https:\/\/enricomaciasloriental.fr\/WordPress\/#\/schema\/person\/53fba112c6f4f0b335578890a816262e"},"articleSection":["Actualit\u00e9s"],"inLanguage":"fr-FR","potentialAction":[{"@type":"CommentAction","name":"Comment","target":["https:\/\/enricomaciasloriental.fr\/WordPress\/montreal-souligne-la-venue-denrico-macias\/#respond"]}]},{"@type":"WebPage","@id":"https:\/\/enricomaciasloriental.fr\/WordPress\/montreal-souligne-la-venue-denrico-macias\/","url":"https:\/\/enricomaciasloriental.fr\/WordPress\/montreal-souligne-la-venue-denrico-macias\/","name":"Montr\u00e9al souligne la venue d'Enrico Macias - ENRICO MACIAS L&#039;Oriental","isPartOf":{"@id":"https:\/\/enricomaciasloriental.fr\/WordPress\/#website"},"datePublished":"2011-11-25T19:04:05+00:00","dateModified":"2011-11-25T19:07:14+00:00","breadcrumb":{"@id":"https:\/\/enricomaciasloriental.fr\/WordPress\/montreal-souligne-la-venue-denrico-macias\/#breadcrumb"},"inLanguage":"fr-FR","potentialAction":[{"@type":"ReadAction","target":["https:\/\/enricomaciasloriental.fr\/WordPress\/montreal-souligne-la-venue-denrico-macias\/"]}]},{"@type":"BreadcrumbList","@id":"https:\/\/enricomaciasloriental.fr\/WordPress\/montreal-souligne-la-venue-denrico-macias\/#breadcrumb","itemListElement":[{"@type":"ListItem","position":1,"name":"Accueil","item":"https:\/\/enricomaciasloriental.fr\/WordPress\/"},{"@type":"ListItem","position":2,"name":"Montr\u00e9al souligne la venue d&rsquo;Enrico Macias"}]},{"@type":"WebSite","@id":"https:\/\/enricomaciasloriental.fr\/WordPress\/#website","url":"https:\/\/enricomaciasloriental.fr\/WordPress\/","name":"ENRICO MACIAS L'Oriental","description":"IL EST COMME LE SOLEIL","publisher":{"@id":"https:\/\/enricomaciasloriental.fr\/WordPress\/#\/schema\/person\/53fba112c6f4f0b335578890a816262e"},"potentialAction":[{"@type":"SearchAction","target":{"@type":"EntryPoint","urlTemplate":"https:\/\/enricomaciasloriental.fr\/WordPress\/?s={search_term_string}"},"query-input":{"@type":"PropertyValueSpecification","valueRequired":true,"valueName":"search_term_string"}}],"inLanguage":"fr-FR"},{"@type":["Person","Organization"],"@id":"https:\/\/enricomaciasloriental.fr\/WordPress\/#\/schema\/person\/53fba112c6f4f0b335578890a816262e","name":"Loriental","image":{"@type":"ImageObject","inLanguage":"fr-FR","@id":"https:\/\/enricomaciasloriental.fr\/WordPress\/wp-content\/uploads\/\/2015\/02\/cropped-bannier_altaiir-enrico.jpg","url":"https:\/\/enricomaciasloriental.fr\/WordPress\/wp-content\/uploads\/\/2015\/02\/cropped-bannier_altaiir-enrico.jpg","contentUrl":"https:\/\/enricomaciasloriental.fr\/WordPress\/wp-content\/uploads\/\/2015\/02\/cropped-bannier_altaiir-enrico.jpg","width":1200,"height":150,"caption":"Loriental"},"logo":{"@id":"https:\/\/enricomaciasloriental.fr\/WordPress\/wp-content\/uploads\/\/2015\/02\/cropped-bannier_altaiir-enrico.jpg"},"sameAs":["http:\/\/www.enricomaciasloriental.fr\/"]}]}},"featured_image_src":"","featured_image_src_square":false,"author_info":{"display_name":"Loriental","author_link":"https:\/\/enricomaciasloriental.fr\/WordPress\/author\/admin9234\/"},"rbea_author_info":{"display_name":"Loriental","author_link":"https:\/\/enricomaciasloriental.fr\/WordPress\/author\/admin9234\/"},"rbea_excerpt_info":"MONTR\u00c9AL, le 25 nov. 2011 \/CNW Telbec\/ &#8211; Le maire de Montr\u00e9al, M. G\u00e9rald Tremblay, a re\u00e7u aujourd&rsquo;hui \u00e0 l&rsquo;h\u00f4tel de Ville M. Enrico Macias, qui s\u00e9journe pr\u00e9sentement dans la m\u00e9tropole dans le cadre du Festival S\u00e9farade de Montr\u00e9al 2011. &hellip;<p class=\"read-more\"> <a class=\"more-link\" href=\"https:\/\/enricomaciasloriental.fr\/WordPress\/montreal-souligne-la-venue-denrico-macias\/\"> <span class=\"screen-reader-text\">Montr\u00e9al souligne la venue d&rsquo;Enrico Macias<\/span> Read More &raquo;<\/a><\/p>","category_list":"<a href=\"https:\/\/enricomaciasloriental.fr\/WordPress\/category\/actualites\/\">Actualit\u00e9s<\/a>","comments_num":"0 comments","_links":{"self":[{"href":"https:\/\/enricomaciasloriental.fr\/WordPress\/wp-json\/wp\/v2\/posts\/3803","targetHints":{"allow":["GET"]}}],"collection":[{"href":"https:\/\/enricomaciasloriental.fr\/WordPress\/wp-json\/wp\/v2\/posts"}],"about":[{"href":"https:\/\/enricomaciasloriental.fr\/WordPress\/wp-json\/wp\/v2\/types\/post"}],"author":[{"embeddable":true,"href":"https:\/\/enricomaciasloriental.fr\/WordPress\/wp-json\/wp\/v2\/users\/36"}],"replies":[{"embeddable":true,"href":"https:\/\/enricomaciasloriental.fr\/WordPress\/wp-json\/wp\/v2\/comments?post=3803"}],"version-history":[{"count":0,"href":"https:\/\/enricomaciasloriental.fr\/WordPress\/wp-json\/wp\/v2\/posts\/3803\/revisions"}],"wp:attachment":[{"href":"https:\/\/enricomaciasloriental.fr\/WordPress\/wp-json\/wp\/v2\/media?parent=3803"}],"wp:term":[{"taxonomy":"category","embeddable":true,"href":"https:\/\/enricomaciasloriental.fr\/WordPress\/wp-json\/wp\/v2\/categories?post=3803"},{"taxonomy":"post_tag","embeddable":true,"href":"https:\/\/enricomaciasloriental.fr\/WordPress\/wp-json\/wp\/v2\/tags?post=3803"}],"curies":[{"name":"wp","href":"https:\/\/api.w.org\/{rel}","templated":true}]}}